{"id":162457,"date":"2025-08-07T18:00:34","date_gmt":"2025-08-08T00:00:34","guid":{"rendered":"https:\/\/elotroenfoque.mx\/?p=162457"},"modified":"2025-08-07T17:07:08","modified_gmt":"2025-08-07T23:07:08","slug":"silao-refuerza-profesionalizacion-policial-con-seminario-de-derechos-humanos","status":"publish","type":"post","link":"https:\/\/elotroenfoque.mx\/index.php\/2025\/08\/07\/silao-refuerza-profesionalizacion-policial-con-seminario-de-derechos-humanos\/","title":{"rendered":"Silao refuerza profesionalizaci\u00f3n policial con seminario de derechos humanos"},"content":{"rendered":"<p data-start=\"255\" data-end=\"587\">Elementos de la Secretar\u00eda de Seguridad Ciudadana y del \u00e1rea de <strong data-start=\"342\" data-end=\"364\">Tr\u00e1nsito Municipal<\/strong> iniciaron el <strong data-start=\"378\" data-end=\"442\">Seminario de Derechos Humanos Aplicado a la Funci\u00f3n Policial<\/strong>, un curso intensivo de cuatro d\u00edas que busca fortalecer la <strong data-start=\"502\" data-end=\"549\">colaboraci\u00f3n entre autoridades y ciudadan\u00eda<\/strong> mediante la capacitaci\u00f3n profesional.<\/p>\n<p data-start=\"589\" data-end=\"901\">En este ejercicio participan <strong data-start=\"618\" data-end=\"642\">25 mandos policiales<\/strong>, 10 agentes de tr\u00e1nsito y personal jur\u00eddico del <strong data-start=\"691\" data-end=\"709\">Juzgado C\u00edvico<\/strong>, quienes analizar\u00e1n temas clave como los <strong data-start=\"751\" data-end=\"787\">protocolos de actuaci\u00f3n policial<\/strong>, el <strong data-start=\"792\" data-end=\"825\">uso proporcional de la fuerza<\/strong> y el respeto irrestricto a los <strong data-start=\"857\" data-end=\"877\">derechos humanos<\/strong> en sus labores diarias.<\/p>\n<p data-start=\"589\" data-end=\"901\"><img loading=\"lazy\" decoding=\"async\" class=\"alignnone size-medium wp-image-162459\" src=\"https:\/\/elotroenfoque.mx\/wp-content\/uploads\/2025\/08\/capacitan-a-policias-de-silao-2-300x225.jpeg\" alt=\"\" width=\"300\" height=\"225\" srcset=\"https:\/\/elotroenfoque.mx\/wp-content\/uploads\/2025\/08\/capacitan-a-policias-de-silao-2-300x225.jpeg 300w, https:\/\/elotroenfoque.mx\/wp-content\/uploads\/2025\/08\/capacitan-a-policias-de-silao-2-1024x768.jpeg 1024w, https:\/\/elotroenfoque.mx\/wp-content\/uploads\/2025\/08\/capacitan-a-policias-de-silao-2-768x576.jpeg 768w, https:\/\/elotroenfoque.mx\/wp-content\/uploads\/2025\/08\/capacitan-a-policias-de-silao-2-1536x1152.jpeg 1536w, https:\/\/elotroenfoque.mx\/wp-content\/uploads\/2025\/08\/capacitan-a-policias-de-silao-2-2048x1536.jpeg 2048w\" sizes=\"auto, (max-width: 300px) 100vw, 300px\" \/><\/p>\n<p data-start=\"903\" data-end=\"1239\">El \u00c1rea T\u00e9cnica de la Secretar\u00eda de Seguridad Ciudadana destac\u00f3 que este seminario representa un paso m\u00e1s en la <strong data-start=\"1015\" data-end=\"1054\">ruta de profesionalizaci\u00f3n continua<\/strong> y que elevar\u00e1 los est\u00e1ndares de <strong data-start=\"1087\" data-end=\"1109\">atenci\u00f3n ciudadana<\/strong> en el municipio. La formaci\u00f3n constante se reconoce como una herramienta indispensable para generar instituciones m\u00e1s confiables.<\/p>\n<p data-start=\"903\" data-end=\"1239\">Tambi\u00e9n lee: <a href=\"https:\/\/elotroenfoque.mx\/index.php\/2025\/08\/07\/nino-de-5-anos-asesinado-por-deuda-de-mil-pesos-en-edomex-tres-detenidos\/\"><strong>Ni\u00f1o de 5 asesinado por deuda de mil pesos en Edomex; hay 3 detenidos<\/strong><\/a><\/p>\n<p data-start=\"1241\" data-end=\"1558\">\u201c<strong data-start=\"1242\" data-end=\"1288\">Una polic\u00eda capacitada en derechos humanos<\/strong> es una polic\u00eda m\u00e1s cercana, m\u00e1s fuerte y mejor preparada para proteger\u201d, afirm\u00f3 Raymundo Olmedo, acad\u00e9mico y titular del \u00e1rea de <strong data-start=\"1418\" data-end=\"1438\">Derechos Humanos<\/strong>, quien dirige el seminario. Con ello se busca consolidar una cultura de servicio con base en la legalidad y la empat\u00eda.<\/p>\n<p data-start=\"1241\" data-end=\"1558\"><img loading=\"lazy\" decoding=\"async\" class=\"alignnone size-medium wp-image-162460\" src=\"https:\/\/elotroenfoque.mx\/wp-content\/uploads\/2025\/08\/capacitan-a-policias-de-silao-3-300x225.jpeg\" alt=\"\" width=\"300\" height=\"225\" srcset=\"https:\/\/elotroenfoque.mx\/wp-content\/uploads\/2025\/08\/capacitan-a-policias-de-silao-3-300x225.jpeg 300w, https:\/\/elotroenfoque.mx\/wp-content\/uploads\/2025\/08\/capacitan-a-policias-de-silao-3-1024x768.jpeg 1024w, https:\/\/elotroenfoque.mx\/wp-content\/uploads\/2025\/08\/capacitan-a-policias-de-silao-3-768x576.jpeg 768w, https:\/\/elotroenfoque.mx\/wp-content\/uploads\/2025\/08\/capacitan-a-policias-de-silao-3-1536x1152.jpeg 1536w, https:\/\/elotroenfoque.mx\/wp-content\/uploads\/2025\/08\/capacitan-a-policias-de-silao-3-2048x1536.jpeg 2048w\" sizes=\"auto, (max-width: 300px) 100vw, 300px\" \/><\/p>\n<p data-start=\"1560\" data-end=\"1765\">El Gobierno Municipal de Silao refrenda as\u00ed su compromiso con una <strong data-start=\"1626\" data-end=\"1650\">gesti\u00f3n transparente<\/strong>, donde el enfoque en derechos humanos y el profesionalismo policial se traduzcan en mayor <strong data-start=\"1741\" data-end=\"1764\">confianza ciudadana<\/strong>.<\/p>\n<p data-start=\"1767\" data-end=\"1951\">La Secretar\u00eda reiter\u00f3 que la <strong data-start=\"1796\" data-end=\"1821\">capacitaci\u00f3n continua<\/strong> no es opcional sino una prioridad estrat\u00e9gica, ya que &#8220;la confianza ciudadana se construye con hechos y con formaci\u00f3n constante&#8221;.<\/p>\n<p data-start=\"1767\" data-end=\"1951\"><a href=\"https:\/\/www.tiktok.com\/@elotroenfoque\/video\/7521931568865217810?_r=1&amp;_t=ZS-8xeh92v0PRA\"><strong>Sigue tambi\u00e9n las noticias en TikTok<\/strong><\/a><\/p>\n","protected":false},"excerpt":{"rendered":"<p>Elementos de la Secretar\u00eda de Seguridad Ciudadana y del \u00e1rea de Tr\u00e1nsito Municipal iniciaron el Seminario de Derechos Humanos Aplicado a la Funci\u00f3n Policial, un curso intensivo de cuatro d\u00edas que busca fortalecer la colaboraci\u00f3n entre autoridades y ciudadan\u00eda mediante la capacitaci\u00f3n profesional. En este ejercicio participan 25 mandos policiales, 10 agentes de tr\u00e1nsito y&#8230;<\/p>\n","protected":false},"author":4,"featured_media":162458,"comment_status":"open","ping_status":"open","sticky":false,"template":"","format":"standard","meta":{"footnotes":""},"categories":[2],"tags":[13,4517],"class_list":["post-162457","post","type-post","status-publish","format-standard","has-post-thumbnail","hentry","category-noticias","tag-guanajuato","tag-noticias-guanajuato"],"yoast_head":"<!-- This site is optimized with the Yoast SEO plugin v28.2 - https:\/\/yoast.com\/product\/yoast-seo-wordpress\/ -->\n<title>Silao refuerza profesionalizaci\u00f3n policial con seminario de derechos humanos - El otro enfoque<\/title>\n<meta name=\"description\" content=\"Silao fortalece la profesionalizaci\u00f3n de su Polic\u00eda Municipal con un seminario intensivo sobre derechos humanos, uso de la fuerza y protocolos de actuaci\u00f3n.\" \/>\n<meta name=\"robots\" content=\"index, follow, max-snippet:-1, max-image-preview:large, max-video-preview:-1\" \/>\n<link rel=\"canonical\" href=\"https:\/\/elotroenfoque.mx\/index.php\/2025\/08\/07\/silao-refuerza-profesionalizacion-policial-con-seminario-de-derechos-humanos\/\" \/>\n<meta property=\"og:locale\" content=\"es_MX\" \/>\n<meta property=\"og:type\" content=\"article\" \/>\n<meta property=\"og:title\" content=\"Silao refuerza profesionalizaci\u00f3n policial con seminario de derechos humanos - El otro enfoque\" \/>\n<meta property=\"og:description\" content=\"Silao fortalece la profesionalizaci\u00f3n de su Polic\u00eda Municipal con un seminario intensivo sobre derechos humanos, uso de la fuerza y protocolos de actuaci\u00f3n.\" \/>\n<meta property=\"og:url\" content=\"https:\/\/elotroenfoque.mx\/index.php\/2025\/08\/07\/silao-refuerza-profesionalizacion-policial-con-seminario-de-derechos-humanos\/\" \/>\n<meta property=\"og:site_name\" content=\"El otro enfoque\" \/>\n<meta property=\"article:published_time\" content=\"2025-08-08T00:00:34+00:00\" \/>\n<meta property=\"og:image\" content=\"https:\/\/elotroenfoque.mx\/wp-content\/uploads\/2025\/08\/capacitan-a-policias-de-silao-1-scaled.jpeg\" \/>\n\t<meta property=\"og:image:width\" content=\"2560\" \/>\n\t<meta property=\"og:image:height\" content=\"1920\" \/>\n\t<meta property=\"og:image:type\" content=\"image\/jpeg\" \/>\n<meta name=\"author\" content=\"Equipo Redaccion\" \/>\n<meta name=\"twitter:card\" content=\"summary_large_image\" \/>\n<meta name=\"twitter:label1\" content=\"Escrito por\" \/>\n\t<meta name=\"twitter:data1\" content=\"Equipo Redaccion\" \/>\n\t<meta name=\"twitter:label2\" content=\"Tiempo de lectura\" \/>\n\t<meta name=\"twitter:data2\" content=\"2 minutos\" \/>\n<script type=\"application\/ld+json\" class=\"yoast-schema-graph\">{\"@context\":\"https:\\\/\\\/schema.org\",\"@graph\":[{\"@type\":\"Article\",\"@id\":\"https:\\\/\\\/elotroenfoque.mx\\\/index.php\\\/2025\\\/08\\\/07\\\/silao-refuerza-profesionalizacion-policial-con-seminario-de-derechos-humanos\\\/#article\",\"isPartOf\":{\"@id\":\"https:\\\/\\\/elotroenfoque.mx\\\/index.php\\\/2025\\\/08\\\/07\\\/silao-refuerza-profesionalizacion-policial-con-seminario-de-derechos-humanos\\\/\"},\"author\":{\"name\":\"Equipo Redaccion\",\"@id\":\"https:\\\/\\\/elotroenfoque.mx\\\/#\\\/schema\\\/person\\\/8eb322f84d0bd9f337e462905519a1ae\"},\"headline\":\"Silao refuerza profesionalizaci\u00f3n policial con seminario de derechos humanos\",\"datePublished\":\"2025-08-08T00:00:34+00:00\",\"mainEntityOfPage\":{\"@id\":\"https:\\\/\\\/elotroenfoque.mx\\\/index.php\\\/2025\\\/08\\\/07\\\/silao-refuerza-profesionalizacion-policial-con-seminario-de-derechos-humanos\\\/\"},\"wordCount\":304,\"commentCount\":0,\"image\":{\"@id\":\"https:\\\/\\\/elotroenfoque.mx\\\/index.php\\\/2025\\\/08\\\/07\\\/silao-refuerza-profesionalizacion-policial-con-seminario-de-derechos-humanos\\\/#primaryimage\"},\"thumbnailUrl\":\"https:\\\/\\\/elotroenfoque.mx\\\/wp-content\\\/uploads\\\/2025\\\/08\\\/capacitan-a-policias-de-silao-1-scaled.jpeg\",\"keywords\":[\"Guanajuato\",\"Noticias Guanajuato\"],\"articleSection\":[\"Noticias\"],\"inLanguage\":\"es\",\"potentialAction\":[{\"@type\":\"CommentAction\",\"name\":\"Comment\",\"target\":[\"https:\\\/\\\/elotroenfoque.mx\\\/index.php\\\/2025\\\/08\\\/07\\\/silao-refuerza-profesionalizacion-policial-con-seminario-de-derechos-humanos\\\/#respond\"]}]},{\"@type\":\"WebPage\",\"@id\":\"https:\\\/\\\/elotroenfoque.mx\\\/index.php\\\/2025\\\/08\\\/07\\\/silao-refuerza-profesionalizacion-policial-con-seminario-de-derechos-humanos\\\/\",\"url\":\"https:\\\/\\\/elotroenfoque.mx\\\/index.php\\\/2025\\\/08\\\/07\\\/silao-refuerza-profesionalizacion-policial-con-seminario-de-derechos-humanos\\\/\",\"name\":\"Silao refuerza profesionalizaci\u00f3n policial con seminario de derechos humanos - El otro enfoque\",\"isPartOf\":{\"@id\":\"https:\\\/\\\/elotroenfoque.mx\\\/#website\"},\"primaryImageOfPage\":{\"@id\":\"https:\\\/\\\/elotroenfoque.mx\\\/index.php\\\/2025\\\/08\\\/07\\\/silao-refuerza-profesionalizacion-policial-con-seminario-de-derechos-humanos\\\/#primaryimage\"},\"image\":{\"@id\":\"https:\\\/\\\/elotroenfoque.mx\\\/index.php\\\/2025\\\/08\\\/07\\\/silao-refuerza-profesionalizacion-policial-con-seminario-de-derechos-humanos\\\/#primaryimage\"},\"thumbnailUrl\":\"https:\\\/\\\/elotroenfoque.mx\\\/wp-content\\\/uploads\\\/2025\\\/08\\\/capacitan-a-policias-de-silao-1-scaled.jpeg\",\"datePublished\":\"2025-08-08T00:00:34+00:00\",\"author\":{\"@id\":\"https:\\\/\\\/elotroenfoque.mx\\\/#\\\/schema\\\/person\\\/8eb322f84d0bd9f337e462905519a1ae\"},\"description\":\"Silao fortalece la profesionalizaci\u00f3n de su Polic\u00eda Municipal con un seminario intensivo sobre derechos humanos, uso de la fuerza y protocolos de actuaci\u00f3n.\",\"breadcrumb\":{\"@id\":\"https:\\\/\\\/elotroenfoque.mx\\\/index.php\\\/2025\\\/08\\\/07\\\/silao-refuerza-profesionalizacion-policial-con-seminario-de-derechos-humanos\\\/#breadcrumb\"},\"inLanguage\":\"es\",\"potentialAction\":[{\"@type\":\"ReadAction\",\"target\":[\"https:\\\/\\\/elotroenfoque.mx\\\/index.php\\\/2025\\\/08\\\/07\\\/silao-refuerza-profesionalizacion-policial-con-seminario-de-derechos-humanos\\\/\"]}]},{\"@type\":\"ImageObject\",\"inLanguage\":\"es\",\"@id\":\"https:\\\/\\\/elotroenfoque.mx\\\/index.php\\\/2025\\\/08\\\/07\\\/silao-refuerza-profesionalizacion-policial-con-seminario-de-derechos-humanos\\\/#primaryimage\",\"url\":\"https:\\\/\\\/elotroenfoque.mx\\\/wp-content\\\/uploads\\\/2025\\\/08\\\/capacitan-a-policias-de-silao-1-scaled.jpeg\",\"contentUrl\":\"https:\\\/\\\/elotroenfoque.mx\\\/wp-content\\\/uploads\\\/2025\\\/08\\\/capacitan-a-policias-de-silao-1-scaled.jpeg\",\"width\":2560,\"height\":1920},{\"@type\":\"BreadcrumbList\",\"@id\":\"https:\\\/\\\/elotroenfoque.mx\\\/index.php\\\/2025\\\/08\\\/07\\\/silao-refuerza-profesionalizacion-policial-con-seminario-de-derechos-humanos\\\/#breadcrumb\",\"itemListElement\":[{\"@type\":\"ListItem\",\"position\":1,\"name\":\"Portada\",\"item\":\"https:\\\/\\\/elotroenfoque.mx\\\/\"},{\"@type\":\"ListItem\",\"position\":2,\"name\":\"Silao refuerza profesionalizaci\u00f3n policial con seminario de derechos humanos\"}]},{\"@type\":\"WebSite\",\"@id\":\"https:\\\/\\\/elotroenfoque.mx\\\/#website\",\"url\":\"https:\\\/\\\/elotroenfoque.mx\\\/\",\"name\":\"El otro enfoque\",\"description\":\"\",\"potentialAction\":[{\"@type\":\"SearchAction\",\"target\":{\"@type\":\"EntryPoint\",\"urlTemplate\":\"https:\\\/\\\/elotroenfoque.mx\\\/?s={search_term_string}\"},\"query-input\":{\"@type\":\"PropertyValueSpecification\",\"valueRequired\":true,\"valueName\":\"search_term_string\"}}],\"inLanguage\":\"es\"},{\"@type\":\"Person\",\"@id\":\"https:\\\/\\\/elotroenfoque.mx\\\/#\\\/schema\\\/person\\\/8eb322f84d0bd9f337e462905519a1ae\",\"name\":\"Equipo Redaccion\",\"image\":{\"@type\":\"ImageObject\",\"inLanguage\":\"es\",\"@id\":\"https:\\\/\\\/secure.gravatar.com\\\/avatar\\\/3579478e2b4e7aad364a32b26cf744b360ae0e581ee1cd0cb18a8f239ee49ac4?s=96&d=mm&r=g\",\"url\":\"https:\\\/\\\/secure.gravatar.com\\\/avatar\\\/3579478e2b4e7aad364a32b26cf744b360ae0e581ee1cd0cb18a8f239ee49ac4?s=96&d=mm&r=g\",\"contentUrl\":\"https:\\\/\\\/secure.gravatar.com\\\/avatar\\\/3579478e2b4e7aad364a32b26cf744b360ae0e581ee1cd0cb18a8f239ee49ac4?s=96&d=mm&r=g\",\"caption\":\"Equipo Redaccion\"},\"url\":\"https:\\\/\\\/elotroenfoque.mx\\\/index.php\\\/author\\\/redaccion\\\/\"}]}<\/script>\n<!-- \/ Yoast SEO plugin. -->","yoast_head_json":{"title":"Silao refuerza profesionalizaci\u00f3n policial con seminario de derechos humanos - El otro enfoque","description":"Silao fortalece la profesionalizaci\u00f3n de su Polic\u00eda Municipal con un seminario intensivo sobre derechos humanos, uso de la fuerza y protocolos de actuaci\u00f3n.","robots":{"index":"index","follow":"follow","max-snippet":"max-snippet:-1","max-image-preview":"max-image-preview:large","max-video-preview":"max-video-preview:-1"},"canonical":"https:\/\/elotroenfoque.mx\/index.php\/2025\/08\/07\/silao-refuerza-profesionalizacion-policial-con-seminario-de-derechos-humanos\/","og_locale":"es_MX","og_type":"article","og_title":"Silao refuerza profesionalizaci\u00f3n policial con seminario de derechos humanos - El otro enfoque","og_description":"Silao fortalece la profesionalizaci\u00f3n de su Polic\u00eda Municipal con un seminario intensivo sobre derechos humanos, uso de la fuerza y protocolos de actuaci\u00f3n.","og_url":"https:\/\/elotroenfoque.mx\/index.php\/2025\/08\/07\/silao-refuerza-profesionalizacion-policial-con-seminario-de-derechos-humanos\/","og_site_name":"El otro enfoque","article_published_time":"2025-08-08T00:00:34+00:00","og_image":[{"width":2560,"height":1920,"url":"https:\/\/elotroenfoque.mx\/wp-content\/uploads\/2025\/08\/capacitan-a-policias-de-silao-1-scaled.jpeg","type":"image\/jpeg"}],"author":"Equipo Redaccion","twitter_card":"summary_large_image","twitter_misc":{"Escrito por":"Equipo Redaccion","Tiempo de lectura":"2 minutos"},"schema":{"@context":"https:\/\/schema.org","@graph":[{"@type":"Article","@id":"https:\/\/elotroenfoque.mx\/index.php\/2025\/08\/07\/silao-refuerza-profesionalizacion-policial-con-seminario-de-derechos-humanos\/#article","isPartOf":{"@id":"https:\/\/elotroenfoque.mx\/index.php\/2025\/08\/07\/silao-refuerza-profesionalizacion-policial-con-seminario-de-derechos-humanos\/"},"author":{"name":"Equipo Redaccion","@id":"https:\/\/elotroenfoque.mx\/#\/schema\/person\/8eb322f84d0bd9f337e462905519a1ae"},"headline":"Silao refuerza profesionalizaci\u00f3n policial con seminario de derechos humanos","datePublished":"2025-08-08T00:00:34+00:00","mainEntityOfPage":{"@id":"https:\/\/elotroenfoque.mx\/index.php\/2025\/08\/07\/silao-refuerza-profesionalizacion-policial-con-seminario-de-derechos-humanos\/"},"wordCount":304,"commentCount":0,"image":{"@id":"https:\/\/elotroenfoque.mx\/index.php\/2025\/08\/07\/silao-refuerza-profesionalizacion-policial-con-seminario-de-derechos-humanos\/#primaryimage"},"thumbnailUrl":"https:\/\/elotroenfoque.mx\/wp-content\/uploads\/2025\/08\/capacitan-a-policias-de-silao-1-scaled.jpeg","keywords":["Guanajuato","Noticias Guanajuato"],"articleSection":["Noticias"],"inLanguage":"es","potentialAction":[{"@type":"CommentAction","name":"Comment","target":["https:\/\/elotroenfoque.mx\/index.php\/2025\/08\/07\/silao-refuerza-profesionalizacion-policial-con-seminario-de-derechos-humanos\/#respond"]}]},{"@type":"WebPage","@id":"https:\/\/elotroenfoque.mx\/index.php\/2025\/08\/07\/silao-refuerza-profesionalizacion-policial-con-seminario-de-derechos-humanos\/","url":"https:\/\/elotroenfoque.mx\/index.php\/2025\/08\/07\/silao-refuerza-profesionalizacion-policial-con-seminario-de-derechos-humanos\/","name":"Silao refuerza profesionalizaci\u00f3n policial con seminario de derechos humanos - El otro enfoque","isPartOf":{"@id":"https:\/\/elotroenfoque.mx\/#website"},"primaryImageOfPage":{"@id":"https:\/\/elotroenfoque.mx\/index.php\/2025\/08\/07\/silao-refuerza-profesionalizacion-policial-con-seminario-de-derechos-humanos\/#primaryimage"},"image":{"@id":"https:\/\/elotroenfoque.mx\/index.php\/2025\/08\/07\/silao-refuerza-profesionalizacion-policial-con-seminario-de-derechos-humanos\/#primaryimage"},"thumbnailUrl":"https:\/\/elotroenfoque.mx\/wp-content\/uploads\/2025\/08\/capacitan-a-policias-de-silao-1-scaled.jpeg","datePublished":"2025-08-08T00:00:34+00:00","author":{"@id":"https:\/\/elotroenfoque.mx\/#\/schema\/person\/8eb322f84d0bd9f337e462905519a1ae"},"description":"Silao fortalece la profesionalizaci\u00f3n de su Polic\u00eda Municipal con un seminario intensivo sobre derechos humanos, uso de la fuerza y protocolos de actuaci\u00f3n.","breadcrumb":{"@id":"https:\/\/elotroenfoque.mx\/index.php\/2025\/08\/07\/silao-refuerza-profesionalizacion-policial-con-seminario-de-derechos-humanos\/#breadcrumb"},"inLanguage":"es","potentialAction":[{"@type":"ReadAction","target":["https:\/\/elotroenfoque.mx\/index.php\/2025\/08\/07\/silao-refuerza-profesionalizacion-policial-con-seminario-de-derechos-humanos\/"]}]},{"@type":"ImageObject","inLanguage":"es","@id":"https:\/\/elotroenfoque.mx\/index.php\/2025\/08\/07\/silao-refuerza-profesionalizacion-policial-con-seminario-de-derechos-humanos\/#primaryimage","url":"https:\/\/elotroenfoque.mx\/wp-content\/uploads\/2025\/08\/capacitan-a-policias-de-silao-1-scaled.jpeg","contentUrl":"https:\/\/elotroenfoque.mx\/wp-content\/uploads\/2025\/08\/capacitan-a-policias-de-silao-1-scaled.jpeg","width":2560,"height":1920},{"@type":"BreadcrumbList","@id":"https:\/\/elotroenfoque.mx\/index.php\/2025\/08\/07\/silao-refuerza-profesionalizacion-policial-con-seminario-de-derechos-humanos\/#breadcrumb","itemListElement":[{"@type":"ListItem","position":1,"name":"Portada","item":"https:\/\/elotroenfoque.mx\/"},{"@type":"ListItem","position":2,"name":"Silao refuerza profesionalizaci\u00f3n policial con seminario de derechos humanos"}]},{"@type":"WebSite","@id":"https:\/\/elotroenfoque.mx\/#website","url":"https:\/\/elotroenfoque.mx\/","name":"El otro enfoque","description":"","potentialAction":[{"@type":"SearchAction","target":{"@type":"EntryPoint","urlTemplate":"https:\/\/elotroenfoque.mx\/?s={search_term_string}"},"query-input":{"@type":"PropertyValueSpecification","valueRequired":true,"valueName":"search_term_string"}}],"inLanguage":"es"},{"@type":"Person","@id":"https:\/\/elotroenfoque.mx\/#\/schema\/person\/8eb322f84d0bd9f337e462905519a1ae","name":"Equipo Redaccion","image":{"@type":"ImageObject","inLanguage":"es","@id":"https:\/\/secure.gravatar.com\/avatar\/3579478e2b4e7aad364a32b26cf744b360ae0e581ee1cd0cb18a8f239ee49ac4?s=96&d=mm&r=g","url":"https:\/\/secure.gravatar.com\/avatar\/3579478e2b4e7aad364a32b26cf744b360ae0e581ee1cd0cb18a8f239ee49ac4?s=96&d=mm&r=g","contentUrl":"https:\/\/secure.gravatar.com\/avatar\/3579478e2b4e7aad364a32b26cf744b360ae0e581ee1cd0cb18a8f239ee49ac4?s=96&d=mm&r=g","caption":"Equipo Redaccion"},"url":"https:\/\/elotroenfoque.mx\/index.php\/author\/redaccion\/"}]}},"_links":{"self":[{"href":"https:\/\/elotroenfoque.mx\/index.php\/wp-json\/wp\/v2\/posts\/162457","targetHints":{"allow":["GET"]}}],"collection":[{"href":"https:\/\/elotroenfoque.mx\/index.php\/wp-json\/wp\/v2\/posts"}],"about":[{"href":"https:\/\/elotroenfoque.mx\/index.php\/wp-json\/wp\/v2\/types\/post"}],"author":[{"embeddable":true,"href":"https:\/\/elotroenfoque.mx\/index.php\/wp-json\/wp\/v2\/users\/4"}],"replies":[{"embeddable":true,"href":"https:\/\/elotroenfoque.mx\/index.php\/wp-json\/wp\/v2\/comments?post=162457"}],"version-history":[{"count":1,"href":"https:\/\/elotroenfoque.mx\/index.php\/wp-json\/wp\/v2\/posts\/162457\/revisions"}],"predecessor-version":[{"id":162461,"href":"https:\/\/elotroenfoque.mx\/index.php\/wp-json\/wp\/v2\/posts\/162457\/revisions\/162461"}],"wp:featuredmedia":[{"embeddable":true,"href":"https:\/\/elotroenfoque.mx\/index.php\/wp-json\/wp\/v2\/media\/162458"}],"wp:attachment":[{"href":"https:\/\/elotroenfoque.mx\/index.php\/wp-json\/wp\/v2\/media?parent=162457"}],"wp:term":[{"taxonomy":"category","embeddable":true,"href":"https:\/\/elotroenfoque.mx\/index.php\/wp-json\/wp\/v2\/categories?post=162457"},{"taxonomy":"post_tag","embeddable":true,"href":"https:\/\/elotroenfoque.mx\/index.php\/wp-json\/wp\/v2\/tags?post=162457"}],"curies":[{"name":"wp","href":"https:\/\/api.w.org\/{rel}","templated":true}]}}