{"id":163017,"date":"2025-08-13T23:00:00","date_gmt":"2025-08-14T05:00:00","guid":{"rendered":"https:\/\/elotroenfoque.mx\/?p=163017"},"modified":"2025-08-13T22:59:57","modified_gmt":"2025-08-14T04:59:57","slug":"dron-de-estados-unidos-sobrevuela-el-estado-de-mexico-por-solicitud-del-gobierno-mexicano","status":"publish","type":"post","link":"https:\/\/elotroenfoque.mx\/index.php\/2025\/08\/13\/dron-de-estados-unidos-sobrevuela-el-estado-de-mexico-por-solicitud-del-gobierno-mexicano\/","title":{"rendered":"Dron de Estados Unidos sobrevuela el Estado de M\u00e9xico por solicitud del gobierno mexicano"},"content":{"rendered":"<p data-start=\"595\" data-end=\"908\"><strong data-start=\"595\" data-end=\"637\">Un dron del gobierno de Estados Unidos<\/strong> sobrevol\u00f3 recientemente las regiones de <strong data-start=\"678\" data-end=\"708\">Valle de Bravo y Tejupilco<\/strong>, en el Estado de M\u00e9xico, como parte de una <strong data-start=\"752\" data-end=\"804\">colaboraci\u00f3n solicitada por el gobierno mexicano<\/strong>, confirm\u00f3 Omar Garc\u00eda Harfuch, titular de la <strong data-start=\"850\" data-end=\"907\">Secretar\u00eda de Seguridad y Protecci\u00f3n Ciudadana (SSPC)<\/strong>.<\/p>\n<p data-start=\"910\" data-end=\"1254\"><strong data-start=\"910\" data-end=\"947\">Durante una conferencia de prensa<\/strong>, en la que tambi\u00e9n se abord\u00f3 el traslado de 26 integrantes de diversos <strong data-start=\"1019\" data-end=\"1057\">grupos delictivos a Estados Unidos<\/strong>, Garc\u00eda Harfuch explic\u00f3 que el dron <strong data-start=\"1094\" data-end=\"1125\">vuela a petici\u00f3n espec\u00edfica<\/strong> de una instituci\u00f3n del gobierno mexicano, con el objetivo de <strong data-start=\"1187\" data-end=\"1213\">apoyar investigaciones<\/strong> en curso dentro del territorio nacional.<\/p>\n<p data-start=\"910\" data-end=\"1254\"><img loading=\"lazy\" decoding=\"async\" class=\"alignnone size-medium wp-image-163019\" src=\"https:\/\/elotroenfoque.mx\/wp-content\/uploads\/2025\/08\/dron-estadounidense-sobrevuela-edomex-2-300x171.jpg\" alt=\"\" width=\"300\" height=\"171\" srcset=\"https:\/\/elotroenfoque.mx\/wp-content\/uploads\/2025\/08\/dron-estadounidense-sobrevuela-edomex-2-300x171.jpg 300w, https:\/\/elotroenfoque.mx\/wp-content\/uploads\/2025\/08\/dron-estadounidense-sobrevuela-edomex-2-768x438.jpg 768w, https:\/\/elotroenfoque.mx\/wp-content\/uploads\/2025\/08\/dron-estadounidense-sobrevuela-edomex-2.jpg 957w\" sizes=\"auto, (max-width: 300px) 100vw, 300px\" \/><\/p>\n<p data-start=\"1256\" data-end=\"1595\"><strong data-start=\"1256\" data-end=\"1281\">El funcionario aclar\u00f3<\/strong> que no se trata de un <strong data-start=\"1304\" data-end=\"1336\">avi\u00f3n militar estadounidense<\/strong>, sino de un <strong data-start=\"1349\" data-end=\"1365\">dron militar<\/strong>, o m\u00e1s precisamente, un <strong data-start=\"1390\" data-end=\"1421\">veh\u00edculo a\u00e9reo no tripulado<\/strong> que opera bajo solicitud formal y en coordinaci\u00f3n con las autoridades mexicanas, principalmente en zonas como <strong data-start=\"1532\" data-end=\"1545\">Tejupilco<\/strong> y otros puntos estrat\u00e9gicos del Estado de M\u00e9xico.<\/p>\n<p data-start=\"1256\" data-end=\"1595\">Tambi\u00e9n lee: <a href=\"https:\/\/elotroenfoque.mx\/index.php\/2025\/08\/13\/profeco-exige-a-playstation-mostrar-precios-en-pesos-mexicanos-y-con-monto-total-visible\/\"><strong>Profeco exige a PlayStation mostrar precios en pesos mexicanos y con monto total visible<\/strong><\/a><\/p>\n<p data-start=\"1597\" data-end=\"1960\"><strong data-start=\"1597\" data-end=\"1646\">La cuenta de X, OSINTdefender (@sentdefender)<\/strong>, especializada en seguimiento militar y de inteligencia, report\u00f3 que un <strong data-start=\"1719\" data-end=\"1740\">dron modelo MQ-9B<\/strong>, propiedad de la <strong data-start=\"1758\" data-end=\"1828\">Oficina de Aduanas y Protecci\u00f3n Fronteriza de Estados Unidos (CBP)<\/strong>, realiz\u00f3 un prolongado vuelo en la regi\u00f3n de <strong data-start=\"1874\" data-end=\"1892\">Valle de Bravo<\/strong>, lo cual coincide con la informaci\u00f3n oficial del gobierno mexicano.<\/p>\n<p data-start=\"1962\" data-end=\"2268\"><strong data-start=\"1962\" data-end=\"1988\">Garc\u00eda Harfuch reiter\u00f3<\/strong> que estas operaciones no violan la soberan\u00eda nacional, ya que <strong data-start=\"2051\" data-end=\"2090\">ninguna aeronave militar extranjera<\/strong> puede sobrevolar territorio mexicano sin autorizaci\u00f3n expresa, y en este caso, el vuelo del dron fue <strong data-start=\"2192\" data-end=\"2230\">autorizado y solicitado por M\u00e9xico<\/strong> para tareas espec\u00edficas de seguridad.<\/p>\n<p data-start=\"1962\" data-end=\"2268\"><a href=\"https:\/\/www.tiktok.com\/@elotroenfoque\/video\/7521931568865217810?_r=1&amp;_t=ZS-8xeh92v0PRA\"><strong>Sigue tambi\u00e9n las noticias en TikTok<\/strong><\/a><\/p>\n","protected":false},"excerpt":{"rendered":"<p>Un dron del gobierno de Estados Unidos sobrevol\u00f3 recientemente las regiones de Valle de Bravo y Tejupilco, en el Estado de M\u00e9xico, como parte de una colaboraci\u00f3n solicitada por el gobierno mexicano, confirm\u00f3 Omar Garc\u00eda Harfuch, titular de la Secretar\u00eda de Seguridad y Protecci\u00f3n Ciudadana (SSPC). Durante una conferencia de prensa, en la que tambi\u00e9n&#8230;<\/p>\n","protected":false},"author":4,"featured_media":163018,"comment_status":"open","ping_status":"open","sticky":false,"template":"","format":"standard","meta":{"footnotes":""},"categories":[11],"tags":[13,4517],"class_list":["post-163017","post","type-post","status-publish","format-standard","has-post-thumbnail","hentry","category-otrasnoticias","tag-guanajuato","tag-noticias-guanajuato"],"yoast_head":"<!-- This site is optimized with the Yoast SEO plugin v28.2 - https:\/\/yoast.com\/product\/yoast-seo-wordpress\/ -->\n<title>Dron de Estados Unidos sobrevuela el Estado de M\u00e9xico por solicitud del gobierno mexicano - El otro enfoque<\/title>\n<meta name=\"description\" content=\"Un dron militar de Estados Unidos realiz\u00f3 sobrevuelos en Tejupilco y Valle de Bravo, Estado de M\u00e9xico, a petici\u00f3n del gobierno mexicano, seg\u00fan confirm\u00f3 Omar Garc\u00eda Harfuch.\" \/>\n<meta name=\"robots\" content=\"index, follow, max-snippet:-1, max-image-preview:large, max-video-preview:-1\" \/>\n<link rel=\"canonical\" href=\"https:\/\/elotroenfoque.mx\/index.php\/2025\/08\/13\/dron-de-estados-unidos-sobrevuela-el-estado-de-mexico-por-solicitud-del-gobierno-mexicano\/\" \/>\n<meta property=\"og:locale\" content=\"es_MX\" \/>\n<meta property=\"og:type\" content=\"article\" \/>\n<meta property=\"og:title\" content=\"Dron de Estados Unidos sobrevuela el Estado de M\u00e9xico por solicitud del gobierno mexicano - El otro enfoque\" \/>\n<meta property=\"og:description\" content=\"Un dron militar de Estados Unidos realiz\u00f3 sobrevuelos en Tejupilco y Valle de Bravo, Estado de M\u00e9xico, a petici\u00f3n del gobierno mexicano, seg\u00fan confirm\u00f3 Omar Garc\u00eda Harfuch.\" \/>\n<meta property=\"og:url\" content=\"https:\/\/elotroenfoque.mx\/index.php\/2025\/08\/13\/dron-de-estados-unidos-sobrevuela-el-estado-de-mexico-por-solicitud-del-gobierno-mexicano\/\" \/>\n<meta property=\"og:site_name\" content=\"El otro enfoque\" \/>\n<meta property=\"article:published_time\" content=\"2025-08-14T05:00:00+00:00\" \/>\n<meta property=\"og:image\" content=\"https:\/\/elotroenfoque.mx\/wp-content\/uploads\/2025\/08\/dron-estadounidense-sobrevuela-edomex-1.jpg\" \/>\n\t<meta property=\"og:image:width\" content=\"958\" \/>\n\t<meta property=\"og:image:height\" content=\"544\" \/>\n\t<meta property=\"og:image:type\" content=\"image\/jpeg\" \/>\n<meta name=\"author\" content=\"Equipo Redaccion\" \/>\n<meta name=\"twitter:card\" content=\"summary_large_image\" \/>\n<meta name=\"twitter:label1\" content=\"Escrito por\" \/>\n\t<meta name=\"twitter:data1\" content=\"Equipo Redaccion\" \/>\n\t<meta name=\"twitter:label2\" content=\"Tiempo de lectura\" \/>\n\t<meta name=\"twitter:data2\" content=\"1 minuto\" \/>\n<script type=\"application\/ld+json\" class=\"yoast-schema-graph\">{\"@context\":\"https:\\\/\\\/schema.org\",\"@graph\":[{\"@type\":\"Article\",\"@id\":\"https:\\\/\\\/elotroenfoque.mx\\\/index.php\\\/2025\\\/08\\\/13\\\/dron-de-estados-unidos-sobrevuela-el-estado-de-mexico-por-solicitud-del-gobierno-mexicano\\\/#article\",\"isPartOf\":{\"@id\":\"https:\\\/\\\/elotroenfoque.mx\\\/index.php\\\/2025\\\/08\\\/13\\\/dron-de-estados-unidos-sobrevuela-el-estado-de-mexico-por-solicitud-del-gobierno-mexicano\\\/\"},\"author\":{\"name\":\"Equipo Redaccion\",\"@id\":\"https:\\\/\\\/elotroenfoque.mx\\\/#\\\/schema\\\/person\\\/8eb322f84d0bd9f337e462905519a1ae\"},\"headline\":\"Dron de Estados Unidos sobrevuela el Estado de M\u00e9xico por solicitud del gobierno mexicano\",\"datePublished\":\"2025-08-14T05:00:00+00:00\",\"mainEntityOfPage\":{\"@id\":\"https:\\\/\\\/elotroenfoque.mx\\\/index.php\\\/2025\\\/08\\\/13\\\/dron-de-estados-unidos-sobrevuela-el-estado-de-mexico-por-solicitud-del-gobierno-mexicano\\\/\"},\"wordCount\":307,\"commentCount\":0,\"image\":{\"@id\":\"https:\\\/\\\/elotroenfoque.mx\\\/index.php\\\/2025\\\/08\\\/13\\\/dron-de-estados-unidos-sobrevuela-el-estado-de-mexico-por-solicitud-del-gobierno-mexicano\\\/#primaryimage\"},\"thumbnailUrl\":\"https:\\\/\\\/elotroenfoque.mx\\\/wp-content\\\/uploads\\\/2025\\\/08\\\/dron-estadounidense-sobrevuela-edomex-1.jpg\",\"keywords\":[\"Guanajuato\",\"Noticias Guanajuato\"],\"articleSection\":[\"Otras Noticias\"],\"inLanguage\":\"es\",\"potentialAction\":[{\"@type\":\"CommentAction\",\"name\":\"Comment\",\"target\":[\"https:\\\/\\\/elotroenfoque.mx\\\/index.php\\\/2025\\\/08\\\/13\\\/dron-de-estados-unidos-sobrevuela-el-estado-de-mexico-por-solicitud-del-gobierno-mexicano\\\/#respond\"]}]},{\"@type\":\"WebPage\",\"@id\":\"https:\\\/\\\/elotroenfoque.mx\\\/index.php\\\/2025\\\/08\\\/13\\\/dron-de-estados-unidos-sobrevuela-el-estado-de-mexico-por-solicitud-del-gobierno-mexicano\\\/\",\"url\":\"https:\\\/\\\/elotroenfoque.mx\\\/index.php\\\/2025\\\/08\\\/13\\\/dron-de-estados-unidos-sobrevuela-el-estado-de-mexico-por-solicitud-del-gobierno-mexicano\\\/\",\"name\":\"Dron de Estados Unidos sobrevuela el Estado de M\u00e9xico por solicitud del gobierno mexicano - El otro enfoque\",\"isPartOf\":{\"@id\":\"https:\\\/\\\/elotroenfoque.mx\\\/#website\"},\"primaryImageOfPage\":{\"@id\":\"https:\\\/\\\/elotroenfoque.mx\\\/index.php\\\/2025\\\/08\\\/13\\\/dron-de-estados-unidos-sobrevuela-el-estado-de-mexico-por-solicitud-del-gobierno-mexicano\\\/#primaryimage\"},\"image\":{\"@id\":\"https:\\\/\\\/elotroenfoque.mx\\\/index.php\\\/2025\\\/08\\\/13\\\/dron-de-estados-unidos-sobrevuela-el-estado-de-mexico-por-solicitud-del-gobierno-mexicano\\\/#primaryimage\"},\"thumbnailUrl\":\"https:\\\/\\\/elotroenfoque.mx\\\/wp-content\\\/uploads\\\/2025\\\/08\\\/dron-estadounidense-sobrevuela-edomex-1.jpg\",\"datePublished\":\"2025-08-14T05:00:00+00:00\",\"author\":{\"@id\":\"https:\\\/\\\/elotroenfoque.mx\\\/#\\\/schema\\\/person\\\/8eb322f84d0bd9f337e462905519a1ae\"},\"description\":\"Un dron militar de Estados Unidos realiz\u00f3 sobrevuelos en Tejupilco y Valle de Bravo, Estado de M\u00e9xico, a petici\u00f3n del gobierno mexicano, seg\u00fan confirm\u00f3 Omar Garc\u00eda Harfuch.\",\"breadcrumb\":{\"@id\":\"https:\\\/\\\/elotroenfoque.mx\\\/index.php\\\/2025\\\/08\\\/13\\\/dron-de-estados-unidos-sobrevuela-el-estado-de-mexico-por-solicitud-del-gobierno-mexicano\\\/#breadcrumb\"},\"inLanguage\":\"es\",\"potentialAction\":[{\"@type\":\"ReadAction\",\"target\":[\"https:\\\/\\\/elotroenfoque.mx\\\/index.php\\\/2025\\\/08\\\/13\\\/dron-de-estados-unidos-sobrevuela-el-estado-de-mexico-por-solicitud-del-gobierno-mexicano\\\/\"]}]},{\"@type\":\"ImageObject\",\"inLanguage\":\"es\",\"@id\":\"https:\\\/\\\/elotroenfoque.mx\\\/index.php\\\/2025\\\/08\\\/13\\\/dron-de-estados-unidos-sobrevuela-el-estado-de-mexico-por-solicitud-del-gobierno-mexicano\\\/#primaryimage\",\"url\":\"https:\\\/\\\/elotroenfoque.mx\\\/wp-content\\\/uploads\\\/2025\\\/08\\\/dron-estadounidense-sobrevuela-edomex-1.jpg\",\"contentUrl\":\"https:\\\/\\\/elotroenfoque.mx\\\/wp-content\\\/uploads\\\/2025\\\/08\\\/dron-estadounidense-sobrevuela-edomex-1.jpg\",\"width\":958,\"height\":544},{\"@type\":\"BreadcrumbList\",\"@id\":\"https:\\\/\\\/elotroenfoque.mx\\\/index.php\\\/2025\\\/08\\\/13\\\/dron-de-estados-unidos-sobrevuela-el-estado-de-mexico-por-solicitud-del-gobierno-mexicano\\\/#breadcrumb\",\"itemListElement\":[{\"@type\":\"ListItem\",\"position\":1,\"name\":\"Portada\",\"item\":\"https:\\\/\\\/elotroenfoque.mx\\\/\"},{\"@type\":\"ListItem\",\"position\":2,\"name\":\"Dron de Estados Unidos sobrevuela el Estado de M\u00e9xico por solicitud del gobierno mexicano\"}]},{\"@type\":\"WebSite\",\"@id\":\"https:\\\/\\\/elotroenfoque.mx\\\/#website\",\"url\":\"https:\\\/\\\/elotroenfoque.mx\\\/\",\"name\":\"El otro enfoque\",\"description\":\"\",\"potentialAction\":[{\"@type\":\"SearchAction\",\"target\":{\"@type\":\"EntryPoint\",\"urlTemplate\":\"https:\\\/\\\/elotroenfoque.mx\\\/?s={search_term_string}\"},\"query-input\":{\"@type\":\"PropertyValueSpecification\",\"valueRequired\":true,\"valueName\":\"search_term_string\"}}],\"inLanguage\":\"es\"},{\"@type\":\"Person\",\"@id\":\"https:\\\/\\\/elotroenfoque.mx\\\/#\\\/schema\\\/person\\\/8eb322f84d0bd9f337e462905519a1ae\",\"name\":\"Equipo Redaccion\",\"image\":{\"@type\":\"ImageObject\",\"inLanguage\":\"es\",\"@id\":\"https:\\\/\\\/secure.gravatar.com\\\/avatar\\\/3579478e2b4e7aad364a32b26cf744b360ae0e581ee1cd0cb18a8f239ee49ac4?s=96&d=mm&r=g\",\"url\":\"https:\\\/\\\/secure.gravatar.com\\\/avatar\\\/3579478e2b4e7aad364a32b26cf744b360ae0e581ee1cd0cb18a8f239ee49ac4?s=96&d=mm&r=g\",\"contentUrl\":\"https:\\\/\\\/secure.gravatar.com\\\/avatar\\\/3579478e2b4e7aad364a32b26cf744b360ae0e581ee1cd0cb18a8f239ee49ac4?s=96&d=mm&r=g\",\"caption\":\"Equipo Redaccion\"},\"url\":\"https:\\\/\\\/elotroenfoque.mx\\\/index.php\\\/author\\\/redaccion\\\/\"}]}<\/script>\n<!-- \/ Yoast SEO plugin. -->","yoast_head_json":{"title":"Dron de Estados Unidos sobrevuela el Estado de M\u00e9xico por solicitud del gobierno mexicano - El otro enfoque","description":"Un dron militar de Estados Unidos realiz\u00f3 sobrevuelos en Tejupilco y Valle de Bravo, Estado de M\u00e9xico, a petici\u00f3n del gobierno mexicano, seg\u00fan confirm\u00f3 Omar Garc\u00eda Harfuch.","robots":{"index":"index","follow":"follow","max-snippet":"max-snippet:-1","max-image-preview":"max-image-preview:large","max-video-preview":"max-video-preview:-1"},"canonical":"https:\/\/elotroenfoque.mx\/index.php\/2025\/08\/13\/dron-de-estados-unidos-sobrevuela-el-estado-de-mexico-por-solicitud-del-gobierno-mexicano\/","og_locale":"es_MX","og_type":"article","og_title":"Dron de Estados Unidos sobrevuela el Estado de M\u00e9xico por solicitud del gobierno mexicano - El otro enfoque","og_description":"Un dron militar de Estados Unidos realiz\u00f3 sobrevuelos en Tejupilco y Valle de Bravo, Estado de M\u00e9xico, a petici\u00f3n del gobierno mexicano, seg\u00fan confirm\u00f3 Omar Garc\u00eda Harfuch.","og_url":"https:\/\/elotroenfoque.mx\/index.php\/2025\/08\/13\/dron-de-estados-unidos-sobrevuela-el-estado-de-mexico-por-solicitud-del-gobierno-mexicano\/","og_site_name":"El otro enfoque","article_published_time":"2025-08-14T05:00:00+00:00","og_image":[{"width":958,"height":544,"url":"https:\/\/elotroenfoque.mx\/wp-content\/uploads\/2025\/08\/dron-estadounidense-sobrevuela-edomex-1.jpg","type":"image\/jpeg"}],"author":"Equipo Redaccion","twitter_card":"summary_large_image","twitter_misc":{"Escrito por":"Equipo Redaccion","Tiempo de lectura":"1 minuto"},"schema":{"@context":"https:\/\/schema.org","@graph":[{"@type":"Article","@id":"https:\/\/elotroenfoque.mx\/index.php\/2025\/08\/13\/dron-de-estados-unidos-sobrevuela-el-estado-de-mexico-por-solicitud-del-gobierno-mexicano\/#article","isPartOf":{"@id":"https:\/\/elotroenfoque.mx\/index.php\/2025\/08\/13\/dron-de-estados-unidos-sobrevuela-el-estado-de-mexico-por-solicitud-del-gobierno-mexicano\/"},"author":{"name":"Equipo Redaccion","@id":"https:\/\/elotroenfoque.mx\/#\/schema\/person\/8eb322f84d0bd9f337e462905519a1ae"},"headline":"Dron de Estados Unidos sobrevuela el Estado de M\u00e9xico por solicitud del gobierno mexicano","datePublished":"2025-08-14T05:00:00+00:00","mainEntityOfPage":{"@id":"https:\/\/elotroenfoque.mx\/index.php\/2025\/08\/13\/dron-de-estados-unidos-sobrevuela-el-estado-de-mexico-por-solicitud-del-gobierno-mexicano\/"},"wordCount":307,"commentCount":0,"image":{"@id":"https:\/\/elotroenfoque.mx\/index.php\/2025\/08\/13\/dron-de-estados-unidos-sobrevuela-el-estado-de-mexico-por-solicitud-del-gobierno-mexicano\/#primaryimage"},"thumbnailUrl":"https:\/\/elotroenfoque.mx\/wp-content\/uploads\/2025\/08\/dron-estadounidense-sobrevuela-edomex-1.jpg","keywords":["Guanajuato","Noticias Guanajuato"],"articleSection":["Otras Noticias"],"inLanguage":"es","potentialAction":[{"@type":"CommentAction","name":"Comment","target":["https:\/\/elotroenfoque.mx\/index.php\/2025\/08\/13\/dron-de-estados-unidos-sobrevuela-el-estado-de-mexico-por-solicitud-del-gobierno-mexicano\/#respond"]}]},{"@type":"WebPage","@id":"https:\/\/elotroenfoque.mx\/index.php\/2025\/08\/13\/dron-de-estados-unidos-sobrevuela-el-estado-de-mexico-por-solicitud-del-gobierno-mexicano\/","url":"https:\/\/elotroenfoque.mx\/index.php\/2025\/08\/13\/dron-de-estados-unidos-sobrevuela-el-estado-de-mexico-por-solicitud-del-gobierno-mexicano\/","name":"Dron de Estados Unidos sobrevuela el Estado de M\u00e9xico por solicitud del gobierno mexicano - El otro enfoque","isPartOf":{"@id":"https:\/\/elotroenfoque.mx\/#website"},"primaryImageOfPage":{"@id":"https:\/\/elotroenfoque.mx\/index.php\/2025\/08\/13\/dron-de-estados-unidos-sobrevuela-el-estado-de-mexico-por-solicitud-del-gobierno-mexicano\/#primaryimage"},"image":{"@id":"https:\/\/elotroenfoque.mx\/index.php\/2025\/08\/13\/dron-de-estados-unidos-sobrevuela-el-estado-de-mexico-por-solicitud-del-gobierno-mexicano\/#primaryimage"},"thumbnailUrl":"https:\/\/elotroenfoque.mx\/wp-content\/uploads\/2025\/08\/dron-estadounidense-sobrevuela-edomex-1.jpg","datePublished":"2025-08-14T05:00:00+00:00","author":{"@id":"https:\/\/elotroenfoque.mx\/#\/schema\/person\/8eb322f84d0bd9f337e462905519a1ae"},"description":"Un dron militar de Estados Unidos realiz\u00f3 sobrevuelos en Tejupilco y Valle de Bravo, Estado de M\u00e9xico, a petici\u00f3n del gobierno mexicano, seg\u00fan confirm\u00f3 Omar Garc\u00eda Harfuch.","breadcrumb":{"@id":"https:\/\/elotroenfoque.mx\/index.php\/2025\/08\/13\/dron-de-estados-unidos-sobrevuela-el-estado-de-mexico-por-solicitud-del-gobierno-mexicano\/#breadcrumb"},"inLanguage":"es","potentialAction":[{"@type":"ReadAction","target":["https:\/\/elotroenfoque.mx\/index.php\/2025\/08\/13\/dron-de-estados-unidos-sobrevuela-el-estado-de-mexico-por-solicitud-del-gobierno-mexicano\/"]}]},{"@type":"ImageObject","inLanguage":"es","@id":"https:\/\/elotroenfoque.mx\/index.php\/2025\/08\/13\/dron-de-estados-unidos-sobrevuela-el-estado-de-mexico-por-solicitud-del-gobierno-mexicano\/#primaryimage","url":"https:\/\/elotroenfoque.mx\/wp-content\/uploads\/2025\/08\/dron-estadounidense-sobrevuela-edomex-1.jpg","contentUrl":"https:\/\/elotroenfoque.mx\/wp-content\/uploads\/2025\/08\/dron-estadounidense-sobrevuela-edomex-1.jpg","width":958,"height":544},{"@type":"BreadcrumbList","@id":"https:\/\/elotroenfoque.mx\/index.php\/2025\/08\/13\/dron-de-estados-unidos-sobrevuela-el-estado-de-mexico-por-solicitud-del-gobierno-mexicano\/#breadcrumb","itemListElement":[{"@type":"ListItem","position":1,"name":"Portada","item":"https:\/\/elotroenfoque.mx\/"},{"@type":"ListItem","position":2,"name":"Dron de Estados Unidos sobrevuela el Estado de M\u00e9xico por solicitud del gobierno mexicano"}]},{"@type":"WebSite","@id":"https:\/\/elotroenfoque.mx\/#website","url":"https:\/\/elotroenfoque.mx\/","name":"El otro enfoque","description":"","potentialAction":[{"@type":"SearchAction","target":{"@type":"EntryPoint","urlTemplate":"https:\/\/elotroenfoque.mx\/?s={search_term_string}"},"query-input":{"@type":"PropertyValueSpecification","valueRequired":true,"valueName":"search_term_string"}}],"inLanguage":"es"},{"@type":"Person","@id":"https:\/\/elotroenfoque.mx\/#\/schema\/person\/8eb322f84d0bd9f337e462905519a1ae","name":"Equipo Redaccion","image":{"@type":"ImageObject","inLanguage":"es","@id":"https:\/\/secure.gravatar.com\/avatar\/3579478e2b4e7aad364a32b26cf744b360ae0e581ee1cd0cb18a8f239ee49ac4?s=96&d=mm&r=g","url":"https:\/\/secure.gravatar.com\/avatar\/3579478e2b4e7aad364a32b26cf744b360ae0e581ee1cd0cb18a8f239ee49ac4?s=96&d=mm&r=g","contentUrl":"https:\/\/secure.gravatar.com\/avatar\/3579478e2b4e7aad364a32b26cf744b360ae0e581ee1cd0cb18a8f239ee49ac4?s=96&d=mm&r=g","caption":"Equipo Redaccion"},"url":"https:\/\/elotroenfoque.mx\/index.php\/author\/redaccion\/"}]}},"_links":{"self":[{"href":"https:\/\/elotroenfoque.mx\/index.php\/wp-json\/wp\/v2\/posts\/163017","targetHints":{"allow":["GET"]}}],"collection":[{"href":"https:\/\/elotroenfoque.mx\/index.php\/wp-json\/wp\/v2\/posts"}],"about":[{"href":"https:\/\/elotroenfoque.mx\/index.php\/wp-json\/wp\/v2\/types\/post"}],"author":[{"embeddable":true,"href":"https:\/\/elotroenfoque.mx\/index.php\/wp-json\/wp\/v2\/users\/4"}],"replies":[{"embeddable":true,"href":"https:\/\/elotroenfoque.mx\/index.php\/wp-json\/wp\/v2\/comments?post=163017"}],"version-history":[{"count":1,"href":"https:\/\/elotroenfoque.mx\/index.php\/wp-json\/wp\/v2\/posts\/163017\/revisions"}],"predecessor-version":[{"id":163020,"href":"https:\/\/elotroenfoque.mx\/index.php\/wp-json\/wp\/v2\/posts\/163017\/revisions\/163020"}],"wp:featuredmedia":[{"embeddable":true,"href":"https:\/\/elotroenfoque.mx\/index.php\/wp-json\/wp\/v2\/media\/163018"}],"wp:attachment":[{"href":"https:\/\/elotroenfoque.mx\/index.php\/wp-json\/wp\/v2\/media?parent=163017"}],"wp:term":[{"taxonomy":"category","embeddable":true,"href":"https:\/\/elotroenfoque.mx\/index.php\/wp-json\/wp\/v2\/categories?post=163017"},{"taxonomy":"post_tag","embeddable":true,"href":"https:\/\/elotroenfoque.mx\/index.php\/wp-json\/wp\/v2\/tags?post=163017"}],"curies":[{"name":"wp","href":"https:\/\/api.w.org\/{rel}","templated":true}]}}