{"id":163032,"date":"2025-08-14T08:00:02","date_gmt":"2025-08-14T14:00:02","guid":{"rendered":"https:\/\/elotroenfoque.mx\/?p=163032"},"modified":"2025-08-14T08:32:16","modified_gmt":"2025-08-14T14:32:16","slug":"clima-en-guanajuato-hoy-14-de-agosto-de-2025-lluvias-fuertes-por-inestabilidad-atmosferica","status":"publish","type":"post","link":"https:\/\/elotroenfoque.mx\/index.php\/2025\/08\/14\/clima-en-guanajuato-hoy-14-de-agosto-de-2025-lluvias-fuertes-por-inestabilidad-atmosferica\/","title":{"rendered":"Clima en Guanajuato hoy 14 de agosto de 2025: Lluvias fuertes por inestabilidad atmosf\u00e9rica"},"content":{"rendered":"<article class=\"text-token-text-primary w-full focus:outline-none scroll-mt-(--header-height)\" dir=\"auto\" tabindex=\"-1\" data-turn-id=\"8da9adbf-79aa-4b23-a848-97a0a860d722\" data-testid=\"conversation-turn-1\" data-scroll-anchor=\"false\" data-turn=\"user\"><\/article>\n<article class=\"text-token-text-primary w-full focus:outline-none scroll-mt-[calc(var(--header-height)+min(200px,max(70px,20svh)))]\" dir=\"auto\" tabindex=\"-1\" data-turn-id=\"request-WEB:544c2664-1aea-4fef-ac1b-b16e7a3bd910-0\" data-testid=\"conversation-turn-2\" data-scroll-anchor=\"false\" data-turn=\"assistant\">\n<div class=\"text-base my-auto mx-auto [--thread-content-margin:--spacing(4)] @[37rem]:[--thread-content-margin:--spacing(6)] @[72rem]:[--thread-content-margin:--spacing(16)] px-(--thread-content-margin)\"><\/div>\n<\/article>\n<article class=\"text-token-text-primary w-full focus:outline-none scroll-mt-(--header-height)\" dir=\"auto\" tabindex=\"-1\" data-turn-id=\"a1ed825e-20dd-40ca-a3ca-6974714a0f4f\" data-testid=\"conversation-turn-3\" data-scroll-anchor=\"false\" data-turn=\"user\">\n<div class=\"text-base my-auto mx-auto pt-12 [--thread-content-margin:--spacing(4)] @[37rem]:[--thread-content-margin:--spacing(6)] @[72rem]:[--thread-content-margin:--spacing(16)] px-(--thread-content-margin)\">\n<div class=\"[--thread-content-max-width:32rem] @[34rem]:[--thread-content-max-width:40rem] @[64rem]:[--thread-content-max-width:48rem] mx-auto max-w-(--thread-content-max-width) flex-1 group\/turn-messages focus-visible:outline-hidden relative flex w-full min-w-0 flex-col\" tabindex=\"-1\">\n<div class=\"flex max-w-full flex-col grow\">\n<div class=\"min-h-8 text-message relative flex w-full flex-col items-end gap-2 text-start break-words whitespace-normal [.text-message+&amp;]:mt-5\" dir=\"auto\" data-message-author-role=\"user\" data-message-id=\"a1ed825e-20dd-40ca-a3ca-6974714a0f4f\">\n<div class=\"flex w-full flex-col gap-1 empty:hidden items-end rtl:items-start\">\n<div class=\"user-message-bubble-color relative max-w-[var(--user-chat-width,70%)] rounded-[18px] px-4 py-1.5 data-[multiline]:py-3\" data-multiline=\"\">\n<div class=\"whitespace-pre-wrap\">El <strong data-start=\"664\" data-end=\"687\">clima en Guanajuato<\/strong> para este jueves 14 de agosto de 2025 estar\u00e1 influenciado por un <strong data-start=\"753\" data-end=\"778\">canal de baja presi\u00f3n<\/strong> en interacci\u00f3n con una <strong data-start=\"802\" data-end=\"823\">vaguada en altura<\/strong>, lo que generar\u00e1 <strong data-start=\"841\" data-end=\"860\">lluvias fuertes<\/strong> y posibles <strong data-start=\"872\" data-end=\"909\">chubascos con actividad el\u00e9ctrica<\/strong> a lo largo del d\u00eda. El ingreso de humedad desde el oc\u00e9ano Pac\u00edfico y el Golfo de M\u00e9xico aumentar\u00e1 la probabilidad de tormentas en la entidad, especialmente en las zonas centro y sur del estado.<\/div>\n<\/div>\n<\/div>\n<\/div>\n<\/div>\n<\/div>\n<\/div>\n<\/article>\n<article class=\"text-token-text-primary w-full focus:outline-none scroll-mt-[calc(var(--header-height)+min(200px,max(70px,20svh)))]\" dir=\"auto\" tabindex=\"-1\" data-turn-id=\"request-WEB:544c2664-1aea-4fef-ac1b-b16e7a3bd910-2\" data-testid=\"conversation-turn-6\" data-scroll-anchor=\"true\" data-turn=\"assistant\">\n<div class=\"text-base my-auto mx-auto pb-10 [--thread-content-margin:--spacing(4)] @[37rem]:[--thread-content-margin:--spacing(6)] @[72rem]:[--thread-content-margin:--spacing(16)] px-(--thread-content-margin)\">\n<div class=\"[--thread-content-max-width:32rem] @[34rem]:[--thread-content-max-width:40rem] @[64rem]:[--thread-content-max-width:48rem] mx-auto max-w-(--thread-content-max-width) flex-1 group\/turn-messages focus-visible:outline-hidden relative flex w-full min-w-0 flex-col agent-turn\" tabindex=\"-1\">\n<div class=\"flex max-w-full flex-col grow\">\n<div class=\"min-h-8 text-message relative flex w-full flex-col items-end gap-2 text-start break-words whitespace-normal [.text-message+&amp;]:mt-5\" dir=\"auto\" data-message-author-role=\"assistant\" data-message-id=\"e8ec2544-067d-45b0-a7ca-ba052875ec2e\" data-message-model-slug=\"gpt-4o\">\n<div class=\"flex w-full flex-col gap-1 empty:hidden first:pt-[3px]\">\n<div class=\"markdown prose dark:prose-invert w-full break-words light markdown-new-styling\">\n<p data-start=\"1105\" data-end=\"1449\">Estas condiciones meteorol\u00f3gicas pueden provocar <strong data-start=\"1154\" data-end=\"1173\">encharcamientos<\/strong>, <strong data-start=\"1175\" data-end=\"1203\">reducci\u00f3n de visibilidad<\/strong>, y posibles <strong data-start=\"1216\" data-end=\"1249\">inundaciones en zonas urbanas<\/strong> de Guanajuato. La <strong data-start=\"1268\" data-end=\"1312\">Coordinaci\u00f3n Estatal de Protecci\u00f3n Civil<\/strong> recomienda mantenerse informado y tomar precauciones ante posibles deslaves en caminos rurales y elevaci\u00f3n de niveles en arroyos y r\u00edos.<\/p>\n<p data-start=\"1105\" data-end=\"1449\"><img loading=\"lazy\" decoding=\"async\" class=\"alignnone size-medium wp-image-159183\" src=\"https:\/\/elotroenfoque.mx\/wp-content\/uploads\/2025\/07\/lluvias-gto-1-300x187.jpg\" alt=\"\" width=\"300\" height=\"187\" srcset=\"https:\/\/elotroenfoque.mx\/wp-content\/uploads\/2025\/07\/lluvias-gto-1-300x187.jpg 300w, https:\/\/elotroenfoque.mx\/wp-content\/uploads\/2025\/07\/lluvias-gto-1-760x475.jpg 760w, https:\/\/elotroenfoque.mx\/wp-content\/uploads\/2025\/07\/lluvias-gto-1.jpg 768w\" sizes=\"auto, (max-width: 300px) 100vw, 300px\" \/><\/p>\n<p data-start=\"1451\" data-end=\"1791\">En el resto del pa\u00eds, el <strong data-start=\"1476\" data-end=\"1495\">monz\u00f3n mexicano<\/strong> y la <strong data-start=\"1501\" data-end=\"1539\">inestabilidad atmosf\u00e9rica superior<\/strong> seguir\u00e1n generando <strong data-start=\"1559\" data-end=\"1592\">lluvias fuertes a muy fuertes<\/strong> en el noroeste de M\u00e9xico, principalmente en <strong data-start=\"1637\" data-end=\"1707\">Sonora, Chihuahua, Durango, Sinaloa, Nayarit y Baja California Sur<\/strong>, donde se esperan tormentas con descargas el\u00e9ctricas, viento y posibles granizadas.<\/p>\n<p data-start=\"1793\" data-end=\"2084\">Asimismo, otro canal de baja presi\u00f3n en combinaci\u00f3n con el arrastre de humedad afectar\u00e1 el norte, noreste, occidente, centro y sur del pa\u00eds, lo que provocar\u00e1 lluvias importantes en estados como <strong data-start=\"1987\" data-end=\"2054\">Jalisco, Michoac\u00e1n, Estado de M\u00e9xico, Puebla, Veracruz y Oaxaca<\/strong>, adem\u00e1s del mismo Guanajuato.<\/p>\n<p data-start=\"1793\" data-end=\"2084\"><a href=\"https:\/\/www.tiktok.com\/@elotroenfoque\/video\/7521931568865217810?_r=1&amp;_t=ZS-8xeh92v0PRA\"><strong>Sigue tambien las noticias en TikTok<\/strong><\/a><\/p>\n<p data-start=\"2086\" data-end=\"2433\">En el sureste, la <strong data-start=\"2104\" data-end=\"2131\">onda tropical n\u00famero 22<\/strong> se desplazar\u00e1 sobre el oriente del pa\u00eds y la <strong data-start=\"2177\" data-end=\"2198\">Sonda de Campeche<\/strong>, acompa\u00f1ada de una zona de baja presi\u00f3n con posibilidad de desarrollo cicl\u00f3nico. Esto, junto con un canal de baja presi\u00f3n en la pen\u00ednsula de Yucat\u00e1n, generar\u00e1 lluvias intensas en <strong data-start=\"2378\" data-end=\"2432\">Tabasco, Chiapas, Campeche, Yucat\u00e1n y Quintana Roo<\/strong>.<\/p>\n<p data-start=\"2435\" data-end=\"2753\">Se prev\u00e9n <strong data-start=\"2445\" data-end=\"2480\">riesgos asociados a las lluvias<\/strong> como <strong data-start=\"2486\" data-end=\"2498\">deslaves<\/strong>, <strong data-start=\"2500\" data-end=\"2527\">inundaciones repentinas<\/strong>, <strong data-start=\"2529\" data-end=\"2558\">crecida de r\u00edos y arroyos<\/strong>, as\u00ed como <strong data-start=\"2569\" data-end=\"2614\">dificultades para transitar en carreteras<\/strong>. Las autoridades meteorol\u00f3gicas llaman a la poblaci\u00f3n a estar atenta a los avisos oficiales y a tomar precauciones para evitar accidentes.<\/p>\n<\/div>\n<\/div>\n<\/div>\n<\/div>\n<\/div>\n<\/div>\n<\/article>\n","protected":false},"excerpt":{"rendered":"<p>El clima en Guanajuato para este jueves 14 de agosto de 2025 estar\u00e1 influenciado por un canal de baja presi\u00f3n en interacci\u00f3n con una vaguada en altura, lo que generar\u00e1 lluvias fuertes y posibles chubascos con actividad el\u00e9ctrica a lo largo del d\u00eda. El ingreso de humedad desde el oc\u00e9ano Pac\u00edfico y el Golfo de&#8230;<\/p>\n","protected":false},"author":4,"featured_media":162403,"comment_status":"open","ping_status":"open","sticky":false,"template":"","format":"standard","meta":{"footnotes":""},"categories":[11],"tags":[13,4517],"class_list":["post-163032","post","type-post","status-publish","format-standard","has-post-thumbnail","hentry","category-otrasnoticias","tag-guanajuato","tag-noticias-guanajuato"],"yoast_head":"<!-- This site is optimized with the Yoast SEO plugin v28.2 - https:\/\/yoast.com\/product\/yoast-seo-wordpress\/ -->\n<title>Clima en Guanajuato hoy 14 de agosto de 2025: Lluvias fuertes por inestabilidad atmosf\u00e9rica - El otro enfoque<\/title>\n<meta name=\"description\" content=\"El clima en Guanajuato este 14 de agosto de 2025 estar\u00e1 marcado por lluvias fuertes debido a un canal de baja presi\u00f3n. Consulta las condiciones tambi\u00e9n en otros estados.\" \/>\n<meta name=\"robots\" content=\"index, follow, max-snippet:-1, max-image-preview:large, max-video-preview:-1\" \/>\n<link rel=\"canonical\" href=\"https:\/\/elotroenfoque.mx\/index.php\/2025\/08\/14\/clima-en-guanajuato-hoy-14-de-agosto-de-2025-lluvias-fuertes-por-inestabilidad-atmosferica\/\" \/>\n<meta property=\"og:locale\" content=\"es_MX\" \/>\n<meta property=\"og:type\" content=\"article\" \/>\n<meta property=\"og:title\" content=\"Clima en Guanajuato hoy 14 de agosto de 2025: Lluvias fuertes por inestabilidad atmosf\u00e9rica - El otro enfoque\" \/>\n<meta property=\"og:description\" content=\"El clima en Guanajuato este 14 de agosto de 2025 estar\u00e1 marcado por lluvias fuertes debido a un canal de baja presi\u00f3n. Consulta las condiciones tambi\u00e9n en otros estados.\" \/>\n<meta property=\"og:url\" content=\"https:\/\/elotroenfoque.mx\/index.php\/2025\/08\/14\/clima-en-guanajuato-hoy-14-de-agosto-de-2025-lluvias-fuertes-por-inestabilidad-atmosferica\/\" \/>\n<meta property=\"og:site_name\" content=\"El otro enfoque\" \/>\n<meta property=\"article:published_time\" content=\"2025-08-14T14:00:02+00:00\" \/>\n<meta property=\"article:modified_time\" content=\"2025-08-14T14:32:16+00:00\" \/>\n<meta property=\"og:image\" content=\"https:\/\/elotroenfoque.mx\/wp-content\/uploads\/2025\/08\/clima-en-gto-7-de-agosto-2.jpg\" \/>\n\t<meta property=\"og:image:width\" content=\"487\" \/>\n\t<meta property=\"og:image:height\" content=\"542\" \/>\n\t<meta property=\"og:image:type\" content=\"image\/jpeg\" \/>\n<meta name=\"author\" content=\"Equipo Redaccion\" \/>\n<meta name=\"twitter:card\" content=\"summary_large_image\" \/>\n<meta name=\"twitter:label1\" content=\"Escrito por\" \/>\n\t<meta name=\"twitter:data1\" content=\"Equipo Redaccion\" \/>\n\t<meta name=\"twitter:label2\" content=\"Tiempo de lectura\" \/>\n\t<meta name=\"twitter:data2\" content=\"2 minutos\" \/>\n<script type=\"application\/ld+json\" class=\"yoast-schema-graph\">{\"@context\":\"https:\\\/\\\/schema.org\",\"@graph\":[{\"@type\":\"Article\",\"@id\":\"https:\\\/\\\/elotroenfoque.mx\\\/index.php\\\/2025\\\/08\\\/14\\\/clima-en-guanajuato-hoy-14-de-agosto-de-2025-lluvias-fuertes-por-inestabilidad-atmosferica\\\/#article\",\"isPartOf\":{\"@id\":\"https:\\\/\\\/elotroenfoque.mx\\\/index.php\\\/2025\\\/08\\\/14\\\/clima-en-guanajuato-hoy-14-de-agosto-de-2025-lluvias-fuertes-por-inestabilidad-atmosferica\\\/\"},\"author\":{\"name\":\"Equipo Redaccion\",\"@id\":\"https:\\\/\\\/elotroenfoque.mx\\\/#\\\/schema\\\/person\\\/8eb322f84d0bd9f337e462905519a1ae\"},\"headline\":\"Clima en Guanajuato hoy 14 de agosto de 2025: Lluvias fuertes por inestabilidad atmosf\u00e9rica\",\"datePublished\":\"2025-08-14T14:00:02+00:00\",\"dateModified\":\"2025-08-14T14:32:16+00:00\",\"mainEntityOfPage\":{\"@id\":\"https:\\\/\\\/elotroenfoque.mx\\\/index.php\\\/2025\\\/08\\\/14\\\/clima-en-guanajuato-hoy-14-de-agosto-de-2025-lluvias-fuertes-por-inestabilidad-atmosferica\\\/\"},\"wordCount\":361,\"commentCount\":0,\"image\":{\"@id\":\"https:\\\/\\\/elotroenfoque.mx\\\/index.php\\\/2025\\\/08\\\/14\\\/clima-en-guanajuato-hoy-14-de-agosto-de-2025-lluvias-fuertes-por-inestabilidad-atmosferica\\\/#primaryimage\"},\"thumbnailUrl\":\"https:\\\/\\\/elotroenfoque.mx\\\/wp-content\\\/uploads\\\/2025\\\/08\\\/clima-en-gto-7-de-agosto-2.jpg\",\"keywords\":[\"Guanajuato\",\"Noticias Guanajuato\"],\"articleSection\":[\"Otras Noticias\"],\"inLanguage\":\"es\",\"potentialAction\":[{\"@type\":\"CommentAction\",\"name\":\"Comment\",\"target\":[\"https:\\\/\\\/elotroenfoque.mx\\\/index.php\\\/2025\\\/08\\\/14\\\/clima-en-guanajuato-hoy-14-de-agosto-de-2025-lluvias-fuertes-por-inestabilidad-atmosferica\\\/#respond\"]}]},{\"@type\":\"WebPage\",\"@id\":\"https:\\\/\\\/elotroenfoque.mx\\\/index.php\\\/2025\\\/08\\\/14\\\/clima-en-guanajuato-hoy-14-de-agosto-de-2025-lluvias-fuertes-por-inestabilidad-atmosferica\\\/\",\"url\":\"https:\\\/\\\/elotroenfoque.mx\\\/index.php\\\/2025\\\/08\\\/14\\\/clima-en-guanajuato-hoy-14-de-agosto-de-2025-lluvias-fuertes-por-inestabilidad-atmosferica\\\/\",\"name\":\"Clima en Guanajuato hoy 14 de agosto de 2025: Lluvias fuertes por inestabilidad atmosf\u00e9rica - El otro enfoque\",\"isPartOf\":{\"@id\":\"https:\\\/\\\/elotroenfoque.mx\\\/#website\"},\"primaryImageOfPage\":{\"@id\":\"https:\\\/\\\/elotroenfoque.mx\\\/index.php\\\/2025\\\/08\\\/14\\\/clima-en-guanajuato-hoy-14-de-agosto-de-2025-lluvias-fuertes-por-inestabilidad-atmosferica\\\/#primaryimage\"},\"image\":{\"@id\":\"https:\\\/\\\/elotroenfoque.mx\\\/index.php\\\/2025\\\/08\\\/14\\\/clima-en-guanajuato-hoy-14-de-agosto-de-2025-lluvias-fuertes-por-inestabilidad-atmosferica\\\/#primaryimage\"},\"thumbnailUrl\":\"https:\\\/\\\/elotroenfoque.mx\\\/wp-content\\\/uploads\\\/2025\\\/08\\\/clima-en-gto-7-de-agosto-2.jpg\",\"datePublished\":\"2025-08-14T14:00:02+00:00\",\"dateModified\":\"2025-08-14T14:32:16+00:00\",\"author\":{\"@id\":\"https:\\\/\\\/elotroenfoque.mx\\\/#\\\/schema\\\/person\\\/8eb322f84d0bd9f337e462905519a1ae\"},\"description\":\"El clima en Guanajuato este 14 de agosto de 2025 estar\u00e1 marcado por lluvias fuertes debido a un canal de baja presi\u00f3n. Consulta las condiciones tambi\u00e9n en otros estados.\",\"breadcrumb\":{\"@id\":\"https:\\\/\\\/elotroenfoque.mx\\\/index.php\\\/2025\\\/08\\\/14\\\/clima-en-guanajuato-hoy-14-de-agosto-de-2025-lluvias-fuertes-por-inestabilidad-atmosferica\\\/#breadcrumb\"},\"inLanguage\":\"es\",\"potentialAction\":[{\"@type\":\"ReadAction\",\"target\":[\"https:\\\/\\\/elotroenfoque.mx\\\/index.php\\\/2025\\\/08\\\/14\\\/clima-en-guanajuato-hoy-14-de-agosto-de-2025-lluvias-fuertes-por-inestabilidad-atmosferica\\\/\"]}]},{\"@type\":\"ImageObject\",\"inLanguage\":\"es\",\"@id\":\"https:\\\/\\\/elotroenfoque.mx\\\/index.php\\\/2025\\\/08\\\/14\\\/clima-en-guanajuato-hoy-14-de-agosto-de-2025-lluvias-fuertes-por-inestabilidad-atmosferica\\\/#primaryimage\",\"url\":\"https:\\\/\\\/elotroenfoque.mx\\\/wp-content\\\/uploads\\\/2025\\\/08\\\/clima-en-gto-7-de-agosto-2.jpg\",\"contentUrl\":\"https:\\\/\\\/elotroenfoque.mx\\\/wp-content\\\/uploads\\\/2025\\\/08\\\/clima-en-gto-7-de-agosto-2.jpg\",\"width\":487,\"height\":542},{\"@type\":\"BreadcrumbList\",\"@id\":\"https:\\\/\\\/elotroenfoque.mx\\\/index.php\\\/2025\\\/08\\\/14\\\/clima-en-guanajuato-hoy-14-de-agosto-de-2025-lluvias-fuertes-por-inestabilidad-atmosferica\\\/#breadcrumb\",\"itemListElement\":[{\"@type\":\"ListItem\",\"position\":1,\"name\":\"Portada\",\"item\":\"https:\\\/\\\/elotroenfoque.mx\\\/\"},{\"@type\":\"ListItem\",\"position\":2,\"name\":\"Clima en Guanajuato hoy 14 de agosto de 2025: Lluvias fuertes por inestabilidad atmosf\u00e9rica\"}]},{\"@type\":\"WebSite\",\"@id\":\"https:\\\/\\\/elotroenfoque.mx\\\/#website\",\"url\":\"https:\\\/\\\/elotroenfoque.mx\\\/\",\"name\":\"El otro enfoque\",\"description\":\"\",\"potentialAction\":[{\"@type\":\"SearchAction\",\"target\":{\"@type\":\"EntryPoint\",\"urlTemplate\":\"https:\\\/\\\/elotroenfoque.mx\\\/?s={search_term_string}\"},\"query-input\":{\"@type\":\"PropertyValueSpecification\",\"valueRequired\":true,\"valueName\":\"search_term_string\"}}],\"inLanguage\":\"es\"},{\"@type\":\"Person\",\"@id\":\"https:\\\/\\\/elotroenfoque.mx\\\/#\\\/schema\\\/person\\\/8eb322f84d0bd9f337e462905519a1ae\",\"name\":\"Equipo Redaccion\",\"image\":{\"@type\":\"ImageObject\",\"inLanguage\":\"es\",\"@id\":\"https:\\\/\\\/secure.gravatar.com\\\/avatar\\\/3579478e2b4e7aad364a32b26cf744b360ae0e581ee1cd0cb18a8f239ee49ac4?s=96&d=mm&r=g\",\"url\":\"https:\\\/\\\/secure.gravatar.com\\\/avatar\\\/3579478e2b4e7aad364a32b26cf744b360ae0e581ee1cd0cb18a8f239ee49ac4?s=96&d=mm&r=g\",\"contentUrl\":\"https:\\\/\\\/secure.gravatar.com\\\/avatar\\\/3579478e2b4e7aad364a32b26cf744b360ae0e581ee1cd0cb18a8f239ee49ac4?s=96&d=mm&r=g\",\"caption\":\"Equipo Redaccion\"},\"url\":\"https:\\\/\\\/elotroenfoque.mx\\\/index.php\\\/author\\\/redaccion\\\/\"}]}<\/script>\n<!-- \/ Yoast SEO plugin. -->","yoast_head_json":{"title":"Clima en Guanajuato hoy 14 de agosto de 2025: Lluvias fuertes por inestabilidad atmosf\u00e9rica - El otro enfoque","description":"El clima en Guanajuato este 14 de agosto de 2025 estar\u00e1 marcado por lluvias fuertes debido a un canal de baja presi\u00f3n. Consulta las condiciones tambi\u00e9n en otros estados.","robots":{"index":"index","follow":"follow","max-snippet":"max-snippet:-1","max-image-preview":"max-image-preview:large","max-video-preview":"max-video-preview:-1"},"canonical":"https:\/\/elotroenfoque.mx\/index.php\/2025\/08\/14\/clima-en-guanajuato-hoy-14-de-agosto-de-2025-lluvias-fuertes-por-inestabilidad-atmosferica\/","og_locale":"es_MX","og_type":"article","og_title":"Clima en Guanajuato hoy 14 de agosto de 2025: Lluvias fuertes por inestabilidad atmosf\u00e9rica - El otro enfoque","og_description":"El clima en Guanajuato este 14 de agosto de 2025 estar\u00e1 marcado por lluvias fuertes debido a un canal de baja presi\u00f3n. Consulta las condiciones tambi\u00e9n en otros estados.","og_url":"https:\/\/elotroenfoque.mx\/index.php\/2025\/08\/14\/clima-en-guanajuato-hoy-14-de-agosto-de-2025-lluvias-fuertes-por-inestabilidad-atmosferica\/","og_site_name":"El otro enfoque","article_published_time":"2025-08-14T14:00:02+00:00","article_modified_time":"2025-08-14T14:32:16+00:00","og_image":[{"width":487,"height":542,"url":"https:\/\/elotroenfoque.mx\/wp-content\/uploads\/2025\/08\/clima-en-gto-7-de-agosto-2.jpg","type":"image\/jpeg"}],"author":"Equipo Redaccion","twitter_card":"summary_large_image","twitter_misc":{"Escrito por":"Equipo Redaccion","Tiempo de lectura":"2 minutos"},"schema":{"@context":"https:\/\/schema.org","@graph":[{"@type":"Article","@id":"https:\/\/elotroenfoque.mx\/index.php\/2025\/08\/14\/clima-en-guanajuato-hoy-14-de-agosto-de-2025-lluvias-fuertes-por-inestabilidad-atmosferica\/#article","isPartOf":{"@id":"https:\/\/elotroenfoque.mx\/index.php\/2025\/08\/14\/clima-en-guanajuato-hoy-14-de-agosto-de-2025-lluvias-fuertes-por-inestabilidad-atmosferica\/"},"author":{"name":"Equipo Redaccion","@id":"https:\/\/elotroenfoque.mx\/#\/schema\/person\/8eb322f84d0bd9f337e462905519a1ae"},"headline":"Clima en Guanajuato hoy 14 de agosto de 2025: Lluvias fuertes por inestabilidad atmosf\u00e9rica","datePublished":"2025-08-14T14:00:02+00:00","dateModified":"2025-08-14T14:32:16+00:00","mainEntityOfPage":{"@id":"https:\/\/elotroenfoque.mx\/index.php\/2025\/08\/14\/clima-en-guanajuato-hoy-14-de-agosto-de-2025-lluvias-fuertes-por-inestabilidad-atmosferica\/"},"wordCount":361,"commentCount":0,"image":{"@id":"https:\/\/elotroenfoque.mx\/index.php\/2025\/08\/14\/clima-en-guanajuato-hoy-14-de-agosto-de-2025-lluvias-fuertes-por-inestabilidad-atmosferica\/#primaryimage"},"thumbnailUrl":"https:\/\/elotroenfoque.mx\/wp-content\/uploads\/2025\/08\/clima-en-gto-7-de-agosto-2.jpg","keywords":["Guanajuato","Noticias Guanajuato"],"articleSection":["Otras Noticias"],"inLanguage":"es","potentialAction":[{"@type":"CommentAction","name":"Comment","target":["https:\/\/elotroenfoque.mx\/index.php\/2025\/08\/14\/clima-en-guanajuato-hoy-14-de-agosto-de-2025-lluvias-fuertes-por-inestabilidad-atmosferica\/#respond"]}]},{"@type":"WebPage","@id":"https:\/\/elotroenfoque.mx\/index.php\/2025\/08\/14\/clima-en-guanajuato-hoy-14-de-agosto-de-2025-lluvias-fuertes-por-inestabilidad-atmosferica\/","url":"https:\/\/elotroenfoque.mx\/index.php\/2025\/08\/14\/clima-en-guanajuato-hoy-14-de-agosto-de-2025-lluvias-fuertes-por-inestabilidad-atmosferica\/","name":"Clima en Guanajuato hoy 14 de agosto de 2025: Lluvias fuertes por inestabilidad atmosf\u00e9rica - El otro enfoque","isPartOf":{"@id":"https:\/\/elotroenfoque.mx\/#website"},"primaryImageOfPage":{"@id":"https:\/\/elotroenfoque.mx\/index.php\/2025\/08\/14\/clima-en-guanajuato-hoy-14-de-agosto-de-2025-lluvias-fuertes-por-inestabilidad-atmosferica\/#primaryimage"},"image":{"@id":"https:\/\/elotroenfoque.mx\/index.php\/2025\/08\/14\/clima-en-guanajuato-hoy-14-de-agosto-de-2025-lluvias-fuertes-por-inestabilidad-atmosferica\/#primaryimage"},"thumbnailUrl":"https:\/\/elotroenfoque.mx\/wp-content\/uploads\/2025\/08\/clima-en-gto-7-de-agosto-2.jpg","datePublished":"2025-08-14T14:00:02+00:00","dateModified":"2025-08-14T14:32:16+00:00","author":{"@id":"https:\/\/elotroenfoque.mx\/#\/schema\/person\/8eb322f84d0bd9f337e462905519a1ae"},"description":"El clima en Guanajuato este 14 de agosto de 2025 estar\u00e1 marcado por lluvias fuertes debido a un canal de baja presi\u00f3n. Consulta las condiciones tambi\u00e9n en otros estados.","breadcrumb":{"@id":"https:\/\/elotroenfoque.mx\/index.php\/2025\/08\/14\/clima-en-guanajuato-hoy-14-de-agosto-de-2025-lluvias-fuertes-por-inestabilidad-atmosferica\/#breadcrumb"},"inLanguage":"es","potentialAction":[{"@type":"ReadAction","target":["https:\/\/elotroenfoque.mx\/index.php\/2025\/08\/14\/clima-en-guanajuato-hoy-14-de-agosto-de-2025-lluvias-fuertes-por-inestabilidad-atmosferica\/"]}]},{"@type":"ImageObject","inLanguage":"es","@id":"https:\/\/elotroenfoque.mx\/index.php\/2025\/08\/14\/clima-en-guanajuato-hoy-14-de-agosto-de-2025-lluvias-fuertes-por-inestabilidad-atmosferica\/#primaryimage","url":"https:\/\/elotroenfoque.mx\/wp-content\/uploads\/2025\/08\/clima-en-gto-7-de-agosto-2.jpg","contentUrl":"https:\/\/elotroenfoque.mx\/wp-content\/uploads\/2025\/08\/clima-en-gto-7-de-agosto-2.jpg","width":487,"height":542},{"@type":"BreadcrumbList","@id":"https:\/\/elotroenfoque.mx\/index.php\/2025\/08\/14\/clima-en-guanajuato-hoy-14-de-agosto-de-2025-lluvias-fuertes-por-inestabilidad-atmosferica\/#breadcrumb","itemListElement":[{"@type":"ListItem","position":1,"name":"Portada","item":"https:\/\/elotroenfoque.mx\/"},{"@type":"ListItem","position":2,"name":"Clima en Guanajuato hoy 14 de agosto de 2025: Lluvias fuertes por inestabilidad atmosf\u00e9rica"}]},{"@type":"WebSite","@id":"https:\/\/elotroenfoque.mx\/#website","url":"https:\/\/elotroenfoque.mx\/","name":"El otro enfoque","description":"","potentialAction":[{"@type":"SearchAction","target":{"@type":"EntryPoint","urlTemplate":"https:\/\/elotroenfoque.mx\/?s={search_term_string}"},"query-input":{"@type":"PropertyValueSpecification","valueRequired":true,"valueName":"search_term_string"}}],"inLanguage":"es"},{"@type":"Person","@id":"https:\/\/elotroenfoque.mx\/#\/schema\/person\/8eb322f84d0bd9f337e462905519a1ae","name":"Equipo Redaccion","image":{"@type":"ImageObject","inLanguage":"es","@id":"https:\/\/secure.gravatar.com\/avatar\/3579478e2b4e7aad364a32b26cf744b360ae0e581ee1cd0cb18a8f239ee49ac4?s=96&d=mm&r=g","url":"https:\/\/secure.gravatar.com\/avatar\/3579478e2b4e7aad364a32b26cf744b360ae0e581ee1cd0cb18a8f239ee49ac4?s=96&d=mm&r=g","contentUrl":"https:\/\/secure.gravatar.com\/avatar\/3579478e2b4e7aad364a32b26cf744b360ae0e581ee1cd0cb18a8f239ee49ac4?s=96&d=mm&r=g","caption":"Equipo Redaccion"},"url":"https:\/\/elotroenfoque.mx\/index.php\/author\/redaccion\/"}]}},"_links":{"self":[{"href":"https:\/\/elotroenfoque.mx\/index.php\/wp-json\/wp\/v2\/posts\/163032","targetHints":{"allow":["GET"]}}],"collection":[{"href":"https:\/\/elotroenfoque.mx\/index.php\/wp-json\/wp\/v2\/posts"}],"about":[{"href":"https:\/\/elotroenfoque.mx\/index.php\/wp-json\/wp\/v2\/types\/post"}],"author":[{"embeddable":true,"href":"https:\/\/elotroenfoque.mx\/index.php\/wp-json\/wp\/v2\/users\/4"}],"replies":[{"embeddable":true,"href":"https:\/\/elotroenfoque.mx\/index.php\/wp-json\/wp\/v2\/comments?post=163032"}],"version-history":[{"count":1,"href":"https:\/\/elotroenfoque.mx\/index.php\/wp-json\/wp\/v2\/posts\/163032\/revisions"}],"predecessor-version":[{"id":163033,"href":"https:\/\/elotroenfoque.mx\/index.php\/wp-json\/wp\/v2\/posts\/163032\/revisions\/163033"}],"wp:featuredmedia":[{"embeddable":true,"href":"https:\/\/elotroenfoque.mx\/index.php\/wp-json\/wp\/v2\/media\/162403"}],"wp:attachment":[{"href":"https:\/\/elotroenfoque.mx\/index.php\/wp-json\/wp\/v2\/media?parent=163032"}],"wp:term":[{"taxonomy":"category","embeddable":true,"href":"https:\/\/elotroenfoque.mx\/index.php\/wp-json\/wp\/v2\/categories?post=163032"},{"taxonomy":"post_tag","embeddable":true,"href":"https:\/\/elotroenfoque.mx\/index.php\/wp-json\/wp\/v2\/tags?post=163032"}],"curies":[{"name":"wp","href":"https:\/\/api.w.org\/{rel}","templated":true}]}}