{"id":163038,"date":"2025-08-14T09:05:08","date_gmt":"2025-08-14T15:05:08","guid":{"rendered":"https:\/\/elotroenfoque.mx\/?p=163038"},"modified":"2025-08-14T09:05:35","modified_gmt":"2025-08-14T15:05:35","slug":"incendios-en-espana-dejan-3-muertos-y-miles-de-evacuados","status":"publish","type":"post","link":"https:\/\/elotroenfoque.mx\/index.php\/2025\/08\/14\/incendios-en-espana-dejan-3-muertos-y-miles-de-evacuados\/","title":{"rendered":"Incendios en Espa\u00f1a dejan 3 muertos y miles de evacuados"},"content":{"rendered":"<p data-start=\"655\" data-end=\"1064\"><strong data-start=\"655\" data-end=\"724\">Espa\u00f1a registra una nueva jornada cr\u00edtica de incendios forestales<\/strong>, con un saldo devastador: <strong data-start=\"751\" data-end=\"779\">tres personas fallecidas<\/strong>, m\u00e1s de <strong data-start=\"788\" data-end=\"807\">8 mil evacuados<\/strong> y <strong data-start=\"810\" data-end=\"846\">casi 100 mil hect\u00e1reas arrasadas<\/strong> por las llamas. La gravedad del panorama oblig\u00f3 al Gobierno a solicitar apoyo urgente a la Uni\u00f3n Europea, incluyendo la activaci\u00f3n de <strong data-start=\"981\" data-end=\"1005\">dos aviones Canadair<\/strong> especializados en la extinci\u00f3n de incendios a gran escala.<\/p>\n<p data-start=\"1066\" data-end=\"1449\">Las llamas afectan a <strong data-start=\"1087\" data-end=\"1173\">regiones como Castilla y Le\u00f3n, Galicia, Andaluc\u00eda, Asturias y Comunidad Valenciana<\/strong>, zonas donde los <strong data-start=\"1191\" data-end=\"1208\">focos activos<\/strong> se intensifican por la <strong data-start=\"1232\" data-end=\"1267\">segunda ola de calor del verano<\/strong>, que ya lleva <strong data-start=\"1282\" data-end=\"1306\">12 d\u00edas consecutivos<\/strong> con temperaturas extremas. <strong data-start=\"1334\" data-end=\"1371\">El avance incontrolable del fuego<\/strong> amenaza \u00e1reas rurales, viviendas y ecosistemas en diferentes puntos del pa\u00eds.<\/p>\n<p data-start=\"1066\" data-end=\"1449\"><img loading=\"lazy\" decoding=\"async\" class=\"alignnone size-medium wp-image-163040\" src=\"https:\/\/elotroenfoque.mx\/wp-content\/uploads\/2025\/08\/incendios-en-espana-2-300x169.jpg\" alt=\"\" width=\"300\" height=\"169\" srcset=\"https:\/\/elotroenfoque.mx\/wp-content\/uploads\/2025\/08\/incendios-en-espana-2-300x169.jpg 300w, https:\/\/elotroenfoque.mx\/wp-content\/uploads\/2025\/08\/incendios-en-espana-2-768x433.jpg 768w, https:\/\/elotroenfoque.mx\/wp-content\/uploads\/2025\/08\/incendios-en-espana-2.jpg 957w\" sizes=\"auto, (max-width: 300px) 100vw, 300px\" \/><\/p>\n<p data-start=\"1451\" data-end=\"1808\">De acuerdo con el Sistema Europeo de Informaci\u00f3n sobre Incendios Forestales (<strong data-start=\"1528\" data-end=\"1537\">EFFIS<\/strong>), <strong data-start=\"1540\" data-end=\"1610\">Espa\u00f1a ha registrado 200 incendios forestales en lo que va del a\u00f1o<\/strong>, con una superficie afectada de <strong data-start=\"1643\" data-end=\"1664\">148.205 hect\u00e1reas<\/strong>. Solo entre el <strong data-start=\"1680\" data-end=\"1703\">6 y el 12 de agosto<\/strong>, se quemaron <strong data-start=\"1717\" data-end=\"1737\">84.703 hect\u00e1reas<\/strong>, lo que convierte este periodo en uno de los m\u00e1s destructivos del a\u00f1o.<\/p>\n<p data-start=\"1810\" data-end=\"2162\">La tercera v\u00edctima mortal fue un <strong data-start=\"1843\" data-end=\"1864\">hombre de 37 a\u00f1os<\/strong>, quien falleci\u00f3 este jueves tras sufrir <strong data-start=\"1905\" data-end=\"1943\">quemaduras en el 85% de su cuerpo<\/strong> mientras intentaba combatir el incendio en <strong data-start=\"1987\" data-end=\"1997\">Zamora<\/strong>, que luego se extendi\u00f3 hacia <strong data-start=\"2027\" data-end=\"2035\">Le\u00f3n<\/strong>, al norte del pa\u00eds. <strong data-start=\"2056\" data-end=\"2089\">La peligrosidad de las llamas<\/strong> dificulta las tareas de control, incluso para brigadistas y voluntarios.<\/p>\n<p data-start=\"1810\" data-end=\"2162\"><img loading=\"lazy\" decoding=\"async\" class=\"alignnone size-medium wp-image-163041\" src=\"https:\/\/elotroenfoque.mx\/wp-content\/uploads\/2025\/08\/incendios-en-espana-3-300x191.jpg\" alt=\"\" width=\"300\" height=\"191\" srcset=\"https:\/\/elotroenfoque.mx\/wp-content\/uploads\/2025\/08\/incendios-en-espana-3-300x191.jpg 300w, https:\/\/elotroenfoque.mx\/wp-content\/uploads\/2025\/08\/incendios-en-espana-3-768x490.jpg 768w, https:\/\/elotroenfoque.mx\/wp-content\/uploads\/2025\/08\/incendios-en-espana-3.jpg 850w\" sizes=\"auto, (max-width: 300px) 100vw, 300px\" \/> <img loading=\"lazy\" decoding=\"async\" class=\"alignnone size-medium wp-image-163042\" src=\"https:\/\/elotroenfoque.mx\/wp-content\/uploads\/2025\/08\/incendios-en-espana-4-300x170.jpg\" alt=\"\" width=\"300\" height=\"170\" srcset=\"https:\/\/elotroenfoque.mx\/wp-content\/uploads\/2025\/08\/incendios-en-espana-4-300x170.jpg 300w, https:\/\/elotroenfoque.mx\/wp-content\/uploads\/2025\/08\/incendios-en-espana-4-768x434.jpg 768w, https:\/\/elotroenfoque.mx\/wp-content\/uploads\/2025\/08\/incendios-en-espana-4.jpg 959w\" sizes=\"auto, (max-width: 300px) 100vw, 300px\" \/> <img loading=\"lazy\" decoding=\"async\" class=\"alignnone size-medium wp-image-163043\" src=\"https:\/\/elotroenfoque.mx\/wp-content\/uploads\/2025\/08\/incendios-en-espana-5-300x170.jpg\" alt=\"\" width=\"300\" height=\"170\" srcset=\"https:\/\/elotroenfoque.mx\/wp-content\/uploads\/2025\/08\/incendios-en-espana-5-300x170.jpg 300w, https:\/\/elotroenfoque.mx\/wp-content\/uploads\/2025\/08\/incendios-en-espana-5-768x434.jpg 768w, https:\/\/elotroenfoque.mx\/wp-content\/uploads\/2025\/08\/incendios-en-espana-5.jpg 964w\" sizes=\"auto, (max-width: 300px) 100vw, 300px\" \/><\/p>\n<p data-start=\"2164\" data-end=\"2518\">En la misma zona, el pasado martes por la noche falleci\u00f3 un <strong data-start=\"2224\" data-end=\"2245\">hombre de 35 a\u00f1os<\/strong>, quien qued\u00f3 atrapado por el fuego mientras realizaba trabajos de <strong data-start=\"2312\" data-end=\"2338\">desbroce por su cuenta<\/strong>. Seg\u00fan inform\u00f3 el Gobierno auton\u00f3mico de Castilla y Le\u00f3n, <strong data-start=\"2397\" data-end=\"2439\">no formaba parte del operativo oficial<\/strong>, lo que resalta los riesgos de actuar sin la debida protecci\u00f3n y coordinaci\u00f3n.<\/p>\n<p data-start=\"2164\" data-end=\"2518\">Tambi\u00e9n lee: <a href=\"https:\/\/elotroenfoque.mx\/index.php\/2025\/08\/14\/clima-en-guanajuato-hoy-14-de-agosto-de-2025-lluvias-fuertes-por-inestabilidad-atmosferica\/\"><strong>Clima en Guanajuato hoy 14 de agosto de 2025: lluvias fuertes por inestabilidad atmosf\u00e9rica<\/strong><\/a><\/p>\n<p data-start=\"2520\" data-end=\"2874\">La primera v\u00edctima fatal de esta oleada de incendios fue un <strong data-start=\"2580\" data-end=\"2601\">hombre de 50 a\u00f1os<\/strong>, quien muri\u00f3 tras sufrir <strong data-start=\"2627\" data-end=\"2665\">quemaduras en el 98 % de su cuerpo<\/strong> mientras intentaba rescatar a m\u00e1s de 20 caballos del centro h\u00edpico donde trabajaba, en la localidad de <strong data-start=\"2769\" data-end=\"2792\">Tres Cantos, Madrid<\/strong>. El hecho ocurri\u00f3 el martes, luego de haber sido hospitalizado la tarde anterior.<\/p>\n<p data-start=\"2876\" data-end=\"3230\">Adem\u00e1s de los fallecidos, <strong data-start=\"2902\" data-end=\"2979\">m\u00e1s de una decena de personas permanecen hospitalizadas en estado cr\u00edtico<\/strong>, muchas con <strong data-start=\"2992\" data-end=\"3037\">quemaduras que superan el 80 % del cuerpo<\/strong>. Las autoridades m\u00e9dicas reportan que su pron\u00f3stico es \u201c<strong data-start=\"3094\" data-end=\"3107\">muy grave<\/strong>\u201d, especialmente en los casos registrados en <strong data-start=\"3152\" data-end=\"3181\">Castilla y Le\u00f3n y Galicia<\/strong>, donde los incendios contin\u00faan fuera de control.<\/p>\n<p data-start=\"2876\" data-end=\"3230\"><a href=\"https:\/\/www.tiktok.com\/@elotroenfoque\/video\/7521931568865217810?_r=1&amp;_t=ZS-8xeh92v0PRA\"><strong>Sigue tambi\u00e9n las noticias en TikTok<\/strong><\/a><\/p>\n","protected":false},"excerpt":{"rendered":"<p>Espa\u00f1a registra una nueva jornada cr\u00edtica de incendios forestales, con un saldo devastador: tres personas fallecidas, m\u00e1s de 8 mil evacuados y casi 100 mil hect\u00e1reas arrasadas por las llamas. La gravedad del panorama oblig\u00f3 al Gobierno a solicitar apoyo urgente a la Uni\u00f3n Europea, incluyendo la activaci\u00f3n de dos aviones Canadair especializados en la&#8230;<\/p>\n","protected":false},"author":4,"featured_media":163039,"comment_status":"open","ping_status":"open","sticky":false,"template":"","format":"standard","meta":{"footnotes":""},"categories":[11],"tags":[13,4517],"class_list":["post-163038","post","type-post","status-publish","format-standard","has-post-thumbnail","hentry","category-otrasnoticias","tag-guanajuato","tag-noticias-guanajuato"],"yoast_head":"<!-- This site is optimized with the Yoast SEO plugin v28.2 - https:\/\/yoast.com\/product\/yoast-seo-wordpress\/ -->\n<title>Incendios en Espa\u00f1a dejan 3 muertos y miles de evacuados - El otro enfoque<\/title>\n<meta name=\"description\" content=\"Espa\u00f1a sufre una crisis ambiental por los incendios forestales: tres personas fallecidas, m\u00e1s de 8 mil evacuados y miles de hect\u00e1reas calcinadas. El gobierno solicita ayuda europea.\" \/>\n<meta name=\"robots\" content=\"index, follow, max-snippet:-1, max-image-preview:large, max-video-preview:-1\" \/>\n<link rel=\"canonical\" href=\"https:\/\/elotroenfoque.mx\/index.php\/2025\/08\/14\/incendios-en-espana-dejan-3-muertos-y-miles-de-evacuados\/\" \/>\n<meta property=\"og:locale\" content=\"es_MX\" \/>\n<meta property=\"og:type\" content=\"article\" \/>\n<meta property=\"og:title\" content=\"Incendios en Espa\u00f1a dejan 3 muertos y miles de evacuados - El otro enfoque\" \/>\n<meta property=\"og:description\" content=\"Espa\u00f1a sufre una crisis ambiental por los incendios forestales: tres personas fallecidas, m\u00e1s de 8 mil evacuados y miles de hect\u00e1reas calcinadas. El gobierno solicita ayuda europea.\" \/>\n<meta property=\"og:url\" content=\"https:\/\/elotroenfoque.mx\/index.php\/2025\/08\/14\/incendios-en-espana-dejan-3-muertos-y-miles-de-evacuados\/\" \/>\n<meta property=\"og:site_name\" content=\"El otro enfoque\" \/>\n<meta property=\"article:published_time\" content=\"2025-08-14T15:05:08+00:00\" \/>\n<meta property=\"article:modified_time\" content=\"2025-08-14T15:05:35+00:00\" \/>\n<meta property=\"og:image\" content=\"https:\/\/elotroenfoque.mx\/wp-content\/uploads\/2025\/08\/incendios-en-espana-1.jpg\" \/>\n\t<meta property=\"og:image:width\" content=\"1130\" \/>\n\t<meta property=\"og:image:height\" content=\"538\" \/>\n\t<meta property=\"og:image:type\" content=\"image\/jpeg\" \/>\n<meta name=\"author\" content=\"Equipo Redaccion\" \/>\n<meta name=\"twitter:card\" content=\"summary_large_image\" \/>\n<meta name=\"twitter:label1\" content=\"Escrito por\" \/>\n\t<meta name=\"twitter:data1\" content=\"Equipo Redaccion\" \/>\n\t<meta name=\"twitter:label2\" content=\"Tiempo de lectura\" \/>\n\t<meta name=\"twitter:data2\" content=\"3 minutos\" \/>\n<script type=\"application\/ld+json\" class=\"yoast-schema-graph\">{\"@context\":\"https:\\\/\\\/schema.org\",\"@graph\":[{\"@type\":\"Article\",\"@id\":\"https:\\\/\\\/elotroenfoque.mx\\\/index.php\\\/2025\\\/08\\\/14\\\/incendios-en-espana-dejan-3-muertos-y-miles-de-evacuados\\\/#article\",\"isPartOf\":{\"@id\":\"https:\\\/\\\/elotroenfoque.mx\\\/index.php\\\/2025\\\/08\\\/14\\\/incendios-en-espana-dejan-3-muertos-y-miles-de-evacuados\\\/\"},\"author\":{\"name\":\"Equipo Redaccion\",\"@id\":\"https:\\\/\\\/elotroenfoque.mx\\\/#\\\/schema\\\/person\\\/8eb322f84d0bd9f337e462905519a1ae\"},\"headline\":\"Incendios en Espa\u00f1a dejan 3 muertos y miles de evacuados\",\"datePublished\":\"2025-08-14T15:05:08+00:00\",\"dateModified\":\"2025-08-14T15:05:35+00:00\",\"mainEntityOfPage\":{\"@id\":\"https:\\\/\\\/elotroenfoque.mx\\\/index.php\\\/2025\\\/08\\\/14\\\/incendios-en-espana-dejan-3-muertos-y-miles-de-evacuados\\\/\"},\"wordCount\":454,\"commentCount\":0,\"image\":{\"@id\":\"https:\\\/\\\/elotroenfoque.mx\\\/index.php\\\/2025\\\/08\\\/14\\\/incendios-en-espana-dejan-3-muertos-y-miles-de-evacuados\\\/#primaryimage\"},\"thumbnailUrl\":\"https:\\\/\\\/elotroenfoque.mx\\\/wp-content\\\/uploads\\\/2025\\\/08\\\/incendios-en-espana-1.jpg\",\"keywords\":[\"Guanajuato\",\"Noticias Guanajuato\"],\"articleSection\":[\"Otras Noticias\"],\"inLanguage\":\"es\",\"potentialAction\":[{\"@type\":\"CommentAction\",\"name\":\"Comment\",\"target\":[\"https:\\\/\\\/elotroenfoque.mx\\\/index.php\\\/2025\\\/08\\\/14\\\/incendios-en-espana-dejan-3-muertos-y-miles-de-evacuados\\\/#respond\"]}]},{\"@type\":\"WebPage\",\"@id\":\"https:\\\/\\\/elotroenfoque.mx\\\/index.php\\\/2025\\\/08\\\/14\\\/incendios-en-espana-dejan-3-muertos-y-miles-de-evacuados\\\/\",\"url\":\"https:\\\/\\\/elotroenfoque.mx\\\/index.php\\\/2025\\\/08\\\/14\\\/incendios-en-espana-dejan-3-muertos-y-miles-de-evacuados\\\/\",\"name\":\"Incendios en Espa\u00f1a dejan 3 muertos y miles de evacuados - El otro enfoque\",\"isPartOf\":{\"@id\":\"https:\\\/\\\/elotroenfoque.mx\\\/#website\"},\"primaryImageOfPage\":{\"@id\":\"https:\\\/\\\/elotroenfoque.mx\\\/index.php\\\/2025\\\/08\\\/14\\\/incendios-en-espana-dejan-3-muertos-y-miles-de-evacuados\\\/#primaryimage\"},\"image\":{\"@id\":\"https:\\\/\\\/elotroenfoque.mx\\\/index.php\\\/2025\\\/08\\\/14\\\/incendios-en-espana-dejan-3-muertos-y-miles-de-evacuados\\\/#primaryimage\"},\"thumbnailUrl\":\"https:\\\/\\\/elotroenfoque.mx\\\/wp-content\\\/uploads\\\/2025\\\/08\\\/incendios-en-espana-1.jpg\",\"datePublished\":\"2025-08-14T15:05:08+00:00\",\"dateModified\":\"2025-08-14T15:05:35+00:00\",\"author\":{\"@id\":\"https:\\\/\\\/elotroenfoque.mx\\\/#\\\/schema\\\/person\\\/8eb322f84d0bd9f337e462905519a1ae\"},\"description\":\"Espa\u00f1a sufre una crisis ambiental por los incendios forestales: tres personas fallecidas, m\u00e1s de 8 mil evacuados y miles de hect\u00e1reas calcinadas. El gobierno solicita ayuda europea.\",\"breadcrumb\":{\"@id\":\"https:\\\/\\\/elotroenfoque.mx\\\/index.php\\\/2025\\\/08\\\/14\\\/incendios-en-espana-dejan-3-muertos-y-miles-de-evacuados\\\/#breadcrumb\"},\"inLanguage\":\"es\",\"potentialAction\":[{\"@type\":\"ReadAction\",\"target\":[\"https:\\\/\\\/elotroenfoque.mx\\\/index.php\\\/2025\\\/08\\\/14\\\/incendios-en-espana-dejan-3-muertos-y-miles-de-evacuados\\\/\"]}]},{\"@type\":\"ImageObject\",\"inLanguage\":\"es\",\"@id\":\"https:\\\/\\\/elotroenfoque.mx\\\/index.php\\\/2025\\\/08\\\/14\\\/incendios-en-espana-dejan-3-muertos-y-miles-de-evacuados\\\/#primaryimage\",\"url\":\"https:\\\/\\\/elotroenfoque.mx\\\/wp-content\\\/uploads\\\/2025\\\/08\\\/incendios-en-espana-1.jpg\",\"contentUrl\":\"https:\\\/\\\/elotroenfoque.mx\\\/wp-content\\\/uploads\\\/2025\\\/08\\\/incendios-en-espana-1.jpg\",\"width\":1130,\"height\":538},{\"@type\":\"BreadcrumbList\",\"@id\":\"https:\\\/\\\/elotroenfoque.mx\\\/index.php\\\/2025\\\/08\\\/14\\\/incendios-en-espana-dejan-3-muertos-y-miles-de-evacuados\\\/#breadcrumb\",\"itemListElement\":[{\"@type\":\"ListItem\",\"position\":1,\"name\":\"Portada\",\"item\":\"https:\\\/\\\/elotroenfoque.mx\\\/\"},{\"@type\":\"ListItem\",\"position\":2,\"name\":\"Incendios en Espa\u00f1a dejan 3 muertos y miles de evacuados\"}]},{\"@type\":\"WebSite\",\"@id\":\"https:\\\/\\\/elotroenfoque.mx\\\/#website\",\"url\":\"https:\\\/\\\/elotroenfoque.mx\\\/\",\"name\":\"El otro enfoque\",\"description\":\"\",\"potentialAction\":[{\"@type\":\"SearchAction\",\"target\":{\"@type\":\"EntryPoint\",\"urlTemplate\":\"https:\\\/\\\/elotroenfoque.mx\\\/?s={search_term_string}\"},\"query-input\":{\"@type\":\"PropertyValueSpecification\",\"valueRequired\":true,\"valueName\":\"search_term_string\"}}],\"inLanguage\":\"es\"},{\"@type\":\"Person\",\"@id\":\"https:\\\/\\\/elotroenfoque.mx\\\/#\\\/schema\\\/person\\\/8eb322f84d0bd9f337e462905519a1ae\",\"name\":\"Equipo Redaccion\",\"image\":{\"@type\":\"ImageObject\",\"inLanguage\":\"es\",\"@id\":\"https:\\\/\\\/secure.gravatar.com\\\/avatar\\\/3579478e2b4e7aad364a32b26cf744b360ae0e581ee1cd0cb18a8f239ee49ac4?s=96&d=mm&r=g\",\"url\":\"https:\\\/\\\/secure.gravatar.com\\\/avatar\\\/3579478e2b4e7aad364a32b26cf744b360ae0e581ee1cd0cb18a8f239ee49ac4?s=96&d=mm&r=g\",\"contentUrl\":\"https:\\\/\\\/secure.gravatar.com\\\/avatar\\\/3579478e2b4e7aad364a32b26cf744b360ae0e581ee1cd0cb18a8f239ee49ac4?s=96&d=mm&r=g\",\"caption\":\"Equipo Redaccion\"},\"url\":\"https:\\\/\\\/elotroenfoque.mx\\\/index.php\\\/author\\\/redaccion\\\/\"}]}<\/script>\n<!-- \/ Yoast SEO plugin. -->","yoast_head_json":{"title":"Incendios en Espa\u00f1a dejan 3 muertos y miles de evacuados - El otro enfoque","description":"Espa\u00f1a sufre una crisis ambiental por los incendios forestales: tres personas fallecidas, m\u00e1s de 8 mil evacuados y miles de hect\u00e1reas calcinadas. El gobierno solicita ayuda europea.","robots":{"index":"index","follow":"follow","max-snippet":"max-snippet:-1","max-image-preview":"max-image-preview:large","max-video-preview":"max-video-preview:-1"},"canonical":"https:\/\/elotroenfoque.mx\/index.php\/2025\/08\/14\/incendios-en-espana-dejan-3-muertos-y-miles-de-evacuados\/","og_locale":"es_MX","og_type":"article","og_title":"Incendios en Espa\u00f1a dejan 3 muertos y miles de evacuados - El otro enfoque","og_description":"Espa\u00f1a sufre una crisis ambiental por los incendios forestales: tres personas fallecidas, m\u00e1s de 8 mil evacuados y miles de hect\u00e1reas calcinadas. El gobierno solicita ayuda europea.","og_url":"https:\/\/elotroenfoque.mx\/index.php\/2025\/08\/14\/incendios-en-espana-dejan-3-muertos-y-miles-de-evacuados\/","og_site_name":"El otro enfoque","article_published_time":"2025-08-14T15:05:08+00:00","article_modified_time":"2025-08-14T15:05:35+00:00","og_image":[{"width":1130,"height":538,"url":"https:\/\/elotroenfoque.mx\/wp-content\/uploads\/2025\/08\/incendios-en-espana-1.jpg","type":"image\/jpeg"}],"author":"Equipo Redaccion","twitter_card":"summary_large_image","twitter_misc":{"Escrito por":"Equipo Redaccion","Tiempo de lectura":"3 minutos"},"schema":{"@context":"https:\/\/schema.org","@graph":[{"@type":"Article","@id":"https:\/\/elotroenfoque.mx\/index.php\/2025\/08\/14\/incendios-en-espana-dejan-3-muertos-y-miles-de-evacuados\/#article","isPartOf":{"@id":"https:\/\/elotroenfoque.mx\/index.php\/2025\/08\/14\/incendios-en-espana-dejan-3-muertos-y-miles-de-evacuados\/"},"author":{"name":"Equipo Redaccion","@id":"https:\/\/elotroenfoque.mx\/#\/schema\/person\/8eb322f84d0bd9f337e462905519a1ae"},"headline":"Incendios en Espa\u00f1a dejan 3 muertos y miles de evacuados","datePublished":"2025-08-14T15:05:08+00:00","dateModified":"2025-08-14T15:05:35+00:00","mainEntityOfPage":{"@id":"https:\/\/elotroenfoque.mx\/index.php\/2025\/08\/14\/incendios-en-espana-dejan-3-muertos-y-miles-de-evacuados\/"},"wordCount":454,"commentCount":0,"image":{"@id":"https:\/\/elotroenfoque.mx\/index.php\/2025\/08\/14\/incendios-en-espana-dejan-3-muertos-y-miles-de-evacuados\/#primaryimage"},"thumbnailUrl":"https:\/\/elotroenfoque.mx\/wp-content\/uploads\/2025\/08\/incendios-en-espana-1.jpg","keywords":["Guanajuato","Noticias Guanajuato"],"articleSection":["Otras Noticias"],"inLanguage":"es","potentialAction":[{"@type":"CommentAction","name":"Comment","target":["https:\/\/elotroenfoque.mx\/index.php\/2025\/08\/14\/incendios-en-espana-dejan-3-muertos-y-miles-de-evacuados\/#respond"]}]},{"@type":"WebPage","@id":"https:\/\/elotroenfoque.mx\/index.php\/2025\/08\/14\/incendios-en-espana-dejan-3-muertos-y-miles-de-evacuados\/","url":"https:\/\/elotroenfoque.mx\/index.php\/2025\/08\/14\/incendios-en-espana-dejan-3-muertos-y-miles-de-evacuados\/","name":"Incendios en Espa\u00f1a dejan 3 muertos y miles de evacuados - El otro enfoque","isPartOf":{"@id":"https:\/\/elotroenfoque.mx\/#website"},"primaryImageOfPage":{"@id":"https:\/\/elotroenfoque.mx\/index.php\/2025\/08\/14\/incendios-en-espana-dejan-3-muertos-y-miles-de-evacuados\/#primaryimage"},"image":{"@id":"https:\/\/elotroenfoque.mx\/index.php\/2025\/08\/14\/incendios-en-espana-dejan-3-muertos-y-miles-de-evacuados\/#primaryimage"},"thumbnailUrl":"https:\/\/elotroenfoque.mx\/wp-content\/uploads\/2025\/08\/incendios-en-espana-1.jpg","datePublished":"2025-08-14T15:05:08+00:00","dateModified":"2025-08-14T15:05:35+00:00","author":{"@id":"https:\/\/elotroenfoque.mx\/#\/schema\/person\/8eb322f84d0bd9f337e462905519a1ae"},"description":"Espa\u00f1a sufre una crisis ambiental por los incendios forestales: tres personas fallecidas, m\u00e1s de 8 mil evacuados y miles de hect\u00e1reas calcinadas. El gobierno solicita ayuda europea.","breadcrumb":{"@id":"https:\/\/elotroenfoque.mx\/index.php\/2025\/08\/14\/incendios-en-espana-dejan-3-muertos-y-miles-de-evacuados\/#breadcrumb"},"inLanguage":"es","potentialAction":[{"@type":"ReadAction","target":["https:\/\/elotroenfoque.mx\/index.php\/2025\/08\/14\/incendios-en-espana-dejan-3-muertos-y-miles-de-evacuados\/"]}]},{"@type":"ImageObject","inLanguage":"es","@id":"https:\/\/elotroenfoque.mx\/index.php\/2025\/08\/14\/incendios-en-espana-dejan-3-muertos-y-miles-de-evacuados\/#primaryimage","url":"https:\/\/elotroenfoque.mx\/wp-content\/uploads\/2025\/08\/incendios-en-espana-1.jpg","contentUrl":"https:\/\/elotroenfoque.mx\/wp-content\/uploads\/2025\/08\/incendios-en-espana-1.jpg","width":1130,"height":538},{"@type":"BreadcrumbList","@id":"https:\/\/elotroenfoque.mx\/index.php\/2025\/08\/14\/incendios-en-espana-dejan-3-muertos-y-miles-de-evacuados\/#breadcrumb","itemListElement":[{"@type":"ListItem","position":1,"name":"Portada","item":"https:\/\/elotroenfoque.mx\/"},{"@type":"ListItem","position":2,"name":"Incendios en Espa\u00f1a dejan 3 muertos y miles de evacuados"}]},{"@type":"WebSite","@id":"https:\/\/elotroenfoque.mx\/#website","url":"https:\/\/elotroenfoque.mx\/","name":"El otro enfoque","description":"","potentialAction":[{"@type":"SearchAction","target":{"@type":"EntryPoint","urlTemplate":"https:\/\/elotroenfoque.mx\/?s={search_term_string}"},"query-input":{"@type":"PropertyValueSpecification","valueRequired":true,"valueName":"search_term_string"}}],"inLanguage":"es"},{"@type":"Person","@id":"https:\/\/elotroenfoque.mx\/#\/schema\/person\/8eb322f84d0bd9f337e462905519a1ae","name":"Equipo Redaccion","image":{"@type":"ImageObject","inLanguage":"es","@id":"https:\/\/secure.gravatar.com\/avatar\/3579478e2b4e7aad364a32b26cf744b360ae0e581ee1cd0cb18a8f239ee49ac4?s=96&d=mm&r=g","url":"https:\/\/secure.gravatar.com\/avatar\/3579478e2b4e7aad364a32b26cf744b360ae0e581ee1cd0cb18a8f239ee49ac4?s=96&d=mm&r=g","contentUrl":"https:\/\/secure.gravatar.com\/avatar\/3579478e2b4e7aad364a32b26cf744b360ae0e581ee1cd0cb18a8f239ee49ac4?s=96&d=mm&r=g","caption":"Equipo Redaccion"},"url":"https:\/\/elotroenfoque.mx\/index.php\/author\/redaccion\/"}]}},"_links":{"self":[{"href":"https:\/\/elotroenfoque.mx\/index.php\/wp-json\/wp\/v2\/posts\/163038","targetHints":{"allow":["GET"]}}],"collection":[{"href":"https:\/\/elotroenfoque.mx\/index.php\/wp-json\/wp\/v2\/posts"}],"about":[{"href":"https:\/\/elotroenfoque.mx\/index.php\/wp-json\/wp\/v2\/types\/post"}],"author":[{"embeddable":true,"href":"https:\/\/elotroenfoque.mx\/index.php\/wp-json\/wp\/v2\/users\/4"}],"replies":[{"embeddable":true,"href":"https:\/\/elotroenfoque.mx\/index.php\/wp-json\/wp\/v2\/comments?post=163038"}],"version-history":[{"count":1,"href":"https:\/\/elotroenfoque.mx\/index.php\/wp-json\/wp\/v2\/posts\/163038\/revisions"}],"predecessor-version":[{"id":163044,"href":"https:\/\/elotroenfoque.mx\/index.php\/wp-json\/wp\/v2\/posts\/163038\/revisions\/163044"}],"wp:featuredmedia":[{"embeddable":true,"href":"https:\/\/elotroenfoque.mx\/index.php\/wp-json\/wp\/v2\/media\/163039"}],"wp:attachment":[{"href":"https:\/\/elotroenfoque.mx\/index.php\/wp-json\/wp\/v2\/media?parent=163038"}],"wp:term":[{"taxonomy":"category","embeddable":true,"href":"https:\/\/elotroenfoque.mx\/index.php\/wp-json\/wp\/v2\/categories?post=163038"},{"taxonomy":"post_tag","embeddable":true,"href":"https:\/\/elotroenfoque.mx\/index.php\/wp-json\/wp\/v2\/tags?post=163038"}],"curies":[{"name":"wp","href":"https:\/\/api.w.org\/{rel}","templated":true}]}}