{"id":163045,"date":"2025-08-14T10:00:52","date_gmt":"2025-08-14T16:00:52","guid":{"rendered":"https:\/\/elotroenfoque.mx\/?p=163045"},"modified":"2025-08-14T10:00:41","modified_gmt":"2025-08-14T16:00:41","slug":"detienen-a-exdirector-de-pemex-en-eu-anuncia-sheinbaum-y-celebra-reduccion-de-pobreza","status":"publish","type":"post","link":"https:\/\/elotroenfoque.mx\/index.php\/2025\/08\/14\/detienen-a-exdirector-de-pemex-en-eu-anuncia-sheinbaum-y-celebra-reduccion-de-pobreza\/","title":{"rendered":"Detienen a exdirector de Pemex en EU, anuncia Sheinbaum y celebra reducci\u00f3n de pobreza"},"content":{"rendered":"<p data-start=\"442\" data-end=\"842\"><strong data-start=\"442\" data-end=\"577\">La presidenta Claudia Sheinbaum confirm\u00f3 este jueves la detenci\u00f3n del exdirector de Pemex, Carlos Trevi\u00f1o Medina, en Estados Unidos<\/strong>, quien ser\u00e1 <strong data-start=\"590\" data-end=\"623\">deportado y juzgado en M\u00e9xico<\/strong> por su presunta participaci\u00f3n en casos de <strong data-start=\"666\" data-end=\"714\">corrupci\u00f3n vinculados al esc\u00e1ndalo Odebrecht<\/strong>. La mandataria detall\u00f3 que se encontraba bajo alerta internacional y que su proceso judicial continuar\u00e1 en territorio mexicano.<\/p>\n<p data-start=\"844\" data-end=\"1199\"><strong data-start=\"844\" data-end=\"903\">Carlos Trevi\u00f1o tiene una orden de aprehensi\u00f3n en M\u00e9xico<\/strong>, luego de ser <strong data-start=\"918\" data-end=\"947\">acusado por Emilio Lozoya<\/strong>, tambi\u00e9n exdirector de Pemex, como parte de una red de sobornos y desv\u00edo de recursos durante su gesti\u00f3n. <strong data-start=\"1053\" data-end=\"1088\">La extradici\u00f3n ya est\u00e1 en curso<\/strong>, seg\u00fan inform\u00f3 la presidenta, y se espera que llegue a M\u00e9xico en los pr\u00f3ximos d\u00edas para enfrentar la justicia.<\/p>\n<p data-start=\"844\" data-end=\"1199\"><img loading=\"lazy\" decoding=\"async\" class=\"alignnone size-medium wp-image-163047\" src=\"https:\/\/elotroenfoque.mx\/wp-content\/uploads\/2025\/08\/detienen-en-eu-a-carlos-trevino-1-300x155.jpg\" alt=\"\" width=\"300\" height=\"155\" srcset=\"https:\/\/elotroenfoque.mx\/wp-content\/uploads\/2025\/08\/detienen-en-eu-a-carlos-trevino-1-300x155.jpg 300w, https:\/\/elotroenfoque.mx\/wp-content\/uploads\/2025\/08\/detienen-en-eu-a-carlos-trevino-1-1024x528.jpg 1024w, https:\/\/elotroenfoque.mx\/wp-content\/uploads\/2025\/08\/detienen-en-eu-a-carlos-trevino-1-768x396.jpg 768w, https:\/\/elotroenfoque.mx\/wp-content\/uploads\/2025\/08\/detienen-en-eu-a-carlos-trevino-1-760x395.jpg 760w, https:\/\/elotroenfoque.mx\/wp-content\/uploads\/2025\/08\/detienen-en-eu-a-carlos-trevino-1.jpg 1055w\" sizes=\"auto, (max-width: 300px) 100vw, 300px\" \/><\/p>\n<p data-start=\"1201\" data-end=\"1663\"><strong data-start=\"1201\" data-end=\"1270\">Sheinbaum tambi\u00e9n celebr\u00f3 los resultados de la encuesta del Inegi<\/strong>, la cual muestra que entre 2018 y 2024, <strong data-start=\"1311\" data-end=\"1364\">13.4 millones de mexicanos salieron de la pobreza<\/strong>, una cifra que calific\u00f3 como \u201c<strong data-start=\"1395\" data-end=\"1425\">hist\u00f3rica y extraordinaria<\/strong>\u201d, especialmente en el contexto del sexenio del expresidente Andr\u00e9s Manuel L\u00f3pez Obrador. Destac\u00f3 que entre 2022 y 2024 se aceler\u00f3 la reducci\u00f3n, lo que refleja que el modelo de la <strong data-start=\"1605\" data-end=\"1662\">Cuarta Transformaci\u00f3n est\u00e1 dando resultados concretos<\/strong>.<\/p>\n<p data-start=\"1665\" data-end=\"2031\"><strong data-start=\"1665\" data-end=\"1742\">Los datos oficiales se\u00f1alan que la pobreza moderada baj\u00f3 a 24.2% en 2024<\/strong>, desde el 29.3% registrado en 2022; mientras que la <strong data-start=\"1796\" data-end=\"1842\">pobreza extrema disminuy\u00f3 de 7.1% a 5.3%<\/strong> en ese mismo periodo. Para Sheinbaum, esto demuestra que el lema \u201c<strong data-start=\"1909\" data-end=\"1953\">por el bien de todos, primero los pobres<\/strong>\u201d dej\u00f3 de ser una consigna y se convirti\u00f3 en una <strong data-start=\"2002\" data-end=\"2030\">realidad social palpable<\/strong>.<\/p>\n<p data-start=\"1665\" data-end=\"2031\"><img loading=\"lazy\" decoding=\"async\" class=\"alignnone size-medium wp-image-163010\" src=\"https:\/\/elotroenfoque.mx\/wp-content\/uploads\/2025\/08\/se-reduce-la-pobreza-en-gto-4-300x170.jpeg\" alt=\"\" width=\"300\" height=\"170\" srcset=\"https:\/\/elotroenfoque.mx\/wp-content\/uploads\/2025\/08\/se-reduce-la-pobreza-en-gto-4-300x170.jpeg 300w, https:\/\/elotroenfoque.mx\/wp-content\/uploads\/2025\/08\/se-reduce-la-pobreza-en-gto-4-1024x582.jpeg 1024w, https:\/\/elotroenfoque.mx\/wp-content\/uploads\/2025\/08\/se-reduce-la-pobreza-en-gto-4-768x436.jpeg 768w, https:\/\/elotroenfoque.mx\/wp-content\/uploads\/2025\/08\/se-reduce-la-pobreza-en-gto-4.jpeg 1280w\" sizes=\"auto, (max-width: 300px) 100vw, 300px\" \/><\/p>\n<p data-start=\"2033\" data-end=\"2432\">En otro tema, <strong data-start=\"2047\" data-end=\"2136\">la presidenta minimiz\u00f3 el impacto de las alertas de viaje emitidas por Estados Unidos<\/strong>, asegurando que no han frenado la llegada de turistas al pa\u00eds. Subray\u00f3 que, de enero a junio, M\u00e9xico recibi\u00f3 <strong data-start=\"2246\" data-end=\"2293\">47.4 millones de visitantes internacionales<\/strong>, un aumento del <strong data-start=\"2310\" data-end=\"2320\">13.8%<\/strong> respecto al mismo periodo anterior, lo que demuestra que <strong data-start=\"2378\" data-end=\"2431\">M\u00e9xico sigue siendo un destino atractivo y seguro<\/strong>.<\/p>\n<p data-start=\"2033\" data-end=\"2432\">Tambi\u00e9n lee: <a href=\"https:\/\/elotroenfoque.mx\/index.php\/2025\/08\/14\/incendios-en-espana-dejan-3-muertos-y-miles-de-evacuados\/\"><strong>Incendios en Espa\u00f1a dejan 3 muertos y miles de evacuados<\/strong><\/a><\/p>\n<p data-start=\"2434\" data-end=\"2746\"><strong data-start=\"2434\" data-end=\"2535\">A pesar de las alertas emitidas por el Departamento de Estado de EU para 30 estados de M\u00e9xico<\/strong>, Sheinbaum sostuvo que los datos muestran lo contrario: m\u00e1s turistas, mayor permanencia y <strong data-start=\"2626\" data-end=\"2664\">mayor gasto promedio por visitante<\/strong>. \u201c<strong data-start=\"2667\" data-end=\"2690\">M\u00e9xico est\u00e1 de moda<\/strong>\u201d, afirm\u00f3, celebrando el dinamismo del sector tur\u00edstico.<\/p>\n<p data-start=\"2434\" data-end=\"2746\"><img loading=\"lazy\" decoding=\"async\" class=\"alignnone size-medium wp-image-162889\" src=\"https:\/\/elotroenfoque.mx\/wp-content\/uploads\/2025\/08\/EU-emite-alerta-de-viaje-a-sus-ciudadanos-1-300x183.jpg\" alt=\"\" width=\"300\" height=\"183\" srcset=\"https:\/\/elotroenfoque.mx\/wp-content\/uploads\/2025\/08\/EU-emite-alerta-de-viaje-a-sus-ciudadanos-1-300x183.jpg 300w, https:\/\/elotroenfoque.mx\/wp-content\/uploads\/2025\/08\/EU-emite-alerta-de-viaje-a-sus-ciudadanos-1.jpg 743w\" sizes=\"auto, (max-width: 300px) 100vw, 300px\" \/><\/p>\n<p data-start=\"2434\" data-end=\"2746\">\n<p data-start=\"2748\" data-end=\"3136\"><strong data-start=\"2748\" data-end=\"2871\">La secretaria de Turismo, Josefina Rodr\u00edguez Zamora, detall\u00f3 que la llegada de turistas internacionales creci\u00f3 un 7.3%<\/strong>, mientras que el arribo total de visitantes internacionales subi\u00f3 un 13.8%. <strong data-start=\"2949\" data-end=\"3066\">Los pa\u00edses con m\u00e1s incremento en llegadas fueron Estados Unidos (+2.4%), Canad\u00e1 (+11.8%) y Reino Unido (+0.6%)<\/strong>, consolidando a M\u00e9xico como uno de los principales destinos globales.<\/p>\n<p data-start=\"3138\" data-end=\"3444\"><strong data-start=\"3138\" data-end=\"3217\">En junio, m\u00e1s de 1.28 millones de turistas estadounidenses visitaron M\u00e9xico<\/strong>, sumando m\u00e1s de <strong data-start=\"3234\" data-end=\"3280\">7.3 millones en el primer semestre de 2025<\/strong>. En el caso de Canad\u00e1, <strong data-start=\"3304\" data-end=\"3343\">m\u00e1s de 1.68 millones de canadienses<\/strong> llegaron al pa\u00eds, reflejando una <strong data-start=\"3377\" data-end=\"3443\">recuperaci\u00f3n y crecimiento sostenido del turismo internacional<\/strong>.<\/p>\n<p data-start=\"3138\" data-end=\"3444\"><a href=\"https:\/\/www.tiktok.com\/@elotroenfoque\/video\/7521931568865217810?_r=1&amp;_t=ZS-8xeh92v0PRA\"><strong>Sigue tambi\u00e9n las noticias en TikTok<\/strong><\/a><\/p>\n","protected":false},"excerpt":{"rendered":"<p>La presidenta Claudia Sheinbaum confirm\u00f3 este jueves la detenci\u00f3n del exdirector de Pemex, Carlos Trevi\u00f1o Medina, en Estados Unidos, quien ser\u00e1 deportado y juzgado en M\u00e9xico por su presunta participaci\u00f3n en casos de corrupci\u00f3n vinculados al esc\u00e1ndalo Odebrecht. La mandataria detall\u00f3 que se encontraba bajo alerta internacional y que su proceso judicial continuar\u00e1 en territorio&#8230;<\/p>\n","protected":false},"author":4,"featured_media":163046,"comment_status":"open","ping_status":"open","sticky":false,"template":"","format":"standard","meta":{"footnotes":""},"categories":[11],"tags":[13,4517],"class_list":["post-163045","post","type-post","status-publish","format-standard","has-post-thumbnail","hentry","category-otrasnoticias","tag-guanajuato","tag-noticias-guanajuato"],"yoast_head":"<!-- This site is optimized with the Yoast SEO plugin v28.2 - https:\/\/yoast.com\/product\/yoast-seo-wordpress\/ -->\n<title>Detienen a exdirector de Pemex en EU, anuncia Sheinbaum y celebra reducci\u00f3n de pobreza - El otro enfoque<\/title>\n<meta name=\"description\" content=\"Carlos Trevi\u00f1o, exdirector de Pemex, fue detenido en EE.UU. y ser\u00e1 juzgado en M\u00e9xico. Sheinbaum destaca reducci\u00f3n hist\u00f3rica de la pobreza y el auge del turismo internacional.\" \/>\n<meta name=\"robots\" content=\"index, follow, max-snippet:-1, max-image-preview:large, max-video-preview:-1\" \/>\n<link rel=\"canonical\" href=\"https:\/\/elotroenfoque.mx\/index.php\/2025\/08\/14\/detienen-a-exdirector-de-pemex-en-eu-anuncia-sheinbaum-y-celebra-reduccion-de-pobreza\/\" \/>\n<meta property=\"og:locale\" content=\"es_MX\" \/>\n<meta property=\"og:type\" content=\"article\" \/>\n<meta property=\"og:title\" content=\"Detienen a exdirector de Pemex en EU, anuncia Sheinbaum y celebra reducci\u00f3n de pobreza - El otro enfoque\" \/>\n<meta property=\"og:description\" content=\"Carlos Trevi\u00f1o, exdirector de Pemex, fue detenido en EE.UU. y ser\u00e1 juzgado en M\u00e9xico. Sheinbaum destaca reducci\u00f3n hist\u00f3rica de la pobreza y el auge del turismo internacional.\" \/>\n<meta property=\"og:url\" content=\"https:\/\/elotroenfoque.mx\/index.php\/2025\/08\/14\/detienen-a-exdirector-de-pemex-en-eu-anuncia-sheinbaum-y-celebra-reduccion-de-pobreza\/\" \/>\n<meta property=\"og:site_name\" content=\"El otro enfoque\" \/>\n<meta property=\"article:published_time\" content=\"2025-08-14T16:00:52+00:00\" \/>\n<meta property=\"og:image\" content=\"https:\/\/elotroenfoque.mx\/wp-content\/uploads\/2025\/08\/claudis-14-agosto.jpg\" \/>\n\t<meta property=\"og:image:width\" content=\"960\" \/>\n\t<meta property=\"og:image:height\" content=\"538\" \/>\n\t<meta property=\"og:image:type\" content=\"image\/jpeg\" \/>\n<meta name=\"author\" content=\"Equipo Redaccion\" \/>\n<meta name=\"twitter:card\" content=\"summary_large_image\" \/>\n<meta name=\"twitter:label1\" content=\"Escrito por\" \/>\n\t<meta name=\"twitter:data1\" content=\"Equipo Redaccion\" \/>\n\t<meta name=\"twitter:label2\" content=\"Tiempo de lectura\" \/>\n\t<meta name=\"twitter:data2\" content=\"1 minuto\" \/>\n<script type=\"application\/ld+json\" class=\"yoast-schema-graph\">{\"@context\":\"https:\\\/\\\/schema.org\",\"@graph\":[{\"@type\":\"Article\",\"@id\":\"https:\\\/\\\/elotroenfoque.mx\\\/index.php\\\/2025\\\/08\\\/14\\\/detienen-a-exdirector-de-pemex-en-eu-anuncia-sheinbaum-y-celebra-reduccion-de-pobreza\\\/#article\",\"isPartOf\":{\"@id\":\"https:\\\/\\\/elotroenfoque.mx\\\/index.php\\\/2025\\\/08\\\/14\\\/detienen-a-exdirector-de-pemex-en-eu-anuncia-sheinbaum-y-celebra-reduccion-de-pobreza\\\/\"},\"author\":{\"name\":\"Equipo Redaccion\",\"@id\":\"https:\\\/\\\/elotroenfoque.mx\\\/#\\\/schema\\\/person\\\/8eb322f84d0bd9f337e462905519a1ae\"},\"headline\":\"Detienen a exdirector de Pemex en EU, anuncia Sheinbaum y celebra reducci\u00f3n de pobreza\",\"datePublished\":\"2025-08-14T16:00:52+00:00\",\"mainEntityOfPage\":{\"@id\":\"https:\\\/\\\/elotroenfoque.mx\\\/index.php\\\/2025\\\/08\\\/14\\\/detienen-a-exdirector-de-pemex-en-eu-anuncia-sheinbaum-y-celebra-reduccion-de-pobreza\\\/\"},\"wordCount\":508,\"commentCount\":0,\"image\":{\"@id\":\"https:\\\/\\\/elotroenfoque.mx\\\/index.php\\\/2025\\\/08\\\/14\\\/detienen-a-exdirector-de-pemex-en-eu-anuncia-sheinbaum-y-celebra-reduccion-de-pobreza\\\/#primaryimage\"},\"thumbnailUrl\":\"https:\\\/\\\/elotroenfoque.mx\\\/wp-content\\\/uploads\\\/2025\\\/08\\\/claudis-14-agosto.jpg\",\"keywords\":[\"Guanajuato\",\"Noticias Guanajuato\"],\"articleSection\":[\"Otras Noticias\"],\"inLanguage\":\"es\",\"potentialAction\":[{\"@type\":\"CommentAction\",\"name\":\"Comment\",\"target\":[\"https:\\\/\\\/elotroenfoque.mx\\\/index.php\\\/2025\\\/08\\\/14\\\/detienen-a-exdirector-de-pemex-en-eu-anuncia-sheinbaum-y-celebra-reduccion-de-pobreza\\\/#respond\"]}]},{\"@type\":\"WebPage\",\"@id\":\"https:\\\/\\\/elotroenfoque.mx\\\/index.php\\\/2025\\\/08\\\/14\\\/detienen-a-exdirector-de-pemex-en-eu-anuncia-sheinbaum-y-celebra-reduccion-de-pobreza\\\/\",\"url\":\"https:\\\/\\\/elotroenfoque.mx\\\/index.php\\\/2025\\\/08\\\/14\\\/detienen-a-exdirector-de-pemex-en-eu-anuncia-sheinbaum-y-celebra-reduccion-de-pobreza\\\/\",\"name\":\"Detienen a exdirector de Pemex en EU, anuncia Sheinbaum y celebra reducci\u00f3n de pobreza - El otro enfoque\",\"isPartOf\":{\"@id\":\"https:\\\/\\\/elotroenfoque.mx\\\/#website\"},\"primaryImageOfPage\":{\"@id\":\"https:\\\/\\\/elotroenfoque.mx\\\/index.php\\\/2025\\\/08\\\/14\\\/detienen-a-exdirector-de-pemex-en-eu-anuncia-sheinbaum-y-celebra-reduccion-de-pobreza\\\/#primaryimage\"},\"image\":{\"@id\":\"https:\\\/\\\/elotroenfoque.mx\\\/index.php\\\/2025\\\/08\\\/14\\\/detienen-a-exdirector-de-pemex-en-eu-anuncia-sheinbaum-y-celebra-reduccion-de-pobreza\\\/#primaryimage\"},\"thumbnailUrl\":\"https:\\\/\\\/elotroenfoque.mx\\\/wp-content\\\/uploads\\\/2025\\\/08\\\/claudis-14-agosto.jpg\",\"datePublished\":\"2025-08-14T16:00:52+00:00\",\"author\":{\"@id\":\"https:\\\/\\\/elotroenfoque.mx\\\/#\\\/schema\\\/person\\\/8eb322f84d0bd9f337e462905519a1ae\"},\"description\":\"Carlos Trevi\u00f1o, exdirector de Pemex, fue detenido en EE.UU. y ser\u00e1 juzgado en M\u00e9xico. Sheinbaum destaca reducci\u00f3n hist\u00f3rica de la pobreza y el auge del turismo internacional.\",\"breadcrumb\":{\"@id\":\"https:\\\/\\\/elotroenfoque.mx\\\/index.php\\\/2025\\\/08\\\/14\\\/detienen-a-exdirector-de-pemex-en-eu-anuncia-sheinbaum-y-celebra-reduccion-de-pobreza\\\/#breadcrumb\"},\"inLanguage\":\"es\",\"potentialAction\":[{\"@type\":\"ReadAction\",\"target\":[\"https:\\\/\\\/elotroenfoque.mx\\\/index.php\\\/2025\\\/08\\\/14\\\/detienen-a-exdirector-de-pemex-en-eu-anuncia-sheinbaum-y-celebra-reduccion-de-pobreza\\\/\"]}]},{\"@type\":\"ImageObject\",\"inLanguage\":\"es\",\"@id\":\"https:\\\/\\\/elotroenfoque.mx\\\/index.php\\\/2025\\\/08\\\/14\\\/detienen-a-exdirector-de-pemex-en-eu-anuncia-sheinbaum-y-celebra-reduccion-de-pobreza\\\/#primaryimage\",\"url\":\"https:\\\/\\\/elotroenfoque.mx\\\/wp-content\\\/uploads\\\/2025\\\/08\\\/claudis-14-agosto.jpg\",\"contentUrl\":\"https:\\\/\\\/elotroenfoque.mx\\\/wp-content\\\/uploads\\\/2025\\\/08\\\/claudis-14-agosto.jpg\",\"width\":960,\"height\":538},{\"@type\":\"BreadcrumbList\",\"@id\":\"https:\\\/\\\/elotroenfoque.mx\\\/index.php\\\/2025\\\/08\\\/14\\\/detienen-a-exdirector-de-pemex-en-eu-anuncia-sheinbaum-y-celebra-reduccion-de-pobreza\\\/#breadcrumb\",\"itemListElement\":[{\"@type\":\"ListItem\",\"position\":1,\"name\":\"Portada\",\"item\":\"https:\\\/\\\/elotroenfoque.mx\\\/\"},{\"@type\":\"ListItem\",\"position\":2,\"name\":\"Detienen a exdirector de Pemex en EU, anuncia Sheinbaum y celebra reducci\u00f3n de pobreza\"}]},{\"@type\":\"WebSite\",\"@id\":\"https:\\\/\\\/elotroenfoque.mx\\\/#website\",\"url\":\"https:\\\/\\\/elotroenfoque.mx\\\/\",\"name\":\"El otro enfoque\",\"description\":\"\",\"potentialAction\":[{\"@type\":\"SearchAction\",\"target\":{\"@type\":\"EntryPoint\",\"urlTemplate\":\"https:\\\/\\\/elotroenfoque.mx\\\/?s={search_term_string}\"},\"query-input\":{\"@type\":\"PropertyValueSpecification\",\"valueRequired\":true,\"valueName\":\"search_term_string\"}}],\"inLanguage\":\"es\"},{\"@type\":\"Person\",\"@id\":\"https:\\\/\\\/elotroenfoque.mx\\\/#\\\/schema\\\/person\\\/8eb322f84d0bd9f337e462905519a1ae\",\"name\":\"Equipo Redaccion\",\"image\":{\"@type\":\"ImageObject\",\"inLanguage\":\"es\",\"@id\":\"https:\\\/\\\/secure.gravatar.com\\\/avatar\\\/3579478e2b4e7aad364a32b26cf744b360ae0e581ee1cd0cb18a8f239ee49ac4?s=96&d=mm&r=g\",\"url\":\"https:\\\/\\\/secure.gravatar.com\\\/avatar\\\/3579478e2b4e7aad364a32b26cf744b360ae0e581ee1cd0cb18a8f239ee49ac4?s=96&d=mm&r=g\",\"contentUrl\":\"https:\\\/\\\/secure.gravatar.com\\\/avatar\\\/3579478e2b4e7aad364a32b26cf744b360ae0e581ee1cd0cb18a8f239ee49ac4?s=96&d=mm&r=g\",\"caption\":\"Equipo Redaccion\"},\"url\":\"https:\\\/\\\/elotroenfoque.mx\\\/index.php\\\/author\\\/redaccion\\\/\"}]}<\/script>\n<!-- \/ Yoast SEO plugin. -->","yoast_head_json":{"title":"Detienen a exdirector de Pemex en EU, anuncia Sheinbaum y celebra reducci\u00f3n de pobreza - El otro enfoque","description":"Carlos Trevi\u00f1o, exdirector de Pemex, fue detenido en EE.UU. y ser\u00e1 juzgado en M\u00e9xico. Sheinbaum destaca reducci\u00f3n hist\u00f3rica de la pobreza y el auge del turismo internacional.","robots":{"index":"index","follow":"follow","max-snippet":"max-snippet:-1","max-image-preview":"max-image-preview:large","max-video-preview":"max-video-preview:-1"},"canonical":"https:\/\/elotroenfoque.mx\/index.php\/2025\/08\/14\/detienen-a-exdirector-de-pemex-en-eu-anuncia-sheinbaum-y-celebra-reduccion-de-pobreza\/","og_locale":"es_MX","og_type":"article","og_title":"Detienen a exdirector de Pemex en EU, anuncia Sheinbaum y celebra reducci\u00f3n de pobreza - El otro enfoque","og_description":"Carlos Trevi\u00f1o, exdirector de Pemex, fue detenido en EE.UU. y ser\u00e1 juzgado en M\u00e9xico. Sheinbaum destaca reducci\u00f3n hist\u00f3rica de la pobreza y el auge del turismo internacional.","og_url":"https:\/\/elotroenfoque.mx\/index.php\/2025\/08\/14\/detienen-a-exdirector-de-pemex-en-eu-anuncia-sheinbaum-y-celebra-reduccion-de-pobreza\/","og_site_name":"El otro enfoque","article_published_time":"2025-08-14T16:00:52+00:00","og_image":[{"width":960,"height":538,"url":"https:\/\/elotroenfoque.mx\/wp-content\/uploads\/2025\/08\/claudis-14-agosto.jpg","type":"image\/jpeg"}],"author":"Equipo Redaccion","twitter_card":"summary_large_image","twitter_misc":{"Escrito por":"Equipo Redaccion","Tiempo de lectura":"1 minuto"},"schema":{"@context":"https:\/\/schema.org","@graph":[{"@type":"Article","@id":"https:\/\/elotroenfoque.mx\/index.php\/2025\/08\/14\/detienen-a-exdirector-de-pemex-en-eu-anuncia-sheinbaum-y-celebra-reduccion-de-pobreza\/#article","isPartOf":{"@id":"https:\/\/elotroenfoque.mx\/index.php\/2025\/08\/14\/detienen-a-exdirector-de-pemex-en-eu-anuncia-sheinbaum-y-celebra-reduccion-de-pobreza\/"},"author":{"name":"Equipo Redaccion","@id":"https:\/\/elotroenfoque.mx\/#\/schema\/person\/8eb322f84d0bd9f337e462905519a1ae"},"headline":"Detienen a exdirector de Pemex en EU, anuncia Sheinbaum y celebra reducci\u00f3n de pobreza","datePublished":"2025-08-14T16:00:52+00:00","mainEntityOfPage":{"@id":"https:\/\/elotroenfoque.mx\/index.php\/2025\/08\/14\/detienen-a-exdirector-de-pemex-en-eu-anuncia-sheinbaum-y-celebra-reduccion-de-pobreza\/"},"wordCount":508,"commentCount":0,"image":{"@id":"https:\/\/elotroenfoque.mx\/index.php\/2025\/08\/14\/detienen-a-exdirector-de-pemex-en-eu-anuncia-sheinbaum-y-celebra-reduccion-de-pobreza\/#primaryimage"},"thumbnailUrl":"https:\/\/elotroenfoque.mx\/wp-content\/uploads\/2025\/08\/claudis-14-agosto.jpg","keywords":["Guanajuato","Noticias Guanajuato"],"articleSection":["Otras Noticias"],"inLanguage":"es","potentialAction":[{"@type":"CommentAction","name":"Comment","target":["https:\/\/elotroenfoque.mx\/index.php\/2025\/08\/14\/detienen-a-exdirector-de-pemex-en-eu-anuncia-sheinbaum-y-celebra-reduccion-de-pobreza\/#respond"]}]},{"@type":"WebPage","@id":"https:\/\/elotroenfoque.mx\/index.php\/2025\/08\/14\/detienen-a-exdirector-de-pemex-en-eu-anuncia-sheinbaum-y-celebra-reduccion-de-pobreza\/","url":"https:\/\/elotroenfoque.mx\/index.php\/2025\/08\/14\/detienen-a-exdirector-de-pemex-en-eu-anuncia-sheinbaum-y-celebra-reduccion-de-pobreza\/","name":"Detienen a exdirector de Pemex en EU, anuncia Sheinbaum y celebra reducci\u00f3n de pobreza - El otro enfoque","isPartOf":{"@id":"https:\/\/elotroenfoque.mx\/#website"},"primaryImageOfPage":{"@id":"https:\/\/elotroenfoque.mx\/index.php\/2025\/08\/14\/detienen-a-exdirector-de-pemex-en-eu-anuncia-sheinbaum-y-celebra-reduccion-de-pobreza\/#primaryimage"},"image":{"@id":"https:\/\/elotroenfoque.mx\/index.php\/2025\/08\/14\/detienen-a-exdirector-de-pemex-en-eu-anuncia-sheinbaum-y-celebra-reduccion-de-pobreza\/#primaryimage"},"thumbnailUrl":"https:\/\/elotroenfoque.mx\/wp-content\/uploads\/2025\/08\/claudis-14-agosto.jpg","datePublished":"2025-08-14T16:00:52+00:00","author":{"@id":"https:\/\/elotroenfoque.mx\/#\/schema\/person\/8eb322f84d0bd9f337e462905519a1ae"},"description":"Carlos Trevi\u00f1o, exdirector de Pemex, fue detenido en EE.UU. y ser\u00e1 juzgado en M\u00e9xico. Sheinbaum destaca reducci\u00f3n hist\u00f3rica de la pobreza y el auge del turismo internacional.","breadcrumb":{"@id":"https:\/\/elotroenfoque.mx\/index.php\/2025\/08\/14\/detienen-a-exdirector-de-pemex-en-eu-anuncia-sheinbaum-y-celebra-reduccion-de-pobreza\/#breadcrumb"},"inLanguage":"es","potentialAction":[{"@type":"ReadAction","target":["https:\/\/elotroenfoque.mx\/index.php\/2025\/08\/14\/detienen-a-exdirector-de-pemex-en-eu-anuncia-sheinbaum-y-celebra-reduccion-de-pobreza\/"]}]},{"@type":"ImageObject","inLanguage":"es","@id":"https:\/\/elotroenfoque.mx\/index.php\/2025\/08\/14\/detienen-a-exdirector-de-pemex-en-eu-anuncia-sheinbaum-y-celebra-reduccion-de-pobreza\/#primaryimage","url":"https:\/\/elotroenfoque.mx\/wp-content\/uploads\/2025\/08\/claudis-14-agosto.jpg","contentUrl":"https:\/\/elotroenfoque.mx\/wp-content\/uploads\/2025\/08\/claudis-14-agosto.jpg","width":960,"height":538},{"@type":"BreadcrumbList","@id":"https:\/\/elotroenfoque.mx\/index.php\/2025\/08\/14\/detienen-a-exdirector-de-pemex-en-eu-anuncia-sheinbaum-y-celebra-reduccion-de-pobreza\/#breadcrumb","itemListElement":[{"@type":"ListItem","position":1,"name":"Portada","item":"https:\/\/elotroenfoque.mx\/"},{"@type":"ListItem","position":2,"name":"Detienen a exdirector de Pemex en EU, anuncia Sheinbaum y celebra reducci\u00f3n de pobreza"}]},{"@type":"WebSite","@id":"https:\/\/elotroenfoque.mx\/#website","url":"https:\/\/elotroenfoque.mx\/","name":"El otro enfoque","description":"","potentialAction":[{"@type":"SearchAction","target":{"@type":"EntryPoint","urlTemplate":"https:\/\/elotroenfoque.mx\/?s={search_term_string}"},"query-input":{"@type":"PropertyValueSpecification","valueRequired":true,"valueName":"search_term_string"}}],"inLanguage":"es"},{"@type":"Person","@id":"https:\/\/elotroenfoque.mx\/#\/schema\/person\/8eb322f84d0bd9f337e462905519a1ae","name":"Equipo Redaccion","image":{"@type":"ImageObject","inLanguage":"es","@id":"https:\/\/secure.gravatar.com\/avatar\/3579478e2b4e7aad364a32b26cf744b360ae0e581ee1cd0cb18a8f239ee49ac4?s=96&d=mm&r=g","url":"https:\/\/secure.gravatar.com\/avatar\/3579478e2b4e7aad364a32b26cf744b360ae0e581ee1cd0cb18a8f239ee49ac4?s=96&d=mm&r=g","contentUrl":"https:\/\/secure.gravatar.com\/avatar\/3579478e2b4e7aad364a32b26cf744b360ae0e581ee1cd0cb18a8f239ee49ac4?s=96&d=mm&r=g","caption":"Equipo Redaccion"},"url":"https:\/\/elotroenfoque.mx\/index.php\/author\/redaccion\/"}]}},"_links":{"self":[{"href":"https:\/\/elotroenfoque.mx\/index.php\/wp-json\/wp\/v2\/posts\/163045","targetHints":{"allow":["GET"]}}],"collection":[{"href":"https:\/\/elotroenfoque.mx\/index.php\/wp-json\/wp\/v2\/posts"}],"about":[{"href":"https:\/\/elotroenfoque.mx\/index.php\/wp-json\/wp\/v2\/types\/post"}],"author":[{"embeddable":true,"href":"https:\/\/elotroenfoque.mx\/index.php\/wp-json\/wp\/v2\/users\/4"}],"replies":[{"embeddable":true,"href":"https:\/\/elotroenfoque.mx\/index.php\/wp-json\/wp\/v2\/comments?post=163045"}],"version-history":[{"count":1,"href":"https:\/\/elotroenfoque.mx\/index.php\/wp-json\/wp\/v2\/posts\/163045\/revisions"}],"predecessor-version":[{"id":163048,"href":"https:\/\/elotroenfoque.mx\/index.php\/wp-json\/wp\/v2\/posts\/163045\/revisions\/163048"}],"wp:featuredmedia":[{"embeddable":true,"href":"https:\/\/elotroenfoque.mx\/index.php\/wp-json\/wp\/v2\/media\/163046"}],"wp:attachment":[{"href":"https:\/\/elotroenfoque.mx\/index.php\/wp-json\/wp\/v2\/media?parent=163045"}],"wp:term":[{"taxonomy":"category","embeddable":true,"href":"https:\/\/elotroenfoque.mx\/index.php\/wp-json\/wp\/v2\/categories?post=163045"},{"taxonomy":"post_tag","embeddable":true,"href":"https:\/\/elotroenfoque.mx\/index.php\/wp-json\/wp\/v2\/tags?post=163045"}],"curies":[{"name":"wp","href":"https:\/\/api.w.org\/{rel}","templated":true}]}}