{"id":167038,"date":"2025-09-28T13:20:48","date_gmt":"2025-09-28T19:20:48","guid":{"rendered":"https:\/\/elotroenfoque.mx\/?p=167038"},"modified":"2025-09-29T07:45:37","modified_gmt":"2025-09-29T13:45:37","slug":"pemex-punto-de-quiebre-en-2026","status":"publish","type":"post","link":"https:\/\/elotroenfoque.mx\/index.php\/2025\/09\/28\/pemex-punto-de-quiebre-en-2026\/","title":{"rendered":"Pemex, punto de quiebre en 2026"},"content":{"rendered":"\n<p class=\"wp-block-paragraph\">Ciudad de M\u00e9xico.- Cada a\u00f1o, mientras\u00a0las transferencias del presupuesto federal para mantener a Pemex a flote van en aumento, la empresa contribuye cada vez menos a financiar servicios b\u00e1sicos como salud, educaci\u00f3n o seguridad. Pero este 2026 marcar\u00e1 un punto de quiebre, de acuerdo con una publicaci\u00f3n de <em><a href=\"https:\/\/www.mexicoevalua.org\/pemex-ya-no-aportara-en-2026-ahora-cobrara-a-los-mexicanos\/\">M\u00e9xico Eval\u00faa<\/a><\/em>.<\/p>\n\n\n\n<p class=\"has-white-color has-vivid-red-background-color has-text-color has-background has-link-color wp-elements-1 wp-block-paragraph\">El a\u00f1o pr\u00f3ximo, la paraestatal apenas entregar\u00e1 el equivalente a\u00a01,731 pesos por habitante. Para dimensionar, esto es 57% menos de lo que aportaba hace diez a\u00f1os (2,299 pesos). <\/p>\n\n\n\n<p class=\"has-white-color has-midnight-gradient-background has-text-color has-background has-link-color wp-elements-2 wp-block-paragraph\">Sin embargo, la ca\u00edda en las aportaciones no es lo que ha cambiado. Lo nuevo es el balance negativo.\u00a0Cada persona en M\u00e9xico deber\u00e1 poner 1,960 pesos\u00a0para cubrir las deudas de la petrolera: no s\u00f3lo es un alza de 85% respecto al a\u00f1o anterior, sino que la diferencia entre lo que aporta y lo que se lleva, marca una p\u00e9rdida de\u00a0230 pesos\u00a0per c\u00e1pita. Hay tres factores para entender este d\u00e9ficit:\u00a0<\/p>\n\n\n\n<h3 class=\"wp-block-heading\"><strong>Factor 1. Una plataforma petrolera en declive<\/strong><\/h3>\n\n\n\n<p class=\"wp-block-paragraph\">Tanto por el agotamiento natural de los pozos petroleros, como por una menor inversi\u00f3n en exploraci\u00f3n,&nbsp;<strong>la producci\u00f3n de crudo en el pa\u00eds no ha dejado de caer desde 2021<\/strong>. A junio de 2025, se produjeron en el pa\u00eds un promedio de 1,366 miles de barriles diarios (mbd), el monto m\u00e1s bajo en por lo menos 35 a\u00f1os. Si comparamos esta cifra frente al promedio de 2004 (3,306 mbd), la producci\u00f3n ha ca\u00eddo en m\u00e1s de la mitad. Si se produce menos crudo, hay menos ingresos por su venta.&nbsp;<\/p>\n\n\n\n<p class=\"wp-block-paragraph\">Aqu\u00ed hay que hacer una precisi\u00f3n. Desde 2018, las cifras oficiales de producci\u00f3n de hidrocarburos&nbsp;<strong>contienen no s\u00f3lo la producci\u00f3n de crudo, sino de condensados<\/strong>. Estos son hidrocarburos que en el subsuelo se encuentran en forma gaseosa y que, al salir a la superficie, se transforman en l\u00edquidos. Los condensados se utilizan principalmente para fabricar pl\u00e1sticos, solventes y gasolinas ligeras, mientras que el crudo tiene aplicaciones m\u00e1s amplias en la refinaci\u00f3n.&nbsp;<\/p>\n\n\n\n<p class=\"wp-block-paragraph\">Antes de 2018, estos vol\u00famenes no se contabilizaban dentro de la producci\u00f3n nacional, y s\u00f3lo se inclu\u00eda al crudo. Al integrar los condensados en las cifras actuales, la ca\u00edda en la producci\u00f3n de hidrocarburos parece menos pronunciada.<\/p>\n\n\n\n<p class=\"wp-block-paragraph\">En cualquier caso, para 2026 se estima una producci\u00f3n de 1,794 mbd de hidrocarburos incluyendo condensados, algo que no se ha alcanzado desde 2023. A junio de 2025,&nbsp;<strong>la producci\u00f3n promedia un nivel de 1,626 mbd, el monto m\u00e1s bajo desde 2018<\/strong>&nbsp;que hay cifras comparables.&nbsp;<\/p>\n\n\n\n<p class=\"wp-block-paragraph\">A pesar del contexto, para 2026 se espera que el total de ingresos por la venta de petr\u00f3leo de Pemex (ingresos petroleros del sector p\u00fablico) sea de 1.2 billones de pesos, un crecimiento de 20% %, o 204 mil millones de pesos (mmdp) frente al cierre estimado de 2025.&nbsp;<strong>El alza se basa en el supuesto de una mejora en la producci\u00f3n, lo cual es optimista.<\/strong>&nbsp;De no cumplirse la meta, como probablemente suceder\u00e1, los ingresos petroleros ser\u00e1n menores a lo anticipado.<\/p>\n\n\n\n<p class=\"has-text-align-center has-white-color has-vivid-red-background-color has-text-color has-background has-link-color has-medium-font-size wp-elements-3 wp-block-paragraph\"><a href=\"https:\/\/www.mexicoevalua.org\/pemex-ya-no-aportara-en-2026-ahora-cobrara-a-los-mexicanos\/\">La nota completa en M\u00e9xico Eval\u00faa: Pemex ya no aportar\u00e1 en 2026, ahora cobrar\u00e1 a los mexicanos<\/a><\/p>\n","protected":false},"excerpt":{"rendered":"<p>Pemex ya no aportar\u00e1 en 2026, ahora cobrar\u00e1 a los mexicanos<\/p>\n","protected":false},"author":4,"featured_media":167039,"comment_status":"closed","ping_status":"open","sticky":false,"template":"","format":"standard","meta":{"footnotes":""},"categories":[11],"tags":[],"class_list":["post-167038","post","type-post","status-publish","format-standard","has-post-thumbnail","hentry","category-otrasnoticias"],"yoast_head":"<!-- This site is optimized with the Yoast SEO plugin v28.2 - https:\/\/yoast.com\/product\/yoast-seo-wordpress\/ -->\n<title>Pemex, punto de quiebre en 2026<\/title>\n<meta name=\"description\" content=\"Pemex ya no aportar\u00e1 en 2026, ahora cobrar\u00e1 a los mexicanos\" \/>\n<meta name=\"robots\" content=\"index, follow, max-snippet:-1, max-image-preview:large, max-video-preview:-1\" \/>\n<link rel=\"canonical\" href=\"https:\/\/elotroenfoque.mx\/index.php\/2025\/09\/28\/pemex-punto-de-quiebre-en-2026\/\" \/>\n<meta property=\"og:locale\" content=\"es_MX\" \/>\n<meta property=\"og:type\" content=\"article\" \/>\n<meta property=\"og:title\" content=\"Pemex, punto de quiebre en 2026\" \/>\n<meta property=\"og:description\" content=\"Pemex ya no aportar\u00e1 en 2026, ahora cobrar\u00e1 a los mexicanos\" \/>\n<meta property=\"og:url\" content=\"https:\/\/elotroenfoque.mx\/index.php\/2025\/09\/28\/pemex-punto-de-quiebre-en-2026\/\" \/>\n<meta property=\"og:site_name\" content=\"El otro enfoque\" \/>\n<meta property=\"article:published_time\" content=\"2025-09-28T19:20:48+00:00\" \/>\n<meta property=\"article:modified_time\" content=\"2025-09-29T13:45:37+00:00\" \/>\n<meta property=\"og:image\" content=\"https:\/\/elotroenfoque.mx\/wp-content\/uploads\/2025\/09\/Pemex.png\" \/>\n\t<meta property=\"og:image:width\" content=\"1110\" \/>\n\t<meta property=\"og:image:height\" content=\"582\" \/>\n\t<meta property=\"og:image:type\" content=\"image\/png\" \/>\n<meta name=\"author\" content=\"Equipo Redaccion\" \/>\n<meta name=\"twitter:card\" content=\"summary_large_image\" \/>\n<meta name=\"twitter:label1\" content=\"Escrito por\" \/>\n\t<meta name=\"twitter:data1\" content=\"Equipo Redaccion\" \/>\n\t<meta name=\"twitter:label2\" content=\"Tiempo de lectura\" \/>\n\t<meta name=\"twitter:data2\" content=\"3 minutos\" \/>\n<script type=\"application\/ld+json\" class=\"yoast-schema-graph\">{\"@context\":\"https:\\\/\\\/schema.org\",\"@graph\":[{\"@type\":\"Article\",\"@id\":\"https:\\\/\\\/elotroenfoque.mx\\\/index.php\\\/2025\\\/09\\\/28\\\/pemex-punto-de-quiebre-en-2026\\\/#article\",\"isPartOf\":{\"@id\":\"https:\\\/\\\/elotroenfoque.mx\\\/index.php\\\/2025\\\/09\\\/28\\\/pemex-punto-de-quiebre-en-2026\\\/\"},\"author\":{\"name\":\"Equipo Redaccion\",\"@id\":\"https:\\\/\\\/elotroenfoque.mx\\\/#\\\/schema\\\/person\\\/8eb322f84d0bd9f337e462905519a1ae\"},\"headline\":\"Pemex, punto de quiebre en 2026\",\"datePublished\":\"2025-09-28T19:20:48+00:00\",\"dateModified\":\"2025-09-29T13:45:37+00:00\",\"mainEntityOfPage\":{\"@id\":\"https:\\\/\\\/elotroenfoque.mx\\\/index.php\\\/2025\\\/09\\\/28\\\/pemex-punto-de-quiebre-en-2026\\\/\"},\"wordCount\":538,\"image\":{\"@id\":\"https:\\\/\\\/elotroenfoque.mx\\\/index.php\\\/2025\\\/09\\\/28\\\/pemex-punto-de-quiebre-en-2026\\\/#primaryimage\"},\"thumbnailUrl\":\"https:\\\/\\\/elotroenfoque.mx\\\/wp-content\\\/uploads\\\/2025\\\/09\\\/Pemex.png\",\"articleSection\":[\"Otras Noticias\"],\"inLanguage\":\"es\"},{\"@type\":\"WebPage\",\"@id\":\"https:\\\/\\\/elotroenfoque.mx\\\/index.php\\\/2025\\\/09\\\/28\\\/pemex-punto-de-quiebre-en-2026\\\/\",\"url\":\"https:\\\/\\\/elotroenfoque.mx\\\/index.php\\\/2025\\\/09\\\/28\\\/pemex-punto-de-quiebre-en-2026\\\/\",\"name\":\"Pemex, punto de quiebre en 2026\",\"isPartOf\":{\"@id\":\"https:\\\/\\\/elotroenfoque.mx\\\/#website\"},\"primaryImageOfPage\":{\"@id\":\"https:\\\/\\\/elotroenfoque.mx\\\/index.php\\\/2025\\\/09\\\/28\\\/pemex-punto-de-quiebre-en-2026\\\/#primaryimage\"},\"image\":{\"@id\":\"https:\\\/\\\/elotroenfoque.mx\\\/index.php\\\/2025\\\/09\\\/28\\\/pemex-punto-de-quiebre-en-2026\\\/#primaryimage\"},\"thumbnailUrl\":\"https:\\\/\\\/elotroenfoque.mx\\\/wp-content\\\/uploads\\\/2025\\\/09\\\/Pemex.png\",\"datePublished\":\"2025-09-28T19:20:48+00:00\",\"dateModified\":\"2025-09-29T13:45:37+00:00\",\"author\":{\"@id\":\"https:\\\/\\\/elotroenfoque.mx\\\/#\\\/schema\\\/person\\\/8eb322f84d0bd9f337e462905519a1ae\"},\"description\":\"Pemex ya no aportar\u00e1 en 2026, ahora cobrar\u00e1 a los mexicanos\",\"breadcrumb\":{\"@id\":\"https:\\\/\\\/elotroenfoque.mx\\\/index.php\\\/2025\\\/09\\\/28\\\/pemex-punto-de-quiebre-en-2026\\\/#breadcrumb\"},\"inLanguage\":\"es\",\"potentialAction\":[{\"@type\":\"ReadAction\",\"target\":[\"https:\\\/\\\/elotroenfoque.mx\\\/index.php\\\/2025\\\/09\\\/28\\\/pemex-punto-de-quiebre-en-2026\\\/\"]}]},{\"@type\":\"ImageObject\",\"inLanguage\":\"es\",\"@id\":\"https:\\\/\\\/elotroenfoque.mx\\\/index.php\\\/2025\\\/09\\\/28\\\/pemex-punto-de-quiebre-en-2026\\\/#primaryimage\",\"url\":\"https:\\\/\\\/elotroenfoque.mx\\\/wp-content\\\/uploads\\\/2025\\\/09\\\/Pemex.png\",\"contentUrl\":\"https:\\\/\\\/elotroenfoque.mx\\\/wp-content\\\/uploads\\\/2025\\\/09\\\/Pemex.png\",\"width\":1110,\"height\":582},{\"@type\":\"BreadcrumbList\",\"@id\":\"https:\\\/\\\/elotroenfoque.mx\\\/index.php\\\/2025\\\/09\\\/28\\\/pemex-punto-de-quiebre-en-2026\\\/#breadcrumb\",\"itemListElement\":[{\"@type\":\"ListItem\",\"position\":1,\"name\":\"Portada\",\"item\":\"https:\\\/\\\/elotroenfoque.mx\\\/\"},{\"@type\":\"ListItem\",\"position\":2,\"name\":\"Pemex, punto de quiebre en 2026\"}]},{\"@type\":\"WebSite\",\"@id\":\"https:\\\/\\\/elotroenfoque.mx\\\/#website\",\"url\":\"https:\\\/\\\/elotroenfoque.mx\\\/\",\"name\":\"El otro enfoque\",\"description\":\"\",\"potentialAction\":[{\"@type\":\"SearchAction\",\"target\":{\"@type\":\"EntryPoint\",\"urlTemplate\":\"https:\\\/\\\/elotroenfoque.mx\\\/?s={search_term_string}\"},\"query-input\":{\"@type\":\"PropertyValueSpecification\",\"valueRequired\":true,\"valueName\":\"search_term_string\"}}],\"inLanguage\":\"es\"},{\"@type\":\"Person\",\"@id\":\"https:\\\/\\\/elotroenfoque.mx\\\/#\\\/schema\\\/person\\\/8eb322f84d0bd9f337e462905519a1ae\",\"name\":\"Equipo Redaccion\",\"image\":{\"@type\":\"ImageObject\",\"inLanguage\":\"es\",\"@id\":\"https:\\\/\\\/secure.gravatar.com\\\/avatar\\\/3579478e2b4e7aad364a32b26cf744b360ae0e581ee1cd0cb18a8f239ee49ac4?s=96&d=mm&r=g\",\"url\":\"https:\\\/\\\/secure.gravatar.com\\\/avatar\\\/3579478e2b4e7aad364a32b26cf744b360ae0e581ee1cd0cb18a8f239ee49ac4?s=96&d=mm&r=g\",\"contentUrl\":\"https:\\\/\\\/secure.gravatar.com\\\/avatar\\\/3579478e2b4e7aad364a32b26cf744b360ae0e581ee1cd0cb18a8f239ee49ac4?s=96&d=mm&r=g\",\"caption\":\"Equipo Redaccion\"},\"url\":\"https:\\\/\\\/elotroenfoque.mx\\\/index.php\\\/author\\\/redaccion\\\/\"}]}<\/script>\n<!-- \/ Yoast SEO plugin. -->","yoast_head_json":{"title":"Pemex, punto de quiebre en 2026","description":"Pemex ya no aportar\u00e1 en 2026, ahora cobrar\u00e1 a los mexicanos","robots":{"index":"index","follow":"follow","max-snippet":"max-snippet:-1","max-image-preview":"max-image-preview:large","max-video-preview":"max-video-preview:-1"},"canonical":"https:\/\/elotroenfoque.mx\/index.php\/2025\/09\/28\/pemex-punto-de-quiebre-en-2026\/","og_locale":"es_MX","og_type":"article","og_title":"Pemex, punto de quiebre en 2026","og_description":"Pemex ya no aportar\u00e1 en 2026, ahora cobrar\u00e1 a los mexicanos","og_url":"https:\/\/elotroenfoque.mx\/index.php\/2025\/09\/28\/pemex-punto-de-quiebre-en-2026\/","og_site_name":"El otro enfoque","article_published_time":"2025-09-28T19:20:48+00:00","article_modified_time":"2025-09-29T13:45:37+00:00","og_image":[{"width":1110,"height":582,"url":"https:\/\/elotroenfoque.mx\/wp-content\/uploads\/2025\/09\/Pemex.png","type":"image\/png"}],"author":"Equipo Redaccion","twitter_card":"summary_large_image","twitter_misc":{"Escrito por":"Equipo Redaccion","Tiempo de lectura":"3 minutos"},"schema":{"@context":"https:\/\/schema.org","@graph":[{"@type":"Article","@id":"https:\/\/elotroenfoque.mx\/index.php\/2025\/09\/28\/pemex-punto-de-quiebre-en-2026\/#article","isPartOf":{"@id":"https:\/\/elotroenfoque.mx\/index.php\/2025\/09\/28\/pemex-punto-de-quiebre-en-2026\/"},"author":{"name":"Equipo Redaccion","@id":"https:\/\/elotroenfoque.mx\/#\/schema\/person\/8eb322f84d0bd9f337e462905519a1ae"},"headline":"Pemex, punto de quiebre en 2026","datePublished":"2025-09-28T19:20:48+00:00","dateModified":"2025-09-29T13:45:37+00:00","mainEntityOfPage":{"@id":"https:\/\/elotroenfoque.mx\/index.php\/2025\/09\/28\/pemex-punto-de-quiebre-en-2026\/"},"wordCount":538,"image":{"@id":"https:\/\/elotroenfoque.mx\/index.php\/2025\/09\/28\/pemex-punto-de-quiebre-en-2026\/#primaryimage"},"thumbnailUrl":"https:\/\/elotroenfoque.mx\/wp-content\/uploads\/2025\/09\/Pemex.png","articleSection":["Otras Noticias"],"inLanguage":"es"},{"@type":"WebPage","@id":"https:\/\/elotroenfoque.mx\/index.php\/2025\/09\/28\/pemex-punto-de-quiebre-en-2026\/","url":"https:\/\/elotroenfoque.mx\/index.php\/2025\/09\/28\/pemex-punto-de-quiebre-en-2026\/","name":"Pemex, punto de quiebre en 2026","isPartOf":{"@id":"https:\/\/elotroenfoque.mx\/#website"},"primaryImageOfPage":{"@id":"https:\/\/elotroenfoque.mx\/index.php\/2025\/09\/28\/pemex-punto-de-quiebre-en-2026\/#primaryimage"},"image":{"@id":"https:\/\/elotroenfoque.mx\/index.php\/2025\/09\/28\/pemex-punto-de-quiebre-en-2026\/#primaryimage"},"thumbnailUrl":"https:\/\/elotroenfoque.mx\/wp-content\/uploads\/2025\/09\/Pemex.png","datePublished":"2025-09-28T19:20:48+00:00","dateModified":"2025-09-29T13:45:37+00:00","author":{"@id":"https:\/\/elotroenfoque.mx\/#\/schema\/person\/8eb322f84d0bd9f337e462905519a1ae"},"description":"Pemex ya no aportar\u00e1 en 2026, ahora cobrar\u00e1 a los mexicanos","breadcrumb":{"@id":"https:\/\/elotroenfoque.mx\/index.php\/2025\/09\/28\/pemex-punto-de-quiebre-en-2026\/#breadcrumb"},"inLanguage":"es","potentialAction":[{"@type":"ReadAction","target":["https:\/\/elotroenfoque.mx\/index.php\/2025\/09\/28\/pemex-punto-de-quiebre-en-2026\/"]}]},{"@type":"ImageObject","inLanguage":"es","@id":"https:\/\/elotroenfoque.mx\/index.php\/2025\/09\/28\/pemex-punto-de-quiebre-en-2026\/#primaryimage","url":"https:\/\/elotroenfoque.mx\/wp-content\/uploads\/2025\/09\/Pemex.png","contentUrl":"https:\/\/elotroenfoque.mx\/wp-content\/uploads\/2025\/09\/Pemex.png","width":1110,"height":582},{"@type":"BreadcrumbList","@id":"https:\/\/elotroenfoque.mx\/index.php\/2025\/09\/28\/pemex-punto-de-quiebre-en-2026\/#breadcrumb","itemListElement":[{"@type":"ListItem","position":1,"name":"Portada","item":"https:\/\/elotroenfoque.mx\/"},{"@type":"ListItem","position":2,"name":"Pemex, punto de quiebre en 2026"}]},{"@type":"WebSite","@id":"https:\/\/elotroenfoque.mx\/#website","url":"https:\/\/elotroenfoque.mx\/","name":"El otro enfoque","description":"","potentialAction":[{"@type":"SearchAction","target":{"@type":"EntryPoint","urlTemplate":"https:\/\/elotroenfoque.mx\/?s={search_term_string}"},"query-input":{"@type":"PropertyValueSpecification","valueRequired":true,"valueName":"search_term_string"}}],"inLanguage":"es"},{"@type":"Person","@id":"https:\/\/elotroenfoque.mx\/#\/schema\/person\/8eb322f84d0bd9f337e462905519a1ae","name":"Equipo Redaccion","image":{"@type":"ImageObject","inLanguage":"es","@id":"https:\/\/secure.gravatar.com\/avatar\/3579478e2b4e7aad364a32b26cf744b360ae0e581ee1cd0cb18a8f239ee49ac4?s=96&d=mm&r=g","url":"https:\/\/secure.gravatar.com\/avatar\/3579478e2b4e7aad364a32b26cf744b360ae0e581ee1cd0cb18a8f239ee49ac4?s=96&d=mm&r=g","contentUrl":"https:\/\/secure.gravatar.com\/avatar\/3579478e2b4e7aad364a32b26cf744b360ae0e581ee1cd0cb18a8f239ee49ac4?s=96&d=mm&r=g","caption":"Equipo Redaccion"},"url":"https:\/\/elotroenfoque.mx\/index.php\/author\/redaccion\/"}]}},"_links":{"self":[{"href":"https:\/\/elotroenfoque.mx\/index.php\/wp-json\/wp\/v2\/posts\/167038","targetHints":{"allow":["GET"]}}],"collection":[{"href":"https:\/\/elotroenfoque.mx\/index.php\/wp-json\/wp\/v2\/posts"}],"about":[{"href":"https:\/\/elotroenfoque.mx\/index.php\/wp-json\/wp\/v2\/types\/post"}],"author":[{"embeddable":true,"href":"https:\/\/elotroenfoque.mx\/index.php\/wp-json\/wp\/v2\/users\/4"}],"replies":[{"embeddable":true,"href":"https:\/\/elotroenfoque.mx\/index.php\/wp-json\/wp\/v2\/comments?post=167038"}],"version-history":[{"count":1,"href":"https:\/\/elotroenfoque.mx\/index.php\/wp-json\/wp\/v2\/posts\/167038\/revisions"}],"predecessor-version":[{"id":167040,"href":"https:\/\/elotroenfoque.mx\/index.php\/wp-json\/wp\/v2\/posts\/167038\/revisions\/167040"}],"wp:featuredmedia":[{"embeddable":true,"href":"https:\/\/elotroenfoque.mx\/index.php\/wp-json\/wp\/v2\/media\/167039"}],"wp:attachment":[{"href":"https:\/\/elotroenfoque.mx\/index.php\/wp-json\/wp\/v2\/media?parent=167038"}],"wp:term":[{"taxonomy":"category","embeddable":true,"href":"https:\/\/elotroenfoque.mx\/index.php\/wp-json\/wp\/v2\/categories?post=167038"},{"taxonomy":"post_tag","embeddable":true,"href":"https:\/\/elotroenfoque.mx\/index.php\/wp-json\/wp\/v2\/tags?post=167038"}],"curies":[{"name":"wp","href":"https:\/\/api.w.org\/{rel}","templated":true}]}}