{"id":184905,"date":"2026-05-07T20:02:11","date_gmt":"2026-05-08T02:02:11","guid":{"rendered":"https:\/\/elotroenfoque.mx\/?p=184905"},"modified":"2026-05-07T20:02:12","modified_gmt":"2026-05-08T02:02:12","slug":"derechos-humanos-acredita-acoso-sexual-de-mando-policiaco-en-silao","status":"publish","type":"post","link":"https:\/\/elotroenfoque.mx\/index.php\/2026\/05\/07\/derechos-humanos-acredita-acoso-sexual-de-mando-policiaco-en-silao\/","title":{"rendered":"Derechos Humanos acredita acoso sexual de mando policiaco en Silao"},"content":{"rendered":"\n<p class=\"wp-block-paragraph\">La Procuradur\u00eda de los Derechos Humanos del Estado de Guanajuato se\u00f1al\u00f3 que un exmando de la Polic\u00eda Municipal de Silao habr\u00eda cometido actos de acoso sexual y laboral contra una mujer polic\u00eda, por lo que pidi\u00f3 al Gobierno Municipal iniciar investigaciones y aplicar medidas de atenci\u00f3n a la v\u00edctima.<\/p>\n\n\n\n<p class=\"wp-block-paragraph\">La denuncia fue presentada por una oficial del \u00e1rea de emergencias, quien acus\u00f3 al entonces comisario Sergio Hern\u00e1ndez Rojas de realizar comentarios sexuales, insinuaciones y pedirle fotograf\u00edas \u00edntimas mientras se encontraba en funciones.<\/p>\n\n\n\n<p class=\"wp-block-paragraph\">Seg\u00fan la resoluci\u00f3n emitida por Derechos Humanos, testimonios recabados durante la investigaci\u00f3n respaldaron parte de las acusaciones y se\u00f1alaron que otras mujeres habr\u00edan recibido mensajes inc\u00f3modos del mando policiaco, aunque no procedieron formalmente por temor a represalias.<\/p>\n\n\n\n<p class=\"wp-block-paragraph\">El organismo tambi\u00e9n concluy\u00f3 que existieron conductas de acoso laboral por parte de una coordinadora del Sistema de Emergencias 911, luego de que la oficial denunciara malos tratos y obst\u00e1culos para desempe\u00f1ar su trabajo.<\/p>\n\n\n\n<p class=\"wp-block-paragraph\"><strong><a href=\"https:\/\/elotroenfoque.mx\/index.php\/2026\/05\/07\/retiran-autos-abandonados-de-calles-de-guanajuato-capital-con-operativo-canguro\/\">\u00bfQu\u00e9 busca el Operativo Canguro en Guanajuato capital?<\/a><\/strong><\/p>\n\n\n\n<p class=\"wp-block-paragraph\">La queja fue integrada bajo un expediente especial debido a la gravedad de las presuntas violaciones a derechos humanos, aunque los hechos denunciados ocurrieron desde 2022.<\/p>\n\n\n\n<p class=\"wp-block-paragraph\">Tras concluir la investigaci\u00f3n, la Procuradur\u00eda emiti\u00f3 recomendaciones dirigidas a la alcaldesa Melanie Murillo Ch\u00e1vez para que se brinde apoyo psicol\u00f3gico a la v\u00edctima, se integren documentos al expediente laboral y se inicien procedimientos administrativos contra los funcionarios involucrados.<\/p>\n\n\n\n<p class=\"wp-block-paragraph\">El caso volvi\u00f3 a colocar bajo la atenci\u00f3n p\u00fablica a la Secretar\u00eda de Seguridad de Silao, dependencia que en los \u00faltimos a\u00f1os ha tenido diversos cambios de mandos y controversias internas.<\/p>\n\n\n\n<p class=\"wp-block-paragraph\"><strong><a href=\"https:\/\/www.tiktok.com\/@elotroenfoque?_r=1&amp;_t=ZS-95fz6wNxSoT\">Sigue tambi\u00e9n las noticias en TikTok<\/a><\/strong><\/p>\n","protected":false},"excerpt":{"rendered":"<p>La Procuradur\u00eda de los Derechos Humanos del Estado de Guanajuato se\u00f1al\u00f3 que un exmando de la Polic\u00eda Municipal de Silao habr\u00eda cometido actos de acoso sexual y laboral contra una mujer polic\u00eda, por lo que pidi\u00f3 al Gobierno Municipal iniciar investigaciones y aplicar medidas de atenci\u00f3n a la v\u00edctima. La denuncia fue presentada por una&#8230;<\/p>\n","protected":false},"author":4,"featured_media":184906,"comment_status":"closed","ping_status":"open","sticky":false,"template":"","format":"standard","meta":{"footnotes":""},"categories":[8646],"tags":[13,4517],"class_list":["post-184905","post","type-post","status-publish","format-standard","has-post-thumbnail","hentry","category-principales","tag-guanajuato","tag-noticias-guanajuato"],"yoast_head":"<!-- This site is optimized with the Yoast SEO plugin v28.2 - https:\/\/yoast.com\/product\/yoast-seo-wordpress\/ -->\n<title>Derechos Humanos acredita acoso sexual de mando policiaco en Silao - El otro enfoque<\/title>\n<meta name=\"description\" content=\"La Prodheg concluy\u00f3 que un mando policiaco de Silao incurri\u00f3 en acoso sexual y laboral contra una mujer oficial y pidi\u00f3 investigarlo.\" \/>\n<meta name=\"robots\" content=\"index, follow, max-snippet:-1, max-image-preview:large, max-video-preview:-1\" \/>\n<link rel=\"canonical\" href=\"https:\/\/elotroenfoque.mx\/index.php\/2026\/05\/07\/derechos-humanos-acredita-acoso-sexual-de-mando-policiaco-en-silao\/\" \/>\n<meta property=\"og:locale\" content=\"es_MX\" \/>\n<meta property=\"og:type\" content=\"article\" \/>\n<meta property=\"og:title\" content=\"Derechos Humanos acredita acoso sexual de mando policiaco en Silao - El otro enfoque\" \/>\n<meta property=\"og:description\" content=\"La Prodheg concluy\u00f3 que un mando policiaco de Silao incurri\u00f3 en acoso sexual y laboral contra una mujer oficial y pidi\u00f3 investigarlo.\" \/>\n<meta property=\"og:url\" content=\"https:\/\/elotroenfoque.mx\/index.php\/2026\/05\/07\/derechos-humanos-acredita-acoso-sexual-de-mando-policiaco-en-silao\/\" \/>\n<meta property=\"og:site_name\" content=\"El otro enfoque\" \/>\n<meta property=\"article:published_time\" content=\"2026-05-08T02:02:11+00:00\" \/>\n<meta property=\"article:modified_time\" content=\"2026-05-08T02:02:12+00:00\" \/>\n<meta property=\"og:image\" content=\"https:\/\/elotroenfoque.mx\/wp-content\/uploads\/2026\/05\/PRODHEG-1.jpeg\" \/>\n\t<meta property=\"og:image:width\" content=\"1280\" \/>\n\t<meta property=\"og:image:height\" content=\"853\" \/>\n\t<meta property=\"og:image:type\" content=\"image\/jpeg\" \/>\n<meta name=\"author\" content=\"Equipo Redaccion\" \/>\n<meta name=\"twitter:card\" content=\"summary_large_image\" \/>\n<meta name=\"twitter:label1\" content=\"Escrito por\" \/>\n\t<meta name=\"twitter:data1\" content=\"Equipo Redaccion\" \/>\n\t<meta name=\"twitter:label2\" content=\"Tiempo de lectura\" \/>\n\t<meta name=\"twitter:data2\" content=\"2 minutos\" \/>\n<script type=\"application\/ld+json\" class=\"yoast-schema-graph\">{\"@context\":\"https:\\\/\\\/schema.org\",\"@graph\":[{\"@type\":\"Article\",\"@id\":\"https:\\\/\\\/elotroenfoque.mx\\\/index.php\\\/2026\\\/05\\\/07\\\/derechos-humanos-acredita-acoso-sexual-de-mando-policiaco-en-silao\\\/#article\",\"isPartOf\":{\"@id\":\"https:\\\/\\\/elotroenfoque.mx\\\/index.php\\\/2026\\\/05\\\/07\\\/derechos-humanos-acredita-acoso-sexual-de-mando-policiaco-en-silao\\\/\"},\"author\":{\"name\":\"Equipo Redaccion\",\"@id\":\"https:\\\/\\\/elotroenfoque.mx\\\/#\\\/schema\\\/person\\\/8eb322f84d0bd9f337e462905519a1ae\"},\"headline\":\"Derechos Humanos acredita acoso sexual de mando policiaco en Silao\",\"datePublished\":\"2026-05-08T02:02:11+00:00\",\"dateModified\":\"2026-05-08T02:02:12+00:00\",\"mainEntityOfPage\":{\"@id\":\"https:\\\/\\\/elotroenfoque.mx\\\/index.php\\\/2026\\\/05\\\/07\\\/derechos-humanos-acredita-acoso-sexual-de-mando-policiaco-en-silao\\\/\"},\"wordCount\":299,\"image\":{\"@id\":\"https:\\\/\\\/elotroenfoque.mx\\\/index.php\\\/2026\\\/05\\\/07\\\/derechos-humanos-acredita-acoso-sexual-de-mando-policiaco-en-silao\\\/#primaryimage\"},\"thumbnailUrl\":\"https:\\\/\\\/elotroenfoque.mx\\\/wp-content\\\/uploads\\\/2026\\\/05\\\/PRODHEG-1.jpeg\",\"keywords\":[\"Guanajuato\",\"Noticias Guanajuato\"],\"articleSection\":[\"Principales\"],\"inLanguage\":\"es\"},{\"@type\":\"WebPage\",\"@id\":\"https:\\\/\\\/elotroenfoque.mx\\\/index.php\\\/2026\\\/05\\\/07\\\/derechos-humanos-acredita-acoso-sexual-de-mando-policiaco-en-silao\\\/\",\"url\":\"https:\\\/\\\/elotroenfoque.mx\\\/index.php\\\/2026\\\/05\\\/07\\\/derechos-humanos-acredita-acoso-sexual-de-mando-policiaco-en-silao\\\/\",\"name\":\"Derechos Humanos acredita acoso sexual de mando policiaco en Silao - El otro enfoque\",\"isPartOf\":{\"@id\":\"https:\\\/\\\/elotroenfoque.mx\\\/#website\"},\"primaryImageOfPage\":{\"@id\":\"https:\\\/\\\/elotroenfoque.mx\\\/index.php\\\/2026\\\/05\\\/07\\\/derechos-humanos-acredita-acoso-sexual-de-mando-policiaco-en-silao\\\/#primaryimage\"},\"image\":{\"@id\":\"https:\\\/\\\/elotroenfoque.mx\\\/index.php\\\/2026\\\/05\\\/07\\\/derechos-humanos-acredita-acoso-sexual-de-mando-policiaco-en-silao\\\/#primaryimage\"},\"thumbnailUrl\":\"https:\\\/\\\/elotroenfoque.mx\\\/wp-content\\\/uploads\\\/2026\\\/05\\\/PRODHEG-1.jpeg\",\"datePublished\":\"2026-05-08T02:02:11+00:00\",\"dateModified\":\"2026-05-08T02:02:12+00:00\",\"author\":{\"@id\":\"https:\\\/\\\/elotroenfoque.mx\\\/#\\\/schema\\\/person\\\/8eb322f84d0bd9f337e462905519a1ae\"},\"description\":\"La Prodheg concluy\u00f3 que un mando policiaco de Silao incurri\u00f3 en acoso sexual y laboral contra una mujer oficial y pidi\u00f3 investigarlo.\",\"breadcrumb\":{\"@id\":\"https:\\\/\\\/elotroenfoque.mx\\\/index.php\\\/2026\\\/05\\\/07\\\/derechos-humanos-acredita-acoso-sexual-de-mando-policiaco-en-silao\\\/#breadcrumb\"},\"inLanguage\":\"es\",\"potentialAction\":[{\"@type\":\"ReadAction\",\"target\":[\"https:\\\/\\\/elotroenfoque.mx\\\/index.php\\\/2026\\\/05\\\/07\\\/derechos-humanos-acredita-acoso-sexual-de-mando-policiaco-en-silao\\\/\"]}]},{\"@type\":\"ImageObject\",\"inLanguage\":\"es\",\"@id\":\"https:\\\/\\\/elotroenfoque.mx\\\/index.php\\\/2026\\\/05\\\/07\\\/derechos-humanos-acredita-acoso-sexual-de-mando-policiaco-en-silao\\\/#primaryimage\",\"url\":\"https:\\\/\\\/elotroenfoque.mx\\\/wp-content\\\/uploads\\\/2026\\\/05\\\/PRODHEG-1.jpeg\",\"contentUrl\":\"https:\\\/\\\/elotroenfoque.mx\\\/wp-content\\\/uploads\\\/2026\\\/05\\\/PRODHEG-1.jpeg\",\"width\":1280,\"height\":853},{\"@type\":\"BreadcrumbList\",\"@id\":\"https:\\\/\\\/elotroenfoque.mx\\\/index.php\\\/2026\\\/05\\\/07\\\/derechos-humanos-acredita-acoso-sexual-de-mando-policiaco-en-silao\\\/#breadcrumb\",\"itemListElement\":[{\"@type\":\"ListItem\",\"position\":1,\"name\":\"Portada\",\"item\":\"https:\\\/\\\/elotroenfoque.mx\\\/\"},{\"@type\":\"ListItem\",\"position\":2,\"name\":\"Derechos Humanos acredita acoso sexual de mando policiaco en Silao\"}]},{\"@type\":\"WebSite\",\"@id\":\"https:\\\/\\\/elotroenfoque.mx\\\/#website\",\"url\":\"https:\\\/\\\/elotroenfoque.mx\\\/\",\"name\":\"El otro enfoque\",\"description\":\"\",\"potentialAction\":[{\"@type\":\"SearchAction\",\"target\":{\"@type\":\"EntryPoint\",\"urlTemplate\":\"https:\\\/\\\/elotroenfoque.mx\\\/?s={search_term_string}\"},\"query-input\":{\"@type\":\"PropertyValueSpecification\",\"valueRequired\":true,\"valueName\":\"search_term_string\"}}],\"inLanguage\":\"es\"},{\"@type\":\"Person\",\"@id\":\"https:\\\/\\\/elotroenfoque.mx\\\/#\\\/schema\\\/person\\\/8eb322f84d0bd9f337e462905519a1ae\",\"name\":\"Equipo Redaccion\",\"image\":{\"@type\":\"ImageObject\",\"inLanguage\":\"es\",\"@id\":\"https:\\\/\\\/secure.gravatar.com\\\/avatar\\\/3579478e2b4e7aad364a32b26cf744b360ae0e581ee1cd0cb18a8f239ee49ac4?s=96&d=mm&r=g\",\"url\":\"https:\\\/\\\/secure.gravatar.com\\\/avatar\\\/3579478e2b4e7aad364a32b26cf744b360ae0e581ee1cd0cb18a8f239ee49ac4?s=96&d=mm&r=g\",\"contentUrl\":\"https:\\\/\\\/secure.gravatar.com\\\/avatar\\\/3579478e2b4e7aad364a32b26cf744b360ae0e581ee1cd0cb18a8f239ee49ac4?s=96&d=mm&r=g\",\"caption\":\"Equipo Redaccion\"},\"url\":\"https:\\\/\\\/elotroenfoque.mx\\\/index.php\\\/author\\\/redaccion\\\/\"}]}<\/script>\n<!-- \/ Yoast SEO plugin. -->","yoast_head_json":{"title":"Derechos Humanos acredita acoso sexual de mando policiaco en Silao - El otro enfoque","description":"La Prodheg concluy\u00f3 que un mando policiaco de Silao incurri\u00f3 en acoso sexual y laboral contra una mujer oficial y pidi\u00f3 investigarlo.","robots":{"index":"index","follow":"follow","max-snippet":"max-snippet:-1","max-image-preview":"max-image-preview:large","max-video-preview":"max-video-preview:-1"},"canonical":"https:\/\/elotroenfoque.mx\/index.php\/2026\/05\/07\/derechos-humanos-acredita-acoso-sexual-de-mando-policiaco-en-silao\/","og_locale":"es_MX","og_type":"article","og_title":"Derechos Humanos acredita acoso sexual de mando policiaco en Silao - El otro enfoque","og_description":"La Prodheg concluy\u00f3 que un mando policiaco de Silao incurri\u00f3 en acoso sexual y laboral contra una mujer oficial y pidi\u00f3 investigarlo.","og_url":"https:\/\/elotroenfoque.mx\/index.php\/2026\/05\/07\/derechos-humanos-acredita-acoso-sexual-de-mando-policiaco-en-silao\/","og_site_name":"El otro enfoque","article_published_time":"2026-05-08T02:02:11+00:00","article_modified_time":"2026-05-08T02:02:12+00:00","og_image":[{"width":1280,"height":853,"url":"https:\/\/elotroenfoque.mx\/wp-content\/uploads\/2026\/05\/PRODHEG-1.jpeg","type":"image\/jpeg"}],"author":"Equipo Redaccion","twitter_card":"summary_large_image","twitter_misc":{"Escrito por":"Equipo Redaccion","Tiempo de lectura":"2 minutos"},"schema":{"@context":"https:\/\/schema.org","@graph":[{"@type":"Article","@id":"https:\/\/elotroenfoque.mx\/index.php\/2026\/05\/07\/derechos-humanos-acredita-acoso-sexual-de-mando-policiaco-en-silao\/#article","isPartOf":{"@id":"https:\/\/elotroenfoque.mx\/index.php\/2026\/05\/07\/derechos-humanos-acredita-acoso-sexual-de-mando-policiaco-en-silao\/"},"author":{"name":"Equipo Redaccion","@id":"https:\/\/elotroenfoque.mx\/#\/schema\/person\/8eb322f84d0bd9f337e462905519a1ae"},"headline":"Derechos Humanos acredita acoso sexual de mando policiaco en Silao","datePublished":"2026-05-08T02:02:11+00:00","dateModified":"2026-05-08T02:02:12+00:00","mainEntityOfPage":{"@id":"https:\/\/elotroenfoque.mx\/index.php\/2026\/05\/07\/derechos-humanos-acredita-acoso-sexual-de-mando-policiaco-en-silao\/"},"wordCount":299,"image":{"@id":"https:\/\/elotroenfoque.mx\/index.php\/2026\/05\/07\/derechos-humanos-acredita-acoso-sexual-de-mando-policiaco-en-silao\/#primaryimage"},"thumbnailUrl":"https:\/\/elotroenfoque.mx\/wp-content\/uploads\/2026\/05\/PRODHEG-1.jpeg","keywords":["Guanajuato","Noticias Guanajuato"],"articleSection":["Principales"],"inLanguage":"es"},{"@type":"WebPage","@id":"https:\/\/elotroenfoque.mx\/index.php\/2026\/05\/07\/derechos-humanos-acredita-acoso-sexual-de-mando-policiaco-en-silao\/","url":"https:\/\/elotroenfoque.mx\/index.php\/2026\/05\/07\/derechos-humanos-acredita-acoso-sexual-de-mando-policiaco-en-silao\/","name":"Derechos Humanos acredita acoso sexual de mando policiaco en Silao - El otro enfoque","isPartOf":{"@id":"https:\/\/elotroenfoque.mx\/#website"},"primaryImageOfPage":{"@id":"https:\/\/elotroenfoque.mx\/index.php\/2026\/05\/07\/derechos-humanos-acredita-acoso-sexual-de-mando-policiaco-en-silao\/#primaryimage"},"image":{"@id":"https:\/\/elotroenfoque.mx\/index.php\/2026\/05\/07\/derechos-humanos-acredita-acoso-sexual-de-mando-policiaco-en-silao\/#primaryimage"},"thumbnailUrl":"https:\/\/elotroenfoque.mx\/wp-content\/uploads\/2026\/05\/PRODHEG-1.jpeg","datePublished":"2026-05-08T02:02:11+00:00","dateModified":"2026-05-08T02:02:12+00:00","author":{"@id":"https:\/\/elotroenfoque.mx\/#\/schema\/person\/8eb322f84d0bd9f337e462905519a1ae"},"description":"La Prodheg concluy\u00f3 que un mando policiaco de Silao incurri\u00f3 en acoso sexual y laboral contra una mujer oficial y pidi\u00f3 investigarlo.","breadcrumb":{"@id":"https:\/\/elotroenfoque.mx\/index.php\/2026\/05\/07\/derechos-humanos-acredita-acoso-sexual-de-mando-policiaco-en-silao\/#breadcrumb"},"inLanguage":"es","potentialAction":[{"@type":"ReadAction","target":["https:\/\/elotroenfoque.mx\/index.php\/2026\/05\/07\/derechos-humanos-acredita-acoso-sexual-de-mando-policiaco-en-silao\/"]}]},{"@type":"ImageObject","inLanguage":"es","@id":"https:\/\/elotroenfoque.mx\/index.php\/2026\/05\/07\/derechos-humanos-acredita-acoso-sexual-de-mando-policiaco-en-silao\/#primaryimage","url":"https:\/\/elotroenfoque.mx\/wp-content\/uploads\/2026\/05\/PRODHEG-1.jpeg","contentUrl":"https:\/\/elotroenfoque.mx\/wp-content\/uploads\/2026\/05\/PRODHEG-1.jpeg","width":1280,"height":853},{"@type":"BreadcrumbList","@id":"https:\/\/elotroenfoque.mx\/index.php\/2026\/05\/07\/derechos-humanos-acredita-acoso-sexual-de-mando-policiaco-en-silao\/#breadcrumb","itemListElement":[{"@type":"ListItem","position":1,"name":"Portada","item":"https:\/\/elotroenfoque.mx\/"},{"@type":"ListItem","position":2,"name":"Derechos Humanos acredita acoso sexual de mando policiaco en Silao"}]},{"@type":"WebSite","@id":"https:\/\/elotroenfoque.mx\/#website","url":"https:\/\/elotroenfoque.mx\/","name":"El otro enfoque","description":"","potentialAction":[{"@type":"SearchAction","target":{"@type":"EntryPoint","urlTemplate":"https:\/\/elotroenfoque.mx\/?s={search_term_string}"},"query-input":{"@type":"PropertyValueSpecification","valueRequired":true,"valueName":"search_term_string"}}],"inLanguage":"es"},{"@type":"Person","@id":"https:\/\/elotroenfoque.mx\/#\/schema\/person\/8eb322f84d0bd9f337e462905519a1ae","name":"Equipo Redaccion","image":{"@type":"ImageObject","inLanguage":"es","@id":"https:\/\/secure.gravatar.com\/avatar\/3579478e2b4e7aad364a32b26cf744b360ae0e581ee1cd0cb18a8f239ee49ac4?s=96&d=mm&r=g","url":"https:\/\/secure.gravatar.com\/avatar\/3579478e2b4e7aad364a32b26cf744b360ae0e581ee1cd0cb18a8f239ee49ac4?s=96&d=mm&r=g","contentUrl":"https:\/\/secure.gravatar.com\/avatar\/3579478e2b4e7aad364a32b26cf744b360ae0e581ee1cd0cb18a8f239ee49ac4?s=96&d=mm&r=g","caption":"Equipo Redaccion"},"url":"https:\/\/elotroenfoque.mx\/index.php\/author\/redaccion\/"}]}},"_links":{"self":[{"href":"https:\/\/elotroenfoque.mx\/index.php\/wp-json\/wp\/v2\/posts\/184905","targetHints":{"allow":["GET"]}}],"collection":[{"href":"https:\/\/elotroenfoque.mx\/index.php\/wp-json\/wp\/v2\/posts"}],"about":[{"href":"https:\/\/elotroenfoque.mx\/index.php\/wp-json\/wp\/v2\/types\/post"}],"author":[{"embeddable":true,"href":"https:\/\/elotroenfoque.mx\/index.php\/wp-json\/wp\/v2\/users\/4"}],"replies":[{"embeddable":true,"href":"https:\/\/elotroenfoque.mx\/index.php\/wp-json\/wp\/v2\/comments?post=184905"}],"version-history":[{"count":1,"href":"https:\/\/elotroenfoque.mx\/index.php\/wp-json\/wp\/v2\/posts\/184905\/revisions"}],"predecessor-version":[{"id":184907,"href":"https:\/\/elotroenfoque.mx\/index.php\/wp-json\/wp\/v2\/posts\/184905\/revisions\/184907"}],"wp:featuredmedia":[{"embeddable":true,"href":"https:\/\/elotroenfoque.mx\/index.php\/wp-json\/wp\/v2\/media\/184906"}],"wp:attachment":[{"href":"https:\/\/elotroenfoque.mx\/index.php\/wp-json\/wp\/v2\/media?parent=184905"}],"wp:term":[{"taxonomy":"category","embeddable":true,"href":"https:\/\/elotroenfoque.mx\/index.php\/wp-json\/wp\/v2\/categories?post=184905"},{"taxonomy":"post_tag","embeddable":true,"href":"https:\/\/elotroenfoque.mx\/index.php\/wp-json\/wp\/v2\/tags?post=184905"}],"curies":[{"name":"wp","href":"https:\/\/api.w.org\/{rel}","templated":true}]}}