{"id":184913,"date":"2026-05-07T22:38:40","date_gmt":"2026-05-08T04:38:40","guid":{"rendered":"https:\/\/elotroenfoque.mx\/?p=184913"},"modified":"2026-05-07T22:42:18","modified_gmt":"2026-05-08T04:42:18","slug":"polemica-por-factura-medica-de-diputada-de-morena-pagada-con-recursos-publicos","status":"publish","type":"post","link":"https:\/\/elotroenfoque.mx\/index.php\/2026\/05\/07\/polemica-por-factura-medica-de-diputada-de-morena-pagada-con-recursos-publicos\/","title":{"rendered":"Pol\u00e9mica por factura m\u00e9dica de diputada de Morena pagada con recursos p\u00fablicos"},"content":{"rendered":"\n<p class=\"wp-block-paragraph\">La diputada local de Morena, Hades Berenice Aguilar Castillo, qued\u00f3 en medio de una controversia luego de que se difundiera una factura m\u00e9dica por m\u00e1s de 26 mil pesos presuntamente cubierta con recursos p\u00fablicos del Congreso de Guanajuato.<\/p>\n\n\n\n<p class=\"wp-block-paragraph\">El documento, publicado en el sistema de transparencia del Poder Legislativo estatal, corresponde a una atenci\u00f3n m\u00e9dica realizada en un hospital privado de Guadalajara durante noviembre de 2024.<\/p>\n\n\n\n<figure class=\"wp-block-image size-large\"><img loading=\"lazy\" decoding=\"async\" width=\"1024\" height=\"768\" src=\"https:\/\/elotroenfoque.mx\/wp-content\/uploads\/2026\/04\/diputada-hades-1024x768.jpeg\" alt=\"\" class=\"wp-image-182632\" srcset=\"https:\/\/elotroenfoque.mx\/wp-content\/uploads\/2026\/04\/diputada-hades-1024x768.jpeg 1024w, https:\/\/elotroenfoque.mx\/wp-content\/uploads\/2026\/04\/diputada-hades-300x225.jpeg 300w, https:\/\/elotroenfoque.mx\/wp-content\/uploads\/2026\/04\/diputada-hades-768x576.jpeg 768w, https:\/\/elotroenfoque.mx\/wp-content\/uploads\/2026\/04\/diputada-hades-1536x1152.jpeg 1536w, https:\/\/elotroenfoque.mx\/wp-content\/uploads\/2026\/04\/diputada-hades.jpeg 1600w\" sizes=\"auto, (max-width: 1024px) 100vw, 1024px\" \/><\/figure>\n\n\n\n<p class=\"wp-block-paragraph\">La pol\u00e9mica surgi\u00f3 debido a que en los comprobantes aparecen m\u00e9dicos especializados en cirug\u00eda pl\u00e1stica y reconstructiva, lo que provoc\u00f3 cr\u00edticas en redes sociales y se\u00f1alamientos relacionados con el uso de dinero p\u00fablico.<\/p>\n\n\n\n<p class=\"wp-block-paragraph\">Sin embargo, la legisladora neg\u00f3 haberse sometido a una cirug\u00eda est\u00e9tica y asegur\u00f3 que la hospitalizaci\u00f3n ocurri\u00f3 debido a un problema de anemia cr\u00f3nica que requiri\u00f3 transfusiones sangu\u00edneas.<\/p>\n\n\n\n<p class=\"wp-block-paragraph\">Hades Aguilar afirm\u00f3 que cuenta con documentos m\u00e9dicos que respaldan su versi\u00f3n y acus\u00f3 que la difusi\u00f3n de la informaci\u00f3n forma parte de un intento para desacreditarla pol\u00edticamente.<\/p>\n\n\n\n<p class=\"wp-block-paragraph\"><strong><a href=\"https:\/\/elotroenfoque.mx\/index.php\/2026\/05\/07\/eu-revocara-pasaporte-a-padres-que-no-paguen-pension-alimenticia\/\">\u00bfA qui\u00e9nes les retirar\u00e1 Estados Unidos el pasaporte?<\/a><\/strong><\/p>\n\n\n\n<p class=\"wp-block-paragraph\">El caso r\u00e1pidamente se volvi\u00f3 tendencia en redes sociales, donde usuarios cuestionaron el uso de recursos p\u00fablicos y recordaron el discurso de austeridad promovido por Morena.<\/p>\n\n\n\n<p class=\"wp-block-paragraph\">Hasta el momento, no se ha informado sobre una investigaci\u00f3n formal relacionada con el caso, aunque la diputada asegur\u00f3 estar dispuesta a transparentar la documentaci\u00f3n m\u00e9dica correspondiente.<\/p>\n\n\n\n<p class=\"wp-block-paragraph\"><strong><a href=\"https:\/\/www.tiktok.com\/@elotroenfoque?_r=1&amp;_t=ZS-95fz6wNxSoT\">Sigue tambi\u00e9n las noticias en TikTok<\/a><\/strong><\/p>\n","protected":false},"excerpt":{"rendered":"<p>La diputada local de Morena, Hades Berenice Aguilar Castillo, qued\u00f3 en medio de una controversia luego de que se difundiera una factura m\u00e9dica por m\u00e1s de 26 mil pesos presuntamente cubierta con recursos p\u00fablicos del Congreso de Guanajuato. El documento, publicado en el sistema de transparencia del Poder Legislativo estatal, corresponde a una atenci\u00f3n m\u00e9dica&#8230;<\/p>\n","protected":false},"author":4,"featured_media":180748,"comment_status":"closed","ping_status":"open","sticky":false,"template":"","format":"standard","meta":{"footnotes":""},"categories":[2],"tags":[13,4517],"class_list":["post-184913","post","type-post","status-publish","format-standard","has-post-thumbnail","hentry","category-noticias","tag-guanajuato","tag-noticias-guanajuato"],"yoast_head":"<!-- This site is optimized with the Yoast SEO plugin v28.2 - https:\/\/yoast.com\/product\/yoast-seo-wordpress\/ -->\n<title>Pol\u00e9mica por factura m\u00e9dica de diputada de Morena pagada con recursos p\u00fablicos - El otro enfoque<\/title>\n<meta name=\"description\" content=\"Hades Aguilar neg\u00f3 haberse realizado una cirug\u00eda est\u00e9tica tras difundirse facturas m\u00e9dicas pagadas con recursos p\u00fablicos del Congreso de Guanajuato.\" \/>\n<meta name=\"robots\" content=\"index, follow, max-snippet:-1, max-image-preview:large, max-video-preview:-1\" \/>\n<link rel=\"canonical\" href=\"https:\/\/elotroenfoque.mx\/index.php\/2026\/05\/07\/polemica-por-factura-medica-de-diputada-de-morena-pagada-con-recursos-publicos\/\" \/>\n<meta property=\"og:locale\" content=\"es_MX\" \/>\n<meta property=\"og:type\" content=\"article\" \/>\n<meta property=\"og:title\" content=\"Pol\u00e9mica por factura m\u00e9dica de diputada de Morena pagada con recursos p\u00fablicos - El otro enfoque\" \/>\n<meta property=\"og:description\" content=\"Hades Aguilar neg\u00f3 haberse realizado una cirug\u00eda est\u00e9tica tras difundirse facturas m\u00e9dicas pagadas con recursos p\u00fablicos del Congreso de Guanajuato.\" \/>\n<meta property=\"og:url\" content=\"https:\/\/elotroenfoque.mx\/index.php\/2026\/05\/07\/polemica-por-factura-medica-de-diputada-de-morena-pagada-con-recursos-publicos\/\" \/>\n<meta property=\"og:site_name\" content=\"El otro enfoque\" \/>\n<meta property=\"article:published_time\" content=\"2026-05-08T04:38:40+00:00\" \/>\n<meta property=\"article:modified_time\" content=\"2026-05-08T04:42:18+00:00\" \/>\n<meta property=\"og:image\" content=\"https:\/\/elotroenfoque.mx\/wp-content\/uploads\/2026\/03\/Hades-Aguilar-recurso-contra-ASEG.jpeg\" \/>\n\t<meta property=\"og:image:width\" content=\"1177\" \/>\n\t<meta property=\"og:image:height\" content=\"963\" \/>\n\t<meta property=\"og:image:type\" content=\"image\/jpeg\" \/>\n<meta name=\"author\" content=\"Equipo Redaccion\" \/>\n<meta name=\"twitter:card\" content=\"summary_large_image\" \/>\n<meta name=\"twitter:label1\" content=\"Escrito por\" \/>\n\t<meta name=\"twitter:data1\" content=\"Equipo Redaccion\" \/>\n\t<meta name=\"twitter:label2\" content=\"Tiempo de lectura\" \/>\n\t<meta name=\"twitter:data2\" content=\"2 minutos\" \/>\n<script type=\"application\/ld+json\" class=\"yoast-schema-graph\">{\"@context\":\"https:\\\/\\\/schema.org\",\"@graph\":[{\"@type\":\"Article\",\"@id\":\"https:\\\/\\\/elotroenfoque.mx\\\/index.php\\\/2026\\\/05\\\/07\\\/polemica-por-factura-medica-de-diputada-de-morena-pagada-con-recursos-publicos\\\/#article\",\"isPartOf\":{\"@id\":\"https:\\\/\\\/elotroenfoque.mx\\\/index.php\\\/2026\\\/05\\\/07\\\/polemica-por-factura-medica-de-diputada-de-morena-pagada-con-recursos-publicos\\\/\"},\"author\":{\"name\":\"Equipo Redaccion\",\"@id\":\"https:\\\/\\\/elotroenfoque.mx\\\/#\\\/schema\\\/person\\\/8eb322f84d0bd9f337e462905519a1ae\"},\"headline\":\"Pol\u00e9mica por factura m\u00e9dica de diputada de Morena pagada con recursos p\u00fablicos\",\"datePublished\":\"2026-05-08T04:38:40+00:00\",\"dateModified\":\"2026-05-08T04:42:18+00:00\",\"mainEntityOfPage\":{\"@id\":\"https:\\\/\\\/elotroenfoque.mx\\\/index.php\\\/2026\\\/05\\\/07\\\/polemica-por-factura-medica-de-diputada-de-morena-pagada-con-recursos-publicos\\\/\"},\"wordCount\":264,\"image\":{\"@id\":\"https:\\\/\\\/elotroenfoque.mx\\\/index.php\\\/2026\\\/05\\\/07\\\/polemica-por-factura-medica-de-diputada-de-morena-pagada-con-recursos-publicos\\\/#primaryimage\"},\"thumbnailUrl\":\"https:\\\/\\\/elotroenfoque.mx\\\/wp-content\\\/uploads\\\/2026\\\/03\\\/Hades-Aguilar-recurso-contra-ASEG.jpeg\",\"keywords\":[\"Guanajuato\",\"Noticias Guanajuato\"],\"articleSection\":[\"Noticias\"],\"inLanguage\":\"es\"},{\"@type\":\"WebPage\",\"@id\":\"https:\\\/\\\/elotroenfoque.mx\\\/index.php\\\/2026\\\/05\\\/07\\\/polemica-por-factura-medica-de-diputada-de-morena-pagada-con-recursos-publicos\\\/\",\"url\":\"https:\\\/\\\/elotroenfoque.mx\\\/index.php\\\/2026\\\/05\\\/07\\\/polemica-por-factura-medica-de-diputada-de-morena-pagada-con-recursos-publicos\\\/\",\"name\":\"Pol\u00e9mica por factura m\u00e9dica de diputada de Morena pagada con recursos p\u00fablicos - El otro enfoque\",\"isPartOf\":{\"@id\":\"https:\\\/\\\/elotroenfoque.mx\\\/#website\"},\"primaryImageOfPage\":{\"@id\":\"https:\\\/\\\/elotroenfoque.mx\\\/index.php\\\/2026\\\/05\\\/07\\\/polemica-por-factura-medica-de-diputada-de-morena-pagada-con-recursos-publicos\\\/#primaryimage\"},\"image\":{\"@id\":\"https:\\\/\\\/elotroenfoque.mx\\\/index.php\\\/2026\\\/05\\\/07\\\/polemica-por-factura-medica-de-diputada-de-morena-pagada-con-recursos-publicos\\\/#primaryimage\"},\"thumbnailUrl\":\"https:\\\/\\\/elotroenfoque.mx\\\/wp-content\\\/uploads\\\/2026\\\/03\\\/Hades-Aguilar-recurso-contra-ASEG.jpeg\",\"datePublished\":\"2026-05-08T04:38:40+00:00\",\"dateModified\":\"2026-05-08T04:42:18+00:00\",\"author\":{\"@id\":\"https:\\\/\\\/elotroenfoque.mx\\\/#\\\/schema\\\/person\\\/8eb322f84d0bd9f337e462905519a1ae\"},\"description\":\"Hades Aguilar neg\u00f3 haberse realizado una cirug\u00eda est\u00e9tica tras difundirse facturas m\u00e9dicas pagadas con recursos p\u00fablicos del Congreso de Guanajuato.\",\"breadcrumb\":{\"@id\":\"https:\\\/\\\/elotroenfoque.mx\\\/index.php\\\/2026\\\/05\\\/07\\\/polemica-por-factura-medica-de-diputada-de-morena-pagada-con-recursos-publicos\\\/#breadcrumb\"},\"inLanguage\":\"es\",\"potentialAction\":[{\"@type\":\"ReadAction\",\"target\":[\"https:\\\/\\\/elotroenfoque.mx\\\/index.php\\\/2026\\\/05\\\/07\\\/polemica-por-factura-medica-de-diputada-de-morena-pagada-con-recursos-publicos\\\/\"]}]},{\"@type\":\"ImageObject\",\"inLanguage\":\"es\",\"@id\":\"https:\\\/\\\/elotroenfoque.mx\\\/index.php\\\/2026\\\/05\\\/07\\\/polemica-por-factura-medica-de-diputada-de-morena-pagada-con-recursos-publicos\\\/#primaryimage\",\"url\":\"https:\\\/\\\/elotroenfoque.mx\\\/wp-content\\\/uploads\\\/2026\\\/03\\\/Hades-Aguilar-recurso-contra-ASEG.jpeg\",\"contentUrl\":\"https:\\\/\\\/elotroenfoque.mx\\\/wp-content\\\/uploads\\\/2026\\\/03\\\/Hades-Aguilar-recurso-contra-ASEG.jpeg\",\"width\":1177,\"height\":963},{\"@type\":\"BreadcrumbList\",\"@id\":\"https:\\\/\\\/elotroenfoque.mx\\\/index.php\\\/2026\\\/05\\\/07\\\/polemica-por-factura-medica-de-diputada-de-morena-pagada-con-recursos-publicos\\\/#breadcrumb\",\"itemListElement\":[{\"@type\":\"ListItem\",\"position\":1,\"name\":\"Portada\",\"item\":\"https:\\\/\\\/elotroenfoque.mx\\\/\"},{\"@type\":\"ListItem\",\"position\":2,\"name\":\"Pol\u00e9mica por factura m\u00e9dica de diputada de Morena pagada con recursos p\u00fablicos\"}]},{\"@type\":\"WebSite\",\"@id\":\"https:\\\/\\\/elotroenfoque.mx\\\/#website\",\"url\":\"https:\\\/\\\/elotroenfoque.mx\\\/\",\"name\":\"El otro enfoque\",\"description\":\"\",\"potentialAction\":[{\"@type\":\"SearchAction\",\"target\":{\"@type\":\"EntryPoint\",\"urlTemplate\":\"https:\\\/\\\/elotroenfoque.mx\\\/?s={search_term_string}\"},\"query-input\":{\"@type\":\"PropertyValueSpecification\",\"valueRequired\":true,\"valueName\":\"search_term_string\"}}],\"inLanguage\":\"es\"},{\"@type\":\"Person\",\"@id\":\"https:\\\/\\\/elotroenfoque.mx\\\/#\\\/schema\\\/person\\\/8eb322f84d0bd9f337e462905519a1ae\",\"name\":\"Equipo Redaccion\",\"image\":{\"@type\":\"ImageObject\",\"inLanguage\":\"es\",\"@id\":\"https:\\\/\\\/secure.gravatar.com\\\/avatar\\\/3579478e2b4e7aad364a32b26cf744b360ae0e581ee1cd0cb18a8f239ee49ac4?s=96&d=mm&r=g\",\"url\":\"https:\\\/\\\/secure.gravatar.com\\\/avatar\\\/3579478e2b4e7aad364a32b26cf744b360ae0e581ee1cd0cb18a8f239ee49ac4?s=96&d=mm&r=g\",\"contentUrl\":\"https:\\\/\\\/secure.gravatar.com\\\/avatar\\\/3579478e2b4e7aad364a32b26cf744b360ae0e581ee1cd0cb18a8f239ee49ac4?s=96&d=mm&r=g\",\"caption\":\"Equipo Redaccion\"},\"url\":\"https:\\\/\\\/elotroenfoque.mx\\\/index.php\\\/author\\\/redaccion\\\/\"}]}<\/script>\n<!-- \/ Yoast SEO plugin. -->","yoast_head_json":{"title":"Pol\u00e9mica por factura m\u00e9dica de diputada de Morena pagada con recursos p\u00fablicos - El otro enfoque","description":"Hades Aguilar neg\u00f3 haberse realizado una cirug\u00eda est\u00e9tica tras difundirse facturas m\u00e9dicas pagadas con recursos p\u00fablicos del Congreso de Guanajuato.","robots":{"index":"index","follow":"follow","max-snippet":"max-snippet:-1","max-image-preview":"max-image-preview:large","max-video-preview":"max-video-preview:-1"},"canonical":"https:\/\/elotroenfoque.mx\/index.php\/2026\/05\/07\/polemica-por-factura-medica-de-diputada-de-morena-pagada-con-recursos-publicos\/","og_locale":"es_MX","og_type":"article","og_title":"Pol\u00e9mica por factura m\u00e9dica de diputada de Morena pagada con recursos p\u00fablicos - El otro enfoque","og_description":"Hades Aguilar neg\u00f3 haberse realizado una cirug\u00eda est\u00e9tica tras difundirse facturas m\u00e9dicas pagadas con recursos p\u00fablicos del Congreso de Guanajuato.","og_url":"https:\/\/elotroenfoque.mx\/index.php\/2026\/05\/07\/polemica-por-factura-medica-de-diputada-de-morena-pagada-con-recursos-publicos\/","og_site_name":"El otro enfoque","article_published_time":"2026-05-08T04:38:40+00:00","article_modified_time":"2026-05-08T04:42:18+00:00","og_image":[{"width":1177,"height":963,"url":"https:\/\/elotroenfoque.mx\/wp-content\/uploads\/2026\/03\/Hades-Aguilar-recurso-contra-ASEG.jpeg","type":"image\/jpeg"}],"author":"Equipo Redaccion","twitter_card":"summary_large_image","twitter_misc":{"Escrito por":"Equipo Redaccion","Tiempo de lectura":"2 minutos"},"schema":{"@context":"https:\/\/schema.org","@graph":[{"@type":"Article","@id":"https:\/\/elotroenfoque.mx\/index.php\/2026\/05\/07\/polemica-por-factura-medica-de-diputada-de-morena-pagada-con-recursos-publicos\/#article","isPartOf":{"@id":"https:\/\/elotroenfoque.mx\/index.php\/2026\/05\/07\/polemica-por-factura-medica-de-diputada-de-morena-pagada-con-recursos-publicos\/"},"author":{"name":"Equipo Redaccion","@id":"https:\/\/elotroenfoque.mx\/#\/schema\/person\/8eb322f84d0bd9f337e462905519a1ae"},"headline":"Pol\u00e9mica por factura m\u00e9dica de diputada de Morena pagada con recursos p\u00fablicos","datePublished":"2026-05-08T04:38:40+00:00","dateModified":"2026-05-08T04:42:18+00:00","mainEntityOfPage":{"@id":"https:\/\/elotroenfoque.mx\/index.php\/2026\/05\/07\/polemica-por-factura-medica-de-diputada-de-morena-pagada-con-recursos-publicos\/"},"wordCount":264,"image":{"@id":"https:\/\/elotroenfoque.mx\/index.php\/2026\/05\/07\/polemica-por-factura-medica-de-diputada-de-morena-pagada-con-recursos-publicos\/#primaryimage"},"thumbnailUrl":"https:\/\/elotroenfoque.mx\/wp-content\/uploads\/2026\/03\/Hades-Aguilar-recurso-contra-ASEG.jpeg","keywords":["Guanajuato","Noticias Guanajuato"],"articleSection":["Noticias"],"inLanguage":"es"},{"@type":"WebPage","@id":"https:\/\/elotroenfoque.mx\/index.php\/2026\/05\/07\/polemica-por-factura-medica-de-diputada-de-morena-pagada-con-recursos-publicos\/","url":"https:\/\/elotroenfoque.mx\/index.php\/2026\/05\/07\/polemica-por-factura-medica-de-diputada-de-morena-pagada-con-recursos-publicos\/","name":"Pol\u00e9mica por factura m\u00e9dica de diputada de Morena pagada con recursos p\u00fablicos - El otro enfoque","isPartOf":{"@id":"https:\/\/elotroenfoque.mx\/#website"},"primaryImageOfPage":{"@id":"https:\/\/elotroenfoque.mx\/index.php\/2026\/05\/07\/polemica-por-factura-medica-de-diputada-de-morena-pagada-con-recursos-publicos\/#primaryimage"},"image":{"@id":"https:\/\/elotroenfoque.mx\/index.php\/2026\/05\/07\/polemica-por-factura-medica-de-diputada-de-morena-pagada-con-recursos-publicos\/#primaryimage"},"thumbnailUrl":"https:\/\/elotroenfoque.mx\/wp-content\/uploads\/2026\/03\/Hades-Aguilar-recurso-contra-ASEG.jpeg","datePublished":"2026-05-08T04:38:40+00:00","dateModified":"2026-05-08T04:42:18+00:00","author":{"@id":"https:\/\/elotroenfoque.mx\/#\/schema\/person\/8eb322f84d0bd9f337e462905519a1ae"},"description":"Hades Aguilar neg\u00f3 haberse realizado una cirug\u00eda est\u00e9tica tras difundirse facturas m\u00e9dicas pagadas con recursos p\u00fablicos del Congreso de Guanajuato.","breadcrumb":{"@id":"https:\/\/elotroenfoque.mx\/index.php\/2026\/05\/07\/polemica-por-factura-medica-de-diputada-de-morena-pagada-con-recursos-publicos\/#breadcrumb"},"inLanguage":"es","potentialAction":[{"@type":"ReadAction","target":["https:\/\/elotroenfoque.mx\/index.php\/2026\/05\/07\/polemica-por-factura-medica-de-diputada-de-morena-pagada-con-recursos-publicos\/"]}]},{"@type":"ImageObject","inLanguage":"es","@id":"https:\/\/elotroenfoque.mx\/index.php\/2026\/05\/07\/polemica-por-factura-medica-de-diputada-de-morena-pagada-con-recursos-publicos\/#primaryimage","url":"https:\/\/elotroenfoque.mx\/wp-content\/uploads\/2026\/03\/Hades-Aguilar-recurso-contra-ASEG.jpeg","contentUrl":"https:\/\/elotroenfoque.mx\/wp-content\/uploads\/2026\/03\/Hades-Aguilar-recurso-contra-ASEG.jpeg","width":1177,"height":963},{"@type":"BreadcrumbList","@id":"https:\/\/elotroenfoque.mx\/index.php\/2026\/05\/07\/polemica-por-factura-medica-de-diputada-de-morena-pagada-con-recursos-publicos\/#breadcrumb","itemListElement":[{"@type":"ListItem","position":1,"name":"Portada","item":"https:\/\/elotroenfoque.mx\/"},{"@type":"ListItem","position":2,"name":"Pol\u00e9mica por factura m\u00e9dica de diputada de Morena pagada con recursos p\u00fablicos"}]},{"@type":"WebSite","@id":"https:\/\/elotroenfoque.mx\/#website","url":"https:\/\/elotroenfoque.mx\/","name":"El otro enfoque","description":"","potentialAction":[{"@type":"SearchAction","target":{"@type":"EntryPoint","urlTemplate":"https:\/\/elotroenfoque.mx\/?s={search_term_string}"},"query-input":{"@type":"PropertyValueSpecification","valueRequired":true,"valueName":"search_term_string"}}],"inLanguage":"es"},{"@type":"Person","@id":"https:\/\/elotroenfoque.mx\/#\/schema\/person\/8eb322f84d0bd9f337e462905519a1ae","name":"Equipo Redaccion","image":{"@type":"ImageObject","inLanguage":"es","@id":"https:\/\/secure.gravatar.com\/avatar\/3579478e2b4e7aad364a32b26cf744b360ae0e581ee1cd0cb18a8f239ee49ac4?s=96&d=mm&r=g","url":"https:\/\/secure.gravatar.com\/avatar\/3579478e2b4e7aad364a32b26cf744b360ae0e581ee1cd0cb18a8f239ee49ac4?s=96&d=mm&r=g","contentUrl":"https:\/\/secure.gravatar.com\/avatar\/3579478e2b4e7aad364a32b26cf744b360ae0e581ee1cd0cb18a8f239ee49ac4?s=96&d=mm&r=g","caption":"Equipo Redaccion"},"url":"https:\/\/elotroenfoque.mx\/index.php\/author\/redaccion\/"}]}},"_links":{"self":[{"href":"https:\/\/elotroenfoque.mx\/index.php\/wp-json\/wp\/v2\/posts\/184913","targetHints":{"allow":["GET"]}}],"collection":[{"href":"https:\/\/elotroenfoque.mx\/index.php\/wp-json\/wp\/v2\/posts"}],"about":[{"href":"https:\/\/elotroenfoque.mx\/index.php\/wp-json\/wp\/v2\/types\/post"}],"author":[{"embeddable":true,"href":"https:\/\/elotroenfoque.mx\/index.php\/wp-json\/wp\/v2\/users\/4"}],"replies":[{"embeddable":true,"href":"https:\/\/elotroenfoque.mx\/index.php\/wp-json\/wp\/v2\/comments?post=184913"}],"version-history":[{"count":2,"href":"https:\/\/elotroenfoque.mx\/index.php\/wp-json\/wp\/v2\/posts\/184913\/revisions"}],"predecessor-version":[{"id":184918,"href":"https:\/\/elotroenfoque.mx\/index.php\/wp-json\/wp\/v2\/posts\/184913\/revisions\/184918"}],"wp:featuredmedia":[{"embeddable":true,"href":"https:\/\/elotroenfoque.mx\/index.php\/wp-json\/wp\/v2\/media\/180748"}],"wp:attachment":[{"href":"https:\/\/elotroenfoque.mx\/index.php\/wp-json\/wp\/v2\/media?parent=184913"}],"wp:term":[{"taxonomy":"category","embeddable":true,"href":"https:\/\/elotroenfoque.mx\/index.php\/wp-json\/wp\/v2\/categories?post=184913"},{"taxonomy":"post_tag","embeddable":true,"href":"https:\/\/elotroenfoque.mx\/index.php\/wp-json\/wp\/v2\/tags?post=184913"}],"curies":[{"name":"wp","href":"https:\/\/api.w.org\/{rel}","templated":true}]}}