{"id":184922,"date":"2026-05-08T08:08:04","date_gmt":"2026-05-08T14:08:04","guid":{"rendered":"https:\/\/elotroenfoque.mx\/?p=184922"},"modified":"2026-05-08T08:08:05","modified_gmt":"2026-05-08T14:08:05","slug":"suman-10-muertos-y-46-heridos-por-incendio-en-plaza-de-los-mochis","status":"publish","type":"post","link":"https:\/\/elotroenfoque.mx\/index.php\/2026\/05\/08\/suman-10-muertos-y-46-heridos-por-incendio-en-plaza-de-los-mochis\/","title":{"rendered":"Suman 10 muertos y 46 heridos por incendio en plaza de Los Mochis"},"content":{"rendered":"\n<p class=\"wp-block-paragraph\">Ya suman 10 personas muertas y 46 heridas tras el incendio ocurrido este jueves en una plaza comercial de Los Mochis, informaron autoridades locales, quienes se\u00f1alaron que el siniestro inici\u00f3 alrededor de las 14:00 horas y que las causas del fuego a\u00fan est\u00e1n bajo investigaci\u00f3n mientras contin\u00faan las labores de rescate e inspecci\u00f3n en la zona.<\/p>\n\n\n\n<p class=\"wp-block-paragraph\">De acuerdo con el vicefiscal de la zona norte de Sinaloa, Jes\u00fas Arnoldo Serrano, el incendio presuntamente comenz\u00f3 en un negocio de comida dentro del centro comercial y se extendi\u00f3 r\u00e1pidamente hacia otros establecimientos, lo que provoc\u00f3 una emergencia de gran magnitud en el coraz\u00f3n de la ciudad. Las autoridades mantienen las investigaciones para determinar con precisi\u00f3n c\u00f3mo se origin\u00f3 el fuego.<\/p>\n\n\n\n<p class=\"wp-block-paragraph\">Tambi\u00e9n lee: <strong><a href=\"https:\/\/elotroenfoque.mx\/index.php\/2026\/05\/07\/beca-melanie-a-sus-delegados-rurales-con-1500-pesos-mensuales\/\">Beca Melanie a sus delegados rurales con 1500 pesos mensuales<\/a><\/strong><\/p>\n\n\n\n<p class=\"wp-block-paragraph\">El director de Protecci\u00f3n Civil en Sinaloa, Roy Navarrete, inform\u00f3 que de los 46 lesionados, 20 personas fueron atendidas en el lugar y dadas de alta, mientras que 26 fueron trasladadas a distintos hospitales, de las cuales 17 contin\u00faan bajo atenci\u00f3n m\u00e9dica especializada. El saldo de v\u00edctimas gener\u00f3 una fuerte movilizaci\u00f3n de cuerpos de emergencia en la zona.<\/p>\n\n\n\n<p class=\"wp-block-paragraph\">Testigos relataron que el incendio avanz\u00f3 con rapidez, generando una intensa columna de humo negro visible desde distintos puntos de la ciudad, adem\u00e1s de provocar caos entre los visitantes y el colapso de algunos objetos dentro del inmueble. En redes sociales circularon videos que mostraron la magnitud del siniestro.<\/p>\n\n\n\n<p class=\"wp-block-paragraph\"><strong><a href=\"https:\/\/www.tiktok.com\/@elotroenfoque?_r=1&amp;_t=ZS-95fz6wNxSoT\">Sigue tambi\u00e9n las noticias en TikTok<\/a><\/strong><\/p>\n","protected":false},"excerpt":{"rendered":"<p>Ya suman 10 personas muertas y 46 heridas tras el incendio ocurrido este jueves en una plaza comercial de Los Mochis, informaron autoridades locales, quienes se\u00f1alaron que el siniestro inici\u00f3 alrededor de las 14:00 horas y que las causas del fuego a\u00fan est\u00e1n bajo investigaci\u00f3n mientras contin\u00faan las labores de rescate e inspecci\u00f3n en la&#8230;<\/p>\n","protected":false},"author":4,"featured_media":184923,"comment_status":"closed","ping_status":"open","sticky":false,"template":"","format":"standard","meta":{"footnotes":""},"categories":[11],"tags":[13,4517],"class_list":["post-184922","post","type-post","status-publish","format-standard","has-post-thumbnail","hentry","category-otrasnoticias","tag-guanajuato","tag-noticias-guanajuato"],"yoast_head":"<!-- This site is optimized with the Yoast SEO plugin v28.2 - https:\/\/yoast.com\/product\/yoast-seo-wordpress\/ -->\n<title>Suman 10 muertos y 46 heridos por incendio en plaza de Los Mochis - El otro enfoque<\/title>\n<meta name=\"description\" content=\"Incendio en una plaza comercial de Los Mochis, Sinaloa, dej\u00f3 al menos 10 muertos y 46 heridos; el fuego habr\u00eda iniciado en un negocio de comida.\" \/>\n<meta name=\"robots\" content=\"index, follow, max-snippet:-1, max-image-preview:large, max-video-preview:-1\" \/>\n<link rel=\"canonical\" href=\"https:\/\/elotroenfoque.mx\/index.php\/2026\/05\/08\/suman-10-muertos-y-46-heridos-por-incendio-en-plaza-de-los-mochis\/\" \/>\n<meta property=\"og:locale\" content=\"es_MX\" \/>\n<meta property=\"og:type\" content=\"article\" \/>\n<meta property=\"og:title\" content=\"Suman 10 muertos y 46 heridos por incendio en plaza de Los Mochis - El otro enfoque\" \/>\n<meta property=\"og:description\" content=\"Incendio en una plaza comercial de Los Mochis, Sinaloa, dej\u00f3 al menos 10 muertos y 46 heridos; el fuego habr\u00eda iniciado en un negocio de comida.\" \/>\n<meta property=\"og:url\" content=\"https:\/\/elotroenfoque.mx\/index.php\/2026\/05\/08\/suman-10-muertos-y-46-heridos-por-incendio-en-plaza-de-los-mochis\/\" \/>\n<meta property=\"og:site_name\" content=\"El otro enfoque\" \/>\n<meta property=\"article:published_time\" content=\"2026-05-08T14:08:04+00:00\" \/>\n<meta property=\"article:modified_time\" content=\"2026-05-08T14:08:05+00:00\" \/>\n<meta property=\"og:image\" content=\"https:\/\/elotroenfoque.mx\/wp-content\/uploads\/2026\/05\/incendio-en-plaza-de-los-mochis.jpg\" \/>\n\t<meta property=\"og:image:width\" content=\"1194\" \/>\n\t<meta property=\"og:image:height\" content=\"540\" \/>\n\t<meta property=\"og:image:type\" content=\"image\/jpeg\" \/>\n<meta name=\"author\" content=\"Equipo Redaccion\" \/>\n<meta name=\"twitter:card\" content=\"summary_large_image\" \/>\n<meta name=\"twitter:label1\" content=\"Escrito por\" \/>\n\t<meta name=\"twitter:data1\" content=\"Equipo Redaccion\" \/>\n\t<meta name=\"twitter:label2\" content=\"Tiempo de lectura\" \/>\n\t<meta name=\"twitter:data2\" content=\"2 minutos\" \/>\n<script type=\"application\/ld+json\" class=\"yoast-schema-graph\">{\"@context\":\"https:\\\/\\\/schema.org\",\"@graph\":[{\"@type\":\"Article\",\"@id\":\"https:\\\/\\\/elotroenfoque.mx\\\/index.php\\\/2026\\\/05\\\/08\\\/suman-10-muertos-y-46-heridos-por-incendio-en-plaza-de-los-mochis\\\/#article\",\"isPartOf\":{\"@id\":\"https:\\\/\\\/elotroenfoque.mx\\\/index.php\\\/2026\\\/05\\\/08\\\/suman-10-muertos-y-46-heridos-por-incendio-en-plaza-de-los-mochis\\\/\"},\"author\":{\"name\":\"Equipo Redaccion\",\"@id\":\"https:\\\/\\\/elotroenfoque.mx\\\/#\\\/schema\\\/person\\\/8eb322f84d0bd9f337e462905519a1ae\"},\"headline\":\"Suman 10 muertos y 46 heridos por incendio en plaza de Los Mochis\",\"datePublished\":\"2026-05-08T14:08:04+00:00\",\"dateModified\":\"2026-05-08T14:08:05+00:00\",\"mainEntityOfPage\":{\"@id\":\"https:\\\/\\\/elotroenfoque.mx\\\/index.php\\\/2026\\\/05\\\/08\\\/suman-10-muertos-y-46-heridos-por-incendio-en-plaza-de-los-mochis\\\/\"},\"wordCount\":266,\"image\":{\"@id\":\"https:\\\/\\\/elotroenfoque.mx\\\/index.php\\\/2026\\\/05\\\/08\\\/suman-10-muertos-y-46-heridos-por-incendio-en-plaza-de-los-mochis\\\/#primaryimage\"},\"thumbnailUrl\":\"https:\\\/\\\/elotroenfoque.mx\\\/wp-content\\\/uploads\\\/2026\\\/05\\\/incendio-en-plaza-de-los-mochis.jpg\",\"keywords\":[\"Guanajuato\",\"Noticias Guanajuato\"],\"articleSection\":[\"Otras Noticias\"],\"inLanguage\":\"es\"},{\"@type\":\"WebPage\",\"@id\":\"https:\\\/\\\/elotroenfoque.mx\\\/index.php\\\/2026\\\/05\\\/08\\\/suman-10-muertos-y-46-heridos-por-incendio-en-plaza-de-los-mochis\\\/\",\"url\":\"https:\\\/\\\/elotroenfoque.mx\\\/index.php\\\/2026\\\/05\\\/08\\\/suman-10-muertos-y-46-heridos-por-incendio-en-plaza-de-los-mochis\\\/\",\"name\":\"Suman 10 muertos y 46 heridos por incendio en plaza de Los Mochis - El otro enfoque\",\"isPartOf\":{\"@id\":\"https:\\\/\\\/elotroenfoque.mx\\\/#website\"},\"primaryImageOfPage\":{\"@id\":\"https:\\\/\\\/elotroenfoque.mx\\\/index.php\\\/2026\\\/05\\\/08\\\/suman-10-muertos-y-46-heridos-por-incendio-en-plaza-de-los-mochis\\\/#primaryimage\"},\"image\":{\"@id\":\"https:\\\/\\\/elotroenfoque.mx\\\/index.php\\\/2026\\\/05\\\/08\\\/suman-10-muertos-y-46-heridos-por-incendio-en-plaza-de-los-mochis\\\/#primaryimage\"},\"thumbnailUrl\":\"https:\\\/\\\/elotroenfoque.mx\\\/wp-content\\\/uploads\\\/2026\\\/05\\\/incendio-en-plaza-de-los-mochis.jpg\",\"datePublished\":\"2026-05-08T14:08:04+00:00\",\"dateModified\":\"2026-05-08T14:08:05+00:00\",\"author\":{\"@id\":\"https:\\\/\\\/elotroenfoque.mx\\\/#\\\/schema\\\/person\\\/8eb322f84d0bd9f337e462905519a1ae\"},\"description\":\"Incendio en una plaza comercial de Los Mochis, Sinaloa, dej\u00f3 al menos 10 muertos y 46 heridos; el fuego habr\u00eda iniciado en un negocio de comida.\",\"breadcrumb\":{\"@id\":\"https:\\\/\\\/elotroenfoque.mx\\\/index.php\\\/2026\\\/05\\\/08\\\/suman-10-muertos-y-46-heridos-por-incendio-en-plaza-de-los-mochis\\\/#breadcrumb\"},\"inLanguage\":\"es\",\"potentialAction\":[{\"@type\":\"ReadAction\",\"target\":[\"https:\\\/\\\/elotroenfoque.mx\\\/index.php\\\/2026\\\/05\\\/08\\\/suman-10-muertos-y-46-heridos-por-incendio-en-plaza-de-los-mochis\\\/\"]}]},{\"@type\":\"ImageObject\",\"inLanguage\":\"es\",\"@id\":\"https:\\\/\\\/elotroenfoque.mx\\\/index.php\\\/2026\\\/05\\\/08\\\/suman-10-muertos-y-46-heridos-por-incendio-en-plaza-de-los-mochis\\\/#primaryimage\",\"url\":\"https:\\\/\\\/elotroenfoque.mx\\\/wp-content\\\/uploads\\\/2026\\\/05\\\/incendio-en-plaza-de-los-mochis.jpg\",\"contentUrl\":\"https:\\\/\\\/elotroenfoque.mx\\\/wp-content\\\/uploads\\\/2026\\\/05\\\/incendio-en-plaza-de-los-mochis.jpg\",\"width\":1194,\"height\":540},{\"@type\":\"BreadcrumbList\",\"@id\":\"https:\\\/\\\/elotroenfoque.mx\\\/index.php\\\/2026\\\/05\\\/08\\\/suman-10-muertos-y-46-heridos-por-incendio-en-plaza-de-los-mochis\\\/#breadcrumb\",\"itemListElement\":[{\"@type\":\"ListItem\",\"position\":1,\"name\":\"Portada\",\"item\":\"https:\\\/\\\/elotroenfoque.mx\\\/\"},{\"@type\":\"ListItem\",\"position\":2,\"name\":\"Suman 10 muertos y 46 heridos por incendio en plaza de Los Mochis\"}]},{\"@type\":\"WebSite\",\"@id\":\"https:\\\/\\\/elotroenfoque.mx\\\/#website\",\"url\":\"https:\\\/\\\/elotroenfoque.mx\\\/\",\"name\":\"El otro enfoque\",\"description\":\"\",\"potentialAction\":[{\"@type\":\"SearchAction\",\"target\":{\"@type\":\"EntryPoint\",\"urlTemplate\":\"https:\\\/\\\/elotroenfoque.mx\\\/?s={search_term_string}\"},\"query-input\":{\"@type\":\"PropertyValueSpecification\",\"valueRequired\":true,\"valueName\":\"search_term_string\"}}],\"inLanguage\":\"es\"},{\"@type\":\"Person\",\"@id\":\"https:\\\/\\\/elotroenfoque.mx\\\/#\\\/schema\\\/person\\\/8eb322f84d0bd9f337e462905519a1ae\",\"name\":\"Equipo Redaccion\",\"image\":{\"@type\":\"ImageObject\",\"inLanguage\":\"es\",\"@id\":\"https:\\\/\\\/secure.gravatar.com\\\/avatar\\\/3579478e2b4e7aad364a32b26cf744b360ae0e581ee1cd0cb18a8f239ee49ac4?s=96&d=mm&r=g\",\"url\":\"https:\\\/\\\/secure.gravatar.com\\\/avatar\\\/3579478e2b4e7aad364a32b26cf744b360ae0e581ee1cd0cb18a8f239ee49ac4?s=96&d=mm&r=g\",\"contentUrl\":\"https:\\\/\\\/secure.gravatar.com\\\/avatar\\\/3579478e2b4e7aad364a32b26cf744b360ae0e581ee1cd0cb18a8f239ee49ac4?s=96&d=mm&r=g\",\"caption\":\"Equipo Redaccion\"},\"url\":\"https:\\\/\\\/elotroenfoque.mx\\\/index.php\\\/author\\\/redaccion\\\/\"}]}<\/script>\n<!-- \/ Yoast SEO plugin. -->","yoast_head_json":{"title":"Suman 10 muertos y 46 heridos por incendio en plaza de Los Mochis - El otro enfoque","description":"Incendio en una plaza comercial de Los Mochis, Sinaloa, dej\u00f3 al menos 10 muertos y 46 heridos; el fuego habr\u00eda iniciado en un negocio de comida.","robots":{"index":"index","follow":"follow","max-snippet":"max-snippet:-1","max-image-preview":"max-image-preview:large","max-video-preview":"max-video-preview:-1"},"canonical":"https:\/\/elotroenfoque.mx\/index.php\/2026\/05\/08\/suman-10-muertos-y-46-heridos-por-incendio-en-plaza-de-los-mochis\/","og_locale":"es_MX","og_type":"article","og_title":"Suman 10 muertos y 46 heridos por incendio en plaza de Los Mochis - El otro enfoque","og_description":"Incendio en una plaza comercial de Los Mochis, Sinaloa, dej\u00f3 al menos 10 muertos y 46 heridos; el fuego habr\u00eda iniciado en un negocio de comida.","og_url":"https:\/\/elotroenfoque.mx\/index.php\/2026\/05\/08\/suman-10-muertos-y-46-heridos-por-incendio-en-plaza-de-los-mochis\/","og_site_name":"El otro enfoque","article_published_time":"2026-05-08T14:08:04+00:00","article_modified_time":"2026-05-08T14:08:05+00:00","og_image":[{"width":1194,"height":540,"url":"https:\/\/elotroenfoque.mx\/wp-content\/uploads\/2026\/05\/incendio-en-plaza-de-los-mochis.jpg","type":"image\/jpeg"}],"author":"Equipo Redaccion","twitter_card":"summary_large_image","twitter_misc":{"Escrito por":"Equipo Redaccion","Tiempo de lectura":"2 minutos"},"schema":{"@context":"https:\/\/schema.org","@graph":[{"@type":"Article","@id":"https:\/\/elotroenfoque.mx\/index.php\/2026\/05\/08\/suman-10-muertos-y-46-heridos-por-incendio-en-plaza-de-los-mochis\/#article","isPartOf":{"@id":"https:\/\/elotroenfoque.mx\/index.php\/2026\/05\/08\/suman-10-muertos-y-46-heridos-por-incendio-en-plaza-de-los-mochis\/"},"author":{"name":"Equipo Redaccion","@id":"https:\/\/elotroenfoque.mx\/#\/schema\/person\/8eb322f84d0bd9f337e462905519a1ae"},"headline":"Suman 10 muertos y 46 heridos por incendio en plaza de Los Mochis","datePublished":"2026-05-08T14:08:04+00:00","dateModified":"2026-05-08T14:08:05+00:00","mainEntityOfPage":{"@id":"https:\/\/elotroenfoque.mx\/index.php\/2026\/05\/08\/suman-10-muertos-y-46-heridos-por-incendio-en-plaza-de-los-mochis\/"},"wordCount":266,"image":{"@id":"https:\/\/elotroenfoque.mx\/index.php\/2026\/05\/08\/suman-10-muertos-y-46-heridos-por-incendio-en-plaza-de-los-mochis\/#primaryimage"},"thumbnailUrl":"https:\/\/elotroenfoque.mx\/wp-content\/uploads\/2026\/05\/incendio-en-plaza-de-los-mochis.jpg","keywords":["Guanajuato","Noticias Guanajuato"],"articleSection":["Otras Noticias"],"inLanguage":"es"},{"@type":"WebPage","@id":"https:\/\/elotroenfoque.mx\/index.php\/2026\/05\/08\/suman-10-muertos-y-46-heridos-por-incendio-en-plaza-de-los-mochis\/","url":"https:\/\/elotroenfoque.mx\/index.php\/2026\/05\/08\/suman-10-muertos-y-46-heridos-por-incendio-en-plaza-de-los-mochis\/","name":"Suman 10 muertos y 46 heridos por incendio en plaza de Los Mochis - El otro enfoque","isPartOf":{"@id":"https:\/\/elotroenfoque.mx\/#website"},"primaryImageOfPage":{"@id":"https:\/\/elotroenfoque.mx\/index.php\/2026\/05\/08\/suman-10-muertos-y-46-heridos-por-incendio-en-plaza-de-los-mochis\/#primaryimage"},"image":{"@id":"https:\/\/elotroenfoque.mx\/index.php\/2026\/05\/08\/suman-10-muertos-y-46-heridos-por-incendio-en-plaza-de-los-mochis\/#primaryimage"},"thumbnailUrl":"https:\/\/elotroenfoque.mx\/wp-content\/uploads\/2026\/05\/incendio-en-plaza-de-los-mochis.jpg","datePublished":"2026-05-08T14:08:04+00:00","dateModified":"2026-05-08T14:08:05+00:00","author":{"@id":"https:\/\/elotroenfoque.mx\/#\/schema\/person\/8eb322f84d0bd9f337e462905519a1ae"},"description":"Incendio en una plaza comercial de Los Mochis, Sinaloa, dej\u00f3 al menos 10 muertos y 46 heridos; el fuego habr\u00eda iniciado en un negocio de comida.","breadcrumb":{"@id":"https:\/\/elotroenfoque.mx\/index.php\/2026\/05\/08\/suman-10-muertos-y-46-heridos-por-incendio-en-plaza-de-los-mochis\/#breadcrumb"},"inLanguage":"es","potentialAction":[{"@type":"ReadAction","target":["https:\/\/elotroenfoque.mx\/index.php\/2026\/05\/08\/suman-10-muertos-y-46-heridos-por-incendio-en-plaza-de-los-mochis\/"]}]},{"@type":"ImageObject","inLanguage":"es","@id":"https:\/\/elotroenfoque.mx\/index.php\/2026\/05\/08\/suman-10-muertos-y-46-heridos-por-incendio-en-plaza-de-los-mochis\/#primaryimage","url":"https:\/\/elotroenfoque.mx\/wp-content\/uploads\/2026\/05\/incendio-en-plaza-de-los-mochis.jpg","contentUrl":"https:\/\/elotroenfoque.mx\/wp-content\/uploads\/2026\/05\/incendio-en-plaza-de-los-mochis.jpg","width":1194,"height":540},{"@type":"BreadcrumbList","@id":"https:\/\/elotroenfoque.mx\/index.php\/2026\/05\/08\/suman-10-muertos-y-46-heridos-por-incendio-en-plaza-de-los-mochis\/#breadcrumb","itemListElement":[{"@type":"ListItem","position":1,"name":"Portada","item":"https:\/\/elotroenfoque.mx\/"},{"@type":"ListItem","position":2,"name":"Suman 10 muertos y 46 heridos por incendio en plaza de Los Mochis"}]},{"@type":"WebSite","@id":"https:\/\/elotroenfoque.mx\/#website","url":"https:\/\/elotroenfoque.mx\/","name":"El otro enfoque","description":"","potentialAction":[{"@type":"SearchAction","target":{"@type":"EntryPoint","urlTemplate":"https:\/\/elotroenfoque.mx\/?s={search_term_string}"},"query-input":{"@type":"PropertyValueSpecification","valueRequired":true,"valueName":"search_term_string"}}],"inLanguage":"es"},{"@type":"Person","@id":"https:\/\/elotroenfoque.mx\/#\/schema\/person\/8eb322f84d0bd9f337e462905519a1ae","name":"Equipo Redaccion","image":{"@type":"ImageObject","inLanguage":"es","@id":"https:\/\/secure.gravatar.com\/avatar\/3579478e2b4e7aad364a32b26cf744b360ae0e581ee1cd0cb18a8f239ee49ac4?s=96&d=mm&r=g","url":"https:\/\/secure.gravatar.com\/avatar\/3579478e2b4e7aad364a32b26cf744b360ae0e581ee1cd0cb18a8f239ee49ac4?s=96&d=mm&r=g","contentUrl":"https:\/\/secure.gravatar.com\/avatar\/3579478e2b4e7aad364a32b26cf744b360ae0e581ee1cd0cb18a8f239ee49ac4?s=96&d=mm&r=g","caption":"Equipo Redaccion"},"url":"https:\/\/elotroenfoque.mx\/index.php\/author\/redaccion\/"}]}},"_links":{"self":[{"href":"https:\/\/elotroenfoque.mx\/index.php\/wp-json\/wp\/v2\/posts\/184922","targetHints":{"allow":["GET"]}}],"collection":[{"href":"https:\/\/elotroenfoque.mx\/index.php\/wp-json\/wp\/v2\/posts"}],"about":[{"href":"https:\/\/elotroenfoque.mx\/index.php\/wp-json\/wp\/v2\/types\/post"}],"author":[{"embeddable":true,"href":"https:\/\/elotroenfoque.mx\/index.php\/wp-json\/wp\/v2\/users\/4"}],"replies":[{"embeddable":true,"href":"https:\/\/elotroenfoque.mx\/index.php\/wp-json\/wp\/v2\/comments?post=184922"}],"version-history":[{"count":1,"href":"https:\/\/elotroenfoque.mx\/index.php\/wp-json\/wp\/v2\/posts\/184922\/revisions"}],"predecessor-version":[{"id":184924,"href":"https:\/\/elotroenfoque.mx\/index.php\/wp-json\/wp\/v2\/posts\/184922\/revisions\/184924"}],"wp:featuredmedia":[{"embeddable":true,"href":"https:\/\/elotroenfoque.mx\/index.php\/wp-json\/wp\/v2\/media\/184923"}],"wp:attachment":[{"href":"https:\/\/elotroenfoque.mx\/index.php\/wp-json\/wp\/v2\/media?parent=184922"}],"wp:term":[{"taxonomy":"category","embeddable":true,"href":"https:\/\/elotroenfoque.mx\/index.php\/wp-json\/wp\/v2\/categories?post=184922"},{"taxonomy":"post_tag","embeddable":true,"href":"https:\/\/elotroenfoque.mx\/index.php\/wp-json\/wp\/v2\/tags?post=184922"}],"curies":[{"name":"wp","href":"https:\/\/api.w.org\/{rel}","templated":true}]}}