{"id":184928,"date":"2026-05-08T09:59:21","date_gmt":"2026-05-08T15:59:21","guid":{"rendered":"https:\/\/elotroenfoque.mx\/?p=184928"},"modified":"2026-05-08T09:59:22","modified_gmt":"2026-05-08T15:59:22","slug":"el-poder-ya-agrede-mas-a-periodistas-que-el-narco","status":"publish","type":"post","link":"https:\/\/elotroenfoque.mx\/index.php\/2026\/05\/08\/el-poder-ya-agrede-mas-a-periodistas-que-el-narco\/","title":{"rendered":"El poder ya agrede m\u00e1s a periodistas que el narco"},"content":{"rendered":"\n<p class=\"wp-block-paragraph\">Los funcionarios p\u00fablicos superaron al crimen organizado como principales agresores contra periodistas en M\u00e9xico, seg\u00fan un nuevo an\u00e1lisis de Art\u00edculo 19.<\/p>\n\n\n\n<p class=\"wp-block-paragraph\">El reporte advierte que polic\u00edas, servidores p\u00fablicos y autoridades locales concentran m\u00e1s ataques contra comunicadores que los grupos delictivos.<\/p>\n\n\n\n<p class=\"wp-block-paragraph\">Las agresiones incluyen amenazas, intimidaciones, bloqueos informativos, campa\u00f1as de desprestigio y ataques durante coberturas relacionadas con seguridad, corrupci\u00f3n y abuso pol\u00edtico.<\/p>\n\n\n\n<p class=\"wp-block-paragraph\">El dato exhibe un cambio preocupante para la prensa mexicana, porque el riesgo ya no solo proviene de estructuras criminales.<\/p>\n\n\n\n<p class=\"wp-block-paragraph\">Ahora, muchos reporteros enfrentan presiones desde oficinas p\u00fablicas, corporaciones policiacas y gobiernos que deber\u00edan garantizar su trabajo informativo.<\/p>\n\n\n\n<p class=\"wp-block-paragraph\">La situaci\u00f3n golpea especialmente a periodistas locales, quienes investigan abusos de poder, contratos p\u00fablicos, violencia regional y posibles v\u00ednculos pol\u00edticos.<\/p>\n\n\n\n<p class=\"wp-block-paragraph\">Organizaciones defensoras de derechos humanos alertaron que este clima limita la libertad de prensa y reduce el acceso ciudadano a informaci\u00f3n p\u00fablica.<\/p>\n\n\n\n<p class=\"wp-block-paragraph\">M\u00e9xico mantiene altos niveles de violencia contra comunicadores, pero el incremento de ataques desde el poder abre una nueva alarma nacional.<\/p>\n\n\n\n<p class=\"wp-block-paragraph\">El informe de Art\u00edculo 19 se\u00f1ala que las agresiones oficiales generan censura, miedo y autocensura en redacciones peque\u00f1as, portales locales y reporteros independientes.<\/p>\n\n\n\n<p class=\"wp-block-paragraph\"><strong><a href=\"https:\/\/elotroenfoque.mx\/index.php\/2026\/05\/08\/detectan-a-mujer-con-hantavirus-en-espana-compartio-vuelo-con-crucerista\/\">\u00bfHabr\u00e1 un posible caso de hantavirus en Espa\u00f1a tras contacto en un vuelo internacional?<\/a><\/strong><\/p>\n\n\n\n<p class=\"wp-block-paragraph\">Para especialistas, cada ataque contra periodistas tambi\u00e9n afecta a la sociedad, porque impide conocer hechos de inter\u00e9s p\u00fablico.<\/p>\n\n\n\n<p class=\"wp-block-paragraph\">La presi\u00f3n pol\u00edtica contra medios revela una deuda grave del Estado mexicano con la protecci\u00f3n real del periodismo.<\/p>\n\n\n\n<p class=\"wp-block-paragraph\">Mientras las autoridades prometen garant\u00edas, el informe muestra que muchas agresiones nacen desde las mismas estructuras encargadas de proteger derechos.<\/p>\n\n\n\n<p class=\"wp-block-paragraph\"><strong><a href=\"https:\/\/www.tiktok.com\/@elotroenfoque?_r=1&amp;_t=ZS-95fz6wNxSoT\">Sigue tambi\u00e9n las noticias en TikTok<\/a><\/strong><\/p>\n","protected":false},"excerpt":{"rendered":"<p>Los funcionarios p\u00fablicos superaron al crimen organizado como principales agresores contra periodistas en M\u00e9xico, seg\u00fan un nuevo an\u00e1lisis de Art\u00edculo 19. El reporte advierte que polic\u00edas, servidores p\u00fablicos y autoridades locales concentran m\u00e1s ataques contra comunicadores que los grupos delictivos. Las agresiones incluyen amenazas, intimidaciones, bloqueos informativos, campa\u00f1as de desprestigio y ataques durante coberturas relacionadas&#8230;<\/p>\n","protected":false},"author":4,"featured_media":184929,"comment_status":"closed","ping_status":"open","sticky":false,"template":"","format":"standard","meta":{"footnotes":""},"categories":[2],"tags":[13,4517],"class_list":["post-184928","post","type-post","status-publish","format-standard","has-post-thumbnail","hentry","category-noticias","tag-guanajuato","tag-noticias-guanajuato"],"yoast_head":"<!-- This site is optimized with the Yoast SEO plugin v28.2 - https:\/\/yoast.com\/product\/yoast-seo-wordpress\/ -->\n<title>El poder ya agrede m\u00e1s a periodistas que el narco - El otro enfoque<\/title>\n<meta name=\"description\" content=\"Los funcionarios p\u00fablicos superaron al crimen organizado como principales agresores contra periodistas en M\u00e9xico, seg\u00fan Art\u00edculo 19.\" \/>\n<meta name=\"robots\" content=\"index, follow, max-snippet:-1, max-image-preview:large, max-video-preview:-1\" \/>\n<link rel=\"canonical\" href=\"https:\/\/elotroenfoque.mx\/index.php\/2026\/05\/08\/el-poder-ya-agrede-mas-a-periodistas-que-el-narco\/\" \/>\n<meta property=\"og:locale\" content=\"es_MX\" \/>\n<meta property=\"og:type\" content=\"article\" \/>\n<meta property=\"og:title\" content=\"El poder ya agrede m\u00e1s a periodistas que el narco - El otro enfoque\" \/>\n<meta property=\"og:description\" content=\"Los funcionarios p\u00fablicos superaron al crimen organizado como principales agresores contra periodistas en M\u00e9xico, seg\u00fan Art\u00edculo 19.\" \/>\n<meta property=\"og:url\" content=\"https:\/\/elotroenfoque.mx\/index.php\/2026\/05\/08\/el-poder-ya-agrede-mas-a-periodistas-que-el-narco\/\" \/>\n<meta property=\"og:site_name\" content=\"El otro enfoque\" \/>\n<meta property=\"article:published_time\" content=\"2026-05-08T15:59:21+00:00\" \/>\n<meta property=\"article:modified_time\" content=\"2026-05-08T15:59:22+00:00\" \/>\n<meta property=\"og:image\" content=\"https:\/\/elotroenfoque.mx\/wp-content\/uploads\/2026\/05\/el-poder-contra-la-prensa.jpg\" \/>\n\t<meta property=\"og:image:width\" content=\"1033\" \/>\n\t<meta property=\"og:image:height\" content=\"541\" \/>\n\t<meta property=\"og:image:type\" content=\"image\/jpeg\" \/>\n<meta name=\"author\" content=\"Equipo Redaccion\" \/>\n<meta name=\"twitter:card\" content=\"summary_large_image\" \/>\n<meta name=\"twitter:label1\" content=\"Escrito por\" \/>\n\t<meta name=\"twitter:data1\" content=\"Equipo Redaccion\" \/>\n\t<meta name=\"twitter:label2\" content=\"Tiempo de lectura\" \/>\n\t<meta name=\"twitter:data2\" content=\"2 minutos\" \/>\n<script type=\"application\/ld+json\" class=\"yoast-schema-graph\">{\"@context\":\"https:\\\/\\\/schema.org\",\"@graph\":[{\"@type\":\"Article\",\"@id\":\"https:\\\/\\\/elotroenfoque.mx\\\/index.php\\\/2026\\\/05\\\/08\\\/el-poder-ya-agrede-mas-a-periodistas-que-el-narco\\\/#article\",\"isPartOf\":{\"@id\":\"https:\\\/\\\/elotroenfoque.mx\\\/index.php\\\/2026\\\/05\\\/08\\\/el-poder-ya-agrede-mas-a-periodistas-que-el-narco\\\/\"},\"author\":{\"name\":\"Equipo Redaccion\",\"@id\":\"https:\\\/\\\/elotroenfoque.mx\\\/#\\\/schema\\\/person\\\/8eb322f84d0bd9f337e462905519a1ae\"},\"headline\":\"El poder ya agrede m\u00e1s a periodistas que el narco\",\"datePublished\":\"2026-05-08T15:59:21+00:00\",\"dateModified\":\"2026-05-08T15:59:22+00:00\",\"mainEntityOfPage\":{\"@id\":\"https:\\\/\\\/elotroenfoque.mx\\\/index.php\\\/2026\\\/05\\\/08\\\/el-poder-ya-agrede-mas-a-periodistas-que-el-narco\\\/\"},\"wordCount\":302,\"image\":{\"@id\":\"https:\\\/\\\/elotroenfoque.mx\\\/index.php\\\/2026\\\/05\\\/08\\\/el-poder-ya-agrede-mas-a-periodistas-que-el-narco\\\/#primaryimage\"},\"thumbnailUrl\":\"https:\\\/\\\/elotroenfoque.mx\\\/wp-content\\\/uploads\\\/2026\\\/05\\\/el-poder-contra-la-prensa.jpg\",\"keywords\":[\"Guanajuato\",\"Noticias Guanajuato\"],\"articleSection\":[\"Noticias\"],\"inLanguage\":\"es\"},{\"@type\":\"WebPage\",\"@id\":\"https:\\\/\\\/elotroenfoque.mx\\\/index.php\\\/2026\\\/05\\\/08\\\/el-poder-ya-agrede-mas-a-periodistas-que-el-narco\\\/\",\"url\":\"https:\\\/\\\/elotroenfoque.mx\\\/index.php\\\/2026\\\/05\\\/08\\\/el-poder-ya-agrede-mas-a-periodistas-que-el-narco\\\/\",\"name\":\"El poder ya agrede m\u00e1s a periodistas que el narco - El otro enfoque\",\"isPartOf\":{\"@id\":\"https:\\\/\\\/elotroenfoque.mx\\\/#website\"},\"primaryImageOfPage\":{\"@id\":\"https:\\\/\\\/elotroenfoque.mx\\\/index.php\\\/2026\\\/05\\\/08\\\/el-poder-ya-agrede-mas-a-periodistas-que-el-narco\\\/#primaryimage\"},\"image\":{\"@id\":\"https:\\\/\\\/elotroenfoque.mx\\\/index.php\\\/2026\\\/05\\\/08\\\/el-poder-ya-agrede-mas-a-periodistas-que-el-narco\\\/#primaryimage\"},\"thumbnailUrl\":\"https:\\\/\\\/elotroenfoque.mx\\\/wp-content\\\/uploads\\\/2026\\\/05\\\/el-poder-contra-la-prensa.jpg\",\"datePublished\":\"2026-05-08T15:59:21+00:00\",\"dateModified\":\"2026-05-08T15:59:22+00:00\",\"author\":{\"@id\":\"https:\\\/\\\/elotroenfoque.mx\\\/#\\\/schema\\\/person\\\/8eb322f84d0bd9f337e462905519a1ae\"},\"description\":\"Los funcionarios p\u00fablicos superaron al crimen organizado como principales agresores contra periodistas en M\u00e9xico, seg\u00fan Art\u00edculo 19.\",\"breadcrumb\":{\"@id\":\"https:\\\/\\\/elotroenfoque.mx\\\/index.php\\\/2026\\\/05\\\/08\\\/el-poder-ya-agrede-mas-a-periodistas-que-el-narco\\\/#breadcrumb\"},\"inLanguage\":\"es\",\"potentialAction\":[{\"@type\":\"ReadAction\",\"target\":[\"https:\\\/\\\/elotroenfoque.mx\\\/index.php\\\/2026\\\/05\\\/08\\\/el-poder-ya-agrede-mas-a-periodistas-que-el-narco\\\/\"]}]},{\"@type\":\"ImageObject\",\"inLanguage\":\"es\",\"@id\":\"https:\\\/\\\/elotroenfoque.mx\\\/index.php\\\/2026\\\/05\\\/08\\\/el-poder-ya-agrede-mas-a-periodistas-que-el-narco\\\/#primaryimage\",\"url\":\"https:\\\/\\\/elotroenfoque.mx\\\/wp-content\\\/uploads\\\/2026\\\/05\\\/el-poder-contra-la-prensa.jpg\",\"contentUrl\":\"https:\\\/\\\/elotroenfoque.mx\\\/wp-content\\\/uploads\\\/2026\\\/05\\\/el-poder-contra-la-prensa.jpg\",\"width\":1033,\"height\":541},{\"@type\":\"BreadcrumbList\",\"@id\":\"https:\\\/\\\/elotroenfoque.mx\\\/index.php\\\/2026\\\/05\\\/08\\\/el-poder-ya-agrede-mas-a-periodistas-que-el-narco\\\/#breadcrumb\",\"itemListElement\":[{\"@type\":\"ListItem\",\"position\":1,\"name\":\"Portada\",\"item\":\"https:\\\/\\\/elotroenfoque.mx\\\/\"},{\"@type\":\"ListItem\",\"position\":2,\"name\":\"El poder ya agrede m\u00e1s a periodistas que el narco\"}]},{\"@type\":\"WebSite\",\"@id\":\"https:\\\/\\\/elotroenfoque.mx\\\/#website\",\"url\":\"https:\\\/\\\/elotroenfoque.mx\\\/\",\"name\":\"El otro enfoque\",\"description\":\"\",\"potentialAction\":[{\"@type\":\"SearchAction\",\"target\":{\"@type\":\"EntryPoint\",\"urlTemplate\":\"https:\\\/\\\/elotroenfoque.mx\\\/?s={search_term_string}\"},\"query-input\":{\"@type\":\"PropertyValueSpecification\",\"valueRequired\":true,\"valueName\":\"search_term_string\"}}],\"inLanguage\":\"es\"},{\"@type\":\"Person\",\"@id\":\"https:\\\/\\\/elotroenfoque.mx\\\/#\\\/schema\\\/person\\\/8eb322f84d0bd9f337e462905519a1ae\",\"name\":\"Equipo Redaccion\",\"image\":{\"@type\":\"ImageObject\",\"inLanguage\":\"es\",\"@id\":\"https:\\\/\\\/secure.gravatar.com\\\/avatar\\\/3579478e2b4e7aad364a32b26cf744b360ae0e581ee1cd0cb18a8f239ee49ac4?s=96&d=mm&r=g\",\"url\":\"https:\\\/\\\/secure.gravatar.com\\\/avatar\\\/3579478e2b4e7aad364a32b26cf744b360ae0e581ee1cd0cb18a8f239ee49ac4?s=96&d=mm&r=g\",\"contentUrl\":\"https:\\\/\\\/secure.gravatar.com\\\/avatar\\\/3579478e2b4e7aad364a32b26cf744b360ae0e581ee1cd0cb18a8f239ee49ac4?s=96&d=mm&r=g\",\"caption\":\"Equipo Redaccion\"},\"url\":\"https:\\\/\\\/elotroenfoque.mx\\\/index.php\\\/author\\\/redaccion\\\/\"}]}<\/script>\n<!-- \/ Yoast SEO plugin. -->","yoast_head_json":{"title":"El poder ya agrede m\u00e1s a periodistas que el narco - El otro enfoque","description":"Los funcionarios p\u00fablicos superaron al crimen organizado como principales agresores contra periodistas en M\u00e9xico, seg\u00fan Art\u00edculo 19.","robots":{"index":"index","follow":"follow","max-snippet":"max-snippet:-1","max-image-preview":"max-image-preview:large","max-video-preview":"max-video-preview:-1"},"canonical":"https:\/\/elotroenfoque.mx\/index.php\/2026\/05\/08\/el-poder-ya-agrede-mas-a-periodistas-que-el-narco\/","og_locale":"es_MX","og_type":"article","og_title":"El poder ya agrede m\u00e1s a periodistas que el narco - El otro enfoque","og_description":"Los funcionarios p\u00fablicos superaron al crimen organizado como principales agresores contra periodistas en M\u00e9xico, seg\u00fan Art\u00edculo 19.","og_url":"https:\/\/elotroenfoque.mx\/index.php\/2026\/05\/08\/el-poder-ya-agrede-mas-a-periodistas-que-el-narco\/","og_site_name":"El otro enfoque","article_published_time":"2026-05-08T15:59:21+00:00","article_modified_time":"2026-05-08T15:59:22+00:00","og_image":[{"width":1033,"height":541,"url":"https:\/\/elotroenfoque.mx\/wp-content\/uploads\/2026\/05\/el-poder-contra-la-prensa.jpg","type":"image\/jpeg"}],"author":"Equipo Redaccion","twitter_card":"summary_large_image","twitter_misc":{"Escrito por":"Equipo Redaccion","Tiempo de lectura":"2 minutos"},"schema":{"@context":"https:\/\/schema.org","@graph":[{"@type":"Article","@id":"https:\/\/elotroenfoque.mx\/index.php\/2026\/05\/08\/el-poder-ya-agrede-mas-a-periodistas-que-el-narco\/#article","isPartOf":{"@id":"https:\/\/elotroenfoque.mx\/index.php\/2026\/05\/08\/el-poder-ya-agrede-mas-a-periodistas-que-el-narco\/"},"author":{"name":"Equipo Redaccion","@id":"https:\/\/elotroenfoque.mx\/#\/schema\/person\/8eb322f84d0bd9f337e462905519a1ae"},"headline":"El poder ya agrede m\u00e1s a periodistas que el narco","datePublished":"2026-05-08T15:59:21+00:00","dateModified":"2026-05-08T15:59:22+00:00","mainEntityOfPage":{"@id":"https:\/\/elotroenfoque.mx\/index.php\/2026\/05\/08\/el-poder-ya-agrede-mas-a-periodistas-que-el-narco\/"},"wordCount":302,"image":{"@id":"https:\/\/elotroenfoque.mx\/index.php\/2026\/05\/08\/el-poder-ya-agrede-mas-a-periodistas-que-el-narco\/#primaryimage"},"thumbnailUrl":"https:\/\/elotroenfoque.mx\/wp-content\/uploads\/2026\/05\/el-poder-contra-la-prensa.jpg","keywords":["Guanajuato","Noticias Guanajuato"],"articleSection":["Noticias"],"inLanguage":"es"},{"@type":"WebPage","@id":"https:\/\/elotroenfoque.mx\/index.php\/2026\/05\/08\/el-poder-ya-agrede-mas-a-periodistas-que-el-narco\/","url":"https:\/\/elotroenfoque.mx\/index.php\/2026\/05\/08\/el-poder-ya-agrede-mas-a-periodistas-que-el-narco\/","name":"El poder ya agrede m\u00e1s a periodistas que el narco - El otro enfoque","isPartOf":{"@id":"https:\/\/elotroenfoque.mx\/#website"},"primaryImageOfPage":{"@id":"https:\/\/elotroenfoque.mx\/index.php\/2026\/05\/08\/el-poder-ya-agrede-mas-a-periodistas-que-el-narco\/#primaryimage"},"image":{"@id":"https:\/\/elotroenfoque.mx\/index.php\/2026\/05\/08\/el-poder-ya-agrede-mas-a-periodistas-que-el-narco\/#primaryimage"},"thumbnailUrl":"https:\/\/elotroenfoque.mx\/wp-content\/uploads\/2026\/05\/el-poder-contra-la-prensa.jpg","datePublished":"2026-05-08T15:59:21+00:00","dateModified":"2026-05-08T15:59:22+00:00","author":{"@id":"https:\/\/elotroenfoque.mx\/#\/schema\/person\/8eb322f84d0bd9f337e462905519a1ae"},"description":"Los funcionarios p\u00fablicos superaron al crimen organizado como principales agresores contra periodistas en M\u00e9xico, seg\u00fan Art\u00edculo 19.","breadcrumb":{"@id":"https:\/\/elotroenfoque.mx\/index.php\/2026\/05\/08\/el-poder-ya-agrede-mas-a-periodistas-que-el-narco\/#breadcrumb"},"inLanguage":"es","potentialAction":[{"@type":"ReadAction","target":["https:\/\/elotroenfoque.mx\/index.php\/2026\/05\/08\/el-poder-ya-agrede-mas-a-periodistas-que-el-narco\/"]}]},{"@type":"ImageObject","inLanguage":"es","@id":"https:\/\/elotroenfoque.mx\/index.php\/2026\/05\/08\/el-poder-ya-agrede-mas-a-periodistas-que-el-narco\/#primaryimage","url":"https:\/\/elotroenfoque.mx\/wp-content\/uploads\/2026\/05\/el-poder-contra-la-prensa.jpg","contentUrl":"https:\/\/elotroenfoque.mx\/wp-content\/uploads\/2026\/05\/el-poder-contra-la-prensa.jpg","width":1033,"height":541},{"@type":"BreadcrumbList","@id":"https:\/\/elotroenfoque.mx\/index.php\/2026\/05\/08\/el-poder-ya-agrede-mas-a-periodistas-que-el-narco\/#breadcrumb","itemListElement":[{"@type":"ListItem","position":1,"name":"Portada","item":"https:\/\/elotroenfoque.mx\/"},{"@type":"ListItem","position":2,"name":"El poder ya agrede m\u00e1s a periodistas que el narco"}]},{"@type":"WebSite","@id":"https:\/\/elotroenfoque.mx\/#website","url":"https:\/\/elotroenfoque.mx\/","name":"El otro enfoque","description":"","potentialAction":[{"@type":"SearchAction","target":{"@type":"EntryPoint","urlTemplate":"https:\/\/elotroenfoque.mx\/?s={search_term_string}"},"query-input":{"@type":"PropertyValueSpecification","valueRequired":true,"valueName":"search_term_string"}}],"inLanguage":"es"},{"@type":"Person","@id":"https:\/\/elotroenfoque.mx\/#\/schema\/person\/8eb322f84d0bd9f337e462905519a1ae","name":"Equipo Redaccion","image":{"@type":"ImageObject","inLanguage":"es","@id":"https:\/\/secure.gravatar.com\/avatar\/3579478e2b4e7aad364a32b26cf744b360ae0e581ee1cd0cb18a8f239ee49ac4?s=96&d=mm&r=g","url":"https:\/\/secure.gravatar.com\/avatar\/3579478e2b4e7aad364a32b26cf744b360ae0e581ee1cd0cb18a8f239ee49ac4?s=96&d=mm&r=g","contentUrl":"https:\/\/secure.gravatar.com\/avatar\/3579478e2b4e7aad364a32b26cf744b360ae0e581ee1cd0cb18a8f239ee49ac4?s=96&d=mm&r=g","caption":"Equipo Redaccion"},"url":"https:\/\/elotroenfoque.mx\/index.php\/author\/redaccion\/"}]}},"_links":{"self":[{"href":"https:\/\/elotroenfoque.mx\/index.php\/wp-json\/wp\/v2\/posts\/184928","targetHints":{"allow":["GET"]}}],"collection":[{"href":"https:\/\/elotroenfoque.mx\/index.php\/wp-json\/wp\/v2\/posts"}],"about":[{"href":"https:\/\/elotroenfoque.mx\/index.php\/wp-json\/wp\/v2\/types\/post"}],"author":[{"embeddable":true,"href":"https:\/\/elotroenfoque.mx\/index.php\/wp-json\/wp\/v2\/users\/4"}],"replies":[{"embeddable":true,"href":"https:\/\/elotroenfoque.mx\/index.php\/wp-json\/wp\/v2\/comments?post=184928"}],"version-history":[{"count":1,"href":"https:\/\/elotroenfoque.mx\/index.php\/wp-json\/wp\/v2\/posts\/184928\/revisions"}],"predecessor-version":[{"id":184930,"href":"https:\/\/elotroenfoque.mx\/index.php\/wp-json\/wp\/v2\/posts\/184928\/revisions\/184930"}],"wp:featuredmedia":[{"embeddable":true,"href":"https:\/\/elotroenfoque.mx\/index.php\/wp-json\/wp\/v2\/media\/184929"}],"wp:attachment":[{"href":"https:\/\/elotroenfoque.mx\/index.php\/wp-json\/wp\/v2\/media?parent=184928"}],"wp:term":[{"taxonomy":"category","embeddable":true,"href":"https:\/\/elotroenfoque.mx\/index.php\/wp-json\/wp\/v2\/categories?post=184928"},{"taxonomy":"post_tag","embeddable":true,"href":"https:\/\/elotroenfoque.mx\/index.php\/wp-json\/wp\/v2\/tags?post=184928"}],"curies":[{"name":"wp","href":"https:\/\/api.w.org\/{rel}","templated":true}]}}