{"id":184931,"date":"2026-05-08T10:44:42","date_gmt":"2026-05-08T16:44:42","guid":{"rendered":"https:\/\/elotroenfoque.mx\/?p=184931"},"modified":"2026-05-08T10:45:45","modified_gmt":"2026-05-08T16:45:45","slug":"ejecutan-a-mujer-en-la-comunidad-la-cruz-de-celaya","status":"publish","type":"post","link":"https:\/\/elotroenfoque.mx\/index.php\/2026\/05\/08\/ejecutan-a-mujer-en-la-comunidad-la-cruz-de-celaya\/","title":{"rendered":"Ejecutan a mujer en la comunidad La Cruz de Celaya"},"content":{"rendered":"\n<p class=\"wp-block-paragraph\">Una mujer falleci\u00f3 de forma instant\u00e1nea luego de haber sido v\u00edctima de un ataque armado registrado la noche del jueves en la comunidad La Cruz de Celaya.<\/p>\n\n\n\n<p class=\"wp-block-paragraph\">Los agresores, despu\u00e9s de disparar contra la f\u00e9mina, ingresaron a la vivienda y la trataron de incendiar pero los vecinos de la localidad, ubicada al sur de la ciudad, reaccionaron a tiempo y sofocaron el siniestro.<\/p>\n\n\n\n<p class=\"wp-block-paragraph\">El lugar fue acordonado por elementos de la Guardia Nacional y de la Polic\u00eda Municipal, quienes confirmaron que la v\u00edctima hab\u00eda fallecido en el lugar y por ello se notific\u00f3 a la Fiscal\u00eda General de Justicia para iniciar las primeras investigaciones<\/p>\n\n\n\n<p class=\"wp-block-paragraph\">Tambi\u00e9n lee: <strong><a href=\"https:\/\/elotroenfoque.mx\/index.php\/2026\/05\/08\/el-poder-ya-agrede-mas-a-periodistas-que-el-narco\/\">El poder ya agrede m\u00e1s a periodistas que el narco<\/a><\/strong><\/p>\n\n\n\n<p class=\"wp-block-paragraph\">Respecto a los hechos, se supo que la mujer agredida de aproximadamente 50 a\u00f1os, iba saliendo de su casa cuando llegaron sujetos armados en una moto, quienes dispararon y aprovecharon la casa abierta para iniciar el fuego, el cual no se propag\u00f3 por completo gracias a los vecinos.<\/p>\n\n\n\n<p class=\"wp-block-paragraph\"><strong><a href=\"https:\/\/www.tiktok.com\/@elotroenfoque?_r=1&amp;_t=ZS-95fz6wNxSoT\">Sigue tambi\u00e9n las noticias en TikTok<\/a><\/strong><\/p>\n","protected":false},"excerpt":{"rendered":"<p>Una mujer falleci\u00f3 de forma instant\u00e1nea luego de haber sido v\u00edctima de un ataque armado registrado la noche del jueves en la comunidad La Cruz de Celaya. Los agresores, despu\u00e9s de disparar contra la f\u00e9mina, ingresaron a la vivienda y la trataron de incendiar pero los vecinos de la localidad, ubicada al sur de la&#8230;<\/p>\n","protected":false},"author":4,"featured_media":184932,"comment_status":"closed","ping_status":"open","sticky":false,"template":"","format":"standard","meta":{"footnotes":""},"categories":[8],"tags":[13,4517],"class_list":["post-184931","post","type-post","status-publish","format-standard","has-post-thumbnail","hentry","category-desenfoques","tag-guanajuato","tag-noticias-guanajuato"],"yoast_head":"<!-- This site is optimized with the Yoast SEO plugin v28.2 - https:\/\/yoast.com\/product\/yoast-seo-wordpress\/ -->\n<title>Ejecutan a mujer en la comunidad La Cruz de Celaya - El otro enfoque<\/title>\n<meta name=\"robots\" content=\"index, follow, max-snippet:-1, max-image-preview:large, max-video-preview:-1\" \/>\n<link rel=\"canonical\" href=\"https:\/\/elotroenfoque.mx\/index.php\/2026\/05\/08\/ejecutan-a-mujer-en-la-comunidad-la-cruz-de-celaya\/\" \/>\n<meta property=\"og:locale\" content=\"es_MX\" \/>\n<meta property=\"og:type\" content=\"article\" \/>\n<meta property=\"og:title\" content=\"Ejecutan a mujer en la comunidad La Cruz de Celaya - El otro enfoque\" \/>\n<meta property=\"og:description\" content=\"Una mujer falleci\u00f3 de forma instant\u00e1nea luego de haber sido v\u00edctima de un ataque armado registrado la noche del jueves en la comunidad La Cruz de Celaya. Los agresores, despu\u00e9s de disparar contra la f\u00e9mina, ingresaron a la vivienda y la trataron de incendiar pero los vecinos de la localidad, ubicada al sur de la...\" \/>\n<meta property=\"og:url\" content=\"https:\/\/elotroenfoque.mx\/index.php\/2026\/05\/08\/ejecutan-a-mujer-en-la-comunidad-la-cruz-de-celaya\/\" \/>\n<meta property=\"og:site_name\" content=\"El otro enfoque\" \/>\n<meta property=\"article:published_time\" content=\"2026-05-08T16:44:42+00:00\" \/>\n<meta property=\"article:modified_time\" content=\"2026-05-08T16:45:45+00:00\" \/>\n<meta property=\"og:image\" content=\"https:\/\/elotroenfoque.mx\/wp-content\/uploads\/2026\/05\/ejecutan-a-mujer-en-celaya.jpeg\" \/>\n\t<meta property=\"og:image:width\" content=\"1600\" \/>\n\t<meta property=\"og:image:height\" content=\"900\" \/>\n\t<meta property=\"og:image:type\" content=\"image\/jpeg\" \/>\n<meta name=\"author\" content=\"Equipo Redaccion\" \/>\n<meta name=\"twitter:card\" content=\"summary_large_image\" \/>\n<meta name=\"twitter:label1\" content=\"Escrito por\" \/>\n\t<meta name=\"twitter:data1\" content=\"Equipo Redaccion\" \/>\n\t<meta name=\"twitter:label2\" content=\"Tiempo de lectura\" \/>\n\t<meta name=\"twitter:data2\" content=\"1 minuto\" \/>\n<script type=\"application\/ld+json\" class=\"yoast-schema-graph\">{\"@context\":\"https:\\\/\\\/schema.org\",\"@graph\":[{\"@type\":\"Article\",\"@id\":\"https:\\\/\\\/elotroenfoque.mx\\\/index.php\\\/2026\\\/05\\\/08\\\/ejecutan-a-mujer-en-la-comunidad-la-cruz-de-celaya\\\/#article\",\"isPartOf\":{\"@id\":\"https:\\\/\\\/elotroenfoque.mx\\\/index.php\\\/2026\\\/05\\\/08\\\/ejecutan-a-mujer-en-la-comunidad-la-cruz-de-celaya\\\/\"},\"author\":{\"name\":\"Equipo Redaccion\",\"@id\":\"https:\\\/\\\/elotroenfoque.mx\\\/#\\\/schema\\\/person\\\/8eb322f84d0bd9f337e462905519a1ae\"},\"headline\":\"Ejecutan a mujer en la comunidad La Cruz de Celaya\",\"datePublished\":\"2026-05-08T16:44:42+00:00\",\"dateModified\":\"2026-05-08T16:45:45+00:00\",\"mainEntityOfPage\":{\"@id\":\"https:\\\/\\\/elotroenfoque.mx\\\/index.php\\\/2026\\\/05\\\/08\\\/ejecutan-a-mujer-en-la-comunidad-la-cruz-de-celaya\\\/\"},\"wordCount\":191,\"image\":{\"@id\":\"https:\\\/\\\/elotroenfoque.mx\\\/index.php\\\/2026\\\/05\\\/08\\\/ejecutan-a-mujer-en-la-comunidad-la-cruz-de-celaya\\\/#primaryimage\"},\"thumbnailUrl\":\"https:\\\/\\\/elotroenfoque.mx\\\/wp-content\\\/uploads\\\/2026\\\/05\\\/ejecutan-a-mujer-en-celaya.jpeg\",\"keywords\":[\"Guanajuato\",\"Noticias Guanajuato\"],\"articleSection\":[\"Desenfoques\"],\"inLanguage\":\"es\"},{\"@type\":\"WebPage\",\"@id\":\"https:\\\/\\\/elotroenfoque.mx\\\/index.php\\\/2026\\\/05\\\/08\\\/ejecutan-a-mujer-en-la-comunidad-la-cruz-de-celaya\\\/\",\"url\":\"https:\\\/\\\/elotroenfoque.mx\\\/index.php\\\/2026\\\/05\\\/08\\\/ejecutan-a-mujer-en-la-comunidad-la-cruz-de-celaya\\\/\",\"name\":\"Ejecutan a mujer en la comunidad La Cruz de Celaya - El otro enfoque\",\"isPartOf\":{\"@id\":\"https:\\\/\\\/elotroenfoque.mx\\\/#website\"},\"primaryImageOfPage\":{\"@id\":\"https:\\\/\\\/elotroenfoque.mx\\\/index.php\\\/2026\\\/05\\\/08\\\/ejecutan-a-mujer-en-la-comunidad-la-cruz-de-celaya\\\/#primaryimage\"},\"image\":{\"@id\":\"https:\\\/\\\/elotroenfoque.mx\\\/index.php\\\/2026\\\/05\\\/08\\\/ejecutan-a-mujer-en-la-comunidad-la-cruz-de-celaya\\\/#primaryimage\"},\"thumbnailUrl\":\"https:\\\/\\\/elotroenfoque.mx\\\/wp-content\\\/uploads\\\/2026\\\/05\\\/ejecutan-a-mujer-en-celaya.jpeg\",\"datePublished\":\"2026-05-08T16:44:42+00:00\",\"dateModified\":\"2026-05-08T16:45:45+00:00\",\"author\":{\"@id\":\"https:\\\/\\\/elotroenfoque.mx\\\/#\\\/schema\\\/person\\\/8eb322f84d0bd9f337e462905519a1ae\"},\"breadcrumb\":{\"@id\":\"https:\\\/\\\/elotroenfoque.mx\\\/index.php\\\/2026\\\/05\\\/08\\\/ejecutan-a-mujer-en-la-comunidad-la-cruz-de-celaya\\\/#breadcrumb\"},\"inLanguage\":\"es\",\"potentialAction\":[{\"@type\":\"ReadAction\",\"target\":[\"https:\\\/\\\/elotroenfoque.mx\\\/index.php\\\/2026\\\/05\\\/08\\\/ejecutan-a-mujer-en-la-comunidad-la-cruz-de-celaya\\\/\"]}]},{\"@type\":\"ImageObject\",\"inLanguage\":\"es\",\"@id\":\"https:\\\/\\\/elotroenfoque.mx\\\/index.php\\\/2026\\\/05\\\/08\\\/ejecutan-a-mujer-en-la-comunidad-la-cruz-de-celaya\\\/#primaryimage\",\"url\":\"https:\\\/\\\/elotroenfoque.mx\\\/wp-content\\\/uploads\\\/2026\\\/05\\\/ejecutan-a-mujer-en-celaya.jpeg\",\"contentUrl\":\"https:\\\/\\\/elotroenfoque.mx\\\/wp-content\\\/uploads\\\/2026\\\/05\\\/ejecutan-a-mujer-en-celaya.jpeg\",\"width\":1600,\"height\":900},{\"@type\":\"BreadcrumbList\",\"@id\":\"https:\\\/\\\/elotroenfoque.mx\\\/index.php\\\/2026\\\/05\\\/08\\\/ejecutan-a-mujer-en-la-comunidad-la-cruz-de-celaya\\\/#breadcrumb\",\"itemListElement\":[{\"@type\":\"ListItem\",\"position\":1,\"name\":\"Portada\",\"item\":\"https:\\\/\\\/elotroenfoque.mx\\\/\"},{\"@type\":\"ListItem\",\"position\":2,\"name\":\"Ejecutan a mujer en la comunidad La Cruz de Celaya\"}]},{\"@type\":\"WebSite\",\"@id\":\"https:\\\/\\\/elotroenfoque.mx\\\/#website\",\"url\":\"https:\\\/\\\/elotroenfoque.mx\\\/\",\"name\":\"El otro enfoque\",\"description\":\"\",\"potentialAction\":[{\"@type\":\"SearchAction\",\"target\":{\"@type\":\"EntryPoint\",\"urlTemplate\":\"https:\\\/\\\/elotroenfoque.mx\\\/?s={search_term_string}\"},\"query-input\":{\"@type\":\"PropertyValueSpecification\",\"valueRequired\":true,\"valueName\":\"search_term_string\"}}],\"inLanguage\":\"es\"},{\"@type\":\"Person\",\"@id\":\"https:\\\/\\\/elotroenfoque.mx\\\/#\\\/schema\\\/person\\\/8eb322f84d0bd9f337e462905519a1ae\",\"name\":\"Equipo Redaccion\",\"image\":{\"@type\":\"ImageObject\",\"inLanguage\":\"es\",\"@id\":\"https:\\\/\\\/secure.gravatar.com\\\/avatar\\\/3579478e2b4e7aad364a32b26cf744b360ae0e581ee1cd0cb18a8f239ee49ac4?s=96&d=mm&r=g\",\"url\":\"https:\\\/\\\/secure.gravatar.com\\\/avatar\\\/3579478e2b4e7aad364a32b26cf744b360ae0e581ee1cd0cb18a8f239ee49ac4?s=96&d=mm&r=g\",\"contentUrl\":\"https:\\\/\\\/secure.gravatar.com\\\/avatar\\\/3579478e2b4e7aad364a32b26cf744b360ae0e581ee1cd0cb18a8f239ee49ac4?s=96&d=mm&r=g\",\"caption\":\"Equipo Redaccion\"},\"url\":\"https:\\\/\\\/elotroenfoque.mx\\\/index.php\\\/author\\\/redaccion\\\/\"}]}<\/script>\n<!-- \/ Yoast SEO plugin. -->","yoast_head_json":{"title":"Ejecutan a mujer en la comunidad La Cruz de Celaya - El otro enfoque","robots":{"index":"index","follow":"follow","max-snippet":"max-snippet:-1","max-image-preview":"max-image-preview:large","max-video-preview":"max-video-preview:-1"},"canonical":"https:\/\/elotroenfoque.mx\/index.php\/2026\/05\/08\/ejecutan-a-mujer-en-la-comunidad-la-cruz-de-celaya\/","og_locale":"es_MX","og_type":"article","og_title":"Ejecutan a mujer en la comunidad La Cruz de Celaya - El otro enfoque","og_description":"Una mujer falleci\u00f3 de forma instant\u00e1nea luego de haber sido v\u00edctima de un ataque armado registrado la noche del jueves en la comunidad La Cruz de Celaya. Los agresores, despu\u00e9s de disparar contra la f\u00e9mina, ingresaron a la vivienda y la trataron de incendiar pero los vecinos de la localidad, ubicada al sur de la...","og_url":"https:\/\/elotroenfoque.mx\/index.php\/2026\/05\/08\/ejecutan-a-mujer-en-la-comunidad-la-cruz-de-celaya\/","og_site_name":"El otro enfoque","article_published_time":"2026-05-08T16:44:42+00:00","article_modified_time":"2026-05-08T16:45:45+00:00","og_image":[{"width":1600,"height":900,"url":"https:\/\/elotroenfoque.mx\/wp-content\/uploads\/2026\/05\/ejecutan-a-mujer-en-celaya.jpeg","type":"image\/jpeg"}],"author":"Equipo Redaccion","twitter_card":"summary_large_image","twitter_misc":{"Escrito por":"Equipo Redaccion","Tiempo de lectura":"1 minuto"},"schema":{"@context":"https:\/\/schema.org","@graph":[{"@type":"Article","@id":"https:\/\/elotroenfoque.mx\/index.php\/2026\/05\/08\/ejecutan-a-mujer-en-la-comunidad-la-cruz-de-celaya\/#article","isPartOf":{"@id":"https:\/\/elotroenfoque.mx\/index.php\/2026\/05\/08\/ejecutan-a-mujer-en-la-comunidad-la-cruz-de-celaya\/"},"author":{"name":"Equipo Redaccion","@id":"https:\/\/elotroenfoque.mx\/#\/schema\/person\/8eb322f84d0bd9f337e462905519a1ae"},"headline":"Ejecutan a mujer en la comunidad La Cruz de Celaya","datePublished":"2026-05-08T16:44:42+00:00","dateModified":"2026-05-08T16:45:45+00:00","mainEntityOfPage":{"@id":"https:\/\/elotroenfoque.mx\/index.php\/2026\/05\/08\/ejecutan-a-mujer-en-la-comunidad-la-cruz-de-celaya\/"},"wordCount":191,"image":{"@id":"https:\/\/elotroenfoque.mx\/index.php\/2026\/05\/08\/ejecutan-a-mujer-en-la-comunidad-la-cruz-de-celaya\/#primaryimage"},"thumbnailUrl":"https:\/\/elotroenfoque.mx\/wp-content\/uploads\/2026\/05\/ejecutan-a-mujer-en-celaya.jpeg","keywords":["Guanajuato","Noticias Guanajuato"],"articleSection":["Desenfoques"],"inLanguage":"es"},{"@type":"WebPage","@id":"https:\/\/elotroenfoque.mx\/index.php\/2026\/05\/08\/ejecutan-a-mujer-en-la-comunidad-la-cruz-de-celaya\/","url":"https:\/\/elotroenfoque.mx\/index.php\/2026\/05\/08\/ejecutan-a-mujer-en-la-comunidad-la-cruz-de-celaya\/","name":"Ejecutan a mujer en la comunidad La Cruz de Celaya - El otro enfoque","isPartOf":{"@id":"https:\/\/elotroenfoque.mx\/#website"},"primaryImageOfPage":{"@id":"https:\/\/elotroenfoque.mx\/index.php\/2026\/05\/08\/ejecutan-a-mujer-en-la-comunidad-la-cruz-de-celaya\/#primaryimage"},"image":{"@id":"https:\/\/elotroenfoque.mx\/index.php\/2026\/05\/08\/ejecutan-a-mujer-en-la-comunidad-la-cruz-de-celaya\/#primaryimage"},"thumbnailUrl":"https:\/\/elotroenfoque.mx\/wp-content\/uploads\/2026\/05\/ejecutan-a-mujer-en-celaya.jpeg","datePublished":"2026-05-08T16:44:42+00:00","dateModified":"2026-05-08T16:45:45+00:00","author":{"@id":"https:\/\/elotroenfoque.mx\/#\/schema\/person\/8eb322f84d0bd9f337e462905519a1ae"},"breadcrumb":{"@id":"https:\/\/elotroenfoque.mx\/index.php\/2026\/05\/08\/ejecutan-a-mujer-en-la-comunidad-la-cruz-de-celaya\/#breadcrumb"},"inLanguage":"es","potentialAction":[{"@type":"ReadAction","target":["https:\/\/elotroenfoque.mx\/index.php\/2026\/05\/08\/ejecutan-a-mujer-en-la-comunidad-la-cruz-de-celaya\/"]}]},{"@type":"ImageObject","inLanguage":"es","@id":"https:\/\/elotroenfoque.mx\/index.php\/2026\/05\/08\/ejecutan-a-mujer-en-la-comunidad-la-cruz-de-celaya\/#primaryimage","url":"https:\/\/elotroenfoque.mx\/wp-content\/uploads\/2026\/05\/ejecutan-a-mujer-en-celaya.jpeg","contentUrl":"https:\/\/elotroenfoque.mx\/wp-content\/uploads\/2026\/05\/ejecutan-a-mujer-en-celaya.jpeg","width":1600,"height":900},{"@type":"BreadcrumbList","@id":"https:\/\/elotroenfoque.mx\/index.php\/2026\/05\/08\/ejecutan-a-mujer-en-la-comunidad-la-cruz-de-celaya\/#breadcrumb","itemListElement":[{"@type":"ListItem","position":1,"name":"Portada","item":"https:\/\/elotroenfoque.mx\/"},{"@type":"ListItem","position":2,"name":"Ejecutan a mujer en la comunidad La Cruz de Celaya"}]},{"@type":"WebSite","@id":"https:\/\/elotroenfoque.mx\/#website","url":"https:\/\/elotroenfoque.mx\/","name":"El otro enfoque","description":"","potentialAction":[{"@type":"SearchAction","target":{"@type":"EntryPoint","urlTemplate":"https:\/\/elotroenfoque.mx\/?s={search_term_string}"},"query-input":{"@type":"PropertyValueSpecification","valueRequired":true,"valueName":"search_term_string"}}],"inLanguage":"es"},{"@type":"Person","@id":"https:\/\/elotroenfoque.mx\/#\/schema\/person\/8eb322f84d0bd9f337e462905519a1ae","name":"Equipo Redaccion","image":{"@type":"ImageObject","inLanguage":"es","@id":"https:\/\/secure.gravatar.com\/avatar\/3579478e2b4e7aad364a32b26cf744b360ae0e581ee1cd0cb18a8f239ee49ac4?s=96&d=mm&r=g","url":"https:\/\/secure.gravatar.com\/avatar\/3579478e2b4e7aad364a32b26cf744b360ae0e581ee1cd0cb18a8f239ee49ac4?s=96&d=mm&r=g","contentUrl":"https:\/\/secure.gravatar.com\/avatar\/3579478e2b4e7aad364a32b26cf744b360ae0e581ee1cd0cb18a8f239ee49ac4?s=96&d=mm&r=g","caption":"Equipo Redaccion"},"url":"https:\/\/elotroenfoque.mx\/index.php\/author\/redaccion\/"}]}},"_links":{"self":[{"href":"https:\/\/elotroenfoque.mx\/index.php\/wp-json\/wp\/v2\/posts\/184931","targetHints":{"allow":["GET"]}}],"collection":[{"href":"https:\/\/elotroenfoque.mx\/index.php\/wp-json\/wp\/v2\/posts"}],"about":[{"href":"https:\/\/elotroenfoque.mx\/index.php\/wp-json\/wp\/v2\/types\/post"}],"author":[{"embeddable":true,"href":"https:\/\/elotroenfoque.mx\/index.php\/wp-json\/wp\/v2\/users\/4"}],"replies":[{"embeddable":true,"href":"https:\/\/elotroenfoque.mx\/index.php\/wp-json\/wp\/v2\/comments?post=184931"}],"version-history":[{"count":2,"href":"https:\/\/elotroenfoque.mx\/index.php\/wp-json\/wp\/v2\/posts\/184931\/revisions"}],"predecessor-version":[{"id":184934,"href":"https:\/\/elotroenfoque.mx\/index.php\/wp-json\/wp\/v2\/posts\/184931\/revisions\/184934"}],"wp:featuredmedia":[{"embeddable":true,"href":"https:\/\/elotroenfoque.mx\/index.php\/wp-json\/wp\/v2\/media\/184932"}],"wp:attachment":[{"href":"https:\/\/elotroenfoque.mx\/index.php\/wp-json\/wp\/v2\/media?parent=184931"}],"wp:term":[{"taxonomy":"category","embeddable":true,"href":"https:\/\/elotroenfoque.mx\/index.php\/wp-json\/wp\/v2\/categories?post=184931"},{"taxonomy":"post_tag","embeddable":true,"href":"https:\/\/elotroenfoque.mx\/index.php\/wp-json\/wp\/v2\/tags?post=184931"}],"curies":[{"name":"wp","href":"https:\/\/api.w.org\/{rel}","templated":true}]}}