{"id":184935,"date":"2026-05-08T11:29:47","date_gmt":"2026-05-08T17:29:47","guid":{"rendered":"https:\/\/elotroenfoque.mx\/?p=184935"},"modified":"2026-05-08T11:29:48","modified_gmt":"2026-05-08T17:29:48","slug":"colapsa-sistema-del-poder-judicial-de-guanajuato-y-crecen-dudas-por-posible-ciberataque","status":"publish","type":"post","link":"https:\/\/elotroenfoque.mx\/index.php\/2026\/05\/08\/colapsa-sistema-del-poder-judicial-de-guanajuato-y-crecen-dudas-por-posible-ciberataque\/","title":{"rendered":"Colapsa sistema del Poder Judicial de Guanajuato y crecen dudas por posible ciberataque"},"content":{"rendered":"\n<p class=\"wp-block-paragraph\">Una falla en el sistema inform\u00e1tico del Poder Judicial de Guanajuato ha impedido desde hace dos d\u00edas que abogados puedan cargar documentos en l\u00ednea, por lo que se han visto obligados a acudir de manera presencial a las oficinas para entregar promociones y tr\u00e1mites en f\u00edsico, situaci\u00f3n que ya gener\u00f3 preocupaci\u00f3n entre especialistas en tecnolog\u00eda y usuarios de la plataforma.<\/p>\n\n\n\n<p class=\"wp-block-paragraph\">El presidente del Cl\u00faster de Tecnolog\u00edas de la Informaci\u00f3n del Estado de Guanajuato (CLUTIG), Diego Gonz\u00e1lez Almanza, se\u00f1al\u00f3 que hasta el momento no existe evidencia de que alg\u00fan grupo de hackers se haya adjudicado un posible ciberataque contra el Poder Judicial, aunque advirti\u00f3 que el cierre del sitio oficial tampoco parece corresponder a labores normales de mantenimiento.<\/p>\n\n\n\n<p class=\"wp-block-paragraph\">Abogados que acudieron a las oficinas judiciales aseguraron que el personal les inform\u00f3 que \u00fanicamente se trat\u00f3 de una ca\u00edda en el sistema, adem\u00e1s de recordar que los mantenimientos habitualmente se realizan durante fines de semana y no por varios d\u00edas consecutivos.<\/p>\n\n\n\n<p class=\"wp-block-paragraph\">Diego Gonz\u00e1lez Almanza consider\u00f3 que, en caso de tratarse de un ataque cibern\u00e9tico o de una falla interna, el Poder Judicial debe informar de manera inmediata lo sucedido y realizar un control de da\u00f1os mediante un comunicado oficial para evitar incertidumbre entre los usuarios.<\/p>\n\n\n\n<p class=\"wp-block-paragraph\">Tambi\u00e9n lee: <strong><a href=\"https:\/\/elotroenfoque.mx\/index.php\/2026\/05\/08\/ejecutan-a-mujer-en-la-comunidad-la-cruz-de-celaya\/\">Ejecutan a mujer en la comunidad La Cruz de Celaya<\/a><\/strong><\/p>\n\n\n\n<p class=\"wp-block-paragraph\">El representante del CLUTIG destac\u00f3 que, aunque hasta ahora no existen indicios de vulneraci\u00f3n de expedientes o robo de informaci\u00f3n, la ca\u00edda de los servidores vuelve a exhibir la necesidad de realizar pruebas constantes a la infraestructura tecnol\u00f3gica para detectar fallas y fortalecer la seguridad digital de las instituciones p\u00fablicas.<\/p>\n\n\n\n<p class=\"wp-block-paragraph\">Asimismo, advirti\u00f3 que este tipo de incidentes afectan directamente procesos legales y tr\u00e1mites ciudadanos que dependen de plataformas digitales que deber\u00edan mantenerse operativas de manera permanente para evitar retrasos y afectaciones administrativas.<\/p>\n\n\n\n<p class=\"wp-block-paragraph\"><strong><a href=\"https:\/\/www.tiktok.com\/@elotroenfoque?_r=1&amp;_t=ZS-95fz6wNxSoT\">Sigue tambi\u00e9n las noticias en TikTok<\/a><\/strong><\/p>\n","protected":false},"excerpt":{"rendered":"<p>Una falla en el sistema inform\u00e1tico del Poder Judicial de Guanajuato ha impedido desde hace dos d\u00edas que abogados puedan cargar documentos en l\u00ednea, por lo que se han visto obligados a acudir de manera presencial a las oficinas para entregar promociones y tr\u00e1mites en f\u00edsico, situaci\u00f3n que ya gener\u00f3 preocupaci\u00f3n entre especialistas en tecnolog\u00eda&#8230;<\/p>\n","protected":false},"author":4,"featured_media":184936,"comment_status":"closed","ping_status":"open","sticky":false,"template":"","format":"standard","meta":{"footnotes":""},"categories":[2],"tags":[13,4517],"class_list":["post-184935","post","type-post","status-publish","format-standard","has-post-thumbnail","hentry","category-noticias","tag-guanajuato","tag-noticias-guanajuato"],"yoast_head":"<!-- This site is optimized with the Yoast SEO plugin v28.2 - https:\/\/yoast.com\/product\/yoast-seo-wordpress\/ -->\n<title>Colapsa sistema del Poder Judicial de Guanajuato y crecen dudas por posible ciberataque - El otro enfoque<\/title>\n<meta name=\"description\" content=\"La ca\u00edda del sistema del Poder Judicial de Guanajuato oblig\u00f3 a abogados a acudir presencialmente; expertos piden aclarar si hubo ciberataque.\" \/>\n<meta name=\"robots\" content=\"index, follow, max-snippet:-1, max-image-preview:large, max-video-preview:-1\" \/>\n<link rel=\"canonical\" href=\"https:\/\/elotroenfoque.mx\/index.php\/2026\/05\/08\/colapsa-sistema-del-poder-judicial-de-guanajuato-y-crecen-dudas-por-posible-ciberataque\/\" \/>\n<meta property=\"og:locale\" content=\"es_MX\" \/>\n<meta property=\"og:type\" content=\"article\" \/>\n<meta property=\"og:title\" content=\"Colapsa sistema del Poder Judicial de Guanajuato y crecen dudas por posible ciberataque - El otro enfoque\" \/>\n<meta property=\"og:description\" content=\"La ca\u00edda del sistema del Poder Judicial de Guanajuato oblig\u00f3 a abogados a acudir presencialmente; expertos piden aclarar si hubo ciberataque.\" \/>\n<meta property=\"og:url\" content=\"https:\/\/elotroenfoque.mx\/index.php\/2026\/05\/08\/colapsa-sistema-del-poder-judicial-de-guanajuato-y-crecen-dudas-por-posible-ciberataque\/\" \/>\n<meta property=\"og:site_name\" content=\"El otro enfoque\" \/>\n<meta property=\"article:published_time\" content=\"2026-05-08T17:29:47+00:00\" \/>\n<meta property=\"article:modified_time\" content=\"2026-05-08T17:29:48+00:00\" \/>\n<meta property=\"og:image\" content=\"https:\/\/elotroenfoque.mx\/wp-content\/uploads\/2026\/05\/poder-judicial-de-gto.jpg\" \/>\n\t<meta property=\"og:image:width\" content=\"1171\" \/>\n\t<meta property=\"og:image:height\" content=\"541\" \/>\n\t<meta property=\"og:image:type\" content=\"image\/jpeg\" \/>\n<meta name=\"author\" content=\"Equipo Redaccion\" \/>\n<meta name=\"twitter:card\" content=\"summary_large_image\" \/>\n<meta name=\"twitter:label1\" content=\"Escrito por\" \/>\n\t<meta name=\"twitter:data1\" content=\"Equipo Redaccion\" \/>\n\t<meta name=\"twitter:label2\" content=\"Tiempo de lectura\" \/>\n\t<meta name=\"twitter:data2\" content=\"2 minutos\" \/>\n<script type=\"application\/ld+json\" class=\"yoast-schema-graph\">{\"@context\":\"https:\\\/\\\/schema.org\",\"@graph\":[{\"@type\":\"Article\",\"@id\":\"https:\\\/\\\/elotroenfoque.mx\\\/index.php\\\/2026\\\/05\\\/08\\\/colapsa-sistema-del-poder-judicial-de-guanajuato-y-crecen-dudas-por-posible-ciberataque\\\/#article\",\"isPartOf\":{\"@id\":\"https:\\\/\\\/elotroenfoque.mx\\\/index.php\\\/2026\\\/05\\\/08\\\/colapsa-sistema-del-poder-judicial-de-guanajuato-y-crecen-dudas-por-posible-ciberataque\\\/\"},\"author\":{\"name\":\"Equipo Redaccion\",\"@id\":\"https:\\\/\\\/elotroenfoque.mx\\\/#\\\/schema\\\/person\\\/8eb322f84d0bd9f337e462905519a1ae\"},\"headline\":\"Colapsa sistema del Poder Judicial de Guanajuato y crecen dudas por posible ciberataque\",\"datePublished\":\"2026-05-08T17:29:47+00:00\",\"dateModified\":\"2026-05-08T17:29:48+00:00\",\"mainEntityOfPage\":{\"@id\":\"https:\\\/\\\/elotroenfoque.mx\\\/index.php\\\/2026\\\/05\\\/08\\\/colapsa-sistema-del-poder-judicial-de-guanajuato-y-crecen-dudas-por-posible-ciberataque\\\/\"},\"wordCount\":345,\"image\":{\"@id\":\"https:\\\/\\\/elotroenfoque.mx\\\/index.php\\\/2026\\\/05\\\/08\\\/colapsa-sistema-del-poder-judicial-de-guanajuato-y-crecen-dudas-por-posible-ciberataque\\\/#primaryimage\"},\"thumbnailUrl\":\"https:\\\/\\\/elotroenfoque.mx\\\/wp-content\\\/uploads\\\/2026\\\/05\\\/poder-judicial-de-gto.jpg\",\"keywords\":[\"Guanajuato\",\"Noticias Guanajuato\"],\"articleSection\":[\"Noticias\"],\"inLanguage\":\"es\"},{\"@type\":\"WebPage\",\"@id\":\"https:\\\/\\\/elotroenfoque.mx\\\/index.php\\\/2026\\\/05\\\/08\\\/colapsa-sistema-del-poder-judicial-de-guanajuato-y-crecen-dudas-por-posible-ciberataque\\\/\",\"url\":\"https:\\\/\\\/elotroenfoque.mx\\\/index.php\\\/2026\\\/05\\\/08\\\/colapsa-sistema-del-poder-judicial-de-guanajuato-y-crecen-dudas-por-posible-ciberataque\\\/\",\"name\":\"Colapsa sistema del Poder Judicial de Guanajuato y crecen dudas por posible ciberataque - El otro enfoque\",\"isPartOf\":{\"@id\":\"https:\\\/\\\/elotroenfoque.mx\\\/#website\"},\"primaryImageOfPage\":{\"@id\":\"https:\\\/\\\/elotroenfoque.mx\\\/index.php\\\/2026\\\/05\\\/08\\\/colapsa-sistema-del-poder-judicial-de-guanajuato-y-crecen-dudas-por-posible-ciberataque\\\/#primaryimage\"},\"image\":{\"@id\":\"https:\\\/\\\/elotroenfoque.mx\\\/index.php\\\/2026\\\/05\\\/08\\\/colapsa-sistema-del-poder-judicial-de-guanajuato-y-crecen-dudas-por-posible-ciberataque\\\/#primaryimage\"},\"thumbnailUrl\":\"https:\\\/\\\/elotroenfoque.mx\\\/wp-content\\\/uploads\\\/2026\\\/05\\\/poder-judicial-de-gto.jpg\",\"datePublished\":\"2026-05-08T17:29:47+00:00\",\"dateModified\":\"2026-05-08T17:29:48+00:00\",\"author\":{\"@id\":\"https:\\\/\\\/elotroenfoque.mx\\\/#\\\/schema\\\/person\\\/8eb322f84d0bd9f337e462905519a1ae\"},\"description\":\"La ca\u00edda del sistema del Poder Judicial de Guanajuato oblig\u00f3 a abogados a acudir presencialmente; expertos piden aclarar si hubo ciberataque.\",\"breadcrumb\":{\"@id\":\"https:\\\/\\\/elotroenfoque.mx\\\/index.php\\\/2026\\\/05\\\/08\\\/colapsa-sistema-del-poder-judicial-de-guanajuato-y-crecen-dudas-por-posible-ciberataque\\\/#breadcrumb\"},\"inLanguage\":\"es\",\"potentialAction\":[{\"@type\":\"ReadAction\",\"target\":[\"https:\\\/\\\/elotroenfoque.mx\\\/index.php\\\/2026\\\/05\\\/08\\\/colapsa-sistema-del-poder-judicial-de-guanajuato-y-crecen-dudas-por-posible-ciberataque\\\/\"]}]},{\"@type\":\"ImageObject\",\"inLanguage\":\"es\",\"@id\":\"https:\\\/\\\/elotroenfoque.mx\\\/index.php\\\/2026\\\/05\\\/08\\\/colapsa-sistema-del-poder-judicial-de-guanajuato-y-crecen-dudas-por-posible-ciberataque\\\/#primaryimage\",\"url\":\"https:\\\/\\\/elotroenfoque.mx\\\/wp-content\\\/uploads\\\/2026\\\/05\\\/poder-judicial-de-gto.jpg\",\"contentUrl\":\"https:\\\/\\\/elotroenfoque.mx\\\/wp-content\\\/uploads\\\/2026\\\/05\\\/poder-judicial-de-gto.jpg\",\"width\":1171,\"height\":541},{\"@type\":\"BreadcrumbList\",\"@id\":\"https:\\\/\\\/elotroenfoque.mx\\\/index.php\\\/2026\\\/05\\\/08\\\/colapsa-sistema-del-poder-judicial-de-guanajuato-y-crecen-dudas-por-posible-ciberataque\\\/#breadcrumb\",\"itemListElement\":[{\"@type\":\"ListItem\",\"position\":1,\"name\":\"Portada\",\"item\":\"https:\\\/\\\/elotroenfoque.mx\\\/\"},{\"@type\":\"ListItem\",\"position\":2,\"name\":\"Colapsa sistema del Poder Judicial de Guanajuato y crecen dudas por posible ciberataque\"}]},{\"@type\":\"WebSite\",\"@id\":\"https:\\\/\\\/elotroenfoque.mx\\\/#website\",\"url\":\"https:\\\/\\\/elotroenfoque.mx\\\/\",\"name\":\"El otro enfoque\",\"description\":\"\",\"potentialAction\":[{\"@type\":\"SearchAction\",\"target\":{\"@type\":\"EntryPoint\",\"urlTemplate\":\"https:\\\/\\\/elotroenfoque.mx\\\/?s={search_term_string}\"},\"query-input\":{\"@type\":\"PropertyValueSpecification\",\"valueRequired\":true,\"valueName\":\"search_term_string\"}}],\"inLanguage\":\"es\"},{\"@type\":\"Person\",\"@id\":\"https:\\\/\\\/elotroenfoque.mx\\\/#\\\/schema\\\/person\\\/8eb322f84d0bd9f337e462905519a1ae\",\"name\":\"Equipo Redaccion\",\"image\":{\"@type\":\"ImageObject\",\"inLanguage\":\"es\",\"@id\":\"https:\\\/\\\/secure.gravatar.com\\\/avatar\\\/3579478e2b4e7aad364a32b26cf744b360ae0e581ee1cd0cb18a8f239ee49ac4?s=96&d=mm&r=g\",\"url\":\"https:\\\/\\\/secure.gravatar.com\\\/avatar\\\/3579478e2b4e7aad364a32b26cf744b360ae0e581ee1cd0cb18a8f239ee49ac4?s=96&d=mm&r=g\",\"contentUrl\":\"https:\\\/\\\/secure.gravatar.com\\\/avatar\\\/3579478e2b4e7aad364a32b26cf744b360ae0e581ee1cd0cb18a8f239ee49ac4?s=96&d=mm&r=g\",\"caption\":\"Equipo Redaccion\"},\"url\":\"https:\\\/\\\/elotroenfoque.mx\\\/index.php\\\/author\\\/redaccion\\\/\"}]}<\/script>\n<!-- \/ Yoast SEO plugin. -->","yoast_head_json":{"title":"Colapsa sistema del Poder Judicial de Guanajuato y crecen dudas por posible ciberataque - El otro enfoque","description":"La ca\u00edda del sistema del Poder Judicial de Guanajuato oblig\u00f3 a abogados a acudir presencialmente; expertos piden aclarar si hubo ciberataque.","robots":{"index":"index","follow":"follow","max-snippet":"max-snippet:-1","max-image-preview":"max-image-preview:large","max-video-preview":"max-video-preview:-1"},"canonical":"https:\/\/elotroenfoque.mx\/index.php\/2026\/05\/08\/colapsa-sistema-del-poder-judicial-de-guanajuato-y-crecen-dudas-por-posible-ciberataque\/","og_locale":"es_MX","og_type":"article","og_title":"Colapsa sistema del Poder Judicial de Guanajuato y crecen dudas por posible ciberataque - El otro enfoque","og_description":"La ca\u00edda del sistema del Poder Judicial de Guanajuato oblig\u00f3 a abogados a acudir presencialmente; expertos piden aclarar si hubo ciberataque.","og_url":"https:\/\/elotroenfoque.mx\/index.php\/2026\/05\/08\/colapsa-sistema-del-poder-judicial-de-guanajuato-y-crecen-dudas-por-posible-ciberataque\/","og_site_name":"El otro enfoque","article_published_time":"2026-05-08T17:29:47+00:00","article_modified_time":"2026-05-08T17:29:48+00:00","og_image":[{"width":1171,"height":541,"url":"https:\/\/elotroenfoque.mx\/wp-content\/uploads\/2026\/05\/poder-judicial-de-gto.jpg","type":"image\/jpeg"}],"author":"Equipo Redaccion","twitter_card":"summary_large_image","twitter_misc":{"Escrito por":"Equipo Redaccion","Tiempo de lectura":"2 minutos"},"schema":{"@context":"https:\/\/schema.org","@graph":[{"@type":"Article","@id":"https:\/\/elotroenfoque.mx\/index.php\/2026\/05\/08\/colapsa-sistema-del-poder-judicial-de-guanajuato-y-crecen-dudas-por-posible-ciberataque\/#article","isPartOf":{"@id":"https:\/\/elotroenfoque.mx\/index.php\/2026\/05\/08\/colapsa-sistema-del-poder-judicial-de-guanajuato-y-crecen-dudas-por-posible-ciberataque\/"},"author":{"name":"Equipo Redaccion","@id":"https:\/\/elotroenfoque.mx\/#\/schema\/person\/8eb322f84d0bd9f337e462905519a1ae"},"headline":"Colapsa sistema del Poder Judicial de Guanajuato y crecen dudas por posible ciberataque","datePublished":"2026-05-08T17:29:47+00:00","dateModified":"2026-05-08T17:29:48+00:00","mainEntityOfPage":{"@id":"https:\/\/elotroenfoque.mx\/index.php\/2026\/05\/08\/colapsa-sistema-del-poder-judicial-de-guanajuato-y-crecen-dudas-por-posible-ciberataque\/"},"wordCount":345,"image":{"@id":"https:\/\/elotroenfoque.mx\/index.php\/2026\/05\/08\/colapsa-sistema-del-poder-judicial-de-guanajuato-y-crecen-dudas-por-posible-ciberataque\/#primaryimage"},"thumbnailUrl":"https:\/\/elotroenfoque.mx\/wp-content\/uploads\/2026\/05\/poder-judicial-de-gto.jpg","keywords":["Guanajuato","Noticias Guanajuato"],"articleSection":["Noticias"],"inLanguage":"es"},{"@type":"WebPage","@id":"https:\/\/elotroenfoque.mx\/index.php\/2026\/05\/08\/colapsa-sistema-del-poder-judicial-de-guanajuato-y-crecen-dudas-por-posible-ciberataque\/","url":"https:\/\/elotroenfoque.mx\/index.php\/2026\/05\/08\/colapsa-sistema-del-poder-judicial-de-guanajuato-y-crecen-dudas-por-posible-ciberataque\/","name":"Colapsa sistema del Poder Judicial de Guanajuato y crecen dudas por posible ciberataque - El otro enfoque","isPartOf":{"@id":"https:\/\/elotroenfoque.mx\/#website"},"primaryImageOfPage":{"@id":"https:\/\/elotroenfoque.mx\/index.php\/2026\/05\/08\/colapsa-sistema-del-poder-judicial-de-guanajuato-y-crecen-dudas-por-posible-ciberataque\/#primaryimage"},"image":{"@id":"https:\/\/elotroenfoque.mx\/index.php\/2026\/05\/08\/colapsa-sistema-del-poder-judicial-de-guanajuato-y-crecen-dudas-por-posible-ciberataque\/#primaryimage"},"thumbnailUrl":"https:\/\/elotroenfoque.mx\/wp-content\/uploads\/2026\/05\/poder-judicial-de-gto.jpg","datePublished":"2026-05-08T17:29:47+00:00","dateModified":"2026-05-08T17:29:48+00:00","author":{"@id":"https:\/\/elotroenfoque.mx\/#\/schema\/person\/8eb322f84d0bd9f337e462905519a1ae"},"description":"La ca\u00edda del sistema del Poder Judicial de Guanajuato oblig\u00f3 a abogados a acudir presencialmente; expertos piden aclarar si hubo ciberataque.","breadcrumb":{"@id":"https:\/\/elotroenfoque.mx\/index.php\/2026\/05\/08\/colapsa-sistema-del-poder-judicial-de-guanajuato-y-crecen-dudas-por-posible-ciberataque\/#breadcrumb"},"inLanguage":"es","potentialAction":[{"@type":"ReadAction","target":["https:\/\/elotroenfoque.mx\/index.php\/2026\/05\/08\/colapsa-sistema-del-poder-judicial-de-guanajuato-y-crecen-dudas-por-posible-ciberataque\/"]}]},{"@type":"ImageObject","inLanguage":"es","@id":"https:\/\/elotroenfoque.mx\/index.php\/2026\/05\/08\/colapsa-sistema-del-poder-judicial-de-guanajuato-y-crecen-dudas-por-posible-ciberataque\/#primaryimage","url":"https:\/\/elotroenfoque.mx\/wp-content\/uploads\/2026\/05\/poder-judicial-de-gto.jpg","contentUrl":"https:\/\/elotroenfoque.mx\/wp-content\/uploads\/2026\/05\/poder-judicial-de-gto.jpg","width":1171,"height":541},{"@type":"BreadcrumbList","@id":"https:\/\/elotroenfoque.mx\/index.php\/2026\/05\/08\/colapsa-sistema-del-poder-judicial-de-guanajuato-y-crecen-dudas-por-posible-ciberataque\/#breadcrumb","itemListElement":[{"@type":"ListItem","position":1,"name":"Portada","item":"https:\/\/elotroenfoque.mx\/"},{"@type":"ListItem","position":2,"name":"Colapsa sistema del Poder Judicial de Guanajuato y crecen dudas por posible ciberataque"}]},{"@type":"WebSite","@id":"https:\/\/elotroenfoque.mx\/#website","url":"https:\/\/elotroenfoque.mx\/","name":"El otro enfoque","description":"","potentialAction":[{"@type":"SearchAction","target":{"@type":"EntryPoint","urlTemplate":"https:\/\/elotroenfoque.mx\/?s={search_term_string}"},"query-input":{"@type":"PropertyValueSpecification","valueRequired":true,"valueName":"search_term_string"}}],"inLanguage":"es"},{"@type":"Person","@id":"https:\/\/elotroenfoque.mx\/#\/schema\/person\/8eb322f84d0bd9f337e462905519a1ae","name":"Equipo Redaccion","image":{"@type":"ImageObject","inLanguage":"es","@id":"https:\/\/secure.gravatar.com\/avatar\/3579478e2b4e7aad364a32b26cf744b360ae0e581ee1cd0cb18a8f239ee49ac4?s=96&d=mm&r=g","url":"https:\/\/secure.gravatar.com\/avatar\/3579478e2b4e7aad364a32b26cf744b360ae0e581ee1cd0cb18a8f239ee49ac4?s=96&d=mm&r=g","contentUrl":"https:\/\/secure.gravatar.com\/avatar\/3579478e2b4e7aad364a32b26cf744b360ae0e581ee1cd0cb18a8f239ee49ac4?s=96&d=mm&r=g","caption":"Equipo Redaccion"},"url":"https:\/\/elotroenfoque.mx\/index.php\/author\/redaccion\/"}]}},"_links":{"self":[{"href":"https:\/\/elotroenfoque.mx\/index.php\/wp-json\/wp\/v2\/posts\/184935","targetHints":{"allow":["GET"]}}],"collection":[{"href":"https:\/\/elotroenfoque.mx\/index.php\/wp-json\/wp\/v2\/posts"}],"about":[{"href":"https:\/\/elotroenfoque.mx\/index.php\/wp-json\/wp\/v2\/types\/post"}],"author":[{"embeddable":true,"href":"https:\/\/elotroenfoque.mx\/index.php\/wp-json\/wp\/v2\/users\/4"}],"replies":[{"embeddable":true,"href":"https:\/\/elotroenfoque.mx\/index.php\/wp-json\/wp\/v2\/comments?post=184935"}],"version-history":[{"count":1,"href":"https:\/\/elotroenfoque.mx\/index.php\/wp-json\/wp\/v2\/posts\/184935\/revisions"}],"predecessor-version":[{"id":184938,"href":"https:\/\/elotroenfoque.mx\/index.php\/wp-json\/wp\/v2\/posts\/184935\/revisions\/184938"}],"wp:featuredmedia":[{"embeddable":true,"href":"https:\/\/elotroenfoque.mx\/index.php\/wp-json\/wp\/v2\/media\/184936"}],"wp:attachment":[{"href":"https:\/\/elotroenfoque.mx\/index.php\/wp-json\/wp\/v2\/media?parent=184935"}],"wp:term":[{"taxonomy":"category","embeddable":true,"href":"https:\/\/elotroenfoque.mx\/index.php\/wp-json\/wp\/v2\/categories?post=184935"},{"taxonomy":"post_tag","embeddable":true,"href":"https:\/\/elotroenfoque.mx\/index.php\/wp-json\/wp\/v2\/tags?post=184935"}],"curies":[{"name":"wp","href":"https:\/\/api.w.org\/{rel}","templated":true}]}}