{"id":184937,"date":"2026-05-08T12:29:47","date_gmt":"2026-05-08T18:29:47","guid":{"rendered":"https:\/\/elotroenfoque.mx\/?p=184937"},"modified":"2026-05-08T12:29:47","modified_gmt":"2026-05-08T18:29:47","slug":"sheinbaum-aclara-que-reduccion-de-clases-en-calendario-escolar-aun-no-es-definitiva","status":"publish","type":"post","link":"https:\/\/elotroenfoque.mx\/index.php\/2026\/05\/08\/sheinbaum-aclara-que-reduccion-de-clases-en-calendario-escolar-aun-no-es-definitiva\/","title":{"rendered":"Sheinbaum aclara que reducci\u00f3n de clases en calendario escolar a\u00fan no es definitiva"},"content":{"rendered":"\n<p class=\"wp-block-paragraph\">La presidenta de M\u00e9xico, Claudia Sheinbaum, asegur\u00f3 que la propuesta para modificar el calendario escolar y reducir hasta 40 d\u00edas el periodo de clases todav\u00eda no es definitiva, ya que contin\u00faa en an\u00e1lisis junto con autoridades educativas y gobiernos estatales.<\/p>\n\n\n\n<p class=\"wp-block-paragraph\">Durante su conferencia matutina, la mandataria explic\u00f3 que la propuesta surgi\u00f3 tras una reuni\u00f3n entre secretarios de Educaci\u00f3n de distintas entidades del pa\u00eds, quienes plantearon adelantar el periodo vacacional a petici\u00f3n de docentes. Sin embargo, enfatiz\u00f3 que a\u00fan no existe una decisi\u00f3n final debido a la importancia de evitar afectaciones en el aprendizaje de los estudiantes.<\/p>\n\n\n\n<p class=\"wp-block-paragraph\">Sheinbaum destac\u00f3 que, aunque el tema se encuentra sobre la mesa, todav\u00eda falta definir completamente el calendario escolar del pr\u00f3ximo ciclo. Sus declaraciones ocurrieron horas antes de que la Secretar\u00eda de Educaci\u00f3n P\u00fablica publicara durante la noche del jueves un calendario modificado a trav\u00e9s de su cuenta oficial en X.<\/p>\n\n\n\n<p class=\"wp-block-paragraph\"><strong><a href=\"https:\/\/elotroenfoque.mx\/index.php\/2026\/05\/08\/colapsa-sistema-del-poder-judicial-de-guanajuato-y-crecen-dudas-por-posible-ciberataque\/\">\u00bfQu\u00e9 provoc\u00f3 la ca\u00edda del sistema del Poder Judicial de Guanajuato?<\/a><\/strong><\/p>\n\n\n\n<p class=\"wp-block-paragraph\">La presidenta tambi\u00e9n se\u00f1al\u00f3 que M\u00e9xico se prepara para vivir un evento de gran relevancia internacional con la pr\u00f3xima Copa Mundial de futbol, situaci\u00f3n que tambi\u00e9n forma parte del contexto en el que se analiza la posible modificaci\u00f3n al calendario escolar.<\/p>\n\n\n\n<p class=\"wp-block-paragraph\"><strong><a href=\"https:\/\/www.tiktok.com\/@elotroenfoque?_r=1&amp;_t=ZS-95fz6wNxSoT\">Sigue tambi\u00e9n las noticias en TikTok<\/a><\/strong><\/p>\n","protected":false},"excerpt":{"rendered":"<p>La presidenta de M\u00e9xico, Claudia Sheinbaum, asegur\u00f3 que la propuesta para modificar el calendario escolar y reducir hasta 40 d\u00edas el periodo de clases todav\u00eda no es definitiva, ya que contin\u00faa en an\u00e1lisis junto con autoridades educativas y gobiernos estatales. Durante su conferencia matutina, la mandataria explic\u00f3 que la propuesta surgi\u00f3 tras una reuni\u00f3n entre&#8230;<\/p>\n","protected":false},"author":4,"featured_media":161926,"comment_status":"closed","ping_status":"open","sticky":false,"template":"","format":"standard","meta":{"footnotes":""},"categories":[11],"tags":[13,4517],"class_list":["post-184937","post","type-post","status-publish","format-standard","has-post-thumbnail","hentry","category-otrasnoticias","tag-guanajuato","tag-noticias-guanajuato"],"yoast_head":"<!-- This site is optimized with the Yoast SEO plugin v28.2 - https:\/\/yoast.com\/product\/yoast-seo-wordpress\/ -->\n<title>Sheinbaum aclara que reducci\u00f3n de clases en calendario escolar a\u00fan no es definitiva - El otro enfoque<\/title>\n<meta name=\"description\" content=\"Claudia Sheinbaum afirm\u00f3 que la propuesta para reducir d\u00edas de clases a\u00fan no es definitiva, pese a que la SEP public\u00f3 un calendario modificado.\" \/>\n<meta name=\"robots\" content=\"index, follow, max-snippet:-1, max-image-preview:large, max-video-preview:-1\" \/>\n<link rel=\"canonical\" href=\"https:\/\/elotroenfoque.mx\/index.php\/2026\/05\/08\/sheinbaum-aclara-que-reduccion-de-clases-en-calendario-escolar-aun-no-es-definitiva\/\" \/>\n<meta property=\"og:locale\" content=\"es_MX\" \/>\n<meta property=\"og:type\" content=\"article\" \/>\n<meta property=\"og:title\" content=\"Sheinbaum aclara que reducci\u00f3n de clases en calendario escolar a\u00fan no es definitiva - El otro enfoque\" \/>\n<meta property=\"og:description\" content=\"Claudia Sheinbaum afirm\u00f3 que la propuesta para reducir d\u00edas de clases a\u00fan no es definitiva, pese a que la SEP public\u00f3 un calendario modificado.\" \/>\n<meta property=\"og:url\" content=\"https:\/\/elotroenfoque.mx\/index.php\/2026\/05\/08\/sheinbaum-aclara-que-reduccion-de-clases-en-calendario-escolar-aun-no-es-definitiva\/\" \/>\n<meta property=\"og:site_name\" content=\"El otro enfoque\" \/>\n<meta property=\"article:published_time\" content=\"2026-05-08T18:29:47+00:00\" \/>\n<meta property=\"og:image\" content=\"https:\/\/elotroenfoque.mx\/wp-content\/uploads\/2025\/08\/claudita-en-gto-2.jpg\" \/>\n\t<meta property=\"og:image:width\" content=\"1136\" \/>\n\t<meta property=\"og:image:height\" content=\"545\" \/>\n\t<meta property=\"og:image:type\" content=\"image\/jpeg\" \/>\n<meta name=\"author\" content=\"Equipo Redaccion\" \/>\n<meta name=\"twitter:card\" content=\"summary_large_image\" \/>\n<meta name=\"twitter:label1\" content=\"Escrito por\" \/>\n\t<meta name=\"twitter:data1\" content=\"Equipo Redaccion\" \/>\n\t<meta name=\"twitter:label2\" content=\"Tiempo de lectura\" \/>\n\t<meta name=\"twitter:data2\" content=\"2 minutos\" \/>\n<script type=\"application\/ld+json\" class=\"yoast-schema-graph\">{\"@context\":\"https:\\\/\\\/schema.org\",\"@graph\":[{\"@type\":\"Article\",\"@id\":\"https:\\\/\\\/elotroenfoque.mx\\\/index.php\\\/2026\\\/05\\\/08\\\/sheinbaum-aclara-que-reduccion-de-clases-en-calendario-escolar-aun-no-es-definitiva\\\/#article\",\"isPartOf\":{\"@id\":\"https:\\\/\\\/elotroenfoque.mx\\\/index.php\\\/2026\\\/05\\\/08\\\/sheinbaum-aclara-que-reduccion-de-clases-en-calendario-escolar-aun-no-es-definitiva\\\/\"},\"author\":{\"name\":\"Equipo Redaccion\",\"@id\":\"https:\\\/\\\/elotroenfoque.mx\\\/#\\\/schema\\\/person\\\/8eb322f84d0bd9f337e462905519a1ae\"},\"headline\":\"Sheinbaum aclara que reducci\u00f3n de clases en calendario escolar a\u00fan no es definitiva\",\"datePublished\":\"2026-05-08T18:29:47+00:00\",\"mainEntityOfPage\":{\"@id\":\"https:\\\/\\\/elotroenfoque.mx\\\/index.php\\\/2026\\\/05\\\/08\\\/sheinbaum-aclara-que-reduccion-de-clases-en-calendario-escolar-aun-no-es-definitiva\\\/\"},\"wordCount\":244,\"image\":{\"@id\":\"https:\\\/\\\/elotroenfoque.mx\\\/index.php\\\/2026\\\/05\\\/08\\\/sheinbaum-aclara-que-reduccion-de-clases-en-calendario-escolar-aun-no-es-definitiva\\\/#primaryimage\"},\"thumbnailUrl\":\"https:\\\/\\\/elotroenfoque.mx\\\/wp-content\\\/uploads\\\/2025\\\/08\\\/claudita-en-gto-2.jpg\",\"keywords\":[\"Guanajuato\",\"Noticias Guanajuato\"],\"articleSection\":[\"Otras Noticias\"],\"inLanguage\":\"es\"},{\"@type\":\"WebPage\",\"@id\":\"https:\\\/\\\/elotroenfoque.mx\\\/index.php\\\/2026\\\/05\\\/08\\\/sheinbaum-aclara-que-reduccion-de-clases-en-calendario-escolar-aun-no-es-definitiva\\\/\",\"url\":\"https:\\\/\\\/elotroenfoque.mx\\\/index.php\\\/2026\\\/05\\\/08\\\/sheinbaum-aclara-que-reduccion-de-clases-en-calendario-escolar-aun-no-es-definitiva\\\/\",\"name\":\"Sheinbaum aclara que reducci\u00f3n de clases en calendario escolar a\u00fan no es definitiva - El otro enfoque\",\"isPartOf\":{\"@id\":\"https:\\\/\\\/elotroenfoque.mx\\\/#website\"},\"primaryImageOfPage\":{\"@id\":\"https:\\\/\\\/elotroenfoque.mx\\\/index.php\\\/2026\\\/05\\\/08\\\/sheinbaum-aclara-que-reduccion-de-clases-en-calendario-escolar-aun-no-es-definitiva\\\/#primaryimage\"},\"image\":{\"@id\":\"https:\\\/\\\/elotroenfoque.mx\\\/index.php\\\/2026\\\/05\\\/08\\\/sheinbaum-aclara-que-reduccion-de-clases-en-calendario-escolar-aun-no-es-definitiva\\\/#primaryimage\"},\"thumbnailUrl\":\"https:\\\/\\\/elotroenfoque.mx\\\/wp-content\\\/uploads\\\/2025\\\/08\\\/claudita-en-gto-2.jpg\",\"datePublished\":\"2026-05-08T18:29:47+00:00\",\"author\":{\"@id\":\"https:\\\/\\\/elotroenfoque.mx\\\/#\\\/schema\\\/person\\\/8eb322f84d0bd9f337e462905519a1ae\"},\"description\":\"Claudia Sheinbaum afirm\u00f3 que la propuesta para reducir d\u00edas de clases a\u00fan no es definitiva, pese a que la SEP public\u00f3 un calendario modificado.\",\"breadcrumb\":{\"@id\":\"https:\\\/\\\/elotroenfoque.mx\\\/index.php\\\/2026\\\/05\\\/08\\\/sheinbaum-aclara-que-reduccion-de-clases-en-calendario-escolar-aun-no-es-definitiva\\\/#breadcrumb\"},\"inLanguage\":\"es\",\"potentialAction\":[{\"@type\":\"ReadAction\",\"target\":[\"https:\\\/\\\/elotroenfoque.mx\\\/index.php\\\/2026\\\/05\\\/08\\\/sheinbaum-aclara-que-reduccion-de-clases-en-calendario-escolar-aun-no-es-definitiva\\\/\"]}]},{\"@type\":\"ImageObject\",\"inLanguage\":\"es\",\"@id\":\"https:\\\/\\\/elotroenfoque.mx\\\/index.php\\\/2026\\\/05\\\/08\\\/sheinbaum-aclara-que-reduccion-de-clases-en-calendario-escolar-aun-no-es-definitiva\\\/#primaryimage\",\"url\":\"https:\\\/\\\/elotroenfoque.mx\\\/wp-content\\\/uploads\\\/2025\\\/08\\\/claudita-en-gto-2.jpg\",\"contentUrl\":\"https:\\\/\\\/elotroenfoque.mx\\\/wp-content\\\/uploads\\\/2025\\\/08\\\/claudita-en-gto-2.jpg\",\"width\":1136,\"height\":545},{\"@type\":\"BreadcrumbList\",\"@id\":\"https:\\\/\\\/elotroenfoque.mx\\\/index.php\\\/2026\\\/05\\\/08\\\/sheinbaum-aclara-que-reduccion-de-clases-en-calendario-escolar-aun-no-es-definitiva\\\/#breadcrumb\",\"itemListElement\":[{\"@type\":\"ListItem\",\"position\":1,\"name\":\"Portada\",\"item\":\"https:\\\/\\\/elotroenfoque.mx\\\/\"},{\"@type\":\"ListItem\",\"position\":2,\"name\":\"Sheinbaum aclara que reducci\u00f3n de clases en calendario escolar a\u00fan no es definitiva\"}]},{\"@type\":\"WebSite\",\"@id\":\"https:\\\/\\\/elotroenfoque.mx\\\/#website\",\"url\":\"https:\\\/\\\/elotroenfoque.mx\\\/\",\"name\":\"El otro enfoque\",\"description\":\"\",\"potentialAction\":[{\"@type\":\"SearchAction\",\"target\":{\"@type\":\"EntryPoint\",\"urlTemplate\":\"https:\\\/\\\/elotroenfoque.mx\\\/?s={search_term_string}\"},\"query-input\":{\"@type\":\"PropertyValueSpecification\",\"valueRequired\":true,\"valueName\":\"search_term_string\"}}],\"inLanguage\":\"es\"},{\"@type\":\"Person\",\"@id\":\"https:\\\/\\\/elotroenfoque.mx\\\/#\\\/schema\\\/person\\\/8eb322f84d0bd9f337e462905519a1ae\",\"name\":\"Equipo Redaccion\",\"image\":{\"@type\":\"ImageObject\",\"inLanguage\":\"es\",\"@id\":\"https:\\\/\\\/secure.gravatar.com\\\/avatar\\\/3579478e2b4e7aad364a32b26cf744b360ae0e581ee1cd0cb18a8f239ee49ac4?s=96&d=mm&r=g\",\"url\":\"https:\\\/\\\/secure.gravatar.com\\\/avatar\\\/3579478e2b4e7aad364a32b26cf744b360ae0e581ee1cd0cb18a8f239ee49ac4?s=96&d=mm&r=g\",\"contentUrl\":\"https:\\\/\\\/secure.gravatar.com\\\/avatar\\\/3579478e2b4e7aad364a32b26cf744b360ae0e581ee1cd0cb18a8f239ee49ac4?s=96&d=mm&r=g\",\"caption\":\"Equipo Redaccion\"},\"url\":\"https:\\\/\\\/elotroenfoque.mx\\\/index.php\\\/author\\\/redaccion\\\/\"}]}<\/script>\n<!-- \/ Yoast SEO plugin. -->","yoast_head_json":{"title":"Sheinbaum aclara que reducci\u00f3n de clases en calendario escolar a\u00fan no es definitiva - El otro enfoque","description":"Claudia Sheinbaum afirm\u00f3 que la propuesta para reducir d\u00edas de clases a\u00fan no es definitiva, pese a que la SEP public\u00f3 un calendario modificado.","robots":{"index":"index","follow":"follow","max-snippet":"max-snippet:-1","max-image-preview":"max-image-preview:large","max-video-preview":"max-video-preview:-1"},"canonical":"https:\/\/elotroenfoque.mx\/index.php\/2026\/05\/08\/sheinbaum-aclara-que-reduccion-de-clases-en-calendario-escolar-aun-no-es-definitiva\/","og_locale":"es_MX","og_type":"article","og_title":"Sheinbaum aclara que reducci\u00f3n de clases en calendario escolar a\u00fan no es definitiva - El otro enfoque","og_description":"Claudia Sheinbaum afirm\u00f3 que la propuesta para reducir d\u00edas de clases a\u00fan no es definitiva, pese a que la SEP public\u00f3 un calendario modificado.","og_url":"https:\/\/elotroenfoque.mx\/index.php\/2026\/05\/08\/sheinbaum-aclara-que-reduccion-de-clases-en-calendario-escolar-aun-no-es-definitiva\/","og_site_name":"El otro enfoque","article_published_time":"2026-05-08T18:29:47+00:00","og_image":[{"width":1136,"height":545,"url":"https:\/\/elotroenfoque.mx\/wp-content\/uploads\/2025\/08\/claudita-en-gto-2.jpg","type":"image\/jpeg"}],"author":"Equipo Redaccion","twitter_card":"summary_large_image","twitter_misc":{"Escrito por":"Equipo Redaccion","Tiempo de lectura":"2 minutos"},"schema":{"@context":"https:\/\/schema.org","@graph":[{"@type":"Article","@id":"https:\/\/elotroenfoque.mx\/index.php\/2026\/05\/08\/sheinbaum-aclara-que-reduccion-de-clases-en-calendario-escolar-aun-no-es-definitiva\/#article","isPartOf":{"@id":"https:\/\/elotroenfoque.mx\/index.php\/2026\/05\/08\/sheinbaum-aclara-que-reduccion-de-clases-en-calendario-escolar-aun-no-es-definitiva\/"},"author":{"name":"Equipo Redaccion","@id":"https:\/\/elotroenfoque.mx\/#\/schema\/person\/8eb322f84d0bd9f337e462905519a1ae"},"headline":"Sheinbaum aclara que reducci\u00f3n de clases en calendario escolar a\u00fan no es definitiva","datePublished":"2026-05-08T18:29:47+00:00","mainEntityOfPage":{"@id":"https:\/\/elotroenfoque.mx\/index.php\/2026\/05\/08\/sheinbaum-aclara-que-reduccion-de-clases-en-calendario-escolar-aun-no-es-definitiva\/"},"wordCount":244,"image":{"@id":"https:\/\/elotroenfoque.mx\/index.php\/2026\/05\/08\/sheinbaum-aclara-que-reduccion-de-clases-en-calendario-escolar-aun-no-es-definitiva\/#primaryimage"},"thumbnailUrl":"https:\/\/elotroenfoque.mx\/wp-content\/uploads\/2025\/08\/claudita-en-gto-2.jpg","keywords":["Guanajuato","Noticias Guanajuato"],"articleSection":["Otras Noticias"],"inLanguage":"es"},{"@type":"WebPage","@id":"https:\/\/elotroenfoque.mx\/index.php\/2026\/05\/08\/sheinbaum-aclara-que-reduccion-de-clases-en-calendario-escolar-aun-no-es-definitiva\/","url":"https:\/\/elotroenfoque.mx\/index.php\/2026\/05\/08\/sheinbaum-aclara-que-reduccion-de-clases-en-calendario-escolar-aun-no-es-definitiva\/","name":"Sheinbaum aclara que reducci\u00f3n de clases en calendario escolar a\u00fan no es definitiva - El otro enfoque","isPartOf":{"@id":"https:\/\/elotroenfoque.mx\/#website"},"primaryImageOfPage":{"@id":"https:\/\/elotroenfoque.mx\/index.php\/2026\/05\/08\/sheinbaum-aclara-que-reduccion-de-clases-en-calendario-escolar-aun-no-es-definitiva\/#primaryimage"},"image":{"@id":"https:\/\/elotroenfoque.mx\/index.php\/2026\/05\/08\/sheinbaum-aclara-que-reduccion-de-clases-en-calendario-escolar-aun-no-es-definitiva\/#primaryimage"},"thumbnailUrl":"https:\/\/elotroenfoque.mx\/wp-content\/uploads\/2025\/08\/claudita-en-gto-2.jpg","datePublished":"2026-05-08T18:29:47+00:00","author":{"@id":"https:\/\/elotroenfoque.mx\/#\/schema\/person\/8eb322f84d0bd9f337e462905519a1ae"},"description":"Claudia Sheinbaum afirm\u00f3 que la propuesta para reducir d\u00edas de clases a\u00fan no es definitiva, pese a que la SEP public\u00f3 un calendario modificado.","breadcrumb":{"@id":"https:\/\/elotroenfoque.mx\/index.php\/2026\/05\/08\/sheinbaum-aclara-que-reduccion-de-clases-en-calendario-escolar-aun-no-es-definitiva\/#breadcrumb"},"inLanguage":"es","potentialAction":[{"@type":"ReadAction","target":["https:\/\/elotroenfoque.mx\/index.php\/2026\/05\/08\/sheinbaum-aclara-que-reduccion-de-clases-en-calendario-escolar-aun-no-es-definitiva\/"]}]},{"@type":"ImageObject","inLanguage":"es","@id":"https:\/\/elotroenfoque.mx\/index.php\/2026\/05\/08\/sheinbaum-aclara-que-reduccion-de-clases-en-calendario-escolar-aun-no-es-definitiva\/#primaryimage","url":"https:\/\/elotroenfoque.mx\/wp-content\/uploads\/2025\/08\/claudita-en-gto-2.jpg","contentUrl":"https:\/\/elotroenfoque.mx\/wp-content\/uploads\/2025\/08\/claudita-en-gto-2.jpg","width":1136,"height":545},{"@type":"BreadcrumbList","@id":"https:\/\/elotroenfoque.mx\/index.php\/2026\/05\/08\/sheinbaum-aclara-que-reduccion-de-clases-en-calendario-escolar-aun-no-es-definitiva\/#breadcrumb","itemListElement":[{"@type":"ListItem","position":1,"name":"Portada","item":"https:\/\/elotroenfoque.mx\/"},{"@type":"ListItem","position":2,"name":"Sheinbaum aclara que reducci\u00f3n de clases en calendario escolar a\u00fan no es definitiva"}]},{"@type":"WebSite","@id":"https:\/\/elotroenfoque.mx\/#website","url":"https:\/\/elotroenfoque.mx\/","name":"El otro enfoque","description":"","potentialAction":[{"@type":"SearchAction","target":{"@type":"EntryPoint","urlTemplate":"https:\/\/elotroenfoque.mx\/?s={search_term_string}"},"query-input":{"@type":"PropertyValueSpecification","valueRequired":true,"valueName":"search_term_string"}}],"inLanguage":"es"},{"@type":"Person","@id":"https:\/\/elotroenfoque.mx\/#\/schema\/person\/8eb322f84d0bd9f337e462905519a1ae","name":"Equipo Redaccion","image":{"@type":"ImageObject","inLanguage":"es","@id":"https:\/\/secure.gravatar.com\/avatar\/3579478e2b4e7aad364a32b26cf744b360ae0e581ee1cd0cb18a8f239ee49ac4?s=96&d=mm&r=g","url":"https:\/\/secure.gravatar.com\/avatar\/3579478e2b4e7aad364a32b26cf744b360ae0e581ee1cd0cb18a8f239ee49ac4?s=96&d=mm&r=g","contentUrl":"https:\/\/secure.gravatar.com\/avatar\/3579478e2b4e7aad364a32b26cf744b360ae0e581ee1cd0cb18a8f239ee49ac4?s=96&d=mm&r=g","caption":"Equipo Redaccion"},"url":"https:\/\/elotroenfoque.mx\/index.php\/author\/redaccion\/"}]}},"_links":{"self":[{"href":"https:\/\/elotroenfoque.mx\/index.php\/wp-json\/wp\/v2\/posts\/184937","targetHints":{"allow":["GET"]}}],"collection":[{"href":"https:\/\/elotroenfoque.mx\/index.php\/wp-json\/wp\/v2\/posts"}],"about":[{"href":"https:\/\/elotroenfoque.mx\/index.php\/wp-json\/wp\/v2\/types\/post"}],"author":[{"embeddable":true,"href":"https:\/\/elotroenfoque.mx\/index.php\/wp-json\/wp\/v2\/users\/4"}],"replies":[{"embeddable":true,"href":"https:\/\/elotroenfoque.mx\/index.php\/wp-json\/wp\/v2\/comments?post=184937"}],"version-history":[{"count":1,"href":"https:\/\/elotroenfoque.mx\/index.php\/wp-json\/wp\/v2\/posts\/184937\/revisions"}],"predecessor-version":[{"id":184939,"href":"https:\/\/elotroenfoque.mx\/index.php\/wp-json\/wp\/v2\/posts\/184937\/revisions\/184939"}],"wp:featuredmedia":[{"embeddable":true,"href":"https:\/\/elotroenfoque.mx\/index.php\/wp-json\/wp\/v2\/media\/161926"}],"wp:attachment":[{"href":"https:\/\/elotroenfoque.mx\/index.php\/wp-json\/wp\/v2\/media?parent=184937"}],"wp:term":[{"taxonomy":"category","embeddable":true,"href":"https:\/\/elotroenfoque.mx\/index.php\/wp-json\/wp\/v2\/categories?post=184937"},{"taxonomy":"post_tag","embeddable":true,"href":"https:\/\/elotroenfoque.mx\/index.php\/wp-json\/wp\/v2\/tags?post=184937"}],"curies":[{"name":"wp","href":"https:\/\/api.w.org\/{rel}","templated":true}]}}