{"id":184941,"date":"2026-05-08T13:30:00","date_gmt":"2026-05-08T19:30:00","guid":{"rendered":"https:\/\/elotroenfoque.mx\/?p=184941"},"modified":"2026-05-08T13:35:20","modified_gmt":"2026-05-08T19:35:20","slug":"nos-afecta-a-todos-maestros-de-leon-critican-cierre-anticipado-de-clases-por-mundial-2026","status":"publish","type":"post","link":"https:\/\/elotroenfoque.mx\/index.php\/2026\/05\/08\/nos-afecta-a-todos-maestros-de-leon-critican-cierre-anticipado-de-clases-por-mundial-2026\/","title":{"rendered":"\u201cNos afecta a todos\u201d: maestros de Le\u00f3n critican cierre anticipado de clases por Mundial 2026"},"content":{"rendered":"\n<p class=\"wp-block-paragraph\">La decisi\u00f3n de adelantar el cierre del ciclo escolar en M\u00e9xico ya provoc\u00f3 molestias entre docentes de Le\u00f3n, quienes consideran que terminar las clases desde el 5 de junio afectar\u00e1 el desempe\u00f1o acad\u00e9mico de miles de estudiantes y complicar\u00e1 el trabajo en las escuelas.<\/p>\n\n\n\n<p class=\"wp-block-paragraph\">Luego del anuncio realizado por el titular de la SEP, Mario Delgado, maestros de nivel b\u00e1sico se\u00f1alaron que la medida fue tomada sin consultar directamente al personal educativo, pese a que ser\u00e1n ellos quienes deber\u00e1n reorganizar contenidos, evaluaciones y actividades en menos tiempo del previsto.<\/p>\n\n\n\n<figure class=\"wp-block-image size-full\"><img loading=\"lazy\" decoding=\"async\" width=\"961\" height=\"538\" src=\"https:\/\/elotroenfoque.mx\/wp-content\/uploads\/2026\/05\/maestros-inconformes-2.jpg\" alt=\"\" class=\"wp-image-184943\" srcset=\"https:\/\/elotroenfoque.mx\/wp-content\/uploads\/2026\/05\/maestros-inconformes-2.jpg 961w, https:\/\/elotroenfoque.mx\/wp-content\/uploads\/2026\/05\/maestros-inconformes-2-300x168.jpg 300w, https:\/\/elotroenfoque.mx\/wp-content\/uploads\/2026\/05\/maestros-inconformes-2-768x430.jpg 768w\" sizes=\"auto, (max-width: 961px) 100vw, 961px\" \/><\/figure>\n\n\n\n<p class=\"wp-block-paragraph\">Profesores de secundaria y primaria se\u00f1alaron que mayo ya representa uno de los meses m\u00e1s irregulares del calendario debido a puentes, festividades y suspensiones oficiales, por lo que reducir todav\u00eda m\u00e1s los d\u00edas efectivos de clases impedir\u00e1 cerrar adecuadamente los temas pendientes y reforzar conocimientos antes de concluir el ciclo.<\/p>\n\n\n\n<p class=\"wp-block-paragraph\">Entre las principales preocupaciones est\u00e1 el impacto que podr\u00eda tener en estudiantes con rezago acad\u00e9mico, ya que muchos docentes acostumbran utilizar las \u00faltimas semanas para regularizaci\u00f3n, asesor\u00edas y recuperaci\u00f3n de contenidos antes de entregar calificaciones finales.<\/p>\n\n\n\n<p class=\"wp-block-paragraph\"><strong><a href=\"https:\/\/elotroenfoque.mx\/index.php\/2026\/05\/08\/sheinbaum-aclara-que-reduccion-de-clases-en-calendario-escolar-aun-no-es-definitiva\/\">\u00bfSer\u00e1 definitivo el recorte de d\u00edas de clases en el calendario escolar en M\u00e9xico?<\/a><\/strong><\/p>\n\n\n\n<p class=\"wp-block-paragraph\">Aunque parte del magisterio mostr\u00f3 inconformidad, representantes sindicales respaldaron el ajuste al calendario al se\u00f1alar que la medida responde tanto a la organizaci\u00f3n del Mundial de Futbol 2026 como a las altas temperaturas que se esperan durante junio y julio en varias regiones del pa\u00eds.<\/p>\n\n\n\n<p class=\"wp-block-paragraph\">Autoridades educativas federales sostienen que el cambio no afectar\u00e1 el cumplimiento del plan de estudios y que el sistema escolar est\u00e1 preparado para reorganizar actividades antes del arranque del pr\u00f3ximo ciclo escolar, programado para el 31 de agosto.<\/p>\n\n\n\n<p class=\"wp-block-paragraph\"><strong><a href=\"https:\/\/www.tiktok.com\/@elotroenfoque?_r=1&amp;_t=ZS-95fz6wNxSoT\">Sigue tambi\u00e9n las noticias en TikTok<\/a><\/strong><\/p>\n","protected":false},"excerpt":{"rendered":"<p>La decisi\u00f3n de adelantar el cierre del ciclo escolar en M\u00e9xico ya provoc\u00f3 molestias entre docentes de Le\u00f3n, quienes consideran que terminar las clases desde el 5 de junio afectar\u00e1 el desempe\u00f1o acad\u00e9mico de miles de estudiantes y complicar\u00e1 el trabajo en las escuelas. Luego del anuncio realizado por el titular de la SEP, Mario&#8230;<\/p>\n","protected":false},"author":4,"featured_media":184942,"comment_status":"closed","ping_status":"open","sticky":false,"template":"","format":"standard","meta":{"footnotes":""},"categories":[2],"tags":[13,4517],"class_list":["post-184941","post","type-post","status-publish","format-standard","has-post-thumbnail","hentry","category-noticias","tag-guanajuato","tag-noticias-guanajuato"],"yoast_head":"<!-- This site is optimized with the Yoast SEO plugin v28.2 - https:\/\/yoast.com\/product\/yoast-seo-wordpress\/ -->\n<title>\u201cNos afecta a todos\u201d: maestros de Le\u00f3n critican cierre anticipado de clases por Mundial 2026 - El otro enfoque<\/title>\n<meta name=\"description\" content=\"Docentes de Le\u00f3n cuestionaron el recorte del ciclo escolar por el Mundial 2026 y el calor; aseguran que perjudicar\u00e1 el aprendizaje de alumnos.\" \/>\n<meta name=\"robots\" content=\"index, follow, max-snippet:-1, max-image-preview:large, max-video-preview:-1\" \/>\n<link rel=\"canonical\" href=\"https:\/\/elotroenfoque.mx\/index.php\/2026\/05\/08\/nos-afecta-a-todos-maestros-de-leon-critican-cierre-anticipado-de-clases-por-mundial-2026\/\" \/>\n<meta property=\"og:locale\" content=\"es_MX\" \/>\n<meta property=\"og:type\" content=\"article\" \/>\n<meta property=\"og:title\" content=\"\u201cNos afecta a todos\u201d: maestros de Le\u00f3n critican cierre anticipado de clases por Mundial 2026 - El otro enfoque\" \/>\n<meta property=\"og:description\" content=\"Docentes de Le\u00f3n cuestionaron el recorte del ciclo escolar por el Mundial 2026 y el calor; aseguran que perjudicar\u00e1 el aprendizaje de alumnos.\" \/>\n<meta property=\"og:url\" content=\"https:\/\/elotroenfoque.mx\/index.php\/2026\/05\/08\/nos-afecta-a-todos-maestros-de-leon-critican-cierre-anticipado-de-clases-por-mundial-2026\/\" \/>\n<meta property=\"og:site_name\" content=\"El otro enfoque\" \/>\n<meta property=\"article:published_time\" content=\"2026-05-08T19:30:00+00:00\" \/>\n<meta property=\"article:modified_time\" content=\"2026-05-08T19:35:20+00:00\" \/>\n<meta property=\"og:image\" content=\"https:\/\/elotroenfoque.mx\/wp-content\/uploads\/2026\/05\/maestros-inconformes-1.jpg\" \/>\n\t<meta property=\"og:image:width\" content=\"918\" \/>\n\t<meta property=\"og:image:height\" content=\"518\" \/>\n\t<meta property=\"og:image:type\" content=\"image\/jpeg\" \/>\n<meta name=\"author\" content=\"Equipo Redaccion\" \/>\n<meta name=\"twitter:card\" content=\"summary_large_image\" \/>\n<meta name=\"twitter:label1\" content=\"Escrito por\" \/>\n\t<meta name=\"twitter:data1\" content=\"Equipo Redaccion\" \/>\n\t<meta name=\"twitter:label2\" content=\"Tiempo de lectura\" \/>\n\t<meta name=\"twitter:data2\" content=\"2 minutos\" \/>\n<script type=\"application\/ld+json\" class=\"yoast-schema-graph\">{\"@context\":\"https:\\\/\\\/schema.org\",\"@graph\":[{\"@type\":\"Article\",\"@id\":\"https:\\\/\\\/elotroenfoque.mx\\\/index.php\\\/2026\\\/05\\\/08\\\/nos-afecta-a-todos-maestros-de-leon-critican-cierre-anticipado-de-clases-por-mundial-2026\\\/#article\",\"isPartOf\":{\"@id\":\"https:\\\/\\\/elotroenfoque.mx\\\/index.php\\\/2026\\\/05\\\/08\\\/nos-afecta-a-todos-maestros-de-leon-critican-cierre-anticipado-de-clases-por-mundial-2026\\\/\"},\"author\":{\"name\":\"Equipo Redaccion\",\"@id\":\"https:\\\/\\\/elotroenfoque.mx\\\/#\\\/schema\\\/person\\\/8eb322f84d0bd9f337e462905519a1ae\"},\"headline\":\"\u201cNos afecta a todos\u201d: maestros de Le\u00f3n critican cierre anticipado de clases por Mundial 2026\",\"datePublished\":\"2026-05-08T19:30:00+00:00\",\"dateModified\":\"2026-05-08T19:35:20+00:00\",\"mainEntityOfPage\":{\"@id\":\"https:\\\/\\\/elotroenfoque.mx\\\/index.php\\\/2026\\\/05\\\/08\\\/nos-afecta-a-todos-maestros-de-leon-critican-cierre-anticipado-de-clases-por-mundial-2026\\\/\"},\"wordCount\":316,\"image\":{\"@id\":\"https:\\\/\\\/elotroenfoque.mx\\\/index.php\\\/2026\\\/05\\\/08\\\/nos-afecta-a-todos-maestros-de-leon-critican-cierre-anticipado-de-clases-por-mundial-2026\\\/#primaryimage\"},\"thumbnailUrl\":\"https:\\\/\\\/elotroenfoque.mx\\\/wp-content\\\/uploads\\\/2026\\\/05\\\/maestros-inconformes-1.jpg\",\"keywords\":[\"Guanajuato\",\"Noticias Guanajuato\"],\"articleSection\":[\"Noticias\"],\"inLanguage\":\"es\"},{\"@type\":\"WebPage\",\"@id\":\"https:\\\/\\\/elotroenfoque.mx\\\/index.php\\\/2026\\\/05\\\/08\\\/nos-afecta-a-todos-maestros-de-leon-critican-cierre-anticipado-de-clases-por-mundial-2026\\\/\",\"url\":\"https:\\\/\\\/elotroenfoque.mx\\\/index.php\\\/2026\\\/05\\\/08\\\/nos-afecta-a-todos-maestros-de-leon-critican-cierre-anticipado-de-clases-por-mundial-2026\\\/\",\"name\":\"\u201cNos afecta a todos\u201d: maestros de Le\u00f3n critican cierre anticipado de clases por Mundial 2026 - El otro enfoque\",\"isPartOf\":{\"@id\":\"https:\\\/\\\/elotroenfoque.mx\\\/#website\"},\"primaryImageOfPage\":{\"@id\":\"https:\\\/\\\/elotroenfoque.mx\\\/index.php\\\/2026\\\/05\\\/08\\\/nos-afecta-a-todos-maestros-de-leon-critican-cierre-anticipado-de-clases-por-mundial-2026\\\/#primaryimage\"},\"image\":{\"@id\":\"https:\\\/\\\/elotroenfoque.mx\\\/index.php\\\/2026\\\/05\\\/08\\\/nos-afecta-a-todos-maestros-de-leon-critican-cierre-anticipado-de-clases-por-mundial-2026\\\/#primaryimage\"},\"thumbnailUrl\":\"https:\\\/\\\/elotroenfoque.mx\\\/wp-content\\\/uploads\\\/2026\\\/05\\\/maestros-inconformes-1.jpg\",\"datePublished\":\"2026-05-08T19:30:00+00:00\",\"dateModified\":\"2026-05-08T19:35:20+00:00\",\"author\":{\"@id\":\"https:\\\/\\\/elotroenfoque.mx\\\/#\\\/schema\\\/person\\\/8eb322f84d0bd9f337e462905519a1ae\"},\"description\":\"Docentes de Le\u00f3n cuestionaron el recorte del ciclo escolar por el Mundial 2026 y el calor; aseguran que perjudicar\u00e1 el aprendizaje de alumnos.\",\"breadcrumb\":{\"@id\":\"https:\\\/\\\/elotroenfoque.mx\\\/index.php\\\/2026\\\/05\\\/08\\\/nos-afecta-a-todos-maestros-de-leon-critican-cierre-anticipado-de-clases-por-mundial-2026\\\/#breadcrumb\"},\"inLanguage\":\"es\",\"potentialAction\":[{\"@type\":\"ReadAction\",\"target\":[\"https:\\\/\\\/elotroenfoque.mx\\\/index.php\\\/2026\\\/05\\\/08\\\/nos-afecta-a-todos-maestros-de-leon-critican-cierre-anticipado-de-clases-por-mundial-2026\\\/\"]}]},{\"@type\":\"ImageObject\",\"inLanguage\":\"es\",\"@id\":\"https:\\\/\\\/elotroenfoque.mx\\\/index.php\\\/2026\\\/05\\\/08\\\/nos-afecta-a-todos-maestros-de-leon-critican-cierre-anticipado-de-clases-por-mundial-2026\\\/#primaryimage\",\"url\":\"https:\\\/\\\/elotroenfoque.mx\\\/wp-content\\\/uploads\\\/2026\\\/05\\\/maestros-inconformes-1.jpg\",\"contentUrl\":\"https:\\\/\\\/elotroenfoque.mx\\\/wp-content\\\/uploads\\\/2026\\\/05\\\/maestros-inconformes-1.jpg\",\"width\":918,\"height\":518},{\"@type\":\"BreadcrumbList\",\"@id\":\"https:\\\/\\\/elotroenfoque.mx\\\/index.php\\\/2026\\\/05\\\/08\\\/nos-afecta-a-todos-maestros-de-leon-critican-cierre-anticipado-de-clases-por-mundial-2026\\\/#breadcrumb\",\"itemListElement\":[{\"@type\":\"ListItem\",\"position\":1,\"name\":\"Portada\",\"item\":\"https:\\\/\\\/elotroenfoque.mx\\\/\"},{\"@type\":\"ListItem\",\"position\":2,\"name\":\"\u201cNos afecta a todos\u201d: maestros de Le\u00f3n critican cierre anticipado de clases por Mundial 2026\"}]},{\"@type\":\"WebSite\",\"@id\":\"https:\\\/\\\/elotroenfoque.mx\\\/#website\",\"url\":\"https:\\\/\\\/elotroenfoque.mx\\\/\",\"name\":\"El otro enfoque\",\"description\":\"\",\"potentialAction\":[{\"@type\":\"SearchAction\",\"target\":{\"@type\":\"EntryPoint\",\"urlTemplate\":\"https:\\\/\\\/elotroenfoque.mx\\\/?s={search_term_string}\"},\"query-input\":{\"@type\":\"PropertyValueSpecification\",\"valueRequired\":true,\"valueName\":\"search_term_string\"}}],\"inLanguage\":\"es\"},{\"@type\":\"Person\",\"@id\":\"https:\\\/\\\/elotroenfoque.mx\\\/#\\\/schema\\\/person\\\/8eb322f84d0bd9f337e462905519a1ae\",\"name\":\"Equipo Redaccion\",\"image\":{\"@type\":\"ImageObject\",\"inLanguage\":\"es\",\"@id\":\"https:\\\/\\\/secure.gravatar.com\\\/avatar\\\/3579478e2b4e7aad364a32b26cf744b360ae0e581ee1cd0cb18a8f239ee49ac4?s=96&d=mm&r=g\",\"url\":\"https:\\\/\\\/secure.gravatar.com\\\/avatar\\\/3579478e2b4e7aad364a32b26cf744b360ae0e581ee1cd0cb18a8f239ee49ac4?s=96&d=mm&r=g\",\"contentUrl\":\"https:\\\/\\\/secure.gravatar.com\\\/avatar\\\/3579478e2b4e7aad364a32b26cf744b360ae0e581ee1cd0cb18a8f239ee49ac4?s=96&d=mm&r=g\",\"caption\":\"Equipo Redaccion\"},\"url\":\"https:\\\/\\\/elotroenfoque.mx\\\/index.php\\\/author\\\/redaccion\\\/\"}]}<\/script>\n<!-- \/ Yoast SEO plugin. -->","yoast_head_json":{"title":"\u201cNos afecta a todos\u201d: maestros de Le\u00f3n critican cierre anticipado de clases por Mundial 2026 - El otro enfoque","description":"Docentes de Le\u00f3n cuestionaron el recorte del ciclo escolar por el Mundial 2026 y el calor; aseguran que perjudicar\u00e1 el aprendizaje de alumnos.","robots":{"index":"index","follow":"follow","max-snippet":"max-snippet:-1","max-image-preview":"max-image-preview:large","max-video-preview":"max-video-preview:-1"},"canonical":"https:\/\/elotroenfoque.mx\/index.php\/2026\/05\/08\/nos-afecta-a-todos-maestros-de-leon-critican-cierre-anticipado-de-clases-por-mundial-2026\/","og_locale":"es_MX","og_type":"article","og_title":"\u201cNos afecta a todos\u201d: maestros de Le\u00f3n critican cierre anticipado de clases por Mundial 2026 - El otro enfoque","og_description":"Docentes de Le\u00f3n cuestionaron el recorte del ciclo escolar por el Mundial 2026 y el calor; aseguran que perjudicar\u00e1 el aprendizaje de alumnos.","og_url":"https:\/\/elotroenfoque.mx\/index.php\/2026\/05\/08\/nos-afecta-a-todos-maestros-de-leon-critican-cierre-anticipado-de-clases-por-mundial-2026\/","og_site_name":"El otro enfoque","article_published_time":"2026-05-08T19:30:00+00:00","article_modified_time":"2026-05-08T19:35:20+00:00","og_image":[{"width":918,"height":518,"url":"https:\/\/elotroenfoque.mx\/wp-content\/uploads\/2026\/05\/maestros-inconformes-1.jpg","type":"image\/jpeg"}],"author":"Equipo Redaccion","twitter_card":"summary_large_image","twitter_misc":{"Escrito por":"Equipo Redaccion","Tiempo de lectura":"2 minutos"},"schema":{"@context":"https:\/\/schema.org","@graph":[{"@type":"Article","@id":"https:\/\/elotroenfoque.mx\/index.php\/2026\/05\/08\/nos-afecta-a-todos-maestros-de-leon-critican-cierre-anticipado-de-clases-por-mundial-2026\/#article","isPartOf":{"@id":"https:\/\/elotroenfoque.mx\/index.php\/2026\/05\/08\/nos-afecta-a-todos-maestros-de-leon-critican-cierre-anticipado-de-clases-por-mundial-2026\/"},"author":{"name":"Equipo Redaccion","@id":"https:\/\/elotroenfoque.mx\/#\/schema\/person\/8eb322f84d0bd9f337e462905519a1ae"},"headline":"\u201cNos afecta a todos\u201d: maestros de Le\u00f3n critican cierre anticipado de clases por Mundial 2026","datePublished":"2026-05-08T19:30:00+00:00","dateModified":"2026-05-08T19:35:20+00:00","mainEntityOfPage":{"@id":"https:\/\/elotroenfoque.mx\/index.php\/2026\/05\/08\/nos-afecta-a-todos-maestros-de-leon-critican-cierre-anticipado-de-clases-por-mundial-2026\/"},"wordCount":316,"image":{"@id":"https:\/\/elotroenfoque.mx\/index.php\/2026\/05\/08\/nos-afecta-a-todos-maestros-de-leon-critican-cierre-anticipado-de-clases-por-mundial-2026\/#primaryimage"},"thumbnailUrl":"https:\/\/elotroenfoque.mx\/wp-content\/uploads\/2026\/05\/maestros-inconformes-1.jpg","keywords":["Guanajuato","Noticias Guanajuato"],"articleSection":["Noticias"],"inLanguage":"es"},{"@type":"WebPage","@id":"https:\/\/elotroenfoque.mx\/index.php\/2026\/05\/08\/nos-afecta-a-todos-maestros-de-leon-critican-cierre-anticipado-de-clases-por-mundial-2026\/","url":"https:\/\/elotroenfoque.mx\/index.php\/2026\/05\/08\/nos-afecta-a-todos-maestros-de-leon-critican-cierre-anticipado-de-clases-por-mundial-2026\/","name":"\u201cNos afecta a todos\u201d: maestros de Le\u00f3n critican cierre anticipado de clases por Mundial 2026 - El otro enfoque","isPartOf":{"@id":"https:\/\/elotroenfoque.mx\/#website"},"primaryImageOfPage":{"@id":"https:\/\/elotroenfoque.mx\/index.php\/2026\/05\/08\/nos-afecta-a-todos-maestros-de-leon-critican-cierre-anticipado-de-clases-por-mundial-2026\/#primaryimage"},"image":{"@id":"https:\/\/elotroenfoque.mx\/index.php\/2026\/05\/08\/nos-afecta-a-todos-maestros-de-leon-critican-cierre-anticipado-de-clases-por-mundial-2026\/#primaryimage"},"thumbnailUrl":"https:\/\/elotroenfoque.mx\/wp-content\/uploads\/2026\/05\/maestros-inconformes-1.jpg","datePublished":"2026-05-08T19:30:00+00:00","dateModified":"2026-05-08T19:35:20+00:00","author":{"@id":"https:\/\/elotroenfoque.mx\/#\/schema\/person\/8eb322f84d0bd9f337e462905519a1ae"},"description":"Docentes de Le\u00f3n cuestionaron el recorte del ciclo escolar por el Mundial 2026 y el calor; aseguran que perjudicar\u00e1 el aprendizaje de alumnos.","breadcrumb":{"@id":"https:\/\/elotroenfoque.mx\/index.php\/2026\/05\/08\/nos-afecta-a-todos-maestros-de-leon-critican-cierre-anticipado-de-clases-por-mundial-2026\/#breadcrumb"},"inLanguage":"es","potentialAction":[{"@type":"ReadAction","target":["https:\/\/elotroenfoque.mx\/index.php\/2026\/05\/08\/nos-afecta-a-todos-maestros-de-leon-critican-cierre-anticipado-de-clases-por-mundial-2026\/"]}]},{"@type":"ImageObject","inLanguage":"es","@id":"https:\/\/elotroenfoque.mx\/index.php\/2026\/05\/08\/nos-afecta-a-todos-maestros-de-leon-critican-cierre-anticipado-de-clases-por-mundial-2026\/#primaryimage","url":"https:\/\/elotroenfoque.mx\/wp-content\/uploads\/2026\/05\/maestros-inconformes-1.jpg","contentUrl":"https:\/\/elotroenfoque.mx\/wp-content\/uploads\/2026\/05\/maestros-inconformes-1.jpg","width":918,"height":518},{"@type":"BreadcrumbList","@id":"https:\/\/elotroenfoque.mx\/index.php\/2026\/05\/08\/nos-afecta-a-todos-maestros-de-leon-critican-cierre-anticipado-de-clases-por-mundial-2026\/#breadcrumb","itemListElement":[{"@type":"ListItem","position":1,"name":"Portada","item":"https:\/\/elotroenfoque.mx\/"},{"@type":"ListItem","position":2,"name":"\u201cNos afecta a todos\u201d: maestros de Le\u00f3n critican cierre anticipado de clases por Mundial 2026"}]},{"@type":"WebSite","@id":"https:\/\/elotroenfoque.mx\/#website","url":"https:\/\/elotroenfoque.mx\/","name":"El otro enfoque","description":"","potentialAction":[{"@type":"SearchAction","target":{"@type":"EntryPoint","urlTemplate":"https:\/\/elotroenfoque.mx\/?s={search_term_string}"},"query-input":{"@type":"PropertyValueSpecification","valueRequired":true,"valueName":"search_term_string"}}],"inLanguage":"es"},{"@type":"Person","@id":"https:\/\/elotroenfoque.mx\/#\/schema\/person\/8eb322f84d0bd9f337e462905519a1ae","name":"Equipo Redaccion","image":{"@type":"ImageObject","inLanguage":"es","@id":"https:\/\/secure.gravatar.com\/avatar\/3579478e2b4e7aad364a32b26cf744b360ae0e581ee1cd0cb18a8f239ee49ac4?s=96&d=mm&r=g","url":"https:\/\/secure.gravatar.com\/avatar\/3579478e2b4e7aad364a32b26cf744b360ae0e581ee1cd0cb18a8f239ee49ac4?s=96&d=mm&r=g","contentUrl":"https:\/\/secure.gravatar.com\/avatar\/3579478e2b4e7aad364a32b26cf744b360ae0e581ee1cd0cb18a8f239ee49ac4?s=96&d=mm&r=g","caption":"Equipo Redaccion"},"url":"https:\/\/elotroenfoque.mx\/index.php\/author\/redaccion\/"}]}},"_links":{"self":[{"href":"https:\/\/elotroenfoque.mx\/index.php\/wp-json\/wp\/v2\/posts\/184941","targetHints":{"allow":["GET"]}}],"collection":[{"href":"https:\/\/elotroenfoque.mx\/index.php\/wp-json\/wp\/v2\/posts"}],"about":[{"href":"https:\/\/elotroenfoque.mx\/index.php\/wp-json\/wp\/v2\/types\/post"}],"author":[{"embeddable":true,"href":"https:\/\/elotroenfoque.mx\/index.php\/wp-json\/wp\/v2\/users\/4"}],"replies":[{"embeddable":true,"href":"https:\/\/elotroenfoque.mx\/index.php\/wp-json\/wp\/v2\/comments?post=184941"}],"version-history":[{"count":1,"href":"https:\/\/elotroenfoque.mx\/index.php\/wp-json\/wp\/v2\/posts\/184941\/revisions"}],"predecessor-version":[{"id":184944,"href":"https:\/\/elotroenfoque.mx\/index.php\/wp-json\/wp\/v2\/posts\/184941\/revisions\/184944"}],"wp:featuredmedia":[{"embeddable":true,"href":"https:\/\/elotroenfoque.mx\/index.php\/wp-json\/wp\/v2\/media\/184942"}],"wp:attachment":[{"href":"https:\/\/elotroenfoque.mx\/index.php\/wp-json\/wp\/v2\/media?parent=184941"}],"wp:term":[{"taxonomy":"category","embeddable":true,"href":"https:\/\/elotroenfoque.mx\/index.php\/wp-json\/wp\/v2\/categories?post=184941"},{"taxonomy":"post_tag","embeddable":true,"href":"https:\/\/elotroenfoque.mx\/index.php\/wp-json\/wp\/v2\/tags?post=184941"}],"curies":[{"name":"wp","href":"https:\/\/api.w.org\/{rel}","templated":true}]}}