{"id":184950,"date":"2026-05-08T14:50:19","date_gmt":"2026-05-08T20:50:19","guid":{"rendered":"https:\/\/elotroenfoque.mx\/?p=184950"},"modified":"2026-05-08T15:16:11","modified_gmt":"2026-05-08T21:16:11","slug":"libia-dennise-pide-reconsiderar-fin-anticipado-de-clases-en-guanajuato","status":"publish","type":"post","link":"https:\/\/elotroenfoque.mx\/index.php\/2026\/05\/08\/libia-dennise-pide-reconsiderar-fin-anticipado-de-clases-en-guanajuato\/","title":{"rendered":"Libia Dennise pide reconsiderar fin anticipado de clases en Guanajuato"},"content":{"rendered":"\n<p class=\"wp-block-paragraph\">La gobernadora de Guanajuato, Libia Dennise Garc\u00eda Mu\u00f1oz Ledo, solicit\u00f3 al Gobierno federal reconsiderar la propuesta de adelantar el cierre del ciclo escolar al pr\u00f3ximo 5 de junio, al considerar que la medida podr\u00eda afectar tanto el aprendizaje de estudiantes como la din\u00e1mica familiar de miles de padres trabajadores.<\/p>\n\n\n\n<p class=\"wp-block-paragraph\">A trav\u00e9s de un mensaje difundido en redes sociales, la mandataria estatal explic\u00f3 que la propuesta fue presentada durante la reuni\u00f3n plenaria del Consejo Nacional de Autoridades Educativas, donde se plante\u00f3 concluir antes las actividades escolares debido a la Copa Mundial de Futbol 2026 y las altas temperaturas previstas en el pa\u00eds.<\/p>\n\n\n\n<p class=\"wp-block-paragraph\">La gobernadora se\u00f1al\u00f3 que en Guanajuato todav\u00eda existen importantes retos educativos derivados del rezago acad\u00e9mico, por lo que consider\u00f3 necesario mantener el calendario escolar para fortalecer habilidades y conocimientos de ni\u00f1as, ni\u00f1os y adolescentes dentro de las aulas.<\/p>\n\n\n\n<p class=\"wp-block-paragraph\">Tambi\u00e9n advirti\u00f3 que algunos programas y evaluaciones acad\u00e9micas programadas para junio podr\u00edan verse afectados por la modificaci\u00f3n anticipada del ciclo escolar, entre ellos la prueba RIMA, prevista para aplicarse entre el 16 y el 18 de junio a estudiantes pr\u00f3ximos a ingresar a preparatoria.<\/p>\n\n\n\n<p class=\"wp-block-paragraph\">Libia Dennise subray\u00f3 adem\u00e1s la preocupaci\u00f3n expresada por madres y padres de familia que trabajan y que podr\u00edan enfrentar dificultades para encontrar espacios seguros de cuidado para sus hijos en caso de adelantarse el periodo vacacional.<\/p>\n\n\n\n<p class=\"wp-block-paragraph\"><strong><a href=\"https:\/\/elotroenfoque.mx\/index.php\/2026\/05\/08\/nos-afecta-a-todos-maestros-de-leon-critican-cierre-anticipado-de-clases-por-mundial-2026\/\">\u00bfPor qu\u00e9 maestros de Le\u00f3n est\u00e1n molestos por el cierre anticipado del ciclo escolar?<\/a><\/strong><\/p>\n\n\n\n<p class=\"wp-block-paragraph\">La mandataria record\u00f3 que Guanajuato no ser\u00e1 sede del Mundial y asegur\u00f3 que las escuelas del estado cuentan con condiciones para enfrentar las altas temperaturas, por lo que plante\u00f3 la posibilidad de aplicar medidas diferenciadas seg\u00fan las necesidades de cada entidad.<\/p>\n\n\n\n<p class=\"wp-block-paragraph\">Finalmente, se\u00f1al\u00f3 que tras las declaraciones de la presidenta Claudia Sheinbaum, quien afirm\u00f3 que todav\u00eda no existe un calendario definitivo, espera que la decisi\u00f3n final considere las necesidades educativas y familiares de los estudiantes del pa\u00eds.<\/p>\n\n\n\n<p class=\"wp-block-paragraph\"><strong><a href=\"https:\/\/www.tiktok.com\/@elotroenfoque?_r=1&amp;_t=ZS-95fz6wNxSoT\">Sigue tambi\u00e9n las noticias en TikTok<\/a><\/strong><\/p>\n","protected":false},"excerpt":{"rendered":"<p>La gobernadora de Guanajuato, Libia Dennise Garc\u00eda Mu\u00f1oz Ledo, solicit\u00f3 al Gobierno federal reconsiderar la propuesta de adelantar el cierre del ciclo escolar al pr\u00f3ximo 5 de junio, al considerar que la medida podr\u00eda afectar tanto el aprendizaje de estudiantes como la din\u00e1mica familiar de miles de padres trabajadores. A trav\u00e9s de un mensaje difundido&#8230;<\/p>\n","protected":false},"author":4,"featured_media":184954,"comment_status":"closed","ping_status":"open","sticky":false,"template":"","format":"standard","meta":{"footnotes":""},"categories":[8646],"tags":[13,4517],"class_list":["post-184950","post","type-post","status-publish","format-standard","has-post-thumbnail","hentry","category-principales","tag-guanajuato","tag-noticias-guanajuato"],"yoast_head":"<!-- This site is optimized with the Yoast SEO plugin v28.2 - https:\/\/yoast.com\/product\/yoast-seo-wordpress\/ -->\n<title>Libia Dennise pide reconsiderar fin anticipado de clases en Guanajuato - El otro enfoque<\/title>\n<meta name=\"robots\" content=\"index, follow, max-snippet:-1, max-image-preview:large, max-video-preview:-1\" \/>\n<link rel=\"canonical\" href=\"https:\/\/elotroenfoque.mx\/index.php\/2026\/05\/08\/libia-dennise-pide-reconsiderar-fin-anticipado-de-clases-en-guanajuato\/\" \/>\n<meta property=\"og:locale\" content=\"es_MX\" \/>\n<meta property=\"og:type\" content=\"article\" \/>\n<meta property=\"og:title\" content=\"Libia Dennise pide reconsiderar fin anticipado de clases en Guanajuato - El otro enfoque\" \/>\n<meta property=\"og:description\" content=\"La gobernadora de Guanajuato, Libia Dennise Garc\u00eda Mu\u00f1oz Ledo, solicit\u00f3 al Gobierno federal reconsiderar la propuesta de adelantar el cierre del ciclo escolar al pr\u00f3ximo 5 de junio, al considerar que la medida podr\u00eda afectar tanto el aprendizaje de estudiantes como la din\u00e1mica familiar de miles de padres trabajadores. A trav\u00e9s de un mensaje difundido...\" \/>\n<meta property=\"og:url\" content=\"https:\/\/elotroenfoque.mx\/index.php\/2026\/05\/08\/libia-dennise-pide-reconsiderar-fin-anticipado-de-clases-en-guanajuato\/\" \/>\n<meta property=\"og:site_name\" content=\"El otro enfoque\" \/>\n<meta property=\"article:published_time\" content=\"2026-05-08T20:50:19+00:00\" \/>\n<meta property=\"article:modified_time\" content=\"2026-05-08T21:16:11+00:00\" \/>\n<meta property=\"og:image\" content=\"https:\/\/elotroenfoque.mx\/wp-content\/uploads\/2026\/05\/libia-dennise-fin-de-ciclo-escolar.jpg\" \/>\n\t<meta property=\"og:image:width\" content=\"968\" \/>\n\t<meta property=\"og:image:height\" content=\"464\" \/>\n\t<meta property=\"og:image:type\" content=\"image\/jpeg\" \/>\n<meta name=\"author\" content=\"Equipo Redaccion\" \/>\n<meta name=\"twitter:card\" content=\"summary_large_image\" \/>\n<meta name=\"twitter:label1\" content=\"Escrito por\" \/>\n\t<meta name=\"twitter:data1\" content=\"Equipo Redaccion\" \/>\n\t<meta name=\"twitter:label2\" content=\"Tiempo de lectura\" \/>\n\t<meta name=\"twitter:data2\" content=\"1 minuto\" \/>\n<script type=\"application\/ld+json\" class=\"yoast-schema-graph\">{\"@context\":\"https:\\\/\\\/schema.org\",\"@graph\":[{\"@type\":\"Article\",\"@id\":\"https:\\\/\\\/elotroenfoque.mx\\\/index.php\\\/2026\\\/05\\\/08\\\/libia-dennise-pide-reconsiderar-fin-anticipado-de-clases-en-guanajuato\\\/#article\",\"isPartOf\":{\"@id\":\"https:\\\/\\\/elotroenfoque.mx\\\/index.php\\\/2026\\\/05\\\/08\\\/libia-dennise-pide-reconsiderar-fin-anticipado-de-clases-en-guanajuato\\\/\"},\"author\":{\"name\":\"Equipo Redaccion\",\"@id\":\"https:\\\/\\\/elotroenfoque.mx\\\/#\\\/schema\\\/person\\\/8eb322f84d0bd9f337e462905519a1ae\"},\"headline\":\"Libia Dennise pide reconsiderar fin anticipado de clases en Guanajuato\",\"datePublished\":\"2026-05-08T20:50:19+00:00\",\"dateModified\":\"2026-05-08T21:16:11+00:00\",\"mainEntityOfPage\":{\"@id\":\"https:\\\/\\\/elotroenfoque.mx\\\/index.php\\\/2026\\\/05\\\/08\\\/libia-dennise-pide-reconsiderar-fin-anticipado-de-clases-en-guanajuato\\\/\"},\"wordCount\":351,\"image\":{\"@id\":\"https:\\\/\\\/elotroenfoque.mx\\\/index.php\\\/2026\\\/05\\\/08\\\/libia-dennise-pide-reconsiderar-fin-anticipado-de-clases-en-guanajuato\\\/#primaryimage\"},\"thumbnailUrl\":\"https:\\\/\\\/elotroenfoque.mx\\\/wp-content\\\/uploads\\\/2026\\\/05\\\/libia-dennise-fin-de-ciclo-escolar.jpg\",\"keywords\":[\"Guanajuato\",\"Noticias Guanajuato\"],\"articleSection\":[\"Principales\"],\"inLanguage\":\"es\"},{\"@type\":\"WebPage\",\"@id\":\"https:\\\/\\\/elotroenfoque.mx\\\/index.php\\\/2026\\\/05\\\/08\\\/libia-dennise-pide-reconsiderar-fin-anticipado-de-clases-en-guanajuato\\\/\",\"url\":\"https:\\\/\\\/elotroenfoque.mx\\\/index.php\\\/2026\\\/05\\\/08\\\/libia-dennise-pide-reconsiderar-fin-anticipado-de-clases-en-guanajuato\\\/\",\"name\":\"Libia Dennise pide reconsiderar fin anticipado de clases en Guanajuato - El otro enfoque\",\"isPartOf\":{\"@id\":\"https:\\\/\\\/elotroenfoque.mx\\\/#website\"},\"primaryImageOfPage\":{\"@id\":\"https:\\\/\\\/elotroenfoque.mx\\\/index.php\\\/2026\\\/05\\\/08\\\/libia-dennise-pide-reconsiderar-fin-anticipado-de-clases-en-guanajuato\\\/#primaryimage\"},\"image\":{\"@id\":\"https:\\\/\\\/elotroenfoque.mx\\\/index.php\\\/2026\\\/05\\\/08\\\/libia-dennise-pide-reconsiderar-fin-anticipado-de-clases-en-guanajuato\\\/#primaryimage\"},\"thumbnailUrl\":\"https:\\\/\\\/elotroenfoque.mx\\\/wp-content\\\/uploads\\\/2026\\\/05\\\/libia-dennise-fin-de-ciclo-escolar.jpg\",\"datePublished\":\"2026-05-08T20:50:19+00:00\",\"dateModified\":\"2026-05-08T21:16:11+00:00\",\"author\":{\"@id\":\"https:\\\/\\\/elotroenfoque.mx\\\/#\\\/schema\\\/person\\\/8eb322f84d0bd9f337e462905519a1ae\"},\"breadcrumb\":{\"@id\":\"https:\\\/\\\/elotroenfoque.mx\\\/index.php\\\/2026\\\/05\\\/08\\\/libia-dennise-pide-reconsiderar-fin-anticipado-de-clases-en-guanajuato\\\/#breadcrumb\"},\"inLanguage\":\"es\",\"potentialAction\":[{\"@type\":\"ReadAction\",\"target\":[\"https:\\\/\\\/elotroenfoque.mx\\\/index.php\\\/2026\\\/05\\\/08\\\/libia-dennise-pide-reconsiderar-fin-anticipado-de-clases-en-guanajuato\\\/\"]}]},{\"@type\":\"ImageObject\",\"inLanguage\":\"es\",\"@id\":\"https:\\\/\\\/elotroenfoque.mx\\\/index.php\\\/2026\\\/05\\\/08\\\/libia-dennise-pide-reconsiderar-fin-anticipado-de-clases-en-guanajuato\\\/#primaryimage\",\"url\":\"https:\\\/\\\/elotroenfoque.mx\\\/wp-content\\\/uploads\\\/2026\\\/05\\\/libia-dennise-fin-de-ciclo-escolar.jpg\",\"contentUrl\":\"https:\\\/\\\/elotroenfoque.mx\\\/wp-content\\\/uploads\\\/2026\\\/05\\\/libia-dennise-fin-de-ciclo-escolar.jpg\",\"width\":968,\"height\":464},{\"@type\":\"BreadcrumbList\",\"@id\":\"https:\\\/\\\/elotroenfoque.mx\\\/index.php\\\/2026\\\/05\\\/08\\\/libia-dennise-pide-reconsiderar-fin-anticipado-de-clases-en-guanajuato\\\/#breadcrumb\",\"itemListElement\":[{\"@type\":\"ListItem\",\"position\":1,\"name\":\"Portada\",\"item\":\"https:\\\/\\\/elotroenfoque.mx\\\/\"},{\"@type\":\"ListItem\",\"position\":2,\"name\":\"Libia Dennise pide reconsiderar fin anticipado de clases en Guanajuato\"}]},{\"@type\":\"WebSite\",\"@id\":\"https:\\\/\\\/elotroenfoque.mx\\\/#website\",\"url\":\"https:\\\/\\\/elotroenfoque.mx\\\/\",\"name\":\"El otro enfoque\",\"description\":\"\",\"potentialAction\":[{\"@type\":\"SearchAction\",\"target\":{\"@type\":\"EntryPoint\",\"urlTemplate\":\"https:\\\/\\\/elotroenfoque.mx\\\/?s={search_term_string}\"},\"query-input\":{\"@type\":\"PropertyValueSpecification\",\"valueRequired\":true,\"valueName\":\"search_term_string\"}}],\"inLanguage\":\"es\"},{\"@type\":\"Person\",\"@id\":\"https:\\\/\\\/elotroenfoque.mx\\\/#\\\/schema\\\/person\\\/8eb322f84d0bd9f337e462905519a1ae\",\"name\":\"Equipo Redaccion\",\"image\":{\"@type\":\"ImageObject\",\"inLanguage\":\"es\",\"@id\":\"https:\\\/\\\/secure.gravatar.com\\\/avatar\\\/3579478e2b4e7aad364a32b26cf744b360ae0e581ee1cd0cb18a8f239ee49ac4?s=96&d=mm&r=g\",\"url\":\"https:\\\/\\\/secure.gravatar.com\\\/avatar\\\/3579478e2b4e7aad364a32b26cf744b360ae0e581ee1cd0cb18a8f239ee49ac4?s=96&d=mm&r=g\",\"contentUrl\":\"https:\\\/\\\/secure.gravatar.com\\\/avatar\\\/3579478e2b4e7aad364a32b26cf744b360ae0e581ee1cd0cb18a8f239ee49ac4?s=96&d=mm&r=g\",\"caption\":\"Equipo Redaccion\"},\"url\":\"https:\\\/\\\/elotroenfoque.mx\\\/index.php\\\/author\\\/redaccion\\\/\"}]}<\/script>\n<!-- \/ Yoast SEO plugin. -->","yoast_head_json":{"title":"Libia Dennise pide reconsiderar fin anticipado de clases en Guanajuato - El otro enfoque","robots":{"index":"index","follow":"follow","max-snippet":"max-snippet:-1","max-image-preview":"max-image-preview:large","max-video-preview":"max-video-preview:-1"},"canonical":"https:\/\/elotroenfoque.mx\/index.php\/2026\/05\/08\/libia-dennise-pide-reconsiderar-fin-anticipado-de-clases-en-guanajuato\/","og_locale":"es_MX","og_type":"article","og_title":"Libia Dennise pide reconsiderar fin anticipado de clases en Guanajuato - El otro enfoque","og_description":"La gobernadora de Guanajuato, Libia Dennise Garc\u00eda Mu\u00f1oz Ledo, solicit\u00f3 al Gobierno federal reconsiderar la propuesta de adelantar el cierre del ciclo escolar al pr\u00f3ximo 5 de junio, al considerar que la medida podr\u00eda afectar tanto el aprendizaje de estudiantes como la din\u00e1mica familiar de miles de padres trabajadores. A trav\u00e9s de un mensaje difundido...","og_url":"https:\/\/elotroenfoque.mx\/index.php\/2026\/05\/08\/libia-dennise-pide-reconsiderar-fin-anticipado-de-clases-en-guanajuato\/","og_site_name":"El otro enfoque","article_published_time":"2026-05-08T20:50:19+00:00","article_modified_time":"2026-05-08T21:16:11+00:00","og_image":[{"width":968,"height":464,"url":"https:\/\/elotroenfoque.mx\/wp-content\/uploads\/2026\/05\/libia-dennise-fin-de-ciclo-escolar.jpg","type":"image\/jpeg"}],"author":"Equipo Redaccion","twitter_card":"summary_large_image","twitter_misc":{"Escrito por":"Equipo Redaccion","Tiempo de lectura":"1 minuto"},"schema":{"@context":"https:\/\/schema.org","@graph":[{"@type":"Article","@id":"https:\/\/elotroenfoque.mx\/index.php\/2026\/05\/08\/libia-dennise-pide-reconsiderar-fin-anticipado-de-clases-en-guanajuato\/#article","isPartOf":{"@id":"https:\/\/elotroenfoque.mx\/index.php\/2026\/05\/08\/libia-dennise-pide-reconsiderar-fin-anticipado-de-clases-en-guanajuato\/"},"author":{"name":"Equipo Redaccion","@id":"https:\/\/elotroenfoque.mx\/#\/schema\/person\/8eb322f84d0bd9f337e462905519a1ae"},"headline":"Libia Dennise pide reconsiderar fin anticipado de clases en Guanajuato","datePublished":"2026-05-08T20:50:19+00:00","dateModified":"2026-05-08T21:16:11+00:00","mainEntityOfPage":{"@id":"https:\/\/elotroenfoque.mx\/index.php\/2026\/05\/08\/libia-dennise-pide-reconsiderar-fin-anticipado-de-clases-en-guanajuato\/"},"wordCount":351,"image":{"@id":"https:\/\/elotroenfoque.mx\/index.php\/2026\/05\/08\/libia-dennise-pide-reconsiderar-fin-anticipado-de-clases-en-guanajuato\/#primaryimage"},"thumbnailUrl":"https:\/\/elotroenfoque.mx\/wp-content\/uploads\/2026\/05\/libia-dennise-fin-de-ciclo-escolar.jpg","keywords":["Guanajuato","Noticias Guanajuato"],"articleSection":["Principales"],"inLanguage":"es"},{"@type":"WebPage","@id":"https:\/\/elotroenfoque.mx\/index.php\/2026\/05\/08\/libia-dennise-pide-reconsiderar-fin-anticipado-de-clases-en-guanajuato\/","url":"https:\/\/elotroenfoque.mx\/index.php\/2026\/05\/08\/libia-dennise-pide-reconsiderar-fin-anticipado-de-clases-en-guanajuato\/","name":"Libia Dennise pide reconsiderar fin anticipado de clases en Guanajuato - El otro enfoque","isPartOf":{"@id":"https:\/\/elotroenfoque.mx\/#website"},"primaryImageOfPage":{"@id":"https:\/\/elotroenfoque.mx\/index.php\/2026\/05\/08\/libia-dennise-pide-reconsiderar-fin-anticipado-de-clases-en-guanajuato\/#primaryimage"},"image":{"@id":"https:\/\/elotroenfoque.mx\/index.php\/2026\/05\/08\/libia-dennise-pide-reconsiderar-fin-anticipado-de-clases-en-guanajuato\/#primaryimage"},"thumbnailUrl":"https:\/\/elotroenfoque.mx\/wp-content\/uploads\/2026\/05\/libia-dennise-fin-de-ciclo-escolar.jpg","datePublished":"2026-05-08T20:50:19+00:00","dateModified":"2026-05-08T21:16:11+00:00","author":{"@id":"https:\/\/elotroenfoque.mx\/#\/schema\/person\/8eb322f84d0bd9f337e462905519a1ae"},"breadcrumb":{"@id":"https:\/\/elotroenfoque.mx\/index.php\/2026\/05\/08\/libia-dennise-pide-reconsiderar-fin-anticipado-de-clases-en-guanajuato\/#breadcrumb"},"inLanguage":"es","potentialAction":[{"@type":"ReadAction","target":["https:\/\/elotroenfoque.mx\/index.php\/2026\/05\/08\/libia-dennise-pide-reconsiderar-fin-anticipado-de-clases-en-guanajuato\/"]}]},{"@type":"ImageObject","inLanguage":"es","@id":"https:\/\/elotroenfoque.mx\/index.php\/2026\/05\/08\/libia-dennise-pide-reconsiderar-fin-anticipado-de-clases-en-guanajuato\/#primaryimage","url":"https:\/\/elotroenfoque.mx\/wp-content\/uploads\/2026\/05\/libia-dennise-fin-de-ciclo-escolar.jpg","contentUrl":"https:\/\/elotroenfoque.mx\/wp-content\/uploads\/2026\/05\/libia-dennise-fin-de-ciclo-escolar.jpg","width":968,"height":464},{"@type":"BreadcrumbList","@id":"https:\/\/elotroenfoque.mx\/index.php\/2026\/05\/08\/libia-dennise-pide-reconsiderar-fin-anticipado-de-clases-en-guanajuato\/#breadcrumb","itemListElement":[{"@type":"ListItem","position":1,"name":"Portada","item":"https:\/\/elotroenfoque.mx\/"},{"@type":"ListItem","position":2,"name":"Libia Dennise pide reconsiderar fin anticipado de clases en Guanajuato"}]},{"@type":"WebSite","@id":"https:\/\/elotroenfoque.mx\/#website","url":"https:\/\/elotroenfoque.mx\/","name":"El otro enfoque","description":"","potentialAction":[{"@type":"SearchAction","target":{"@type":"EntryPoint","urlTemplate":"https:\/\/elotroenfoque.mx\/?s={search_term_string}"},"query-input":{"@type":"PropertyValueSpecification","valueRequired":true,"valueName":"search_term_string"}}],"inLanguage":"es"},{"@type":"Person","@id":"https:\/\/elotroenfoque.mx\/#\/schema\/person\/8eb322f84d0bd9f337e462905519a1ae","name":"Equipo Redaccion","image":{"@type":"ImageObject","inLanguage":"es","@id":"https:\/\/secure.gravatar.com\/avatar\/3579478e2b4e7aad364a32b26cf744b360ae0e581ee1cd0cb18a8f239ee49ac4?s=96&d=mm&r=g","url":"https:\/\/secure.gravatar.com\/avatar\/3579478e2b4e7aad364a32b26cf744b360ae0e581ee1cd0cb18a8f239ee49ac4?s=96&d=mm&r=g","contentUrl":"https:\/\/secure.gravatar.com\/avatar\/3579478e2b4e7aad364a32b26cf744b360ae0e581ee1cd0cb18a8f239ee49ac4?s=96&d=mm&r=g","caption":"Equipo Redaccion"},"url":"https:\/\/elotroenfoque.mx\/index.php\/author\/redaccion\/"}]}},"_links":{"self":[{"href":"https:\/\/elotroenfoque.mx\/index.php\/wp-json\/wp\/v2\/posts\/184950","targetHints":{"allow":["GET"]}}],"collection":[{"href":"https:\/\/elotroenfoque.mx\/index.php\/wp-json\/wp\/v2\/posts"}],"about":[{"href":"https:\/\/elotroenfoque.mx\/index.php\/wp-json\/wp\/v2\/types\/post"}],"author":[{"embeddable":true,"href":"https:\/\/elotroenfoque.mx\/index.php\/wp-json\/wp\/v2\/users\/4"}],"replies":[{"embeddable":true,"href":"https:\/\/elotroenfoque.mx\/index.php\/wp-json\/wp\/v2\/comments?post=184950"}],"version-history":[{"count":1,"href":"https:\/\/elotroenfoque.mx\/index.php\/wp-json\/wp\/v2\/posts\/184950\/revisions"}],"predecessor-version":[{"id":184955,"href":"https:\/\/elotroenfoque.mx\/index.php\/wp-json\/wp\/v2\/posts\/184950\/revisions\/184955"}],"wp:featuredmedia":[{"embeddable":true,"href":"https:\/\/elotroenfoque.mx\/index.php\/wp-json\/wp\/v2\/media\/184954"}],"wp:attachment":[{"href":"https:\/\/elotroenfoque.mx\/index.php\/wp-json\/wp\/v2\/media?parent=184950"}],"wp:term":[{"taxonomy":"category","embeddable":true,"href":"https:\/\/elotroenfoque.mx\/index.php\/wp-json\/wp\/v2\/categories?post=184950"},{"taxonomy":"post_tag","embeddable":true,"href":"https:\/\/elotroenfoque.mx\/index.php\/wp-json\/wp\/v2\/tags?post=184950"}],"curies":[{"name":"wp","href":"https:\/\/api.w.org\/{rel}","templated":true}]}}