{"id":184956,"date":"2026-05-08T15:25:37","date_gmt":"2026-05-08T21:25:37","guid":{"rendered":"https:\/\/elotroenfoque.mx\/?p=184956"},"modified":"2026-05-08T15:25:37","modified_gmt":"2026-05-08T21:25:37","slug":"sep-confirma-fin-de-clases-el-5-de-junio-para-educacion-basica-en-mexico","status":"publish","type":"post","link":"https:\/\/elotroenfoque.mx\/index.php\/2026\/05\/08\/sep-confirma-fin-de-clases-el-5-de-junio-para-educacion-basica-en-mexico\/","title":{"rendered":"SEP confirma fin de clases el 5 de junio para educaci\u00f3n b\u00e1sica en M\u00e9xico"},"content":{"rendered":"\n<p class=\"wp-block-paragraph\">La Secretar\u00eda de Educaci\u00f3n P\u00fablica confirm\u00f3 que el pr\u00f3ximo 5 de junio concluir\u00e1n oficialmente las clases para estudiantes de preescolar, primaria y secundaria en todo M\u00e9xico, inform\u00f3 el titular de la SEP, Mario Delgado.<\/p>\n\n\n\n<p class=\"wp-block-paragraph\">Durante un evento realizado en una secundaria de Hermosillo, el funcionario explic\u00f3 que la decisi\u00f3n ya qued\u00f3 definida para millones de estudiantes, aunque todav\u00eda contin\u00faa el an\u00e1lisis sobre la fecha de regreso originalmente contemplada para el 17 de agosto.<\/p>\n\n\n\n<p class=\"wp-block-paragraph\">Mario Delgado se\u00f1al\u00f3 que el ajuste al calendario escolar responde principalmente a las altas temperaturas registradas en diversas regiones del pa\u00eds, especialmente en escuelas que no cuentan con infraestructura suficiente para soportar el calor extremo dentro de las aulas.<\/p>\n\n\n\n<p class=\"wp-block-paragraph\">Adem\u00e1s, indic\u00f3 que otro de los factores considerados por las autoridades educativas tiene relaci\u00f3n con aspectos log\u00edsticos vinculados a la organizaci\u00f3n de la Copa Mundial de Futbol 2026, evento internacional que implicar\u00e1 diversos movimientos operativos en distintas ciudades mexicanas.<\/p>\n\n\n\n<p class=\"wp-block-paragraph\"><strong><a href=\"https:\/\/elotroenfoque.mx\/index.php\/2026\/05\/08\/libia-dennise-pide-reconsiderar-fin-anticipado-de-clases-en-guanajuato\/\">\u00bfPor qu\u00e9 Libia Dennise pidi\u00f3 revisar el fin anticipado del ciclo escolar en Guanajuato?<\/a><\/strong><\/p>\n\n\n\n<p class=\"wp-block-paragraph\">El secretario aclar\u00f3 que aunque las actividades acad\u00e9micas para estudiantes finalizar\u00e1n el 5 de junio, maestras y maestros permanecer\u00e1n hasta el d\u00eda 12 para concluir procesos administrativos, evaluaciones y registros correspondientes al cierre del ciclo escolar.<\/p>\n\n\n\n<p class=\"wp-block-paragraph\">Tambi\u00e9n asegur\u00f3 que la SEP busca evitar afectaciones en el aprendizaje de los alumnos, por lo que cualquier modificaci\u00f3n adicional ser\u00e1 analizada junto con representantes sindicales y personal docente para garantizar el aprovechamiento escolar y la correcta planeaci\u00f3n del siguiente ciclo.<\/p>\n\n\n\n<p class=\"wp-block-paragraph\"><strong><a href=\"https:\/\/www.tiktok.com\/@elotroenfoque?_r=1&amp;_t=ZS-95fz6wNxSoT\">Sigue tambi\u00e9n las noticias en TikTok<\/a><\/strong><\/p>\n","protected":false},"excerpt":{"rendered":"<p>La Secretar\u00eda de Educaci\u00f3n P\u00fablica confirm\u00f3 que el pr\u00f3ximo 5 de junio concluir\u00e1n oficialmente las clases para estudiantes de preescolar, primaria y secundaria en todo M\u00e9xico, inform\u00f3 el titular de la SEP, Mario Delgado. Durante un evento realizado en una secundaria de Hermosillo, el funcionario explic\u00f3 que la decisi\u00f3n ya qued\u00f3 definida para millones de&#8230;<\/p>\n","protected":false},"author":4,"featured_media":184957,"comment_status":"closed","ping_status":"open","sticky":false,"template":"","format":"standard","meta":{"footnotes":""},"categories":[11],"tags":[13,4517],"class_list":["post-184956","post","type-post","status-publish","format-standard","has-post-thumbnail","hentry","category-otrasnoticias","tag-guanajuato","tag-noticias-guanajuato"],"yoast_head":"<!-- This site is optimized with the Yoast SEO plugin v28.2 - https:\/\/yoast.com\/product\/yoast-seo-wordpress\/ -->\n<title>SEP confirma fin de clases el 5 de junio para educaci\u00f3n b\u00e1sica en M\u00e9xico - El otro enfoque<\/title>\n<meta name=\"description\" content=\"Mario Delgado confirm\u00f3 que el ciclo escolar terminar\u00e1 el 5 de junio para alumnos de preescolar, primaria y secundaria en todo M\u00e9xico.\" \/>\n<meta name=\"robots\" content=\"index, follow, max-snippet:-1, max-image-preview:large, max-video-preview:-1\" \/>\n<link rel=\"canonical\" href=\"https:\/\/elotroenfoque.mx\/index.php\/2026\/05\/08\/sep-confirma-fin-de-clases-el-5-de-junio-para-educacion-basica-en-mexico\/\" \/>\n<meta property=\"og:locale\" content=\"es_MX\" \/>\n<meta property=\"og:type\" content=\"article\" \/>\n<meta property=\"og:title\" content=\"SEP confirma fin de clases el 5 de junio para educaci\u00f3n b\u00e1sica en M\u00e9xico - El otro enfoque\" \/>\n<meta property=\"og:description\" content=\"Mario Delgado confirm\u00f3 que el ciclo escolar terminar\u00e1 el 5 de junio para alumnos de preescolar, primaria y secundaria en todo M\u00e9xico.\" \/>\n<meta property=\"og:url\" content=\"https:\/\/elotroenfoque.mx\/index.php\/2026\/05\/08\/sep-confirma-fin-de-clases-el-5-de-junio-para-educacion-basica-en-mexico\/\" \/>\n<meta property=\"og:site_name\" content=\"El otro enfoque\" \/>\n<meta property=\"article:published_time\" content=\"2026-05-08T21:25:37+00:00\" \/>\n<meta property=\"og:image\" content=\"https:\/\/elotroenfoque.mx\/wp-content\/uploads\/2026\/05\/mario-delgado-carrillo.jpg\" \/>\n\t<meta property=\"og:image:width\" content=\"1110\" \/>\n\t<meta property=\"og:image:height\" content=\"541\" \/>\n\t<meta property=\"og:image:type\" content=\"image\/jpeg\" \/>\n<meta name=\"author\" content=\"Equipo Redaccion\" \/>\n<meta name=\"twitter:card\" content=\"summary_large_image\" \/>\n<meta name=\"twitter:label1\" content=\"Escrito por\" \/>\n\t<meta name=\"twitter:data1\" content=\"Equipo Redaccion\" \/>\n\t<meta name=\"twitter:label2\" content=\"Tiempo de lectura\" \/>\n\t<meta name=\"twitter:data2\" content=\"2 minutos\" \/>\n<script type=\"application\/ld+json\" class=\"yoast-schema-graph\">{\"@context\":\"https:\\\/\\\/schema.org\",\"@graph\":[{\"@type\":\"Article\",\"@id\":\"https:\\\/\\\/elotroenfoque.mx\\\/index.php\\\/2026\\\/05\\\/08\\\/sep-confirma-fin-de-clases-el-5-de-junio-para-educacion-basica-en-mexico\\\/#article\",\"isPartOf\":{\"@id\":\"https:\\\/\\\/elotroenfoque.mx\\\/index.php\\\/2026\\\/05\\\/08\\\/sep-confirma-fin-de-clases-el-5-de-junio-para-educacion-basica-en-mexico\\\/\"},\"author\":{\"name\":\"Equipo Redaccion\",\"@id\":\"https:\\\/\\\/elotroenfoque.mx\\\/#\\\/schema\\\/person\\\/8eb322f84d0bd9f337e462905519a1ae\"},\"headline\":\"SEP confirma fin de clases el 5 de junio para educaci\u00f3n b\u00e1sica en M\u00e9xico\",\"datePublished\":\"2026-05-08T21:25:37+00:00\",\"mainEntityOfPage\":{\"@id\":\"https:\\\/\\\/elotroenfoque.mx\\\/index.php\\\/2026\\\/05\\\/08\\\/sep-confirma-fin-de-clases-el-5-de-junio-para-educacion-basica-en-mexico\\\/\"},\"wordCount\":283,\"image\":{\"@id\":\"https:\\\/\\\/elotroenfoque.mx\\\/index.php\\\/2026\\\/05\\\/08\\\/sep-confirma-fin-de-clases-el-5-de-junio-para-educacion-basica-en-mexico\\\/#primaryimage\"},\"thumbnailUrl\":\"https:\\\/\\\/elotroenfoque.mx\\\/wp-content\\\/uploads\\\/2026\\\/05\\\/mario-delgado-carrillo.jpg\",\"keywords\":[\"Guanajuato\",\"Noticias Guanajuato\"],\"articleSection\":[\"Otras Noticias\"],\"inLanguage\":\"es\"},{\"@type\":\"WebPage\",\"@id\":\"https:\\\/\\\/elotroenfoque.mx\\\/index.php\\\/2026\\\/05\\\/08\\\/sep-confirma-fin-de-clases-el-5-de-junio-para-educacion-basica-en-mexico\\\/\",\"url\":\"https:\\\/\\\/elotroenfoque.mx\\\/index.php\\\/2026\\\/05\\\/08\\\/sep-confirma-fin-de-clases-el-5-de-junio-para-educacion-basica-en-mexico\\\/\",\"name\":\"SEP confirma fin de clases el 5 de junio para educaci\u00f3n b\u00e1sica en M\u00e9xico - El otro enfoque\",\"isPartOf\":{\"@id\":\"https:\\\/\\\/elotroenfoque.mx\\\/#website\"},\"primaryImageOfPage\":{\"@id\":\"https:\\\/\\\/elotroenfoque.mx\\\/index.php\\\/2026\\\/05\\\/08\\\/sep-confirma-fin-de-clases-el-5-de-junio-para-educacion-basica-en-mexico\\\/#primaryimage\"},\"image\":{\"@id\":\"https:\\\/\\\/elotroenfoque.mx\\\/index.php\\\/2026\\\/05\\\/08\\\/sep-confirma-fin-de-clases-el-5-de-junio-para-educacion-basica-en-mexico\\\/#primaryimage\"},\"thumbnailUrl\":\"https:\\\/\\\/elotroenfoque.mx\\\/wp-content\\\/uploads\\\/2026\\\/05\\\/mario-delgado-carrillo.jpg\",\"datePublished\":\"2026-05-08T21:25:37+00:00\",\"author\":{\"@id\":\"https:\\\/\\\/elotroenfoque.mx\\\/#\\\/schema\\\/person\\\/8eb322f84d0bd9f337e462905519a1ae\"},\"description\":\"Mario Delgado confirm\u00f3 que el ciclo escolar terminar\u00e1 el 5 de junio para alumnos de preescolar, primaria y secundaria en todo M\u00e9xico.\",\"breadcrumb\":{\"@id\":\"https:\\\/\\\/elotroenfoque.mx\\\/index.php\\\/2026\\\/05\\\/08\\\/sep-confirma-fin-de-clases-el-5-de-junio-para-educacion-basica-en-mexico\\\/#breadcrumb\"},\"inLanguage\":\"es\",\"potentialAction\":[{\"@type\":\"ReadAction\",\"target\":[\"https:\\\/\\\/elotroenfoque.mx\\\/index.php\\\/2026\\\/05\\\/08\\\/sep-confirma-fin-de-clases-el-5-de-junio-para-educacion-basica-en-mexico\\\/\"]}]},{\"@type\":\"ImageObject\",\"inLanguage\":\"es\",\"@id\":\"https:\\\/\\\/elotroenfoque.mx\\\/index.php\\\/2026\\\/05\\\/08\\\/sep-confirma-fin-de-clases-el-5-de-junio-para-educacion-basica-en-mexico\\\/#primaryimage\",\"url\":\"https:\\\/\\\/elotroenfoque.mx\\\/wp-content\\\/uploads\\\/2026\\\/05\\\/mario-delgado-carrillo.jpg\",\"contentUrl\":\"https:\\\/\\\/elotroenfoque.mx\\\/wp-content\\\/uploads\\\/2026\\\/05\\\/mario-delgado-carrillo.jpg\",\"width\":1110,\"height\":541},{\"@type\":\"BreadcrumbList\",\"@id\":\"https:\\\/\\\/elotroenfoque.mx\\\/index.php\\\/2026\\\/05\\\/08\\\/sep-confirma-fin-de-clases-el-5-de-junio-para-educacion-basica-en-mexico\\\/#breadcrumb\",\"itemListElement\":[{\"@type\":\"ListItem\",\"position\":1,\"name\":\"Portada\",\"item\":\"https:\\\/\\\/elotroenfoque.mx\\\/\"},{\"@type\":\"ListItem\",\"position\":2,\"name\":\"SEP confirma fin de clases el 5 de junio para educaci\u00f3n b\u00e1sica en M\u00e9xico\"}]},{\"@type\":\"WebSite\",\"@id\":\"https:\\\/\\\/elotroenfoque.mx\\\/#website\",\"url\":\"https:\\\/\\\/elotroenfoque.mx\\\/\",\"name\":\"El otro enfoque\",\"description\":\"\",\"potentialAction\":[{\"@type\":\"SearchAction\",\"target\":{\"@type\":\"EntryPoint\",\"urlTemplate\":\"https:\\\/\\\/elotroenfoque.mx\\\/?s={search_term_string}\"},\"query-input\":{\"@type\":\"PropertyValueSpecification\",\"valueRequired\":true,\"valueName\":\"search_term_string\"}}],\"inLanguage\":\"es\"},{\"@type\":\"Person\",\"@id\":\"https:\\\/\\\/elotroenfoque.mx\\\/#\\\/schema\\\/person\\\/8eb322f84d0bd9f337e462905519a1ae\",\"name\":\"Equipo Redaccion\",\"image\":{\"@type\":\"ImageObject\",\"inLanguage\":\"es\",\"@id\":\"https:\\\/\\\/secure.gravatar.com\\\/avatar\\\/3579478e2b4e7aad364a32b26cf744b360ae0e581ee1cd0cb18a8f239ee49ac4?s=96&d=mm&r=g\",\"url\":\"https:\\\/\\\/secure.gravatar.com\\\/avatar\\\/3579478e2b4e7aad364a32b26cf744b360ae0e581ee1cd0cb18a8f239ee49ac4?s=96&d=mm&r=g\",\"contentUrl\":\"https:\\\/\\\/secure.gravatar.com\\\/avatar\\\/3579478e2b4e7aad364a32b26cf744b360ae0e581ee1cd0cb18a8f239ee49ac4?s=96&d=mm&r=g\",\"caption\":\"Equipo Redaccion\"},\"url\":\"https:\\\/\\\/elotroenfoque.mx\\\/index.php\\\/author\\\/redaccion\\\/\"}]}<\/script>\n<!-- \/ Yoast SEO plugin. -->","yoast_head_json":{"title":"SEP confirma fin de clases el 5 de junio para educaci\u00f3n b\u00e1sica en M\u00e9xico - El otro enfoque","description":"Mario Delgado confirm\u00f3 que el ciclo escolar terminar\u00e1 el 5 de junio para alumnos de preescolar, primaria y secundaria en todo M\u00e9xico.","robots":{"index":"index","follow":"follow","max-snippet":"max-snippet:-1","max-image-preview":"max-image-preview:large","max-video-preview":"max-video-preview:-1"},"canonical":"https:\/\/elotroenfoque.mx\/index.php\/2026\/05\/08\/sep-confirma-fin-de-clases-el-5-de-junio-para-educacion-basica-en-mexico\/","og_locale":"es_MX","og_type":"article","og_title":"SEP confirma fin de clases el 5 de junio para educaci\u00f3n b\u00e1sica en M\u00e9xico - El otro enfoque","og_description":"Mario Delgado confirm\u00f3 que el ciclo escolar terminar\u00e1 el 5 de junio para alumnos de preescolar, primaria y secundaria en todo M\u00e9xico.","og_url":"https:\/\/elotroenfoque.mx\/index.php\/2026\/05\/08\/sep-confirma-fin-de-clases-el-5-de-junio-para-educacion-basica-en-mexico\/","og_site_name":"El otro enfoque","article_published_time":"2026-05-08T21:25:37+00:00","og_image":[{"width":1110,"height":541,"url":"https:\/\/elotroenfoque.mx\/wp-content\/uploads\/2026\/05\/mario-delgado-carrillo.jpg","type":"image\/jpeg"}],"author":"Equipo Redaccion","twitter_card":"summary_large_image","twitter_misc":{"Escrito por":"Equipo Redaccion","Tiempo de lectura":"2 minutos"},"schema":{"@context":"https:\/\/schema.org","@graph":[{"@type":"Article","@id":"https:\/\/elotroenfoque.mx\/index.php\/2026\/05\/08\/sep-confirma-fin-de-clases-el-5-de-junio-para-educacion-basica-en-mexico\/#article","isPartOf":{"@id":"https:\/\/elotroenfoque.mx\/index.php\/2026\/05\/08\/sep-confirma-fin-de-clases-el-5-de-junio-para-educacion-basica-en-mexico\/"},"author":{"name":"Equipo Redaccion","@id":"https:\/\/elotroenfoque.mx\/#\/schema\/person\/8eb322f84d0bd9f337e462905519a1ae"},"headline":"SEP confirma fin de clases el 5 de junio para educaci\u00f3n b\u00e1sica en M\u00e9xico","datePublished":"2026-05-08T21:25:37+00:00","mainEntityOfPage":{"@id":"https:\/\/elotroenfoque.mx\/index.php\/2026\/05\/08\/sep-confirma-fin-de-clases-el-5-de-junio-para-educacion-basica-en-mexico\/"},"wordCount":283,"image":{"@id":"https:\/\/elotroenfoque.mx\/index.php\/2026\/05\/08\/sep-confirma-fin-de-clases-el-5-de-junio-para-educacion-basica-en-mexico\/#primaryimage"},"thumbnailUrl":"https:\/\/elotroenfoque.mx\/wp-content\/uploads\/2026\/05\/mario-delgado-carrillo.jpg","keywords":["Guanajuato","Noticias Guanajuato"],"articleSection":["Otras Noticias"],"inLanguage":"es"},{"@type":"WebPage","@id":"https:\/\/elotroenfoque.mx\/index.php\/2026\/05\/08\/sep-confirma-fin-de-clases-el-5-de-junio-para-educacion-basica-en-mexico\/","url":"https:\/\/elotroenfoque.mx\/index.php\/2026\/05\/08\/sep-confirma-fin-de-clases-el-5-de-junio-para-educacion-basica-en-mexico\/","name":"SEP confirma fin de clases el 5 de junio para educaci\u00f3n b\u00e1sica en M\u00e9xico - El otro enfoque","isPartOf":{"@id":"https:\/\/elotroenfoque.mx\/#website"},"primaryImageOfPage":{"@id":"https:\/\/elotroenfoque.mx\/index.php\/2026\/05\/08\/sep-confirma-fin-de-clases-el-5-de-junio-para-educacion-basica-en-mexico\/#primaryimage"},"image":{"@id":"https:\/\/elotroenfoque.mx\/index.php\/2026\/05\/08\/sep-confirma-fin-de-clases-el-5-de-junio-para-educacion-basica-en-mexico\/#primaryimage"},"thumbnailUrl":"https:\/\/elotroenfoque.mx\/wp-content\/uploads\/2026\/05\/mario-delgado-carrillo.jpg","datePublished":"2026-05-08T21:25:37+00:00","author":{"@id":"https:\/\/elotroenfoque.mx\/#\/schema\/person\/8eb322f84d0bd9f337e462905519a1ae"},"description":"Mario Delgado confirm\u00f3 que el ciclo escolar terminar\u00e1 el 5 de junio para alumnos de preescolar, primaria y secundaria en todo M\u00e9xico.","breadcrumb":{"@id":"https:\/\/elotroenfoque.mx\/index.php\/2026\/05\/08\/sep-confirma-fin-de-clases-el-5-de-junio-para-educacion-basica-en-mexico\/#breadcrumb"},"inLanguage":"es","potentialAction":[{"@type":"ReadAction","target":["https:\/\/elotroenfoque.mx\/index.php\/2026\/05\/08\/sep-confirma-fin-de-clases-el-5-de-junio-para-educacion-basica-en-mexico\/"]}]},{"@type":"ImageObject","inLanguage":"es","@id":"https:\/\/elotroenfoque.mx\/index.php\/2026\/05\/08\/sep-confirma-fin-de-clases-el-5-de-junio-para-educacion-basica-en-mexico\/#primaryimage","url":"https:\/\/elotroenfoque.mx\/wp-content\/uploads\/2026\/05\/mario-delgado-carrillo.jpg","contentUrl":"https:\/\/elotroenfoque.mx\/wp-content\/uploads\/2026\/05\/mario-delgado-carrillo.jpg","width":1110,"height":541},{"@type":"BreadcrumbList","@id":"https:\/\/elotroenfoque.mx\/index.php\/2026\/05\/08\/sep-confirma-fin-de-clases-el-5-de-junio-para-educacion-basica-en-mexico\/#breadcrumb","itemListElement":[{"@type":"ListItem","position":1,"name":"Portada","item":"https:\/\/elotroenfoque.mx\/"},{"@type":"ListItem","position":2,"name":"SEP confirma fin de clases el 5 de junio para educaci\u00f3n b\u00e1sica en M\u00e9xico"}]},{"@type":"WebSite","@id":"https:\/\/elotroenfoque.mx\/#website","url":"https:\/\/elotroenfoque.mx\/","name":"El otro enfoque","description":"","potentialAction":[{"@type":"SearchAction","target":{"@type":"EntryPoint","urlTemplate":"https:\/\/elotroenfoque.mx\/?s={search_term_string}"},"query-input":{"@type":"PropertyValueSpecification","valueRequired":true,"valueName":"search_term_string"}}],"inLanguage":"es"},{"@type":"Person","@id":"https:\/\/elotroenfoque.mx\/#\/schema\/person\/8eb322f84d0bd9f337e462905519a1ae","name":"Equipo Redaccion","image":{"@type":"ImageObject","inLanguage":"es","@id":"https:\/\/secure.gravatar.com\/avatar\/3579478e2b4e7aad364a32b26cf744b360ae0e581ee1cd0cb18a8f239ee49ac4?s=96&d=mm&r=g","url":"https:\/\/secure.gravatar.com\/avatar\/3579478e2b4e7aad364a32b26cf744b360ae0e581ee1cd0cb18a8f239ee49ac4?s=96&d=mm&r=g","contentUrl":"https:\/\/secure.gravatar.com\/avatar\/3579478e2b4e7aad364a32b26cf744b360ae0e581ee1cd0cb18a8f239ee49ac4?s=96&d=mm&r=g","caption":"Equipo Redaccion"},"url":"https:\/\/elotroenfoque.mx\/index.php\/author\/redaccion\/"}]}},"_links":{"self":[{"href":"https:\/\/elotroenfoque.mx\/index.php\/wp-json\/wp\/v2\/posts\/184956","targetHints":{"allow":["GET"]}}],"collection":[{"href":"https:\/\/elotroenfoque.mx\/index.php\/wp-json\/wp\/v2\/posts"}],"about":[{"href":"https:\/\/elotroenfoque.mx\/index.php\/wp-json\/wp\/v2\/types\/post"}],"author":[{"embeddable":true,"href":"https:\/\/elotroenfoque.mx\/index.php\/wp-json\/wp\/v2\/users\/4"}],"replies":[{"embeddable":true,"href":"https:\/\/elotroenfoque.mx\/index.php\/wp-json\/wp\/v2\/comments?post=184956"}],"version-history":[{"count":1,"href":"https:\/\/elotroenfoque.mx\/index.php\/wp-json\/wp\/v2\/posts\/184956\/revisions"}],"predecessor-version":[{"id":184958,"href":"https:\/\/elotroenfoque.mx\/index.php\/wp-json\/wp\/v2\/posts\/184956\/revisions\/184958"}],"wp:featuredmedia":[{"embeddable":true,"href":"https:\/\/elotroenfoque.mx\/index.php\/wp-json\/wp\/v2\/media\/184957"}],"wp:attachment":[{"href":"https:\/\/elotroenfoque.mx\/index.php\/wp-json\/wp\/v2\/media?parent=184956"}],"wp:term":[{"taxonomy":"category","embeddable":true,"href":"https:\/\/elotroenfoque.mx\/index.php\/wp-json\/wp\/v2\/categories?post=184956"},{"taxonomy":"post_tag","embeddable":true,"href":"https:\/\/elotroenfoque.mx\/index.php\/wp-json\/wp\/v2\/tags?post=184956"}],"curies":[{"name":"wp","href":"https:\/\/api.w.org\/{rel}","templated":true}]}}