{"id":184960,"date":"2026-05-08T17:30:18","date_gmt":"2026-05-08T23:30:18","guid":{"rendered":"https:\/\/elotroenfoque.mx\/?p=184960"},"modified":"2026-05-08T17:30:19","modified_gmt":"2026-05-08T23:30:19","slug":"hades-aguilar-niega-cirugia-estetica-con-dinero-del-congreso-de-guanajuato","status":"publish","type":"post","link":"https:\/\/elotroenfoque.mx\/index.php\/2026\/05\/08\/hades-aguilar-niega-cirugia-estetica-con-dinero-del-congreso-de-guanajuato\/","title":{"rendered":"Hades Aguilar niega cirug\u00eda est\u00e9tica con dinero del Congreso de Guanajuato"},"content":{"rendered":"\n<p class=\"wp-block-paragraph\">La diputada de Morena en Guanajuato, Hades Aguilar Castillo, neg\u00f3 haber utilizado recursos p\u00fablicos para realizarse una cirug\u00eda est\u00e9tica, luego de que en redes sociales circularan publicaciones donde se le acus\u00f3 de gastar m\u00e1s de 26 mil pesos del Congreso estatal en una intervenci\u00f3n pl\u00e1stica.<\/p>\n\n\n\n<p class=\"wp-block-paragraph\">La legisladora asegur\u00f3 que la informaci\u00f3n difundida en X es falsa y explic\u00f3 que el gasto corresponde a atenci\u00f3n m\u00e9dica recibida en un hospital de Guadalajara tras sufrir un desmayo derivado de un cuadro de anemia cr\u00f3nica severa.<\/p>\n\n\n\n<p class=\"wp-block-paragraph\">Aguilar Castillo record\u00f3 que la pol\u00e9mica no es reciente y se\u00f1al\u00f3 que el tema surgi\u00f3 desde febrero de 2025, cuando un medio local public\u00f3 informaci\u00f3n sobre gastos realizados por varios diputados, incluyendo una factura emitida por el Hospital La Joya con el concepto parcialmente oculto.<\/p>\n\n\n\n<p class=\"wp-block-paragraph\">La morenista explic\u00f3 que durante su estancia en Guadalajara fue trasladada al hospital, donde le realizaron estudios cl\u00ednicos, transfusiones de sangre y procedimientos m\u00e9dicos relacionados con su estado de salud, descartando cualquier procedimiento est\u00e9tico.<\/p>\n\n\n\n<p class=\"wp-block-paragraph\">De acuerdo con la factura difundida, el Poder Legislativo cubri\u00f3 gastos por estudios de laboratorio, banco de sangre e imagenolog\u00eda, por un monto total superior a los 26 mil pesos con IVA incluido. La diputada insisti\u00f3 en que los conceptos m\u00e9dicos demuestran que no se trat\u00f3 de una cirug\u00eda pl\u00e1stica.<\/p>\n\n\n\n<p class=\"wp-block-paragraph\"><strong><a href=\"https:\/\/elotroenfoque.mx\/index.php\/2026\/05\/08\/sep-confirma-fin-de-clases-el-5-de-junio-para-educacion-basica-en-mexico\/\">\u00bfCu\u00e1ndo terminar\u00e1n oficialmente las clases de educaci\u00f3n b\u00e1sica en M\u00e9xico?<\/a><\/strong><\/p>\n\n\n\n<p class=\"wp-block-paragraph\">Tambi\u00e9n cuestion\u00f3 las versiones difundidas en redes sociales al afirmar que \u201cninguna cirug\u00eda est\u00e9tica cuesta 22 mil pesos\u201d, en referencia al monto antes de impuestos registrado en el documento.<\/p>\n\n\n\n<p class=\"wp-block-paragraph\">Finalmente, Hades Aguilar sostuvo que las acusaciones forman parte de ataques pol\u00edticos en su contra debido a las denuncias de corrupci\u00f3n que, asegur\u00f3, ha impulsado desde el Congreso local contra administraciones estatales.<\/p>\n\n\n\n<p class=\"wp-block-paragraph\"><strong><a href=\"https:\/\/www.tiktok.com\/@elotroenfoque?_r=1&amp;_t=ZS-95fz6wNxSoT\">Sigue tambi\u00e9n las noticias en TikTok<\/a><\/strong><\/p>\n","protected":false},"excerpt":{"rendered":"<p>La diputada de Morena en Guanajuato, Hades Aguilar Castillo, neg\u00f3 haber utilizado recursos p\u00fablicos para realizarse una cirug\u00eda est\u00e9tica, luego de que en redes sociales circularan publicaciones donde se le acus\u00f3 de gastar m\u00e1s de 26 mil pesos del Congreso estatal en una intervenci\u00f3n pl\u00e1stica. La legisladora asegur\u00f3 que la informaci\u00f3n difundida en X es&#8230;<\/p>\n","protected":false},"author":4,"featured_media":171717,"comment_status":"closed","ping_status":"open","sticky":false,"template":"","format":"standard","meta":{"footnotes":""},"categories":[2],"tags":[13,4517],"class_list":["post-184960","post","type-post","status-publish","format-standard","has-post-thumbnail","hentry","category-noticias","tag-guanajuato","tag-noticias-guanajuato"],"yoast_head":"<!-- This site is optimized with the Yoast SEO plugin v28.2 - https:\/\/yoast.com\/product\/yoast-seo-wordpress\/ -->\n<title>Hades Aguilar niega cirug\u00eda est\u00e9tica con dinero del Congreso de Guanajuato - El otro enfoque<\/title>\n<meta name=\"description\" content=\"La diputada Hades Aguilar rechaz\u00f3 haber usado recursos p\u00fablicos para una cirug\u00eda est\u00e9tica y asegur\u00f3 que el gasto fue por atenci\u00f3n m\u00e9dica derivada de anemia severa.\" \/>\n<meta name=\"robots\" content=\"index, follow, max-snippet:-1, max-image-preview:large, max-video-preview:-1\" \/>\n<link rel=\"canonical\" href=\"https:\/\/elotroenfoque.mx\/index.php\/2026\/05\/08\/hades-aguilar-niega-cirugia-estetica-con-dinero-del-congreso-de-guanajuato\/\" \/>\n<meta property=\"og:locale\" content=\"es_MX\" \/>\n<meta property=\"og:type\" content=\"article\" \/>\n<meta property=\"og:title\" content=\"Hades Aguilar niega cirug\u00eda est\u00e9tica con dinero del Congreso de Guanajuato - El otro enfoque\" \/>\n<meta property=\"og:description\" content=\"La diputada Hades Aguilar rechaz\u00f3 haber usado recursos p\u00fablicos para una cirug\u00eda est\u00e9tica y asegur\u00f3 que el gasto fue por atenci\u00f3n m\u00e9dica derivada de anemia severa.\" \/>\n<meta property=\"og:url\" content=\"https:\/\/elotroenfoque.mx\/index.php\/2026\/05\/08\/hades-aguilar-niega-cirugia-estetica-con-dinero-del-congreso-de-guanajuato\/\" \/>\n<meta property=\"og:site_name\" content=\"El otro enfoque\" \/>\n<meta property=\"article:published_time\" content=\"2026-05-08T23:30:18+00:00\" \/>\n<meta property=\"article:modified_time\" content=\"2026-05-08T23:30:19+00:00\" \/>\n<meta property=\"og:image\" content=\"https:\/\/elotroenfoque.mx\/wp-content\/uploads\/2025\/11\/Hades-Aguilar.jpeg\" \/>\n\t<meta property=\"og:image:width\" content=\"1280\" \/>\n\t<meta property=\"og:image:height\" content=\"853\" \/>\n\t<meta property=\"og:image:type\" content=\"image\/jpeg\" \/>\n<meta name=\"author\" content=\"Equipo Redaccion\" \/>\n<meta name=\"twitter:card\" content=\"summary_large_image\" \/>\n<meta name=\"twitter:label1\" content=\"Escrito por\" \/>\n\t<meta name=\"twitter:data1\" content=\"Equipo Redaccion\" \/>\n\t<meta name=\"twitter:label2\" content=\"Tiempo de lectura\" \/>\n\t<meta name=\"twitter:data2\" content=\"2 minutos\" \/>\n<script type=\"application\/ld+json\" class=\"yoast-schema-graph\">{\"@context\":\"https:\\\/\\\/schema.org\",\"@graph\":[{\"@type\":\"Article\",\"@id\":\"https:\\\/\\\/elotroenfoque.mx\\\/index.php\\\/2026\\\/05\\\/08\\\/hades-aguilar-niega-cirugia-estetica-con-dinero-del-congreso-de-guanajuato\\\/#article\",\"isPartOf\":{\"@id\":\"https:\\\/\\\/elotroenfoque.mx\\\/index.php\\\/2026\\\/05\\\/08\\\/hades-aguilar-niega-cirugia-estetica-con-dinero-del-congreso-de-guanajuato\\\/\"},\"author\":{\"name\":\"Equipo Redaccion\",\"@id\":\"https:\\\/\\\/elotroenfoque.mx\\\/#\\\/schema\\\/person\\\/8eb322f84d0bd9f337e462905519a1ae\"},\"headline\":\"Hades Aguilar niega cirug\u00eda est\u00e9tica con dinero del Congreso de Guanajuato\",\"datePublished\":\"2026-05-08T23:30:18+00:00\",\"dateModified\":\"2026-05-08T23:30:19+00:00\",\"mainEntityOfPage\":{\"@id\":\"https:\\\/\\\/elotroenfoque.mx\\\/index.php\\\/2026\\\/05\\\/08\\\/hades-aguilar-niega-cirugia-estetica-con-dinero-del-congreso-de-guanajuato\\\/\"},\"wordCount\":329,\"image\":{\"@id\":\"https:\\\/\\\/elotroenfoque.mx\\\/index.php\\\/2026\\\/05\\\/08\\\/hades-aguilar-niega-cirugia-estetica-con-dinero-del-congreso-de-guanajuato\\\/#primaryimage\"},\"thumbnailUrl\":\"https:\\\/\\\/elotroenfoque.mx\\\/wp-content\\\/uploads\\\/2025\\\/11\\\/Hades-Aguilar.jpeg\",\"keywords\":[\"Guanajuato\",\"Noticias Guanajuato\"],\"articleSection\":[\"Noticias\"],\"inLanguage\":\"es\"},{\"@type\":\"WebPage\",\"@id\":\"https:\\\/\\\/elotroenfoque.mx\\\/index.php\\\/2026\\\/05\\\/08\\\/hades-aguilar-niega-cirugia-estetica-con-dinero-del-congreso-de-guanajuato\\\/\",\"url\":\"https:\\\/\\\/elotroenfoque.mx\\\/index.php\\\/2026\\\/05\\\/08\\\/hades-aguilar-niega-cirugia-estetica-con-dinero-del-congreso-de-guanajuato\\\/\",\"name\":\"Hades Aguilar niega cirug\u00eda est\u00e9tica con dinero del Congreso de Guanajuato - El otro enfoque\",\"isPartOf\":{\"@id\":\"https:\\\/\\\/elotroenfoque.mx\\\/#website\"},\"primaryImageOfPage\":{\"@id\":\"https:\\\/\\\/elotroenfoque.mx\\\/index.php\\\/2026\\\/05\\\/08\\\/hades-aguilar-niega-cirugia-estetica-con-dinero-del-congreso-de-guanajuato\\\/#primaryimage\"},\"image\":{\"@id\":\"https:\\\/\\\/elotroenfoque.mx\\\/index.php\\\/2026\\\/05\\\/08\\\/hades-aguilar-niega-cirugia-estetica-con-dinero-del-congreso-de-guanajuato\\\/#primaryimage\"},\"thumbnailUrl\":\"https:\\\/\\\/elotroenfoque.mx\\\/wp-content\\\/uploads\\\/2025\\\/11\\\/Hades-Aguilar.jpeg\",\"datePublished\":\"2026-05-08T23:30:18+00:00\",\"dateModified\":\"2026-05-08T23:30:19+00:00\",\"author\":{\"@id\":\"https:\\\/\\\/elotroenfoque.mx\\\/#\\\/schema\\\/person\\\/8eb322f84d0bd9f337e462905519a1ae\"},\"description\":\"La diputada Hades Aguilar rechaz\u00f3 haber usado recursos p\u00fablicos para una cirug\u00eda est\u00e9tica y asegur\u00f3 que el gasto fue por atenci\u00f3n m\u00e9dica derivada de anemia severa.\",\"breadcrumb\":{\"@id\":\"https:\\\/\\\/elotroenfoque.mx\\\/index.php\\\/2026\\\/05\\\/08\\\/hades-aguilar-niega-cirugia-estetica-con-dinero-del-congreso-de-guanajuato\\\/#breadcrumb\"},\"inLanguage\":\"es\",\"potentialAction\":[{\"@type\":\"ReadAction\",\"target\":[\"https:\\\/\\\/elotroenfoque.mx\\\/index.php\\\/2026\\\/05\\\/08\\\/hades-aguilar-niega-cirugia-estetica-con-dinero-del-congreso-de-guanajuato\\\/\"]}]},{\"@type\":\"ImageObject\",\"inLanguage\":\"es\",\"@id\":\"https:\\\/\\\/elotroenfoque.mx\\\/index.php\\\/2026\\\/05\\\/08\\\/hades-aguilar-niega-cirugia-estetica-con-dinero-del-congreso-de-guanajuato\\\/#primaryimage\",\"url\":\"https:\\\/\\\/elotroenfoque.mx\\\/wp-content\\\/uploads\\\/2025\\\/11\\\/Hades-Aguilar.jpeg\",\"contentUrl\":\"https:\\\/\\\/elotroenfoque.mx\\\/wp-content\\\/uploads\\\/2025\\\/11\\\/Hades-Aguilar.jpeg\",\"width\":1280,\"height\":853},{\"@type\":\"BreadcrumbList\",\"@id\":\"https:\\\/\\\/elotroenfoque.mx\\\/index.php\\\/2026\\\/05\\\/08\\\/hades-aguilar-niega-cirugia-estetica-con-dinero-del-congreso-de-guanajuato\\\/#breadcrumb\",\"itemListElement\":[{\"@type\":\"ListItem\",\"position\":1,\"name\":\"Portada\",\"item\":\"https:\\\/\\\/elotroenfoque.mx\\\/\"},{\"@type\":\"ListItem\",\"position\":2,\"name\":\"Hades Aguilar niega cirug\u00eda est\u00e9tica con dinero del Congreso de Guanajuato\"}]},{\"@type\":\"WebSite\",\"@id\":\"https:\\\/\\\/elotroenfoque.mx\\\/#website\",\"url\":\"https:\\\/\\\/elotroenfoque.mx\\\/\",\"name\":\"El otro enfoque\",\"description\":\"\",\"potentialAction\":[{\"@type\":\"SearchAction\",\"target\":{\"@type\":\"EntryPoint\",\"urlTemplate\":\"https:\\\/\\\/elotroenfoque.mx\\\/?s={search_term_string}\"},\"query-input\":{\"@type\":\"PropertyValueSpecification\",\"valueRequired\":true,\"valueName\":\"search_term_string\"}}],\"inLanguage\":\"es\"},{\"@type\":\"Person\",\"@id\":\"https:\\\/\\\/elotroenfoque.mx\\\/#\\\/schema\\\/person\\\/8eb322f84d0bd9f337e462905519a1ae\",\"name\":\"Equipo Redaccion\",\"image\":{\"@type\":\"ImageObject\",\"inLanguage\":\"es\",\"@id\":\"https:\\\/\\\/secure.gravatar.com\\\/avatar\\\/3579478e2b4e7aad364a32b26cf744b360ae0e581ee1cd0cb18a8f239ee49ac4?s=96&d=mm&r=g\",\"url\":\"https:\\\/\\\/secure.gravatar.com\\\/avatar\\\/3579478e2b4e7aad364a32b26cf744b360ae0e581ee1cd0cb18a8f239ee49ac4?s=96&d=mm&r=g\",\"contentUrl\":\"https:\\\/\\\/secure.gravatar.com\\\/avatar\\\/3579478e2b4e7aad364a32b26cf744b360ae0e581ee1cd0cb18a8f239ee49ac4?s=96&d=mm&r=g\",\"caption\":\"Equipo Redaccion\"},\"url\":\"https:\\\/\\\/elotroenfoque.mx\\\/index.php\\\/author\\\/redaccion\\\/\"}]}<\/script>\n<!-- \/ Yoast SEO plugin. -->","yoast_head_json":{"title":"Hades Aguilar niega cirug\u00eda est\u00e9tica con dinero del Congreso de Guanajuato - El otro enfoque","description":"La diputada Hades Aguilar rechaz\u00f3 haber usado recursos p\u00fablicos para una cirug\u00eda est\u00e9tica y asegur\u00f3 que el gasto fue por atenci\u00f3n m\u00e9dica derivada de anemia severa.","robots":{"index":"index","follow":"follow","max-snippet":"max-snippet:-1","max-image-preview":"max-image-preview:large","max-video-preview":"max-video-preview:-1"},"canonical":"https:\/\/elotroenfoque.mx\/index.php\/2026\/05\/08\/hades-aguilar-niega-cirugia-estetica-con-dinero-del-congreso-de-guanajuato\/","og_locale":"es_MX","og_type":"article","og_title":"Hades Aguilar niega cirug\u00eda est\u00e9tica con dinero del Congreso de Guanajuato - El otro enfoque","og_description":"La diputada Hades Aguilar rechaz\u00f3 haber usado recursos p\u00fablicos para una cirug\u00eda est\u00e9tica y asegur\u00f3 que el gasto fue por atenci\u00f3n m\u00e9dica derivada de anemia severa.","og_url":"https:\/\/elotroenfoque.mx\/index.php\/2026\/05\/08\/hades-aguilar-niega-cirugia-estetica-con-dinero-del-congreso-de-guanajuato\/","og_site_name":"El otro enfoque","article_published_time":"2026-05-08T23:30:18+00:00","article_modified_time":"2026-05-08T23:30:19+00:00","og_image":[{"width":1280,"height":853,"url":"https:\/\/elotroenfoque.mx\/wp-content\/uploads\/2025\/11\/Hades-Aguilar.jpeg","type":"image\/jpeg"}],"author":"Equipo Redaccion","twitter_card":"summary_large_image","twitter_misc":{"Escrito por":"Equipo Redaccion","Tiempo de lectura":"2 minutos"},"schema":{"@context":"https:\/\/schema.org","@graph":[{"@type":"Article","@id":"https:\/\/elotroenfoque.mx\/index.php\/2026\/05\/08\/hades-aguilar-niega-cirugia-estetica-con-dinero-del-congreso-de-guanajuato\/#article","isPartOf":{"@id":"https:\/\/elotroenfoque.mx\/index.php\/2026\/05\/08\/hades-aguilar-niega-cirugia-estetica-con-dinero-del-congreso-de-guanajuato\/"},"author":{"name":"Equipo Redaccion","@id":"https:\/\/elotroenfoque.mx\/#\/schema\/person\/8eb322f84d0bd9f337e462905519a1ae"},"headline":"Hades Aguilar niega cirug\u00eda est\u00e9tica con dinero del Congreso de Guanajuato","datePublished":"2026-05-08T23:30:18+00:00","dateModified":"2026-05-08T23:30:19+00:00","mainEntityOfPage":{"@id":"https:\/\/elotroenfoque.mx\/index.php\/2026\/05\/08\/hades-aguilar-niega-cirugia-estetica-con-dinero-del-congreso-de-guanajuato\/"},"wordCount":329,"image":{"@id":"https:\/\/elotroenfoque.mx\/index.php\/2026\/05\/08\/hades-aguilar-niega-cirugia-estetica-con-dinero-del-congreso-de-guanajuato\/#primaryimage"},"thumbnailUrl":"https:\/\/elotroenfoque.mx\/wp-content\/uploads\/2025\/11\/Hades-Aguilar.jpeg","keywords":["Guanajuato","Noticias Guanajuato"],"articleSection":["Noticias"],"inLanguage":"es"},{"@type":"WebPage","@id":"https:\/\/elotroenfoque.mx\/index.php\/2026\/05\/08\/hades-aguilar-niega-cirugia-estetica-con-dinero-del-congreso-de-guanajuato\/","url":"https:\/\/elotroenfoque.mx\/index.php\/2026\/05\/08\/hades-aguilar-niega-cirugia-estetica-con-dinero-del-congreso-de-guanajuato\/","name":"Hades Aguilar niega cirug\u00eda est\u00e9tica con dinero del Congreso de Guanajuato - El otro enfoque","isPartOf":{"@id":"https:\/\/elotroenfoque.mx\/#website"},"primaryImageOfPage":{"@id":"https:\/\/elotroenfoque.mx\/index.php\/2026\/05\/08\/hades-aguilar-niega-cirugia-estetica-con-dinero-del-congreso-de-guanajuato\/#primaryimage"},"image":{"@id":"https:\/\/elotroenfoque.mx\/index.php\/2026\/05\/08\/hades-aguilar-niega-cirugia-estetica-con-dinero-del-congreso-de-guanajuato\/#primaryimage"},"thumbnailUrl":"https:\/\/elotroenfoque.mx\/wp-content\/uploads\/2025\/11\/Hades-Aguilar.jpeg","datePublished":"2026-05-08T23:30:18+00:00","dateModified":"2026-05-08T23:30:19+00:00","author":{"@id":"https:\/\/elotroenfoque.mx\/#\/schema\/person\/8eb322f84d0bd9f337e462905519a1ae"},"description":"La diputada Hades Aguilar rechaz\u00f3 haber usado recursos p\u00fablicos para una cirug\u00eda est\u00e9tica y asegur\u00f3 que el gasto fue por atenci\u00f3n m\u00e9dica derivada de anemia severa.","breadcrumb":{"@id":"https:\/\/elotroenfoque.mx\/index.php\/2026\/05\/08\/hades-aguilar-niega-cirugia-estetica-con-dinero-del-congreso-de-guanajuato\/#breadcrumb"},"inLanguage":"es","potentialAction":[{"@type":"ReadAction","target":["https:\/\/elotroenfoque.mx\/index.php\/2026\/05\/08\/hades-aguilar-niega-cirugia-estetica-con-dinero-del-congreso-de-guanajuato\/"]}]},{"@type":"ImageObject","inLanguage":"es","@id":"https:\/\/elotroenfoque.mx\/index.php\/2026\/05\/08\/hades-aguilar-niega-cirugia-estetica-con-dinero-del-congreso-de-guanajuato\/#primaryimage","url":"https:\/\/elotroenfoque.mx\/wp-content\/uploads\/2025\/11\/Hades-Aguilar.jpeg","contentUrl":"https:\/\/elotroenfoque.mx\/wp-content\/uploads\/2025\/11\/Hades-Aguilar.jpeg","width":1280,"height":853},{"@type":"BreadcrumbList","@id":"https:\/\/elotroenfoque.mx\/index.php\/2026\/05\/08\/hades-aguilar-niega-cirugia-estetica-con-dinero-del-congreso-de-guanajuato\/#breadcrumb","itemListElement":[{"@type":"ListItem","position":1,"name":"Portada","item":"https:\/\/elotroenfoque.mx\/"},{"@type":"ListItem","position":2,"name":"Hades Aguilar niega cirug\u00eda est\u00e9tica con dinero del Congreso de Guanajuato"}]},{"@type":"WebSite","@id":"https:\/\/elotroenfoque.mx\/#website","url":"https:\/\/elotroenfoque.mx\/","name":"El otro enfoque","description":"","potentialAction":[{"@type":"SearchAction","target":{"@type":"EntryPoint","urlTemplate":"https:\/\/elotroenfoque.mx\/?s={search_term_string}"},"query-input":{"@type":"PropertyValueSpecification","valueRequired":true,"valueName":"search_term_string"}}],"inLanguage":"es"},{"@type":"Person","@id":"https:\/\/elotroenfoque.mx\/#\/schema\/person\/8eb322f84d0bd9f337e462905519a1ae","name":"Equipo Redaccion","image":{"@type":"ImageObject","inLanguage":"es","@id":"https:\/\/secure.gravatar.com\/avatar\/3579478e2b4e7aad364a32b26cf744b360ae0e581ee1cd0cb18a8f239ee49ac4?s=96&d=mm&r=g","url":"https:\/\/secure.gravatar.com\/avatar\/3579478e2b4e7aad364a32b26cf744b360ae0e581ee1cd0cb18a8f239ee49ac4?s=96&d=mm&r=g","contentUrl":"https:\/\/secure.gravatar.com\/avatar\/3579478e2b4e7aad364a32b26cf744b360ae0e581ee1cd0cb18a8f239ee49ac4?s=96&d=mm&r=g","caption":"Equipo Redaccion"},"url":"https:\/\/elotroenfoque.mx\/index.php\/author\/redaccion\/"}]}},"_links":{"self":[{"href":"https:\/\/elotroenfoque.mx\/index.php\/wp-json\/wp\/v2\/posts\/184960","targetHints":{"allow":["GET"]}}],"collection":[{"href":"https:\/\/elotroenfoque.mx\/index.php\/wp-json\/wp\/v2\/posts"}],"about":[{"href":"https:\/\/elotroenfoque.mx\/index.php\/wp-json\/wp\/v2\/types\/post"}],"author":[{"embeddable":true,"href":"https:\/\/elotroenfoque.mx\/index.php\/wp-json\/wp\/v2\/users\/4"}],"replies":[{"embeddable":true,"href":"https:\/\/elotroenfoque.mx\/index.php\/wp-json\/wp\/v2\/comments?post=184960"}],"version-history":[{"count":1,"href":"https:\/\/elotroenfoque.mx\/index.php\/wp-json\/wp\/v2\/posts\/184960\/revisions"}],"predecessor-version":[{"id":184961,"href":"https:\/\/elotroenfoque.mx\/index.php\/wp-json\/wp\/v2\/posts\/184960\/revisions\/184961"}],"wp:featuredmedia":[{"embeddable":true,"href":"https:\/\/elotroenfoque.mx\/index.php\/wp-json\/wp\/v2\/media\/171717"}],"wp:attachment":[{"href":"https:\/\/elotroenfoque.mx\/index.php\/wp-json\/wp\/v2\/media?parent=184960"}],"wp:term":[{"taxonomy":"category","embeddable":true,"href":"https:\/\/elotroenfoque.mx\/index.php\/wp-json\/wp\/v2\/categories?post=184960"},{"taxonomy":"post_tag","embeddable":true,"href":"https:\/\/elotroenfoque.mx\/index.php\/wp-json\/wp\/v2\/tags?post=184960"}],"curies":[{"name":"wp","href":"https:\/\/api.w.org\/{rel}","templated":true}]}}