{"id":184962,"date":"2026-05-08T18:29:12","date_gmt":"2026-05-09T00:29:12","guid":{"rendered":"https:\/\/elotroenfoque.mx\/?p=184962"},"modified":"2026-05-08T18:29:12","modified_gmt":"2026-05-09T00:29:12","slug":"cnte-acusa-que-adelanto-del-fin-de-clases-busca-frenar-huelga-nacional","status":"publish","type":"post","link":"https:\/\/elotroenfoque.mx\/index.php\/2026\/05\/08\/cnte-acusa-que-adelanto-del-fin-de-clases-busca-frenar-huelga-nacional\/","title":{"rendered":"CNTE acusa que adelanto del fin de clases busca frenar huelga nacional"},"content":{"rendered":"\n<p class=\"wp-block-paragraph\">La Secci\u00f3n 7 del Sindicato Nacional de Trabajadores de la Educaci\u00f3n, adherida a la Coordinadora Nacional de Trabajadores de la Educaci\u00f3n (CNTE), rechaz\u00f3 el anuncio del cierre anticipado del ciclo escolar y acus\u00f3 al Gobierno federal de utilizar la medida con fines pol\u00edticos para evitar el estallamiento de una huelga nacional del magisterio.<\/p>\n\n\n\n<p class=\"wp-block-paragraph\">A trav\u00e9s de un comunicado, el grupo sindical asegur\u00f3 que adelantar el t\u00e9rmino de clases al 5 de junio no responde realmente a las altas temperaturas ni a la organizaci\u00f3n del Mundial 2026, sino a una estrategia para contener protestas sociales y movilizaciones convocadas por distintos sectores afectados por la situaci\u00f3n econ\u00f3mica y de seguridad en el pa\u00eds.<\/p>\n\n\n\n<p class=\"wp-block-paragraph\">La organizaci\u00f3n sostuvo que el argumento relacionado con la ola de calor no resulta convincente, al recordar que incluso durante la pandemia de COVID-19 no se realizaron modificaciones de este tipo al calendario escolar oficial.<\/p>\n\n\n\n<p class=\"wp-block-paragraph\">Adem\u00e1s, la Secci\u00f3n 7 acus\u00f3 al actual gobierno de intentar distraer a la poblaci\u00f3n con eventos internacionales como la Copa Mundial de Futbol mientras, se\u00f1alaron, se impulsan reformas y medidas pol\u00e9micas relacionadas con salud, energ\u00eda, telecomunicaciones y el aumento en productos b\u00e1sicos.<\/p>\n\n\n\n<p class=\"wp-block-paragraph\">El magisterio disidente tambi\u00e9n rechaz\u00f3 la posibilidad de adelantar el regreso a clases para agosto y exigi\u00f3 que el ciclo escolar concluya conforme al calendario originalmente aprobado al inicio del periodo educativo.<\/p>\n\n\n\n<p class=\"wp-block-paragraph\"><strong><a href=\"https:\/\/elotroenfoque.mx\/index.php\/2026\/05\/08\/hades-aguilar-niega-cirugia-estetica-con-dinero-del-congreso-de-guanajuato\/\">\u00bfPor qu\u00e9 acusan a Hades Aguilar de usar dinero p\u00fablico para una cirug\u00eda est\u00e9tica?<\/a><\/strong><\/p>\n\n\n\n<p class=\"wp-block-paragraph\">Los docentes argumentaron que en las escuelas todav\u00eda se desarrollan actividades acad\u00e9micas, culturales y comunitarias en coordinaci\u00f3n con madres y padres de familia, por lo que consideran que modificar las fechas afectar\u00eda la organizaci\u00f3n escolar.<\/p>\n\n\n\n<p class=\"wp-block-paragraph\">Finalmente, la CNTE llam\u00f3 a maestras y maestros a mantenerse organizados rumbo a la huelga nacional anunciada por el movimiento, reiterando que continuar\u00e1n las acciones sindicales y de protesta en las pr\u00f3ximas semanas.<\/p>\n\n\n\n<p class=\"wp-block-paragraph\"><strong><a href=\"https:\/\/www.tiktok.com\/@elotroenfoque?_r=1&amp;_t=ZS-95fz6wNxSoT\">Sigue tambi\u00e9n las noticias en TikTok<\/a><\/strong><\/p>\n","protected":false},"excerpt":{"rendered":"<p>La Secci\u00f3n 7 del Sindicato Nacional de Trabajadores de la Educaci\u00f3n, adherida a la Coordinadora Nacional de Trabajadores de la Educaci\u00f3n (CNTE), rechaz\u00f3 el anuncio del cierre anticipado del ciclo escolar y acus\u00f3 al Gobierno federal de utilizar la medida con fines pol\u00edticos para evitar el estallamiento de una huelga nacional del magisterio. A trav\u00e9s&#8230;<\/p>\n","protected":false},"author":4,"featured_media":174291,"comment_status":"closed","ping_status":"open","sticky":false,"template":"","format":"standard","meta":{"footnotes":""},"categories":[2],"tags":[13,4517],"class_list":["post-184962","post","type-post","status-publish","format-standard","has-post-thumbnail","hentry","category-noticias","tag-guanajuato","tag-noticias-guanajuato"],"yoast_head":"<!-- This site is optimized with the Yoast SEO plugin v28.2 - https:\/\/yoast.com\/product\/yoast-seo-wordpress\/ -->\n<title>CNTE acusa que adelanto del fin de clases busca frenar huelga nacional - El otro enfoque<\/title>\n<meta name=\"description\" content=\"La CNTE en Chiapas rechaz\u00f3 el cierre anticipado del ciclo escolar y afirm\u00f3 que la medida busca evitar movilizaciones durante el Mundial 2026.\" \/>\n<meta name=\"robots\" content=\"index, follow, max-snippet:-1, max-image-preview:large, max-video-preview:-1\" \/>\n<link rel=\"canonical\" href=\"https:\/\/elotroenfoque.mx\/index.php\/2026\/05\/08\/cnte-acusa-que-adelanto-del-fin-de-clases-busca-frenar-huelga-nacional\/\" \/>\n<meta property=\"og:locale\" content=\"es_MX\" \/>\n<meta property=\"og:type\" content=\"article\" \/>\n<meta property=\"og:title\" content=\"CNTE acusa que adelanto del fin de clases busca frenar huelga nacional - El otro enfoque\" \/>\n<meta property=\"og:description\" content=\"La CNTE en Chiapas rechaz\u00f3 el cierre anticipado del ciclo escolar y afirm\u00f3 que la medida busca evitar movilizaciones durante el Mundial 2026.\" \/>\n<meta property=\"og:url\" content=\"https:\/\/elotroenfoque.mx\/index.php\/2026\/05\/08\/cnte-acusa-que-adelanto-del-fin-de-clases-busca-frenar-huelga-nacional\/\" \/>\n<meta property=\"og:site_name\" content=\"El otro enfoque\" \/>\n<meta property=\"article:published_time\" content=\"2026-05-09T00:29:12+00:00\" \/>\n<meta property=\"og:image\" content=\"https:\/\/elotroenfoque.mx\/wp-content\/uploads\/2025\/12\/vacaciones1.png\" \/>\n\t<meta property=\"og:image:width\" content=\"813\" \/>\n\t<meta property=\"og:image:height\" content=\"586\" \/>\n\t<meta property=\"og:image:type\" content=\"image\/png\" \/>\n<meta name=\"author\" content=\"Equipo Redaccion\" \/>\n<meta name=\"twitter:card\" content=\"summary_large_image\" \/>\n<meta name=\"twitter:label1\" content=\"Escrito por\" \/>\n\t<meta name=\"twitter:data1\" content=\"Equipo Redaccion\" \/>\n\t<meta name=\"twitter:label2\" content=\"Tiempo de lectura\" \/>\n\t<meta name=\"twitter:data2\" content=\"2 minutos\" \/>\n<script type=\"application\/ld+json\" class=\"yoast-schema-graph\">{\"@context\":\"https:\\\/\\\/schema.org\",\"@graph\":[{\"@type\":\"Article\",\"@id\":\"https:\\\/\\\/elotroenfoque.mx\\\/index.php\\\/2026\\\/05\\\/08\\\/cnte-acusa-que-adelanto-del-fin-de-clases-busca-frenar-huelga-nacional\\\/#article\",\"isPartOf\":{\"@id\":\"https:\\\/\\\/elotroenfoque.mx\\\/index.php\\\/2026\\\/05\\\/08\\\/cnte-acusa-que-adelanto-del-fin-de-clases-busca-frenar-huelga-nacional\\\/\"},\"author\":{\"name\":\"Equipo Redaccion\",\"@id\":\"https:\\\/\\\/elotroenfoque.mx\\\/#\\\/schema\\\/person\\\/8eb322f84d0bd9f337e462905519a1ae\"},\"headline\":\"CNTE acusa que adelanto del fin de clases busca frenar huelga nacional\",\"datePublished\":\"2026-05-09T00:29:12+00:00\",\"mainEntityOfPage\":{\"@id\":\"https:\\\/\\\/elotroenfoque.mx\\\/index.php\\\/2026\\\/05\\\/08\\\/cnte-acusa-que-adelanto-del-fin-de-clases-busca-frenar-huelga-nacional\\\/\"},\"wordCount\":346,\"image\":{\"@id\":\"https:\\\/\\\/elotroenfoque.mx\\\/index.php\\\/2026\\\/05\\\/08\\\/cnte-acusa-que-adelanto-del-fin-de-clases-busca-frenar-huelga-nacional\\\/#primaryimage\"},\"thumbnailUrl\":\"https:\\\/\\\/elotroenfoque.mx\\\/wp-content\\\/uploads\\\/2025\\\/12\\\/vacaciones1.png\",\"keywords\":[\"Guanajuato\",\"Noticias Guanajuato\"],\"articleSection\":[\"Noticias\"],\"inLanguage\":\"es\"},{\"@type\":\"WebPage\",\"@id\":\"https:\\\/\\\/elotroenfoque.mx\\\/index.php\\\/2026\\\/05\\\/08\\\/cnte-acusa-que-adelanto-del-fin-de-clases-busca-frenar-huelga-nacional\\\/\",\"url\":\"https:\\\/\\\/elotroenfoque.mx\\\/index.php\\\/2026\\\/05\\\/08\\\/cnte-acusa-que-adelanto-del-fin-de-clases-busca-frenar-huelga-nacional\\\/\",\"name\":\"CNTE acusa que adelanto del fin de clases busca frenar huelga nacional - El otro enfoque\",\"isPartOf\":{\"@id\":\"https:\\\/\\\/elotroenfoque.mx\\\/#website\"},\"primaryImageOfPage\":{\"@id\":\"https:\\\/\\\/elotroenfoque.mx\\\/index.php\\\/2026\\\/05\\\/08\\\/cnte-acusa-que-adelanto-del-fin-de-clases-busca-frenar-huelga-nacional\\\/#primaryimage\"},\"image\":{\"@id\":\"https:\\\/\\\/elotroenfoque.mx\\\/index.php\\\/2026\\\/05\\\/08\\\/cnte-acusa-que-adelanto-del-fin-de-clases-busca-frenar-huelga-nacional\\\/#primaryimage\"},\"thumbnailUrl\":\"https:\\\/\\\/elotroenfoque.mx\\\/wp-content\\\/uploads\\\/2025\\\/12\\\/vacaciones1.png\",\"datePublished\":\"2026-05-09T00:29:12+00:00\",\"author\":{\"@id\":\"https:\\\/\\\/elotroenfoque.mx\\\/#\\\/schema\\\/person\\\/8eb322f84d0bd9f337e462905519a1ae\"},\"description\":\"La CNTE en Chiapas rechaz\u00f3 el cierre anticipado del ciclo escolar y afirm\u00f3 que la medida busca evitar movilizaciones durante el Mundial 2026.\",\"breadcrumb\":{\"@id\":\"https:\\\/\\\/elotroenfoque.mx\\\/index.php\\\/2026\\\/05\\\/08\\\/cnte-acusa-que-adelanto-del-fin-de-clases-busca-frenar-huelga-nacional\\\/#breadcrumb\"},\"inLanguage\":\"es\",\"potentialAction\":[{\"@type\":\"ReadAction\",\"target\":[\"https:\\\/\\\/elotroenfoque.mx\\\/index.php\\\/2026\\\/05\\\/08\\\/cnte-acusa-que-adelanto-del-fin-de-clases-busca-frenar-huelga-nacional\\\/\"]}]},{\"@type\":\"ImageObject\",\"inLanguage\":\"es\",\"@id\":\"https:\\\/\\\/elotroenfoque.mx\\\/index.php\\\/2026\\\/05\\\/08\\\/cnte-acusa-que-adelanto-del-fin-de-clases-busca-frenar-huelga-nacional\\\/#primaryimage\",\"url\":\"https:\\\/\\\/elotroenfoque.mx\\\/wp-content\\\/uploads\\\/2025\\\/12\\\/vacaciones1.png\",\"contentUrl\":\"https:\\\/\\\/elotroenfoque.mx\\\/wp-content\\\/uploads\\\/2025\\\/12\\\/vacaciones1.png\",\"width\":813,\"height\":586},{\"@type\":\"BreadcrumbList\",\"@id\":\"https:\\\/\\\/elotroenfoque.mx\\\/index.php\\\/2026\\\/05\\\/08\\\/cnte-acusa-que-adelanto-del-fin-de-clases-busca-frenar-huelga-nacional\\\/#breadcrumb\",\"itemListElement\":[{\"@type\":\"ListItem\",\"position\":1,\"name\":\"Portada\",\"item\":\"https:\\\/\\\/elotroenfoque.mx\\\/\"},{\"@type\":\"ListItem\",\"position\":2,\"name\":\"CNTE acusa que adelanto del fin de clases busca frenar huelga nacional\"}]},{\"@type\":\"WebSite\",\"@id\":\"https:\\\/\\\/elotroenfoque.mx\\\/#website\",\"url\":\"https:\\\/\\\/elotroenfoque.mx\\\/\",\"name\":\"El otro enfoque\",\"description\":\"\",\"potentialAction\":[{\"@type\":\"SearchAction\",\"target\":{\"@type\":\"EntryPoint\",\"urlTemplate\":\"https:\\\/\\\/elotroenfoque.mx\\\/?s={search_term_string}\"},\"query-input\":{\"@type\":\"PropertyValueSpecification\",\"valueRequired\":true,\"valueName\":\"search_term_string\"}}],\"inLanguage\":\"es\"},{\"@type\":\"Person\",\"@id\":\"https:\\\/\\\/elotroenfoque.mx\\\/#\\\/schema\\\/person\\\/8eb322f84d0bd9f337e462905519a1ae\",\"name\":\"Equipo Redaccion\",\"image\":{\"@type\":\"ImageObject\",\"inLanguage\":\"es\",\"@id\":\"https:\\\/\\\/secure.gravatar.com\\\/avatar\\\/3579478e2b4e7aad364a32b26cf744b360ae0e581ee1cd0cb18a8f239ee49ac4?s=96&d=mm&r=g\",\"url\":\"https:\\\/\\\/secure.gravatar.com\\\/avatar\\\/3579478e2b4e7aad364a32b26cf744b360ae0e581ee1cd0cb18a8f239ee49ac4?s=96&d=mm&r=g\",\"contentUrl\":\"https:\\\/\\\/secure.gravatar.com\\\/avatar\\\/3579478e2b4e7aad364a32b26cf744b360ae0e581ee1cd0cb18a8f239ee49ac4?s=96&d=mm&r=g\",\"caption\":\"Equipo Redaccion\"},\"url\":\"https:\\\/\\\/elotroenfoque.mx\\\/index.php\\\/author\\\/redaccion\\\/\"}]}<\/script>\n<!-- \/ Yoast SEO plugin. -->","yoast_head_json":{"title":"CNTE acusa que adelanto del fin de clases busca frenar huelga nacional - El otro enfoque","description":"La CNTE en Chiapas rechaz\u00f3 el cierre anticipado del ciclo escolar y afirm\u00f3 que la medida busca evitar movilizaciones durante el Mundial 2026.","robots":{"index":"index","follow":"follow","max-snippet":"max-snippet:-1","max-image-preview":"max-image-preview:large","max-video-preview":"max-video-preview:-1"},"canonical":"https:\/\/elotroenfoque.mx\/index.php\/2026\/05\/08\/cnte-acusa-que-adelanto-del-fin-de-clases-busca-frenar-huelga-nacional\/","og_locale":"es_MX","og_type":"article","og_title":"CNTE acusa que adelanto del fin de clases busca frenar huelga nacional - El otro enfoque","og_description":"La CNTE en Chiapas rechaz\u00f3 el cierre anticipado del ciclo escolar y afirm\u00f3 que la medida busca evitar movilizaciones durante el Mundial 2026.","og_url":"https:\/\/elotroenfoque.mx\/index.php\/2026\/05\/08\/cnte-acusa-que-adelanto-del-fin-de-clases-busca-frenar-huelga-nacional\/","og_site_name":"El otro enfoque","article_published_time":"2026-05-09T00:29:12+00:00","og_image":[{"width":813,"height":586,"url":"https:\/\/elotroenfoque.mx\/wp-content\/uploads\/2025\/12\/vacaciones1.png","type":"image\/png"}],"author":"Equipo Redaccion","twitter_card":"summary_large_image","twitter_misc":{"Escrito por":"Equipo Redaccion","Tiempo de lectura":"2 minutos"},"schema":{"@context":"https:\/\/schema.org","@graph":[{"@type":"Article","@id":"https:\/\/elotroenfoque.mx\/index.php\/2026\/05\/08\/cnte-acusa-que-adelanto-del-fin-de-clases-busca-frenar-huelga-nacional\/#article","isPartOf":{"@id":"https:\/\/elotroenfoque.mx\/index.php\/2026\/05\/08\/cnte-acusa-que-adelanto-del-fin-de-clases-busca-frenar-huelga-nacional\/"},"author":{"name":"Equipo Redaccion","@id":"https:\/\/elotroenfoque.mx\/#\/schema\/person\/8eb322f84d0bd9f337e462905519a1ae"},"headline":"CNTE acusa que adelanto del fin de clases busca frenar huelga nacional","datePublished":"2026-05-09T00:29:12+00:00","mainEntityOfPage":{"@id":"https:\/\/elotroenfoque.mx\/index.php\/2026\/05\/08\/cnte-acusa-que-adelanto-del-fin-de-clases-busca-frenar-huelga-nacional\/"},"wordCount":346,"image":{"@id":"https:\/\/elotroenfoque.mx\/index.php\/2026\/05\/08\/cnte-acusa-que-adelanto-del-fin-de-clases-busca-frenar-huelga-nacional\/#primaryimage"},"thumbnailUrl":"https:\/\/elotroenfoque.mx\/wp-content\/uploads\/2025\/12\/vacaciones1.png","keywords":["Guanajuato","Noticias Guanajuato"],"articleSection":["Noticias"],"inLanguage":"es"},{"@type":"WebPage","@id":"https:\/\/elotroenfoque.mx\/index.php\/2026\/05\/08\/cnte-acusa-que-adelanto-del-fin-de-clases-busca-frenar-huelga-nacional\/","url":"https:\/\/elotroenfoque.mx\/index.php\/2026\/05\/08\/cnte-acusa-que-adelanto-del-fin-de-clases-busca-frenar-huelga-nacional\/","name":"CNTE acusa que adelanto del fin de clases busca frenar huelga nacional - El otro enfoque","isPartOf":{"@id":"https:\/\/elotroenfoque.mx\/#website"},"primaryImageOfPage":{"@id":"https:\/\/elotroenfoque.mx\/index.php\/2026\/05\/08\/cnte-acusa-que-adelanto-del-fin-de-clases-busca-frenar-huelga-nacional\/#primaryimage"},"image":{"@id":"https:\/\/elotroenfoque.mx\/index.php\/2026\/05\/08\/cnte-acusa-que-adelanto-del-fin-de-clases-busca-frenar-huelga-nacional\/#primaryimage"},"thumbnailUrl":"https:\/\/elotroenfoque.mx\/wp-content\/uploads\/2025\/12\/vacaciones1.png","datePublished":"2026-05-09T00:29:12+00:00","author":{"@id":"https:\/\/elotroenfoque.mx\/#\/schema\/person\/8eb322f84d0bd9f337e462905519a1ae"},"description":"La CNTE en Chiapas rechaz\u00f3 el cierre anticipado del ciclo escolar y afirm\u00f3 que la medida busca evitar movilizaciones durante el Mundial 2026.","breadcrumb":{"@id":"https:\/\/elotroenfoque.mx\/index.php\/2026\/05\/08\/cnte-acusa-que-adelanto-del-fin-de-clases-busca-frenar-huelga-nacional\/#breadcrumb"},"inLanguage":"es","potentialAction":[{"@type":"ReadAction","target":["https:\/\/elotroenfoque.mx\/index.php\/2026\/05\/08\/cnte-acusa-que-adelanto-del-fin-de-clases-busca-frenar-huelga-nacional\/"]}]},{"@type":"ImageObject","inLanguage":"es","@id":"https:\/\/elotroenfoque.mx\/index.php\/2026\/05\/08\/cnte-acusa-que-adelanto-del-fin-de-clases-busca-frenar-huelga-nacional\/#primaryimage","url":"https:\/\/elotroenfoque.mx\/wp-content\/uploads\/2025\/12\/vacaciones1.png","contentUrl":"https:\/\/elotroenfoque.mx\/wp-content\/uploads\/2025\/12\/vacaciones1.png","width":813,"height":586},{"@type":"BreadcrumbList","@id":"https:\/\/elotroenfoque.mx\/index.php\/2026\/05\/08\/cnte-acusa-que-adelanto-del-fin-de-clases-busca-frenar-huelga-nacional\/#breadcrumb","itemListElement":[{"@type":"ListItem","position":1,"name":"Portada","item":"https:\/\/elotroenfoque.mx\/"},{"@type":"ListItem","position":2,"name":"CNTE acusa que adelanto del fin de clases busca frenar huelga nacional"}]},{"@type":"WebSite","@id":"https:\/\/elotroenfoque.mx\/#website","url":"https:\/\/elotroenfoque.mx\/","name":"El otro enfoque","description":"","potentialAction":[{"@type":"SearchAction","target":{"@type":"EntryPoint","urlTemplate":"https:\/\/elotroenfoque.mx\/?s={search_term_string}"},"query-input":{"@type":"PropertyValueSpecification","valueRequired":true,"valueName":"search_term_string"}}],"inLanguage":"es"},{"@type":"Person","@id":"https:\/\/elotroenfoque.mx\/#\/schema\/person\/8eb322f84d0bd9f337e462905519a1ae","name":"Equipo Redaccion","image":{"@type":"ImageObject","inLanguage":"es","@id":"https:\/\/secure.gravatar.com\/avatar\/3579478e2b4e7aad364a32b26cf744b360ae0e581ee1cd0cb18a8f239ee49ac4?s=96&d=mm&r=g","url":"https:\/\/secure.gravatar.com\/avatar\/3579478e2b4e7aad364a32b26cf744b360ae0e581ee1cd0cb18a8f239ee49ac4?s=96&d=mm&r=g","contentUrl":"https:\/\/secure.gravatar.com\/avatar\/3579478e2b4e7aad364a32b26cf744b360ae0e581ee1cd0cb18a8f239ee49ac4?s=96&d=mm&r=g","caption":"Equipo Redaccion"},"url":"https:\/\/elotroenfoque.mx\/index.php\/author\/redaccion\/"}]}},"_links":{"self":[{"href":"https:\/\/elotroenfoque.mx\/index.php\/wp-json\/wp\/v2\/posts\/184962","targetHints":{"allow":["GET"]}}],"collection":[{"href":"https:\/\/elotroenfoque.mx\/index.php\/wp-json\/wp\/v2\/posts"}],"about":[{"href":"https:\/\/elotroenfoque.mx\/index.php\/wp-json\/wp\/v2\/types\/post"}],"author":[{"embeddable":true,"href":"https:\/\/elotroenfoque.mx\/index.php\/wp-json\/wp\/v2\/users\/4"}],"replies":[{"embeddable":true,"href":"https:\/\/elotroenfoque.mx\/index.php\/wp-json\/wp\/v2\/comments?post=184962"}],"version-history":[{"count":1,"href":"https:\/\/elotroenfoque.mx\/index.php\/wp-json\/wp\/v2\/posts\/184962\/revisions"}],"predecessor-version":[{"id":184963,"href":"https:\/\/elotroenfoque.mx\/index.php\/wp-json\/wp\/v2\/posts\/184962\/revisions\/184963"}],"wp:featuredmedia":[{"embeddable":true,"href":"https:\/\/elotroenfoque.mx\/index.php\/wp-json\/wp\/v2\/media\/174291"}],"wp:attachment":[{"href":"https:\/\/elotroenfoque.mx\/index.php\/wp-json\/wp\/v2\/media?parent=184962"}],"wp:term":[{"taxonomy":"category","embeddable":true,"href":"https:\/\/elotroenfoque.mx\/index.php\/wp-json\/wp\/v2\/categories?post=184962"},{"taxonomy":"post_tag","embeddable":true,"href":"https:\/\/elotroenfoque.mx\/index.php\/wp-json\/wp\/v2\/tags?post=184962"}],"curies":[{"name":"wp","href":"https:\/\/api.w.org\/{rel}","templated":true}]}}