{"id":184964,"date":"2026-05-08T20:22:42","date_gmt":"2026-05-09T02:22:42","guid":{"rendered":"https:\/\/elotroenfoque.mx\/?p=184964"},"modified":"2026-05-08T20:41:54","modified_gmt":"2026-05-09T02:41:54","slug":"pan-jalisco-y-guanajuato-cierran-filas-rumbo-a-elecciones-de-2027","status":"publish","type":"post","link":"https:\/\/elotroenfoque.mx\/index.php\/2026\/05\/08\/pan-jalisco-y-guanajuato-cierran-filas-rumbo-a-elecciones-de-2027\/","title":{"rendered":"PAN Jalisco y Guanajuato cierran filas rumbo a elecciones de 2027"},"content":{"rendered":"\n<p class=\"wp-block-paragraph\">Dirigentes, legisladores y alcaldes del Partido Acci\u00f3n Nacional en Jalisco y Guanajuato anunciaron una estrategia de coordinaci\u00f3n pol\u00edtica rumbo a las elecciones de 2027, durante una reuni\u00f3n regional realizada en Lagos de Moreno, donde tambi\u00e9n lanzaron cr\u00edticas contra Morena y los gobiernos emanados de ese partido.<\/p>\n\n\n\n<p class=\"wp-block-paragraph\">En el encuentro participaron l\u00edderes estatales del PAN, representantes legislativos y autoridades municipales de la regi\u00f3n Altos Norte, quienes coincidieron en fortalecer la estructura territorial y electoral del partido en ambas entidades para enfrentar los pr\u00f3ximos procesos pol\u00edticos.<\/p>\n\n\n\n<figure class=\"wp-block-image size-large\"><img loading=\"lazy\" decoding=\"async\" width=\"1024\" height=\"682\" src=\"https:\/\/elotroenfoque.mx\/wp-content\/uploads\/2026\/05\/panistas-rumbo-a-2027-2-1024x682.jpeg\" alt=\"\" class=\"wp-image-184966\" srcset=\"https:\/\/elotroenfoque.mx\/wp-content\/uploads\/2026\/05\/panistas-rumbo-a-2027-2-1024x682.jpeg 1024w, https:\/\/elotroenfoque.mx\/wp-content\/uploads\/2026\/05\/panistas-rumbo-a-2027-2-300x200.jpeg 300w, https:\/\/elotroenfoque.mx\/wp-content\/uploads\/2026\/05\/panistas-rumbo-a-2027-2-768x512.jpeg 768w, https:\/\/elotroenfoque.mx\/wp-content\/uploads\/2026\/05\/panistas-rumbo-a-2027-2-600x400.jpeg 600w, https:\/\/elotroenfoque.mx\/wp-content\/uploads\/2026\/05\/panistas-rumbo-a-2027-2.jpeg 1280w\" sizes=\"auto, (max-width: 1024px) 100vw, 1024px\" \/><\/figure>\n\n\n\n<p class=\"wp-block-paragraph\">El dirigente estatal del PAN en Jalisco, Juan Pablo Col\u00edn Aguilar, asegur\u00f3 que la coordinaci\u00f3n entre Guanajuato y Jalisco marcar\u00e1 el inicio de una estrategia regional que buscar\u00e1 consolidarse tanto para las elecciones intermedias de 2027 como para la contienda presidencial de 2030.<\/p>\n\n\n\n<p class=\"wp-block-paragraph\">Durante la reuni\u00f3n, el coordinador de la bancada panista en el Congreso de Jalisco, Julio C\u00e9sar Hurtado Luna, adelant\u00f3 que Acci\u00f3n Nacional impulsar\u00e1 iniciativas relacionadas con seguridad p\u00fablica y combate al crimen organizado, adem\u00e1s de una agenda enfocada en las familias y las necesidades ciudadanas.<\/p>\n\n\n\n<figure class=\"wp-block-image size-large\"><img loading=\"lazy\" decoding=\"async\" width=\"1024\" height=\"682\" src=\"https:\/\/elotroenfoque.mx\/wp-content\/uploads\/2026\/05\/panistas-rumbo-a-2027-3-1024x682.jpeg\" alt=\"\" class=\"wp-image-184967\" srcset=\"https:\/\/elotroenfoque.mx\/wp-content\/uploads\/2026\/05\/panistas-rumbo-a-2027-3-1024x682.jpeg 1024w, https:\/\/elotroenfoque.mx\/wp-content\/uploads\/2026\/05\/panistas-rumbo-a-2027-3-300x200.jpeg 300w, https:\/\/elotroenfoque.mx\/wp-content\/uploads\/2026\/05\/panistas-rumbo-a-2027-3-768x512.jpeg 768w, https:\/\/elotroenfoque.mx\/wp-content\/uploads\/2026\/05\/panistas-rumbo-a-2027-3-600x400.jpeg 600w, https:\/\/elotroenfoque.mx\/wp-content\/uploads\/2026\/05\/panistas-rumbo-a-2027-3.jpeg 1280w\" sizes=\"auto, (max-width: 1024px) 100vw, 1024px\" \/><\/figure>\n\n\n\n<p class=\"wp-block-paragraph\">En sus declaraciones, el legislador tambi\u00e9n lanz\u00f3 se\u00f1alamientos contra Morena al acusar presuntos v\u00ednculos de actores pol\u00edticos con grupos criminales, tema que asegur\u00f3 buscar\u00e1n abordar desde el Congreso estatal mediante nuevas propuestas legislativas.<\/p>\n\n\n\n<p class=\"wp-block-paragraph\"><strong><a href=\"https:\/\/elotroenfoque.mx\/index.php\/2026\/05\/08\/cnte-acusa-que-adelanto-del-fin-de-clases-busca-frenar-huelga-nacional\/\">\u00bfPor qu\u00e9 la CNTE asegura que adelantar el fin de clases tiene un trasfondo pol\u00edtico?<\/a><\/strong><\/p>\n\n\n\n<p class=\"wp-block-paragraph\">Por su parte, el dirigente del PAN Guanajuato, Aldo M\u00e1rquez, afirm\u00f3 que el partido atraviesa una etapa de renovaci\u00f3n y apertura ciudadana, con la intenci\u00f3n de fortalecer candidaturas y estructuras pol\u00edticas en todo el pa\u00eds.<\/p>\n\n\n\n<p class=\"wp-block-paragraph\">El l\u00edder panista sostuvo adem\u00e1s que los gobiernos emanados del PAN han mostrado resultados en estados como Guanajuato y critic\u00f3 a Morena por temas relacionados con seguridad, econom\u00eda y salud p\u00fablica.<\/p>\n\n\n\n<p class=\"wp-block-paragraph\">En la reuni\u00f3n tambi\u00e9n estuvieron presentes alcaldes y representantes municipales de la regi\u00f3n, quienes respaldaron el llamado a reforzar la organizaci\u00f3n territorial del partido de cara a las pr\u00f3ximas elecciones.<\/p>\n\n\n\n<p class=\"wp-block-paragraph\"><strong><a href=\"https:\/\/www.tiktok.com\/@elotroenfoque?_r=1&amp;_t=ZS-95fz6wNxSoT\">Sigue tambi\u00e9n las noticias en TikTok<\/a><\/strong><\/p>\n","protected":false},"excerpt":{"rendered":"<p>Dirigentes, legisladores y alcaldes del Partido Acci\u00f3n Nacional en Jalisco y Guanajuato anunciaron una estrategia de coordinaci\u00f3n pol\u00edtica rumbo a las elecciones de 2027, durante una reuni\u00f3n regional realizada en Lagos de Moreno, donde tambi\u00e9n lanzaron cr\u00edticas contra Morena y los gobiernos emanados de ese partido. En el encuentro participaron l\u00edderes estatales del PAN, representantes&#8230;<\/p>\n","protected":false},"author":4,"featured_media":184965,"comment_status":"closed","ping_status":"open","sticky":false,"template":"","format":"standard","meta":{"footnotes":""},"categories":[2],"tags":[13,4517],"class_list":["post-184964","post","type-post","status-publish","format-standard","has-post-thumbnail","hentry","category-noticias","tag-guanajuato","tag-noticias-guanajuato"],"yoast_head":"<!-- This site is optimized with the Yoast SEO plugin v28.2 - https:\/\/yoast.com\/product\/yoast-seo-wordpress\/ -->\n<title>PAN Jalisco y Guanajuato cierran filas rumbo a elecciones de 2027 - El otro enfoque<\/title>\n<meta name=\"description\" content=\"Dirigentes del PAN en Jalisco y Guanajuato anunciaron una alianza regional rumbo a 2027 y lanzaron cr\u00edticas contra Morena y la inseguridad.\" \/>\n<meta name=\"robots\" content=\"index, follow, max-snippet:-1, max-image-preview:large, max-video-preview:-1\" \/>\n<link rel=\"canonical\" href=\"https:\/\/elotroenfoque.mx\/index.php\/2026\/05\/08\/pan-jalisco-y-guanajuato-cierran-filas-rumbo-a-elecciones-de-2027\/\" \/>\n<meta property=\"og:locale\" content=\"es_MX\" \/>\n<meta property=\"og:type\" content=\"article\" \/>\n<meta property=\"og:title\" content=\"PAN Jalisco y Guanajuato cierran filas rumbo a elecciones de 2027 - El otro enfoque\" \/>\n<meta property=\"og:description\" content=\"Dirigentes del PAN en Jalisco y Guanajuato anunciaron una alianza regional rumbo a 2027 y lanzaron cr\u00edticas contra Morena y la inseguridad.\" \/>\n<meta property=\"og:url\" content=\"https:\/\/elotroenfoque.mx\/index.php\/2026\/05\/08\/pan-jalisco-y-guanajuato-cierran-filas-rumbo-a-elecciones-de-2027\/\" \/>\n<meta property=\"og:site_name\" content=\"El otro enfoque\" \/>\n<meta property=\"article:published_time\" content=\"2026-05-09T02:22:42+00:00\" \/>\n<meta property=\"article:modified_time\" content=\"2026-05-09T02:41:54+00:00\" \/>\n<meta property=\"og:image\" content=\"https:\/\/elotroenfoque.mx\/wp-content\/uploads\/2026\/05\/panistas-rumbo-a-2027-1.jpeg\" \/>\n\t<meta property=\"og:image:width\" content=\"1280\" \/>\n\t<meta property=\"og:image:height\" content=\"853\" \/>\n\t<meta property=\"og:image:type\" content=\"image\/jpeg\" \/>\n<meta name=\"author\" content=\"Equipo Redaccion\" \/>\n<meta name=\"twitter:card\" content=\"summary_large_image\" \/>\n<meta name=\"twitter:label1\" content=\"Escrito por\" \/>\n\t<meta name=\"twitter:data1\" content=\"Equipo Redaccion\" \/>\n\t<meta name=\"twitter:label2\" content=\"Tiempo de lectura\" \/>\n\t<meta name=\"twitter:data2\" content=\"1 minuto\" \/>\n<script type=\"application\/ld+json\" class=\"yoast-schema-graph\">{\"@context\":\"https:\\\/\\\/schema.org\",\"@graph\":[{\"@type\":\"Article\",\"@id\":\"https:\\\/\\\/elotroenfoque.mx\\\/index.php\\\/2026\\\/05\\\/08\\\/pan-jalisco-y-guanajuato-cierran-filas-rumbo-a-elecciones-de-2027\\\/#article\",\"isPartOf\":{\"@id\":\"https:\\\/\\\/elotroenfoque.mx\\\/index.php\\\/2026\\\/05\\\/08\\\/pan-jalisco-y-guanajuato-cierran-filas-rumbo-a-elecciones-de-2027\\\/\"},\"author\":{\"name\":\"Equipo Redaccion\",\"@id\":\"https:\\\/\\\/elotroenfoque.mx\\\/#\\\/schema\\\/person\\\/8eb322f84d0bd9f337e462905519a1ae\"},\"headline\":\"PAN Jalisco y Guanajuato cierran filas rumbo a elecciones de 2027\",\"datePublished\":\"2026-05-09T02:22:42+00:00\",\"dateModified\":\"2026-05-09T02:41:54+00:00\",\"mainEntityOfPage\":{\"@id\":\"https:\\\/\\\/elotroenfoque.mx\\\/index.php\\\/2026\\\/05\\\/08\\\/pan-jalisco-y-guanajuato-cierran-filas-rumbo-a-elecciones-de-2027\\\/\"},\"wordCount\":367,\"image\":{\"@id\":\"https:\\\/\\\/elotroenfoque.mx\\\/index.php\\\/2026\\\/05\\\/08\\\/pan-jalisco-y-guanajuato-cierran-filas-rumbo-a-elecciones-de-2027\\\/#primaryimage\"},\"thumbnailUrl\":\"https:\\\/\\\/elotroenfoque.mx\\\/wp-content\\\/uploads\\\/2026\\\/05\\\/panistas-rumbo-a-2027-1.jpeg\",\"keywords\":[\"Guanajuato\",\"Noticias Guanajuato\"],\"articleSection\":[\"Noticias\"],\"inLanguage\":\"es\"},{\"@type\":\"WebPage\",\"@id\":\"https:\\\/\\\/elotroenfoque.mx\\\/index.php\\\/2026\\\/05\\\/08\\\/pan-jalisco-y-guanajuato-cierran-filas-rumbo-a-elecciones-de-2027\\\/\",\"url\":\"https:\\\/\\\/elotroenfoque.mx\\\/index.php\\\/2026\\\/05\\\/08\\\/pan-jalisco-y-guanajuato-cierran-filas-rumbo-a-elecciones-de-2027\\\/\",\"name\":\"PAN Jalisco y Guanajuato cierran filas rumbo a elecciones de 2027 - El otro enfoque\",\"isPartOf\":{\"@id\":\"https:\\\/\\\/elotroenfoque.mx\\\/#website\"},\"primaryImageOfPage\":{\"@id\":\"https:\\\/\\\/elotroenfoque.mx\\\/index.php\\\/2026\\\/05\\\/08\\\/pan-jalisco-y-guanajuato-cierran-filas-rumbo-a-elecciones-de-2027\\\/#primaryimage\"},\"image\":{\"@id\":\"https:\\\/\\\/elotroenfoque.mx\\\/index.php\\\/2026\\\/05\\\/08\\\/pan-jalisco-y-guanajuato-cierran-filas-rumbo-a-elecciones-de-2027\\\/#primaryimage\"},\"thumbnailUrl\":\"https:\\\/\\\/elotroenfoque.mx\\\/wp-content\\\/uploads\\\/2026\\\/05\\\/panistas-rumbo-a-2027-1.jpeg\",\"datePublished\":\"2026-05-09T02:22:42+00:00\",\"dateModified\":\"2026-05-09T02:41:54+00:00\",\"author\":{\"@id\":\"https:\\\/\\\/elotroenfoque.mx\\\/#\\\/schema\\\/person\\\/8eb322f84d0bd9f337e462905519a1ae\"},\"description\":\"Dirigentes del PAN en Jalisco y Guanajuato anunciaron una alianza regional rumbo a 2027 y lanzaron cr\u00edticas contra Morena y la inseguridad.\",\"breadcrumb\":{\"@id\":\"https:\\\/\\\/elotroenfoque.mx\\\/index.php\\\/2026\\\/05\\\/08\\\/pan-jalisco-y-guanajuato-cierran-filas-rumbo-a-elecciones-de-2027\\\/#breadcrumb\"},\"inLanguage\":\"es\",\"potentialAction\":[{\"@type\":\"ReadAction\",\"target\":[\"https:\\\/\\\/elotroenfoque.mx\\\/index.php\\\/2026\\\/05\\\/08\\\/pan-jalisco-y-guanajuato-cierran-filas-rumbo-a-elecciones-de-2027\\\/\"]}]},{\"@type\":\"ImageObject\",\"inLanguage\":\"es\",\"@id\":\"https:\\\/\\\/elotroenfoque.mx\\\/index.php\\\/2026\\\/05\\\/08\\\/pan-jalisco-y-guanajuato-cierran-filas-rumbo-a-elecciones-de-2027\\\/#primaryimage\",\"url\":\"https:\\\/\\\/elotroenfoque.mx\\\/wp-content\\\/uploads\\\/2026\\\/05\\\/panistas-rumbo-a-2027-1.jpeg\",\"contentUrl\":\"https:\\\/\\\/elotroenfoque.mx\\\/wp-content\\\/uploads\\\/2026\\\/05\\\/panistas-rumbo-a-2027-1.jpeg\",\"width\":1280,\"height\":853},{\"@type\":\"BreadcrumbList\",\"@id\":\"https:\\\/\\\/elotroenfoque.mx\\\/index.php\\\/2026\\\/05\\\/08\\\/pan-jalisco-y-guanajuato-cierran-filas-rumbo-a-elecciones-de-2027\\\/#breadcrumb\",\"itemListElement\":[{\"@type\":\"ListItem\",\"position\":1,\"name\":\"Portada\",\"item\":\"https:\\\/\\\/elotroenfoque.mx\\\/\"},{\"@type\":\"ListItem\",\"position\":2,\"name\":\"PAN Jalisco y Guanajuato cierran filas rumbo a elecciones de 2027\"}]},{\"@type\":\"WebSite\",\"@id\":\"https:\\\/\\\/elotroenfoque.mx\\\/#website\",\"url\":\"https:\\\/\\\/elotroenfoque.mx\\\/\",\"name\":\"El otro enfoque\",\"description\":\"\",\"potentialAction\":[{\"@type\":\"SearchAction\",\"target\":{\"@type\":\"EntryPoint\",\"urlTemplate\":\"https:\\\/\\\/elotroenfoque.mx\\\/?s={search_term_string}\"},\"query-input\":{\"@type\":\"PropertyValueSpecification\",\"valueRequired\":true,\"valueName\":\"search_term_string\"}}],\"inLanguage\":\"es\"},{\"@type\":\"Person\",\"@id\":\"https:\\\/\\\/elotroenfoque.mx\\\/#\\\/schema\\\/person\\\/8eb322f84d0bd9f337e462905519a1ae\",\"name\":\"Equipo Redaccion\",\"image\":{\"@type\":\"ImageObject\",\"inLanguage\":\"es\",\"@id\":\"https:\\\/\\\/secure.gravatar.com\\\/avatar\\\/3579478e2b4e7aad364a32b26cf744b360ae0e581ee1cd0cb18a8f239ee49ac4?s=96&d=mm&r=g\",\"url\":\"https:\\\/\\\/secure.gravatar.com\\\/avatar\\\/3579478e2b4e7aad364a32b26cf744b360ae0e581ee1cd0cb18a8f239ee49ac4?s=96&d=mm&r=g\",\"contentUrl\":\"https:\\\/\\\/secure.gravatar.com\\\/avatar\\\/3579478e2b4e7aad364a32b26cf744b360ae0e581ee1cd0cb18a8f239ee49ac4?s=96&d=mm&r=g\",\"caption\":\"Equipo Redaccion\"},\"url\":\"https:\\\/\\\/elotroenfoque.mx\\\/index.php\\\/author\\\/redaccion\\\/\"}]}<\/script>\n<!-- \/ Yoast SEO plugin. -->","yoast_head_json":{"title":"PAN Jalisco y Guanajuato cierran filas rumbo a elecciones de 2027 - El otro enfoque","description":"Dirigentes del PAN en Jalisco y Guanajuato anunciaron una alianza regional rumbo a 2027 y lanzaron cr\u00edticas contra Morena y la inseguridad.","robots":{"index":"index","follow":"follow","max-snippet":"max-snippet:-1","max-image-preview":"max-image-preview:large","max-video-preview":"max-video-preview:-1"},"canonical":"https:\/\/elotroenfoque.mx\/index.php\/2026\/05\/08\/pan-jalisco-y-guanajuato-cierran-filas-rumbo-a-elecciones-de-2027\/","og_locale":"es_MX","og_type":"article","og_title":"PAN Jalisco y Guanajuato cierran filas rumbo a elecciones de 2027 - El otro enfoque","og_description":"Dirigentes del PAN en Jalisco y Guanajuato anunciaron una alianza regional rumbo a 2027 y lanzaron cr\u00edticas contra Morena y la inseguridad.","og_url":"https:\/\/elotroenfoque.mx\/index.php\/2026\/05\/08\/pan-jalisco-y-guanajuato-cierran-filas-rumbo-a-elecciones-de-2027\/","og_site_name":"El otro enfoque","article_published_time":"2026-05-09T02:22:42+00:00","article_modified_time":"2026-05-09T02:41:54+00:00","og_image":[{"width":1280,"height":853,"url":"https:\/\/elotroenfoque.mx\/wp-content\/uploads\/2026\/05\/panistas-rumbo-a-2027-1.jpeg","type":"image\/jpeg"}],"author":"Equipo Redaccion","twitter_card":"summary_large_image","twitter_misc":{"Escrito por":"Equipo Redaccion","Tiempo de lectura":"1 minuto"},"schema":{"@context":"https:\/\/schema.org","@graph":[{"@type":"Article","@id":"https:\/\/elotroenfoque.mx\/index.php\/2026\/05\/08\/pan-jalisco-y-guanajuato-cierran-filas-rumbo-a-elecciones-de-2027\/#article","isPartOf":{"@id":"https:\/\/elotroenfoque.mx\/index.php\/2026\/05\/08\/pan-jalisco-y-guanajuato-cierran-filas-rumbo-a-elecciones-de-2027\/"},"author":{"name":"Equipo Redaccion","@id":"https:\/\/elotroenfoque.mx\/#\/schema\/person\/8eb322f84d0bd9f337e462905519a1ae"},"headline":"PAN Jalisco y Guanajuato cierran filas rumbo a elecciones de 2027","datePublished":"2026-05-09T02:22:42+00:00","dateModified":"2026-05-09T02:41:54+00:00","mainEntityOfPage":{"@id":"https:\/\/elotroenfoque.mx\/index.php\/2026\/05\/08\/pan-jalisco-y-guanajuato-cierran-filas-rumbo-a-elecciones-de-2027\/"},"wordCount":367,"image":{"@id":"https:\/\/elotroenfoque.mx\/index.php\/2026\/05\/08\/pan-jalisco-y-guanajuato-cierran-filas-rumbo-a-elecciones-de-2027\/#primaryimage"},"thumbnailUrl":"https:\/\/elotroenfoque.mx\/wp-content\/uploads\/2026\/05\/panistas-rumbo-a-2027-1.jpeg","keywords":["Guanajuato","Noticias Guanajuato"],"articleSection":["Noticias"],"inLanguage":"es"},{"@type":"WebPage","@id":"https:\/\/elotroenfoque.mx\/index.php\/2026\/05\/08\/pan-jalisco-y-guanajuato-cierran-filas-rumbo-a-elecciones-de-2027\/","url":"https:\/\/elotroenfoque.mx\/index.php\/2026\/05\/08\/pan-jalisco-y-guanajuato-cierran-filas-rumbo-a-elecciones-de-2027\/","name":"PAN Jalisco y Guanajuato cierran filas rumbo a elecciones de 2027 - El otro enfoque","isPartOf":{"@id":"https:\/\/elotroenfoque.mx\/#website"},"primaryImageOfPage":{"@id":"https:\/\/elotroenfoque.mx\/index.php\/2026\/05\/08\/pan-jalisco-y-guanajuato-cierran-filas-rumbo-a-elecciones-de-2027\/#primaryimage"},"image":{"@id":"https:\/\/elotroenfoque.mx\/index.php\/2026\/05\/08\/pan-jalisco-y-guanajuato-cierran-filas-rumbo-a-elecciones-de-2027\/#primaryimage"},"thumbnailUrl":"https:\/\/elotroenfoque.mx\/wp-content\/uploads\/2026\/05\/panistas-rumbo-a-2027-1.jpeg","datePublished":"2026-05-09T02:22:42+00:00","dateModified":"2026-05-09T02:41:54+00:00","author":{"@id":"https:\/\/elotroenfoque.mx\/#\/schema\/person\/8eb322f84d0bd9f337e462905519a1ae"},"description":"Dirigentes del PAN en Jalisco y Guanajuato anunciaron una alianza regional rumbo a 2027 y lanzaron cr\u00edticas contra Morena y la inseguridad.","breadcrumb":{"@id":"https:\/\/elotroenfoque.mx\/index.php\/2026\/05\/08\/pan-jalisco-y-guanajuato-cierran-filas-rumbo-a-elecciones-de-2027\/#breadcrumb"},"inLanguage":"es","potentialAction":[{"@type":"ReadAction","target":["https:\/\/elotroenfoque.mx\/index.php\/2026\/05\/08\/pan-jalisco-y-guanajuato-cierran-filas-rumbo-a-elecciones-de-2027\/"]}]},{"@type":"ImageObject","inLanguage":"es","@id":"https:\/\/elotroenfoque.mx\/index.php\/2026\/05\/08\/pan-jalisco-y-guanajuato-cierran-filas-rumbo-a-elecciones-de-2027\/#primaryimage","url":"https:\/\/elotroenfoque.mx\/wp-content\/uploads\/2026\/05\/panistas-rumbo-a-2027-1.jpeg","contentUrl":"https:\/\/elotroenfoque.mx\/wp-content\/uploads\/2026\/05\/panistas-rumbo-a-2027-1.jpeg","width":1280,"height":853},{"@type":"BreadcrumbList","@id":"https:\/\/elotroenfoque.mx\/index.php\/2026\/05\/08\/pan-jalisco-y-guanajuato-cierran-filas-rumbo-a-elecciones-de-2027\/#breadcrumb","itemListElement":[{"@type":"ListItem","position":1,"name":"Portada","item":"https:\/\/elotroenfoque.mx\/"},{"@type":"ListItem","position":2,"name":"PAN Jalisco y Guanajuato cierran filas rumbo a elecciones de 2027"}]},{"@type":"WebSite","@id":"https:\/\/elotroenfoque.mx\/#website","url":"https:\/\/elotroenfoque.mx\/","name":"El otro enfoque","description":"","potentialAction":[{"@type":"SearchAction","target":{"@type":"EntryPoint","urlTemplate":"https:\/\/elotroenfoque.mx\/?s={search_term_string}"},"query-input":{"@type":"PropertyValueSpecification","valueRequired":true,"valueName":"search_term_string"}}],"inLanguage":"es"},{"@type":"Person","@id":"https:\/\/elotroenfoque.mx\/#\/schema\/person\/8eb322f84d0bd9f337e462905519a1ae","name":"Equipo Redaccion","image":{"@type":"ImageObject","inLanguage":"es","@id":"https:\/\/secure.gravatar.com\/avatar\/3579478e2b4e7aad364a32b26cf744b360ae0e581ee1cd0cb18a8f239ee49ac4?s=96&d=mm&r=g","url":"https:\/\/secure.gravatar.com\/avatar\/3579478e2b4e7aad364a32b26cf744b360ae0e581ee1cd0cb18a8f239ee49ac4?s=96&d=mm&r=g","contentUrl":"https:\/\/secure.gravatar.com\/avatar\/3579478e2b4e7aad364a32b26cf744b360ae0e581ee1cd0cb18a8f239ee49ac4?s=96&d=mm&r=g","caption":"Equipo Redaccion"},"url":"https:\/\/elotroenfoque.mx\/index.php\/author\/redaccion\/"}]}},"_links":{"self":[{"href":"https:\/\/elotroenfoque.mx\/index.php\/wp-json\/wp\/v2\/posts\/184964","targetHints":{"allow":["GET"]}}],"collection":[{"href":"https:\/\/elotroenfoque.mx\/index.php\/wp-json\/wp\/v2\/posts"}],"about":[{"href":"https:\/\/elotroenfoque.mx\/index.php\/wp-json\/wp\/v2\/types\/post"}],"author":[{"embeddable":true,"href":"https:\/\/elotroenfoque.mx\/index.php\/wp-json\/wp\/v2\/users\/4"}],"replies":[{"embeddable":true,"href":"https:\/\/elotroenfoque.mx\/index.php\/wp-json\/wp\/v2\/comments?post=184964"}],"version-history":[{"count":1,"href":"https:\/\/elotroenfoque.mx\/index.php\/wp-json\/wp\/v2\/posts\/184964\/revisions"}],"predecessor-version":[{"id":184968,"href":"https:\/\/elotroenfoque.mx\/index.php\/wp-json\/wp\/v2\/posts\/184964\/revisions\/184968"}],"wp:featuredmedia":[{"embeddable":true,"href":"https:\/\/elotroenfoque.mx\/index.php\/wp-json\/wp\/v2\/media\/184965"}],"wp:attachment":[{"href":"https:\/\/elotroenfoque.mx\/index.php\/wp-json\/wp\/v2\/media?parent=184964"}],"wp:term":[{"taxonomy":"category","embeddable":true,"href":"https:\/\/elotroenfoque.mx\/index.php\/wp-json\/wp\/v2\/categories?post=184964"},{"taxonomy":"post_tag","embeddable":true,"href":"https:\/\/elotroenfoque.mx\/index.php\/wp-json\/wp\/v2\/tags?post=184964"}],"curies":[{"name":"wp","href":"https:\/\/api.w.org\/{rel}","templated":true}]}}