{"id":184974,"date":"2026-05-08T21:30:00","date_gmt":"2026-05-09T03:30:00","guid":{"rendered":"https:\/\/elotroenfoque.mx\/?p=184974"},"modified":"2026-05-08T21:32:27","modified_gmt":"2026-05-09T03:32:27","slug":"belinda-mana-y-j-balvin-abriran-el-mundial-2026-en-mexico","status":"publish","type":"post","link":"https:\/\/elotroenfoque.mx\/index.php\/2026\/05\/08\/belinda-mana-y-j-balvin-abriran-el-mundial-2026-en-mexico\/","title":{"rendered":"Belinda, Man\u00e1 y J Balvin abrir\u00e1n el Mundial 2026 en M\u00e9xico"},"content":{"rendered":"\n<p class=\"wp-block-paragraph\">La FIFA revel\u00f3 oficialmente a los artistas que participar\u00e1n en la ceremonia inaugural de la Copa Mundial 2026 en Ciudad de M\u00e9xico, donde destacan nombres como Alejandro Fern\u00e1ndez, Belinda, Danny Ocean, J Balvin, Lila Downs, Los \u00c1ngeles Azules, Man\u00e1 y Tyla.<\/p>\n\n\n\n<p class=\"wp-block-paragraph\">El espect\u00e1culo se llevar\u00e1 a cabo el pr\u00f3ximo 11 de junio de 2026 en el reci\u00e9n renombrado Estadio Banorte, anteriormente conocido como estadio Azteca, antes del partido inaugural entre M\u00e9xico y Sud\u00e1frica.<\/p>\n\n\n\n<figure class=\"wp-block-embed is-type-rich is-provider-twitter wp-block-embed-twitter\"><div class=\"wp-block-embed__wrapper\">\n<blockquote class=\"twitter-tweet\" data-width=\"550\" data-dnt=\"true\"><p lang=\"en\" dir=\"ltr\">The world\u2019s stage is set in Mexico, where the journey begins \ud83c\uddf2\ud83c\uddfd<br> <br>The world comes alive as football, music and culture spark the start of the <a href=\"https:\/\/x.com\/hashtag\/FIFAWorldCup?src=hash&amp;ref_src=twsrc%5Etfw\">#FIFAWorldCup<\/a> \ud83c\udfc6\ud83c\udfb6\ud83c\udf86<\/p>&mdash; FIFA World Cup (@FIFAWorldCup) <a href=\"https:\/\/x.com\/FIFAWorldCup\/status\/2052889001414000972?ref_src=twsrc%5Etfw\">May 8, 2026<\/a><\/blockquote><script async src=\"https:\/\/platform.x.com\/widgets.js\" charset=\"utf-8\"><\/script>\n<\/div><\/figure>\n\n\n\n<p class=\"wp-block-paragraph\">De acuerdo con la FIFA, la ceremonia tendr\u00e1 una duraci\u00f3n aproximada de 90 minutos y arrancar\u00e1 antes del silbatazo inicial. El organismo detall\u00f3 que el evento buscar\u00e1 combinar m\u00fasica, cultura y futbol mediante una producci\u00f3n inspirada en elementos tradicionales mexicanos como el papel picado.<\/p>\n\n\n\n<p class=\"wp-block-paragraph\">El presidente de la FIFA, Gianni Infantino, se\u00f1al\u00f3 que las ceremonias en M\u00e9xico, Canad\u00e1 y Estados Unidos estar\u00e1n conectadas por un mismo concepto creativo que reflejar\u00e1 la identidad cultural de cada pa\u00eds anfitri\u00f3n.<\/p>\n\n\n\n<p class=\"wp-block-paragraph\"><strong><a href=\"https:\/\/elotroenfoque.mx\/index.php\/2026\/05\/08\/pan-jalisco-y-guanajuato-cierran-filas-rumbo-a-elecciones-de-2027\/\">\u00bfPor qu\u00e9 PAN Jalisco y Guanajuato anunciaron una alianza rumbo a 2027?<\/a><\/strong><\/p>\n\n\n\n<p class=\"wp-block-paragraph\">Mientras tanto, en Estados Unidos se realizar\u00e1n presentaciones encabezadas por Katy Perry, Future, Anitta y LISA, entre otros artistas, durante el evento programado en Los \u00c1ngeles.<\/p>\n\n\n\n<p class=\"wp-block-paragraph\">En Canad\u00e1, la ceremonia en Toronto contar\u00e1 con la participaci\u00f3n de Alanis Morissette, Michael Bubl\u00e9 y Alessia Cara, adem\u00e1s de otros int\u00e9rpretes internacionales.<\/p>\n\n\n\n<p class=\"wp-block-paragraph\">La FIFA inform\u00f3 adem\u00e1s que las puertas de los estadios abrir\u00e1n cuatro horas antes de cada encuentro y recomend\u00f3 a los aficionados llegar con anticipaci\u00f3n para disfrutar las actividades previas y las ceremonias inaugurales.<\/p>\n\n\n\n<p class=\"wp-block-paragraph\"><strong><a href=\"https:\/\/www.tiktok.com\/@elotroenfoque?_r=1&amp;_t=ZS-95fz6wNxSoT\">Sigue tambi\u00e9n las noticias en TikTok<\/a><\/strong><\/p>\n","protected":false},"excerpt":{"rendered":"<p>La FIFA revel\u00f3 oficialmente a los artistas que participar\u00e1n en la ceremonia inaugural de la Copa Mundial 2026 en Ciudad de M\u00e9xico, donde destacan nombres como Alejandro Fern\u00e1ndez, Belinda, Danny Ocean, J Balvin, Lila Downs, Los \u00c1ngeles Azules, Man\u00e1 y Tyla. El espect\u00e1culo se llevar\u00e1 a cabo el pr\u00f3ximo 11 de junio de 2026 en&#8230;<\/p>\n","protected":false},"author":4,"featured_media":184975,"comment_status":"closed","ping_status":"open","sticky":false,"template":"","format":"standard","meta":{"footnotes":""},"categories":[13683],"tags":[13,4517],"class_list":["post-184974","post","type-post","status-publish","format-standard","has-post-thumbnail","hentry","category-en-las-redes","tag-guanajuato","tag-noticias-guanajuato"],"yoast_head":"<!-- This site is optimized with the Yoast SEO plugin v28.2 - https:\/\/yoast.com\/product\/yoast-seo-wordpress\/ -->\n<title>Belinda, Man\u00e1 y J Balvin abrir\u00e1n el Mundial 2026 en M\u00e9xico - El otro enfoque<\/title>\n<meta name=\"description\" content=\"FIFA confirm\u00f3 a Alejandro Fern\u00e1ndez, Belinda, Man\u00e1 y otros artistas para la ceremonia inaugural del Mundial 2026 en el estadio Azteca.\" \/>\n<meta name=\"robots\" content=\"index, follow, max-snippet:-1, max-image-preview:large, max-video-preview:-1\" \/>\n<link rel=\"canonical\" href=\"https:\/\/elotroenfoque.mx\/index.php\/2026\/05\/08\/belinda-mana-y-j-balvin-abriran-el-mundial-2026-en-mexico\/\" \/>\n<meta property=\"og:locale\" content=\"es_MX\" \/>\n<meta property=\"og:type\" content=\"article\" \/>\n<meta property=\"og:title\" content=\"Belinda, Man\u00e1 y J Balvin abrir\u00e1n el Mundial 2026 en M\u00e9xico - El otro enfoque\" \/>\n<meta property=\"og:description\" content=\"FIFA confirm\u00f3 a Alejandro Fern\u00e1ndez, Belinda, Man\u00e1 y otros artistas para la ceremonia inaugural del Mundial 2026 en el estadio Azteca.\" \/>\n<meta property=\"og:url\" content=\"https:\/\/elotroenfoque.mx\/index.php\/2026\/05\/08\/belinda-mana-y-j-balvin-abriran-el-mundial-2026-en-mexico\/\" \/>\n<meta property=\"og:site_name\" content=\"El otro enfoque\" \/>\n<meta property=\"article:published_time\" content=\"2026-05-09T03:30:00+00:00\" \/>\n<meta property=\"article:modified_time\" content=\"2026-05-09T03:32:27+00:00\" \/>\n<meta property=\"og:image\" content=\"https:\/\/elotroenfoque.mx\/wp-content\/uploads\/2026\/05\/alejandro-fernandez-fifa.jpg\" \/>\n\t<meta property=\"og:image:width\" content=\"493\" \/>\n\t<meta property=\"og:image:height\" content=\"500\" \/>\n\t<meta property=\"og:image:type\" content=\"image\/jpeg\" \/>\n<meta name=\"author\" content=\"Equipo Redaccion\" \/>\n<meta name=\"twitter:card\" content=\"summary_large_image\" \/>\n<meta name=\"twitter:label1\" content=\"Escrito por\" \/>\n\t<meta name=\"twitter:data1\" content=\"Equipo Redaccion\" \/>\n\t<meta name=\"twitter:label2\" content=\"Tiempo de lectura\" \/>\n\t<meta name=\"twitter:data2\" content=\"2 minutos\" \/>\n<script type=\"application\/ld+json\" class=\"yoast-schema-graph\">{\"@context\":\"https:\\\/\\\/schema.org\",\"@graph\":[{\"@type\":\"Article\",\"@id\":\"https:\\\/\\\/elotroenfoque.mx\\\/index.php\\\/2026\\\/05\\\/08\\\/belinda-mana-y-j-balvin-abriran-el-mundial-2026-en-mexico\\\/#article\",\"isPartOf\":{\"@id\":\"https:\\\/\\\/elotroenfoque.mx\\\/index.php\\\/2026\\\/05\\\/08\\\/belinda-mana-y-j-balvin-abriran-el-mundial-2026-en-mexico\\\/\"},\"author\":{\"name\":\"Equipo Redaccion\",\"@id\":\"https:\\\/\\\/elotroenfoque.mx\\\/#\\\/schema\\\/person\\\/8eb322f84d0bd9f337e462905519a1ae\"},\"headline\":\"Belinda, Man\u00e1 y J Balvin abrir\u00e1n el Mundial 2026 en M\u00e9xico\",\"datePublished\":\"2026-05-09T03:30:00+00:00\",\"dateModified\":\"2026-05-09T03:32:27+00:00\",\"mainEntityOfPage\":{\"@id\":\"https:\\\/\\\/elotroenfoque.mx\\\/index.php\\\/2026\\\/05\\\/08\\\/belinda-mana-y-j-balvin-abriran-el-mundial-2026-en-mexico\\\/\"},\"wordCount\":325,\"image\":{\"@id\":\"https:\\\/\\\/elotroenfoque.mx\\\/index.php\\\/2026\\\/05\\\/08\\\/belinda-mana-y-j-balvin-abriran-el-mundial-2026-en-mexico\\\/#primaryimage\"},\"thumbnailUrl\":\"https:\\\/\\\/elotroenfoque.mx\\\/wp-content\\\/uploads\\\/2026\\\/05\\\/alejandro-fernandez-fifa.jpg\",\"keywords\":[\"Guanajuato\",\"Noticias Guanajuato\"],\"articleSection\":[\"En las Redes\"],\"inLanguage\":\"es\"},{\"@type\":\"WebPage\",\"@id\":\"https:\\\/\\\/elotroenfoque.mx\\\/index.php\\\/2026\\\/05\\\/08\\\/belinda-mana-y-j-balvin-abriran-el-mundial-2026-en-mexico\\\/\",\"url\":\"https:\\\/\\\/elotroenfoque.mx\\\/index.php\\\/2026\\\/05\\\/08\\\/belinda-mana-y-j-balvin-abriran-el-mundial-2026-en-mexico\\\/\",\"name\":\"Belinda, Man\u00e1 y J Balvin abrir\u00e1n el Mundial 2026 en M\u00e9xico - El otro enfoque\",\"isPartOf\":{\"@id\":\"https:\\\/\\\/elotroenfoque.mx\\\/#website\"},\"primaryImageOfPage\":{\"@id\":\"https:\\\/\\\/elotroenfoque.mx\\\/index.php\\\/2026\\\/05\\\/08\\\/belinda-mana-y-j-balvin-abriran-el-mundial-2026-en-mexico\\\/#primaryimage\"},\"image\":{\"@id\":\"https:\\\/\\\/elotroenfoque.mx\\\/index.php\\\/2026\\\/05\\\/08\\\/belinda-mana-y-j-balvin-abriran-el-mundial-2026-en-mexico\\\/#primaryimage\"},\"thumbnailUrl\":\"https:\\\/\\\/elotroenfoque.mx\\\/wp-content\\\/uploads\\\/2026\\\/05\\\/alejandro-fernandez-fifa.jpg\",\"datePublished\":\"2026-05-09T03:30:00+00:00\",\"dateModified\":\"2026-05-09T03:32:27+00:00\",\"author\":{\"@id\":\"https:\\\/\\\/elotroenfoque.mx\\\/#\\\/schema\\\/person\\\/8eb322f84d0bd9f337e462905519a1ae\"},\"description\":\"FIFA confirm\u00f3 a Alejandro Fern\u00e1ndez, Belinda, Man\u00e1 y otros artistas para la ceremonia inaugural del Mundial 2026 en el estadio Azteca.\",\"breadcrumb\":{\"@id\":\"https:\\\/\\\/elotroenfoque.mx\\\/index.php\\\/2026\\\/05\\\/08\\\/belinda-mana-y-j-balvin-abriran-el-mundial-2026-en-mexico\\\/#breadcrumb\"},\"inLanguage\":\"es\",\"potentialAction\":[{\"@type\":\"ReadAction\",\"target\":[\"https:\\\/\\\/elotroenfoque.mx\\\/index.php\\\/2026\\\/05\\\/08\\\/belinda-mana-y-j-balvin-abriran-el-mundial-2026-en-mexico\\\/\"]}]},{\"@type\":\"ImageObject\",\"inLanguage\":\"es\",\"@id\":\"https:\\\/\\\/elotroenfoque.mx\\\/index.php\\\/2026\\\/05\\\/08\\\/belinda-mana-y-j-balvin-abriran-el-mundial-2026-en-mexico\\\/#primaryimage\",\"url\":\"https:\\\/\\\/elotroenfoque.mx\\\/wp-content\\\/uploads\\\/2026\\\/05\\\/alejandro-fernandez-fifa.jpg\",\"contentUrl\":\"https:\\\/\\\/elotroenfoque.mx\\\/wp-content\\\/uploads\\\/2026\\\/05\\\/alejandro-fernandez-fifa.jpg\",\"width\":493,\"height\":500},{\"@type\":\"BreadcrumbList\",\"@id\":\"https:\\\/\\\/elotroenfoque.mx\\\/index.php\\\/2026\\\/05\\\/08\\\/belinda-mana-y-j-balvin-abriran-el-mundial-2026-en-mexico\\\/#breadcrumb\",\"itemListElement\":[{\"@type\":\"ListItem\",\"position\":1,\"name\":\"Portada\",\"item\":\"https:\\\/\\\/elotroenfoque.mx\\\/\"},{\"@type\":\"ListItem\",\"position\":2,\"name\":\"Belinda, Man\u00e1 y J Balvin abrir\u00e1n el Mundial 2026 en M\u00e9xico\"}]},{\"@type\":\"WebSite\",\"@id\":\"https:\\\/\\\/elotroenfoque.mx\\\/#website\",\"url\":\"https:\\\/\\\/elotroenfoque.mx\\\/\",\"name\":\"El otro enfoque\",\"description\":\"\",\"potentialAction\":[{\"@type\":\"SearchAction\",\"target\":{\"@type\":\"EntryPoint\",\"urlTemplate\":\"https:\\\/\\\/elotroenfoque.mx\\\/?s={search_term_string}\"},\"query-input\":{\"@type\":\"PropertyValueSpecification\",\"valueRequired\":true,\"valueName\":\"search_term_string\"}}],\"inLanguage\":\"es\"},{\"@type\":\"Person\",\"@id\":\"https:\\\/\\\/elotroenfoque.mx\\\/#\\\/schema\\\/person\\\/8eb322f84d0bd9f337e462905519a1ae\",\"name\":\"Equipo Redaccion\",\"image\":{\"@type\":\"ImageObject\",\"inLanguage\":\"es\",\"@id\":\"https:\\\/\\\/secure.gravatar.com\\\/avatar\\\/3579478e2b4e7aad364a32b26cf744b360ae0e581ee1cd0cb18a8f239ee49ac4?s=96&d=mm&r=g\",\"url\":\"https:\\\/\\\/secure.gravatar.com\\\/avatar\\\/3579478e2b4e7aad364a32b26cf744b360ae0e581ee1cd0cb18a8f239ee49ac4?s=96&d=mm&r=g\",\"contentUrl\":\"https:\\\/\\\/secure.gravatar.com\\\/avatar\\\/3579478e2b4e7aad364a32b26cf744b360ae0e581ee1cd0cb18a8f239ee49ac4?s=96&d=mm&r=g\",\"caption\":\"Equipo Redaccion\"},\"url\":\"https:\\\/\\\/elotroenfoque.mx\\\/index.php\\\/author\\\/redaccion\\\/\"}]}<\/script>\n<!-- \/ Yoast SEO plugin. -->","yoast_head_json":{"title":"Belinda, Man\u00e1 y J Balvin abrir\u00e1n el Mundial 2026 en M\u00e9xico - El otro enfoque","description":"FIFA confirm\u00f3 a Alejandro Fern\u00e1ndez, Belinda, Man\u00e1 y otros artistas para la ceremonia inaugural del Mundial 2026 en el estadio Azteca.","robots":{"index":"index","follow":"follow","max-snippet":"max-snippet:-1","max-image-preview":"max-image-preview:large","max-video-preview":"max-video-preview:-1"},"canonical":"https:\/\/elotroenfoque.mx\/index.php\/2026\/05\/08\/belinda-mana-y-j-balvin-abriran-el-mundial-2026-en-mexico\/","og_locale":"es_MX","og_type":"article","og_title":"Belinda, Man\u00e1 y J Balvin abrir\u00e1n el Mundial 2026 en M\u00e9xico - El otro enfoque","og_description":"FIFA confirm\u00f3 a Alejandro Fern\u00e1ndez, Belinda, Man\u00e1 y otros artistas para la ceremonia inaugural del Mundial 2026 en el estadio Azteca.","og_url":"https:\/\/elotroenfoque.mx\/index.php\/2026\/05\/08\/belinda-mana-y-j-balvin-abriran-el-mundial-2026-en-mexico\/","og_site_name":"El otro enfoque","article_published_time":"2026-05-09T03:30:00+00:00","article_modified_time":"2026-05-09T03:32:27+00:00","og_image":[{"width":493,"height":500,"url":"https:\/\/elotroenfoque.mx\/wp-content\/uploads\/2026\/05\/alejandro-fernandez-fifa.jpg","type":"image\/jpeg"}],"author":"Equipo Redaccion","twitter_card":"summary_large_image","twitter_misc":{"Escrito por":"Equipo Redaccion","Tiempo de lectura":"2 minutos"},"schema":{"@context":"https:\/\/schema.org","@graph":[{"@type":"Article","@id":"https:\/\/elotroenfoque.mx\/index.php\/2026\/05\/08\/belinda-mana-y-j-balvin-abriran-el-mundial-2026-en-mexico\/#article","isPartOf":{"@id":"https:\/\/elotroenfoque.mx\/index.php\/2026\/05\/08\/belinda-mana-y-j-balvin-abriran-el-mundial-2026-en-mexico\/"},"author":{"name":"Equipo Redaccion","@id":"https:\/\/elotroenfoque.mx\/#\/schema\/person\/8eb322f84d0bd9f337e462905519a1ae"},"headline":"Belinda, Man\u00e1 y J Balvin abrir\u00e1n el Mundial 2026 en M\u00e9xico","datePublished":"2026-05-09T03:30:00+00:00","dateModified":"2026-05-09T03:32:27+00:00","mainEntityOfPage":{"@id":"https:\/\/elotroenfoque.mx\/index.php\/2026\/05\/08\/belinda-mana-y-j-balvin-abriran-el-mundial-2026-en-mexico\/"},"wordCount":325,"image":{"@id":"https:\/\/elotroenfoque.mx\/index.php\/2026\/05\/08\/belinda-mana-y-j-balvin-abriran-el-mundial-2026-en-mexico\/#primaryimage"},"thumbnailUrl":"https:\/\/elotroenfoque.mx\/wp-content\/uploads\/2026\/05\/alejandro-fernandez-fifa.jpg","keywords":["Guanajuato","Noticias Guanajuato"],"articleSection":["En las Redes"],"inLanguage":"es"},{"@type":"WebPage","@id":"https:\/\/elotroenfoque.mx\/index.php\/2026\/05\/08\/belinda-mana-y-j-balvin-abriran-el-mundial-2026-en-mexico\/","url":"https:\/\/elotroenfoque.mx\/index.php\/2026\/05\/08\/belinda-mana-y-j-balvin-abriran-el-mundial-2026-en-mexico\/","name":"Belinda, Man\u00e1 y J Balvin abrir\u00e1n el Mundial 2026 en M\u00e9xico - El otro enfoque","isPartOf":{"@id":"https:\/\/elotroenfoque.mx\/#website"},"primaryImageOfPage":{"@id":"https:\/\/elotroenfoque.mx\/index.php\/2026\/05\/08\/belinda-mana-y-j-balvin-abriran-el-mundial-2026-en-mexico\/#primaryimage"},"image":{"@id":"https:\/\/elotroenfoque.mx\/index.php\/2026\/05\/08\/belinda-mana-y-j-balvin-abriran-el-mundial-2026-en-mexico\/#primaryimage"},"thumbnailUrl":"https:\/\/elotroenfoque.mx\/wp-content\/uploads\/2026\/05\/alejandro-fernandez-fifa.jpg","datePublished":"2026-05-09T03:30:00+00:00","dateModified":"2026-05-09T03:32:27+00:00","author":{"@id":"https:\/\/elotroenfoque.mx\/#\/schema\/person\/8eb322f84d0bd9f337e462905519a1ae"},"description":"FIFA confirm\u00f3 a Alejandro Fern\u00e1ndez, Belinda, Man\u00e1 y otros artistas para la ceremonia inaugural del Mundial 2026 en el estadio Azteca.","breadcrumb":{"@id":"https:\/\/elotroenfoque.mx\/index.php\/2026\/05\/08\/belinda-mana-y-j-balvin-abriran-el-mundial-2026-en-mexico\/#breadcrumb"},"inLanguage":"es","potentialAction":[{"@type":"ReadAction","target":["https:\/\/elotroenfoque.mx\/index.php\/2026\/05\/08\/belinda-mana-y-j-balvin-abriran-el-mundial-2026-en-mexico\/"]}]},{"@type":"ImageObject","inLanguage":"es","@id":"https:\/\/elotroenfoque.mx\/index.php\/2026\/05\/08\/belinda-mana-y-j-balvin-abriran-el-mundial-2026-en-mexico\/#primaryimage","url":"https:\/\/elotroenfoque.mx\/wp-content\/uploads\/2026\/05\/alejandro-fernandez-fifa.jpg","contentUrl":"https:\/\/elotroenfoque.mx\/wp-content\/uploads\/2026\/05\/alejandro-fernandez-fifa.jpg","width":493,"height":500},{"@type":"BreadcrumbList","@id":"https:\/\/elotroenfoque.mx\/index.php\/2026\/05\/08\/belinda-mana-y-j-balvin-abriran-el-mundial-2026-en-mexico\/#breadcrumb","itemListElement":[{"@type":"ListItem","position":1,"name":"Portada","item":"https:\/\/elotroenfoque.mx\/"},{"@type":"ListItem","position":2,"name":"Belinda, Man\u00e1 y J Balvin abrir\u00e1n el Mundial 2026 en M\u00e9xico"}]},{"@type":"WebSite","@id":"https:\/\/elotroenfoque.mx\/#website","url":"https:\/\/elotroenfoque.mx\/","name":"El otro enfoque","description":"","potentialAction":[{"@type":"SearchAction","target":{"@type":"EntryPoint","urlTemplate":"https:\/\/elotroenfoque.mx\/?s={search_term_string}"},"query-input":{"@type":"PropertyValueSpecification","valueRequired":true,"valueName":"search_term_string"}}],"inLanguage":"es"},{"@type":"Person","@id":"https:\/\/elotroenfoque.mx\/#\/schema\/person\/8eb322f84d0bd9f337e462905519a1ae","name":"Equipo Redaccion","image":{"@type":"ImageObject","inLanguage":"es","@id":"https:\/\/secure.gravatar.com\/avatar\/3579478e2b4e7aad364a32b26cf744b360ae0e581ee1cd0cb18a8f239ee49ac4?s=96&d=mm&r=g","url":"https:\/\/secure.gravatar.com\/avatar\/3579478e2b4e7aad364a32b26cf744b360ae0e581ee1cd0cb18a8f239ee49ac4?s=96&d=mm&r=g","contentUrl":"https:\/\/secure.gravatar.com\/avatar\/3579478e2b4e7aad364a32b26cf744b360ae0e581ee1cd0cb18a8f239ee49ac4?s=96&d=mm&r=g","caption":"Equipo Redaccion"},"url":"https:\/\/elotroenfoque.mx\/index.php\/author\/redaccion\/"}]}},"_links":{"self":[{"href":"https:\/\/elotroenfoque.mx\/index.php\/wp-json\/wp\/v2\/posts\/184974","targetHints":{"allow":["GET"]}}],"collection":[{"href":"https:\/\/elotroenfoque.mx\/index.php\/wp-json\/wp\/v2\/posts"}],"about":[{"href":"https:\/\/elotroenfoque.mx\/index.php\/wp-json\/wp\/v2\/types\/post"}],"author":[{"embeddable":true,"href":"https:\/\/elotroenfoque.mx\/index.php\/wp-json\/wp\/v2\/users\/4"}],"replies":[{"embeddable":true,"href":"https:\/\/elotroenfoque.mx\/index.php\/wp-json\/wp\/v2\/comments?post=184974"}],"version-history":[{"count":1,"href":"https:\/\/elotroenfoque.mx\/index.php\/wp-json\/wp\/v2\/posts\/184974\/revisions"}],"predecessor-version":[{"id":184976,"href":"https:\/\/elotroenfoque.mx\/index.php\/wp-json\/wp\/v2\/posts\/184974\/revisions\/184976"}],"wp:featuredmedia":[{"embeddable":true,"href":"https:\/\/elotroenfoque.mx\/index.php\/wp-json\/wp\/v2\/media\/184975"}],"wp:attachment":[{"href":"https:\/\/elotroenfoque.mx\/index.php\/wp-json\/wp\/v2\/media?parent=184974"}],"wp:term":[{"taxonomy":"category","embeddable":true,"href":"https:\/\/elotroenfoque.mx\/index.php\/wp-json\/wp\/v2\/categories?post=184974"},{"taxonomy":"post_tag","embeddable":true,"href":"https:\/\/elotroenfoque.mx\/index.php\/wp-json\/wp\/v2\/tags?post=184974"}],"curies":[{"name":"wp","href":"https:\/\/api.w.org\/{rel}","templated":true}]}}