{"id":190997,"date":"2026-07-15T13:22:31","date_gmt":"2026-07-15T19:22:31","guid":{"rendered":"https:\/\/elotroenfoque.mx\/?p=190997"},"modified":"2026-07-15T13:32:43","modified_gmt":"2026-07-15T19:32:43","slug":"deja-accidente-un-herido-en-volcadura-en-irapuato","status":"publish","type":"post","link":"https:\/\/elotroenfoque.mx\/index.php\/2026\/07\/15\/deja-accidente-un-herido-en-volcadura-en-irapuato\/","title":{"rendered":"Deja accidente un herido en volcadura en Irapuato"},"content":{"rendered":"\n<p class=\"wp-block-paragraph\">En Irapuato la volcadura de un cami\u00f3n de carga dej\u00f3 el saldo de una persona herida, en la tarde de este mi\u00e9rcoles.<\/p>\n\n\n\n<p class=\"wp-block-paragraph\">Personal del Sistema de Urgencias del Estado de Guanajuato, acudi\u00f3 al lugar al igual que autoridades que vigilan las carreteras estatales y federales. El operador del cami\u00f3n estaba lastimado y fue auxiliado.<\/p>\n\n\n\n<p class=\"wp-block-paragraph\">El cami\u00f3n qued\u00f3 recostado al centro de la carretera Irapuato entronque con Salamanca.<\/p>\n\n\n\n<p class=\"wp-block-paragraph\"><strong><a href=\"https:\/\/elotroenfoque.mx\/index.php\/2026\/07\/15\/psicologos-usan-caso-del-policia-para-opinar-en-redes-importancia-de-la-salud-mental\/\">Psic\u00f3logos opinan sobre importancia de la salud mental en polic\u00edas<\/a><\/strong><\/p>\n\n\n\n<p class=\"wp-block-paragraph\">Las autoridades tendr\u00e1n que investigar cual fue la mec\u00e1nica del accidente. <\/p>\n\n\n\n<p class=\"wp-block-paragraph\"><strong><a href=\"https:\/\/www.tiktok.com\/@elotroenfoque?_r=1&amp;_t=ZS-97ffhW6kR1t\">Sigue tambi\u00e9n las noticias en TikTok<\/a><\/strong><\/p>\n","protected":false},"excerpt":{"rendered":"<p>En Irapuato la volcadura de un cami\u00f3n de carga dej\u00f3 el saldo de una persona herida, en la tarde de este mi\u00e9rcoles. Personal del Sistema de Urgencias del Estado de Guanajuato, acudi\u00f3 al lugar al igual que autoridades que vigilan las carreteras estatales y federales. El operador del cami\u00f3n estaba lastimado y fue auxiliado. El&#8230;<\/p>\n","protected":false},"author":4,"featured_media":190998,"comment_status":"closed","ping_status":"open","sticky":false,"template":"","format":"standard","meta":{"footnotes":""},"categories":[8],"tags":[13,4517],"class_list":["post-190997","post","type-post","status-publish","format-standard","has-post-thumbnail","hentry","category-desenfoques","tag-guanajuato","tag-noticias-guanajuato"],"yoast_head":"<!-- This site is optimized with the Yoast SEO plugin v28.2 - https:\/\/yoast.com\/product\/yoast-seo-wordpress\/ -->\n<title>Deja accidente un herido en volcadura en Irapuato - El otro enfoque<\/title>\n<meta name=\"description\" content=\"En Irapuato la volcadura de un cami\u00f3n de carga dej\u00f3 el saldo de una persona herida, en la tarde de este mi\u00e9rcoles.\" \/>\n<meta name=\"robots\" content=\"index, follow, max-snippet:-1, max-image-preview:large, max-video-preview:-1\" \/>\n<link rel=\"canonical\" href=\"https:\/\/elotroenfoque.mx\/index.php\/2026\/07\/15\/deja-accidente-un-herido-en-volcadura-en-irapuato\/\" \/>\n<meta property=\"og:locale\" content=\"es_MX\" \/>\n<meta property=\"og:type\" content=\"article\" \/>\n<meta property=\"og:title\" content=\"Deja accidente un herido en volcadura en Irapuato - El otro enfoque\" \/>\n<meta property=\"og:description\" content=\"En Irapuato la volcadura de un cami\u00f3n de carga dej\u00f3 el saldo de una persona herida, en la tarde de este mi\u00e9rcoles.\" \/>\n<meta property=\"og:url\" content=\"https:\/\/elotroenfoque.mx\/index.php\/2026\/07\/15\/deja-accidente-un-herido-en-volcadura-en-irapuato\/\" \/>\n<meta property=\"og:site_name\" content=\"El otro enfoque\" \/>\n<meta property=\"article:published_time\" content=\"2026-07-15T19:22:31+00:00\" \/>\n<meta property=\"article:modified_time\" content=\"2026-07-15T19:32:43+00:00\" \/>\n<meta property=\"og:image\" content=\"https:\/\/elotroenfoque.mx\/wp-content\/uploads\/2026\/07\/volcadura-5.jpg\" \/>\n\t<meta property=\"og:image:width\" content=\"1164\" \/>\n\t<meta property=\"og:image:height\" content=\"720\" \/>\n\t<meta property=\"og:image:type\" content=\"image\/jpeg\" \/>\n<meta name=\"author\" content=\"Equipo Redaccion\" \/>\n<meta name=\"twitter:card\" content=\"summary_large_image\" \/>\n<meta name=\"twitter:label1\" content=\"Escrito por\" \/>\n\t<meta name=\"twitter:data1\" content=\"Equipo Redaccion\" \/>\n\t<meta name=\"twitter:label2\" content=\"Tiempo de lectura\" \/>\n\t<meta name=\"twitter:data2\" content=\"1 minuto\" \/>\n<script type=\"application\/ld+json\" class=\"yoast-schema-graph\">{\"@context\":\"https:\\\/\\\/schema.org\",\"@graph\":[{\"@type\":\"Article\",\"@id\":\"https:\\\/\\\/elotroenfoque.mx\\\/index.php\\\/2026\\\/07\\\/15\\\/deja-accidente-un-herido-en-volcadura-en-irapuato\\\/#article\",\"isPartOf\":{\"@id\":\"https:\\\/\\\/elotroenfoque.mx\\\/index.php\\\/2026\\\/07\\\/15\\\/deja-accidente-un-herido-en-volcadura-en-irapuato\\\/\"},\"author\":{\"name\":\"Equipo Redaccion\",\"@id\":\"https:\\\/\\\/elotroenfoque.mx\\\/#\\\/schema\\\/person\\\/8eb322f84d0bd9f337e462905519a1ae\"},\"headline\":\"Deja accidente un herido en volcadura en Irapuato\",\"datePublished\":\"2026-07-15T19:22:31+00:00\",\"dateModified\":\"2026-07-15T19:32:43+00:00\",\"mainEntityOfPage\":{\"@id\":\"https:\\\/\\\/elotroenfoque.mx\\\/index.php\\\/2026\\\/07\\\/15\\\/deja-accidente-un-herido-en-volcadura-en-irapuato\\\/\"},\"wordCount\":111,\"image\":{\"@id\":\"https:\\\/\\\/elotroenfoque.mx\\\/index.php\\\/2026\\\/07\\\/15\\\/deja-accidente-un-herido-en-volcadura-en-irapuato\\\/#primaryimage\"},\"thumbnailUrl\":\"https:\\\/\\\/elotroenfoque.mx\\\/wp-content\\\/uploads\\\/2026\\\/07\\\/volcadura-5.jpg\",\"keywords\":[\"Guanajuato\",\"Noticias Guanajuato\"],\"articleSection\":[\"Desenfoques\"],\"inLanguage\":\"es\"},{\"@type\":\"WebPage\",\"@id\":\"https:\\\/\\\/elotroenfoque.mx\\\/index.php\\\/2026\\\/07\\\/15\\\/deja-accidente-un-herido-en-volcadura-en-irapuato\\\/\",\"url\":\"https:\\\/\\\/elotroenfoque.mx\\\/index.php\\\/2026\\\/07\\\/15\\\/deja-accidente-un-herido-en-volcadura-en-irapuato\\\/\",\"name\":\"Deja accidente un herido en volcadura en Irapuato - El otro enfoque\",\"isPartOf\":{\"@id\":\"https:\\\/\\\/elotroenfoque.mx\\\/#website\"},\"primaryImageOfPage\":{\"@id\":\"https:\\\/\\\/elotroenfoque.mx\\\/index.php\\\/2026\\\/07\\\/15\\\/deja-accidente-un-herido-en-volcadura-en-irapuato\\\/#primaryimage\"},\"image\":{\"@id\":\"https:\\\/\\\/elotroenfoque.mx\\\/index.php\\\/2026\\\/07\\\/15\\\/deja-accidente-un-herido-en-volcadura-en-irapuato\\\/#primaryimage\"},\"thumbnailUrl\":\"https:\\\/\\\/elotroenfoque.mx\\\/wp-content\\\/uploads\\\/2026\\\/07\\\/volcadura-5.jpg\",\"datePublished\":\"2026-07-15T19:22:31+00:00\",\"dateModified\":\"2026-07-15T19:32:43+00:00\",\"author\":{\"@id\":\"https:\\\/\\\/elotroenfoque.mx\\\/#\\\/schema\\\/person\\\/8eb322f84d0bd9f337e462905519a1ae\"},\"description\":\"En Irapuato la volcadura de un cami\u00f3n de carga dej\u00f3 el saldo de una persona herida, en la tarde de este mi\u00e9rcoles.\",\"breadcrumb\":{\"@id\":\"https:\\\/\\\/elotroenfoque.mx\\\/index.php\\\/2026\\\/07\\\/15\\\/deja-accidente-un-herido-en-volcadura-en-irapuato\\\/#breadcrumb\"},\"inLanguage\":\"es\",\"potentialAction\":[{\"@type\":\"ReadAction\",\"target\":[\"https:\\\/\\\/elotroenfoque.mx\\\/index.php\\\/2026\\\/07\\\/15\\\/deja-accidente-un-herido-en-volcadura-en-irapuato\\\/\"]}]},{\"@type\":\"ImageObject\",\"inLanguage\":\"es\",\"@id\":\"https:\\\/\\\/elotroenfoque.mx\\\/index.php\\\/2026\\\/07\\\/15\\\/deja-accidente-un-herido-en-volcadura-en-irapuato\\\/#primaryimage\",\"url\":\"https:\\\/\\\/elotroenfoque.mx\\\/wp-content\\\/uploads\\\/2026\\\/07\\\/volcadura-5.jpg\",\"contentUrl\":\"https:\\\/\\\/elotroenfoque.mx\\\/wp-content\\\/uploads\\\/2026\\\/07\\\/volcadura-5.jpg\",\"width\":1164,\"height\":720,\"caption\":\"Volcadura en Irapuato\"},{\"@type\":\"BreadcrumbList\",\"@id\":\"https:\\\/\\\/elotroenfoque.mx\\\/index.php\\\/2026\\\/07\\\/15\\\/deja-accidente-un-herido-en-volcadura-en-irapuato\\\/#breadcrumb\",\"itemListElement\":[{\"@type\":\"ListItem\",\"position\":1,\"name\":\"Portada\",\"item\":\"https:\\\/\\\/elotroenfoque.mx\\\/\"},{\"@type\":\"ListItem\",\"position\":2,\"name\":\"Deja accidente un herido en volcadura en Irapuato\"}]},{\"@type\":\"WebSite\",\"@id\":\"https:\\\/\\\/elotroenfoque.mx\\\/#website\",\"url\":\"https:\\\/\\\/elotroenfoque.mx\\\/\",\"name\":\"El otro enfoque\",\"description\":\"\",\"potentialAction\":[{\"@type\":\"SearchAction\",\"target\":{\"@type\":\"EntryPoint\",\"urlTemplate\":\"https:\\\/\\\/elotroenfoque.mx\\\/?s={search_term_string}\"},\"query-input\":{\"@type\":\"PropertyValueSpecification\",\"valueRequired\":true,\"valueName\":\"search_term_string\"}}],\"inLanguage\":\"es\"},{\"@type\":\"Person\",\"@id\":\"https:\\\/\\\/elotroenfoque.mx\\\/#\\\/schema\\\/person\\\/8eb322f84d0bd9f337e462905519a1ae\",\"name\":\"Equipo Redaccion\",\"image\":{\"@type\":\"ImageObject\",\"inLanguage\":\"es\",\"@id\":\"https:\\\/\\\/secure.gravatar.com\\\/avatar\\\/3579478e2b4e7aad364a32b26cf744b360ae0e581ee1cd0cb18a8f239ee49ac4?s=96&d=mm&r=g\",\"url\":\"https:\\\/\\\/secure.gravatar.com\\\/avatar\\\/3579478e2b4e7aad364a32b26cf744b360ae0e581ee1cd0cb18a8f239ee49ac4?s=96&d=mm&r=g\",\"contentUrl\":\"https:\\\/\\\/secure.gravatar.com\\\/avatar\\\/3579478e2b4e7aad364a32b26cf744b360ae0e581ee1cd0cb18a8f239ee49ac4?s=96&d=mm&r=g\",\"caption\":\"Equipo Redaccion\"},\"url\":\"https:\\\/\\\/elotroenfoque.mx\\\/index.php\\\/author\\\/redaccion\\\/\"}]}<\/script>\n<!-- \/ Yoast SEO plugin. -->","yoast_head_json":{"title":"Deja accidente un herido en volcadura en Irapuato - El otro enfoque","description":"En Irapuato la volcadura de un cami\u00f3n de carga dej\u00f3 el saldo de una persona herida, en la tarde de este mi\u00e9rcoles.","robots":{"index":"index","follow":"follow","max-snippet":"max-snippet:-1","max-image-preview":"max-image-preview:large","max-video-preview":"max-video-preview:-1"},"canonical":"https:\/\/elotroenfoque.mx\/index.php\/2026\/07\/15\/deja-accidente-un-herido-en-volcadura-en-irapuato\/","og_locale":"es_MX","og_type":"article","og_title":"Deja accidente un herido en volcadura en Irapuato - El otro enfoque","og_description":"En Irapuato la volcadura de un cami\u00f3n de carga dej\u00f3 el saldo de una persona herida, en la tarde de este mi\u00e9rcoles.","og_url":"https:\/\/elotroenfoque.mx\/index.php\/2026\/07\/15\/deja-accidente-un-herido-en-volcadura-en-irapuato\/","og_site_name":"El otro enfoque","article_published_time":"2026-07-15T19:22:31+00:00","article_modified_time":"2026-07-15T19:32:43+00:00","og_image":[{"width":1164,"height":720,"url":"https:\/\/elotroenfoque.mx\/wp-content\/uploads\/2026\/07\/volcadura-5.jpg","type":"image\/jpeg"}],"author":"Equipo Redaccion","twitter_card":"summary_large_image","twitter_misc":{"Escrito por":"Equipo Redaccion","Tiempo de lectura":"1 minuto"},"schema":{"@context":"https:\/\/schema.org","@graph":[{"@type":"Article","@id":"https:\/\/elotroenfoque.mx\/index.php\/2026\/07\/15\/deja-accidente-un-herido-en-volcadura-en-irapuato\/#article","isPartOf":{"@id":"https:\/\/elotroenfoque.mx\/index.php\/2026\/07\/15\/deja-accidente-un-herido-en-volcadura-en-irapuato\/"},"author":{"name":"Equipo Redaccion","@id":"https:\/\/elotroenfoque.mx\/#\/schema\/person\/8eb322f84d0bd9f337e462905519a1ae"},"headline":"Deja accidente un herido en volcadura en Irapuato","datePublished":"2026-07-15T19:22:31+00:00","dateModified":"2026-07-15T19:32:43+00:00","mainEntityOfPage":{"@id":"https:\/\/elotroenfoque.mx\/index.php\/2026\/07\/15\/deja-accidente-un-herido-en-volcadura-en-irapuato\/"},"wordCount":111,"image":{"@id":"https:\/\/elotroenfoque.mx\/index.php\/2026\/07\/15\/deja-accidente-un-herido-en-volcadura-en-irapuato\/#primaryimage"},"thumbnailUrl":"https:\/\/elotroenfoque.mx\/wp-content\/uploads\/2026\/07\/volcadura-5.jpg","keywords":["Guanajuato","Noticias Guanajuato"],"articleSection":["Desenfoques"],"inLanguage":"es"},{"@type":"WebPage","@id":"https:\/\/elotroenfoque.mx\/index.php\/2026\/07\/15\/deja-accidente-un-herido-en-volcadura-en-irapuato\/","url":"https:\/\/elotroenfoque.mx\/index.php\/2026\/07\/15\/deja-accidente-un-herido-en-volcadura-en-irapuato\/","name":"Deja accidente un herido en volcadura en Irapuato - El otro enfoque","isPartOf":{"@id":"https:\/\/elotroenfoque.mx\/#website"},"primaryImageOfPage":{"@id":"https:\/\/elotroenfoque.mx\/index.php\/2026\/07\/15\/deja-accidente-un-herido-en-volcadura-en-irapuato\/#primaryimage"},"image":{"@id":"https:\/\/elotroenfoque.mx\/index.php\/2026\/07\/15\/deja-accidente-un-herido-en-volcadura-en-irapuato\/#primaryimage"},"thumbnailUrl":"https:\/\/elotroenfoque.mx\/wp-content\/uploads\/2026\/07\/volcadura-5.jpg","datePublished":"2026-07-15T19:22:31+00:00","dateModified":"2026-07-15T19:32:43+00:00","author":{"@id":"https:\/\/elotroenfoque.mx\/#\/schema\/person\/8eb322f84d0bd9f337e462905519a1ae"},"description":"En Irapuato la volcadura de un cami\u00f3n de carga dej\u00f3 el saldo de una persona herida, en la tarde de este mi\u00e9rcoles.","breadcrumb":{"@id":"https:\/\/elotroenfoque.mx\/index.php\/2026\/07\/15\/deja-accidente-un-herido-en-volcadura-en-irapuato\/#breadcrumb"},"inLanguage":"es","potentialAction":[{"@type":"ReadAction","target":["https:\/\/elotroenfoque.mx\/index.php\/2026\/07\/15\/deja-accidente-un-herido-en-volcadura-en-irapuato\/"]}]},{"@type":"ImageObject","inLanguage":"es","@id":"https:\/\/elotroenfoque.mx\/index.php\/2026\/07\/15\/deja-accidente-un-herido-en-volcadura-en-irapuato\/#primaryimage","url":"https:\/\/elotroenfoque.mx\/wp-content\/uploads\/2026\/07\/volcadura-5.jpg","contentUrl":"https:\/\/elotroenfoque.mx\/wp-content\/uploads\/2026\/07\/volcadura-5.jpg","width":1164,"height":720,"caption":"Volcadura en Irapuato"},{"@type":"BreadcrumbList","@id":"https:\/\/elotroenfoque.mx\/index.php\/2026\/07\/15\/deja-accidente-un-herido-en-volcadura-en-irapuato\/#breadcrumb","itemListElement":[{"@type":"ListItem","position":1,"name":"Portada","item":"https:\/\/elotroenfoque.mx\/"},{"@type":"ListItem","position":2,"name":"Deja accidente un herido en volcadura en Irapuato"}]},{"@type":"WebSite","@id":"https:\/\/elotroenfoque.mx\/#website","url":"https:\/\/elotroenfoque.mx\/","name":"El otro enfoque","description":"","potentialAction":[{"@type":"SearchAction","target":{"@type":"EntryPoint","urlTemplate":"https:\/\/elotroenfoque.mx\/?s={search_term_string}"},"query-input":{"@type":"PropertyValueSpecification","valueRequired":true,"valueName":"search_term_string"}}],"inLanguage":"es"},{"@type":"Person","@id":"https:\/\/elotroenfoque.mx\/#\/schema\/person\/8eb322f84d0bd9f337e462905519a1ae","name":"Equipo Redaccion","image":{"@type":"ImageObject","inLanguage":"es","@id":"https:\/\/secure.gravatar.com\/avatar\/3579478e2b4e7aad364a32b26cf744b360ae0e581ee1cd0cb18a8f239ee49ac4?s=96&d=mm&r=g","url":"https:\/\/secure.gravatar.com\/avatar\/3579478e2b4e7aad364a32b26cf744b360ae0e581ee1cd0cb18a8f239ee49ac4?s=96&d=mm&r=g","contentUrl":"https:\/\/secure.gravatar.com\/avatar\/3579478e2b4e7aad364a32b26cf744b360ae0e581ee1cd0cb18a8f239ee49ac4?s=96&d=mm&r=g","caption":"Equipo Redaccion"},"url":"https:\/\/elotroenfoque.mx\/index.php\/author\/redaccion\/"}]}},"_links":{"self":[{"href":"https:\/\/elotroenfoque.mx\/index.php\/wp-json\/wp\/v2\/posts\/190997","targetHints":{"allow":["GET"]}}],"collection":[{"href":"https:\/\/elotroenfoque.mx\/index.php\/wp-json\/wp\/v2\/posts"}],"about":[{"href":"https:\/\/elotroenfoque.mx\/index.php\/wp-json\/wp\/v2\/types\/post"}],"author":[{"embeddable":true,"href":"https:\/\/elotroenfoque.mx\/index.php\/wp-json\/wp\/v2\/users\/4"}],"replies":[{"embeddable":true,"href":"https:\/\/elotroenfoque.mx\/index.php\/wp-json\/wp\/v2\/comments?post=190997"}],"version-history":[{"count":2,"href":"https:\/\/elotroenfoque.mx\/index.php\/wp-json\/wp\/v2\/posts\/190997\/revisions"}],"predecessor-version":[{"id":191001,"href":"https:\/\/elotroenfoque.mx\/index.php\/wp-json\/wp\/v2\/posts\/190997\/revisions\/191001"}],"wp:featuredmedia":[{"embeddable":true,"href":"https:\/\/elotroenfoque.mx\/index.php\/wp-json\/wp\/v2\/media\/190998"}],"wp:attachment":[{"href":"https:\/\/elotroenfoque.mx\/index.php\/wp-json\/wp\/v2\/media?parent=190997"}],"wp:term":[{"taxonomy":"category","embeddable":true,"href":"https:\/\/elotroenfoque.mx\/index.php\/wp-json\/wp\/v2\/categories?post=190997"},{"taxonomy":"post_tag","embeddable":true,"href":"https:\/\/elotroenfoque.mx\/index.php\/wp-json\/wp\/v2\/tags?post=190997"}],"curies":[{"name":"wp","href":"https:\/\/api.w.org\/{rel}","templated":true}]}}