{"id":191240,"date":"2026-07-17T15:30:02","date_gmt":"2026-07-17T21:30:02","guid":{"rendered":"https:\/\/elotroenfoque.mx\/?p=191240"},"modified":"2026-07-17T15:30:03","modified_gmt":"2026-07-17T21:30:03","slug":"traian-en-auto-mas-de-medio-millon-de-pesos-en-arsenal-en-leon","status":"publish","type":"post","link":"https:\/\/elotroenfoque.mx\/index.php\/2026\/07\/17\/traian-en-auto-mas-de-medio-millon-de-pesos-en-arsenal-en-leon\/","title":{"rendered":"Tra\u00edan en auto m\u00e1s de medio mill\u00f3n de pesos en arsenal, en Le\u00f3n"},"content":{"rendered":"\n<p class=\"wp-block-paragraph\">Un sonorense y un jalisciense fueron detenidos por la Polic\u00eda de Le\u00f3n cuando transportaban un costoso arsenal compuesto por ocho armas largas, cientos de cartuchos, equipo t\u00e1ctico y droga.<\/p>\n\n\n\n<p class=\"wp-block-paragraph\">Tan solo las armas aseguradas tendr\u00edan un valor estimado de m\u00e1s de 400 mil pesos en el mercado ilegal, mientras que el equipo bal\u00edstico y las municiones elevar\u00edan el monto total a m\u00e1s de medio mill\u00f3n de pesos.<\/p>\n\n\n\n<p class=\"wp-block-paragraph\">Al consultar en internet cu\u00e1nto vale un arma larga de alto poder como las que tra\u00edan los dos hombres valen entre 30 y 50 mil pesos.<\/p>\n\n\n\n<figure class=\"wp-block-gallery has-nested-images columns-default is-cropped wp-block-gallery-1 is-layout-flex wp-block-gallery-is-layout-flex\">\n<figure class=\"wp-block-image size-large\"><img loading=\"lazy\" decoding=\"async\" width=\"1024\" height=\"1024\" data-id=\"191245\" src=\"https:\/\/elotroenfoque.mx\/wp-content\/uploads\/2026\/07\/arsenal-2-1024x1024.jpg\" alt=\"\" class=\"wp-image-191245\" srcset=\"https:\/\/elotroenfoque.mx\/wp-content\/uploads\/2026\/07\/arsenal-2-1024x1024.jpg 1024w, https:\/\/elotroenfoque.mx\/wp-content\/uploads\/2026\/07\/arsenal-2-300x300.jpg 300w, https:\/\/elotroenfoque.mx\/wp-content\/uploads\/2026\/07\/arsenal-2-150x150.jpg 150w, https:\/\/elotroenfoque.mx\/wp-content\/uploads\/2026\/07\/arsenal-2-768x768.jpg 768w, https:\/\/elotroenfoque.mx\/wp-content\/uploads\/2026\/07\/arsenal-2.jpg 1280w\" sizes=\"auto, (max-width: 1024px) 100vw, 1024px\" \/><\/figure>\n\n\n\n<figure class=\"wp-block-image size-large\"><img loading=\"lazy\" decoding=\"async\" width=\"1024\" height=\"1024\" data-id=\"191246\" src=\"https:\/\/elotroenfoque.mx\/wp-content\/uploads\/2026\/07\/arsenal-1024x1024.jpg\" alt=\"\" class=\"wp-image-191246\" srcset=\"https:\/\/elotroenfoque.mx\/wp-content\/uploads\/2026\/07\/arsenal-1024x1024.jpg 1024w, https:\/\/elotroenfoque.mx\/wp-content\/uploads\/2026\/07\/arsenal-300x300.jpg 300w, https:\/\/elotroenfoque.mx\/wp-content\/uploads\/2026\/07\/arsenal-150x150.jpg 150w, https:\/\/elotroenfoque.mx\/wp-content\/uploads\/2026\/07\/arsenal-768x768.jpg 768w, https:\/\/elotroenfoque.mx\/wp-content\/uploads\/2026\/07\/arsenal.jpg 1280w\" sizes=\"auto, (max-width: 1024px) 100vw, 1024px\" \/><\/figure>\n<\/figure>\n\n\n\n<p class=\"wp-block-paragraph\">La detenci\u00f3n ocurri\u00f3 sobre el bulevar Juan Jos\u00e9 Torres Landa, a la altura de la colonia Buenos Aires. Durante un patrullaje preventivo, elementos de la Secretar\u00eda de Seguridad observaron que los ocupantes de un veh\u00edculo portaban armas largas a simple vista. Al marcarles el alto, el conductor intent\u00f3 escapar, pero fue interceptado metros adelante.<\/p>\n\n\n\n<p class=\"wp-block-paragraph\">Durante la inspecci\u00f3n, los polic\u00edas aseguraron ocho armas largas, 18 cargadores, m\u00e1s de 600 cartuchos \u00fatiles de distintos calibres, cuatro chalecos bal\u00edsticos, ocho placas bal\u00edsticas y 50 dosis de presunto cristal, adem\u00e1s del veh\u00edculo en el que viajaban.<\/p>\n\n\n\n<p class=\"wp-block-paragraph\">Los detenidos fueron identificados como Evaristo, de 32 a\u00f1os, originario de Sonora, y Horacio, de 27 a\u00f1os, procedente de Jalisco. Ambos fueron puestos a disposici\u00f3n de la Fiscal\u00eda General del Estado, que determinar\u00e1 su situaci\u00f3n jur\u00eddica.<\/p>\n\n\n\n<p class=\"wp-block-paragraph\">Aunque las autoridades no informaron el valor del armamento, especialistas en seguridad se\u00f1alan que un fusil de alto poder puede alcanzar hasta 50 mil pesos o m\u00e1s en el mercado negro, dependiendo de su modelo y estado. Con base en esa referencia, solo las ocho armas aseguradas representar\u00edan alrededor de 400 mil pesos, sin considerar el costo de los chalecos bal\u00edsticos, placas, cargadores y municiones, por lo que el aseguramiento superar\u00eda el medio mill\u00f3n de pesos en equipo.<\/p>\n\n\n\n<p class=\"wp-block-paragraph\"><strong><a href=\"https:\/\/elotroenfoque.mx\/index.php\/2026\/07\/17\/estadio-para-la-final-del-mundial-de-los-mas-caros-del-mundo\/\">\u00bfCu\u00e1les son los estadios m\u00e1s caros del mundo?<\/a><\/strong><\/p>\n\n\n\n<p class=\"wp-block-paragraph\">La Secretar\u00eda de Seguridad, Prevenci\u00f3n y Protecci\u00f3n Ciudadana destac\u00f3 que este aseguramiento es resultado de los patrullajes permanentes que se realizan en el municipio para retirar de las calles armamento y objetos que representan un riesgo para la poblaci\u00f3n.<\/p>\n\n\n\n<p class=\"wp-block-paragraph\"><strong><a href=\"https:\/\/www.tiktok.com\/@elotroenfoque?_r=1&amp;_t=ZS-97ffhW6kR1t\">Sigue tambi\u00e9n las noticias en TikTok<\/a><\/strong><\/p>\n","protected":false},"excerpt":{"rendered":"<p>Un sonorense y un jalisciense fueron detenidos por la Polic\u00eda de Le\u00f3n cuando transportaban un costoso arsenal compuesto por ocho armas largas, cientos de cartuchos, equipo t\u00e1ctico y droga. Tan solo las armas aseguradas tendr\u00edan un valor estimado de m\u00e1s de 400 mil pesos en el mercado ilegal, mientras que el equipo bal\u00edstico y las&#8230;<\/p>\n","protected":false},"author":4,"featured_media":191244,"comment_status":"closed","ping_status":"open","sticky":false,"template":"","format":"standard","meta":{"footnotes":""},"categories":[8],"tags":[13,4517],"class_list":["post-191240","post","type-post","status-publish","format-standard","has-post-thumbnail","hentry","category-desenfoques","tag-guanajuato","tag-noticias-guanajuato"],"yoast_head":"<!-- This site is optimized with the Yoast SEO plugin v28.2 - https:\/\/yoast.com\/product\/yoast-seo-wordpress\/ -->\n<title>Tra\u00edan en auto m\u00e1s de medio mill\u00f3n de pesos en arsenal, en Le\u00f3n - El otro enfoque<\/title>\n<meta name=\"description\" content=\"La Polic\u00eda de Le\u00f3n detuvo a dos hombres con ocho armas largas, m\u00e1s de 600 cartuchos, chalecos bal\u00edsticos y droga.\" \/>\n<meta name=\"robots\" content=\"index, follow, max-snippet:-1, max-image-preview:large, max-video-preview:-1\" \/>\n<link rel=\"canonical\" href=\"https:\/\/elotroenfoque.mx\/index.php\/2026\/07\/17\/traian-en-auto-mas-de-medio-millon-de-pesos-en-arsenal-en-leon\/\" \/>\n<meta property=\"og:locale\" content=\"es_MX\" \/>\n<meta property=\"og:type\" content=\"article\" \/>\n<meta property=\"og:title\" content=\"Tra\u00edan en auto m\u00e1s de medio mill\u00f3n de pesos en arsenal, en Le\u00f3n - El otro enfoque\" \/>\n<meta property=\"og:description\" content=\"La Polic\u00eda de Le\u00f3n detuvo a dos hombres con ocho armas largas, m\u00e1s de 600 cartuchos, chalecos bal\u00edsticos y droga.\" \/>\n<meta property=\"og:url\" content=\"https:\/\/elotroenfoque.mx\/index.php\/2026\/07\/17\/traian-en-auto-mas-de-medio-millon-de-pesos-en-arsenal-en-leon\/\" \/>\n<meta property=\"og:site_name\" content=\"El otro enfoque\" \/>\n<meta property=\"article:published_time\" content=\"2026-07-17T21:30:02+00:00\" \/>\n<meta property=\"article:modified_time\" content=\"2026-07-17T21:30:03+00:00\" \/>\n<meta property=\"og:image\" content=\"https:\/\/elotroenfoque.mx\/wp-content\/uploads\/2026\/07\/arsenal-4.jpg\" \/>\n\t<meta property=\"og:image:width\" content=\"1280\" \/>\n\t<meta property=\"og:image:height\" content=\"1280\" \/>\n\t<meta property=\"og:image:type\" content=\"image\/jpeg\" \/>\n<meta name=\"author\" content=\"Equipo Redaccion\" \/>\n<meta name=\"twitter:card\" content=\"summary_large_image\" \/>\n<meta name=\"twitter:label1\" content=\"Escrito por\" \/>\n\t<meta name=\"twitter:data1\" content=\"Equipo Redaccion\" \/>\n\t<meta name=\"twitter:label2\" content=\"Tiempo de lectura\" \/>\n\t<meta name=\"twitter:data2\" content=\"3 minutos\" \/>\n<script type=\"application\/ld+json\" class=\"yoast-schema-graph\">{\"@context\":\"https:\\\/\\\/schema.org\",\"@graph\":[{\"@type\":\"Article\",\"@id\":\"https:\\\/\\\/elotroenfoque.mx\\\/index.php\\\/2026\\\/07\\\/17\\\/traian-en-auto-mas-de-medio-millon-de-pesos-en-arsenal-en-leon\\\/#article\",\"isPartOf\":{\"@id\":\"https:\\\/\\\/elotroenfoque.mx\\\/index.php\\\/2026\\\/07\\\/17\\\/traian-en-auto-mas-de-medio-millon-de-pesos-en-arsenal-en-leon\\\/\"},\"author\":{\"name\":\"Equipo Redaccion\",\"@id\":\"https:\\\/\\\/elotroenfoque.mx\\\/#\\\/schema\\\/person\\\/8eb322f84d0bd9f337e462905519a1ae\"},\"headline\":\"Tra\u00edan en auto m\u00e1s de medio mill\u00f3n de pesos en arsenal, en Le\u00f3n\",\"datePublished\":\"2026-07-17T21:30:02+00:00\",\"dateModified\":\"2026-07-17T21:30:03+00:00\",\"mainEntityOfPage\":{\"@id\":\"https:\\\/\\\/elotroenfoque.mx\\\/index.php\\\/2026\\\/07\\\/17\\\/traian-en-auto-mas-de-medio-millon-de-pesos-en-arsenal-en-leon\\\/\"},\"wordCount\":399,\"image\":{\"@id\":\"https:\\\/\\\/elotroenfoque.mx\\\/index.php\\\/2026\\\/07\\\/17\\\/traian-en-auto-mas-de-medio-millon-de-pesos-en-arsenal-en-leon\\\/#primaryimage\"},\"thumbnailUrl\":\"https:\\\/\\\/elotroenfoque.mx\\\/wp-content\\\/uploads\\\/2026\\\/07\\\/arsenal-4.jpg\",\"keywords\":[\"Guanajuato\",\"Noticias Guanajuato\"],\"articleSection\":[\"Desenfoques\"],\"inLanguage\":\"es\"},{\"@type\":\"WebPage\",\"@id\":\"https:\\\/\\\/elotroenfoque.mx\\\/index.php\\\/2026\\\/07\\\/17\\\/traian-en-auto-mas-de-medio-millon-de-pesos-en-arsenal-en-leon\\\/\",\"url\":\"https:\\\/\\\/elotroenfoque.mx\\\/index.php\\\/2026\\\/07\\\/17\\\/traian-en-auto-mas-de-medio-millon-de-pesos-en-arsenal-en-leon\\\/\",\"name\":\"Tra\u00edan en auto m\u00e1s de medio mill\u00f3n de pesos en arsenal, en Le\u00f3n - El otro enfoque\",\"isPartOf\":{\"@id\":\"https:\\\/\\\/elotroenfoque.mx\\\/#website\"},\"primaryImageOfPage\":{\"@id\":\"https:\\\/\\\/elotroenfoque.mx\\\/index.php\\\/2026\\\/07\\\/17\\\/traian-en-auto-mas-de-medio-millon-de-pesos-en-arsenal-en-leon\\\/#primaryimage\"},\"image\":{\"@id\":\"https:\\\/\\\/elotroenfoque.mx\\\/index.php\\\/2026\\\/07\\\/17\\\/traian-en-auto-mas-de-medio-millon-de-pesos-en-arsenal-en-leon\\\/#primaryimage\"},\"thumbnailUrl\":\"https:\\\/\\\/elotroenfoque.mx\\\/wp-content\\\/uploads\\\/2026\\\/07\\\/arsenal-4.jpg\",\"datePublished\":\"2026-07-17T21:30:02+00:00\",\"dateModified\":\"2026-07-17T21:30:03+00:00\",\"author\":{\"@id\":\"https:\\\/\\\/elotroenfoque.mx\\\/#\\\/schema\\\/person\\\/8eb322f84d0bd9f337e462905519a1ae\"},\"description\":\"La Polic\u00eda de Le\u00f3n detuvo a dos hombres con ocho armas largas, m\u00e1s de 600 cartuchos, chalecos bal\u00edsticos y droga.\",\"breadcrumb\":{\"@id\":\"https:\\\/\\\/elotroenfoque.mx\\\/index.php\\\/2026\\\/07\\\/17\\\/traian-en-auto-mas-de-medio-millon-de-pesos-en-arsenal-en-leon\\\/#breadcrumb\"},\"inLanguage\":\"es\",\"potentialAction\":[{\"@type\":\"ReadAction\",\"target\":[\"https:\\\/\\\/elotroenfoque.mx\\\/index.php\\\/2026\\\/07\\\/17\\\/traian-en-auto-mas-de-medio-millon-de-pesos-en-arsenal-en-leon\\\/\"]}]},{\"@type\":\"ImageObject\",\"inLanguage\":\"es\",\"@id\":\"https:\\\/\\\/elotroenfoque.mx\\\/index.php\\\/2026\\\/07\\\/17\\\/traian-en-auto-mas-de-medio-millon-de-pesos-en-arsenal-en-leon\\\/#primaryimage\",\"url\":\"https:\\\/\\\/elotroenfoque.mx\\\/wp-content\\\/uploads\\\/2026\\\/07\\\/arsenal-4.jpg\",\"contentUrl\":\"https:\\\/\\\/elotroenfoque.mx\\\/wp-content\\\/uploads\\\/2026\\\/07\\\/arsenal-4.jpg\",\"width\":1280,\"height\":1280,\"caption\":\"Tra\u00edan armas largas\"},{\"@type\":\"BreadcrumbList\",\"@id\":\"https:\\\/\\\/elotroenfoque.mx\\\/index.php\\\/2026\\\/07\\\/17\\\/traian-en-auto-mas-de-medio-millon-de-pesos-en-arsenal-en-leon\\\/#breadcrumb\",\"itemListElement\":[{\"@type\":\"ListItem\",\"position\":1,\"name\":\"Portada\",\"item\":\"https:\\\/\\\/elotroenfoque.mx\\\/\"},{\"@type\":\"ListItem\",\"position\":2,\"name\":\"Tra\u00edan en auto m\u00e1s de medio mill\u00f3n de pesos en arsenal, en Le\u00f3n\"}]},{\"@type\":\"WebSite\",\"@id\":\"https:\\\/\\\/elotroenfoque.mx\\\/#website\",\"url\":\"https:\\\/\\\/elotroenfoque.mx\\\/\",\"name\":\"El otro enfoque\",\"description\":\"\",\"potentialAction\":[{\"@type\":\"SearchAction\",\"target\":{\"@type\":\"EntryPoint\",\"urlTemplate\":\"https:\\\/\\\/elotroenfoque.mx\\\/?s={search_term_string}\"},\"query-input\":{\"@type\":\"PropertyValueSpecification\",\"valueRequired\":true,\"valueName\":\"search_term_string\"}}],\"inLanguage\":\"es\"},{\"@type\":\"Person\",\"@id\":\"https:\\\/\\\/elotroenfoque.mx\\\/#\\\/schema\\\/person\\\/8eb322f84d0bd9f337e462905519a1ae\",\"name\":\"Equipo Redaccion\",\"image\":{\"@type\":\"ImageObject\",\"inLanguage\":\"es\",\"@id\":\"https:\\\/\\\/secure.gravatar.com\\\/avatar\\\/3579478e2b4e7aad364a32b26cf744b360ae0e581ee1cd0cb18a8f239ee49ac4?s=96&d=mm&r=g\",\"url\":\"https:\\\/\\\/secure.gravatar.com\\\/avatar\\\/3579478e2b4e7aad364a32b26cf744b360ae0e581ee1cd0cb18a8f239ee49ac4?s=96&d=mm&r=g\",\"contentUrl\":\"https:\\\/\\\/secure.gravatar.com\\\/avatar\\\/3579478e2b4e7aad364a32b26cf744b360ae0e581ee1cd0cb18a8f239ee49ac4?s=96&d=mm&r=g\",\"caption\":\"Equipo Redaccion\"},\"url\":\"https:\\\/\\\/elotroenfoque.mx\\\/index.php\\\/author\\\/redaccion\\\/\"}]}<\/script>\n<!-- \/ Yoast SEO plugin. -->","yoast_head_json":{"title":"Tra\u00edan en auto m\u00e1s de medio mill\u00f3n de pesos en arsenal, en Le\u00f3n - El otro enfoque","description":"La Polic\u00eda de Le\u00f3n detuvo a dos hombres con ocho armas largas, m\u00e1s de 600 cartuchos, chalecos bal\u00edsticos y droga.","robots":{"index":"index","follow":"follow","max-snippet":"max-snippet:-1","max-image-preview":"max-image-preview:large","max-video-preview":"max-video-preview:-1"},"canonical":"https:\/\/elotroenfoque.mx\/index.php\/2026\/07\/17\/traian-en-auto-mas-de-medio-millon-de-pesos-en-arsenal-en-leon\/","og_locale":"es_MX","og_type":"article","og_title":"Tra\u00edan en auto m\u00e1s de medio mill\u00f3n de pesos en arsenal, en Le\u00f3n - El otro enfoque","og_description":"La Polic\u00eda de Le\u00f3n detuvo a dos hombres con ocho armas largas, m\u00e1s de 600 cartuchos, chalecos bal\u00edsticos y droga.","og_url":"https:\/\/elotroenfoque.mx\/index.php\/2026\/07\/17\/traian-en-auto-mas-de-medio-millon-de-pesos-en-arsenal-en-leon\/","og_site_name":"El otro enfoque","article_published_time":"2026-07-17T21:30:02+00:00","article_modified_time":"2026-07-17T21:30:03+00:00","og_image":[{"width":1280,"height":1280,"url":"https:\/\/elotroenfoque.mx\/wp-content\/uploads\/2026\/07\/arsenal-4.jpg","type":"image\/jpeg"}],"author":"Equipo Redaccion","twitter_card":"summary_large_image","twitter_misc":{"Escrito por":"Equipo Redaccion","Tiempo de lectura":"3 minutos"},"schema":{"@context":"https:\/\/schema.org","@graph":[{"@type":"Article","@id":"https:\/\/elotroenfoque.mx\/index.php\/2026\/07\/17\/traian-en-auto-mas-de-medio-millon-de-pesos-en-arsenal-en-leon\/#article","isPartOf":{"@id":"https:\/\/elotroenfoque.mx\/index.php\/2026\/07\/17\/traian-en-auto-mas-de-medio-millon-de-pesos-en-arsenal-en-leon\/"},"author":{"name":"Equipo Redaccion","@id":"https:\/\/elotroenfoque.mx\/#\/schema\/person\/8eb322f84d0bd9f337e462905519a1ae"},"headline":"Tra\u00edan en auto m\u00e1s de medio mill\u00f3n de pesos en arsenal, en Le\u00f3n","datePublished":"2026-07-17T21:30:02+00:00","dateModified":"2026-07-17T21:30:03+00:00","mainEntityOfPage":{"@id":"https:\/\/elotroenfoque.mx\/index.php\/2026\/07\/17\/traian-en-auto-mas-de-medio-millon-de-pesos-en-arsenal-en-leon\/"},"wordCount":399,"image":{"@id":"https:\/\/elotroenfoque.mx\/index.php\/2026\/07\/17\/traian-en-auto-mas-de-medio-millon-de-pesos-en-arsenal-en-leon\/#primaryimage"},"thumbnailUrl":"https:\/\/elotroenfoque.mx\/wp-content\/uploads\/2026\/07\/arsenal-4.jpg","keywords":["Guanajuato","Noticias Guanajuato"],"articleSection":["Desenfoques"],"inLanguage":"es"},{"@type":"WebPage","@id":"https:\/\/elotroenfoque.mx\/index.php\/2026\/07\/17\/traian-en-auto-mas-de-medio-millon-de-pesos-en-arsenal-en-leon\/","url":"https:\/\/elotroenfoque.mx\/index.php\/2026\/07\/17\/traian-en-auto-mas-de-medio-millon-de-pesos-en-arsenal-en-leon\/","name":"Tra\u00edan en auto m\u00e1s de medio mill\u00f3n de pesos en arsenal, en Le\u00f3n - El otro enfoque","isPartOf":{"@id":"https:\/\/elotroenfoque.mx\/#website"},"primaryImageOfPage":{"@id":"https:\/\/elotroenfoque.mx\/index.php\/2026\/07\/17\/traian-en-auto-mas-de-medio-millon-de-pesos-en-arsenal-en-leon\/#primaryimage"},"image":{"@id":"https:\/\/elotroenfoque.mx\/index.php\/2026\/07\/17\/traian-en-auto-mas-de-medio-millon-de-pesos-en-arsenal-en-leon\/#primaryimage"},"thumbnailUrl":"https:\/\/elotroenfoque.mx\/wp-content\/uploads\/2026\/07\/arsenal-4.jpg","datePublished":"2026-07-17T21:30:02+00:00","dateModified":"2026-07-17T21:30:03+00:00","author":{"@id":"https:\/\/elotroenfoque.mx\/#\/schema\/person\/8eb322f84d0bd9f337e462905519a1ae"},"description":"La Polic\u00eda de Le\u00f3n detuvo a dos hombres con ocho armas largas, m\u00e1s de 600 cartuchos, chalecos bal\u00edsticos y droga.","breadcrumb":{"@id":"https:\/\/elotroenfoque.mx\/index.php\/2026\/07\/17\/traian-en-auto-mas-de-medio-millon-de-pesos-en-arsenal-en-leon\/#breadcrumb"},"inLanguage":"es","potentialAction":[{"@type":"ReadAction","target":["https:\/\/elotroenfoque.mx\/index.php\/2026\/07\/17\/traian-en-auto-mas-de-medio-millon-de-pesos-en-arsenal-en-leon\/"]}]},{"@type":"ImageObject","inLanguage":"es","@id":"https:\/\/elotroenfoque.mx\/index.php\/2026\/07\/17\/traian-en-auto-mas-de-medio-millon-de-pesos-en-arsenal-en-leon\/#primaryimage","url":"https:\/\/elotroenfoque.mx\/wp-content\/uploads\/2026\/07\/arsenal-4.jpg","contentUrl":"https:\/\/elotroenfoque.mx\/wp-content\/uploads\/2026\/07\/arsenal-4.jpg","width":1280,"height":1280,"caption":"Tra\u00edan armas largas"},{"@type":"BreadcrumbList","@id":"https:\/\/elotroenfoque.mx\/index.php\/2026\/07\/17\/traian-en-auto-mas-de-medio-millon-de-pesos-en-arsenal-en-leon\/#breadcrumb","itemListElement":[{"@type":"ListItem","position":1,"name":"Portada","item":"https:\/\/elotroenfoque.mx\/"},{"@type":"ListItem","position":2,"name":"Tra\u00edan en auto m\u00e1s de medio mill\u00f3n de pesos en arsenal, en Le\u00f3n"}]},{"@type":"WebSite","@id":"https:\/\/elotroenfoque.mx\/#website","url":"https:\/\/elotroenfoque.mx\/","name":"El otro enfoque","description":"","potentialAction":[{"@type":"SearchAction","target":{"@type":"EntryPoint","urlTemplate":"https:\/\/elotroenfoque.mx\/?s={search_term_string}"},"query-input":{"@type":"PropertyValueSpecification","valueRequired":true,"valueName":"search_term_string"}}],"inLanguage":"es"},{"@type":"Person","@id":"https:\/\/elotroenfoque.mx\/#\/schema\/person\/8eb322f84d0bd9f337e462905519a1ae","name":"Equipo Redaccion","image":{"@type":"ImageObject","inLanguage":"es","@id":"https:\/\/secure.gravatar.com\/avatar\/3579478e2b4e7aad364a32b26cf744b360ae0e581ee1cd0cb18a8f239ee49ac4?s=96&d=mm&r=g","url":"https:\/\/secure.gravatar.com\/avatar\/3579478e2b4e7aad364a32b26cf744b360ae0e581ee1cd0cb18a8f239ee49ac4?s=96&d=mm&r=g","contentUrl":"https:\/\/secure.gravatar.com\/avatar\/3579478e2b4e7aad364a32b26cf744b360ae0e581ee1cd0cb18a8f239ee49ac4?s=96&d=mm&r=g","caption":"Equipo Redaccion"},"url":"https:\/\/elotroenfoque.mx\/index.php\/author\/redaccion\/"}]}},"_links":{"self":[{"href":"https:\/\/elotroenfoque.mx\/index.php\/wp-json\/wp\/v2\/posts\/191240","targetHints":{"allow":["GET"]}}],"collection":[{"href":"https:\/\/elotroenfoque.mx\/index.php\/wp-json\/wp\/v2\/posts"}],"about":[{"href":"https:\/\/elotroenfoque.mx\/index.php\/wp-json\/wp\/v2\/types\/post"}],"author":[{"embeddable":true,"href":"https:\/\/elotroenfoque.mx\/index.php\/wp-json\/wp\/v2\/users\/4"}],"replies":[{"embeddable":true,"href":"https:\/\/elotroenfoque.mx\/index.php\/wp-json\/wp\/v2\/comments?post=191240"}],"version-history":[{"count":2,"href":"https:\/\/elotroenfoque.mx\/index.php\/wp-json\/wp\/v2\/posts\/191240\/revisions"}],"predecessor-version":[{"id":191247,"href":"https:\/\/elotroenfoque.mx\/index.php\/wp-json\/wp\/v2\/posts\/191240\/revisions\/191247"}],"wp:featuredmedia":[{"embeddable":true,"href":"https:\/\/elotroenfoque.mx\/index.php\/wp-json\/wp\/v2\/media\/191244"}],"wp:attachment":[{"href":"https:\/\/elotroenfoque.mx\/index.php\/wp-json\/wp\/v2\/media?parent=191240"}],"wp:term":[{"taxonomy":"category","embeddable":true,"href":"https:\/\/elotroenfoque.mx\/index.php\/wp-json\/wp\/v2\/categories?post=191240"},{"taxonomy":"post_tag","embeddable":true,"href":"https:\/\/elotroenfoque.mx\/index.php\/wp-json\/wp\/v2\/tags?post=191240"}],"curies":[{"name":"wp","href":"https:\/\/api.w.org\/{rel}","templated":true}]}}