{"id":191264,"date":"2026-07-17T17:30:45","date_gmt":"2026-07-17T23:30:45","guid":{"rendered":"https:\/\/elotroenfoque.mx\/?p=191264"},"modified":"2026-07-17T17:30:46","modified_gmt":"2026-07-17T23:30:46","slug":"celaya-aprueba-apoyos-para-personas-con-discapacidad","status":"publish","type":"post","link":"https:\/\/elotroenfoque.mx\/index.php\/2026\/07\/17\/celaya-aprueba-apoyos-para-personas-con-discapacidad\/","title":{"rendered":"Celaya aprueba apoyos para personas con discapacidad"},"content":{"rendered":"\n<p class=\"wp-block-paragraph\">Los apoyos para personas con discapacidad fueron aprobados por el Ayuntamiento de Celaya para impulsar nuevos emprendimientos y fortalecer peque\u00f1os negocios. <\/p>\n\n\n\n<p class=\"wp-block-paragraph\">El programa tambi\u00e9n beneficiar\u00e1 a adultos mayores, cuidadores, padres y tutores que formen parte de grupos en situaci\u00f3n de vulnerabilidad.<\/p>\n\n\n\n<p class=\"wp-block-paragraph\">El Cabildo autoriz\u00f3 la creaci\u00f3n del programa durante la sesi\u00f3n de Ayuntamiento celebrada este viernes. Para su operaci\u00f3n se asign\u00f3 un presupuesto de 300 mil pesos, recursos que ser\u00e1n ejercidos durante 2026.<\/p>\n\n\n\n<p class=\"wp-block-paragraph\">La iniciativa fue presentada por el presidente de la Comisi\u00f3n de Atenci\u00f3n a Personas con Discapacidad, Ra\u00fal Alejandro Cuevas, quien explic\u00f3 que el objetivo es generar oportunidades de autoempleo y fortalecer la econom\u00eda familiar.<\/p>\n\n\n\n<p class=\"wp-block-paragraph\">Adem\u00e1s, el programa busca facilitar el acceso a herramientas, equipo e insumos para que los beneficiarios desarrollen actividades productivas de manera independiente.<\/p>\n\n\n\n<h2 class=\"wp-block-heading\">Apoyos para personas con discapacidad impulsar\u00e1n nuevos negocios<\/h2>\n\n\n\n<p class=\"wp-block-paragraph\">Los apoyos para personas con discapacidad estar\u00e1n dirigidos a quienes deseen iniciar un proyecto productivo o fortalecer uno que ya se encuentre en funcionamiento.<\/p>\n\n\n\n<p class=\"wp-block-paragraph\">Asimismo, podr\u00e1n participar adultos mayores y personas consideradas en situaci\u00f3n de vulnerabilidad, como cuidadores, madres, padres o tutores.<\/p>\n\n\n\n<p class=\"wp-block-paragraph\">El Ayuntamiento explic\u00f3 que esta estrategia pretende disminuir las barreras econ\u00f3micas que enfrentan estos sectores al momento de emprender.<\/p>\n\n\n\n<p class=\"wp-block-paragraph\">De igual forma, busca promover la inclusi\u00f3n laboral mediante oportunidades que permitan generar ingresos propios.<\/p>\n\n\n\n<p class=\"wp-block-paragraph\">Adem\u00e1s, las autoridades consideran que el programa fortalecer\u00e1 la autonom\u00eda econ\u00f3mica y contribuir\u00e1 a mejorar la calidad de vida de los beneficiarios.<\/p>\n\n\n\n<p class=\"wp-block-paragraph\">Por otra parte, se espera que la iniciativa tambi\u00e9n impulse el desarrollo econ\u00f3mico local mediante el crecimiento de peque\u00f1os negocios.<\/p>\n\n\n\n<h2 class=\"wp-block-heading\">Habr\u00e1 apoyos de hasta 15 mil pesos<\/h2>\n\n\n\n<p class=\"wp-block-paragraph\">El programa contempla dos modalidades de apoyo, ambas entregadas en especie.<\/p>\n\n\n\n<p class=\"wp-block-paragraph\">La primera est\u00e1 dirigida a personas que desean comenzar un emprendimiento. En este caso, podr\u00e1n recibir apoyos con un valor de hasta 8 mil pesos.<\/p>\n\n\n\n<p class=\"wp-block-paragraph\">Los recursos podr\u00e1n utilizarse para adquirir materia prima, insumos no perecederos, herramientas de trabajo, mobiliario o equipamiento productivo.<\/p>\n\n\n\n<p class=\"wp-block-paragraph\">En tanto, la segunda modalidad est\u00e1 destinada a negocios que ya operan y requieren fortalecer sus actividades.<\/p>\n\n\n\n<p class=\"wp-block-paragraph\">En estos casos, el monto m\u00e1ximo ser\u00e1 de 15 mil pesos y tambi\u00e9n se entregar\u00e1 en especie.<\/p>\n\n\n\n<p class=\"wp-block-paragraph\">Los beneficiarios podr\u00e1n acceder a herramientas, equipamiento, mobiliario, consumibles o materia prima para consolidar su actividad econ\u00f3mica.<\/p>\n\n\n\n<p class=\"wp-block-paragraph\">Asimismo, el gobierno municipal precis\u00f3 que los apoyos no se entregar\u00e1n en efectivo, sino mediante bienes relacionados con cada proyecto.<\/p>\n\n\n\n<h2 class=\"wp-block-heading\">Convocatoria ser\u00e1 publicada en el portal oficial<\/h2>\n\n\n\n<p class=\"wp-block-paragraph\">Las personas interesadas en obtener los apoyos para personas con discapacidad deber\u00e1n cumplir con los requisitos que establezca la convocatoria.<\/p>\n\n\n\n<p class=\"wp-block-paragraph\">Adem\u00e1s, el Ayuntamiento inform\u00f3 que las bases ser\u00e1n publicadas en el portal oficial <strong><a href=\"http:\/\/www.celaya.gob.mx\">www.celaya.gob.mx<\/a><\/strong>, donde tambi\u00e9n aparecer\u00e1n las fechas de registro y el procedimiento para participar.<\/p>\n\n\n\n<p class=\"wp-block-paragraph\">Por ello, las autoridades recomendaron mantenerse atentos a la publicaci\u00f3n oficial para conocer la documentaci\u00f3n necesaria y los criterios de selecci\u00f3n.<\/p>\n\n\n\n<p class=\"wp-block-paragraph\">Finalmente, el municipio indic\u00f3 que el programa busca garantizar que los apoyos lleguen a quienes realmente desarrollen actividades productivas.<\/p>\n\n\n\n<h2 class=\"wp-block-heading\">Ayuntamiento aprueba acciones de accesibilidad<\/h2>\n\n\n\n<p class=\"wp-block-paragraph\">Durante la misma sesi\u00f3n, el Cabildo aprob\u00f3 otras medidas relacionadas con la inclusi\u00f3n de personas con discapacidad.<\/p>\n\n\n\n<p class=\"wp-block-paragraph\">Por una parte, instruy\u00f3 al Instituto Municipal de Investigaci\u00f3n, Planeaci\u00f3n y Estad\u00edstica (IMIPE) para elaborar un proyecto ejecutivo que permita revisar y adecuar las rampas existentes sobre el bulevar Adolfo L\u00f3pez Mateos.<\/p>\n\n\n\n<p class=\"wp-block-paragraph\"><strong><a href=\"https:\/\/elotroenfoque.mx\/index.php\/2026\/07\/17\/detienen-a-dos-por-homicidio-en-guanajuato-capital\/\">\u00bfPor qu\u00e9 detuvieron a dos hombres en Guanajuato capital?<\/a><\/strong><\/p>\n\n\n\n<p class=\"wp-block-paragraph\">Adem\u00e1s, el estudio buscar\u00e1 identificar los ajustes necesarios para mejorar la accesibilidad en esa importante vialidad.<\/p>\n\n\n\n<p class=\"wp-block-paragraph\">De igual forma, se aprob\u00f3 solicitar a la Direcci\u00f3n General de Tr\u00e1nsito y Polic\u00eda Vial la modificaci\u00f3n de la colorimetr\u00eda de las rampas y de los cajones de estacionamiento exclusivos para personas con discapacidad.<\/p>\n\n\n\n<p class=\"wp-block-paragraph\">El prop\u00f3sito es que la se\u00f1alizaci\u00f3n cumpla con las normas nacionales e internacionales en materia de accesibilidad.<\/p>\n\n\n\n<p class=\"wp-block-paragraph\">Finalmente, las autoridades municipales se\u00f1alaron que estas acciones forman parte de una estrategia para fortalecer la inclusi\u00f3n, mejorar la movilidad y ampliar las oportunidades econ\u00f3micas para las personas con discapacidad y otros grupos vulnerables del municipio.<\/p>\n\n\n\n<p class=\"wp-block-paragraph\"><strong><a href=\"https:\/\/www.tiktok.com\/@elotroenfoque?_r=1&amp;_t=ZS-97ffhW6kR1t\">Sigue tambi\u00e9n las noticias en TikTok<\/a><\/strong><\/p>\n\n\n\n<p class=\"wp-block-paragraph\"><\/p>\n","protected":false},"excerpt":{"rendered":"<p>Los apoyos para personas con discapacidad fueron aprobados por el Ayuntamiento de Celaya para impulsar nuevos emprendimientos y fortalecer peque\u00f1os negocios. El programa tambi\u00e9n beneficiar\u00e1 a adultos mayores, cuidadores, padres y tutores que formen parte de grupos en situaci\u00f3n de vulnerabilidad. El Cabildo autoriz\u00f3 la creaci\u00f3n del programa durante la sesi\u00f3n de Ayuntamiento celebrada este&#8230;<\/p>\n","protected":false},"author":4,"featured_media":191265,"comment_status":"closed","ping_status":"open","sticky":false,"template":"","format":"standard","meta":{"footnotes":""},"categories":[2],"tags":[13,4517],"class_list":["post-191264","post","type-post","status-publish","format-standard","has-post-thumbnail","hentry","category-noticias","tag-guanajuato","tag-noticias-guanajuato"],"yoast_head":"<!-- This site is optimized with the Yoast SEO plugin v28.2 - https:\/\/yoast.com\/product\/yoast-seo-wordpress\/ -->\n<title>Celaya aprueba apoyos para personas con discapacidad - El otro enfoque<\/title>\n<meta name=\"description\" content=\"Celaya aprob\u00f3 apoyos para personas con discapacidad, adultos mayores y grupos vulnerables de hasta 15 mil pesos para impulsar nuevos negocios.\" \/>\n<meta name=\"robots\" content=\"index, follow, max-snippet:-1, max-image-preview:large, max-video-preview:-1\" \/>\n<link rel=\"canonical\" href=\"https:\/\/elotroenfoque.mx\/index.php\/2026\/07\/17\/celaya-aprueba-apoyos-para-personas-con-discapacidad\/\" \/>\n<meta property=\"og:locale\" content=\"es_MX\" \/>\n<meta property=\"og:type\" content=\"article\" \/>\n<meta property=\"og:title\" content=\"Celaya aprueba apoyos para personas con discapacidad - El otro enfoque\" \/>\n<meta property=\"og:description\" content=\"Celaya aprob\u00f3 apoyos para personas con discapacidad, adultos mayores y grupos vulnerables de hasta 15 mil pesos para impulsar nuevos negocios.\" \/>\n<meta property=\"og:url\" content=\"https:\/\/elotroenfoque.mx\/index.php\/2026\/07\/17\/celaya-aprueba-apoyos-para-personas-con-discapacidad\/\" \/>\n<meta property=\"og:site_name\" content=\"El otro enfoque\" \/>\n<meta property=\"article:published_time\" content=\"2026-07-17T23:30:45+00:00\" \/>\n<meta property=\"article:modified_time\" content=\"2026-07-17T23:30:46+00:00\" \/>\n<meta property=\"og:image\" content=\"https:\/\/elotroenfoque.mx\/wp-content\/uploads\/2026\/07\/juan-miguel-alcalde-de-celaya.jpeg\" \/>\n\t<meta property=\"og:image:width\" content=\"1600\" \/>\n\t<meta property=\"og:image:height\" content=\"1066\" \/>\n\t<meta property=\"og:image:type\" content=\"image\/jpeg\" \/>\n<meta name=\"author\" content=\"Equipo Redaccion\" \/>\n<meta name=\"twitter:card\" content=\"summary_large_image\" \/>\n<meta name=\"twitter:label1\" content=\"Escrito por\" \/>\n\t<meta name=\"twitter:data1\" content=\"Equipo Redaccion\" \/>\n\t<meta name=\"twitter:label2\" content=\"Tiempo de lectura\" \/>\n\t<meta name=\"twitter:data2\" content=\"4 minutos\" \/>\n<script type=\"application\/ld+json\" class=\"yoast-schema-graph\">{\"@context\":\"https:\\\/\\\/schema.org\",\"@graph\":[{\"@type\":\"Article\",\"@id\":\"https:\\\/\\\/elotroenfoque.mx\\\/index.php\\\/2026\\\/07\\\/17\\\/celaya-aprueba-apoyos-para-personas-con-discapacidad\\\/#article\",\"isPartOf\":{\"@id\":\"https:\\\/\\\/elotroenfoque.mx\\\/index.php\\\/2026\\\/07\\\/17\\\/celaya-aprueba-apoyos-para-personas-con-discapacidad\\\/\"},\"author\":{\"name\":\"Equipo Redaccion\",\"@id\":\"https:\\\/\\\/elotroenfoque.mx\\\/#\\\/schema\\\/person\\\/8eb322f84d0bd9f337e462905519a1ae\"},\"headline\":\"Celaya aprueba apoyos para personas con discapacidad\",\"datePublished\":\"2026-07-17T23:30:45+00:00\",\"dateModified\":\"2026-07-17T23:30:46+00:00\",\"mainEntityOfPage\":{\"@id\":\"https:\\\/\\\/elotroenfoque.mx\\\/index.php\\\/2026\\\/07\\\/17\\\/celaya-aprueba-apoyos-para-personas-con-discapacidad\\\/\"},\"wordCount\":715,\"image\":{\"@id\":\"https:\\\/\\\/elotroenfoque.mx\\\/index.php\\\/2026\\\/07\\\/17\\\/celaya-aprueba-apoyos-para-personas-con-discapacidad\\\/#primaryimage\"},\"thumbnailUrl\":\"https:\\\/\\\/elotroenfoque.mx\\\/wp-content\\\/uploads\\\/2026\\\/07\\\/juan-miguel-alcalde-de-celaya.jpeg\",\"keywords\":[\"Guanajuato\",\"Noticias Guanajuato\"],\"articleSection\":[\"Noticias\"],\"inLanguage\":\"es\"},{\"@type\":\"WebPage\",\"@id\":\"https:\\\/\\\/elotroenfoque.mx\\\/index.php\\\/2026\\\/07\\\/17\\\/celaya-aprueba-apoyos-para-personas-con-discapacidad\\\/\",\"url\":\"https:\\\/\\\/elotroenfoque.mx\\\/index.php\\\/2026\\\/07\\\/17\\\/celaya-aprueba-apoyos-para-personas-con-discapacidad\\\/\",\"name\":\"Celaya aprueba apoyos para personas con discapacidad - El otro enfoque\",\"isPartOf\":{\"@id\":\"https:\\\/\\\/elotroenfoque.mx\\\/#website\"},\"primaryImageOfPage\":{\"@id\":\"https:\\\/\\\/elotroenfoque.mx\\\/index.php\\\/2026\\\/07\\\/17\\\/celaya-aprueba-apoyos-para-personas-con-discapacidad\\\/#primaryimage\"},\"image\":{\"@id\":\"https:\\\/\\\/elotroenfoque.mx\\\/index.php\\\/2026\\\/07\\\/17\\\/celaya-aprueba-apoyos-para-personas-con-discapacidad\\\/#primaryimage\"},\"thumbnailUrl\":\"https:\\\/\\\/elotroenfoque.mx\\\/wp-content\\\/uploads\\\/2026\\\/07\\\/juan-miguel-alcalde-de-celaya.jpeg\",\"datePublished\":\"2026-07-17T23:30:45+00:00\",\"dateModified\":\"2026-07-17T23:30:46+00:00\",\"author\":{\"@id\":\"https:\\\/\\\/elotroenfoque.mx\\\/#\\\/schema\\\/person\\\/8eb322f84d0bd9f337e462905519a1ae\"},\"description\":\"Celaya aprob\u00f3 apoyos para personas con discapacidad, adultos mayores y grupos vulnerables de hasta 15 mil pesos para impulsar nuevos negocios.\",\"breadcrumb\":{\"@id\":\"https:\\\/\\\/elotroenfoque.mx\\\/index.php\\\/2026\\\/07\\\/17\\\/celaya-aprueba-apoyos-para-personas-con-discapacidad\\\/#breadcrumb\"},\"inLanguage\":\"es\",\"potentialAction\":[{\"@type\":\"ReadAction\",\"target\":[\"https:\\\/\\\/elotroenfoque.mx\\\/index.php\\\/2026\\\/07\\\/17\\\/celaya-aprueba-apoyos-para-personas-con-discapacidad\\\/\"]}]},{\"@type\":\"ImageObject\",\"inLanguage\":\"es\",\"@id\":\"https:\\\/\\\/elotroenfoque.mx\\\/index.php\\\/2026\\\/07\\\/17\\\/celaya-aprueba-apoyos-para-personas-con-discapacidad\\\/#primaryimage\",\"url\":\"https:\\\/\\\/elotroenfoque.mx\\\/wp-content\\\/uploads\\\/2026\\\/07\\\/juan-miguel-alcalde-de-celaya.jpeg\",\"contentUrl\":\"https:\\\/\\\/elotroenfoque.mx\\\/wp-content\\\/uploads\\\/2026\\\/07\\\/juan-miguel-alcalde-de-celaya.jpeg\",\"width\":1600,\"height\":1066},{\"@type\":\"BreadcrumbList\",\"@id\":\"https:\\\/\\\/elotroenfoque.mx\\\/index.php\\\/2026\\\/07\\\/17\\\/celaya-aprueba-apoyos-para-personas-con-discapacidad\\\/#breadcrumb\",\"itemListElement\":[{\"@type\":\"ListItem\",\"position\":1,\"name\":\"Portada\",\"item\":\"https:\\\/\\\/elotroenfoque.mx\\\/\"},{\"@type\":\"ListItem\",\"position\":2,\"name\":\"Celaya aprueba apoyos para personas con discapacidad\"}]},{\"@type\":\"WebSite\",\"@id\":\"https:\\\/\\\/elotroenfoque.mx\\\/#website\",\"url\":\"https:\\\/\\\/elotroenfoque.mx\\\/\",\"name\":\"El otro enfoque\",\"description\":\"\",\"potentialAction\":[{\"@type\":\"SearchAction\",\"target\":{\"@type\":\"EntryPoint\",\"urlTemplate\":\"https:\\\/\\\/elotroenfoque.mx\\\/?s={search_term_string}\"},\"query-input\":{\"@type\":\"PropertyValueSpecification\",\"valueRequired\":true,\"valueName\":\"search_term_string\"}}],\"inLanguage\":\"es\"},{\"@type\":\"Person\",\"@id\":\"https:\\\/\\\/elotroenfoque.mx\\\/#\\\/schema\\\/person\\\/8eb322f84d0bd9f337e462905519a1ae\",\"name\":\"Equipo Redaccion\",\"image\":{\"@type\":\"ImageObject\",\"inLanguage\":\"es\",\"@id\":\"https:\\\/\\\/secure.gravatar.com\\\/avatar\\\/3579478e2b4e7aad364a32b26cf744b360ae0e581ee1cd0cb18a8f239ee49ac4?s=96&d=mm&r=g\",\"url\":\"https:\\\/\\\/secure.gravatar.com\\\/avatar\\\/3579478e2b4e7aad364a32b26cf744b360ae0e581ee1cd0cb18a8f239ee49ac4?s=96&d=mm&r=g\",\"contentUrl\":\"https:\\\/\\\/secure.gravatar.com\\\/avatar\\\/3579478e2b4e7aad364a32b26cf744b360ae0e581ee1cd0cb18a8f239ee49ac4?s=96&d=mm&r=g\",\"caption\":\"Equipo Redaccion\"},\"url\":\"https:\\\/\\\/elotroenfoque.mx\\\/index.php\\\/author\\\/redaccion\\\/\"}]}<\/script>\n<!-- \/ Yoast SEO plugin. -->","yoast_head_json":{"title":"Celaya aprueba apoyos para personas con discapacidad - El otro enfoque","description":"Celaya aprob\u00f3 apoyos para personas con discapacidad, adultos mayores y grupos vulnerables de hasta 15 mil pesos para impulsar nuevos negocios.","robots":{"index":"index","follow":"follow","max-snippet":"max-snippet:-1","max-image-preview":"max-image-preview:large","max-video-preview":"max-video-preview:-1"},"canonical":"https:\/\/elotroenfoque.mx\/index.php\/2026\/07\/17\/celaya-aprueba-apoyos-para-personas-con-discapacidad\/","og_locale":"es_MX","og_type":"article","og_title":"Celaya aprueba apoyos para personas con discapacidad - El otro enfoque","og_description":"Celaya aprob\u00f3 apoyos para personas con discapacidad, adultos mayores y grupos vulnerables de hasta 15 mil pesos para impulsar nuevos negocios.","og_url":"https:\/\/elotroenfoque.mx\/index.php\/2026\/07\/17\/celaya-aprueba-apoyos-para-personas-con-discapacidad\/","og_site_name":"El otro enfoque","article_published_time":"2026-07-17T23:30:45+00:00","article_modified_time":"2026-07-17T23:30:46+00:00","og_image":[{"width":1600,"height":1066,"url":"https:\/\/elotroenfoque.mx\/wp-content\/uploads\/2026\/07\/juan-miguel-alcalde-de-celaya.jpeg","type":"image\/jpeg"}],"author":"Equipo Redaccion","twitter_card":"summary_large_image","twitter_misc":{"Escrito por":"Equipo Redaccion","Tiempo de lectura":"4 minutos"},"schema":{"@context":"https:\/\/schema.org","@graph":[{"@type":"Article","@id":"https:\/\/elotroenfoque.mx\/index.php\/2026\/07\/17\/celaya-aprueba-apoyos-para-personas-con-discapacidad\/#article","isPartOf":{"@id":"https:\/\/elotroenfoque.mx\/index.php\/2026\/07\/17\/celaya-aprueba-apoyos-para-personas-con-discapacidad\/"},"author":{"name":"Equipo Redaccion","@id":"https:\/\/elotroenfoque.mx\/#\/schema\/person\/8eb322f84d0bd9f337e462905519a1ae"},"headline":"Celaya aprueba apoyos para personas con discapacidad","datePublished":"2026-07-17T23:30:45+00:00","dateModified":"2026-07-17T23:30:46+00:00","mainEntityOfPage":{"@id":"https:\/\/elotroenfoque.mx\/index.php\/2026\/07\/17\/celaya-aprueba-apoyos-para-personas-con-discapacidad\/"},"wordCount":715,"image":{"@id":"https:\/\/elotroenfoque.mx\/index.php\/2026\/07\/17\/celaya-aprueba-apoyos-para-personas-con-discapacidad\/#primaryimage"},"thumbnailUrl":"https:\/\/elotroenfoque.mx\/wp-content\/uploads\/2026\/07\/juan-miguel-alcalde-de-celaya.jpeg","keywords":["Guanajuato","Noticias Guanajuato"],"articleSection":["Noticias"],"inLanguage":"es"},{"@type":"WebPage","@id":"https:\/\/elotroenfoque.mx\/index.php\/2026\/07\/17\/celaya-aprueba-apoyos-para-personas-con-discapacidad\/","url":"https:\/\/elotroenfoque.mx\/index.php\/2026\/07\/17\/celaya-aprueba-apoyos-para-personas-con-discapacidad\/","name":"Celaya aprueba apoyos para personas con discapacidad - El otro enfoque","isPartOf":{"@id":"https:\/\/elotroenfoque.mx\/#website"},"primaryImageOfPage":{"@id":"https:\/\/elotroenfoque.mx\/index.php\/2026\/07\/17\/celaya-aprueba-apoyos-para-personas-con-discapacidad\/#primaryimage"},"image":{"@id":"https:\/\/elotroenfoque.mx\/index.php\/2026\/07\/17\/celaya-aprueba-apoyos-para-personas-con-discapacidad\/#primaryimage"},"thumbnailUrl":"https:\/\/elotroenfoque.mx\/wp-content\/uploads\/2026\/07\/juan-miguel-alcalde-de-celaya.jpeg","datePublished":"2026-07-17T23:30:45+00:00","dateModified":"2026-07-17T23:30:46+00:00","author":{"@id":"https:\/\/elotroenfoque.mx\/#\/schema\/person\/8eb322f84d0bd9f337e462905519a1ae"},"description":"Celaya aprob\u00f3 apoyos para personas con discapacidad, adultos mayores y grupos vulnerables de hasta 15 mil pesos para impulsar nuevos negocios.","breadcrumb":{"@id":"https:\/\/elotroenfoque.mx\/index.php\/2026\/07\/17\/celaya-aprueba-apoyos-para-personas-con-discapacidad\/#breadcrumb"},"inLanguage":"es","potentialAction":[{"@type":"ReadAction","target":["https:\/\/elotroenfoque.mx\/index.php\/2026\/07\/17\/celaya-aprueba-apoyos-para-personas-con-discapacidad\/"]}]},{"@type":"ImageObject","inLanguage":"es","@id":"https:\/\/elotroenfoque.mx\/index.php\/2026\/07\/17\/celaya-aprueba-apoyos-para-personas-con-discapacidad\/#primaryimage","url":"https:\/\/elotroenfoque.mx\/wp-content\/uploads\/2026\/07\/juan-miguel-alcalde-de-celaya.jpeg","contentUrl":"https:\/\/elotroenfoque.mx\/wp-content\/uploads\/2026\/07\/juan-miguel-alcalde-de-celaya.jpeg","width":1600,"height":1066},{"@type":"BreadcrumbList","@id":"https:\/\/elotroenfoque.mx\/index.php\/2026\/07\/17\/celaya-aprueba-apoyos-para-personas-con-discapacidad\/#breadcrumb","itemListElement":[{"@type":"ListItem","position":1,"name":"Portada","item":"https:\/\/elotroenfoque.mx\/"},{"@type":"ListItem","position":2,"name":"Celaya aprueba apoyos para personas con discapacidad"}]},{"@type":"WebSite","@id":"https:\/\/elotroenfoque.mx\/#website","url":"https:\/\/elotroenfoque.mx\/","name":"El otro enfoque","description":"","potentialAction":[{"@type":"SearchAction","target":{"@type":"EntryPoint","urlTemplate":"https:\/\/elotroenfoque.mx\/?s={search_term_string}"},"query-input":{"@type":"PropertyValueSpecification","valueRequired":true,"valueName":"search_term_string"}}],"inLanguage":"es"},{"@type":"Person","@id":"https:\/\/elotroenfoque.mx\/#\/schema\/person\/8eb322f84d0bd9f337e462905519a1ae","name":"Equipo Redaccion","image":{"@type":"ImageObject","inLanguage":"es","@id":"https:\/\/secure.gravatar.com\/avatar\/3579478e2b4e7aad364a32b26cf744b360ae0e581ee1cd0cb18a8f239ee49ac4?s=96&d=mm&r=g","url":"https:\/\/secure.gravatar.com\/avatar\/3579478e2b4e7aad364a32b26cf744b360ae0e581ee1cd0cb18a8f239ee49ac4?s=96&d=mm&r=g","contentUrl":"https:\/\/secure.gravatar.com\/avatar\/3579478e2b4e7aad364a32b26cf744b360ae0e581ee1cd0cb18a8f239ee49ac4?s=96&d=mm&r=g","caption":"Equipo Redaccion"},"url":"https:\/\/elotroenfoque.mx\/index.php\/author\/redaccion\/"}]}},"_links":{"self":[{"href":"https:\/\/elotroenfoque.mx\/index.php\/wp-json\/wp\/v2\/posts\/191264","targetHints":{"allow":["GET"]}}],"collection":[{"href":"https:\/\/elotroenfoque.mx\/index.php\/wp-json\/wp\/v2\/posts"}],"about":[{"href":"https:\/\/elotroenfoque.mx\/index.php\/wp-json\/wp\/v2\/types\/post"}],"author":[{"embeddable":true,"href":"https:\/\/elotroenfoque.mx\/index.php\/wp-json\/wp\/v2\/users\/4"}],"replies":[{"embeddable":true,"href":"https:\/\/elotroenfoque.mx\/index.php\/wp-json\/wp\/v2\/comments?post=191264"}],"version-history":[{"count":1,"href":"https:\/\/elotroenfoque.mx\/index.php\/wp-json\/wp\/v2\/posts\/191264\/revisions"}],"predecessor-version":[{"id":191266,"href":"https:\/\/elotroenfoque.mx\/index.php\/wp-json\/wp\/v2\/posts\/191264\/revisions\/191266"}],"wp:featuredmedia":[{"embeddable":true,"href":"https:\/\/elotroenfoque.mx\/index.php\/wp-json\/wp\/v2\/media\/191265"}],"wp:attachment":[{"href":"https:\/\/elotroenfoque.mx\/index.php\/wp-json\/wp\/v2\/media?parent=191264"}],"wp:term":[{"taxonomy":"category","embeddable":true,"href":"https:\/\/elotroenfoque.mx\/index.php\/wp-json\/wp\/v2\/categories?post=191264"},{"taxonomy":"post_tag","embeddable":true,"href":"https:\/\/elotroenfoque.mx\/index.php\/wp-json\/wp\/v2\/tags?post=191264"}],"curies":[{"name":"wp","href":"https:\/\/api.w.org\/{rel}","templated":true}]}}