{"id":195150,"date":"2026-08-30T16:46:36","date_gmt":"2026-08-30T22:46:36","guid":{"rendered":"https:\/\/elotroenfoque.mx\/?p=195150"},"modified":"2026-08-30T16:46:37","modified_gmt":"2026-08-30T22:46:37","slug":"guanajuato-reconoce-informe-sobre-fosas-clandestinas-de-la-ibero","status":"publish","type":"post","link":"https:\/\/elotroenfoque.mx\/index.php\/2026\/08\/30\/guanajuato-reconoce-informe-sobre-fosas-clandestinas-de-la-ibero\/","title":{"rendered":"Guanajuato reconoce informe sobre fosas clandestinas de la Ibero"},"content":{"rendered":"\n<p class=\"wp-block-paragraph\">La administraci\u00f3n p\u00fablica estatal reaccion\u00f3 ante los hallazgos presentados por la academia en materia de personas desaparecidas. Las autoridades locales reconocieron el informe elaborado por la Universidad Iberoamericana, el cual documenta la existencia de m\u00e1s de 800 fosas clandestinas en Guanajuato. La postura oficial busca conciliar las cifras gubernamentales con las investigaciones independientes.<\/p>\n\n\n\n<p class=\"wp-block-paragraph\">El encargado de la pol\u00edtica interna, Jorge Jim\u00e9nez Lona, confirm\u00f3 que el Poder Ejecutivo ya analiz\u00f3 la documentaci\u00f3n t\u00e9cnica universitaria. <\/p>\n\n\n\n<p class=\"wp-block-paragraph\">El funcionario sostuvo que el diagn\u00f3stico servir\u00e1 como insumo para perfeccionar los registros oficiales sobre sitios de inhumaci\u00f3n ilegal. La estrategia estatal prev\u00e9 la homologaci\u00f3n de datos para brindar certeza a las familias afectadas.<\/p>\n\n\n\n<figure class=\"wp-block-image size-large\"><img loading=\"lazy\" decoding=\"async\" width=\"768\" height=\"1024\" src=\"https:\/\/elotroenfoque.mx\/wp-content\/uploads\/2025\/10\/secretario-jimenez-lona-768x1024.jpeg\" alt=\"\" class=\"wp-image-168474\" srcset=\"https:\/\/elotroenfoque.mx\/wp-content\/uploads\/2025\/10\/secretario-jimenez-lona-768x1024.jpeg 768w, https:\/\/elotroenfoque.mx\/wp-content\/uploads\/2025\/10\/secretario-jimenez-lona-225x300.jpeg 225w, https:\/\/elotroenfoque.mx\/wp-content\/uploads\/2025\/10\/secretario-jimenez-lona-30x40.jpeg 30w, https:\/\/elotroenfoque.mx\/wp-content\/uploads\/2025\/10\/secretario-jimenez-lona.jpeg 960w\" sizes=\"auto, (max-width: 768px) 100vw, 768px\" \/><\/figure>\n\n\n\n<p class=\"wp-block-paragraph\">Las diferencias cuantitativas entre la Fiscal\u00eda General del Estado y la investigaci\u00f3n acad\u00e9mica evidencian la brecha institucional en la medici\u00f3n del problema. <\/p>\n\n\n\n<p class=\"wp-block-paragraph\">La Secretar\u00eda de Gobierno se comprometi\u00f3 a que la Comisi\u00f3n Estatal de B\u00fasqueda publique actualizaciones de forma mensual. Las dependencias locales intentan cerrar las discrepancias mediante la revisi\u00f3n peri\u00f3dica de expedientes.<\/p>\n\n\n\n<h2 class=\"wp-block-heading\">Transparencia en el registro de fosas clandestinas en Guanajuato<\/h2>\n\n\n\n<p class=\"wp-block-paragraph\">La autoridad del estado admiti\u00f3 que el sistema de informaci\u00f3n p\u00fablica requiere ajustes sustanciales para alcanzar est\u00e1ndares \u00f3ptimos. <\/p>\n\n\n\n<p class=\"wp-block-paragraph\">La meta gubernamental plantea estructurar bases de datos con acceso p\u00fablico directo para consulta ciudadana. La apertura institucional pretende facilitar el seguimiento t\u00e9cnico de los hallazgos en los municipios golpeados por la violencia.<\/p>\n\n\n\n<p class=\"wp-block-paragraph\">Tambi\u00e9n lee: <strong><a href=\"https:\/\/elotroenfoque.mx\/index.php\/2026\/08\/30\/asesinan-a-creador-de-contenido-en-puebla-tras-denunciar-amenazas\/\">Asesinan a creador de contenido en Puebla tras denunciar amenazas<\/a><\/strong><\/p>\n\n\n\n<p class=\"wp-block-paragraph\">El reconocimiento de las fosas clandestinas en Guanajuato por parte de las autoridades abre una v\u00eda para la cooperaci\u00f3n con el sector acad\u00e9mico. <\/p>\n\n\n\n<p class=\"wp-block-paragraph\">La integraci\u00f3n de insumos universitarios busca robustecer las plataformas de rastreo y localizaci\u00f3n de v\u00edctimas. Los colectivos civiles exigen que las cifras mensuales reflejen con precisi\u00f3n el panorama en el territorio.<\/p>\n\n\n\n<p class=\"wp-block-paragraph\">La actualizaci\u00f3n peri\u00f3dica de la Comisi\u00f3n Estatal de B\u00fasqueda ser\u00e1 clave para evaluar los avances de la estrategia gubernamental. El gobierno local prometi\u00f3 mantener canales de consulta transparentes sobre las acciones de prospecci\u00f3n e identificaci\u00f3n.<\/p>\n\n\n\n<p class=\"wp-block-paragraph\"><strong><a href=\"https:\/\/www.tiktok.com\/@elotroenfoque\">Sigue tambi\u00e9n las noticias en TikTok<\/a><\/strong><\/p>\n\n\n\n<p class=\"wp-block-paragraph\"><\/p>\n","protected":false},"excerpt":{"rendered":"<p>La administraci\u00f3n p\u00fablica estatal reaccion\u00f3 ante los hallazgos presentados por la academia en materia de personas desaparecidas. Las autoridades locales reconocieron el informe elaborado por la Universidad Iberoamericana, el cual documenta la existencia de m\u00e1s de 800 fosas clandestinas en Guanajuato. La postura oficial busca conciliar las cifras gubernamentales con las investigaciones independientes. El encargado&#8230;<\/p>\n","protected":false},"author":4,"featured_media":185375,"comment_status":"closed","ping_status":"open","sticky":false,"template":"","format":"standard","meta":{"footnotes":""},"categories":[2],"tags":[13,4517],"class_list":["post-195150","post","type-post","status-publish","format-standard","has-post-thumbnail","hentry","category-noticias","tag-guanajuato","tag-noticias-guanajuato"],"yoast_head":"<!-- This site is optimized with the Yoast SEO plugin v28.2 - https:\/\/yoast.com\/product\/yoast-seo-wordpress\/ -->\n<title>Guanajuato reconoce informe sobre fosas clandestinas de la Ibero - El otro enfoque<\/title>\n<meta name=\"description\" content=\"El Gobierno de Guanajuato reconoci\u00f3 el estudio de la Ibero sobre m\u00e1s de 800 fosas clandestinas y prometi\u00f3 actualizar registros mensualmente.\" \/>\n<meta name=\"robots\" content=\"index, follow, max-snippet:-1, max-image-preview:large, max-video-preview:-1\" \/>\n<link rel=\"canonical\" href=\"https:\/\/elotroenfoque.mx\/index.php\/2026\/08\/30\/guanajuato-reconoce-informe-sobre-fosas-clandestinas-de-la-ibero\/\" \/>\n<meta property=\"og:locale\" content=\"es_MX\" \/>\n<meta property=\"og:type\" content=\"article\" \/>\n<meta property=\"og:title\" content=\"Guanajuato reconoce informe sobre fosas clandestinas de la Ibero - El otro enfoque\" \/>\n<meta property=\"og:description\" content=\"El Gobierno de Guanajuato reconoci\u00f3 el estudio de la Ibero sobre m\u00e1s de 800 fosas clandestinas y prometi\u00f3 actualizar registros mensualmente.\" \/>\n<meta property=\"og:url\" content=\"https:\/\/elotroenfoque.mx\/index.php\/2026\/08\/30\/guanajuato-reconoce-informe-sobre-fosas-clandestinas-de-la-ibero\/\" \/>\n<meta property=\"og:site_name\" content=\"El otro enfoque\" \/>\n<meta property=\"article:published_time\" content=\"2026-08-30T22:46:36+00:00\" \/>\n<meta property=\"article:modified_time\" content=\"2026-08-30T22:46:37+00:00\" \/>\n<meta property=\"og:image\" content=\"https:\/\/elotroenfoque.mx\/wp-content\/uploads\/2026\/05\/guanajuato-acumula-mas-fosas-clandestinas-2.jpg\" \/>\n\t<meta property=\"og:image:width\" content=\"762\" \/>\n\t<meta property=\"og:image:height\" content=\"427\" \/>\n\t<meta property=\"og:image:type\" content=\"image\/jpeg\" \/>\n<meta name=\"author\" content=\"Equipo Redaccion\" \/>\n<meta name=\"twitter:card\" content=\"summary_large_image\" \/>\n<meta name=\"twitter:label1\" content=\"Escrito por\" \/>\n\t<meta name=\"twitter:data1\" content=\"Equipo Redaccion\" \/>\n\t<meta name=\"twitter:label2\" content=\"Tiempo de lectura\" \/>\n\t<meta name=\"twitter:data2\" content=\"2 minutos\" \/>\n<script type=\"application\/ld+json\" class=\"yoast-schema-graph\">{\"@context\":\"https:\\\/\\\/schema.org\",\"@graph\":[{\"@type\":\"Article\",\"@id\":\"https:\\\/\\\/elotroenfoque.mx\\\/index.php\\\/2026\\\/08\\\/30\\\/guanajuato-reconoce-informe-sobre-fosas-clandestinas-de-la-ibero\\\/#article\",\"isPartOf\":{\"@id\":\"https:\\\/\\\/elotroenfoque.mx\\\/index.php\\\/2026\\\/08\\\/30\\\/guanajuato-reconoce-informe-sobre-fosas-clandestinas-de-la-ibero\\\/\"},\"author\":{\"name\":\"Equipo Redaccion\",\"@id\":\"https:\\\/\\\/elotroenfoque.mx\\\/#\\\/schema\\\/person\\\/8eb322f84d0bd9f337e462905519a1ae\"},\"headline\":\"Guanajuato reconoce informe sobre fosas clandestinas de la Ibero\",\"datePublished\":\"2026-08-30T22:46:36+00:00\",\"dateModified\":\"2026-08-30T22:46:37+00:00\",\"mainEntityOfPage\":{\"@id\":\"https:\\\/\\\/elotroenfoque.mx\\\/index.php\\\/2026\\\/08\\\/30\\\/guanajuato-reconoce-informe-sobre-fosas-clandestinas-de-la-ibero\\\/\"},\"wordCount\":374,\"image\":{\"@id\":\"https:\\\/\\\/elotroenfoque.mx\\\/index.php\\\/2026\\\/08\\\/30\\\/guanajuato-reconoce-informe-sobre-fosas-clandestinas-de-la-ibero\\\/#primaryimage\"},\"thumbnailUrl\":\"https:\\\/\\\/elotroenfoque.mx\\\/wp-content\\\/uploads\\\/2026\\\/05\\\/guanajuato-acumula-mas-fosas-clandestinas-2.jpg\",\"keywords\":[\"Guanajuato\",\"Noticias Guanajuato\"],\"articleSection\":[\"Noticias\"],\"inLanguage\":\"es\"},{\"@type\":\"WebPage\",\"@id\":\"https:\\\/\\\/elotroenfoque.mx\\\/index.php\\\/2026\\\/08\\\/30\\\/guanajuato-reconoce-informe-sobre-fosas-clandestinas-de-la-ibero\\\/\",\"url\":\"https:\\\/\\\/elotroenfoque.mx\\\/index.php\\\/2026\\\/08\\\/30\\\/guanajuato-reconoce-informe-sobre-fosas-clandestinas-de-la-ibero\\\/\",\"name\":\"Guanajuato reconoce informe sobre fosas clandestinas de la Ibero - El otro enfoque\",\"isPartOf\":{\"@id\":\"https:\\\/\\\/elotroenfoque.mx\\\/#website\"},\"primaryImageOfPage\":{\"@id\":\"https:\\\/\\\/elotroenfoque.mx\\\/index.php\\\/2026\\\/08\\\/30\\\/guanajuato-reconoce-informe-sobre-fosas-clandestinas-de-la-ibero\\\/#primaryimage\"},\"image\":{\"@id\":\"https:\\\/\\\/elotroenfoque.mx\\\/index.php\\\/2026\\\/08\\\/30\\\/guanajuato-reconoce-informe-sobre-fosas-clandestinas-de-la-ibero\\\/#primaryimage\"},\"thumbnailUrl\":\"https:\\\/\\\/elotroenfoque.mx\\\/wp-content\\\/uploads\\\/2026\\\/05\\\/guanajuato-acumula-mas-fosas-clandestinas-2.jpg\",\"datePublished\":\"2026-08-30T22:46:36+00:00\",\"dateModified\":\"2026-08-30T22:46:37+00:00\",\"author\":{\"@id\":\"https:\\\/\\\/elotroenfoque.mx\\\/#\\\/schema\\\/person\\\/8eb322f84d0bd9f337e462905519a1ae\"},\"description\":\"El Gobierno de Guanajuato reconoci\u00f3 el estudio de la Ibero sobre m\u00e1s de 800 fosas clandestinas y prometi\u00f3 actualizar registros mensualmente.\",\"breadcrumb\":{\"@id\":\"https:\\\/\\\/elotroenfoque.mx\\\/index.php\\\/2026\\\/08\\\/30\\\/guanajuato-reconoce-informe-sobre-fosas-clandestinas-de-la-ibero\\\/#breadcrumb\"},\"inLanguage\":\"es\",\"potentialAction\":[{\"@type\":\"ReadAction\",\"target\":[\"https:\\\/\\\/elotroenfoque.mx\\\/index.php\\\/2026\\\/08\\\/30\\\/guanajuato-reconoce-informe-sobre-fosas-clandestinas-de-la-ibero\\\/\"]}]},{\"@type\":\"ImageObject\",\"inLanguage\":\"es\",\"@id\":\"https:\\\/\\\/elotroenfoque.mx\\\/index.php\\\/2026\\\/08\\\/30\\\/guanajuato-reconoce-informe-sobre-fosas-clandestinas-de-la-ibero\\\/#primaryimage\",\"url\":\"https:\\\/\\\/elotroenfoque.mx\\\/wp-content\\\/uploads\\\/2026\\\/05\\\/guanajuato-acumula-mas-fosas-clandestinas-2.jpg\",\"contentUrl\":\"https:\\\/\\\/elotroenfoque.mx\\\/wp-content\\\/uploads\\\/2026\\\/05\\\/guanajuato-acumula-mas-fosas-clandestinas-2.jpg\",\"width\":762,\"height\":427},{\"@type\":\"BreadcrumbList\",\"@id\":\"https:\\\/\\\/elotroenfoque.mx\\\/index.php\\\/2026\\\/08\\\/30\\\/guanajuato-reconoce-informe-sobre-fosas-clandestinas-de-la-ibero\\\/#breadcrumb\",\"itemListElement\":[{\"@type\":\"ListItem\",\"position\":1,\"name\":\"Portada\",\"item\":\"https:\\\/\\\/elotroenfoque.mx\\\/\"},{\"@type\":\"ListItem\",\"position\":2,\"name\":\"Guanajuato reconoce informe sobre fosas clandestinas de la Ibero\"}]},{\"@type\":\"WebSite\",\"@id\":\"https:\\\/\\\/elotroenfoque.mx\\\/#website\",\"url\":\"https:\\\/\\\/elotroenfoque.mx\\\/\",\"name\":\"El otro enfoque\",\"description\":\"\",\"potentialAction\":[{\"@type\":\"SearchAction\",\"target\":{\"@type\":\"EntryPoint\",\"urlTemplate\":\"https:\\\/\\\/elotroenfoque.mx\\\/?s={search_term_string}\"},\"query-input\":{\"@type\":\"PropertyValueSpecification\",\"valueRequired\":true,\"valueName\":\"search_term_string\"}}],\"inLanguage\":\"es\"},{\"@type\":\"Person\",\"@id\":\"https:\\\/\\\/elotroenfoque.mx\\\/#\\\/schema\\\/person\\\/8eb322f84d0bd9f337e462905519a1ae\",\"name\":\"Equipo Redaccion\",\"image\":{\"@type\":\"ImageObject\",\"inLanguage\":\"es\",\"@id\":\"https:\\\/\\\/secure.gravatar.com\\\/avatar\\\/3579478e2b4e7aad364a32b26cf744b360ae0e581ee1cd0cb18a8f239ee49ac4?s=96&d=mm&r=g\",\"url\":\"https:\\\/\\\/secure.gravatar.com\\\/avatar\\\/3579478e2b4e7aad364a32b26cf744b360ae0e581ee1cd0cb18a8f239ee49ac4?s=96&d=mm&r=g\",\"contentUrl\":\"https:\\\/\\\/secure.gravatar.com\\\/avatar\\\/3579478e2b4e7aad364a32b26cf744b360ae0e581ee1cd0cb18a8f239ee49ac4?s=96&d=mm&r=g\",\"caption\":\"Equipo Redaccion\"},\"url\":\"https:\\\/\\\/elotroenfoque.mx\\\/index.php\\\/author\\\/redaccion\\\/\"}]}<\/script>\n<!-- \/ Yoast SEO plugin. -->","yoast_head_json":{"title":"Guanajuato reconoce informe sobre fosas clandestinas de la Ibero - El otro enfoque","description":"El Gobierno de Guanajuato reconoci\u00f3 el estudio de la Ibero sobre m\u00e1s de 800 fosas clandestinas y prometi\u00f3 actualizar registros mensualmente.","robots":{"index":"index","follow":"follow","max-snippet":"max-snippet:-1","max-image-preview":"max-image-preview:large","max-video-preview":"max-video-preview:-1"},"canonical":"https:\/\/elotroenfoque.mx\/index.php\/2026\/08\/30\/guanajuato-reconoce-informe-sobre-fosas-clandestinas-de-la-ibero\/","og_locale":"es_MX","og_type":"article","og_title":"Guanajuato reconoce informe sobre fosas clandestinas de la Ibero - El otro enfoque","og_description":"El Gobierno de Guanajuato reconoci\u00f3 el estudio de la Ibero sobre m\u00e1s de 800 fosas clandestinas y prometi\u00f3 actualizar registros mensualmente.","og_url":"https:\/\/elotroenfoque.mx\/index.php\/2026\/08\/30\/guanajuato-reconoce-informe-sobre-fosas-clandestinas-de-la-ibero\/","og_site_name":"El otro enfoque","article_published_time":"2026-08-30T22:46:36+00:00","article_modified_time":"2026-08-30T22:46:37+00:00","og_image":[{"width":762,"height":427,"url":"https:\/\/elotroenfoque.mx\/wp-content\/uploads\/2026\/05\/guanajuato-acumula-mas-fosas-clandestinas-2.jpg","type":"image\/jpeg"}],"author":"Equipo Redaccion","twitter_card":"summary_large_image","twitter_misc":{"Escrito por":"Equipo Redaccion","Tiempo de lectura":"2 minutos"},"schema":{"@context":"https:\/\/schema.org","@graph":[{"@type":"Article","@id":"https:\/\/elotroenfoque.mx\/index.php\/2026\/08\/30\/guanajuato-reconoce-informe-sobre-fosas-clandestinas-de-la-ibero\/#article","isPartOf":{"@id":"https:\/\/elotroenfoque.mx\/index.php\/2026\/08\/30\/guanajuato-reconoce-informe-sobre-fosas-clandestinas-de-la-ibero\/"},"author":{"name":"Equipo Redaccion","@id":"https:\/\/elotroenfoque.mx\/#\/schema\/person\/8eb322f84d0bd9f337e462905519a1ae"},"headline":"Guanajuato reconoce informe sobre fosas clandestinas de la Ibero","datePublished":"2026-08-30T22:46:36+00:00","dateModified":"2026-08-30T22:46:37+00:00","mainEntityOfPage":{"@id":"https:\/\/elotroenfoque.mx\/index.php\/2026\/08\/30\/guanajuato-reconoce-informe-sobre-fosas-clandestinas-de-la-ibero\/"},"wordCount":374,"image":{"@id":"https:\/\/elotroenfoque.mx\/index.php\/2026\/08\/30\/guanajuato-reconoce-informe-sobre-fosas-clandestinas-de-la-ibero\/#primaryimage"},"thumbnailUrl":"https:\/\/elotroenfoque.mx\/wp-content\/uploads\/2026\/05\/guanajuato-acumula-mas-fosas-clandestinas-2.jpg","keywords":["Guanajuato","Noticias Guanajuato"],"articleSection":["Noticias"],"inLanguage":"es"},{"@type":"WebPage","@id":"https:\/\/elotroenfoque.mx\/index.php\/2026\/08\/30\/guanajuato-reconoce-informe-sobre-fosas-clandestinas-de-la-ibero\/","url":"https:\/\/elotroenfoque.mx\/index.php\/2026\/08\/30\/guanajuato-reconoce-informe-sobre-fosas-clandestinas-de-la-ibero\/","name":"Guanajuato reconoce informe sobre fosas clandestinas de la Ibero - El otro enfoque","isPartOf":{"@id":"https:\/\/elotroenfoque.mx\/#website"},"primaryImageOfPage":{"@id":"https:\/\/elotroenfoque.mx\/index.php\/2026\/08\/30\/guanajuato-reconoce-informe-sobre-fosas-clandestinas-de-la-ibero\/#primaryimage"},"image":{"@id":"https:\/\/elotroenfoque.mx\/index.php\/2026\/08\/30\/guanajuato-reconoce-informe-sobre-fosas-clandestinas-de-la-ibero\/#primaryimage"},"thumbnailUrl":"https:\/\/elotroenfoque.mx\/wp-content\/uploads\/2026\/05\/guanajuato-acumula-mas-fosas-clandestinas-2.jpg","datePublished":"2026-08-30T22:46:36+00:00","dateModified":"2026-08-30T22:46:37+00:00","author":{"@id":"https:\/\/elotroenfoque.mx\/#\/schema\/person\/8eb322f84d0bd9f337e462905519a1ae"},"description":"El Gobierno de Guanajuato reconoci\u00f3 el estudio de la Ibero sobre m\u00e1s de 800 fosas clandestinas y prometi\u00f3 actualizar registros mensualmente.","breadcrumb":{"@id":"https:\/\/elotroenfoque.mx\/index.php\/2026\/08\/30\/guanajuato-reconoce-informe-sobre-fosas-clandestinas-de-la-ibero\/#breadcrumb"},"inLanguage":"es","potentialAction":[{"@type":"ReadAction","target":["https:\/\/elotroenfoque.mx\/index.php\/2026\/08\/30\/guanajuato-reconoce-informe-sobre-fosas-clandestinas-de-la-ibero\/"]}]},{"@type":"ImageObject","inLanguage":"es","@id":"https:\/\/elotroenfoque.mx\/index.php\/2026\/08\/30\/guanajuato-reconoce-informe-sobre-fosas-clandestinas-de-la-ibero\/#primaryimage","url":"https:\/\/elotroenfoque.mx\/wp-content\/uploads\/2026\/05\/guanajuato-acumula-mas-fosas-clandestinas-2.jpg","contentUrl":"https:\/\/elotroenfoque.mx\/wp-content\/uploads\/2026\/05\/guanajuato-acumula-mas-fosas-clandestinas-2.jpg","width":762,"height":427},{"@type":"BreadcrumbList","@id":"https:\/\/elotroenfoque.mx\/index.php\/2026\/08\/30\/guanajuato-reconoce-informe-sobre-fosas-clandestinas-de-la-ibero\/#breadcrumb","itemListElement":[{"@type":"ListItem","position":1,"name":"Portada","item":"https:\/\/elotroenfoque.mx\/"},{"@type":"ListItem","position":2,"name":"Guanajuato reconoce informe sobre fosas clandestinas de la Ibero"}]},{"@type":"WebSite","@id":"https:\/\/elotroenfoque.mx\/#website","url":"https:\/\/elotroenfoque.mx\/","name":"El otro enfoque","description":"","potentialAction":[{"@type":"SearchAction","target":{"@type":"EntryPoint","urlTemplate":"https:\/\/elotroenfoque.mx\/?s={search_term_string}"},"query-input":{"@type":"PropertyValueSpecification","valueRequired":true,"valueName":"search_term_string"}}],"inLanguage":"es"},{"@type":"Person","@id":"https:\/\/elotroenfoque.mx\/#\/schema\/person\/8eb322f84d0bd9f337e462905519a1ae","name":"Equipo Redaccion","image":{"@type":"ImageObject","inLanguage":"es","@id":"https:\/\/secure.gravatar.com\/avatar\/3579478e2b4e7aad364a32b26cf744b360ae0e581ee1cd0cb18a8f239ee49ac4?s=96&d=mm&r=g","url":"https:\/\/secure.gravatar.com\/avatar\/3579478e2b4e7aad364a32b26cf744b360ae0e581ee1cd0cb18a8f239ee49ac4?s=96&d=mm&r=g","contentUrl":"https:\/\/secure.gravatar.com\/avatar\/3579478e2b4e7aad364a32b26cf744b360ae0e581ee1cd0cb18a8f239ee49ac4?s=96&d=mm&r=g","caption":"Equipo Redaccion"},"url":"https:\/\/elotroenfoque.mx\/index.php\/author\/redaccion\/"}]}},"_links":{"self":[{"href":"https:\/\/elotroenfoque.mx\/index.php\/wp-json\/wp\/v2\/posts\/195150","targetHints":{"allow":["GET"]}}],"collection":[{"href":"https:\/\/elotroenfoque.mx\/index.php\/wp-json\/wp\/v2\/posts"}],"about":[{"href":"https:\/\/elotroenfoque.mx\/index.php\/wp-json\/wp\/v2\/types\/post"}],"author":[{"embeddable":true,"href":"https:\/\/elotroenfoque.mx\/index.php\/wp-json\/wp\/v2\/users\/4"}],"replies":[{"embeddable":true,"href":"https:\/\/elotroenfoque.mx\/index.php\/wp-json\/wp\/v2\/comments?post=195150"}],"version-history":[{"count":1,"href":"https:\/\/elotroenfoque.mx\/index.php\/wp-json\/wp\/v2\/posts\/195150\/revisions"}],"predecessor-version":[{"id":195151,"href":"https:\/\/elotroenfoque.mx\/index.php\/wp-json\/wp\/v2\/posts\/195150\/revisions\/195151"}],"wp:featuredmedia":[{"embeddable":true,"href":"https:\/\/elotroenfoque.mx\/index.php\/wp-json\/wp\/v2\/media\/185375"}],"wp:attachment":[{"href":"https:\/\/elotroenfoque.mx\/index.php\/wp-json\/wp\/v2\/media?parent=195150"}],"wp:term":[{"taxonomy":"category","embeddable":true,"href":"https:\/\/elotroenfoque.mx\/index.php\/wp-json\/wp\/v2\/categories?post=195150"},{"taxonomy":"post_tag","embeddable":true,"href":"https:\/\/elotroenfoque.mx\/index.php\/wp-json\/wp\/v2\/tags?post=195150"}],"curies":[{"name":"wp","href":"https:\/\/api.w.org\/{rel}","templated":true}]}}