{"id":195152,"date":"2026-08-30T17:29:05","date_gmt":"2026-08-30T23:29:05","guid":{"rendered":"https:\/\/elotroenfoque.mx\/?p=195152"},"modified":"2026-08-30T17:29:06","modified_gmt":"2026-08-30T23:29:06","slug":"bomberos-de-silao-corren-con-equipo-en-pies-de-fuego","status":"publish","type":"post","link":"https:\/\/elotroenfoque.mx\/index.php\/2026\/08\/30\/bomberos-de-silao-corren-con-equipo-en-pies-de-fuego\/","title":{"rendered":"Bomberos de Silao corren con equipo en Pies de Fuego"},"content":{"rendered":"\n<p class=\"wp-block-paragraph\">La Carrera Bomberos Pies de Fuego 2026 en Silao reuni\u00f3 este domingo a 200 corredores en una competencia con causa. El evento busc\u00f3 apoyar las labores de los elementos que atienden emergencias en el municipio.<\/p>\n\n\n\n<p class=\"wp-block-paragraph\">La carrera tuvo recorridos de 5 y 10 kil\u00f3metros, con salida en las instalaciones de Bomberos de Silao, sobre la Prolongaci\u00f3n Ra\u00fal Bailleres. Entre los participantes hubo corredores locales y regionales, adem\u00e1s de integrantes de distintos cuerpos de emergencia.<\/p>\n\n\n\n<p class=\"wp-block-paragraph\">Uno de los mayores retos correspondi\u00f3 a los bomberos, quienes recorrieron la ruta utilizando su equipo de protecci\u00f3n personal. El uniforme represent\u00f3 un peso adicional de al menos 10 kilogramos, lo que increment\u00f3 la exigencia f\u00edsica durante la competencia.<\/p>\n\n\n\n<figure class=\"wp-block-image size-full\"><img loading=\"lazy\" decoding=\"async\" width=\"565\" height=\"364\" src=\"https:\/\/elotroenfoque.mx\/wp-content\/uploads\/2026\/08\/carrera-de-bomberos-en-silao-2.jpg\" alt=\"\" class=\"wp-image-195154\" srcset=\"https:\/\/elotroenfoque.mx\/wp-content\/uploads\/2026\/08\/carrera-de-bomberos-en-silao-2.jpg 565w, https:\/\/elotroenfoque.mx\/wp-content\/uploads\/2026\/08\/carrera-de-bomberos-en-silao-2-300x193.jpg 300w\" sizes=\"auto, (max-width: 565px) 100vw, 565px\" \/><\/figure>\n\n\n\n<p class=\"wp-block-paragraph\">Del total de participantes, alrededor del 10 por ciento fueron \u201ctragafuegos\u201d. Entre ellos destacaron elementos de los Servicios de Salvamento y Extinci\u00f3n de Incendios del Aeropuerto Internacional de Guanajuato, quienes recibieron el reconocimiento del p\u00fablico durante el recorrido.<\/p>\n\n\n\n<p class=\"wp-block-paragraph\">Tambi\u00e9n lee: <strong><a href=\"https:\/\/elotroenfoque.mx\/index.php\/2026\/08\/30\/guanajuato-reconoce-informe-sobre-fosas-clandestinas-de-la-ibero\/\">Guanajuato reconoce informe sobre fosas clandestinas de la Ibero<\/a><\/strong><\/p>\n\n\n\n<p class=\"wp-block-paragraph\">Christian Rodr\u00edguez fue el primer bombero en cruzar la meta instalada en el Polideportivo Silao, seguido por Mart\u00edn Cervantes, ambos integrantes del SSEI del Aeropuerto Internacional de Guanajuato. Carlos Rocha, elemento activo de Bomberos de San Francisco del Rinc\u00f3n y trabajador de Reyma, obtuvo el tercer lugar.<\/p>\n\n\n\n<p class=\"wp-block-paragraph\">Los recursos obtenidos mediante las inscripciones ser\u00e1n destinados al mantenimiento de las unidades de emergencia y a la compra de mangueras contra incendio. <\/p>\n\n\n\n<p class=\"wp-block-paragraph\">As\u00ed, la Carrera Bomberos de Silao no solo reuni\u00f3 a corredores, sino que permiti\u00f3 respaldar con recursos las herramientas de quienes arriesgan su vida para proteger a la ciudadan\u00eda.<\/p>\n\n\n\n<p class=\"wp-block-paragraph\"><strong><a href=\"https:\/\/www.tiktok.com\/@elotroenfoque\">Sigue tambi\u00e9n las noticias en TikTok<\/a><\/strong><\/p>\n\n\n\n<p class=\"wp-block-paragraph\"><\/p>\n","protected":false},"excerpt":{"rendered":"<p>La Carrera Bomberos Pies de Fuego 2026 en Silao reuni\u00f3 este domingo a 200 corredores en una competencia con causa. El evento busc\u00f3 apoyar las labores de los elementos que atienden emergencias en el municipio. La carrera tuvo recorridos de 5 y 10 kil\u00f3metros, con salida en las instalaciones de Bomberos de Silao, sobre la&#8230;<\/p>\n","protected":false},"author":4,"featured_media":195153,"comment_status":"closed","ping_status":"open","sticky":false,"template":"","format":"standard","meta":{"footnotes":""},"categories":[2],"tags":[13,4517],"class_list":["post-195152","post","type-post","status-publish","format-standard","has-post-thumbnail","hentry","category-noticias","tag-guanajuato","tag-noticias-guanajuato"],"yoast_head":"<!-- This site is optimized with the Yoast SEO plugin v28.2 - https:\/\/yoast.com\/product\/yoast-seo-wordpress\/ -->\n<title>Bomberos de Silao corren con equipo en Pies de Fuego - El otro enfoque<\/title>\n<meta name=\"description\" content=\"La Carrera Bomberos Silao Pies de Fuego 2026 reuni\u00f3 a 200 corredores y recaud\u00f3 fondos para mejorar unidades y equipo de emergencia.\" \/>\n<meta name=\"robots\" content=\"index, follow, max-snippet:-1, max-image-preview:large, max-video-preview:-1\" \/>\n<link rel=\"canonical\" href=\"https:\/\/elotroenfoque.mx\/index.php\/2026\/08\/30\/bomberos-de-silao-corren-con-equipo-en-pies-de-fuego\/\" \/>\n<meta property=\"og:locale\" content=\"es_MX\" \/>\n<meta property=\"og:type\" content=\"article\" \/>\n<meta property=\"og:title\" content=\"Bomberos de Silao corren con equipo en Pies de Fuego - El otro enfoque\" \/>\n<meta property=\"og:description\" content=\"La Carrera Bomberos Silao Pies de Fuego 2026 reuni\u00f3 a 200 corredores y recaud\u00f3 fondos para mejorar unidades y equipo de emergencia.\" \/>\n<meta property=\"og:url\" content=\"https:\/\/elotroenfoque.mx\/index.php\/2026\/08\/30\/bomberos-de-silao-corren-con-equipo-en-pies-de-fuego\/\" \/>\n<meta property=\"og:site_name\" content=\"El otro enfoque\" \/>\n<meta property=\"article:published_time\" content=\"2026-08-30T23:29:05+00:00\" \/>\n<meta property=\"article:modified_time\" content=\"2026-08-30T23:29:06+00:00\" \/>\n<meta property=\"og:image\" content=\"https:\/\/elotroenfoque.mx\/wp-content\/uploads\/2026\/08\/carrera-de-bomberos-en-silao-1.jpg\" \/>\n\t<meta property=\"og:image:width\" content=\"803\" \/>\n\t<meta property=\"og:image:height\" content=\"542\" \/>\n\t<meta property=\"og:image:type\" content=\"image\/jpeg\" \/>\n<meta name=\"author\" content=\"Equipo Redaccion\" \/>\n<meta name=\"twitter:card\" content=\"summary_large_image\" \/>\n<meta name=\"twitter:label1\" content=\"Escrito por\" \/>\n\t<meta name=\"twitter:data1\" content=\"Equipo Redaccion\" \/>\n\t<meta name=\"twitter:label2\" content=\"Tiempo de lectura\" \/>\n\t<meta name=\"twitter:data2\" content=\"2 minutos\" \/>\n<script type=\"application\/ld+json\" class=\"yoast-schema-graph\">{\"@context\":\"https:\\\/\\\/schema.org\",\"@graph\":[{\"@type\":\"Article\",\"@id\":\"https:\\\/\\\/elotroenfoque.mx\\\/index.php\\\/2026\\\/08\\\/30\\\/bomberos-de-silao-corren-con-equipo-en-pies-de-fuego\\\/#article\",\"isPartOf\":{\"@id\":\"https:\\\/\\\/elotroenfoque.mx\\\/index.php\\\/2026\\\/08\\\/30\\\/bomberos-de-silao-corren-con-equipo-en-pies-de-fuego\\\/\"},\"author\":{\"name\":\"Equipo Redaccion\",\"@id\":\"https:\\\/\\\/elotroenfoque.mx\\\/#\\\/schema\\\/person\\\/8eb322f84d0bd9f337e462905519a1ae\"},\"headline\":\"Bomberos de Silao corren con equipo en Pies de Fuego\",\"datePublished\":\"2026-08-30T23:29:05+00:00\",\"dateModified\":\"2026-08-30T23:29:06+00:00\",\"mainEntityOfPage\":{\"@id\":\"https:\\\/\\\/elotroenfoque.mx\\\/index.php\\\/2026\\\/08\\\/30\\\/bomberos-de-silao-corren-con-equipo-en-pies-de-fuego\\\/\"},\"wordCount\":286,\"image\":{\"@id\":\"https:\\\/\\\/elotroenfoque.mx\\\/index.php\\\/2026\\\/08\\\/30\\\/bomberos-de-silao-corren-con-equipo-en-pies-de-fuego\\\/#primaryimage\"},\"thumbnailUrl\":\"https:\\\/\\\/elotroenfoque.mx\\\/wp-content\\\/uploads\\\/2026\\\/08\\\/carrera-de-bomberos-en-silao-1.jpg\",\"keywords\":[\"Guanajuato\",\"Noticias Guanajuato\"],\"articleSection\":[\"Noticias\"],\"inLanguage\":\"es\"},{\"@type\":\"WebPage\",\"@id\":\"https:\\\/\\\/elotroenfoque.mx\\\/index.php\\\/2026\\\/08\\\/30\\\/bomberos-de-silao-corren-con-equipo-en-pies-de-fuego\\\/\",\"url\":\"https:\\\/\\\/elotroenfoque.mx\\\/index.php\\\/2026\\\/08\\\/30\\\/bomberos-de-silao-corren-con-equipo-en-pies-de-fuego\\\/\",\"name\":\"Bomberos de Silao corren con equipo en Pies de Fuego - El otro enfoque\",\"isPartOf\":{\"@id\":\"https:\\\/\\\/elotroenfoque.mx\\\/#website\"},\"primaryImageOfPage\":{\"@id\":\"https:\\\/\\\/elotroenfoque.mx\\\/index.php\\\/2026\\\/08\\\/30\\\/bomberos-de-silao-corren-con-equipo-en-pies-de-fuego\\\/#primaryimage\"},\"image\":{\"@id\":\"https:\\\/\\\/elotroenfoque.mx\\\/index.php\\\/2026\\\/08\\\/30\\\/bomberos-de-silao-corren-con-equipo-en-pies-de-fuego\\\/#primaryimage\"},\"thumbnailUrl\":\"https:\\\/\\\/elotroenfoque.mx\\\/wp-content\\\/uploads\\\/2026\\\/08\\\/carrera-de-bomberos-en-silao-1.jpg\",\"datePublished\":\"2026-08-30T23:29:05+00:00\",\"dateModified\":\"2026-08-30T23:29:06+00:00\",\"author\":{\"@id\":\"https:\\\/\\\/elotroenfoque.mx\\\/#\\\/schema\\\/person\\\/8eb322f84d0bd9f337e462905519a1ae\"},\"description\":\"La Carrera Bomberos Silao Pies de Fuego 2026 reuni\u00f3 a 200 corredores y recaud\u00f3 fondos para mejorar unidades y equipo de emergencia.\",\"breadcrumb\":{\"@id\":\"https:\\\/\\\/elotroenfoque.mx\\\/index.php\\\/2026\\\/08\\\/30\\\/bomberos-de-silao-corren-con-equipo-en-pies-de-fuego\\\/#breadcrumb\"},\"inLanguage\":\"es\",\"potentialAction\":[{\"@type\":\"ReadAction\",\"target\":[\"https:\\\/\\\/elotroenfoque.mx\\\/index.php\\\/2026\\\/08\\\/30\\\/bomberos-de-silao-corren-con-equipo-en-pies-de-fuego\\\/\"]}]},{\"@type\":\"ImageObject\",\"inLanguage\":\"es\",\"@id\":\"https:\\\/\\\/elotroenfoque.mx\\\/index.php\\\/2026\\\/08\\\/30\\\/bomberos-de-silao-corren-con-equipo-en-pies-de-fuego\\\/#primaryimage\",\"url\":\"https:\\\/\\\/elotroenfoque.mx\\\/wp-content\\\/uploads\\\/2026\\\/08\\\/carrera-de-bomberos-en-silao-1.jpg\",\"contentUrl\":\"https:\\\/\\\/elotroenfoque.mx\\\/wp-content\\\/uploads\\\/2026\\\/08\\\/carrera-de-bomberos-en-silao-1.jpg\",\"width\":803,\"height\":542},{\"@type\":\"BreadcrumbList\",\"@id\":\"https:\\\/\\\/elotroenfoque.mx\\\/index.php\\\/2026\\\/08\\\/30\\\/bomberos-de-silao-corren-con-equipo-en-pies-de-fuego\\\/#breadcrumb\",\"itemListElement\":[{\"@type\":\"ListItem\",\"position\":1,\"name\":\"Portada\",\"item\":\"https:\\\/\\\/elotroenfoque.mx\\\/\"},{\"@type\":\"ListItem\",\"position\":2,\"name\":\"Bomberos de Silao corren con equipo en Pies de Fuego\"}]},{\"@type\":\"WebSite\",\"@id\":\"https:\\\/\\\/elotroenfoque.mx\\\/#website\",\"url\":\"https:\\\/\\\/elotroenfoque.mx\\\/\",\"name\":\"El otro enfoque\",\"description\":\"\",\"potentialAction\":[{\"@type\":\"SearchAction\",\"target\":{\"@type\":\"EntryPoint\",\"urlTemplate\":\"https:\\\/\\\/elotroenfoque.mx\\\/?s={search_term_string}\"},\"query-input\":{\"@type\":\"PropertyValueSpecification\",\"valueRequired\":true,\"valueName\":\"search_term_string\"}}],\"inLanguage\":\"es\"},{\"@type\":\"Person\",\"@id\":\"https:\\\/\\\/elotroenfoque.mx\\\/#\\\/schema\\\/person\\\/8eb322f84d0bd9f337e462905519a1ae\",\"name\":\"Equipo Redaccion\",\"image\":{\"@type\":\"ImageObject\",\"inLanguage\":\"es\",\"@id\":\"https:\\\/\\\/secure.gravatar.com\\\/avatar\\\/3579478e2b4e7aad364a32b26cf744b360ae0e581ee1cd0cb18a8f239ee49ac4?s=96&d=mm&r=g\",\"url\":\"https:\\\/\\\/secure.gravatar.com\\\/avatar\\\/3579478e2b4e7aad364a32b26cf744b360ae0e581ee1cd0cb18a8f239ee49ac4?s=96&d=mm&r=g\",\"contentUrl\":\"https:\\\/\\\/secure.gravatar.com\\\/avatar\\\/3579478e2b4e7aad364a32b26cf744b360ae0e581ee1cd0cb18a8f239ee49ac4?s=96&d=mm&r=g\",\"caption\":\"Equipo Redaccion\"},\"url\":\"https:\\\/\\\/elotroenfoque.mx\\\/index.php\\\/author\\\/redaccion\\\/\"}]}<\/script>\n<!-- \/ Yoast SEO plugin. -->","yoast_head_json":{"title":"Bomberos de Silao corren con equipo en Pies de Fuego - El otro enfoque","description":"La Carrera Bomberos Silao Pies de Fuego 2026 reuni\u00f3 a 200 corredores y recaud\u00f3 fondos para mejorar unidades y equipo de emergencia.","robots":{"index":"index","follow":"follow","max-snippet":"max-snippet:-1","max-image-preview":"max-image-preview:large","max-video-preview":"max-video-preview:-1"},"canonical":"https:\/\/elotroenfoque.mx\/index.php\/2026\/08\/30\/bomberos-de-silao-corren-con-equipo-en-pies-de-fuego\/","og_locale":"es_MX","og_type":"article","og_title":"Bomberos de Silao corren con equipo en Pies de Fuego - El otro enfoque","og_description":"La Carrera Bomberos Silao Pies de Fuego 2026 reuni\u00f3 a 200 corredores y recaud\u00f3 fondos para mejorar unidades y equipo de emergencia.","og_url":"https:\/\/elotroenfoque.mx\/index.php\/2026\/08\/30\/bomberos-de-silao-corren-con-equipo-en-pies-de-fuego\/","og_site_name":"El otro enfoque","article_published_time":"2026-08-30T23:29:05+00:00","article_modified_time":"2026-08-30T23:29:06+00:00","og_image":[{"width":803,"height":542,"url":"https:\/\/elotroenfoque.mx\/wp-content\/uploads\/2026\/08\/carrera-de-bomberos-en-silao-1.jpg","type":"image\/jpeg"}],"author":"Equipo Redaccion","twitter_card":"summary_large_image","twitter_misc":{"Escrito por":"Equipo Redaccion","Tiempo de lectura":"2 minutos"},"schema":{"@context":"https:\/\/schema.org","@graph":[{"@type":"Article","@id":"https:\/\/elotroenfoque.mx\/index.php\/2026\/08\/30\/bomberos-de-silao-corren-con-equipo-en-pies-de-fuego\/#article","isPartOf":{"@id":"https:\/\/elotroenfoque.mx\/index.php\/2026\/08\/30\/bomberos-de-silao-corren-con-equipo-en-pies-de-fuego\/"},"author":{"name":"Equipo Redaccion","@id":"https:\/\/elotroenfoque.mx\/#\/schema\/person\/8eb322f84d0bd9f337e462905519a1ae"},"headline":"Bomberos de Silao corren con equipo en Pies de Fuego","datePublished":"2026-08-30T23:29:05+00:00","dateModified":"2026-08-30T23:29:06+00:00","mainEntityOfPage":{"@id":"https:\/\/elotroenfoque.mx\/index.php\/2026\/08\/30\/bomberos-de-silao-corren-con-equipo-en-pies-de-fuego\/"},"wordCount":286,"image":{"@id":"https:\/\/elotroenfoque.mx\/index.php\/2026\/08\/30\/bomberos-de-silao-corren-con-equipo-en-pies-de-fuego\/#primaryimage"},"thumbnailUrl":"https:\/\/elotroenfoque.mx\/wp-content\/uploads\/2026\/08\/carrera-de-bomberos-en-silao-1.jpg","keywords":["Guanajuato","Noticias Guanajuato"],"articleSection":["Noticias"],"inLanguage":"es"},{"@type":"WebPage","@id":"https:\/\/elotroenfoque.mx\/index.php\/2026\/08\/30\/bomberos-de-silao-corren-con-equipo-en-pies-de-fuego\/","url":"https:\/\/elotroenfoque.mx\/index.php\/2026\/08\/30\/bomberos-de-silao-corren-con-equipo-en-pies-de-fuego\/","name":"Bomberos de Silao corren con equipo en Pies de Fuego - El otro enfoque","isPartOf":{"@id":"https:\/\/elotroenfoque.mx\/#website"},"primaryImageOfPage":{"@id":"https:\/\/elotroenfoque.mx\/index.php\/2026\/08\/30\/bomberos-de-silao-corren-con-equipo-en-pies-de-fuego\/#primaryimage"},"image":{"@id":"https:\/\/elotroenfoque.mx\/index.php\/2026\/08\/30\/bomberos-de-silao-corren-con-equipo-en-pies-de-fuego\/#primaryimage"},"thumbnailUrl":"https:\/\/elotroenfoque.mx\/wp-content\/uploads\/2026\/08\/carrera-de-bomberos-en-silao-1.jpg","datePublished":"2026-08-30T23:29:05+00:00","dateModified":"2026-08-30T23:29:06+00:00","author":{"@id":"https:\/\/elotroenfoque.mx\/#\/schema\/person\/8eb322f84d0bd9f337e462905519a1ae"},"description":"La Carrera Bomberos Silao Pies de Fuego 2026 reuni\u00f3 a 200 corredores y recaud\u00f3 fondos para mejorar unidades y equipo de emergencia.","breadcrumb":{"@id":"https:\/\/elotroenfoque.mx\/index.php\/2026\/08\/30\/bomberos-de-silao-corren-con-equipo-en-pies-de-fuego\/#breadcrumb"},"inLanguage":"es","potentialAction":[{"@type":"ReadAction","target":["https:\/\/elotroenfoque.mx\/index.php\/2026\/08\/30\/bomberos-de-silao-corren-con-equipo-en-pies-de-fuego\/"]}]},{"@type":"ImageObject","inLanguage":"es","@id":"https:\/\/elotroenfoque.mx\/index.php\/2026\/08\/30\/bomberos-de-silao-corren-con-equipo-en-pies-de-fuego\/#primaryimage","url":"https:\/\/elotroenfoque.mx\/wp-content\/uploads\/2026\/08\/carrera-de-bomberos-en-silao-1.jpg","contentUrl":"https:\/\/elotroenfoque.mx\/wp-content\/uploads\/2026\/08\/carrera-de-bomberos-en-silao-1.jpg","width":803,"height":542},{"@type":"BreadcrumbList","@id":"https:\/\/elotroenfoque.mx\/index.php\/2026\/08\/30\/bomberos-de-silao-corren-con-equipo-en-pies-de-fuego\/#breadcrumb","itemListElement":[{"@type":"ListItem","position":1,"name":"Portada","item":"https:\/\/elotroenfoque.mx\/"},{"@type":"ListItem","position":2,"name":"Bomberos de Silao corren con equipo en Pies de Fuego"}]},{"@type":"WebSite","@id":"https:\/\/elotroenfoque.mx\/#website","url":"https:\/\/elotroenfoque.mx\/","name":"El otro enfoque","description":"","potentialAction":[{"@type":"SearchAction","target":{"@type":"EntryPoint","urlTemplate":"https:\/\/elotroenfoque.mx\/?s={search_term_string}"},"query-input":{"@type":"PropertyValueSpecification","valueRequired":true,"valueName":"search_term_string"}}],"inLanguage":"es"},{"@type":"Person","@id":"https:\/\/elotroenfoque.mx\/#\/schema\/person\/8eb322f84d0bd9f337e462905519a1ae","name":"Equipo Redaccion","image":{"@type":"ImageObject","inLanguage":"es","@id":"https:\/\/secure.gravatar.com\/avatar\/3579478e2b4e7aad364a32b26cf744b360ae0e581ee1cd0cb18a8f239ee49ac4?s=96&d=mm&r=g","url":"https:\/\/secure.gravatar.com\/avatar\/3579478e2b4e7aad364a32b26cf744b360ae0e581ee1cd0cb18a8f239ee49ac4?s=96&d=mm&r=g","contentUrl":"https:\/\/secure.gravatar.com\/avatar\/3579478e2b4e7aad364a32b26cf744b360ae0e581ee1cd0cb18a8f239ee49ac4?s=96&d=mm&r=g","caption":"Equipo Redaccion"},"url":"https:\/\/elotroenfoque.mx\/index.php\/author\/redaccion\/"}]}},"_links":{"self":[{"href":"https:\/\/elotroenfoque.mx\/index.php\/wp-json\/wp\/v2\/posts\/195152","targetHints":{"allow":["GET"]}}],"collection":[{"href":"https:\/\/elotroenfoque.mx\/index.php\/wp-json\/wp\/v2\/posts"}],"about":[{"href":"https:\/\/elotroenfoque.mx\/index.php\/wp-json\/wp\/v2\/types\/post"}],"author":[{"embeddable":true,"href":"https:\/\/elotroenfoque.mx\/index.php\/wp-json\/wp\/v2\/users\/4"}],"replies":[{"embeddable":true,"href":"https:\/\/elotroenfoque.mx\/index.php\/wp-json\/wp\/v2\/comments?post=195152"}],"version-history":[{"count":1,"href":"https:\/\/elotroenfoque.mx\/index.php\/wp-json\/wp\/v2\/posts\/195152\/revisions"}],"predecessor-version":[{"id":195155,"href":"https:\/\/elotroenfoque.mx\/index.php\/wp-json\/wp\/v2\/posts\/195152\/revisions\/195155"}],"wp:featuredmedia":[{"embeddable":true,"href":"https:\/\/elotroenfoque.mx\/index.php\/wp-json\/wp\/v2\/media\/195153"}],"wp:attachment":[{"href":"https:\/\/elotroenfoque.mx\/index.php\/wp-json\/wp\/v2\/media?parent=195152"}],"wp:term":[{"taxonomy":"category","embeddable":true,"href":"https:\/\/elotroenfoque.mx\/index.php\/wp-json\/wp\/v2\/categories?post=195152"},{"taxonomy":"post_tag","embeddable":true,"href":"https:\/\/elotroenfoque.mx\/index.php\/wp-json\/wp\/v2\/tags?post=195152"}],"curies":[{"name":"wp","href":"https:\/\/api.w.org\/{rel}","templated":true}]}}