{"id":195156,"date":"2026-08-30T18:33:07","date_gmt":"2026-08-31T00:33:07","guid":{"rendered":"https:\/\/elotroenfoque.mx\/?p=195156"},"modified":"2026-08-30T18:33:07","modified_gmt":"2026-08-31T00:33:07","slug":"sentencian-a-medica-en-irapuato-por-negligencia-medica","status":"publish","type":"post","link":"https:\/\/elotroenfoque.mx\/index.php\/2026\/08\/30\/sentencian-a-medica-en-irapuato-por-negligencia-medica\/","title":{"rendered":"Sentencian a m\u00e9dica en Irapuato por negligencia m\u00e9dica"},"content":{"rendered":"\n<p class=\"wp-block-paragraph\">Una m\u00e9dica identificada como Fabiola Silvana \u201cN\u201d recibi\u00f3 una sentencia de m\u00e1s de dos a\u00f1os de prisi\u00f3n tras ser hallada culpable de lesiones culposas en Guanajuato. Las autoridades judiciales dictaminaron la pena luego de acreditar fallas graves durante un procedimiento quir\u00fargico. La resoluci\u00f3n marca un precedente relevante para los protocolos de salud en la regi\u00f3n.<\/p>\n\n\n\n<p class=\"wp-block-paragraph\">El fallo judicial fue confirmado este domingo por la Fiscal\u00eda General del Estado de Guanajuato tras concluir las investigaciones correspondientes. Las investigaciones determinaron que la profesional omiti\u00f3 los controles de verificaci\u00f3n obligatorios durante la intervenci\u00f3n. Por lo tanto, la autoridad competente impuso la pena privativa de libertad y sanciones econ\u00f3micas.<\/p>\n\n\n\n<p class=\"wp-block-paragraph\">Los hechos se derivaron de un procedimiento ginecol\u00f3gico efectuado en el municipio de Irapuato. Durante la operaci\u00f3n, el personal m\u00e9dico dej\u00f3 material textil en el cuerpo de la paciente sin percatarse de la equivocaci\u00f3n. Este descuido gener\u00f3 un grave riesgo de negligencia m\u00e9dica en Irapuato para la salud de la afectada.<\/p>\n\n\n\n<h2 class=\"wp-block-heading\">Origen del caso de negligencia m\u00e9dica en Irapuato<\/h2>\n\n\n\n<p class=\"wp-block-paragraph\">La intervenci\u00f3n quir\u00fargica original se llev\u00f3 a cabo durante el mes de octubre del a\u00f1o 2017. En aquella fecha, la paciente acudi\u00f3 al centro sanitario para someterse a una operaci\u00f3n ginecol\u00f3gica programada. Sin embargo, el equipo quir\u00fargico no realiz\u00f3 el conteo final del material utilizado en la sala.<\/p>\n\n\n\n<p class=\"wp-block-paragraph\">La falta de revisi\u00f3n al t\u00e9rmino de la cirug\u00eda provoc\u00f3 que el textil permaneciera en el organismo. La Fiscal\u00eda local precis\u00f3 que la omisi\u00f3n rompi\u00f3 directamente con los protocolos est\u00e1ndar de seguridad biol\u00f3gica. En consecuencia, la v\u00edctima comenz\u00f3 a desarrollar problemas de salud semanas despu\u00e9s de la operaci\u00f3n.<\/p>\n\n\n\n<p class=\"wp-block-paragraph\">Las gu\u00edas m\u00e9dicas exigen un inventario estricto de los insumos antes de cerrar cualquier incisi\u00f3n. A pesar de esta exigencia legal, el control no se aplic\u00f3 adecuadamente en esta intervenci\u00f3n. Debido a ello, la v\u00edctima sufri\u00f3 malestares severos que requirieron nuevas evaluaciones m\u00e9dicas.<\/p>\n\n\n\n<h2 class=\"wp-block-heading\">Complicaciones que pusieron en riesgo la vida<\/h2>\n\n\n\n<p class=\"wp-block-paragraph\">Con el paso de los meses, la paciente present\u00f3 dolores intensos y complicaciones serias en su estado general. Los estudios especializados posteriores confirmaron la presencia del objeto extra\u00f1o en la zona abdominal. Por esta raz\u00f3n, los especialistas ordenaron una segunda intervenci\u00f3n quir\u00fargica para retirar el elemento hallado.<\/p>\n\n\n\n<p class=\"wp-block-paragraph\">La nueva operaci\u00f3n permiti\u00f3 extraer el textil y evitar consecuencias mortales para la persona afectada. No obstante, las evaluaciones periciales determinaron que las lesiones sufridas pusieron en peligro real su vida. Ante este escenario, la v\u00edctima decidi\u00f3 interponer la denuncia penal contra la m\u00e9dica responsable.<\/p>\n\n\n\n<p class=\"wp-block-paragraph\">El Ministerio P\u00fablico integr\u00f3 la carpeta de investigaci\u00f3n con dict\u00e1menes m\u00e9dicos y testimonios especializados. Los elementos de prueba demostraron la responsabilidad directa de la imputada en el da\u00f1o ocasionado. Finalmente, el expediente fue judicializado para iniciar el proceso penal correspondiente.<\/p>\n\n\n\n<h2 class=\"wp-block-heading\">Sentencia y reparaci\u00f3n del da\u00f1o a la v\u00edctima<\/h2>\n\n\n\n<p class=\"wp-block-paragraph\">El poder judicial declar\u00f3 culpable a la acusada y dict\u00f3 dos a\u00f1os y un mes de prisi\u00f3n. Adem\u00e1s de la pena corporal, la jueza fij\u00f3 el pago de una multa econ\u00f3mica obligatoria. De igual manera, la sentencia exige la reparaci\u00f3n integral del da\u00f1o en favor de la v\u00edctima.<\/p>\n\n\n\n<p class=\"wp-block-paragraph\">Las autoridades no revelaron p\u00fablicamente el monto econ\u00f3mico total correspondiente a la indemnizaci\u00f3n fijada. No obstante, la resoluci\u00f3n garantiza que los gastos derivados de las cirug\u00edas posteriores sean cubiertos. La decisi\u00f3n busca restituir los derechos de la persona afectada por la mala praxis.<\/p>\n\n\n\n<p class=\"wp-block-paragraph\">El dictamen representa un llamado de atenci\u00f3n para los profesionales de la salud en la entidad. La aplicaci\u00f3n estricta de protocolos quir\u00fargicos resulta indispensable para evitar situaciones que comprometan la integridad humana. Adicionalmente, el fallo confirma que las faltas a la negligencia m\u00e9dica son sancionadas formalmente.<\/p>\n\n\n\n<h2 class=\"wp-block-heading\">Protocolos de verificaci\u00f3n en los hospitales locales<\/h2>\n\n\n\n<p class=\"wp-block-paragraph\">El seguimiento de los manuales de seguridad quir\u00fargica es obligatorio en todas las instituciones m\u00e9dicas. Los hospitales deben mantener registros claros sobre el personal que participa en cada intervenci\u00f3n. En caso de fallas, las investigaciones penales se inician de forma inmediata.<\/p>\n\n\n\n<p class=\"wp-block-paragraph\">Tambi\u00e9n lee: <strong><a href=\"https:\/\/elotroenfoque.mx\/index.php\/2026\/08\/30\/bomberos-de-silao-corren-con-equipo-en-pies-de-fuego\/\">Bomberos de Silao corren con equipo en Pies de Fuego<\/a><\/strong><\/p>\n\n\n\n<p class=\"wp-block-paragraph\">Los ciudadanos que sospechen de una mala pr\u00e1ctica tienen el derecho de acudir a la Fiscal\u00eda. Asimismo, la Comisi\u00f3n Estatal de Arbitraje M\u00e9dico ofrece asesor\u00eda t\u00e9cnica para revisar los expedientes cl\u00ednicos. Estas instancias permiten deslindar responsabilidades administrativas y penales seg\u00fan cada caso presentado.<\/p>\n\n\n\n<p class=\"wp-block-paragraph\">La justicia en el estado de Guanajuato mantiene abiertas sus v\u00edas de denuncia para la ciudadan\u00eda. La resoluci\u00f3n del caso busca sentar precedentes claros sobre la responsabilidad m\u00e9dica en el trabajo quir\u00fargico. La v\u00edctima continuar\u00e1 con sus tratamientos bajo el respaldo de la sentencia emitida.<\/p>\n\n\n\n<p class=\"wp-block-paragraph\"><strong><a href=\"https:\/\/www.tiktok.com\/@elotroenfoque\">Sigue tambi\u00e9n las noticias en TikTok<\/a><\/strong><\/p>\n\n\n\n<p class=\"wp-block-paragraph\"><\/p>\n","protected":false},"excerpt":{"rendered":"<p>Una m\u00e9dica identificada como Fabiola Silvana \u201cN\u201d recibi\u00f3 una sentencia de m\u00e1s de dos a\u00f1os de prisi\u00f3n tras ser hallada culpable de lesiones culposas en Guanajuato. Las autoridades judiciales dictaminaron la pena luego de acreditar fallas graves durante un procedimiento quir\u00fargico. La resoluci\u00f3n marca un precedente relevante para los protocolos de salud en la regi\u00f3n&#8230;.<\/p>\n","protected":false},"author":4,"featured_media":195157,"comment_status":"closed","ping_status":"open","sticky":false,"template":"","format":"standard","meta":{"footnotes":""},"categories":[8],"tags":[13,4517],"class_list":["post-195156","post","type-post","status-publish","format-standard","has-post-thumbnail","hentry","category-desenfoques","tag-guanajuato","tag-noticias-guanajuato"],"yoast_head":"<!-- This site is optimized with the Yoast SEO plugin v28.2 - https:\/\/yoast.com\/product\/yoast-seo-wordpress\/ -->\n<title>Sentencian a m\u00e9dica en Irapuato por negligencia m\u00e9dica - El otro enfoque<\/title>\n<meta name=\"description\" content=\"Condenan a m\u00e9dica por negligencia m\u00e9dica en Irapuato tras dejar material textil en paciente. Conoce la resoluci\u00f3n judicial de la Fiscal\u00eda local.\" \/>\n<meta name=\"robots\" content=\"index, follow, max-snippet:-1, max-image-preview:large, max-video-preview:-1\" \/>\n<link rel=\"canonical\" href=\"https:\/\/elotroenfoque.mx\/index.php\/2026\/08\/30\/sentencian-a-medica-en-irapuato-por-negligencia-medica\/\" \/>\n<meta property=\"og:locale\" content=\"es_MX\" \/>\n<meta property=\"og:type\" content=\"article\" \/>\n<meta property=\"og:title\" content=\"Sentencian a m\u00e9dica en Irapuato por negligencia m\u00e9dica - El otro enfoque\" \/>\n<meta property=\"og:description\" content=\"Condenan a m\u00e9dica por negligencia m\u00e9dica en Irapuato tras dejar material textil en paciente. Conoce la resoluci\u00f3n judicial de la Fiscal\u00eda local.\" \/>\n<meta property=\"og:url\" content=\"https:\/\/elotroenfoque.mx\/index.php\/2026\/08\/30\/sentencian-a-medica-en-irapuato-por-negligencia-medica\/\" \/>\n<meta property=\"og:site_name\" content=\"El otro enfoque\" \/>\n<meta property=\"article:published_time\" content=\"2026-08-31T00:33:07+00:00\" \/>\n<meta property=\"og:image\" content=\"https:\/\/elotroenfoque.mx\/wp-content\/uploads\/2026\/08\/medica-sentenciada.jpg\" \/>\n\t<meta property=\"og:image:width\" content=\"611\" \/>\n\t<meta property=\"og:image:height\" content=\"406\" \/>\n\t<meta property=\"og:image:type\" content=\"image\/jpeg\" \/>\n<meta name=\"author\" content=\"Equipo Redaccion\" \/>\n<meta name=\"twitter:card\" content=\"summary_large_image\" \/>\n<meta name=\"twitter:label1\" content=\"Escrito por\" \/>\n\t<meta name=\"twitter:data1\" content=\"Equipo Redaccion\" \/>\n\t<meta name=\"twitter:label2\" content=\"Tiempo de lectura\" \/>\n\t<meta name=\"twitter:data2\" content=\"4 minutos\" \/>\n<script type=\"application\/ld+json\" class=\"yoast-schema-graph\">{\"@context\":\"https:\\\/\\\/schema.org\",\"@graph\":[{\"@type\":\"Article\",\"@id\":\"https:\\\/\\\/elotroenfoque.mx\\\/index.php\\\/2026\\\/08\\\/30\\\/sentencian-a-medica-en-irapuato-por-negligencia-medica\\\/#article\",\"isPartOf\":{\"@id\":\"https:\\\/\\\/elotroenfoque.mx\\\/index.php\\\/2026\\\/08\\\/30\\\/sentencian-a-medica-en-irapuato-por-negligencia-medica\\\/\"},\"author\":{\"name\":\"Equipo Redaccion\",\"@id\":\"https:\\\/\\\/elotroenfoque.mx\\\/#\\\/schema\\\/person\\\/8eb322f84d0bd9f337e462905519a1ae\"},\"headline\":\"Sentencian a m\u00e9dica en Irapuato por negligencia m\u00e9dica\",\"datePublished\":\"2026-08-31T00:33:07+00:00\",\"mainEntityOfPage\":{\"@id\":\"https:\\\/\\\/elotroenfoque.mx\\\/index.php\\\/2026\\\/08\\\/30\\\/sentencian-a-medica-en-irapuato-por-negligencia-medica\\\/\"},\"wordCount\":841,\"image\":{\"@id\":\"https:\\\/\\\/elotroenfoque.mx\\\/index.php\\\/2026\\\/08\\\/30\\\/sentencian-a-medica-en-irapuato-por-negligencia-medica\\\/#primaryimage\"},\"thumbnailUrl\":\"https:\\\/\\\/elotroenfoque.mx\\\/wp-content\\\/uploads\\\/2026\\\/08\\\/medica-sentenciada.jpg\",\"keywords\":[\"Guanajuato\",\"Noticias Guanajuato\"],\"articleSection\":[\"Desenfoques\"],\"inLanguage\":\"es\"},{\"@type\":\"WebPage\",\"@id\":\"https:\\\/\\\/elotroenfoque.mx\\\/index.php\\\/2026\\\/08\\\/30\\\/sentencian-a-medica-en-irapuato-por-negligencia-medica\\\/\",\"url\":\"https:\\\/\\\/elotroenfoque.mx\\\/index.php\\\/2026\\\/08\\\/30\\\/sentencian-a-medica-en-irapuato-por-negligencia-medica\\\/\",\"name\":\"Sentencian a m\u00e9dica en Irapuato por negligencia m\u00e9dica - El otro enfoque\",\"isPartOf\":{\"@id\":\"https:\\\/\\\/elotroenfoque.mx\\\/#website\"},\"primaryImageOfPage\":{\"@id\":\"https:\\\/\\\/elotroenfoque.mx\\\/index.php\\\/2026\\\/08\\\/30\\\/sentencian-a-medica-en-irapuato-por-negligencia-medica\\\/#primaryimage\"},\"image\":{\"@id\":\"https:\\\/\\\/elotroenfoque.mx\\\/index.php\\\/2026\\\/08\\\/30\\\/sentencian-a-medica-en-irapuato-por-negligencia-medica\\\/#primaryimage\"},\"thumbnailUrl\":\"https:\\\/\\\/elotroenfoque.mx\\\/wp-content\\\/uploads\\\/2026\\\/08\\\/medica-sentenciada.jpg\",\"datePublished\":\"2026-08-31T00:33:07+00:00\",\"author\":{\"@id\":\"https:\\\/\\\/elotroenfoque.mx\\\/#\\\/schema\\\/person\\\/8eb322f84d0bd9f337e462905519a1ae\"},\"description\":\"Condenan a m\u00e9dica por negligencia m\u00e9dica en Irapuato tras dejar material textil en paciente. Conoce la resoluci\u00f3n judicial de la Fiscal\u00eda local.\",\"breadcrumb\":{\"@id\":\"https:\\\/\\\/elotroenfoque.mx\\\/index.php\\\/2026\\\/08\\\/30\\\/sentencian-a-medica-en-irapuato-por-negligencia-medica\\\/#breadcrumb\"},\"inLanguage\":\"es\",\"potentialAction\":[{\"@type\":\"ReadAction\",\"target\":[\"https:\\\/\\\/elotroenfoque.mx\\\/index.php\\\/2026\\\/08\\\/30\\\/sentencian-a-medica-en-irapuato-por-negligencia-medica\\\/\"]}]},{\"@type\":\"ImageObject\",\"inLanguage\":\"es\",\"@id\":\"https:\\\/\\\/elotroenfoque.mx\\\/index.php\\\/2026\\\/08\\\/30\\\/sentencian-a-medica-en-irapuato-por-negligencia-medica\\\/#primaryimage\",\"url\":\"https:\\\/\\\/elotroenfoque.mx\\\/wp-content\\\/uploads\\\/2026\\\/08\\\/medica-sentenciada.jpg\",\"contentUrl\":\"https:\\\/\\\/elotroenfoque.mx\\\/wp-content\\\/uploads\\\/2026\\\/08\\\/medica-sentenciada.jpg\",\"width\":611,\"height\":406},{\"@type\":\"BreadcrumbList\",\"@id\":\"https:\\\/\\\/elotroenfoque.mx\\\/index.php\\\/2026\\\/08\\\/30\\\/sentencian-a-medica-en-irapuato-por-negligencia-medica\\\/#breadcrumb\",\"itemListElement\":[{\"@type\":\"ListItem\",\"position\":1,\"name\":\"Portada\",\"item\":\"https:\\\/\\\/elotroenfoque.mx\\\/\"},{\"@type\":\"ListItem\",\"position\":2,\"name\":\"Sentencian a m\u00e9dica en Irapuato por negligencia m\u00e9dica\"}]},{\"@type\":\"WebSite\",\"@id\":\"https:\\\/\\\/elotroenfoque.mx\\\/#website\",\"url\":\"https:\\\/\\\/elotroenfoque.mx\\\/\",\"name\":\"El otro enfoque\",\"description\":\"\",\"potentialAction\":[{\"@type\":\"SearchAction\",\"target\":{\"@type\":\"EntryPoint\",\"urlTemplate\":\"https:\\\/\\\/elotroenfoque.mx\\\/?s={search_term_string}\"},\"query-input\":{\"@type\":\"PropertyValueSpecification\",\"valueRequired\":true,\"valueName\":\"search_term_string\"}}],\"inLanguage\":\"es\"},{\"@type\":\"Person\",\"@id\":\"https:\\\/\\\/elotroenfoque.mx\\\/#\\\/schema\\\/person\\\/8eb322f84d0bd9f337e462905519a1ae\",\"name\":\"Equipo Redaccion\",\"image\":{\"@type\":\"ImageObject\",\"inLanguage\":\"es\",\"@id\":\"https:\\\/\\\/secure.gravatar.com\\\/avatar\\\/3579478e2b4e7aad364a32b26cf744b360ae0e581ee1cd0cb18a8f239ee49ac4?s=96&d=mm&r=g\",\"url\":\"https:\\\/\\\/secure.gravatar.com\\\/avatar\\\/3579478e2b4e7aad364a32b26cf744b360ae0e581ee1cd0cb18a8f239ee49ac4?s=96&d=mm&r=g\",\"contentUrl\":\"https:\\\/\\\/secure.gravatar.com\\\/avatar\\\/3579478e2b4e7aad364a32b26cf744b360ae0e581ee1cd0cb18a8f239ee49ac4?s=96&d=mm&r=g\",\"caption\":\"Equipo Redaccion\"},\"url\":\"https:\\\/\\\/elotroenfoque.mx\\\/index.php\\\/author\\\/redaccion\\\/\"}]}<\/script>\n<!-- \/ Yoast SEO plugin. -->","yoast_head_json":{"title":"Sentencian a m\u00e9dica en Irapuato por negligencia m\u00e9dica - El otro enfoque","description":"Condenan a m\u00e9dica por negligencia m\u00e9dica en Irapuato tras dejar material textil en paciente. Conoce la resoluci\u00f3n judicial de la Fiscal\u00eda local.","robots":{"index":"index","follow":"follow","max-snippet":"max-snippet:-1","max-image-preview":"max-image-preview:large","max-video-preview":"max-video-preview:-1"},"canonical":"https:\/\/elotroenfoque.mx\/index.php\/2026\/08\/30\/sentencian-a-medica-en-irapuato-por-negligencia-medica\/","og_locale":"es_MX","og_type":"article","og_title":"Sentencian a m\u00e9dica en Irapuato por negligencia m\u00e9dica - El otro enfoque","og_description":"Condenan a m\u00e9dica por negligencia m\u00e9dica en Irapuato tras dejar material textil en paciente. Conoce la resoluci\u00f3n judicial de la Fiscal\u00eda local.","og_url":"https:\/\/elotroenfoque.mx\/index.php\/2026\/08\/30\/sentencian-a-medica-en-irapuato-por-negligencia-medica\/","og_site_name":"El otro enfoque","article_published_time":"2026-08-31T00:33:07+00:00","og_image":[{"width":611,"height":406,"url":"https:\/\/elotroenfoque.mx\/wp-content\/uploads\/2026\/08\/medica-sentenciada.jpg","type":"image\/jpeg"}],"author":"Equipo Redaccion","twitter_card":"summary_large_image","twitter_misc":{"Escrito por":"Equipo Redaccion","Tiempo de lectura":"4 minutos"},"schema":{"@context":"https:\/\/schema.org","@graph":[{"@type":"Article","@id":"https:\/\/elotroenfoque.mx\/index.php\/2026\/08\/30\/sentencian-a-medica-en-irapuato-por-negligencia-medica\/#article","isPartOf":{"@id":"https:\/\/elotroenfoque.mx\/index.php\/2026\/08\/30\/sentencian-a-medica-en-irapuato-por-negligencia-medica\/"},"author":{"name":"Equipo Redaccion","@id":"https:\/\/elotroenfoque.mx\/#\/schema\/person\/8eb322f84d0bd9f337e462905519a1ae"},"headline":"Sentencian a m\u00e9dica en Irapuato por negligencia m\u00e9dica","datePublished":"2026-08-31T00:33:07+00:00","mainEntityOfPage":{"@id":"https:\/\/elotroenfoque.mx\/index.php\/2026\/08\/30\/sentencian-a-medica-en-irapuato-por-negligencia-medica\/"},"wordCount":841,"image":{"@id":"https:\/\/elotroenfoque.mx\/index.php\/2026\/08\/30\/sentencian-a-medica-en-irapuato-por-negligencia-medica\/#primaryimage"},"thumbnailUrl":"https:\/\/elotroenfoque.mx\/wp-content\/uploads\/2026\/08\/medica-sentenciada.jpg","keywords":["Guanajuato","Noticias Guanajuato"],"articleSection":["Desenfoques"],"inLanguage":"es"},{"@type":"WebPage","@id":"https:\/\/elotroenfoque.mx\/index.php\/2026\/08\/30\/sentencian-a-medica-en-irapuato-por-negligencia-medica\/","url":"https:\/\/elotroenfoque.mx\/index.php\/2026\/08\/30\/sentencian-a-medica-en-irapuato-por-negligencia-medica\/","name":"Sentencian a m\u00e9dica en Irapuato por negligencia m\u00e9dica - El otro enfoque","isPartOf":{"@id":"https:\/\/elotroenfoque.mx\/#website"},"primaryImageOfPage":{"@id":"https:\/\/elotroenfoque.mx\/index.php\/2026\/08\/30\/sentencian-a-medica-en-irapuato-por-negligencia-medica\/#primaryimage"},"image":{"@id":"https:\/\/elotroenfoque.mx\/index.php\/2026\/08\/30\/sentencian-a-medica-en-irapuato-por-negligencia-medica\/#primaryimage"},"thumbnailUrl":"https:\/\/elotroenfoque.mx\/wp-content\/uploads\/2026\/08\/medica-sentenciada.jpg","datePublished":"2026-08-31T00:33:07+00:00","author":{"@id":"https:\/\/elotroenfoque.mx\/#\/schema\/person\/8eb322f84d0bd9f337e462905519a1ae"},"description":"Condenan a m\u00e9dica por negligencia m\u00e9dica en Irapuato tras dejar material textil en paciente. Conoce la resoluci\u00f3n judicial de la Fiscal\u00eda local.","breadcrumb":{"@id":"https:\/\/elotroenfoque.mx\/index.php\/2026\/08\/30\/sentencian-a-medica-en-irapuato-por-negligencia-medica\/#breadcrumb"},"inLanguage":"es","potentialAction":[{"@type":"ReadAction","target":["https:\/\/elotroenfoque.mx\/index.php\/2026\/08\/30\/sentencian-a-medica-en-irapuato-por-negligencia-medica\/"]}]},{"@type":"ImageObject","inLanguage":"es","@id":"https:\/\/elotroenfoque.mx\/index.php\/2026\/08\/30\/sentencian-a-medica-en-irapuato-por-negligencia-medica\/#primaryimage","url":"https:\/\/elotroenfoque.mx\/wp-content\/uploads\/2026\/08\/medica-sentenciada.jpg","contentUrl":"https:\/\/elotroenfoque.mx\/wp-content\/uploads\/2026\/08\/medica-sentenciada.jpg","width":611,"height":406},{"@type":"BreadcrumbList","@id":"https:\/\/elotroenfoque.mx\/index.php\/2026\/08\/30\/sentencian-a-medica-en-irapuato-por-negligencia-medica\/#breadcrumb","itemListElement":[{"@type":"ListItem","position":1,"name":"Portada","item":"https:\/\/elotroenfoque.mx\/"},{"@type":"ListItem","position":2,"name":"Sentencian a m\u00e9dica en Irapuato por negligencia m\u00e9dica"}]},{"@type":"WebSite","@id":"https:\/\/elotroenfoque.mx\/#website","url":"https:\/\/elotroenfoque.mx\/","name":"El otro enfoque","description":"","potentialAction":[{"@type":"SearchAction","target":{"@type":"EntryPoint","urlTemplate":"https:\/\/elotroenfoque.mx\/?s={search_term_string}"},"query-input":{"@type":"PropertyValueSpecification","valueRequired":true,"valueName":"search_term_string"}}],"inLanguage":"es"},{"@type":"Person","@id":"https:\/\/elotroenfoque.mx\/#\/schema\/person\/8eb322f84d0bd9f337e462905519a1ae","name":"Equipo Redaccion","image":{"@type":"ImageObject","inLanguage":"es","@id":"https:\/\/secure.gravatar.com\/avatar\/3579478e2b4e7aad364a32b26cf744b360ae0e581ee1cd0cb18a8f239ee49ac4?s=96&d=mm&r=g","url":"https:\/\/secure.gravatar.com\/avatar\/3579478e2b4e7aad364a32b26cf744b360ae0e581ee1cd0cb18a8f239ee49ac4?s=96&d=mm&r=g","contentUrl":"https:\/\/secure.gravatar.com\/avatar\/3579478e2b4e7aad364a32b26cf744b360ae0e581ee1cd0cb18a8f239ee49ac4?s=96&d=mm&r=g","caption":"Equipo Redaccion"},"url":"https:\/\/elotroenfoque.mx\/index.php\/author\/redaccion\/"}]}},"_links":{"self":[{"href":"https:\/\/elotroenfoque.mx\/index.php\/wp-json\/wp\/v2\/posts\/195156","targetHints":{"allow":["GET"]}}],"collection":[{"href":"https:\/\/elotroenfoque.mx\/index.php\/wp-json\/wp\/v2\/posts"}],"about":[{"href":"https:\/\/elotroenfoque.mx\/index.php\/wp-json\/wp\/v2\/types\/post"}],"author":[{"embeddable":true,"href":"https:\/\/elotroenfoque.mx\/index.php\/wp-json\/wp\/v2\/users\/4"}],"replies":[{"embeddable":true,"href":"https:\/\/elotroenfoque.mx\/index.php\/wp-json\/wp\/v2\/comments?post=195156"}],"version-history":[{"count":1,"href":"https:\/\/elotroenfoque.mx\/index.php\/wp-json\/wp\/v2\/posts\/195156\/revisions"}],"predecessor-version":[{"id":195158,"href":"https:\/\/elotroenfoque.mx\/index.php\/wp-json\/wp\/v2\/posts\/195156\/revisions\/195158"}],"wp:featuredmedia":[{"embeddable":true,"href":"https:\/\/elotroenfoque.mx\/index.php\/wp-json\/wp\/v2\/media\/195157"}],"wp:attachment":[{"href":"https:\/\/elotroenfoque.mx\/index.php\/wp-json\/wp\/v2\/media?parent=195156"}],"wp:term":[{"taxonomy":"category","embeddable":true,"href":"https:\/\/elotroenfoque.mx\/index.php\/wp-json\/wp\/v2\/categories?post=195156"},{"taxonomy":"post_tag","embeddable":true,"href":"https:\/\/elotroenfoque.mx\/index.php\/wp-json\/wp\/v2\/tags?post=195156"}],"curies":[{"name":"wp","href":"https:\/\/api.w.org\/{rel}","templated":true}]}}