{"id":195159,"date":"2026-08-30T19:24:47","date_gmt":"2026-08-31T01:24:47","guid":{"rendered":"https:\/\/elotroenfoque.mx\/?p=195159"},"modified":"2026-08-30T19:24:47","modified_gmt":"2026-08-31T01:24:47","slug":"higinio-martinez-presidira-la-mesa-directiva-del-senado","status":"publish","type":"post","link":"https:\/\/elotroenfoque.mx\/index.php\/2026\/08\/30\/higinio-martinez-presidira-la-mesa-directiva-del-senado\/","title":{"rendered":"Higinio Mart\u00ednez presidir\u00e1 la Mesa Directiva del Senado"},"content":{"rendered":"\n<p class=\"wp-block-paragraph\">El grupo parlamentario de Morena eligi\u00f3 por unanimidad al legislador mexiquense Higinio Mart\u00ednez Miranda como su candidato oficial. La decisi\u00f3n se tom\u00f3 mediante una votaci\u00f3n realizada a mano alzada durante su reuni\u00f3n plenaria. Por ello, el senador encabezar\u00e1 la Mesa Directiva del Senado a partir del pr\u00f3ximo 1 de septiembre.<\/p>\n\n\n\n<p class=\"wp-block-paragraph\">La ratificaci\u00f3n formal de la propuesta se llevar\u00e1 a cabo durante la sesi\u00f3n del pleno de la C\u00e1mara alta. Debido a que el bloque oficialista cuenta con la mayor\u00eda requerida, la aprobaci\u00f3n del nombramiento se considera un hecho. En consecuencia, el parlamentario sustituir\u00e1 en el cargo a la senadora Laura Itzel Castillo.<\/p>\n\n\n\n<p class=\"wp-block-paragraph\">El coordinador de la bancada, Ignacio Mier, confirm\u00f3 que la elecci\u00f3n del candidato se alcanz\u00f3 mediante un acuerdo unitario. Adem\u00e1s, el l\u00edder parlamentario destac\u00f3 el respaldo de todos los integrantes presentes en la sesi\u00f3n privada. El proceso interno consolida la postura del partido guinda para el nuevo periodo legislativo.<\/p>\n\n\n\n<p class=\"wp-block-paragraph\">Los legisladores llevaron a cabo sus reuniones de trabajo a puerta cerrada en las instalaciones parlamentarias de la capital. Durante el encuentro, los otros aspirantes inscritos decidieron declinar sus candidaturas para permitir una propuesta totalmente unificada. Por este motivo, la planilla encabezada por el senador mexiquense no enfrent\u00f3 competencia interna.<\/p>\n\n\n\n<p class=\"wp-block-paragraph\">Los senadores Oscar Cant\u00f3n Zetina y Manuel Huerta Ladr\u00f3n de Guevara sumaron sus apoyos a la candidatura ganadora. Asimismo, la bancada aprob\u00f3 las propuestas para integrar las vicepresidencias y secretar\u00edas del \u00f3rgano de gobierno. Por lo tanto, Ver\u00f3nica Camino acompa\u00f1ar\u00e1 la gesti\u00f3n desde una de las vicepresidencias asignadas.<\/p>\n\n\n\n<p class=\"wp-block-paragraph\">Un video difundido por los propios legisladores mostr\u00f3 el respaldo un\u00e1nime otorgado al equipo designado en la votaci\u00f3n. No obstante, el senador Gerardo Fern\u00e1ndez Noro\u00f1a expres\u00f3 sus reservas sobre el consenso anunciado mediante un escrito formal. A pesar de esa postura, la bancada valid\u00f3 el acuerdo sin contratiempos.<\/p>\n\n\n\n<h2 class=\"wp-block-heading\">Postura del nuevo presidente del Senado<\/h2>\n\n\n\n<p class=\"wp-block-paragraph\">En entrevista posterior, el legislador electo afirm\u00f3 que conducir\u00e1 los trabajos camerales con apego a las normas legales. Igualmente, el parlamentario prometi\u00f3 mantener un trato equitativo y respetuoso hacia los grupos de oposici\u00f3n representados. La conducci\u00f3n parlamentaria buscar\u00e1 la neutralidad en los debates ordinarios del pleno.<\/p>\n\n\n\n<p class=\"wp-block-paragraph\">El nuevo titular parlamentario reiter\u00f3 su compromiso institucional con la presidenta Claudia Sheinbaum Pardo y con su proyecto. Adem\u00e1s, el legislador se\u00f1al\u00f3 que impulsar\u00e1 el di\u00e1logo permanente entre las diferentes fuerzas pol\u00edticas del pa\u00eds. Esta estrategia pretende agilizar el desahogo de las iniciativas pendientes en la agenda.<\/p>\n\n\n\n<p class=\"wp-block-paragraph\">La nueva directiva asumir\u00e1 sus funciones operativas durante la sesi\u00f3n de apertura del siguiente periodo ordinario. De esta manera, el Senado de la Rep\u00fablica iniciar\u00e1 sus actividades legislativas bajo la conducci\u00f3n del grupo mayoritario. Las distintas bancadas preparan sus propuestas prioritarias para el debate parlamentario.<\/p>\n\n\n\n<h2 class=\"wp-block-heading\">Acuerdos pol\u00edticos en la bancada mayoritaria<\/h2>\n\n\n\n<p class=\"wp-block-paragraph\">La designaci\u00f3n de la planilla completa garantiza la continuidad institucional en la conducci\u00f3n de las sesiones plenarias. Por su parte, las senadoras Martina Kant\u00fan y Alejandra Arias ocupar\u00e1n las secretar\u00edas dentro de la Mesa Directiva del Senado. El equipo parlamentario mantendr\u00e1 la representaci\u00f3n equilibrada que exigen los reglamentos vigentes.<\/p>\n\n\n\n<p class=\"wp-block-paragraph\">Las negociaciones internas permitieron resolver la distribuci\u00f3n de espacios sin generar rupturas profundas entre los bloques. Ciertamente, las diferencias manifestadas por algunos integrantes fueron documentadas de forma escrita por la coordinaci\u00f3n del grupo. Sin embargo, la votaci\u00f3n final confirm\u00f3 el respaldo de la mayor\u00eda parlamentaria.<\/p>\n\n\n\n<p class=\"wp-block-paragraph\">El \u00f3rgano legislativo iniciar\u00e1 sus trabajos con la revisi\u00f3n de diversas reformas de car\u00e1cter constitucional y presupuestario. Adicionalmente, las comisiones ordinarias comenzar\u00e1n el an\u00e1lisis de los dict\u00e1menes turnados por la junta de coordinaci\u00f3n. La estabilidad del pleno depender\u00e1 de los acuerdos alcanzados entre bancadas.<\/p>\n\n\n\n<h2 class=\"wp-block-heading\">Retos legislativos en el pr\u00f3ximo periodo<\/h2>\n\n\n\n<p class=\"wp-block-paragraph\">El arranque de los trabajos parlamentarios requerir\u00e1 de consensos constantes entre las distintas fuerzas pol\u00edticas representadas. Por esta raz\u00f3n, el nuevo presidente deber\u00e1 coordinar los debates con imparcialidad durante las sesiones ordinarias. La gesti\u00f3n de las mociones y discusiones definir\u00e1 el ritmo de trabajo.<\/p>\n\n\n\n<p class=\"wp-block-paragraph\">Tambi\u00e9n lee: <strong><a href=\"https:\/\/elotroenfoque.mx\/index.php\/2026\/08\/30\/sentencian-a-medica-en-irapuato-por-negligencia-medica\/\">Sentencian a m\u00e9dica en Irapuato por negligencia m\u00e9dica<\/a><\/strong><\/p>\n\n\n\n<p class=\"wp-block-paragraph\">Los partidos de oposici\u00f3n han solicitado garant\u00edas para que sus iniciativas sean discutidas en igualdad de condiciones. Asimismo, los grupos parlamentarios minoritarios demandan respeto al tiempo de debate de cada bancada en el pleno. Estas exigencias formar\u00e1n parte de la agenda de di\u00e1logo parlamentario.<\/p>\n\n\n\n<p class=\"wp-block-paragraph\">La C\u00e1mara alta se prepara para recibir las iniciativas prioritarias que enviar\u00e1 el Poder Ejecutivo federal. La Mesa Directiva del Senado coordinar\u00e1 la recepci\u00f3n y el turno de cada documento a las comisiones. Por ello, la labor del nuevo equipo resultar\u00e1 determinante para la productividad legislativa.<\/p>\n\n\n\n<p class=\"wp-block-paragraph\"><strong><a href=\"https:\/\/www.tiktok.com\/@elotroenfoque\">Sigue tambi\u00e9n las noticias en TikTok<\/a><\/strong><\/p>\n\n\n\n<p class=\"wp-block-paragraph\"><\/p>\n","protected":false},"excerpt":{"rendered":"<p>El grupo parlamentario de Morena eligi\u00f3 por unanimidad al legislador mexiquense Higinio Mart\u00ednez Miranda como su candidato oficial. La decisi\u00f3n se tom\u00f3 mediante una votaci\u00f3n realizada a mano alzada durante su reuni\u00f3n plenaria. Por ello, el senador encabezar\u00e1 la Mesa Directiva del Senado a partir del pr\u00f3ximo 1 de septiembre. La ratificaci\u00f3n formal de la&#8230;<\/p>\n","protected":false},"author":4,"featured_media":195160,"comment_status":"closed","ping_status":"open","sticky":false,"template":"","format":"standard","meta":{"footnotes":""},"categories":[11],"tags":[13,4517],"class_list":["post-195159","post","type-post","status-publish","format-standard","has-post-thumbnail","hentry","category-otrasnoticias","tag-guanajuato","tag-noticias-guanajuato"],"yoast_head":"<!-- This site is optimized with the Yoast SEO plugin v28.2 - https:\/\/yoast.com\/product\/yoast-seo-wordpress\/ -->\n<title>Higinio Mart\u00ednez presidir\u00e1 la Mesa Directiva del Senado - El otro enfoque<\/title>\n<meta name=\"description\" content=\"Morena elige a Higinio Mart\u00ednez para presidir la Mesa Directiva del Senado. Conoce los detalles de la elecci\u00f3n interna y los acuerdos de la bancada.\" \/>\n<meta name=\"robots\" content=\"index, follow, max-snippet:-1, max-image-preview:large, max-video-preview:-1\" \/>\n<link rel=\"canonical\" href=\"https:\/\/elotroenfoque.mx\/index.php\/2026\/08\/30\/higinio-martinez-presidira-la-mesa-directiva-del-senado\/\" \/>\n<meta property=\"og:locale\" content=\"es_MX\" \/>\n<meta property=\"og:type\" content=\"article\" \/>\n<meta property=\"og:title\" content=\"Higinio Mart\u00ednez presidir\u00e1 la Mesa Directiva del Senado - El otro enfoque\" \/>\n<meta property=\"og:description\" content=\"Morena elige a Higinio Mart\u00ednez para presidir la Mesa Directiva del Senado. Conoce los detalles de la elecci\u00f3n interna y los acuerdos de la bancada.\" \/>\n<meta property=\"og:url\" content=\"https:\/\/elotroenfoque.mx\/index.php\/2026\/08\/30\/higinio-martinez-presidira-la-mesa-directiva-del-senado\/\" \/>\n<meta property=\"og:site_name\" content=\"El otro enfoque\" \/>\n<meta property=\"article:published_time\" content=\"2026-08-31T01:24:47+00:00\" \/>\n<meta property=\"og:image\" content=\"https:\/\/elotroenfoque.mx\/wp-content\/uploads\/2026\/08\/higinio-martinez.jpg\" \/>\n\t<meta property=\"og:image:width\" content=\"541\" \/>\n\t<meta property=\"og:image:height\" content=\"360\" \/>\n\t<meta property=\"og:image:type\" content=\"image\/jpeg\" \/>\n<meta name=\"author\" content=\"Equipo Redaccion\" \/>\n<meta name=\"twitter:card\" content=\"summary_large_image\" \/>\n<meta name=\"twitter:label1\" content=\"Escrito por\" \/>\n\t<meta name=\"twitter:data1\" content=\"Equipo Redaccion\" \/>\n\t<meta name=\"twitter:label2\" content=\"Tiempo de lectura\" \/>\n\t<meta name=\"twitter:data2\" content=\"4 minutos\" \/>\n<script type=\"application\/ld+json\" class=\"yoast-schema-graph\">{\"@context\":\"https:\\\/\\\/schema.org\",\"@graph\":[{\"@type\":\"Article\",\"@id\":\"https:\\\/\\\/elotroenfoque.mx\\\/index.php\\\/2026\\\/08\\\/30\\\/higinio-martinez-presidira-la-mesa-directiva-del-senado\\\/#article\",\"isPartOf\":{\"@id\":\"https:\\\/\\\/elotroenfoque.mx\\\/index.php\\\/2026\\\/08\\\/30\\\/higinio-martinez-presidira-la-mesa-directiva-del-senado\\\/\"},\"author\":{\"name\":\"Equipo Redaccion\",\"@id\":\"https:\\\/\\\/elotroenfoque.mx\\\/#\\\/schema\\\/person\\\/8eb322f84d0bd9f337e462905519a1ae\"},\"headline\":\"Higinio Mart\u00ednez presidir\u00e1 la Mesa Directiva del Senado\",\"datePublished\":\"2026-08-31T01:24:47+00:00\",\"mainEntityOfPage\":{\"@id\":\"https:\\\/\\\/elotroenfoque.mx\\\/index.php\\\/2026\\\/08\\\/30\\\/higinio-martinez-presidira-la-mesa-directiva-del-senado\\\/\"},\"wordCount\":814,\"image\":{\"@id\":\"https:\\\/\\\/elotroenfoque.mx\\\/index.php\\\/2026\\\/08\\\/30\\\/higinio-martinez-presidira-la-mesa-directiva-del-senado\\\/#primaryimage\"},\"thumbnailUrl\":\"https:\\\/\\\/elotroenfoque.mx\\\/wp-content\\\/uploads\\\/2026\\\/08\\\/higinio-martinez.jpg\",\"keywords\":[\"Guanajuato\",\"Noticias Guanajuato\"],\"articleSection\":[\"Otras Noticias\"],\"inLanguage\":\"es\"},{\"@type\":\"WebPage\",\"@id\":\"https:\\\/\\\/elotroenfoque.mx\\\/index.php\\\/2026\\\/08\\\/30\\\/higinio-martinez-presidira-la-mesa-directiva-del-senado\\\/\",\"url\":\"https:\\\/\\\/elotroenfoque.mx\\\/index.php\\\/2026\\\/08\\\/30\\\/higinio-martinez-presidira-la-mesa-directiva-del-senado\\\/\",\"name\":\"Higinio Mart\u00ednez presidir\u00e1 la Mesa Directiva del Senado - El otro enfoque\",\"isPartOf\":{\"@id\":\"https:\\\/\\\/elotroenfoque.mx\\\/#website\"},\"primaryImageOfPage\":{\"@id\":\"https:\\\/\\\/elotroenfoque.mx\\\/index.php\\\/2026\\\/08\\\/30\\\/higinio-martinez-presidira-la-mesa-directiva-del-senado\\\/#primaryimage\"},\"image\":{\"@id\":\"https:\\\/\\\/elotroenfoque.mx\\\/index.php\\\/2026\\\/08\\\/30\\\/higinio-martinez-presidira-la-mesa-directiva-del-senado\\\/#primaryimage\"},\"thumbnailUrl\":\"https:\\\/\\\/elotroenfoque.mx\\\/wp-content\\\/uploads\\\/2026\\\/08\\\/higinio-martinez.jpg\",\"datePublished\":\"2026-08-31T01:24:47+00:00\",\"author\":{\"@id\":\"https:\\\/\\\/elotroenfoque.mx\\\/#\\\/schema\\\/person\\\/8eb322f84d0bd9f337e462905519a1ae\"},\"description\":\"Morena elige a Higinio Mart\u00ednez para presidir la Mesa Directiva del Senado. Conoce los detalles de la elecci\u00f3n interna y los acuerdos de la bancada.\",\"breadcrumb\":{\"@id\":\"https:\\\/\\\/elotroenfoque.mx\\\/index.php\\\/2026\\\/08\\\/30\\\/higinio-martinez-presidira-la-mesa-directiva-del-senado\\\/#breadcrumb\"},\"inLanguage\":\"es\",\"potentialAction\":[{\"@type\":\"ReadAction\",\"target\":[\"https:\\\/\\\/elotroenfoque.mx\\\/index.php\\\/2026\\\/08\\\/30\\\/higinio-martinez-presidira-la-mesa-directiva-del-senado\\\/\"]}]},{\"@type\":\"ImageObject\",\"inLanguage\":\"es\",\"@id\":\"https:\\\/\\\/elotroenfoque.mx\\\/index.php\\\/2026\\\/08\\\/30\\\/higinio-martinez-presidira-la-mesa-directiva-del-senado\\\/#primaryimage\",\"url\":\"https:\\\/\\\/elotroenfoque.mx\\\/wp-content\\\/uploads\\\/2026\\\/08\\\/higinio-martinez.jpg\",\"contentUrl\":\"https:\\\/\\\/elotroenfoque.mx\\\/wp-content\\\/uploads\\\/2026\\\/08\\\/higinio-martinez.jpg\",\"width\":541,\"height\":360},{\"@type\":\"BreadcrumbList\",\"@id\":\"https:\\\/\\\/elotroenfoque.mx\\\/index.php\\\/2026\\\/08\\\/30\\\/higinio-martinez-presidira-la-mesa-directiva-del-senado\\\/#breadcrumb\",\"itemListElement\":[{\"@type\":\"ListItem\",\"position\":1,\"name\":\"Portada\",\"item\":\"https:\\\/\\\/elotroenfoque.mx\\\/\"},{\"@type\":\"ListItem\",\"position\":2,\"name\":\"Higinio Mart\u00ednez presidir\u00e1 la Mesa Directiva del Senado\"}]},{\"@type\":\"WebSite\",\"@id\":\"https:\\\/\\\/elotroenfoque.mx\\\/#website\",\"url\":\"https:\\\/\\\/elotroenfoque.mx\\\/\",\"name\":\"El otro enfoque\",\"description\":\"\",\"potentialAction\":[{\"@type\":\"SearchAction\",\"target\":{\"@type\":\"EntryPoint\",\"urlTemplate\":\"https:\\\/\\\/elotroenfoque.mx\\\/?s={search_term_string}\"},\"query-input\":{\"@type\":\"PropertyValueSpecification\",\"valueRequired\":true,\"valueName\":\"search_term_string\"}}],\"inLanguage\":\"es\"},{\"@type\":\"Person\",\"@id\":\"https:\\\/\\\/elotroenfoque.mx\\\/#\\\/schema\\\/person\\\/8eb322f84d0bd9f337e462905519a1ae\",\"name\":\"Equipo Redaccion\",\"image\":{\"@type\":\"ImageObject\",\"inLanguage\":\"es\",\"@id\":\"https:\\\/\\\/secure.gravatar.com\\\/avatar\\\/3579478e2b4e7aad364a32b26cf744b360ae0e581ee1cd0cb18a8f239ee49ac4?s=96&d=mm&r=g\",\"url\":\"https:\\\/\\\/secure.gravatar.com\\\/avatar\\\/3579478e2b4e7aad364a32b26cf744b360ae0e581ee1cd0cb18a8f239ee49ac4?s=96&d=mm&r=g\",\"contentUrl\":\"https:\\\/\\\/secure.gravatar.com\\\/avatar\\\/3579478e2b4e7aad364a32b26cf744b360ae0e581ee1cd0cb18a8f239ee49ac4?s=96&d=mm&r=g\",\"caption\":\"Equipo Redaccion\"},\"url\":\"https:\\\/\\\/elotroenfoque.mx\\\/index.php\\\/author\\\/redaccion\\\/\"}]}<\/script>\n<!-- \/ Yoast SEO plugin. -->","yoast_head_json":{"title":"Higinio Mart\u00ednez presidir\u00e1 la Mesa Directiva del Senado - El otro enfoque","description":"Morena elige a Higinio Mart\u00ednez para presidir la Mesa Directiva del Senado. Conoce los detalles de la elecci\u00f3n interna y los acuerdos de la bancada.","robots":{"index":"index","follow":"follow","max-snippet":"max-snippet:-1","max-image-preview":"max-image-preview:large","max-video-preview":"max-video-preview:-1"},"canonical":"https:\/\/elotroenfoque.mx\/index.php\/2026\/08\/30\/higinio-martinez-presidira-la-mesa-directiva-del-senado\/","og_locale":"es_MX","og_type":"article","og_title":"Higinio Mart\u00ednez presidir\u00e1 la Mesa Directiva del Senado - El otro enfoque","og_description":"Morena elige a Higinio Mart\u00ednez para presidir la Mesa Directiva del Senado. Conoce los detalles de la elecci\u00f3n interna y los acuerdos de la bancada.","og_url":"https:\/\/elotroenfoque.mx\/index.php\/2026\/08\/30\/higinio-martinez-presidira-la-mesa-directiva-del-senado\/","og_site_name":"El otro enfoque","article_published_time":"2026-08-31T01:24:47+00:00","og_image":[{"width":541,"height":360,"url":"https:\/\/elotroenfoque.mx\/wp-content\/uploads\/2026\/08\/higinio-martinez.jpg","type":"image\/jpeg"}],"author":"Equipo Redaccion","twitter_card":"summary_large_image","twitter_misc":{"Escrito por":"Equipo Redaccion","Tiempo de lectura":"4 minutos"},"schema":{"@context":"https:\/\/schema.org","@graph":[{"@type":"Article","@id":"https:\/\/elotroenfoque.mx\/index.php\/2026\/08\/30\/higinio-martinez-presidira-la-mesa-directiva-del-senado\/#article","isPartOf":{"@id":"https:\/\/elotroenfoque.mx\/index.php\/2026\/08\/30\/higinio-martinez-presidira-la-mesa-directiva-del-senado\/"},"author":{"name":"Equipo Redaccion","@id":"https:\/\/elotroenfoque.mx\/#\/schema\/person\/8eb322f84d0bd9f337e462905519a1ae"},"headline":"Higinio Mart\u00ednez presidir\u00e1 la Mesa Directiva del Senado","datePublished":"2026-08-31T01:24:47+00:00","mainEntityOfPage":{"@id":"https:\/\/elotroenfoque.mx\/index.php\/2026\/08\/30\/higinio-martinez-presidira-la-mesa-directiva-del-senado\/"},"wordCount":814,"image":{"@id":"https:\/\/elotroenfoque.mx\/index.php\/2026\/08\/30\/higinio-martinez-presidira-la-mesa-directiva-del-senado\/#primaryimage"},"thumbnailUrl":"https:\/\/elotroenfoque.mx\/wp-content\/uploads\/2026\/08\/higinio-martinez.jpg","keywords":["Guanajuato","Noticias Guanajuato"],"articleSection":["Otras Noticias"],"inLanguage":"es"},{"@type":"WebPage","@id":"https:\/\/elotroenfoque.mx\/index.php\/2026\/08\/30\/higinio-martinez-presidira-la-mesa-directiva-del-senado\/","url":"https:\/\/elotroenfoque.mx\/index.php\/2026\/08\/30\/higinio-martinez-presidira-la-mesa-directiva-del-senado\/","name":"Higinio Mart\u00ednez presidir\u00e1 la Mesa Directiva del Senado - El otro enfoque","isPartOf":{"@id":"https:\/\/elotroenfoque.mx\/#website"},"primaryImageOfPage":{"@id":"https:\/\/elotroenfoque.mx\/index.php\/2026\/08\/30\/higinio-martinez-presidira-la-mesa-directiva-del-senado\/#primaryimage"},"image":{"@id":"https:\/\/elotroenfoque.mx\/index.php\/2026\/08\/30\/higinio-martinez-presidira-la-mesa-directiva-del-senado\/#primaryimage"},"thumbnailUrl":"https:\/\/elotroenfoque.mx\/wp-content\/uploads\/2026\/08\/higinio-martinez.jpg","datePublished":"2026-08-31T01:24:47+00:00","author":{"@id":"https:\/\/elotroenfoque.mx\/#\/schema\/person\/8eb322f84d0bd9f337e462905519a1ae"},"description":"Morena elige a Higinio Mart\u00ednez para presidir la Mesa Directiva del Senado. Conoce los detalles de la elecci\u00f3n interna y los acuerdos de la bancada.","breadcrumb":{"@id":"https:\/\/elotroenfoque.mx\/index.php\/2026\/08\/30\/higinio-martinez-presidira-la-mesa-directiva-del-senado\/#breadcrumb"},"inLanguage":"es","potentialAction":[{"@type":"ReadAction","target":["https:\/\/elotroenfoque.mx\/index.php\/2026\/08\/30\/higinio-martinez-presidira-la-mesa-directiva-del-senado\/"]}]},{"@type":"ImageObject","inLanguage":"es","@id":"https:\/\/elotroenfoque.mx\/index.php\/2026\/08\/30\/higinio-martinez-presidira-la-mesa-directiva-del-senado\/#primaryimage","url":"https:\/\/elotroenfoque.mx\/wp-content\/uploads\/2026\/08\/higinio-martinez.jpg","contentUrl":"https:\/\/elotroenfoque.mx\/wp-content\/uploads\/2026\/08\/higinio-martinez.jpg","width":541,"height":360},{"@type":"BreadcrumbList","@id":"https:\/\/elotroenfoque.mx\/index.php\/2026\/08\/30\/higinio-martinez-presidira-la-mesa-directiva-del-senado\/#breadcrumb","itemListElement":[{"@type":"ListItem","position":1,"name":"Portada","item":"https:\/\/elotroenfoque.mx\/"},{"@type":"ListItem","position":2,"name":"Higinio Mart\u00ednez presidir\u00e1 la Mesa Directiva del Senado"}]},{"@type":"WebSite","@id":"https:\/\/elotroenfoque.mx\/#website","url":"https:\/\/elotroenfoque.mx\/","name":"El otro enfoque","description":"","potentialAction":[{"@type":"SearchAction","target":{"@type":"EntryPoint","urlTemplate":"https:\/\/elotroenfoque.mx\/?s={search_term_string}"},"query-input":{"@type":"PropertyValueSpecification","valueRequired":true,"valueName":"search_term_string"}}],"inLanguage":"es"},{"@type":"Person","@id":"https:\/\/elotroenfoque.mx\/#\/schema\/person\/8eb322f84d0bd9f337e462905519a1ae","name":"Equipo Redaccion","image":{"@type":"ImageObject","inLanguage":"es","@id":"https:\/\/secure.gravatar.com\/avatar\/3579478e2b4e7aad364a32b26cf744b360ae0e581ee1cd0cb18a8f239ee49ac4?s=96&d=mm&r=g","url":"https:\/\/secure.gravatar.com\/avatar\/3579478e2b4e7aad364a32b26cf744b360ae0e581ee1cd0cb18a8f239ee49ac4?s=96&d=mm&r=g","contentUrl":"https:\/\/secure.gravatar.com\/avatar\/3579478e2b4e7aad364a32b26cf744b360ae0e581ee1cd0cb18a8f239ee49ac4?s=96&d=mm&r=g","caption":"Equipo Redaccion"},"url":"https:\/\/elotroenfoque.mx\/index.php\/author\/redaccion\/"}]}},"_links":{"self":[{"href":"https:\/\/elotroenfoque.mx\/index.php\/wp-json\/wp\/v2\/posts\/195159","targetHints":{"allow":["GET"]}}],"collection":[{"href":"https:\/\/elotroenfoque.mx\/index.php\/wp-json\/wp\/v2\/posts"}],"about":[{"href":"https:\/\/elotroenfoque.mx\/index.php\/wp-json\/wp\/v2\/types\/post"}],"author":[{"embeddable":true,"href":"https:\/\/elotroenfoque.mx\/index.php\/wp-json\/wp\/v2\/users\/4"}],"replies":[{"embeddable":true,"href":"https:\/\/elotroenfoque.mx\/index.php\/wp-json\/wp\/v2\/comments?post=195159"}],"version-history":[{"count":1,"href":"https:\/\/elotroenfoque.mx\/index.php\/wp-json\/wp\/v2\/posts\/195159\/revisions"}],"predecessor-version":[{"id":195161,"href":"https:\/\/elotroenfoque.mx\/index.php\/wp-json\/wp\/v2\/posts\/195159\/revisions\/195161"}],"wp:featuredmedia":[{"embeddable":true,"href":"https:\/\/elotroenfoque.mx\/index.php\/wp-json\/wp\/v2\/media\/195160"}],"wp:attachment":[{"href":"https:\/\/elotroenfoque.mx\/index.php\/wp-json\/wp\/v2\/media?parent=195159"}],"wp:term":[{"taxonomy":"category","embeddable":true,"href":"https:\/\/elotroenfoque.mx\/index.php\/wp-json\/wp\/v2\/categories?post=195159"},{"taxonomy":"post_tag","embeddable":true,"href":"https:\/\/elotroenfoque.mx\/index.php\/wp-json\/wp\/v2\/tags?post=195159"}],"curies":[{"name":"wp","href":"https:\/\/api.w.org\/{rel}","templated":true}]}}