{"id":195171,"date":"2026-08-30T22:34:30","date_gmt":"2026-08-31T04:34:30","guid":{"rendered":"https:\/\/elotroenfoque.mx\/?p=195171"},"modified":"2026-08-30T22:34:31","modified_gmt":"2026-08-31T04:34:31","slug":"captan-a-pena-nieto-en-italia-junto-a-empresario-israeli-senalado-de-haberlo-sobornado","status":"publish","type":"post","link":"https:\/\/elotroenfoque.mx\/index.php\/2026\/08\/30\/captan-a-pena-nieto-en-italia-junto-a-empresario-israeli-senalado-de-haberlo-sobornado\/","title":{"rendered":"Captan a Pe\u00f1a Nieto en Italia junto a empresario israel\u00ed se\u00f1alado de haberlo sobornado"},"content":{"rendered":"\n<p class=\"wp-block-paragraph\">El expresidente mexicano volvi\u00f3 a la escena p\u00fablica durante un evento privado celebrado en Europa. La reaparici\u00f3n ocurri\u00f3 en un exclusivo castillo de Portofino durante el enlace matrimonial del cantante Omer Adam. Por ello, la presencia de Enrique Pe\u00f1a Nieto en Italia capt\u00f3 r\u00e1pidamente la atenci\u00f3n de los medios internacionales.<\/p>\n\n\n\n<p class=\"wp-block-paragraph\">Diversas im\u00e1genes difundidas en redes sociales muestran al antiguo mandatario en las primeras filas del evento. El exfuncionario luc\u00eda un traje formal negro y una kip\u00e1 beige durante una presentaci\u00f3n musical. En consecuencia, la difusi\u00f3n de las fotograf\u00edas gener\u00f3 reacciones inmediatas sobre los asistentes a la ceremonia.<\/p>\n\n\n\n<p class=\"wp-block-paragraph\">El diario israel\u00ed TheMarker revel\u00f3 los detalles del encuentro social al que acudieron personalidades del espect\u00e1culo y negocios. Adem\u00e1s, el reporte period\u00edstico destac\u00f3 la coincidencia del pol\u00edtico mexicano con un personaje vinculado a investigaciones previas. El acontecimiento expuso nuevamente los v\u00ednculos del exmandatario con empresarios extranjeros.<\/p>\n\n\n\n<h2 class=\"wp-block-heading\">La reaparici\u00f3n de Enrique Pe\u00f1a Nieto en Italia<\/h2>\n\n\n\n<p class=\"wp-block-paragraph\">La estancia de Enrique Pe\u00f1a Nieto en Italia coincidi\u00f3 con la presencia del empresario israel\u00ed Avishai Neria. Este \u00faltimo personaje aparece cercano al exmandatario dentro del material fotogr\u00e1fico recuperado del evento. Por este motivo, el hallazgo reactiv\u00f3 los se\u00f1alamientos sobre antiguos contratos gubernamentales firmados en M\u00e9xico.<\/p>\n\n\n\n<p class=\"wp-block-paragraph\">Investigaciones period\u00edsticas publicadas hace m\u00e1s de un a\u00f1o relacionaron a dicho empresario con supuestos pagos irregulares. Los reportes legales citaban presuntas transferencias millonarias a cambio de acceso directo a la administraci\u00f3n federal. Sin embargo, los documentos difundidos no precisaron los mecanismos utilizados para realizar dichas entregas.<\/p>\n\n\n\n<p class=\"wp-block-paragraph\">La reuni\u00f3n en Portofino congreg\u00f3 a m\u00faltiples figuras financieras y del entretenimiento internacional en un entorno privado. Asimismo, la presencia de los dos personajes confirm\u00f3 la relaci\u00f3n personal que mantienen desde hace a\u00f1os. Las im\u00e1genes contin\u00faan circulando en diversos portales informativos del pa\u00eds.<\/p>\n\n\n\n<h2 class=\"wp-block-heading\">Investigaciones judiciales y contratos en M\u00e9xico<\/h2>\n\n\n\n<p class=\"wp-block-paragraph\">El origen de las acusaciones proviene de un conflicto legal entre antiguos socios comerciales en tribunales israel\u00edes. En aquel proceso, las partes disputaron el reparto de beneficios obtenidos por gestiones realizadas en territorio mexicano. Por lo tanto, los \u00e1rbitros del caso documentaron aportaciones econ\u00f3micas dirigidas a funcionarios p\u00fablicos.<\/p>\n\n\n\n<p class=\"wp-block-paragraph\">Los expedientes del arbitraje religioso y civil hicieron referencia a un mandatario que gobern\u00f3 entre 2012 y 2018. Aunque las menciones utilizaban un lenguaje ambiguo, los datos temporales permitieron identificar al exmandatario federal. Ciertamente, los informes se\u00f1alaron que los recursos estaban destinados a financiar gastos de car\u00e1cter pol\u00edtico.<\/p>\n\n\n\n<p class=\"wp-block-paragraph\">Entre las operaciones analizadas figuraba la comercializaci\u00f3n en M\u00e9xico de herramientas tecnol\u00f3gicas de inteligencia militar. Espec\u00edficamente, las indagatorias relacionaban las gestiones con la plataforma de espionaje conocida como Pegasus. A pesar de las coincidencias, los periodistas aclararon que los pagos no correspond\u00edan \u00fanicamente a ese contrato.<\/p>\n\n\n\n<h2 class=\"wp-block-heading\">V\u00ednculos diplom\u00e1ticos del empresario israel\u00ed<\/h2>\n\n\n\n<p class=\"wp-block-paragraph\">El empresario identificado en la boda mantuvo una relaci\u00f3n constante con las autoridades mexicanas durante ese sexenio. De manera oficial, el gobierno federal le otorg\u00f3 el nombramiento de c\u00f3nsul honorario en la ciudad de Haifa. Debido a esto, el inversionista consolid\u00f3 su presencia dentro de las delegaciones comerciales del pa\u00eds.<\/p>\n\n\n\n<p class=\"wp-block-paragraph\">La designaci\u00f3n diplom\u00e1tica ocurri\u00f3 en el a\u00f1o 2014 tras el establecimiento de nuevos acuerdos bilaterales. De igual manera, la representaci\u00f3n le permiti\u00f3 ampliar sus contactos institucionales con diversas dependencias gubernamentales. Por esta raz\u00f3n, su aparici\u00f3n junto al expresidente reabri\u00f3 el debate sobre aquellos nombramientos.<\/p>\n\n\n\n<p class=\"wp-block-paragraph\">Las autoridades judiciales de Israel concluyeron sus dict\u00e1menes sin establecer sanciones penales directas por estos hechos. No obstante, los registros del caso permanecen como antecedentes documentales sobre la gesti\u00f3n anterior. El material period\u00edstico contin\u00faa bajo revisi\u00f3n de analistas pol\u00edticos y medios locales.<\/p>\n\n\n\n<h2 class=\"wp-block-heading\">Impacto p\u00fablico de las im\u00e1genes difundidas<\/h2>\n\n\n\n<p class=\"wp-block-paragraph\">La publicaci\u00f3n de las fotograf\u00edas gener\u00f3 comentarios divididos entre la opini\u00f3n p\u00fablica y diversos sectores pol\u00edticos. Por su parte, el expresidente ha mantenido un perfil reservado desde la finalizaci\u00f3n de su mandato constitucional. Sin embargo, cada una de sus apariciones en el extranjero vuelve a convertirse en tendencia medi\u00e1tica.<\/p>\n\n\n\n<p class=\"wp-block-paragraph\">Tambi\u00e9n lee: <strong><a href=\"https:\/\/elotroenfoque.mx\/index.php\/2026\/08\/30\/futbol-con-causa-lleva-200-balones-a-silao\/\">Futbol con Causa lleva 200 balones a Silao<\/a><\/strong><\/p>\n\n\n\n<p class=\"wp-block-paragraph\">Las im\u00e1genes confirman la movilidad del pol\u00edtico mexiquense por diversos pa\u00edses del continente europeo durante los \u00faltimos meses. Asimismo, los reportes de prensa destacan el nivel de exclusividad de los eventos a los que asiste de manera privada. La cobertura informativa sobre sus actividades personales se mantiene constante.<\/p>\n\n\n\n<p class=\"wp-block-paragraph\">El exmandatario mexicano no ha emitido declaraciones oficiales respecto a las fotograf\u00edas ni sobre los se\u00f1alamientos period\u00edsticos. Por ello, la difusi\u00f3n del material fotogr\u00e1fico contin\u00faa alimentando el an\u00e1lisis sobre las relaciones del anterior sexenio. Las redes sociales mantienen la conversaci\u00f3n activa sobre el hallazgo.<\/p>\n\n\n\n<p class=\"wp-block-paragraph\"><strong><a href=\"https:\/\/www.tiktok.com\/@elotroenfoque\">Sigue tambi\u00e9n las noticias en TikTok<\/a><\/strong><\/p>\n\n\n\n<p class=\"wp-block-paragraph\"><\/p>\n","protected":false},"excerpt":{"rendered":"<p>El expresidente mexicano volvi\u00f3 a la escena p\u00fablica durante un evento privado celebrado en Europa. La reaparici\u00f3n ocurri\u00f3 en un exclusivo castillo de Portofino durante el enlace matrimonial del cantante Omer Adam. Por ello, la presencia de Enrique Pe\u00f1a Nieto en Italia capt\u00f3 r\u00e1pidamente la atenci\u00f3n de los medios internacionales. Diversas im\u00e1genes difundidas en redes&#8230;<\/p>\n","protected":false},"author":4,"featured_media":195172,"comment_status":"closed","ping_status":"open","sticky":false,"template":"","format":"standard","meta":{"footnotes":""},"categories":[11],"tags":[13,4517],"class_list":["post-195171","post","type-post","status-publish","format-standard","has-post-thumbnail","hentry","category-otrasnoticias","tag-guanajuato","tag-noticias-guanajuato"],"yoast_head":"<!-- This site is optimized with the Yoast SEO plugin v28.2 - https:\/\/yoast.com\/product\/yoast-seo-wordpress\/ -->\n<title>Captan a Pe\u00f1a Nieto en Italia junto a empresario israel\u00ed se\u00f1alado de haberlo sobornado - El otro enfoque<\/title>\n<meta name=\"description\" content=\"Captan a Pe\u00f1a Nieto en Italia durante una boda junto a un empresario israel\u00ed se\u00f1alado por un presunto soborno de 25 millones de d\u00f3lares.\" \/>\n<meta name=\"robots\" content=\"index, follow, max-snippet:-1, max-image-preview:large, max-video-preview:-1\" \/>\n<link rel=\"canonical\" href=\"https:\/\/elotroenfoque.mx\/index.php\/2026\/08\/30\/captan-a-pena-nieto-en-italia-junto-a-empresario-israeli-senalado-de-haberlo-sobornado\/\" \/>\n<meta property=\"og:locale\" content=\"es_MX\" \/>\n<meta property=\"og:type\" content=\"article\" \/>\n<meta property=\"og:title\" content=\"Captan a Pe\u00f1a Nieto en Italia junto a empresario israel\u00ed se\u00f1alado de haberlo sobornado - El otro enfoque\" \/>\n<meta property=\"og:description\" content=\"Captan a Pe\u00f1a Nieto en Italia durante una boda junto a un empresario israel\u00ed se\u00f1alado por un presunto soborno de 25 millones de d\u00f3lares.\" \/>\n<meta property=\"og:url\" content=\"https:\/\/elotroenfoque.mx\/index.php\/2026\/08\/30\/captan-a-pena-nieto-en-italia-junto-a-empresario-israeli-senalado-de-haberlo-sobornado\/\" \/>\n<meta property=\"og:site_name\" content=\"El otro enfoque\" \/>\n<meta property=\"article:published_time\" content=\"2026-08-31T04:34:30+00:00\" \/>\n<meta property=\"article:modified_time\" content=\"2026-08-31T04:34:31+00:00\" \/>\n<meta property=\"og:image\" content=\"https:\/\/elotroenfoque.mx\/wp-content\/uploads\/2026\/08\/pena-nieto.jpg\" \/>\n\t<meta property=\"og:image:width\" content=\"676\" \/>\n\t<meta property=\"og:image:height\" content=\"380\" \/>\n\t<meta property=\"og:image:type\" content=\"image\/jpeg\" \/>\n<meta name=\"author\" content=\"Equipo Redaccion\" \/>\n<meta name=\"twitter:card\" content=\"summary_large_image\" \/>\n<meta name=\"twitter:label1\" content=\"Escrito por\" \/>\n\t<meta name=\"twitter:data1\" content=\"Equipo Redaccion\" \/>\n\t<meta name=\"twitter:label2\" content=\"Tiempo de lectura\" \/>\n\t<meta name=\"twitter:data2\" content=\"4 minutos\" \/>\n<script type=\"application\/ld+json\" class=\"yoast-schema-graph\">{\"@context\":\"https:\\\/\\\/schema.org\",\"@graph\":[{\"@type\":\"Article\",\"@id\":\"https:\\\/\\\/elotroenfoque.mx\\\/index.php\\\/2026\\\/08\\\/30\\\/captan-a-pena-nieto-en-italia-junto-a-empresario-israeli-senalado-de-haberlo-sobornado\\\/#article\",\"isPartOf\":{\"@id\":\"https:\\\/\\\/elotroenfoque.mx\\\/index.php\\\/2026\\\/08\\\/30\\\/captan-a-pena-nieto-en-italia-junto-a-empresario-israeli-senalado-de-haberlo-sobornado\\\/\"},\"author\":{\"name\":\"Equipo Redaccion\",\"@id\":\"https:\\\/\\\/elotroenfoque.mx\\\/#\\\/schema\\\/person\\\/8eb322f84d0bd9f337e462905519a1ae\"},\"headline\":\"Captan a Pe\u00f1a Nieto en Italia junto a empresario israel\u00ed se\u00f1alado de haberlo sobornado\",\"datePublished\":\"2026-08-31T04:34:30+00:00\",\"dateModified\":\"2026-08-31T04:34:31+00:00\",\"mainEntityOfPage\":{\"@id\":\"https:\\\/\\\/elotroenfoque.mx\\\/index.php\\\/2026\\\/08\\\/30\\\/captan-a-pena-nieto-en-italia-junto-a-empresario-israeli-senalado-de-haberlo-sobornado\\\/\"},\"wordCount\":833,\"image\":{\"@id\":\"https:\\\/\\\/elotroenfoque.mx\\\/index.php\\\/2026\\\/08\\\/30\\\/captan-a-pena-nieto-en-italia-junto-a-empresario-israeli-senalado-de-haberlo-sobornado\\\/#primaryimage\"},\"thumbnailUrl\":\"https:\\\/\\\/elotroenfoque.mx\\\/wp-content\\\/uploads\\\/2026\\\/08\\\/pena-nieto.jpg\",\"keywords\":[\"Guanajuato\",\"Noticias Guanajuato\"],\"articleSection\":[\"Otras Noticias\"],\"inLanguage\":\"es\"},{\"@type\":\"WebPage\",\"@id\":\"https:\\\/\\\/elotroenfoque.mx\\\/index.php\\\/2026\\\/08\\\/30\\\/captan-a-pena-nieto-en-italia-junto-a-empresario-israeli-senalado-de-haberlo-sobornado\\\/\",\"url\":\"https:\\\/\\\/elotroenfoque.mx\\\/index.php\\\/2026\\\/08\\\/30\\\/captan-a-pena-nieto-en-italia-junto-a-empresario-israeli-senalado-de-haberlo-sobornado\\\/\",\"name\":\"Captan a Pe\u00f1a Nieto en Italia junto a empresario israel\u00ed se\u00f1alado de haberlo sobornado - El otro enfoque\",\"isPartOf\":{\"@id\":\"https:\\\/\\\/elotroenfoque.mx\\\/#website\"},\"primaryImageOfPage\":{\"@id\":\"https:\\\/\\\/elotroenfoque.mx\\\/index.php\\\/2026\\\/08\\\/30\\\/captan-a-pena-nieto-en-italia-junto-a-empresario-israeli-senalado-de-haberlo-sobornado\\\/#primaryimage\"},\"image\":{\"@id\":\"https:\\\/\\\/elotroenfoque.mx\\\/index.php\\\/2026\\\/08\\\/30\\\/captan-a-pena-nieto-en-italia-junto-a-empresario-israeli-senalado-de-haberlo-sobornado\\\/#primaryimage\"},\"thumbnailUrl\":\"https:\\\/\\\/elotroenfoque.mx\\\/wp-content\\\/uploads\\\/2026\\\/08\\\/pena-nieto.jpg\",\"datePublished\":\"2026-08-31T04:34:30+00:00\",\"dateModified\":\"2026-08-31T04:34:31+00:00\",\"author\":{\"@id\":\"https:\\\/\\\/elotroenfoque.mx\\\/#\\\/schema\\\/person\\\/8eb322f84d0bd9f337e462905519a1ae\"},\"description\":\"Captan a Pe\u00f1a Nieto en Italia durante una boda junto a un empresario israel\u00ed se\u00f1alado por un presunto soborno de 25 millones de d\u00f3lares.\",\"breadcrumb\":{\"@id\":\"https:\\\/\\\/elotroenfoque.mx\\\/index.php\\\/2026\\\/08\\\/30\\\/captan-a-pena-nieto-en-italia-junto-a-empresario-israeli-senalado-de-haberlo-sobornado\\\/#breadcrumb\"},\"inLanguage\":\"es\",\"potentialAction\":[{\"@type\":\"ReadAction\",\"target\":[\"https:\\\/\\\/elotroenfoque.mx\\\/index.php\\\/2026\\\/08\\\/30\\\/captan-a-pena-nieto-en-italia-junto-a-empresario-israeli-senalado-de-haberlo-sobornado\\\/\"]}]},{\"@type\":\"ImageObject\",\"inLanguage\":\"es\",\"@id\":\"https:\\\/\\\/elotroenfoque.mx\\\/index.php\\\/2026\\\/08\\\/30\\\/captan-a-pena-nieto-en-italia-junto-a-empresario-israeli-senalado-de-haberlo-sobornado\\\/#primaryimage\",\"url\":\"https:\\\/\\\/elotroenfoque.mx\\\/wp-content\\\/uploads\\\/2026\\\/08\\\/pena-nieto.jpg\",\"contentUrl\":\"https:\\\/\\\/elotroenfoque.mx\\\/wp-content\\\/uploads\\\/2026\\\/08\\\/pena-nieto.jpg\",\"width\":676,\"height\":380},{\"@type\":\"BreadcrumbList\",\"@id\":\"https:\\\/\\\/elotroenfoque.mx\\\/index.php\\\/2026\\\/08\\\/30\\\/captan-a-pena-nieto-en-italia-junto-a-empresario-israeli-senalado-de-haberlo-sobornado\\\/#breadcrumb\",\"itemListElement\":[{\"@type\":\"ListItem\",\"position\":1,\"name\":\"Portada\",\"item\":\"https:\\\/\\\/elotroenfoque.mx\\\/\"},{\"@type\":\"ListItem\",\"position\":2,\"name\":\"Captan a Pe\u00f1a Nieto en Italia junto a empresario israel\u00ed se\u00f1alado de haberlo sobornado\"}]},{\"@type\":\"WebSite\",\"@id\":\"https:\\\/\\\/elotroenfoque.mx\\\/#website\",\"url\":\"https:\\\/\\\/elotroenfoque.mx\\\/\",\"name\":\"El otro enfoque\",\"description\":\"\",\"potentialAction\":[{\"@type\":\"SearchAction\",\"target\":{\"@type\":\"EntryPoint\",\"urlTemplate\":\"https:\\\/\\\/elotroenfoque.mx\\\/?s={search_term_string}\"},\"query-input\":{\"@type\":\"PropertyValueSpecification\",\"valueRequired\":true,\"valueName\":\"search_term_string\"}}],\"inLanguage\":\"es\"},{\"@type\":\"Person\",\"@id\":\"https:\\\/\\\/elotroenfoque.mx\\\/#\\\/schema\\\/person\\\/8eb322f84d0bd9f337e462905519a1ae\",\"name\":\"Equipo Redaccion\",\"image\":{\"@type\":\"ImageObject\",\"inLanguage\":\"es\",\"@id\":\"https:\\\/\\\/secure.gravatar.com\\\/avatar\\\/3579478e2b4e7aad364a32b26cf744b360ae0e581ee1cd0cb18a8f239ee49ac4?s=96&d=mm&r=g\",\"url\":\"https:\\\/\\\/secure.gravatar.com\\\/avatar\\\/3579478e2b4e7aad364a32b26cf744b360ae0e581ee1cd0cb18a8f239ee49ac4?s=96&d=mm&r=g\",\"contentUrl\":\"https:\\\/\\\/secure.gravatar.com\\\/avatar\\\/3579478e2b4e7aad364a32b26cf744b360ae0e581ee1cd0cb18a8f239ee49ac4?s=96&d=mm&r=g\",\"caption\":\"Equipo Redaccion\"},\"url\":\"https:\\\/\\\/elotroenfoque.mx\\\/index.php\\\/author\\\/redaccion\\\/\"}]}<\/script>\n<!-- \/ Yoast SEO plugin. -->","yoast_head_json":{"title":"Captan a Pe\u00f1a Nieto en Italia junto a empresario israel\u00ed se\u00f1alado de haberlo sobornado - El otro enfoque","description":"Captan a Pe\u00f1a Nieto en Italia durante una boda junto a un empresario israel\u00ed se\u00f1alado por un presunto soborno de 25 millones de d\u00f3lares.","robots":{"index":"index","follow":"follow","max-snippet":"max-snippet:-1","max-image-preview":"max-image-preview:large","max-video-preview":"max-video-preview:-1"},"canonical":"https:\/\/elotroenfoque.mx\/index.php\/2026\/08\/30\/captan-a-pena-nieto-en-italia-junto-a-empresario-israeli-senalado-de-haberlo-sobornado\/","og_locale":"es_MX","og_type":"article","og_title":"Captan a Pe\u00f1a Nieto en Italia junto a empresario israel\u00ed se\u00f1alado de haberlo sobornado - El otro enfoque","og_description":"Captan a Pe\u00f1a Nieto en Italia durante una boda junto a un empresario israel\u00ed se\u00f1alado por un presunto soborno de 25 millones de d\u00f3lares.","og_url":"https:\/\/elotroenfoque.mx\/index.php\/2026\/08\/30\/captan-a-pena-nieto-en-italia-junto-a-empresario-israeli-senalado-de-haberlo-sobornado\/","og_site_name":"El otro enfoque","article_published_time":"2026-08-31T04:34:30+00:00","article_modified_time":"2026-08-31T04:34:31+00:00","og_image":[{"width":676,"height":380,"url":"https:\/\/elotroenfoque.mx\/wp-content\/uploads\/2026\/08\/pena-nieto.jpg","type":"image\/jpeg"}],"author":"Equipo Redaccion","twitter_card":"summary_large_image","twitter_misc":{"Escrito por":"Equipo Redaccion","Tiempo de lectura":"4 minutos"},"schema":{"@context":"https:\/\/schema.org","@graph":[{"@type":"Article","@id":"https:\/\/elotroenfoque.mx\/index.php\/2026\/08\/30\/captan-a-pena-nieto-en-italia-junto-a-empresario-israeli-senalado-de-haberlo-sobornado\/#article","isPartOf":{"@id":"https:\/\/elotroenfoque.mx\/index.php\/2026\/08\/30\/captan-a-pena-nieto-en-italia-junto-a-empresario-israeli-senalado-de-haberlo-sobornado\/"},"author":{"name":"Equipo Redaccion","@id":"https:\/\/elotroenfoque.mx\/#\/schema\/person\/8eb322f84d0bd9f337e462905519a1ae"},"headline":"Captan a Pe\u00f1a Nieto en Italia junto a empresario israel\u00ed se\u00f1alado de haberlo sobornado","datePublished":"2026-08-31T04:34:30+00:00","dateModified":"2026-08-31T04:34:31+00:00","mainEntityOfPage":{"@id":"https:\/\/elotroenfoque.mx\/index.php\/2026\/08\/30\/captan-a-pena-nieto-en-italia-junto-a-empresario-israeli-senalado-de-haberlo-sobornado\/"},"wordCount":833,"image":{"@id":"https:\/\/elotroenfoque.mx\/index.php\/2026\/08\/30\/captan-a-pena-nieto-en-italia-junto-a-empresario-israeli-senalado-de-haberlo-sobornado\/#primaryimage"},"thumbnailUrl":"https:\/\/elotroenfoque.mx\/wp-content\/uploads\/2026\/08\/pena-nieto.jpg","keywords":["Guanajuato","Noticias Guanajuato"],"articleSection":["Otras Noticias"],"inLanguage":"es"},{"@type":"WebPage","@id":"https:\/\/elotroenfoque.mx\/index.php\/2026\/08\/30\/captan-a-pena-nieto-en-italia-junto-a-empresario-israeli-senalado-de-haberlo-sobornado\/","url":"https:\/\/elotroenfoque.mx\/index.php\/2026\/08\/30\/captan-a-pena-nieto-en-italia-junto-a-empresario-israeli-senalado-de-haberlo-sobornado\/","name":"Captan a Pe\u00f1a Nieto en Italia junto a empresario israel\u00ed se\u00f1alado de haberlo sobornado - El otro enfoque","isPartOf":{"@id":"https:\/\/elotroenfoque.mx\/#website"},"primaryImageOfPage":{"@id":"https:\/\/elotroenfoque.mx\/index.php\/2026\/08\/30\/captan-a-pena-nieto-en-italia-junto-a-empresario-israeli-senalado-de-haberlo-sobornado\/#primaryimage"},"image":{"@id":"https:\/\/elotroenfoque.mx\/index.php\/2026\/08\/30\/captan-a-pena-nieto-en-italia-junto-a-empresario-israeli-senalado-de-haberlo-sobornado\/#primaryimage"},"thumbnailUrl":"https:\/\/elotroenfoque.mx\/wp-content\/uploads\/2026\/08\/pena-nieto.jpg","datePublished":"2026-08-31T04:34:30+00:00","dateModified":"2026-08-31T04:34:31+00:00","author":{"@id":"https:\/\/elotroenfoque.mx\/#\/schema\/person\/8eb322f84d0bd9f337e462905519a1ae"},"description":"Captan a Pe\u00f1a Nieto en Italia durante una boda junto a un empresario israel\u00ed se\u00f1alado por un presunto soborno de 25 millones de d\u00f3lares.","breadcrumb":{"@id":"https:\/\/elotroenfoque.mx\/index.php\/2026\/08\/30\/captan-a-pena-nieto-en-italia-junto-a-empresario-israeli-senalado-de-haberlo-sobornado\/#breadcrumb"},"inLanguage":"es","potentialAction":[{"@type":"ReadAction","target":["https:\/\/elotroenfoque.mx\/index.php\/2026\/08\/30\/captan-a-pena-nieto-en-italia-junto-a-empresario-israeli-senalado-de-haberlo-sobornado\/"]}]},{"@type":"ImageObject","inLanguage":"es","@id":"https:\/\/elotroenfoque.mx\/index.php\/2026\/08\/30\/captan-a-pena-nieto-en-italia-junto-a-empresario-israeli-senalado-de-haberlo-sobornado\/#primaryimage","url":"https:\/\/elotroenfoque.mx\/wp-content\/uploads\/2026\/08\/pena-nieto.jpg","contentUrl":"https:\/\/elotroenfoque.mx\/wp-content\/uploads\/2026\/08\/pena-nieto.jpg","width":676,"height":380},{"@type":"BreadcrumbList","@id":"https:\/\/elotroenfoque.mx\/index.php\/2026\/08\/30\/captan-a-pena-nieto-en-italia-junto-a-empresario-israeli-senalado-de-haberlo-sobornado\/#breadcrumb","itemListElement":[{"@type":"ListItem","position":1,"name":"Portada","item":"https:\/\/elotroenfoque.mx\/"},{"@type":"ListItem","position":2,"name":"Captan a Pe\u00f1a Nieto en Italia junto a empresario israel\u00ed se\u00f1alado de haberlo sobornado"}]},{"@type":"WebSite","@id":"https:\/\/elotroenfoque.mx\/#website","url":"https:\/\/elotroenfoque.mx\/","name":"El otro enfoque","description":"","potentialAction":[{"@type":"SearchAction","target":{"@type":"EntryPoint","urlTemplate":"https:\/\/elotroenfoque.mx\/?s={search_term_string}"},"query-input":{"@type":"PropertyValueSpecification","valueRequired":true,"valueName":"search_term_string"}}],"inLanguage":"es"},{"@type":"Person","@id":"https:\/\/elotroenfoque.mx\/#\/schema\/person\/8eb322f84d0bd9f337e462905519a1ae","name":"Equipo Redaccion","image":{"@type":"ImageObject","inLanguage":"es","@id":"https:\/\/secure.gravatar.com\/avatar\/3579478e2b4e7aad364a32b26cf744b360ae0e581ee1cd0cb18a8f239ee49ac4?s=96&d=mm&r=g","url":"https:\/\/secure.gravatar.com\/avatar\/3579478e2b4e7aad364a32b26cf744b360ae0e581ee1cd0cb18a8f239ee49ac4?s=96&d=mm&r=g","contentUrl":"https:\/\/secure.gravatar.com\/avatar\/3579478e2b4e7aad364a32b26cf744b360ae0e581ee1cd0cb18a8f239ee49ac4?s=96&d=mm&r=g","caption":"Equipo Redaccion"},"url":"https:\/\/elotroenfoque.mx\/index.php\/author\/redaccion\/"}]}},"_links":{"self":[{"href":"https:\/\/elotroenfoque.mx\/index.php\/wp-json\/wp\/v2\/posts\/195171","targetHints":{"allow":["GET"]}}],"collection":[{"href":"https:\/\/elotroenfoque.mx\/index.php\/wp-json\/wp\/v2\/posts"}],"about":[{"href":"https:\/\/elotroenfoque.mx\/index.php\/wp-json\/wp\/v2\/types\/post"}],"author":[{"embeddable":true,"href":"https:\/\/elotroenfoque.mx\/index.php\/wp-json\/wp\/v2\/users\/4"}],"replies":[{"embeddable":true,"href":"https:\/\/elotroenfoque.mx\/index.php\/wp-json\/wp\/v2\/comments?post=195171"}],"version-history":[{"count":1,"href":"https:\/\/elotroenfoque.mx\/index.php\/wp-json\/wp\/v2\/posts\/195171\/revisions"}],"predecessor-version":[{"id":195173,"href":"https:\/\/elotroenfoque.mx\/index.php\/wp-json\/wp\/v2\/posts\/195171\/revisions\/195173"}],"wp:featuredmedia":[{"embeddable":true,"href":"https:\/\/elotroenfoque.mx\/index.php\/wp-json\/wp\/v2\/media\/195172"}],"wp:attachment":[{"href":"https:\/\/elotroenfoque.mx\/index.php\/wp-json\/wp\/v2\/media?parent=195171"}],"wp:term":[{"taxonomy":"category","embeddable":true,"href":"https:\/\/elotroenfoque.mx\/index.php\/wp-json\/wp\/v2\/categories?post=195171"},{"taxonomy":"post_tag","embeddable":true,"href":"https:\/\/elotroenfoque.mx\/index.php\/wp-json\/wp\/v2\/tags?post=195171"}],"curies":[{"name":"wp","href":"https:\/\/api.w.org\/{rel}","templated":true}]}}