{"id":195176,"date":"2026-08-31T08:59:46","date_gmt":"2026-08-31T14:59:46","guid":{"rendered":"https:\/\/elotroenfoque.mx\/?p=195176"},"modified":"2026-08-31T08:59:47","modified_gmt":"2026-08-31T14:59:47","slug":"capturan-a-dos-colombianos-por-robo-millonario-de-pelicula-en-aguascalientes","status":"publish","type":"post","link":"https:\/\/elotroenfoque.mx\/index.php\/2026\/08\/31\/capturan-a-dos-colombianos-por-robo-millonario-de-pelicula-en-aguascalientes\/","title":{"rendered":"Capturan a dos colombianos por robo millonario \u201cde pel\u00edcula\u201d en Aguascalientes"},"content":{"rendered":"\n<p class=\"wp-block-paragraph\">Un robo de pel\u00edcula, con un bot\u00edn superior a 5 millones de pesos, termin\u00f3 con la detenci\u00f3n de dos presuntos integrantes de una banda delictiva que operaba en distintos estados del pa\u00eds, no se descarta Guanajuato.<\/p>\n\n\n\n<p class=\"wp-block-paragraph\">La Fiscal\u00eda General del Estado de Aguascalientes inform\u00f3 la captura de Luz y H\u00e9ctor &nbsp;ambos de origen colombiano.<\/p>\n\n\n\n<figure class=\"wp-block-gallery has-nested-images columns-default is-cropped wp-block-gallery-1 is-layout-flex wp-block-gallery-is-layout-flex\">\n<figure class=\"wp-block-image size-large\"><img loading=\"lazy\" decoding=\"async\" width=\"1024\" height=\"682\" data-id=\"195178\" src=\"https:\/\/elotroenfoque.mx\/wp-content\/uploads\/2026\/08\/zzz-1024x682.jpg\" alt=\"\" class=\"wp-image-195178\" srcset=\"https:\/\/elotroenfoque.mx\/wp-content\/uploads\/2026\/08\/zzz-1024x682.jpg 1024w, https:\/\/elotroenfoque.mx\/wp-content\/uploads\/2026\/08\/zzz-300x200.jpg 300w, https:\/\/elotroenfoque.mx\/wp-content\/uploads\/2026\/08\/zzz-767x511.jpg 767w, https:\/\/elotroenfoque.mx\/wp-content\/uploads\/2026\/08\/zzz-600x400.jpg 600w, https:\/\/elotroenfoque.mx\/wp-content\/uploads\/2026\/08\/zzz.jpg 1207w\" sizes=\"auto, (max-width: 1024px) 100vw, 1024px\" \/><\/figure>\n\n\n\n<figure class=\"wp-block-image size-large\"><img loading=\"lazy\" decoding=\"async\" width=\"1024\" height=\"682\" data-id=\"195181\" src=\"https:\/\/elotroenfoque.mx\/wp-content\/uploads\/2026\/08\/zzzzz-1024x682.jpg\" alt=\"\" class=\"wp-image-195181\" srcset=\"https:\/\/elotroenfoque.mx\/wp-content\/uploads\/2026\/08\/zzzzz-1024x682.jpg 1024w, https:\/\/elotroenfoque.mx\/wp-content\/uploads\/2026\/08\/zzzzz-300x200.jpg 300w, https:\/\/elotroenfoque.mx\/wp-content\/uploads\/2026\/08\/zzzzz-767x511.jpg 767w, https:\/\/elotroenfoque.mx\/wp-content\/uploads\/2026\/08\/zzzzz-600x400.jpg 600w, https:\/\/elotroenfoque.mx\/wp-content\/uploads\/2026\/08\/zzzzz.jpg 1207w\" sizes=\"auto, (max-width: 1024px) 100vw, 1024px\" \/><\/figure>\n\n\n\n<figure class=\"wp-block-image size-large\"><img loading=\"lazy\" decoding=\"async\" width=\"1024\" height=\"682\" data-id=\"195180\" src=\"https:\/\/elotroenfoque.mx\/wp-content\/uploads\/2026\/08\/zzzzzz-1024x682.jpg\" alt=\"\" class=\"wp-image-195180\" srcset=\"https:\/\/elotroenfoque.mx\/wp-content\/uploads\/2026\/08\/zzzzzz-1024x682.jpg 1024w, https:\/\/elotroenfoque.mx\/wp-content\/uploads\/2026\/08\/zzzzzz-300x200.jpg 300w, https:\/\/elotroenfoque.mx\/wp-content\/uploads\/2026\/08\/zzzzzz-767x511.jpg 767w, https:\/\/elotroenfoque.mx\/wp-content\/uploads\/2026\/08\/zzzzzz-600x400.jpg 600w, https:\/\/elotroenfoque.mx\/wp-content\/uploads\/2026\/08\/zzzzzz.jpg 1207w\" sizes=\"auto, (max-width: 1024px) 100vw, 1024px\" \/><\/figure>\n\n\n\n<figure class=\"wp-block-image size-large\"><img loading=\"lazy\" decoding=\"async\" width=\"1024\" height=\"682\" data-id=\"195179\" src=\"https:\/\/elotroenfoque.mx\/wp-content\/uploads\/2026\/08\/z-1024x682.jpg\" alt=\"\" class=\"wp-image-195179\" srcset=\"https:\/\/elotroenfoque.mx\/wp-content\/uploads\/2026\/08\/z-1024x682.jpg 1024w, https:\/\/elotroenfoque.mx\/wp-content\/uploads\/2026\/08\/z-300x200.jpg 300w, https:\/\/elotroenfoque.mx\/wp-content\/uploads\/2026\/08\/z-767x511.jpg 767w, https:\/\/elotroenfoque.mx\/wp-content\/uploads\/2026\/08\/z-600x400.jpg 600w, https:\/\/elotroenfoque.mx\/wp-content\/uploads\/2026\/08\/z.jpg 1200w\" sizes=\"auto, (max-width: 1024px) 100vw, 1024px\" \/><\/figure>\n<\/figure>\n\n\n\n<p class=\"wp-block-paragraph\">De acuerdo con la investigaci\u00f3n, ambos estar\u00edan relacionados con un robo ocurrido el 20 de junio de 2026 en el exclusivo Coto San Nicol\u00e1s, ubicado en la colonia San Nicol\u00e1s, en la capital de Aguascalientes.<\/p>\n\n\n\n<p class=\"wp-block-paragraph\">Clonaron un TAG para entrar al fraccionamiento<\/p>\n\n\n\n<p class=\"wp-block-paragraph\">La operaci\u00f3n comenz\u00f3 antes de llegar al domicilio.<\/p>\n\n\n\n<p class=\"wp-block-paragraph\">Seg\u00fan la Fiscal\u00eda, los presuntos responsables en el estacionamiento de un restaurante clonaron un dispositivo TAG utilizado por uno de los residentes para ingresar al desarrollo habitacional.<\/p>\n\n\n\n<p class=\"wp-block-paragraph\">Entraron sin despertar sospechas de inmediato.<\/p>\n\n\n\n<p class=\"wp-block-paragraph\">Para el golpe utilizaron una camioneta de lujo Audi negra, con placas sobrepuestas.<\/p>\n\n\n\n<p class=\"wp-block-paragraph\">Llegaron por el bot\u00edn y huyeron en minutos<\/p>\n\n\n\n<p class=\"wp-block-paragraph\">Una vez dentro del Coto San Nicol\u00e1s, los ocupantes de la Audi se dirigieron hasta el domicilio de la v\u00edctima.<\/p>\n\n\n\n<p class=\"wp-block-paragraph\">Estacionaron la camioneta frente a la vivienda.<\/p>\n\n\n\n<p class=\"wp-block-paragraph\">Algunos sujetos descendieron y se acercaron al inmueble, mientras otro permaneci\u00f3 en el veh\u00edculo para vigilar y monitorear los movimientos en el exterior.<\/p>\n\n\n\n<p class=\"wp-block-paragraph\">Los intrusos causaron da\u00f1os para vencer las medidas de seguridad de la propiedad.<\/p>\n\n\n\n<p class=\"wp-block-paragraph\">Despu\u00e9s localizaron una caja fuerte.<\/p>\n\n\n\n<p class=\"wp-block-paragraph\">Los presuntos ladrones utilizaron mecanismos para vulnerar su sistema de protecci\u00f3n y consiguieron abrirla.<\/p>\n\n\n\n<p class=\"wp-block-paragraph\">Dentro encontraron un bot\u00edn millonario.<\/p>\n\n\n\n<p class=\"wp-block-paragraph\">Joyas, efectivo y relojes de alta gama<\/p>\n\n\n\n<p class=\"wp-block-paragraph\">Los responsables presuntamente se apoderaron de joyas, dinero en efectivo y varios relojes de alta gama.<\/p>\n\n\n\n<p class=\"wp-block-paragraph\">El valor conjunto de lo robado super\u00f3 los 5 millones 52 mil pesos.<\/p>\n\n\n\n<p class=\"wp-block-paragraph\">Con el bot\u00edn en sus manos, abandonaron la vivienda y escaparon en la camioneta Audi.<\/p>\n\n\n\n<p class=\"wp-block-paragraph\">Sin embargo, la huida no termin\u00f3 con el robo.<\/p>\n\n\n\n<p class=\"wp-block-paragraph\">La denuncia de la v\u00edctima puso en marcha una investigaci\u00f3n que terminar\u00eda siguiendo el rastro del veh\u00edculo.<\/p>\n\n\n\n<p class=\"wp-block-paragraph\">Las c\u00e1maras reconstruyeron la ruta de escape<\/p>\n\n\n\n<p class=\"wp-block-paragraph\">Agentes de la Agencia Estatal de Investigaci\u00f3n Criminal (AEIC) comenzaron a revisar los sistemas de videovigilancia de la zona.<\/p>\n\n\n\n<p class=\"wp-block-paragraph\">El trabajo se realiz\u00f3 en coordinaci\u00f3n con personal del C5i.<\/p>\n\n\n\n<p class=\"wp-block-paragraph\">Los investigadores siguieron los movimientos de la Audi antes, durante y despu\u00e9s del robo.<\/p>\n\n\n\n<p class=\"wp-block-paragraph\">El an\u00e1lisis de las grabaciones permiti\u00f3 reconstruir parte de la ruta de escape.<\/p>\n\n\n\n<p class=\"wp-block-paragraph\">Adem\u00e1s, los agentes obtuvieron im\u00e1genes que permitieron identificar los rostros de los posibles responsables.<\/p>\n\n\n\n<p class=\"wp-block-paragraph\">Ese material se incorpor\u00f3 como parte de los datos de prueba de la investigaci\u00f3n.<\/p>\n\n\n\n<p class=\"wp-block-paragraph\">Tambi\u00e9n siguieron el rastro digital<\/p>\n\n\n\n<p class=\"wp-block-paragraph\">La investigaci\u00f3n tom\u00f3 otra ruta mediante herramientas tecnol\u00f3gicas.<\/p>\n\n\n\n<p class=\"wp-block-paragraph\">Personal de la Unidad Especializada en Investigaci\u00f3n de Delitos Cibern\u00e9ticos y de la Polic\u00eda Cibern\u00e9tica de la Secretar\u00eda de Seguridad P\u00fablica del Estado particip\u00f3 en el an\u00e1lisis de informaci\u00f3n relacionada con los sospechosos.<\/p>\n\n\n\n<p class=\"wp-block-paragraph\">Los agentes obtuvieron datos sobre posibles domicilios y n\u00fameros telef\u00f3nicos.<\/p>\n\n\n\n<p class=\"wp-block-paragraph\">La correlaci\u00f3n de esa informaci\u00f3n permiti\u00f3 ampliar las l\u00edneas de investigaci\u00f3n y fortalecer el expediente.<\/p>\n\n\n\n<p class=\"wp-block-paragraph\">Con los elementos reunidos, el Ministerio P\u00fablico solicit\u00f3 ante un juez las \u00f3rdenes de aprehensi\u00f3n contra los dos se\u00f1alados.<\/p>\n\n\n\n<p class=\"wp-block-paragraph\">Los encontraron en Morelos<\/p>\n\n\n\n<p class=\"wp-block-paragraph\">La captura requiri\u00f3 coordinaci\u00f3n entre autoridades de distintos estados.<\/p>\n\n\n\n<p class=\"wp-block-paragraph\">Agentes de la Fiscal\u00eda de Aguascalientes trabajaron con elementos de la Fiscal\u00eda General del Estado de Morelos para ubicar a los sospechosos.<\/p>\n\n\n\n<p class=\"wp-block-paragraph\">Finalmente, ambos fueron detenidos en esa entidad.<\/p>\n\n\n\n<p class=\"wp-block-paragraph\">La Fiscal\u00eda se\u00f1al\u00f3 que, al momento de su captura, habr\u00edan presentado documentos de identidad ap\u00f3crifos para hacerse pasar por ciudadanos mexicanos.<\/p>\n\n\n\n<p class=\"wp-block-paragraph\">Las autoridades investigan adem\u00e1s su posible relaci\u00f3n con la usurpaci\u00f3n de identidades para obtener identificaciones oficiales.<\/p>\n\n\n\n<p class=\"wp-block-paragraph\">Investigan a una banda que operar\u00eda en varios estados<\/p>\n\n\n\n<p class=\"wp-block-paragraph\">La Fiscal\u00eda de Aguascalientes sostiene que Luz \u201cN\u201d y H\u00e9ctor \u201cN\u201d ser\u00edan presuntos integrantes de una organizaci\u00f3n delictiva conformada mayoritariamente por personas de origen extranjero.<\/p>\n\n\n\n<p class=\"wp-block-paragraph\">Seg\u00fan las l\u00edneas de investigaci\u00f3n, el grupo operar\u00eda de manera itinerante en diferentes entidades del pa\u00eds.<\/p>\n\n\n\n<p class=\"wp-block-paragraph\">Su especialidad ser\u00edan los robos a casas habitaci\u00f3n de alto valor.<\/p>\n\n\n\n<p class=\"wp-block-paragraph\">Por ahora, los dos detenidos fueron trasladados a Aguascalientes y quedaron a disposici\u00f3n de la autoridad competente.<\/p>\n\n\n\n<p class=\"wp-block-paragraph\">Posteriormente ingresaron al Centro Penitenciario Estatal de Aguascalientes.<\/p>\n\n\n\n<p class=\"wp-block-paragraph\">Tambi\u00e9n lee:\u00a0<strong><a href=\"https:\/\/elotroenfoque.mx\/index.php\/2026\/08\/30\/pasteles-con-fotos-de-desaparecidos-marcan-acto-conmemorativo-del-dif-en-salamanca\/\">Pasteles con fotos de desaparecidos marcan acto conmemorativo del DIF en Salamanca<\/a><\/strong><\/p>\n\n\n\n<p class=\"wp-block-paragraph\">Ah\u00ed permanecer\u00e1n a disposici\u00f3n del Juez de Control, quien determinar\u00e1 su situaci\u00f3n jur\u00eddica conforme a la legislaci\u00f3n aplicable.<\/p>\n\n\n\n<p class=\"wp-block-paragraph\">La investigaci\u00f3n contin\u00faa para establecer si los detenidos estar\u00edan relacionados con otros robos cometidos bajo un modus operandi similar.<\/p>\n\n\n\n<p class=\"wp-block-paragraph\"><strong><a href=\"https:\/\/www.tiktok.com\/@elotroenfoque\">Sigue tambi\u00e9n las noticias en TikTok<\/a><\/strong><\/p>\n","protected":false},"excerpt":{"rendered":"<p>Un robo de pel\u00edcula, con un bot\u00edn superior a 5 millones de pesos, termin\u00f3 con la detenci\u00f3n de dos presuntos integrantes de una banda delictiva que operaba en distintos estados del pa\u00eds, no se descarta Guanajuato. La Fiscal\u00eda General del Estado de Aguascalientes inform\u00f3 la captura de Luz y H\u00e9ctor &nbsp;ambos de origen colombiano. De&#8230;<\/p>\n","protected":false},"author":4,"featured_media":195177,"comment_status":"closed","ping_status":"open","sticky":false,"template":"","format":"standard","meta":{"footnotes":""},"categories":[11],"tags":[13,4517],"class_list":["post-195176","post","type-post","status-publish","format-standard","has-post-thumbnail","hentry","category-otrasnoticias","tag-guanajuato","tag-noticias-guanajuato"],"yoast_head":"<!-- This site is optimized with the Yoast SEO plugin v28.2 - https:\/\/yoast.com\/product\/yoast-seo-wordpress\/ -->\n<title>Capturan a dos colombianos por robo millonario \u201cde pel\u00edcula\u201d en Aguascalientes - El otro enfoque<\/title>\n<meta name=\"description\" content=\"Colombianos son detenidos por un presunto robo de m\u00e1s de 5 millones de pesos en Aguascalientes. As\u00ed oper\u00f3 la banda y c\u00f3mo fue descubierta.\" \/>\n<meta name=\"robots\" content=\"index, follow, max-snippet:-1, max-image-preview:large, max-video-preview:-1\" \/>\n<link rel=\"canonical\" href=\"https:\/\/elotroenfoque.mx\/index.php\/2026\/08\/31\/capturan-a-dos-colombianos-por-robo-millonario-de-pelicula-en-aguascalientes\/\" \/>\n<meta property=\"og:locale\" content=\"es_MX\" \/>\n<meta property=\"og:type\" content=\"article\" \/>\n<meta property=\"og:title\" content=\"Capturan a dos colombianos por robo millonario \u201cde pel\u00edcula\u201d en Aguascalientes - El otro enfoque\" \/>\n<meta property=\"og:description\" content=\"Colombianos son detenidos por un presunto robo de m\u00e1s de 5 millones de pesos en Aguascalientes. As\u00ed oper\u00f3 la banda y c\u00f3mo fue descubierta.\" \/>\n<meta property=\"og:url\" content=\"https:\/\/elotroenfoque.mx\/index.php\/2026\/08\/31\/capturan-a-dos-colombianos-por-robo-millonario-de-pelicula-en-aguascalientes\/\" \/>\n<meta property=\"og:site_name\" content=\"El otro enfoque\" \/>\n<meta property=\"article:published_time\" content=\"2026-08-31T14:59:46+00:00\" \/>\n<meta property=\"article:modified_time\" content=\"2026-08-31T14:59:47+00:00\" \/>\n<meta property=\"og:image\" content=\"https:\/\/elotroenfoque.mx\/wp-content\/uploads\/2026\/08\/zz.jpg\" \/>\n\t<meta property=\"og:image:width\" content=\"1207\" \/>\n\t<meta property=\"og:image:height\" content=\"804\" \/>\n\t<meta property=\"og:image:type\" content=\"image\/jpeg\" \/>\n<meta name=\"author\" content=\"Equipo Redaccion\" \/>\n<meta name=\"twitter:card\" content=\"summary_large_image\" \/>\n<meta name=\"twitter:label1\" content=\"Escrito por\" \/>\n\t<meta name=\"twitter:data1\" content=\"Equipo Redaccion\" \/>\n\t<meta name=\"twitter:label2\" content=\"Tiempo de lectura\" \/>\n\t<meta name=\"twitter:data2\" content=\"5 minutos\" \/>\n<script type=\"application\/ld+json\" class=\"yoast-schema-graph\">{\"@context\":\"https:\\\/\\\/schema.org\",\"@graph\":[{\"@type\":\"Article\",\"@id\":\"https:\\\/\\\/elotroenfoque.mx\\\/index.php\\\/2026\\\/08\\\/31\\\/capturan-a-dos-colombianos-por-robo-millonario-de-pelicula-en-aguascalientes\\\/#article\",\"isPartOf\":{\"@id\":\"https:\\\/\\\/elotroenfoque.mx\\\/index.php\\\/2026\\\/08\\\/31\\\/capturan-a-dos-colombianos-por-robo-millonario-de-pelicula-en-aguascalientes\\\/\"},\"author\":{\"name\":\"Equipo Redaccion\",\"@id\":\"https:\\\/\\\/elotroenfoque.mx\\\/#\\\/schema\\\/person\\\/8eb322f84d0bd9f337e462905519a1ae\"},\"headline\":\"Capturan a dos colombianos por robo millonario \u201cde pel\u00edcula\u201d en Aguascalientes\",\"datePublished\":\"2026-08-31T14:59:46+00:00\",\"dateModified\":\"2026-08-31T14:59:47+00:00\",\"mainEntityOfPage\":{\"@id\":\"https:\\\/\\\/elotroenfoque.mx\\\/index.php\\\/2026\\\/08\\\/31\\\/capturan-a-dos-colombianos-por-robo-millonario-de-pelicula-en-aguascalientes\\\/\"},\"wordCount\":821,\"image\":{\"@id\":\"https:\\\/\\\/elotroenfoque.mx\\\/index.php\\\/2026\\\/08\\\/31\\\/capturan-a-dos-colombianos-por-robo-millonario-de-pelicula-en-aguascalientes\\\/#primaryimage\"},\"thumbnailUrl\":\"https:\\\/\\\/elotroenfoque.mx\\\/wp-content\\\/uploads\\\/2026\\\/08\\\/zz.jpg\",\"keywords\":[\"Guanajuato\",\"Noticias Guanajuato\"],\"articleSection\":[\"Otras Noticias\"],\"inLanguage\":\"es\"},{\"@type\":\"WebPage\",\"@id\":\"https:\\\/\\\/elotroenfoque.mx\\\/index.php\\\/2026\\\/08\\\/31\\\/capturan-a-dos-colombianos-por-robo-millonario-de-pelicula-en-aguascalientes\\\/\",\"url\":\"https:\\\/\\\/elotroenfoque.mx\\\/index.php\\\/2026\\\/08\\\/31\\\/capturan-a-dos-colombianos-por-robo-millonario-de-pelicula-en-aguascalientes\\\/\",\"name\":\"Capturan a dos colombianos por robo millonario \u201cde pel\u00edcula\u201d en Aguascalientes - El otro enfoque\",\"isPartOf\":{\"@id\":\"https:\\\/\\\/elotroenfoque.mx\\\/#website\"},\"primaryImageOfPage\":{\"@id\":\"https:\\\/\\\/elotroenfoque.mx\\\/index.php\\\/2026\\\/08\\\/31\\\/capturan-a-dos-colombianos-por-robo-millonario-de-pelicula-en-aguascalientes\\\/#primaryimage\"},\"image\":{\"@id\":\"https:\\\/\\\/elotroenfoque.mx\\\/index.php\\\/2026\\\/08\\\/31\\\/capturan-a-dos-colombianos-por-robo-millonario-de-pelicula-en-aguascalientes\\\/#primaryimage\"},\"thumbnailUrl\":\"https:\\\/\\\/elotroenfoque.mx\\\/wp-content\\\/uploads\\\/2026\\\/08\\\/zz.jpg\",\"datePublished\":\"2026-08-31T14:59:46+00:00\",\"dateModified\":\"2026-08-31T14:59:47+00:00\",\"author\":{\"@id\":\"https:\\\/\\\/elotroenfoque.mx\\\/#\\\/schema\\\/person\\\/8eb322f84d0bd9f337e462905519a1ae\"},\"description\":\"Colombianos son detenidos por un presunto robo de m\u00e1s de 5 millones de pesos en Aguascalientes. As\u00ed oper\u00f3 la banda y c\u00f3mo fue descubierta.\",\"breadcrumb\":{\"@id\":\"https:\\\/\\\/elotroenfoque.mx\\\/index.php\\\/2026\\\/08\\\/31\\\/capturan-a-dos-colombianos-por-robo-millonario-de-pelicula-en-aguascalientes\\\/#breadcrumb\"},\"inLanguage\":\"es\",\"potentialAction\":[{\"@type\":\"ReadAction\",\"target\":[\"https:\\\/\\\/elotroenfoque.mx\\\/index.php\\\/2026\\\/08\\\/31\\\/capturan-a-dos-colombianos-por-robo-millonario-de-pelicula-en-aguascalientes\\\/\"]}]},{\"@type\":\"ImageObject\",\"inLanguage\":\"es\",\"@id\":\"https:\\\/\\\/elotroenfoque.mx\\\/index.php\\\/2026\\\/08\\\/31\\\/capturan-a-dos-colombianos-por-robo-millonario-de-pelicula-en-aguascalientes\\\/#primaryimage\",\"url\":\"https:\\\/\\\/elotroenfoque.mx\\\/wp-content\\\/uploads\\\/2026\\\/08\\\/zz.jpg\",\"contentUrl\":\"https:\\\/\\\/elotroenfoque.mx\\\/wp-content\\\/uploads\\\/2026\\\/08\\\/zz.jpg\",\"width\":1207,\"height\":804,\"caption\":\"Colombianos detenidos en Aguascalientes\"},{\"@type\":\"BreadcrumbList\",\"@id\":\"https:\\\/\\\/elotroenfoque.mx\\\/index.php\\\/2026\\\/08\\\/31\\\/capturan-a-dos-colombianos-por-robo-millonario-de-pelicula-en-aguascalientes\\\/#breadcrumb\",\"itemListElement\":[{\"@type\":\"ListItem\",\"position\":1,\"name\":\"Portada\",\"item\":\"https:\\\/\\\/elotroenfoque.mx\\\/\"},{\"@type\":\"ListItem\",\"position\":2,\"name\":\"Capturan a dos colombianos por robo millonario \u201cde pel\u00edcula\u201d en Aguascalientes\"}]},{\"@type\":\"WebSite\",\"@id\":\"https:\\\/\\\/elotroenfoque.mx\\\/#website\",\"url\":\"https:\\\/\\\/elotroenfoque.mx\\\/\",\"name\":\"El otro enfoque\",\"description\":\"\",\"potentialAction\":[{\"@type\":\"SearchAction\",\"target\":{\"@type\":\"EntryPoint\",\"urlTemplate\":\"https:\\\/\\\/elotroenfoque.mx\\\/?s={search_term_string}\"},\"query-input\":{\"@type\":\"PropertyValueSpecification\",\"valueRequired\":true,\"valueName\":\"search_term_string\"}}],\"inLanguage\":\"es\"},{\"@type\":\"Person\",\"@id\":\"https:\\\/\\\/elotroenfoque.mx\\\/#\\\/schema\\\/person\\\/8eb322f84d0bd9f337e462905519a1ae\",\"name\":\"Equipo Redaccion\",\"image\":{\"@type\":\"ImageObject\",\"inLanguage\":\"es\",\"@id\":\"https:\\\/\\\/secure.gravatar.com\\\/avatar\\\/3579478e2b4e7aad364a32b26cf744b360ae0e581ee1cd0cb18a8f239ee49ac4?s=96&d=mm&r=g\",\"url\":\"https:\\\/\\\/secure.gravatar.com\\\/avatar\\\/3579478e2b4e7aad364a32b26cf744b360ae0e581ee1cd0cb18a8f239ee49ac4?s=96&d=mm&r=g\",\"contentUrl\":\"https:\\\/\\\/secure.gravatar.com\\\/avatar\\\/3579478e2b4e7aad364a32b26cf744b360ae0e581ee1cd0cb18a8f239ee49ac4?s=96&d=mm&r=g\",\"caption\":\"Equipo Redaccion\"},\"url\":\"https:\\\/\\\/elotroenfoque.mx\\\/index.php\\\/author\\\/redaccion\\\/\"}]}<\/script>\n<!-- \/ Yoast SEO plugin. -->","yoast_head_json":{"title":"Capturan a dos colombianos por robo millonario \u201cde pel\u00edcula\u201d en Aguascalientes - El otro enfoque","description":"Colombianos son detenidos por un presunto robo de m\u00e1s de 5 millones de pesos en Aguascalientes. As\u00ed oper\u00f3 la banda y c\u00f3mo fue descubierta.","robots":{"index":"index","follow":"follow","max-snippet":"max-snippet:-1","max-image-preview":"max-image-preview:large","max-video-preview":"max-video-preview:-1"},"canonical":"https:\/\/elotroenfoque.mx\/index.php\/2026\/08\/31\/capturan-a-dos-colombianos-por-robo-millonario-de-pelicula-en-aguascalientes\/","og_locale":"es_MX","og_type":"article","og_title":"Capturan a dos colombianos por robo millonario \u201cde pel\u00edcula\u201d en Aguascalientes - El otro enfoque","og_description":"Colombianos son detenidos por un presunto robo de m\u00e1s de 5 millones de pesos en Aguascalientes. As\u00ed oper\u00f3 la banda y c\u00f3mo fue descubierta.","og_url":"https:\/\/elotroenfoque.mx\/index.php\/2026\/08\/31\/capturan-a-dos-colombianos-por-robo-millonario-de-pelicula-en-aguascalientes\/","og_site_name":"El otro enfoque","article_published_time":"2026-08-31T14:59:46+00:00","article_modified_time":"2026-08-31T14:59:47+00:00","og_image":[{"width":1207,"height":804,"url":"https:\/\/elotroenfoque.mx\/wp-content\/uploads\/2026\/08\/zz.jpg","type":"image\/jpeg"}],"author":"Equipo Redaccion","twitter_card":"summary_large_image","twitter_misc":{"Escrito por":"Equipo Redaccion","Tiempo de lectura":"5 minutos"},"schema":{"@context":"https:\/\/schema.org","@graph":[{"@type":"Article","@id":"https:\/\/elotroenfoque.mx\/index.php\/2026\/08\/31\/capturan-a-dos-colombianos-por-robo-millonario-de-pelicula-en-aguascalientes\/#article","isPartOf":{"@id":"https:\/\/elotroenfoque.mx\/index.php\/2026\/08\/31\/capturan-a-dos-colombianos-por-robo-millonario-de-pelicula-en-aguascalientes\/"},"author":{"name":"Equipo Redaccion","@id":"https:\/\/elotroenfoque.mx\/#\/schema\/person\/8eb322f84d0bd9f337e462905519a1ae"},"headline":"Capturan a dos colombianos por robo millonario \u201cde pel\u00edcula\u201d en Aguascalientes","datePublished":"2026-08-31T14:59:46+00:00","dateModified":"2026-08-31T14:59:47+00:00","mainEntityOfPage":{"@id":"https:\/\/elotroenfoque.mx\/index.php\/2026\/08\/31\/capturan-a-dos-colombianos-por-robo-millonario-de-pelicula-en-aguascalientes\/"},"wordCount":821,"image":{"@id":"https:\/\/elotroenfoque.mx\/index.php\/2026\/08\/31\/capturan-a-dos-colombianos-por-robo-millonario-de-pelicula-en-aguascalientes\/#primaryimage"},"thumbnailUrl":"https:\/\/elotroenfoque.mx\/wp-content\/uploads\/2026\/08\/zz.jpg","keywords":["Guanajuato","Noticias Guanajuato"],"articleSection":["Otras Noticias"],"inLanguage":"es"},{"@type":"WebPage","@id":"https:\/\/elotroenfoque.mx\/index.php\/2026\/08\/31\/capturan-a-dos-colombianos-por-robo-millonario-de-pelicula-en-aguascalientes\/","url":"https:\/\/elotroenfoque.mx\/index.php\/2026\/08\/31\/capturan-a-dos-colombianos-por-robo-millonario-de-pelicula-en-aguascalientes\/","name":"Capturan a dos colombianos por robo millonario \u201cde pel\u00edcula\u201d en Aguascalientes - El otro enfoque","isPartOf":{"@id":"https:\/\/elotroenfoque.mx\/#website"},"primaryImageOfPage":{"@id":"https:\/\/elotroenfoque.mx\/index.php\/2026\/08\/31\/capturan-a-dos-colombianos-por-robo-millonario-de-pelicula-en-aguascalientes\/#primaryimage"},"image":{"@id":"https:\/\/elotroenfoque.mx\/index.php\/2026\/08\/31\/capturan-a-dos-colombianos-por-robo-millonario-de-pelicula-en-aguascalientes\/#primaryimage"},"thumbnailUrl":"https:\/\/elotroenfoque.mx\/wp-content\/uploads\/2026\/08\/zz.jpg","datePublished":"2026-08-31T14:59:46+00:00","dateModified":"2026-08-31T14:59:47+00:00","author":{"@id":"https:\/\/elotroenfoque.mx\/#\/schema\/person\/8eb322f84d0bd9f337e462905519a1ae"},"description":"Colombianos son detenidos por un presunto robo de m\u00e1s de 5 millones de pesos en Aguascalientes. As\u00ed oper\u00f3 la banda y c\u00f3mo fue descubierta.","breadcrumb":{"@id":"https:\/\/elotroenfoque.mx\/index.php\/2026\/08\/31\/capturan-a-dos-colombianos-por-robo-millonario-de-pelicula-en-aguascalientes\/#breadcrumb"},"inLanguage":"es","potentialAction":[{"@type":"ReadAction","target":["https:\/\/elotroenfoque.mx\/index.php\/2026\/08\/31\/capturan-a-dos-colombianos-por-robo-millonario-de-pelicula-en-aguascalientes\/"]}]},{"@type":"ImageObject","inLanguage":"es","@id":"https:\/\/elotroenfoque.mx\/index.php\/2026\/08\/31\/capturan-a-dos-colombianos-por-robo-millonario-de-pelicula-en-aguascalientes\/#primaryimage","url":"https:\/\/elotroenfoque.mx\/wp-content\/uploads\/2026\/08\/zz.jpg","contentUrl":"https:\/\/elotroenfoque.mx\/wp-content\/uploads\/2026\/08\/zz.jpg","width":1207,"height":804,"caption":"Colombianos detenidos en Aguascalientes"},{"@type":"BreadcrumbList","@id":"https:\/\/elotroenfoque.mx\/index.php\/2026\/08\/31\/capturan-a-dos-colombianos-por-robo-millonario-de-pelicula-en-aguascalientes\/#breadcrumb","itemListElement":[{"@type":"ListItem","position":1,"name":"Portada","item":"https:\/\/elotroenfoque.mx\/"},{"@type":"ListItem","position":2,"name":"Capturan a dos colombianos por robo millonario \u201cde pel\u00edcula\u201d en Aguascalientes"}]},{"@type":"WebSite","@id":"https:\/\/elotroenfoque.mx\/#website","url":"https:\/\/elotroenfoque.mx\/","name":"El otro enfoque","description":"","potentialAction":[{"@type":"SearchAction","target":{"@type":"EntryPoint","urlTemplate":"https:\/\/elotroenfoque.mx\/?s={search_term_string}"},"query-input":{"@type":"PropertyValueSpecification","valueRequired":true,"valueName":"search_term_string"}}],"inLanguage":"es"},{"@type":"Person","@id":"https:\/\/elotroenfoque.mx\/#\/schema\/person\/8eb322f84d0bd9f337e462905519a1ae","name":"Equipo Redaccion","image":{"@type":"ImageObject","inLanguage":"es","@id":"https:\/\/secure.gravatar.com\/avatar\/3579478e2b4e7aad364a32b26cf744b360ae0e581ee1cd0cb18a8f239ee49ac4?s=96&d=mm&r=g","url":"https:\/\/secure.gravatar.com\/avatar\/3579478e2b4e7aad364a32b26cf744b360ae0e581ee1cd0cb18a8f239ee49ac4?s=96&d=mm&r=g","contentUrl":"https:\/\/secure.gravatar.com\/avatar\/3579478e2b4e7aad364a32b26cf744b360ae0e581ee1cd0cb18a8f239ee49ac4?s=96&d=mm&r=g","caption":"Equipo Redaccion"},"url":"https:\/\/elotroenfoque.mx\/index.php\/author\/redaccion\/"}]}},"_links":{"self":[{"href":"https:\/\/elotroenfoque.mx\/index.php\/wp-json\/wp\/v2\/posts\/195176","targetHints":{"allow":["GET"]}}],"collection":[{"href":"https:\/\/elotroenfoque.mx\/index.php\/wp-json\/wp\/v2\/posts"}],"about":[{"href":"https:\/\/elotroenfoque.mx\/index.php\/wp-json\/wp\/v2\/types\/post"}],"author":[{"embeddable":true,"href":"https:\/\/elotroenfoque.mx\/index.php\/wp-json\/wp\/v2\/users\/4"}],"replies":[{"embeddable":true,"href":"https:\/\/elotroenfoque.mx\/index.php\/wp-json\/wp\/v2\/comments?post=195176"}],"version-history":[{"count":1,"href":"https:\/\/elotroenfoque.mx\/index.php\/wp-json\/wp\/v2\/posts\/195176\/revisions"}],"predecessor-version":[{"id":195182,"href":"https:\/\/elotroenfoque.mx\/index.php\/wp-json\/wp\/v2\/posts\/195176\/revisions\/195182"}],"wp:featuredmedia":[{"embeddable":true,"href":"https:\/\/elotroenfoque.mx\/index.php\/wp-json\/wp\/v2\/media\/195177"}],"wp:attachment":[{"href":"https:\/\/elotroenfoque.mx\/index.php\/wp-json\/wp\/v2\/media?parent=195176"}],"wp:term":[{"taxonomy":"category","embeddable":true,"href":"https:\/\/elotroenfoque.mx\/index.php\/wp-json\/wp\/v2\/categories?post=195176"},{"taxonomy":"post_tag","embeddable":true,"href":"https:\/\/elotroenfoque.mx\/index.php\/wp-json\/wp\/v2\/tags?post=195176"}],"curies":[{"name":"wp","href":"https:\/\/api.w.org\/{rel}","templated":true}]}}