{"id":195208,"date":"2026-08-31T10:25:14","date_gmt":"2026-08-31T16:25:14","guid":{"rendered":"https:\/\/elotroenfoque.mx\/?p=195208"},"modified":"2026-08-31T10:26:01","modified_gmt":"2026-08-31T16:26:01","slug":"homicidios-en-guanajuato-encabezan-cifras-del-fin-de-semana","status":"publish","type":"post","link":"https:\/\/elotroenfoque.mx\/index.php\/2026\/08\/31\/homicidios-en-guanajuato-encabezan-cifras-del-fin-de-semana\/","title":{"rendered":"Homicidios en Guanajuato encabezan cifras del fin de semana"},"content":{"rendered":"\n<p class=\"wp-block-paragraph\">Guanajuato volvi\u00f3 a colocarse como el estado con m\u00e1s homicidios dolosos durante el \u00faltimo fin de semana de agosto. Entre el viernes 28 y el domingo 30 se contabilizaron 16 asesinatos.<\/p>\n\n\n\n<p class=\"wp-block-paragraph\">De acuerdo con cifras preliminares del Gabinete de Seguridad, el pa\u00eds registr\u00f3 119 homicidios dolosos durante esos tres d\u00edas. Guanajuato concentr\u00f3 as\u00ed la cifra estatal m\u00e1s alta del periodo.<\/p>\n\n\n\n<p class=\"wp-block-paragraph\">El registro muestra que la violencia letal mantuvo una concentraci\u00f3n importante en varias entidades. Sin embargo, los homicidios en Guanajuato superaron los reportados individualmente en Baja California, Michoac\u00e1n y Estado de M\u00e9xico.<\/p>\n\n\n\n<h2 class=\"wp-block-heading\">Guanajuato suma 16 homicidios durante tres d\u00edas<\/h2>\n\n\n\n<p class=\"wp-block-paragraph\">El reporte oficial se\u00f1ala que Guanajuato acumul\u00f3 16 homicidios dolosos entre el viernes 28 y el domingo 30 de agosto. Con esta cifra, la entidad encabez\u00f3 nuevamente el registro nacional de asesinatos.<\/p>\n\n\n\n<p class=\"wp-block-paragraph\">Aunque los datos todav\u00eda son preliminares, el comportamiento del fin de semana coloc\u00f3 a Guanajuato por encima de entidades con altos niveles de violencia. Adem\u00e1s, los casos se distribuyeron durante los tres d\u00edas del periodo.<\/p>\n\n\n\n<p class=\"wp-block-paragraph\">La informaci\u00f3n forma parte del informe de v\u00edctimas reportadas por homicidio. Este documento re\u00fane datos proporcionados por fiscal\u00edas estatales y dependencias federales, por lo que las cifras pueden actualizarse posteriormente.<\/p>\n\n\n\n<h2 class=\"wp-block-heading\">Baja California y Michoac\u00e1n siguen en los primeros lugares<\/h2>\n\n\n\n<p class=\"wp-block-paragraph\">Despu\u00e9s de Guanajuato, Baja California registr\u00f3 13 homicidios dolosos durante el mismo periodo. Michoac\u00e1n ocup\u00f3 el tercer lugar nacional, con un total de 12 personas asesinadas.<\/p>\n\n\n\n<p class=\"wp-block-paragraph\">Por su parte, el Estado de M\u00e9xico contabiliz\u00f3 11 casos, mientras Chihuahua report\u00f3 10 homicidios. As\u00ed, cinco entidades concentraron las cifras m\u00e1s elevadas del fin de semana.<\/p>\n\n\n\n<p class=\"wp-block-paragraph\">Adem\u00e1s, Ciudad de M\u00e9xico acumul\u00f3 nueve asesinatos y Sinaloa registr\u00f3 ocho. Jalisco y Morelos reportaron seis homicidios cada uno, de acuerdo con el corte preliminar difundido por las autoridades.<\/p>\n\n\n\n<h2 class=\"wp-block-heading\">Otros estados tambi\u00e9n registraron asesinatos<\/h2>\n\n\n\n<p class=\"wp-block-paragraph\">El informe tambi\u00e9n contabiliz\u00f3 cuatro homicidios dolosos en Tabasco y cuatro en Veracruz. Asimismo, Chiapas y Nuevo Le\u00f3n registraron tres casos cada uno durante el \u00faltimo fin de semana de agosto.<\/p>\n\n\n\n<p class=\"wp-block-paragraph\">Puebla y Tamaulipas, en tanto, reportaron dos homicidios por entidad. Estos registros forman parte del total nacional de 119 asesinatos contabilizados entre viernes, s\u00e1bado y domingo.<\/p>\n\n\n\n<p class=\"wp-block-paragraph\">Tambi\u00e9n lee: <strong><a href=\"https:\/\/elotroenfoque.mx\/index.php\/2026\/08\/31\/melanie-murillo-entrega-nuevas-patrullas-para-reforzar-la-seguridad-en-silao\/\">Melanie Murillo entrega nuevas patrullas para reforzar la seguridad en Silao<\/a><\/strong><\/p>\n\n\n\n<p class=\"wp-block-paragraph\">La distribuci\u00f3n de los casos muestra que la violencia letal se concentr\u00f3 principalmente en algunas entidades. Sin embargo, otros estados tambi\u00e9n contribuyeron al acumulado nacional registrado durante esos tres d\u00edas.<\/p>\n\n\n\n<h2 class=\"wp-block-heading\">Agosto supera los mil homicidios dolosos<\/h2>\n\n\n\n<p class=\"wp-block-paragraph\">El panorama resulta m\u00e1s amplio al revisar las cifras acumuladas durante agosto. Seg\u00fan los datos preliminares compilados por el Secretariado Ejecutivo del Sistema Nacional de Seguridad P\u00fablica, suman mil 055 homicidios en los primeros 30 d\u00edas.<\/p>\n\n\n\n<p class=\"wp-block-paragraph\">Con ese acumulado, el pa\u00eds registr\u00f3 un promedio diario de 35.1 homicidios durante agosto. El dato todav\u00eda puede modificarse conforme las fiscal\u00edas actualicen sus registros y se consolide la informaci\u00f3n.<\/p>\n\n\n\n<p class=\"wp-block-paragraph\"><strong><a href=\"https:\/\/www.tiktok.com\/@elotroenfoque?_r=1&amp;_t=ZS-97ffhW6kR1t\">Sigue tambi\u00e9n las noticias en TikTok<\/a><\/strong><\/p>\n\n\n\n<p class=\"wp-block-paragraph\"><\/p>\n","protected":false},"excerpt":{"rendered":"<p>Guanajuato volvi\u00f3 a colocarse como el estado con m\u00e1s homicidios dolosos durante el \u00faltimo fin de semana de agosto. Entre el viernes 28 y el domingo 30 se contabilizaron 16 asesinatos. De acuerdo con cifras preliminares del Gabinete de Seguridad, el pa\u00eds registr\u00f3 119 homicidios dolosos durante esos tres d\u00edas. Guanajuato concentr\u00f3 as\u00ed la cifra&#8230;<\/p>\n","protected":false},"author":4,"featured_media":185197,"comment_status":"closed","ping_status":"open","sticky":false,"template":"","format":"standard","meta":{"footnotes":""},"categories":[2],"tags":[13,4517],"class_list":["post-195208","post","type-post","status-publish","format-standard","has-post-thumbnail","hentry","category-noticias","tag-guanajuato","tag-noticias-guanajuato"],"yoast_head":"<!-- This site is optimized with the Yoast SEO plugin v28.2 - https:\/\/yoast.com\/product\/yoast-seo-wordpress\/ -->\n<title>Homicidios en Guanajuato encabezan cifras del fin de semana - El otro enfoque<\/title>\n<meta name=\"description\" content=\"Homicidios en Guanajuato sumaron 16 casos durante el \u00faltimo fin de semana de agosto, cifra que coloc\u00f3 al estado en primer lugar nacional.\" \/>\n<meta name=\"robots\" content=\"index, follow, max-snippet:-1, max-image-preview:large, max-video-preview:-1\" \/>\n<link rel=\"canonical\" href=\"https:\/\/elotroenfoque.mx\/index.php\/2026\/08\/31\/homicidios-en-guanajuato-encabezan-cifras-del-fin-de-semana\/\" \/>\n<meta property=\"og:locale\" content=\"es_MX\" \/>\n<meta property=\"og:type\" content=\"article\" \/>\n<meta property=\"og:title\" content=\"Homicidios en Guanajuato encabezan cifras del fin de semana - El otro enfoque\" \/>\n<meta property=\"og:description\" content=\"Homicidios en Guanajuato sumaron 16 casos durante el \u00faltimo fin de semana de agosto, cifra que coloc\u00f3 al estado en primer lugar nacional.\" \/>\n<meta property=\"og:url\" content=\"https:\/\/elotroenfoque.mx\/index.php\/2026\/08\/31\/homicidios-en-guanajuato-encabezan-cifras-del-fin-de-semana\/\" \/>\n<meta property=\"og:site_name\" content=\"El otro enfoque\" \/>\n<meta property=\"article:published_time\" content=\"2026-08-31T16:25:14+00:00\" \/>\n<meta property=\"article:modified_time\" content=\"2026-08-31T16:26:01+00:00\" \/>\n<meta property=\"og:image\" content=\"https:\/\/elotroenfoque.mx\/wp-content\/uploads\/2026\/05\/bajan-homicidios-dolosos.jpg\" \/>\n\t<meta property=\"og:image:width\" content=\"942\" \/>\n\t<meta property=\"og:image:height\" content=\"533\" \/>\n\t<meta property=\"og:image:type\" content=\"image\/jpeg\" \/>\n<meta name=\"author\" content=\"Equipo Redaccion\" \/>\n<meta name=\"twitter:card\" content=\"summary_large_image\" \/>\n<meta name=\"twitter:label1\" content=\"Escrito por\" \/>\n\t<meta name=\"twitter:data1\" content=\"Equipo Redaccion\" \/>\n\t<meta name=\"twitter:label2\" content=\"Tiempo de lectura\" \/>\n\t<meta name=\"twitter:data2\" content=\"3 minutos\" \/>\n<script type=\"application\/ld+json\" class=\"yoast-schema-graph\">{\"@context\":\"https:\\\/\\\/schema.org\",\"@graph\":[{\"@type\":\"Article\",\"@id\":\"https:\\\/\\\/elotroenfoque.mx\\\/index.php\\\/2026\\\/08\\\/31\\\/homicidios-en-guanajuato-encabezan-cifras-del-fin-de-semana\\\/#article\",\"isPartOf\":{\"@id\":\"https:\\\/\\\/elotroenfoque.mx\\\/index.php\\\/2026\\\/08\\\/31\\\/homicidios-en-guanajuato-encabezan-cifras-del-fin-de-semana\\\/\"},\"author\":{\"name\":\"Equipo Redaccion\",\"@id\":\"https:\\\/\\\/elotroenfoque.mx\\\/#\\\/schema\\\/person\\\/8eb322f84d0bd9f337e462905519a1ae\"},\"headline\":\"Homicidios en Guanajuato encabezan cifras del fin de semana\",\"datePublished\":\"2026-08-31T16:25:14+00:00\",\"dateModified\":\"2026-08-31T16:26:01+00:00\",\"mainEntityOfPage\":{\"@id\":\"https:\\\/\\\/elotroenfoque.mx\\\/index.php\\\/2026\\\/08\\\/31\\\/homicidios-en-guanajuato-encabezan-cifras-del-fin-de-semana\\\/\"},\"wordCount\":503,\"image\":{\"@id\":\"https:\\\/\\\/elotroenfoque.mx\\\/index.php\\\/2026\\\/08\\\/31\\\/homicidios-en-guanajuato-encabezan-cifras-del-fin-de-semana\\\/#primaryimage\"},\"thumbnailUrl\":\"https:\\\/\\\/elotroenfoque.mx\\\/wp-content\\\/uploads\\\/2026\\\/05\\\/bajan-homicidios-dolosos.jpg\",\"keywords\":[\"Guanajuato\",\"Noticias Guanajuato\"],\"articleSection\":[\"Noticias\"],\"inLanguage\":\"es\"},{\"@type\":\"WebPage\",\"@id\":\"https:\\\/\\\/elotroenfoque.mx\\\/index.php\\\/2026\\\/08\\\/31\\\/homicidios-en-guanajuato-encabezan-cifras-del-fin-de-semana\\\/\",\"url\":\"https:\\\/\\\/elotroenfoque.mx\\\/index.php\\\/2026\\\/08\\\/31\\\/homicidios-en-guanajuato-encabezan-cifras-del-fin-de-semana\\\/\",\"name\":\"Homicidios en Guanajuato encabezan cifras del fin de semana - El otro enfoque\",\"isPartOf\":{\"@id\":\"https:\\\/\\\/elotroenfoque.mx\\\/#website\"},\"primaryImageOfPage\":{\"@id\":\"https:\\\/\\\/elotroenfoque.mx\\\/index.php\\\/2026\\\/08\\\/31\\\/homicidios-en-guanajuato-encabezan-cifras-del-fin-de-semana\\\/#primaryimage\"},\"image\":{\"@id\":\"https:\\\/\\\/elotroenfoque.mx\\\/index.php\\\/2026\\\/08\\\/31\\\/homicidios-en-guanajuato-encabezan-cifras-del-fin-de-semana\\\/#primaryimage\"},\"thumbnailUrl\":\"https:\\\/\\\/elotroenfoque.mx\\\/wp-content\\\/uploads\\\/2026\\\/05\\\/bajan-homicidios-dolosos.jpg\",\"datePublished\":\"2026-08-31T16:25:14+00:00\",\"dateModified\":\"2026-08-31T16:26:01+00:00\",\"author\":{\"@id\":\"https:\\\/\\\/elotroenfoque.mx\\\/#\\\/schema\\\/person\\\/8eb322f84d0bd9f337e462905519a1ae\"},\"description\":\"Homicidios en Guanajuato sumaron 16 casos durante el \u00faltimo fin de semana de agosto, cifra que coloc\u00f3 al estado en primer lugar nacional.\",\"breadcrumb\":{\"@id\":\"https:\\\/\\\/elotroenfoque.mx\\\/index.php\\\/2026\\\/08\\\/31\\\/homicidios-en-guanajuato-encabezan-cifras-del-fin-de-semana\\\/#breadcrumb\"},\"inLanguage\":\"es\",\"potentialAction\":[{\"@type\":\"ReadAction\",\"target\":[\"https:\\\/\\\/elotroenfoque.mx\\\/index.php\\\/2026\\\/08\\\/31\\\/homicidios-en-guanajuato-encabezan-cifras-del-fin-de-semana\\\/\"]}]},{\"@type\":\"ImageObject\",\"inLanguage\":\"es\",\"@id\":\"https:\\\/\\\/elotroenfoque.mx\\\/index.php\\\/2026\\\/08\\\/31\\\/homicidios-en-guanajuato-encabezan-cifras-del-fin-de-semana\\\/#primaryimage\",\"url\":\"https:\\\/\\\/elotroenfoque.mx\\\/wp-content\\\/uploads\\\/2026\\\/05\\\/bajan-homicidios-dolosos.jpg\",\"contentUrl\":\"https:\\\/\\\/elotroenfoque.mx\\\/wp-content\\\/uploads\\\/2026\\\/05\\\/bajan-homicidios-dolosos.jpg\",\"width\":942,\"height\":533},{\"@type\":\"BreadcrumbList\",\"@id\":\"https:\\\/\\\/elotroenfoque.mx\\\/index.php\\\/2026\\\/08\\\/31\\\/homicidios-en-guanajuato-encabezan-cifras-del-fin-de-semana\\\/#breadcrumb\",\"itemListElement\":[{\"@type\":\"ListItem\",\"position\":1,\"name\":\"Portada\",\"item\":\"https:\\\/\\\/elotroenfoque.mx\\\/\"},{\"@type\":\"ListItem\",\"position\":2,\"name\":\"Homicidios en Guanajuato encabezan cifras del fin de semana\"}]},{\"@type\":\"WebSite\",\"@id\":\"https:\\\/\\\/elotroenfoque.mx\\\/#website\",\"url\":\"https:\\\/\\\/elotroenfoque.mx\\\/\",\"name\":\"El otro enfoque\",\"description\":\"\",\"potentialAction\":[{\"@type\":\"SearchAction\",\"target\":{\"@type\":\"EntryPoint\",\"urlTemplate\":\"https:\\\/\\\/elotroenfoque.mx\\\/?s={search_term_string}\"},\"query-input\":{\"@type\":\"PropertyValueSpecification\",\"valueRequired\":true,\"valueName\":\"search_term_string\"}}],\"inLanguage\":\"es\"},{\"@type\":\"Person\",\"@id\":\"https:\\\/\\\/elotroenfoque.mx\\\/#\\\/schema\\\/person\\\/8eb322f84d0bd9f337e462905519a1ae\",\"name\":\"Equipo Redaccion\",\"image\":{\"@type\":\"ImageObject\",\"inLanguage\":\"es\",\"@id\":\"https:\\\/\\\/secure.gravatar.com\\\/avatar\\\/3579478e2b4e7aad364a32b26cf744b360ae0e581ee1cd0cb18a8f239ee49ac4?s=96&d=mm&r=g\",\"url\":\"https:\\\/\\\/secure.gravatar.com\\\/avatar\\\/3579478e2b4e7aad364a32b26cf744b360ae0e581ee1cd0cb18a8f239ee49ac4?s=96&d=mm&r=g\",\"contentUrl\":\"https:\\\/\\\/secure.gravatar.com\\\/avatar\\\/3579478e2b4e7aad364a32b26cf744b360ae0e581ee1cd0cb18a8f239ee49ac4?s=96&d=mm&r=g\",\"caption\":\"Equipo Redaccion\"},\"url\":\"https:\\\/\\\/elotroenfoque.mx\\\/index.php\\\/author\\\/redaccion\\\/\"}]}<\/script>\n<!-- \/ Yoast SEO plugin. -->","yoast_head_json":{"title":"Homicidios en Guanajuato encabezan cifras del fin de semana - El otro enfoque","description":"Homicidios en Guanajuato sumaron 16 casos durante el \u00faltimo fin de semana de agosto, cifra que coloc\u00f3 al estado en primer lugar nacional.","robots":{"index":"index","follow":"follow","max-snippet":"max-snippet:-1","max-image-preview":"max-image-preview:large","max-video-preview":"max-video-preview:-1"},"canonical":"https:\/\/elotroenfoque.mx\/index.php\/2026\/08\/31\/homicidios-en-guanajuato-encabezan-cifras-del-fin-de-semana\/","og_locale":"es_MX","og_type":"article","og_title":"Homicidios en Guanajuato encabezan cifras del fin de semana - El otro enfoque","og_description":"Homicidios en Guanajuato sumaron 16 casos durante el \u00faltimo fin de semana de agosto, cifra que coloc\u00f3 al estado en primer lugar nacional.","og_url":"https:\/\/elotroenfoque.mx\/index.php\/2026\/08\/31\/homicidios-en-guanajuato-encabezan-cifras-del-fin-de-semana\/","og_site_name":"El otro enfoque","article_published_time":"2026-08-31T16:25:14+00:00","article_modified_time":"2026-08-31T16:26:01+00:00","og_image":[{"width":942,"height":533,"url":"https:\/\/elotroenfoque.mx\/wp-content\/uploads\/2026\/05\/bajan-homicidios-dolosos.jpg","type":"image\/jpeg"}],"author":"Equipo Redaccion","twitter_card":"summary_large_image","twitter_misc":{"Escrito por":"Equipo Redaccion","Tiempo de lectura":"3 minutos"},"schema":{"@context":"https:\/\/schema.org","@graph":[{"@type":"Article","@id":"https:\/\/elotroenfoque.mx\/index.php\/2026\/08\/31\/homicidios-en-guanajuato-encabezan-cifras-del-fin-de-semana\/#article","isPartOf":{"@id":"https:\/\/elotroenfoque.mx\/index.php\/2026\/08\/31\/homicidios-en-guanajuato-encabezan-cifras-del-fin-de-semana\/"},"author":{"name":"Equipo Redaccion","@id":"https:\/\/elotroenfoque.mx\/#\/schema\/person\/8eb322f84d0bd9f337e462905519a1ae"},"headline":"Homicidios en Guanajuato encabezan cifras del fin de semana","datePublished":"2026-08-31T16:25:14+00:00","dateModified":"2026-08-31T16:26:01+00:00","mainEntityOfPage":{"@id":"https:\/\/elotroenfoque.mx\/index.php\/2026\/08\/31\/homicidios-en-guanajuato-encabezan-cifras-del-fin-de-semana\/"},"wordCount":503,"image":{"@id":"https:\/\/elotroenfoque.mx\/index.php\/2026\/08\/31\/homicidios-en-guanajuato-encabezan-cifras-del-fin-de-semana\/#primaryimage"},"thumbnailUrl":"https:\/\/elotroenfoque.mx\/wp-content\/uploads\/2026\/05\/bajan-homicidios-dolosos.jpg","keywords":["Guanajuato","Noticias Guanajuato"],"articleSection":["Noticias"],"inLanguage":"es"},{"@type":"WebPage","@id":"https:\/\/elotroenfoque.mx\/index.php\/2026\/08\/31\/homicidios-en-guanajuato-encabezan-cifras-del-fin-de-semana\/","url":"https:\/\/elotroenfoque.mx\/index.php\/2026\/08\/31\/homicidios-en-guanajuato-encabezan-cifras-del-fin-de-semana\/","name":"Homicidios en Guanajuato encabezan cifras del fin de semana - El otro enfoque","isPartOf":{"@id":"https:\/\/elotroenfoque.mx\/#website"},"primaryImageOfPage":{"@id":"https:\/\/elotroenfoque.mx\/index.php\/2026\/08\/31\/homicidios-en-guanajuato-encabezan-cifras-del-fin-de-semana\/#primaryimage"},"image":{"@id":"https:\/\/elotroenfoque.mx\/index.php\/2026\/08\/31\/homicidios-en-guanajuato-encabezan-cifras-del-fin-de-semana\/#primaryimage"},"thumbnailUrl":"https:\/\/elotroenfoque.mx\/wp-content\/uploads\/2026\/05\/bajan-homicidios-dolosos.jpg","datePublished":"2026-08-31T16:25:14+00:00","dateModified":"2026-08-31T16:26:01+00:00","author":{"@id":"https:\/\/elotroenfoque.mx\/#\/schema\/person\/8eb322f84d0bd9f337e462905519a1ae"},"description":"Homicidios en Guanajuato sumaron 16 casos durante el \u00faltimo fin de semana de agosto, cifra que coloc\u00f3 al estado en primer lugar nacional.","breadcrumb":{"@id":"https:\/\/elotroenfoque.mx\/index.php\/2026\/08\/31\/homicidios-en-guanajuato-encabezan-cifras-del-fin-de-semana\/#breadcrumb"},"inLanguage":"es","potentialAction":[{"@type":"ReadAction","target":["https:\/\/elotroenfoque.mx\/index.php\/2026\/08\/31\/homicidios-en-guanajuato-encabezan-cifras-del-fin-de-semana\/"]}]},{"@type":"ImageObject","inLanguage":"es","@id":"https:\/\/elotroenfoque.mx\/index.php\/2026\/08\/31\/homicidios-en-guanajuato-encabezan-cifras-del-fin-de-semana\/#primaryimage","url":"https:\/\/elotroenfoque.mx\/wp-content\/uploads\/2026\/05\/bajan-homicidios-dolosos.jpg","contentUrl":"https:\/\/elotroenfoque.mx\/wp-content\/uploads\/2026\/05\/bajan-homicidios-dolosos.jpg","width":942,"height":533},{"@type":"BreadcrumbList","@id":"https:\/\/elotroenfoque.mx\/index.php\/2026\/08\/31\/homicidios-en-guanajuato-encabezan-cifras-del-fin-de-semana\/#breadcrumb","itemListElement":[{"@type":"ListItem","position":1,"name":"Portada","item":"https:\/\/elotroenfoque.mx\/"},{"@type":"ListItem","position":2,"name":"Homicidios en Guanajuato encabezan cifras del fin de semana"}]},{"@type":"WebSite","@id":"https:\/\/elotroenfoque.mx\/#website","url":"https:\/\/elotroenfoque.mx\/","name":"El otro enfoque","description":"","potentialAction":[{"@type":"SearchAction","target":{"@type":"EntryPoint","urlTemplate":"https:\/\/elotroenfoque.mx\/?s={search_term_string}"},"query-input":{"@type":"PropertyValueSpecification","valueRequired":true,"valueName":"search_term_string"}}],"inLanguage":"es"},{"@type":"Person","@id":"https:\/\/elotroenfoque.mx\/#\/schema\/person\/8eb322f84d0bd9f337e462905519a1ae","name":"Equipo Redaccion","image":{"@type":"ImageObject","inLanguage":"es","@id":"https:\/\/secure.gravatar.com\/avatar\/3579478e2b4e7aad364a32b26cf744b360ae0e581ee1cd0cb18a8f239ee49ac4?s=96&d=mm&r=g","url":"https:\/\/secure.gravatar.com\/avatar\/3579478e2b4e7aad364a32b26cf744b360ae0e581ee1cd0cb18a8f239ee49ac4?s=96&d=mm&r=g","contentUrl":"https:\/\/secure.gravatar.com\/avatar\/3579478e2b4e7aad364a32b26cf744b360ae0e581ee1cd0cb18a8f239ee49ac4?s=96&d=mm&r=g","caption":"Equipo Redaccion"},"url":"https:\/\/elotroenfoque.mx\/index.php\/author\/redaccion\/"}]}},"_links":{"self":[{"href":"https:\/\/elotroenfoque.mx\/index.php\/wp-json\/wp\/v2\/posts\/195208","targetHints":{"allow":["GET"]}}],"collection":[{"href":"https:\/\/elotroenfoque.mx\/index.php\/wp-json\/wp\/v2\/posts"}],"about":[{"href":"https:\/\/elotroenfoque.mx\/index.php\/wp-json\/wp\/v2\/types\/post"}],"author":[{"embeddable":true,"href":"https:\/\/elotroenfoque.mx\/index.php\/wp-json\/wp\/v2\/users\/4"}],"replies":[{"embeddable":true,"href":"https:\/\/elotroenfoque.mx\/index.php\/wp-json\/wp\/v2\/comments?post=195208"}],"version-history":[{"count":1,"href":"https:\/\/elotroenfoque.mx\/index.php\/wp-json\/wp\/v2\/posts\/195208\/revisions"}],"predecessor-version":[{"id":195209,"href":"https:\/\/elotroenfoque.mx\/index.php\/wp-json\/wp\/v2\/posts\/195208\/revisions\/195209"}],"wp:featuredmedia":[{"embeddable":true,"href":"https:\/\/elotroenfoque.mx\/index.php\/wp-json\/wp\/v2\/media\/185197"}],"wp:attachment":[{"href":"https:\/\/elotroenfoque.mx\/index.php\/wp-json\/wp\/v2\/media?parent=195208"}],"wp:term":[{"taxonomy":"category","embeddable":true,"href":"https:\/\/elotroenfoque.mx\/index.php\/wp-json\/wp\/v2\/categories?post=195208"},{"taxonomy":"post_tag","embeddable":true,"href":"https:\/\/elotroenfoque.mx\/index.php\/wp-json\/wp\/v2\/tags?post=195208"}],"curies":[{"name":"wp","href":"https:\/\/api.w.org\/{rel}","templated":true}]}}