{"id":195210,"date":"2026-08-31T11:30:00","date_gmt":"2026-08-31T17:30:00","guid":{"rendered":"https:\/\/elotroenfoque.mx\/?p=195210"},"modified":"2026-08-31T11:31:09","modified_gmt":"2026-08-31T17:31:09","slug":"abc-de-las-emociones-llegara-a-secundarias-de-guanajuato","status":"publish","type":"post","link":"https:\/\/elotroenfoque.mx\/index.php\/2026\/08\/31\/abc-de-las-emociones-llegara-a-secundarias-de-guanajuato\/","title":{"rendered":"ABC de las emociones llegar\u00e1 a secundarias de Guanajuato"},"content":{"rendered":"\n<p class=\"wp-block-paragraph\">El ABC de las emociones llegar\u00e1 a las secundarias de Guanajuato durante el nuevo ciclo escolar, como parte de una estrategia nacional para acompa\u00f1ar a los adolescentes.<\/p>\n\n\n\n<p class=\"wp-block-paragraph\">El programa fue presentado por la presidenta Claudia Sheinbaum durante la inauguraci\u00f3n del ciclo escolar en la Secundaria T\u00e9cnica n\u00famero 10 de Ciudad de M\u00e9xico.<\/p>\n\n\n\n<p class=\"wp-block-paragraph\">La estrategia busca que estudiantes, docentes y familias tengan herramientas para hablar sobre los cambios f\u00edsicos y emocionales propios de la adolescencia.<\/p>\n\n\n\n<h2 class=\"wp-block-heading\">ABC de las emociones tendr\u00e1 actividades en las escuelas<\/h2>\n\n\n\n<p class=\"wp-block-paragraph\">De acuerdo con la presentaci\u00f3n del programa, el ABC de las emociones contempla dedicar una jornada semanal al di\u00e1logo sobre el bienestar socioemocional de los adolescentes.<\/p>\n\n\n\n<p class=\"wp-block-paragraph\">Las actividades incluir\u00e1n sociodramas, expresiones colectivas, ejercicios y din\u00e1micas dirigidas por docentes. Adem\u00e1s, se pretende generar espacios donde los estudiantes puedan expresar sus inquietudes.<\/p>\n\n\n\n<p class=\"wp-block-paragraph\">Aunque el lanzamiento ocurri\u00f3 en Ciudad de M\u00e9xico, la estrategia tendr\u00e1 alcance nacional. Por ello, las secundarias de Guanajuato tambi\u00e9n formar\u00e1n parte de este esquema durante el ciclo escolar que comenz\u00f3.<\/p>\n\n\n\n<h2 class=\"wp-block-heading\">Adolescentes podr\u00e1n hablar sobre cambios emocionales<\/h2>\n\n\n\n<p class=\"wp-block-paragraph\">Durante el acto inaugural, Sheinbaum se\u00f1al\u00f3 que la adolescencia implica cambios importantes en el cuerpo, la mente y las relaciones personales.<\/p>\n\n\n\n<p class=\"wp-block-paragraph\">Adem\u00e1s, la presidenta mencion\u00f3 situaciones que pueden generar angustia entre los j\u00f3venes. Entre ellas, se\u00f1al\u00f3 el uso prolongado de redes sociales y los problemas que pueden provocar en las emociones.<\/p>\n\n\n\n<p class=\"wp-block-paragraph\">El ABC de las emociones busca que estos temas puedan abordarse directamente dentro de las aulas. As\u00ed, los estudiantes tendr\u00e1n un espacio para conversar y recibir acompa\u00f1amiento de sus profesores.<\/p>\n\n\n\n<h2 class=\"wp-block-heading\">Distribuir\u00e1n 16 millones de gu\u00edas en todo M\u00e9xico<\/h2>\n\n\n\n<p class=\"wp-block-paragraph\">La subsecretaria de Educaci\u00f3n Media Superior, Tania Rodr\u00edguez, explic\u00f3 que el programa tendr\u00e1 un enfoque preventivo y comunitario. Adem\u00e1s, se\u00f1al\u00f3 que pretende llegar a las escuelas de todo el pa\u00eds.<\/p>\n\n\n\n<p class=\"wp-block-paragraph\">Para respaldar las actividades, las autoridades prepararon 16 millones de gu\u00edas. De ese total, 7.5 millones estar\u00e1n dirigidas a adolescentes y otra cantidad igual a madres y padres.<\/p>\n\n\n\n<p class=\"wp-block-paragraph\"><strong><a href=\"https:\/\/elotroenfoque.mx\/index.php\/2026\/08\/31\/homicidios-en-guanajuato-encabezan-cifras-del-fin-de-semana\/\">\u00bfCu\u00e1ntos homicidios registr\u00f3 Guanajuato el fin de semana?<\/a><\/strong><\/p>\n\n\n\n<p class=\"wp-block-paragraph\">Asimismo, un mill\u00f3n de gu\u00edas ser\u00e1n destinadas a docentes. Los materiales incluir\u00e1n ejercicios para trabajar dentro de las aulas y herramientas para fortalecer la comunicaci\u00f3n.<\/p>\n\n\n\n<h2 class=\"wp-block-heading\">Familias y docentes tambi\u00e9n participar\u00e1n<\/h2>\n\n\n\n<p class=\"wp-block-paragraph\">La estrategia contempla adem\u00e1s reuniones informativas con madres, padres y personas cuidadoras. De esta manera, las autoridades buscan involucrar a las familias en el acompa\u00f1amiento emocional de los adolescentes.<\/p>\n\n\n\n<p class=\"wp-block-paragraph\">Rodr\u00edguez tambi\u00e9n inform\u00f3 que habr\u00e1 visitas de funcionarios p\u00fablicos a las escuelas. Con ello, distintos niveles de gobierno buscar\u00e1n acercarse a las comunidades educativas.<\/p>\n\n\n\n<p class=\"wp-block-paragraph\">En Guanajuato, la implementaci\u00f3n del ABC de las emociones permitir\u00e1 abordar estos temas en las secundarias de la entidad. Adem\u00e1s, el programa busca fortalecer la convivencia escolar y familiar.<\/p>\n\n\n\n<p class=\"wp-block-paragraph\"><strong><a href=\"https:\/\/www.tiktok.com\/@elotroenfoque?_r=1&amp;_t=ZS-97ffhW6kR1t\">Sigue tambi\u00e9n las noticias en TikTok<\/a><\/strong><\/p>\n\n\n\n<p class=\"wp-block-paragraph\"><\/p>\n","protected":false},"excerpt":{"rendered":"<p>El ABC de las emociones llegar\u00e1 a las secundarias de Guanajuato durante el nuevo ciclo escolar, como parte de una estrategia nacional para acompa\u00f1ar a los adolescentes. El programa fue presentado por la presidenta Claudia Sheinbaum durante la inauguraci\u00f3n del ciclo escolar en la Secundaria T\u00e9cnica n\u00famero 10 de Ciudad de M\u00e9xico. La estrategia busca&#8230;<\/p>\n","protected":false},"author":4,"featured_media":195211,"comment_status":"closed","ping_status":"open","sticky":false,"template":"","format":"standard","meta":{"footnotes":""},"categories":[2],"tags":[13,4517],"class_list":["post-195210","post","type-post","status-publish","format-standard","has-post-thumbnail","hentry","category-noticias","tag-guanajuato","tag-noticias-guanajuato"],"yoast_head":"<!-- This site is optimized with the Yoast SEO plugin v28.2 - https:\/\/yoast.com\/product\/yoast-seo-wordpress\/ -->\n<title>ABC de las emociones llegar\u00e1 a secundarias de Guanajuato - El otro enfoque<\/title>\n<meta name=\"description\" content=\"El ABC de las emociones llegar\u00e1 a secundarias de Guanajuato durante el nuevo ciclo escolar, con actividades para apoyar a adolescentes.\" \/>\n<meta name=\"robots\" content=\"index, follow, max-snippet:-1, max-image-preview:large, max-video-preview:-1\" \/>\n<link rel=\"canonical\" href=\"https:\/\/elotroenfoque.mx\/index.php\/2026\/08\/31\/abc-de-las-emociones-llegara-a-secundarias-de-guanajuato\/\" \/>\n<meta property=\"og:locale\" content=\"es_MX\" \/>\n<meta property=\"og:type\" content=\"article\" \/>\n<meta property=\"og:title\" content=\"ABC de las emociones llegar\u00e1 a secundarias de Guanajuato - El otro enfoque\" \/>\n<meta property=\"og:description\" content=\"El ABC de las emociones llegar\u00e1 a secundarias de Guanajuato durante el nuevo ciclo escolar, con actividades para apoyar a adolescentes.\" \/>\n<meta property=\"og:url\" content=\"https:\/\/elotroenfoque.mx\/index.php\/2026\/08\/31\/abc-de-las-emociones-llegara-a-secundarias-de-guanajuato\/\" \/>\n<meta property=\"og:site_name\" content=\"El otro enfoque\" \/>\n<meta property=\"article:published_time\" content=\"2026-08-31T17:30:00+00:00\" \/>\n<meta property=\"article:modified_time\" content=\"2026-08-31T17:31:09+00:00\" \/>\n<meta property=\"og:image\" content=\"https:\/\/elotroenfoque.mx\/wp-content\/uploads\/2026\/08\/ABC-de-las-emociones.jpg\" \/>\n\t<meta property=\"og:image:width\" content=\"723\" \/>\n\t<meta property=\"og:image:height\" content=\"481\" \/>\n\t<meta property=\"og:image:type\" content=\"image\/jpeg\" \/>\n<meta name=\"author\" content=\"Equipo Redaccion\" \/>\n<meta name=\"twitter:card\" content=\"summary_large_image\" \/>\n<meta name=\"twitter:label1\" content=\"Escrito por\" \/>\n\t<meta name=\"twitter:data1\" content=\"Equipo Redaccion\" \/>\n\t<meta name=\"twitter:label2\" content=\"Tiempo de lectura\" \/>\n\t<meta name=\"twitter:data2\" content=\"3 minutos\" \/>\n<script type=\"application\/ld+json\" class=\"yoast-schema-graph\">{\"@context\":\"https:\\\/\\\/schema.org\",\"@graph\":[{\"@type\":\"Article\",\"@id\":\"https:\\\/\\\/elotroenfoque.mx\\\/index.php\\\/2026\\\/08\\\/31\\\/abc-de-las-emociones-llegara-a-secundarias-de-guanajuato\\\/#article\",\"isPartOf\":{\"@id\":\"https:\\\/\\\/elotroenfoque.mx\\\/index.php\\\/2026\\\/08\\\/31\\\/abc-de-las-emociones-llegara-a-secundarias-de-guanajuato\\\/\"},\"author\":{\"name\":\"Equipo Redaccion\",\"@id\":\"https:\\\/\\\/elotroenfoque.mx\\\/#\\\/schema\\\/person\\\/8eb322f84d0bd9f337e462905519a1ae\"},\"headline\":\"ABC de las emociones llegar\u00e1 a secundarias de Guanajuato\",\"datePublished\":\"2026-08-31T17:30:00+00:00\",\"dateModified\":\"2026-08-31T17:31:09+00:00\",\"mainEntityOfPage\":{\"@id\":\"https:\\\/\\\/elotroenfoque.mx\\\/index.php\\\/2026\\\/08\\\/31\\\/abc-de-las-emociones-llegara-a-secundarias-de-guanajuato\\\/\"},\"wordCount\":496,\"image\":{\"@id\":\"https:\\\/\\\/elotroenfoque.mx\\\/index.php\\\/2026\\\/08\\\/31\\\/abc-de-las-emociones-llegara-a-secundarias-de-guanajuato\\\/#primaryimage\"},\"thumbnailUrl\":\"https:\\\/\\\/elotroenfoque.mx\\\/wp-content\\\/uploads\\\/2026\\\/08\\\/ABC-de-las-emociones.jpg\",\"keywords\":[\"Guanajuato\",\"Noticias Guanajuato\"],\"articleSection\":[\"Noticias\"],\"inLanguage\":\"es\"},{\"@type\":\"WebPage\",\"@id\":\"https:\\\/\\\/elotroenfoque.mx\\\/index.php\\\/2026\\\/08\\\/31\\\/abc-de-las-emociones-llegara-a-secundarias-de-guanajuato\\\/\",\"url\":\"https:\\\/\\\/elotroenfoque.mx\\\/index.php\\\/2026\\\/08\\\/31\\\/abc-de-las-emociones-llegara-a-secundarias-de-guanajuato\\\/\",\"name\":\"ABC de las emociones llegar\u00e1 a secundarias de Guanajuato - El otro enfoque\",\"isPartOf\":{\"@id\":\"https:\\\/\\\/elotroenfoque.mx\\\/#website\"},\"primaryImageOfPage\":{\"@id\":\"https:\\\/\\\/elotroenfoque.mx\\\/index.php\\\/2026\\\/08\\\/31\\\/abc-de-las-emociones-llegara-a-secundarias-de-guanajuato\\\/#primaryimage\"},\"image\":{\"@id\":\"https:\\\/\\\/elotroenfoque.mx\\\/index.php\\\/2026\\\/08\\\/31\\\/abc-de-las-emociones-llegara-a-secundarias-de-guanajuato\\\/#primaryimage\"},\"thumbnailUrl\":\"https:\\\/\\\/elotroenfoque.mx\\\/wp-content\\\/uploads\\\/2026\\\/08\\\/ABC-de-las-emociones.jpg\",\"datePublished\":\"2026-08-31T17:30:00+00:00\",\"dateModified\":\"2026-08-31T17:31:09+00:00\",\"author\":{\"@id\":\"https:\\\/\\\/elotroenfoque.mx\\\/#\\\/schema\\\/person\\\/8eb322f84d0bd9f337e462905519a1ae\"},\"description\":\"El ABC de las emociones llegar\u00e1 a secundarias de Guanajuato durante el nuevo ciclo escolar, con actividades para apoyar a adolescentes.\",\"breadcrumb\":{\"@id\":\"https:\\\/\\\/elotroenfoque.mx\\\/index.php\\\/2026\\\/08\\\/31\\\/abc-de-las-emociones-llegara-a-secundarias-de-guanajuato\\\/#breadcrumb\"},\"inLanguage\":\"es\",\"potentialAction\":[{\"@type\":\"ReadAction\",\"target\":[\"https:\\\/\\\/elotroenfoque.mx\\\/index.php\\\/2026\\\/08\\\/31\\\/abc-de-las-emociones-llegara-a-secundarias-de-guanajuato\\\/\"]}]},{\"@type\":\"ImageObject\",\"inLanguage\":\"es\",\"@id\":\"https:\\\/\\\/elotroenfoque.mx\\\/index.php\\\/2026\\\/08\\\/31\\\/abc-de-las-emociones-llegara-a-secundarias-de-guanajuato\\\/#primaryimage\",\"url\":\"https:\\\/\\\/elotroenfoque.mx\\\/wp-content\\\/uploads\\\/2026\\\/08\\\/ABC-de-las-emociones.jpg\",\"contentUrl\":\"https:\\\/\\\/elotroenfoque.mx\\\/wp-content\\\/uploads\\\/2026\\\/08\\\/ABC-de-las-emociones.jpg\",\"width\":723,\"height\":481},{\"@type\":\"BreadcrumbList\",\"@id\":\"https:\\\/\\\/elotroenfoque.mx\\\/index.php\\\/2026\\\/08\\\/31\\\/abc-de-las-emociones-llegara-a-secundarias-de-guanajuato\\\/#breadcrumb\",\"itemListElement\":[{\"@type\":\"ListItem\",\"position\":1,\"name\":\"Portada\",\"item\":\"https:\\\/\\\/elotroenfoque.mx\\\/\"},{\"@type\":\"ListItem\",\"position\":2,\"name\":\"ABC de las emociones llegar\u00e1 a secundarias de Guanajuato\"}]},{\"@type\":\"WebSite\",\"@id\":\"https:\\\/\\\/elotroenfoque.mx\\\/#website\",\"url\":\"https:\\\/\\\/elotroenfoque.mx\\\/\",\"name\":\"El otro enfoque\",\"description\":\"\",\"potentialAction\":[{\"@type\":\"SearchAction\",\"target\":{\"@type\":\"EntryPoint\",\"urlTemplate\":\"https:\\\/\\\/elotroenfoque.mx\\\/?s={search_term_string}\"},\"query-input\":{\"@type\":\"PropertyValueSpecification\",\"valueRequired\":true,\"valueName\":\"search_term_string\"}}],\"inLanguage\":\"es\"},{\"@type\":\"Person\",\"@id\":\"https:\\\/\\\/elotroenfoque.mx\\\/#\\\/schema\\\/person\\\/8eb322f84d0bd9f337e462905519a1ae\",\"name\":\"Equipo Redaccion\",\"image\":{\"@type\":\"ImageObject\",\"inLanguage\":\"es\",\"@id\":\"https:\\\/\\\/secure.gravatar.com\\\/avatar\\\/3579478e2b4e7aad364a32b26cf744b360ae0e581ee1cd0cb18a8f239ee49ac4?s=96&d=mm&r=g\",\"url\":\"https:\\\/\\\/secure.gravatar.com\\\/avatar\\\/3579478e2b4e7aad364a32b26cf744b360ae0e581ee1cd0cb18a8f239ee49ac4?s=96&d=mm&r=g\",\"contentUrl\":\"https:\\\/\\\/secure.gravatar.com\\\/avatar\\\/3579478e2b4e7aad364a32b26cf744b360ae0e581ee1cd0cb18a8f239ee49ac4?s=96&d=mm&r=g\",\"caption\":\"Equipo Redaccion\"},\"url\":\"https:\\\/\\\/elotroenfoque.mx\\\/index.php\\\/author\\\/redaccion\\\/\"}]}<\/script>\n<!-- \/ Yoast SEO plugin. -->","yoast_head_json":{"title":"ABC de las emociones llegar\u00e1 a secundarias de Guanajuato - El otro enfoque","description":"El ABC de las emociones llegar\u00e1 a secundarias de Guanajuato durante el nuevo ciclo escolar, con actividades para apoyar a adolescentes.","robots":{"index":"index","follow":"follow","max-snippet":"max-snippet:-1","max-image-preview":"max-image-preview:large","max-video-preview":"max-video-preview:-1"},"canonical":"https:\/\/elotroenfoque.mx\/index.php\/2026\/08\/31\/abc-de-las-emociones-llegara-a-secundarias-de-guanajuato\/","og_locale":"es_MX","og_type":"article","og_title":"ABC de las emociones llegar\u00e1 a secundarias de Guanajuato - El otro enfoque","og_description":"El ABC de las emociones llegar\u00e1 a secundarias de Guanajuato durante el nuevo ciclo escolar, con actividades para apoyar a adolescentes.","og_url":"https:\/\/elotroenfoque.mx\/index.php\/2026\/08\/31\/abc-de-las-emociones-llegara-a-secundarias-de-guanajuato\/","og_site_name":"El otro enfoque","article_published_time":"2026-08-31T17:30:00+00:00","article_modified_time":"2026-08-31T17:31:09+00:00","og_image":[{"width":723,"height":481,"url":"https:\/\/elotroenfoque.mx\/wp-content\/uploads\/2026\/08\/ABC-de-las-emociones.jpg","type":"image\/jpeg"}],"author":"Equipo Redaccion","twitter_card":"summary_large_image","twitter_misc":{"Escrito por":"Equipo Redaccion","Tiempo de lectura":"3 minutos"},"schema":{"@context":"https:\/\/schema.org","@graph":[{"@type":"Article","@id":"https:\/\/elotroenfoque.mx\/index.php\/2026\/08\/31\/abc-de-las-emociones-llegara-a-secundarias-de-guanajuato\/#article","isPartOf":{"@id":"https:\/\/elotroenfoque.mx\/index.php\/2026\/08\/31\/abc-de-las-emociones-llegara-a-secundarias-de-guanajuato\/"},"author":{"name":"Equipo Redaccion","@id":"https:\/\/elotroenfoque.mx\/#\/schema\/person\/8eb322f84d0bd9f337e462905519a1ae"},"headline":"ABC de las emociones llegar\u00e1 a secundarias de Guanajuato","datePublished":"2026-08-31T17:30:00+00:00","dateModified":"2026-08-31T17:31:09+00:00","mainEntityOfPage":{"@id":"https:\/\/elotroenfoque.mx\/index.php\/2026\/08\/31\/abc-de-las-emociones-llegara-a-secundarias-de-guanajuato\/"},"wordCount":496,"image":{"@id":"https:\/\/elotroenfoque.mx\/index.php\/2026\/08\/31\/abc-de-las-emociones-llegara-a-secundarias-de-guanajuato\/#primaryimage"},"thumbnailUrl":"https:\/\/elotroenfoque.mx\/wp-content\/uploads\/2026\/08\/ABC-de-las-emociones.jpg","keywords":["Guanajuato","Noticias Guanajuato"],"articleSection":["Noticias"],"inLanguage":"es"},{"@type":"WebPage","@id":"https:\/\/elotroenfoque.mx\/index.php\/2026\/08\/31\/abc-de-las-emociones-llegara-a-secundarias-de-guanajuato\/","url":"https:\/\/elotroenfoque.mx\/index.php\/2026\/08\/31\/abc-de-las-emociones-llegara-a-secundarias-de-guanajuato\/","name":"ABC de las emociones llegar\u00e1 a secundarias de Guanajuato - El otro enfoque","isPartOf":{"@id":"https:\/\/elotroenfoque.mx\/#website"},"primaryImageOfPage":{"@id":"https:\/\/elotroenfoque.mx\/index.php\/2026\/08\/31\/abc-de-las-emociones-llegara-a-secundarias-de-guanajuato\/#primaryimage"},"image":{"@id":"https:\/\/elotroenfoque.mx\/index.php\/2026\/08\/31\/abc-de-las-emociones-llegara-a-secundarias-de-guanajuato\/#primaryimage"},"thumbnailUrl":"https:\/\/elotroenfoque.mx\/wp-content\/uploads\/2026\/08\/ABC-de-las-emociones.jpg","datePublished":"2026-08-31T17:30:00+00:00","dateModified":"2026-08-31T17:31:09+00:00","author":{"@id":"https:\/\/elotroenfoque.mx\/#\/schema\/person\/8eb322f84d0bd9f337e462905519a1ae"},"description":"El ABC de las emociones llegar\u00e1 a secundarias de Guanajuato durante el nuevo ciclo escolar, con actividades para apoyar a adolescentes.","breadcrumb":{"@id":"https:\/\/elotroenfoque.mx\/index.php\/2026\/08\/31\/abc-de-las-emociones-llegara-a-secundarias-de-guanajuato\/#breadcrumb"},"inLanguage":"es","potentialAction":[{"@type":"ReadAction","target":["https:\/\/elotroenfoque.mx\/index.php\/2026\/08\/31\/abc-de-las-emociones-llegara-a-secundarias-de-guanajuato\/"]}]},{"@type":"ImageObject","inLanguage":"es","@id":"https:\/\/elotroenfoque.mx\/index.php\/2026\/08\/31\/abc-de-las-emociones-llegara-a-secundarias-de-guanajuato\/#primaryimage","url":"https:\/\/elotroenfoque.mx\/wp-content\/uploads\/2026\/08\/ABC-de-las-emociones.jpg","contentUrl":"https:\/\/elotroenfoque.mx\/wp-content\/uploads\/2026\/08\/ABC-de-las-emociones.jpg","width":723,"height":481},{"@type":"BreadcrumbList","@id":"https:\/\/elotroenfoque.mx\/index.php\/2026\/08\/31\/abc-de-las-emociones-llegara-a-secundarias-de-guanajuato\/#breadcrumb","itemListElement":[{"@type":"ListItem","position":1,"name":"Portada","item":"https:\/\/elotroenfoque.mx\/"},{"@type":"ListItem","position":2,"name":"ABC de las emociones llegar\u00e1 a secundarias de Guanajuato"}]},{"@type":"WebSite","@id":"https:\/\/elotroenfoque.mx\/#website","url":"https:\/\/elotroenfoque.mx\/","name":"El otro enfoque","description":"","potentialAction":[{"@type":"SearchAction","target":{"@type":"EntryPoint","urlTemplate":"https:\/\/elotroenfoque.mx\/?s={search_term_string}"},"query-input":{"@type":"PropertyValueSpecification","valueRequired":true,"valueName":"search_term_string"}}],"inLanguage":"es"},{"@type":"Person","@id":"https:\/\/elotroenfoque.mx\/#\/schema\/person\/8eb322f84d0bd9f337e462905519a1ae","name":"Equipo Redaccion","image":{"@type":"ImageObject","inLanguage":"es","@id":"https:\/\/secure.gravatar.com\/avatar\/3579478e2b4e7aad364a32b26cf744b360ae0e581ee1cd0cb18a8f239ee49ac4?s=96&d=mm&r=g","url":"https:\/\/secure.gravatar.com\/avatar\/3579478e2b4e7aad364a32b26cf744b360ae0e581ee1cd0cb18a8f239ee49ac4?s=96&d=mm&r=g","contentUrl":"https:\/\/secure.gravatar.com\/avatar\/3579478e2b4e7aad364a32b26cf744b360ae0e581ee1cd0cb18a8f239ee49ac4?s=96&d=mm&r=g","caption":"Equipo Redaccion"},"url":"https:\/\/elotroenfoque.mx\/index.php\/author\/redaccion\/"}]}},"_links":{"self":[{"href":"https:\/\/elotroenfoque.mx\/index.php\/wp-json\/wp\/v2\/posts\/195210","targetHints":{"allow":["GET"]}}],"collection":[{"href":"https:\/\/elotroenfoque.mx\/index.php\/wp-json\/wp\/v2\/posts"}],"about":[{"href":"https:\/\/elotroenfoque.mx\/index.php\/wp-json\/wp\/v2\/types\/post"}],"author":[{"embeddable":true,"href":"https:\/\/elotroenfoque.mx\/index.php\/wp-json\/wp\/v2\/users\/4"}],"replies":[{"embeddable":true,"href":"https:\/\/elotroenfoque.mx\/index.php\/wp-json\/wp\/v2\/comments?post=195210"}],"version-history":[{"count":1,"href":"https:\/\/elotroenfoque.mx\/index.php\/wp-json\/wp\/v2\/posts\/195210\/revisions"}],"predecessor-version":[{"id":195212,"href":"https:\/\/elotroenfoque.mx\/index.php\/wp-json\/wp\/v2\/posts\/195210\/revisions\/195212"}],"wp:featuredmedia":[{"embeddable":true,"href":"https:\/\/elotroenfoque.mx\/index.php\/wp-json\/wp\/v2\/media\/195211"}],"wp:attachment":[{"href":"https:\/\/elotroenfoque.mx\/index.php\/wp-json\/wp\/v2\/media?parent=195210"}],"wp:term":[{"taxonomy":"category","embeddable":true,"href":"https:\/\/elotroenfoque.mx\/index.php\/wp-json\/wp\/v2\/categories?post=195210"},{"taxonomy":"post_tag","embeddable":true,"href":"https:\/\/elotroenfoque.mx\/index.php\/wp-json\/wp\/v2\/tags?post=195210"}],"curies":[{"name":"wp","href":"https:\/\/api.w.org\/{rel}","templated":true}]}}