{"id":195216,"date":"2026-08-31T12:30:03","date_gmt":"2026-08-31T18:30:03","guid":{"rendered":"https:\/\/elotroenfoque.mx\/?p=195216"},"modified":"2026-08-31T12:30:04","modified_gmt":"2026-08-31T18:30:04","slug":"protestan-padres-en-escuela-primaria-club-rotario-de-san-felipe","status":"publish","type":"post","link":"https:\/\/elotroenfoque.mx\/index.php\/2026\/08\/31\/protestan-padres-en-escuela-primaria-club-rotario-de-san-felipe\/","title":{"rendered":"Protestan padres en escuela primaria Club Rotario de San Felipe"},"content":{"rendered":"\n<p class=\"wp-block-paragraph\">Una jornada de inconformidad se registr\u00f3 durante las primeras horas de este inicio de ciclo escolar. Padres de familia decidieron levantar la voz pac\u00edficamente para exigir cambios inmediatos dentro del plantel educativo. Por esta causa, un grupo protest\u00f3 afuera de la primaria Club Rotario de San Felipe.<\/p>\n\n\n\n<p class=\"wp-block-paragraph\">Los inconformes portaron pancartas en el acceso principal para manifestar su rechazo por la designaci\u00f3n de personal docente. Espec\u00edficamente, los padres cuestionaron la llegada de un nuevo profesor asignado al grupo de tercer grado. En consecuencia, las actividades en la puerta del inmueble captaron la atenci\u00f3n de los vecinos del municipio.<\/p>\n\n\n\n<p class=\"wp-block-paragraph\"><strong><a href=\"https:\/\/www.facebook.com\/watch\/live\/?mibextid=wwXIfr&amp;ref=watch_permalink&amp;v=1537194494374817&amp;rdid=lVbUruVCpjfSwf2t\">Ve el video de la manifestaci\u00f3n aqu\u00ed<\/a><\/strong><\/p>\n\n\n\n<p class=\"wp-block-paragraph\">Las familias aseguraron que mantendr\u00e1n la vigilancia presencial hasta recibir garant\u00edas claras sobre el bienestar estudiantil. Adem\u00e1s, los manifestantes recalcaron la necesidad de priorizar la estabilidad dentro de las aulas de clase. El movimiento impidi\u00f3 el desarrollo habitual de los procesos administrativos al inicio del turno.<\/p>\n\n\n\n<figure class=\"wp-block-image size-full\"><img loading=\"lazy\" decoding=\"async\" width=\"428\" height=\"540\" src=\"https:\/\/elotroenfoque.mx\/wp-content\/uploads\/2026\/08\/padres-de-familia-de-club-rotario-1.jpg\" alt=\"\" class=\"wp-image-195218\" srcset=\"https:\/\/elotroenfoque.mx\/wp-content\/uploads\/2026\/08\/padres-de-familia-de-club-rotario-1.jpg 428w, https:\/\/elotroenfoque.mx\/wp-content\/uploads\/2026\/08\/padres-de-familia-de-club-rotario-1-238x300.jpg 238w\" sizes=\"auto, (max-width: 428px) 100vw, 428px\" \/><\/figure>\n\n\n\n<p class=\"wp-block-paragraph\">Los manifestantes portaban cartulinas con mensajes centrados en la protecci\u00f3n integral de la comunidad infantil. Entre las frases expuestas destacaba la consigna sobre que la seguridad de los alumnos no es negociable. Por este motivo, los tutores exigieron la intervenci\u00f3n de las autoridades para resolver el conflicto de la primaria Club  Rotario de San Felipe.<\/p>\n\n\n\n<p class=\"wp-block-paragraph\">Otras pancartas se\u00f1alaban que el inter\u00e9s superior de la ni\u00f1ez exige prevenci\u00f3n prioritaria ante cualquier escenario. Asimismo, los padres de familia reiteraron su postura firme de no permitir riesgos para los menores. Las consignas plasmaron la preocupaci\u00f3n acumulada por la reciente decisi\u00f3n tomadas en el plantel.<\/p>\n\n\n\n<p class=\"wp-block-paragraph\">Tambi\u00e9n lee: <strong><a href=\"https:\/\/elotroenfoque.mx\/index.php\/2026\/08\/31\/abc-de-las-emociones-llegara-a-secundarias-de-guanajuato\/\">ABC de las emociones llegar\u00e1 a secundarias de Guanajuato<\/a><\/strong><\/p>\n\n\n\n<p class=\"wp-block-paragraph\">Hasta el momento, las autoridades de la Secretar\u00eda de Educaci\u00f3n no han emitido ning\u00fan pronunciamiento oficial sobre el caso. Ciertamente, los directivos del plantel optaron por mantener la discreci\u00f3n frente a los se\u00f1alamientos de la comunidad. Esta falta de respuestas increment\u00f3 la incertidumbre entre las familias afectadas por la medida.<\/p>\n\n\n\n<p class=\"wp-block-paragraph\">Se espera que en el transcurso del d\u00eda la dependencia estatal env\u00ede representantes para mediar la situaci\u00f3n. Mientras tanto, los tutores se\u00f1alaron que continuar\u00e1n informando a otros padres sobre los avances del movimiento. La comunidad educativa permanece a la espera de un comunicado formal de las autoridades.<\/p>\n\n\n\n<p class=\"wp-block-paragraph\"><strong><a href=\"https:\/\/www.tiktok.com\/@elotroenfoque?_r=1&amp;_t=ZS-97ffhW6kR1t\">Sigue tambi\u00e9n las noticias en TikTok<\/a><\/strong><\/p>\n\n\n\n<p class=\"wp-block-paragraph\"><\/p>\n","protected":false},"excerpt":{"rendered":"<p>Una jornada de inconformidad se registr\u00f3 durante las primeras horas de este inicio de ciclo escolar. Padres de familia decidieron levantar la voz pac\u00edficamente para exigir cambios inmediatos dentro del plantel educativo. Por esta causa, un grupo protest\u00f3 afuera de la primaria Club Rotario de San Felipe. Los inconformes portaron pancartas en el acceso principal&#8230;<\/p>\n","protected":false},"author":4,"featured_media":195217,"comment_status":"closed","ping_status":"open","sticky":false,"template":"","format":"standard","meta":{"footnotes":""},"categories":[2],"tags":[13,4517],"class_list":["post-195216","post","type-post","status-publish","format-standard","has-post-thumbnail","hentry","category-noticias","tag-guanajuato","tag-noticias-guanajuato"],"yoast_head":"<!-- This site is optimized with the Yoast SEO plugin v28.2 - https:\/\/yoast.com\/product\/yoast-seo-wordpress\/ -->\n<title>Protestan padres en escuela primaria Club Rotario de San Felipe - El otro enfoque<\/title>\n<meta name=\"description\" content=\"Padres de familia se manifestaron afuera de la primaria Club Rotario San Felipe por la asignaci\u00f3n de un docente. Exigen respuesta de autoridades.\" \/>\n<meta name=\"robots\" content=\"index, follow, max-snippet:-1, max-image-preview:large, max-video-preview:-1\" \/>\n<link rel=\"canonical\" href=\"https:\/\/elotroenfoque.mx\/index.php\/2026\/08\/31\/protestan-padres-en-escuela-primaria-club-rotario-de-san-felipe\/\" \/>\n<meta property=\"og:locale\" content=\"es_MX\" \/>\n<meta property=\"og:type\" content=\"article\" \/>\n<meta property=\"og:title\" content=\"Protestan padres en escuela primaria Club Rotario de San Felipe - El otro enfoque\" \/>\n<meta property=\"og:description\" content=\"Padres de familia se manifestaron afuera de la primaria Club Rotario San Felipe por la asignaci\u00f3n de un docente. Exigen respuesta de autoridades.\" \/>\n<meta property=\"og:url\" content=\"https:\/\/elotroenfoque.mx\/index.php\/2026\/08\/31\/protestan-padres-en-escuela-primaria-club-rotario-de-san-felipe\/\" \/>\n<meta property=\"og:site_name\" content=\"El otro enfoque\" \/>\n<meta property=\"article:published_time\" content=\"2026-08-31T18:30:03+00:00\" \/>\n<meta property=\"article:modified_time\" content=\"2026-08-31T18:30:04+00:00\" \/>\n<meta property=\"og:image\" content=\"https:\/\/elotroenfoque.mx\/wp-content\/uploads\/2026\/08\/padres-de-familia-de-club-rotario-2.jpg\" \/>\n\t<meta property=\"og:image:width\" content=\"429\" \/>\n\t<meta property=\"og:image:height\" content=\"540\" \/>\n\t<meta property=\"og:image:type\" content=\"image\/jpeg\" \/>\n<meta name=\"author\" content=\"Equipo Redaccion\" \/>\n<meta name=\"twitter:card\" content=\"summary_large_image\" \/>\n<meta name=\"twitter:label1\" content=\"Escrito por\" \/>\n\t<meta name=\"twitter:data1\" content=\"Equipo Redaccion\" \/>\n\t<meta name=\"twitter:label2\" content=\"Tiempo de lectura\" \/>\n\t<meta name=\"twitter:data2\" content=\"3 minutos\" \/>\n<script type=\"application\/ld+json\" class=\"yoast-schema-graph\">{\"@context\":\"https:\\\/\\\/schema.org\",\"@graph\":[{\"@type\":\"Article\",\"@id\":\"https:\\\/\\\/elotroenfoque.mx\\\/index.php\\\/2026\\\/08\\\/31\\\/protestan-padres-en-escuela-primaria-club-rotario-de-san-felipe\\\/#article\",\"isPartOf\":{\"@id\":\"https:\\\/\\\/elotroenfoque.mx\\\/index.php\\\/2026\\\/08\\\/31\\\/protestan-padres-en-escuela-primaria-club-rotario-de-san-felipe\\\/\"},\"author\":{\"name\":\"Equipo Redaccion\",\"@id\":\"https:\\\/\\\/elotroenfoque.mx\\\/#\\\/schema\\\/person\\\/8eb322f84d0bd9f337e462905519a1ae\"},\"headline\":\"Protestan padres en escuela primaria Club Rotario de San Felipe\",\"datePublished\":\"2026-08-31T18:30:03+00:00\",\"dateModified\":\"2026-08-31T18:30:04+00:00\",\"mainEntityOfPage\":{\"@id\":\"https:\\\/\\\/elotroenfoque.mx\\\/index.php\\\/2026\\\/08\\\/31\\\/protestan-padres-en-escuela-primaria-club-rotario-de-san-felipe\\\/\"},\"wordCount\":404,\"image\":{\"@id\":\"https:\\\/\\\/elotroenfoque.mx\\\/index.php\\\/2026\\\/08\\\/31\\\/protestan-padres-en-escuela-primaria-club-rotario-de-san-felipe\\\/#primaryimage\"},\"thumbnailUrl\":\"https:\\\/\\\/elotroenfoque.mx\\\/wp-content\\\/uploads\\\/2026\\\/08\\\/padres-de-familia-de-club-rotario-2.jpg\",\"keywords\":[\"Guanajuato\",\"Noticias Guanajuato\"],\"articleSection\":[\"Noticias\"],\"inLanguage\":\"es\"},{\"@type\":\"WebPage\",\"@id\":\"https:\\\/\\\/elotroenfoque.mx\\\/index.php\\\/2026\\\/08\\\/31\\\/protestan-padres-en-escuela-primaria-club-rotario-de-san-felipe\\\/\",\"url\":\"https:\\\/\\\/elotroenfoque.mx\\\/index.php\\\/2026\\\/08\\\/31\\\/protestan-padres-en-escuela-primaria-club-rotario-de-san-felipe\\\/\",\"name\":\"Protestan padres en escuela primaria Club Rotario de San Felipe - El otro enfoque\",\"isPartOf\":{\"@id\":\"https:\\\/\\\/elotroenfoque.mx\\\/#website\"},\"primaryImageOfPage\":{\"@id\":\"https:\\\/\\\/elotroenfoque.mx\\\/index.php\\\/2026\\\/08\\\/31\\\/protestan-padres-en-escuela-primaria-club-rotario-de-san-felipe\\\/#primaryimage\"},\"image\":{\"@id\":\"https:\\\/\\\/elotroenfoque.mx\\\/index.php\\\/2026\\\/08\\\/31\\\/protestan-padres-en-escuela-primaria-club-rotario-de-san-felipe\\\/#primaryimage\"},\"thumbnailUrl\":\"https:\\\/\\\/elotroenfoque.mx\\\/wp-content\\\/uploads\\\/2026\\\/08\\\/padres-de-familia-de-club-rotario-2.jpg\",\"datePublished\":\"2026-08-31T18:30:03+00:00\",\"dateModified\":\"2026-08-31T18:30:04+00:00\",\"author\":{\"@id\":\"https:\\\/\\\/elotroenfoque.mx\\\/#\\\/schema\\\/person\\\/8eb322f84d0bd9f337e462905519a1ae\"},\"description\":\"Padres de familia se manifestaron afuera de la primaria Club Rotario San Felipe por la asignaci\u00f3n de un docente. Exigen respuesta de autoridades.\",\"breadcrumb\":{\"@id\":\"https:\\\/\\\/elotroenfoque.mx\\\/index.php\\\/2026\\\/08\\\/31\\\/protestan-padres-en-escuela-primaria-club-rotario-de-san-felipe\\\/#breadcrumb\"},\"inLanguage\":\"es\",\"potentialAction\":[{\"@type\":\"ReadAction\",\"target\":[\"https:\\\/\\\/elotroenfoque.mx\\\/index.php\\\/2026\\\/08\\\/31\\\/protestan-padres-en-escuela-primaria-club-rotario-de-san-felipe\\\/\"]}]},{\"@type\":\"ImageObject\",\"inLanguage\":\"es\",\"@id\":\"https:\\\/\\\/elotroenfoque.mx\\\/index.php\\\/2026\\\/08\\\/31\\\/protestan-padres-en-escuela-primaria-club-rotario-de-san-felipe\\\/#primaryimage\",\"url\":\"https:\\\/\\\/elotroenfoque.mx\\\/wp-content\\\/uploads\\\/2026\\\/08\\\/padres-de-familia-de-club-rotario-2.jpg\",\"contentUrl\":\"https:\\\/\\\/elotroenfoque.mx\\\/wp-content\\\/uploads\\\/2026\\\/08\\\/padres-de-familia-de-club-rotario-2.jpg\",\"width\":429,\"height\":540},{\"@type\":\"BreadcrumbList\",\"@id\":\"https:\\\/\\\/elotroenfoque.mx\\\/index.php\\\/2026\\\/08\\\/31\\\/protestan-padres-en-escuela-primaria-club-rotario-de-san-felipe\\\/#breadcrumb\",\"itemListElement\":[{\"@type\":\"ListItem\",\"position\":1,\"name\":\"Portada\",\"item\":\"https:\\\/\\\/elotroenfoque.mx\\\/\"},{\"@type\":\"ListItem\",\"position\":2,\"name\":\"Protestan padres en escuela primaria Club Rotario de San Felipe\"}]},{\"@type\":\"WebSite\",\"@id\":\"https:\\\/\\\/elotroenfoque.mx\\\/#website\",\"url\":\"https:\\\/\\\/elotroenfoque.mx\\\/\",\"name\":\"El otro enfoque\",\"description\":\"\",\"potentialAction\":[{\"@type\":\"SearchAction\",\"target\":{\"@type\":\"EntryPoint\",\"urlTemplate\":\"https:\\\/\\\/elotroenfoque.mx\\\/?s={search_term_string}\"},\"query-input\":{\"@type\":\"PropertyValueSpecification\",\"valueRequired\":true,\"valueName\":\"search_term_string\"}}],\"inLanguage\":\"es\"},{\"@type\":\"Person\",\"@id\":\"https:\\\/\\\/elotroenfoque.mx\\\/#\\\/schema\\\/person\\\/8eb322f84d0bd9f337e462905519a1ae\",\"name\":\"Equipo Redaccion\",\"image\":{\"@type\":\"ImageObject\",\"inLanguage\":\"es\",\"@id\":\"https:\\\/\\\/secure.gravatar.com\\\/avatar\\\/3579478e2b4e7aad364a32b26cf744b360ae0e581ee1cd0cb18a8f239ee49ac4?s=96&d=mm&r=g\",\"url\":\"https:\\\/\\\/secure.gravatar.com\\\/avatar\\\/3579478e2b4e7aad364a32b26cf744b360ae0e581ee1cd0cb18a8f239ee49ac4?s=96&d=mm&r=g\",\"contentUrl\":\"https:\\\/\\\/secure.gravatar.com\\\/avatar\\\/3579478e2b4e7aad364a32b26cf744b360ae0e581ee1cd0cb18a8f239ee49ac4?s=96&d=mm&r=g\",\"caption\":\"Equipo Redaccion\"},\"url\":\"https:\\\/\\\/elotroenfoque.mx\\\/index.php\\\/author\\\/redaccion\\\/\"}]}<\/script>\n<!-- \/ Yoast SEO plugin. -->","yoast_head_json":{"title":"Protestan padres en escuela primaria Club Rotario de San Felipe - El otro enfoque","description":"Padres de familia se manifestaron afuera de la primaria Club Rotario San Felipe por la asignaci\u00f3n de un docente. Exigen respuesta de autoridades.","robots":{"index":"index","follow":"follow","max-snippet":"max-snippet:-1","max-image-preview":"max-image-preview:large","max-video-preview":"max-video-preview:-1"},"canonical":"https:\/\/elotroenfoque.mx\/index.php\/2026\/08\/31\/protestan-padres-en-escuela-primaria-club-rotario-de-san-felipe\/","og_locale":"es_MX","og_type":"article","og_title":"Protestan padres en escuela primaria Club Rotario de San Felipe - El otro enfoque","og_description":"Padres de familia se manifestaron afuera de la primaria Club Rotario San Felipe por la asignaci\u00f3n de un docente. Exigen respuesta de autoridades.","og_url":"https:\/\/elotroenfoque.mx\/index.php\/2026\/08\/31\/protestan-padres-en-escuela-primaria-club-rotario-de-san-felipe\/","og_site_name":"El otro enfoque","article_published_time":"2026-08-31T18:30:03+00:00","article_modified_time":"2026-08-31T18:30:04+00:00","og_image":[{"width":429,"height":540,"url":"https:\/\/elotroenfoque.mx\/wp-content\/uploads\/2026\/08\/padres-de-familia-de-club-rotario-2.jpg","type":"image\/jpeg"}],"author":"Equipo Redaccion","twitter_card":"summary_large_image","twitter_misc":{"Escrito por":"Equipo Redaccion","Tiempo de lectura":"3 minutos"},"schema":{"@context":"https:\/\/schema.org","@graph":[{"@type":"Article","@id":"https:\/\/elotroenfoque.mx\/index.php\/2026\/08\/31\/protestan-padres-en-escuela-primaria-club-rotario-de-san-felipe\/#article","isPartOf":{"@id":"https:\/\/elotroenfoque.mx\/index.php\/2026\/08\/31\/protestan-padres-en-escuela-primaria-club-rotario-de-san-felipe\/"},"author":{"name":"Equipo Redaccion","@id":"https:\/\/elotroenfoque.mx\/#\/schema\/person\/8eb322f84d0bd9f337e462905519a1ae"},"headline":"Protestan padres en escuela primaria Club Rotario de San Felipe","datePublished":"2026-08-31T18:30:03+00:00","dateModified":"2026-08-31T18:30:04+00:00","mainEntityOfPage":{"@id":"https:\/\/elotroenfoque.mx\/index.php\/2026\/08\/31\/protestan-padres-en-escuela-primaria-club-rotario-de-san-felipe\/"},"wordCount":404,"image":{"@id":"https:\/\/elotroenfoque.mx\/index.php\/2026\/08\/31\/protestan-padres-en-escuela-primaria-club-rotario-de-san-felipe\/#primaryimage"},"thumbnailUrl":"https:\/\/elotroenfoque.mx\/wp-content\/uploads\/2026\/08\/padres-de-familia-de-club-rotario-2.jpg","keywords":["Guanajuato","Noticias Guanajuato"],"articleSection":["Noticias"],"inLanguage":"es"},{"@type":"WebPage","@id":"https:\/\/elotroenfoque.mx\/index.php\/2026\/08\/31\/protestan-padres-en-escuela-primaria-club-rotario-de-san-felipe\/","url":"https:\/\/elotroenfoque.mx\/index.php\/2026\/08\/31\/protestan-padres-en-escuela-primaria-club-rotario-de-san-felipe\/","name":"Protestan padres en escuela primaria Club Rotario de San Felipe - El otro enfoque","isPartOf":{"@id":"https:\/\/elotroenfoque.mx\/#website"},"primaryImageOfPage":{"@id":"https:\/\/elotroenfoque.mx\/index.php\/2026\/08\/31\/protestan-padres-en-escuela-primaria-club-rotario-de-san-felipe\/#primaryimage"},"image":{"@id":"https:\/\/elotroenfoque.mx\/index.php\/2026\/08\/31\/protestan-padres-en-escuela-primaria-club-rotario-de-san-felipe\/#primaryimage"},"thumbnailUrl":"https:\/\/elotroenfoque.mx\/wp-content\/uploads\/2026\/08\/padres-de-familia-de-club-rotario-2.jpg","datePublished":"2026-08-31T18:30:03+00:00","dateModified":"2026-08-31T18:30:04+00:00","author":{"@id":"https:\/\/elotroenfoque.mx\/#\/schema\/person\/8eb322f84d0bd9f337e462905519a1ae"},"description":"Padres de familia se manifestaron afuera de la primaria Club Rotario San Felipe por la asignaci\u00f3n de un docente. Exigen respuesta de autoridades.","breadcrumb":{"@id":"https:\/\/elotroenfoque.mx\/index.php\/2026\/08\/31\/protestan-padres-en-escuela-primaria-club-rotario-de-san-felipe\/#breadcrumb"},"inLanguage":"es","potentialAction":[{"@type":"ReadAction","target":["https:\/\/elotroenfoque.mx\/index.php\/2026\/08\/31\/protestan-padres-en-escuela-primaria-club-rotario-de-san-felipe\/"]}]},{"@type":"ImageObject","inLanguage":"es","@id":"https:\/\/elotroenfoque.mx\/index.php\/2026\/08\/31\/protestan-padres-en-escuela-primaria-club-rotario-de-san-felipe\/#primaryimage","url":"https:\/\/elotroenfoque.mx\/wp-content\/uploads\/2026\/08\/padres-de-familia-de-club-rotario-2.jpg","contentUrl":"https:\/\/elotroenfoque.mx\/wp-content\/uploads\/2026\/08\/padres-de-familia-de-club-rotario-2.jpg","width":429,"height":540},{"@type":"BreadcrumbList","@id":"https:\/\/elotroenfoque.mx\/index.php\/2026\/08\/31\/protestan-padres-en-escuela-primaria-club-rotario-de-san-felipe\/#breadcrumb","itemListElement":[{"@type":"ListItem","position":1,"name":"Portada","item":"https:\/\/elotroenfoque.mx\/"},{"@type":"ListItem","position":2,"name":"Protestan padres en escuela primaria Club Rotario de San Felipe"}]},{"@type":"WebSite","@id":"https:\/\/elotroenfoque.mx\/#website","url":"https:\/\/elotroenfoque.mx\/","name":"El otro enfoque","description":"","potentialAction":[{"@type":"SearchAction","target":{"@type":"EntryPoint","urlTemplate":"https:\/\/elotroenfoque.mx\/?s={search_term_string}"},"query-input":{"@type":"PropertyValueSpecification","valueRequired":true,"valueName":"search_term_string"}}],"inLanguage":"es"},{"@type":"Person","@id":"https:\/\/elotroenfoque.mx\/#\/schema\/person\/8eb322f84d0bd9f337e462905519a1ae","name":"Equipo Redaccion","image":{"@type":"ImageObject","inLanguage":"es","@id":"https:\/\/secure.gravatar.com\/avatar\/3579478e2b4e7aad364a32b26cf744b360ae0e581ee1cd0cb18a8f239ee49ac4?s=96&d=mm&r=g","url":"https:\/\/secure.gravatar.com\/avatar\/3579478e2b4e7aad364a32b26cf744b360ae0e581ee1cd0cb18a8f239ee49ac4?s=96&d=mm&r=g","contentUrl":"https:\/\/secure.gravatar.com\/avatar\/3579478e2b4e7aad364a32b26cf744b360ae0e581ee1cd0cb18a8f239ee49ac4?s=96&d=mm&r=g","caption":"Equipo Redaccion"},"url":"https:\/\/elotroenfoque.mx\/index.php\/author\/redaccion\/"}]}},"_links":{"self":[{"href":"https:\/\/elotroenfoque.mx\/index.php\/wp-json\/wp\/v2\/posts\/195216","targetHints":{"allow":["GET"]}}],"collection":[{"href":"https:\/\/elotroenfoque.mx\/index.php\/wp-json\/wp\/v2\/posts"}],"about":[{"href":"https:\/\/elotroenfoque.mx\/index.php\/wp-json\/wp\/v2\/types\/post"}],"author":[{"embeddable":true,"href":"https:\/\/elotroenfoque.mx\/index.php\/wp-json\/wp\/v2\/users\/4"}],"replies":[{"embeddable":true,"href":"https:\/\/elotroenfoque.mx\/index.php\/wp-json\/wp\/v2\/comments?post=195216"}],"version-history":[{"count":1,"href":"https:\/\/elotroenfoque.mx\/index.php\/wp-json\/wp\/v2\/posts\/195216\/revisions"}],"predecessor-version":[{"id":195219,"href":"https:\/\/elotroenfoque.mx\/index.php\/wp-json\/wp\/v2\/posts\/195216\/revisions\/195219"}],"wp:featuredmedia":[{"embeddable":true,"href":"https:\/\/elotroenfoque.mx\/index.php\/wp-json\/wp\/v2\/media\/195217"}],"wp:attachment":[{"href":"https:\/\/elotroenfoque.mx\/index.php\/wp-json\/wp\/v2\/media?parent=195216"}],"wp:term":[{"taxonomy":"category","embeddable":true,"href":"https:\/\/elotroenfoque.mx\/index.php\/wp-json\/wp\/v2\/categories?post=195216"},{"taxonomy":"post_tag","embeddable":true,"href":"https:\/\/elotroenfoque.mx\/index.php\/wp-json\/wp\/v2\/tags?post=195216"}],"curies":[{"name":"wp","href":"https:\/\/api.w.org\/{rel}","templated":true}]}}