{"id":195220,"date":"2026-08-31T13:13:00","date_gmt":"2026-08-31T19:13:00","guid":{"rendered":"https:\/\/elotroenfoque.mx\/?p=195220"},"modified":"2026-08-31T13:13:01","modified_gmt":"2026-08-31T19:13:01","slug":"hallan-a-joven-sin-vida-en-escuela-de-medranos-en-silao","status":"publish","type":"post","link":"https:\/\/elotroenfoque.mx\/index.php\/2026\/08\/31\/hallan-a-joven-sin-vida-en-escuela-de-medranos-en-silao\/","title":{"rendered":"Hallan a joven sin vida en escuela de Medranos en Silao"},"content":{"rendered":"\n<p class=\"wp-block-paragraph\">La reapertura de actividades escolares qued\u00f3 suspendida durante la ma\u00f1ana de este lunes en la zona rural del municipio. El hallazgo de una persona fallecida dentro de las instalaciones deriv\u00f3 en la movilizaci\u00f3n de corporaciones de seguridad. Por este motivo, la escuela de Medranos en Silao permaneci\u00f3 cerrada a la comunidad escolar.<\/p>\n\n\n\n<p class=\"wp-block-paragraph\">Una profesora del plantel ingres\u00f3 al aula asignada para preparar el inicio de las clases programadas para la jornada. Al abrir el espacio, la docente localiz\u00f3 a una persona del sexo masculino tendida sobre el suelo. En consecuencia, el personal directivo report\u00f3 el hecho al sistema de emergencias 911 para solicitar auxilio m\u00e9dico.<\/p>\n\n\n\n<p class=\"wp-block-paragraph\">Elementos de la Polic\u00eda Municipal y param\u00e9dicos acudieron al inmueble ubicado en la localidad rural para revisar al individuo. Los rescatistas confirmaron que la persona ya no presentaba signos vitales al momento de la valoraci\u00f3n. Por lo tanto, los agentes procedieron al resguardo de la escena conforme a los protocolos vigentes.<\/p>\n\n\n\n<h2 class=\"wp-block-heading\">Cierre de la escuela de Medranos en Silao<\/h2>\n\n\n\n<p class=\"wp-block-paragraph\">Los oficiales acordonaron el per\u00edmetro del edificio escolar para facilitar el trabajo de los peritos en el sitio. Debido a esta situaci\u00f3n, la directiva notific\u00f3 a las familias presentes la suspensi\u00f3n de las actividades. Las autoridades escolares coordinaron el retiro ordenado de las alumnas y alumnos de la escuela de Medranos en Silao.<\/p>\n\n\n\n<p class=\"wp-block-paragraph\">La corporaci\u00f3n municipal mantuvo el resguardo del \u00e1rea mientras arribaba el personal de procuraci\u00f3n de justicia del estado. Asimismo, los elementos polic\u00edacos restringieron el paso de peatones y veh\u00edculos por las vialidades adyacentes al plantel. El personal docente permaneci\u00f3 a disposici\u00f3n de los oficiales para rendir las primeras declaraciones.<\/p>\n\n\n\n<p class=\"wp-block-paragraph\">El cierre de las instalaciones se mantendr\u00e1 hasta que los peritos concluyan el procesamiento de las evidencias f\u00edsicas. De igual manera, la Secretar\u00eda de Educaci\u00f3n evaluar\u00e1 el momento adecuado para reanudar el calendario de clases. El \u00e1rea permanece custodiada por las fuerzas de seguridad p\u00fablica locales.<\/p>\n\n\n\n<h2 class=\"wp-block-heading\">Intervenci\u00f3n de la Fiscal\u00eda General del Estado<\/h2>\n\n\n\n<p class=\"wp-block-paragraph\">Personal de la Fiscal\u00eda General del Estado de Guanajuato se present\u00f3 en el lugar para iniciar las indagatorias. Los peritos de campo procesaron el sal\u00f3n de clases y confirmaron que la persona fallecida ten\u00eda 20 a\u00f1os. Los agentes integraron los primeros datos a la carpeta de investigaci\u00f3n correspondiente.<\/p>\n\n\n\n<p class=\"wp-block-paragraph\">Tambi\u00e9n lee: <strong><a href=\"https:\/\/elotroenfoque.mx\/index.php\/2026\/08\/31\/protestan-padres-en-escuela-primaria-club-rotario-de-san-felipe\/\">Protestan padres en escuela primaria Club Rotario de San Felipe<\/a><\/strong><\/p>\n\n\n\n<p class=\"wp-block-paragraph\">Especialistas del Servicio M\u00e9dico Forense realizaron el levantamiento del cuerpo para trasladarlo a sus instalaciones regionales. En dicha sede, el personal m\u00e9dico practicar\u00e1 la necropsia de ley para determinar la causa cl\u00ednica de la muerte. De esta forma, las autoridades establecer\u00e1n el origen y la temporalidad del deceso.<\/p>\n\n\n\n<p class=\"wp-block-paragraph\">Las dependencias de seguridad del estado asumieron el seguimiento del expediente para deslindar las responsabilidades legales aplicables. Por su parte, la Secretar\u00eda de Educaci\u00f3n colabora con los requerimientos informativos formulados por la fiscal\u00eda estatal. Las autoridades buscan dar claridad sobre el acontecimiento registrado dentro del plantel escolar.<\/p>\n\n\n\n<p class=\"wp-block-paragraph\"><strong><a href=\"https:\/\/www.tiktok.com\/@elotroenfoque?_r=1&amp;_t=ZS-97ffhW6kR1t\">Sigue tambi\u00e9n las noticias en TikTok<\/a><\/strong><\/p>\n\n\n\n<p class=\"wp-block-paragraph\"><\/p>\n","protected":false},"excerpt":{"rendered":"<p>La reapertura de actividades escolares qued\u00f3 suspendida durante la ma\u00f1ana de este lunes en la zona rural del municipio. El hallazgo de una persona fallecida dentro de las instalaciones deriv\u00f3 en la movilizaci\u00f3n de corporaciones de seguridad. Por este motivo, la escuela de Medranos en Silao permaneci\u00f3 cerrada a la comunidad escolar. Una profesora del&#8230;<\/p>\n","protected":false},"author":4,"featured_media":195221,"comment_status":"closed","ping_status":"open","sticky":false,"template":"","format":"standard","meta":{"footnotes":""},"categories":[8],"tags":[13,4517],"class_list":["post-195220","post","type-post","status-publish","format-standard","has-post-thumbnail","hentry","category-desenfoques","tag-guanajuato","tag-noticias-guanajuato"],"yoast_head":"<!-- This site is optimized with the Yoast SEO plugin v28.2 - https:\/\/yoast.com\/product\/yoast-seo-wordpress\/ -->\n<title>Hallan a joven sin vida en escuela de Medranos en Silao - El otro enfoque<\/title>\n<meta name=\"description\" content=\"Un hallazgo tr\u00e1gico oblig\u00f3 a suspender el inicio de clases en una primaria. Autoridades investigan el hallazgo de un joven sin vida dentro de un aula.\" \/>\n<meta name=\"robots\" content=\"index, follow, max-snippet:-1, max-image-preview:large, max-video-preview:-1\" \/>\n<link rel=\"canonical\" href=\"https:\/\/elotroenfoque.mx\/index.php\/2026\/08\/31\/hallan-a-joven-sin-vida-en-escuela-de-medranos-en-silao\/\" \/>\n<meta property=\"og:locale\" content=\"es_MX\" \/>\n<meta property=\"og:type\" content=\"article\" \/>\n<meta property=\"og:title\" content=\"Hallan a joven sin vida en escuela de Medranos en Silao - El otro enfoque\" \/>\n<meta property=\"og:description\" content=\"Un hallazgo tr\u00e1gico oblig\u00f3 a suspender el inicio de clases en una primaria. Autoridades investigan el hallazgo de un joven sin vida dentro de un aula.\" \/>\n<meta property=\"og:url\" content=\"https:\/\/elotroenfoque.mx\/index.php\/2026\/08\/31\/hallan-a-joven-sin-vida-en-escuela-de-medranos-en-silao\/\" \/>\n<meta property=\"og:site_name\" content=\"El otro enfoque\" \/>\n<meta property=\"article:published_time\" content=\"2026-08-31T19:13:00+00:00\" \/>\n<meta property=\"article:modified_time\" content=\"2026-08-31T19:13:01+00:00\" \/>\n<meta property=\"og:image\" content=\"https:\/\/elotroenfoque.mx\/wp-content\/uploads\/2026\/08\/escuela-de-medrano.jpg\" \/>\n\t<meta property=\"og:image:width\" content=\"826\" \/>\n\t<meta property=\"og:image:height\" content=\"380\" \/>\n\t<meta property=\"og:image:type\" content=\"image\/jpeg\" \/>\n<meta name=\"author\" content=\"Equipo Redaccion\" \/>\n<meta name=\"twitter:card\" content=\"summary_large_image\" \/>\n<meta name=\"twitter:label1\" content=\"Escrito por\" \/>\n\t<meta name=\"twitter:data1\" content=\"Equipo Redaccion\" \/>\n\t<meta name=\"twitter:label2\" content=\"Tiempo de lectura\" \/>\n\t<meta name=\"twitter:data2\" content=\"3 minutos\" \/>\n<script type=\"application\/ld+json\" class=\"yoast-schema-graph\">{\"@context\":\"https:\\\/\\\/schema.org\",\"@graph\":[{\"@type\":\"Article\",\"@id\":\"https:\\\/\\\/elotroenfoque.mx\\\/index.php\\\/2026\\\/08\\\/31\\\/hallan-a-joven-sin-vida-en-escuela-de-medranos-en-silao\\\/#article\",\"isPartOf\":{\"@id\":\"https:\\\/\\\/elotroenfoque.mx\\\/index.php\\\/2026\\\/08\\\/31\\\/hallan-a-joven-sin-vida-en-escuela-de-medranos-en-silao\\\/\"},\"author\":{\"name\":\"Equipo Redaccion\",\"@id\":\"https:\\\/\\\/elotroenfoque.mx\\\/#\\\/schema\\\/person\\\/8eb322f84d0bd9f337e462905519a1ae\"},\"headline\":\"Hallan a joven sin vida en escuela de Medranos en Silao\",\"datePublished\":\"2026-08-31T19:13:00+00:00\",\"dateModified\":\"2026-08-31T19:13:01+00:00\",\"mainEntityOfPage\":{\"@id\":\"https:\\\/\\\/elotroenfoque.mx\\\/index.php\\\/2026\\\/08\\\/31\\\/hallan-a-joven-sin-vida-en-escuela-de-medranos-en-silao\\\/\"},\"wordCount\":523,\"image\":{\"@id\":\"https:\\\/\\\/elotroenfoque.mx\\\/index.php\\\/2026\\\/08\\\/31\\\/hallan-a-joven-sin-vida-en-escuela-de-medranos-en-silao\\\/#primaryimage\"},\"thumbnailUrl\":\"https:\\\/\\\/elotroenfoque.mx\\\/wp-content\\\/uploads\\\/2026\\\/08\\\/escuela-de-medrano.jpg\",\"keywords\":[\"Guanajuato\",\"Noticias Guanajuato\"],\"articleSection\":[\"Desenfoques\"],\"inLanguage\":\"es\"},{\"@type\":\"WebPage\",\"@id\":\"https:\\\/\\\/elotroenfoque.mx\\\/index.php\\\/2026\\\/08\\\/31\\\/hallan-a-joven-sin-vida-en-escuela-de-medranos-en-silao\\\/\",\"url\":\"https:\\\/\\\/elotroenfoque.mx\\\/index.php\\\/2026\\\/08\\\/31\\\/hallan-a-joven-sin-vida-en-escuela-de-medranos-en-silao\\\/\",\"name\":\"Hallan a joven sin vida en escuela de Medranos en Silao - El otro enfoque\",\"isPartOf\":{\"@id\":\"https:\\\/\\\/elotroenfoque.mx\\\/#website\"},\"primaryImageOfPage\":{\"@id\":\"https:\\\/\\\/elotroenfoque.mx\\\/index.php\\\/2026\\\/08\\\/31\\\/hallan-a-joven-sin-vida-en-escuela-de-medranos-en-silao\\\/#primaryimage\"},\"image\":{\"@id\":\"https:\\\/\\\/elotroenfoque.mx\\\/index.php\\\/2026\\\/08\\\/31\\\/hallan-a-joven-sin-vida-en-escuela-de-medranos-en-silao\\\/#primaryimage\"},\"thumbnailUrl\":\"https:\\\/\\\/elotroenfoque.mx\\\/wp-content\\\/uploads\\\/2026\\\/08\\\/escuela-de-medrano.jpg\",\"datePublished\":\"2026-08-31T19:13:00+00:00\",\"dateModified\":\"2026-08-31T19:13:01+00:00\",\"author\":{\"@id\":\"https:\\\/\\\/elotroenfoque.mx\\\/#\\\/schema\\\/person\\\/8eb322f84d0bd9f337e462905519a1ae\"},\"description\":\"Un hallazgo tr\u00e1gico oblig\u00f3 a suspender el inicio de clases en una primaria. Autoridades investigan el hallazgo de un joven sin vida dentro de un aula.\",\"breadcrumb\":{\"@id\":\"https:\\\/\\\/elotroenfoque.mx\\\/index.php\\\/2026\\\/08\\\/31\\\/hallan-a-joven-sin-vida-en-escuela-de-medranos-en-silao\\\/#breadcrumb\"},\"inLanguage\":\"es\",\"potentialAction\":[{\"@type\":\"ReadAction\",\"target\":[\"https:\\\/\\\/elotroenfoque.mx\\\/index.php\\\/2026\\\/08\\\/31\\\/hallan-a-joven-sin-vida-en-escuela-de-medranos-en-silao\\\/\"]}]},{\"@type\":\"ImageObject\",\"inLanguage\":\"es\",\"@id\":\"https:\\\/\\\/elotroenfoque.mx\\\/index.php\\\/2026\\\/08\\\/31\\\/hallan-a-joven-sin-vida-en-escuela-de-medranos-en-silao\\\/#primaryimage\",\"url\":\"https:\\\/\\\/elotroenfoque.mx\\\/wp-content\\\/uploads\\\/2026\\\/08\\\/escuela-de-medrano.jpg\",\"contentUrl\":\"https:\\\/\\\/elotroenfoque.mx\\\/wp-content\\\/uploads\\\/2026\\\/08\\\/escuela-de-medrano.jpg\",\"width\":826,\"height\":380},{\"@type\":\"BreadcrumbList\",\"@id\":\"https:\\\/\\\/elotroenfoque.mx\\\/index.php\\\/2026\\\/08\\\/31\\\/hallan-a-joven-sin-vida-en-escuela-de-medranos-en-silao\\\/#breadcrumb\",\"itemListElement\":[{\"@type\":\"ListItem\",\"position\":1,\"name\":\"Portada\",\"item\":\"https:\\\/\\\/elotroenfoque.mx\\\/\"},{\"@type\":\"ListItem\",\"position\":2,\"name\":\"Hallan a joven sin vida en escuela de Medranos en Silao\"}]},{\"@type\":\"WebSite\",\"@id\":\"https:\\\/\\\/elotroenfoque.mx\\\/#website\",\"url\":\"https:\\\/\\\/elotroenfoque.mx\\\/\",\"name\":\"El otro enfoque\",\"description\":\"\",\"potentialAction\":[{\"@type\":\"SearchAction\",\"target\":{\"@type\":\"EntryPoint\",\"urlTemplate\":\"https:\\\/\\\/elotroenfoque.mx\\\/?s={search_term_string}\"},\"query-input\":{\"@type\":\"PropertyValueSpecification\",\"valueRequired\":true,\"valueName\":\"search_term_string\"}}],\"inLanguage\":\"es\"},{\"@type\":\"Person\",\"@id\":\"https:\\\/\\\/elotroenfoque.mx\\\/#\\\/schema\\\/person\\\/8eb322f84d0bd9f337e462905519a1ae\",\"name\":\"Equipo Redaccion\",\"image\":{\"@type\":\"ImageObject\",\"inLanguage\":\"es\",\"@id\":\"https:\\\/\\\/secure.gravatar.com\\\/avatar\\\/3579478e2b4e7aad364a32b26cf744b360ae0e581ee1cd0cb18a8f239ee49ac4?s=96&d=mm&r=g\",\"url\":\"https:\\\/\\\/secure.gravatar.com\\\/avatar\\\/3579478e2b4e7aad364a32b26cf744b360ae0e581ee1cd0cb18a8f239ee49ac4?s=96&d=mm&r=g\",\"contentUrl\":\"https:\\\/\\\/secure.gravatar.com\\\/avatar\\\/3579478e2b4e7aad364a32b26cf744b360ae0e581ee1cd0cb18a8f239ee49ac4?s=96&d=mm&r=g\",\"caption\":\"Equipo Redaccion\"},\"url\":\"https:\\\/\\\/elotroenfoque.mx\\\/index.php\\\/author\\\/redaccion\\\/\"}]}<\/script>\n<!-- \/ Yoast SEO plugin. -->","yoast_head_json":{"title":"Hallan a joven sin vida en escuela de Medranos en Silao - El otro enfoque","description":"Un hallazgo tr\u00e1gico oblig\u00f3 a suspender el inicio de clases en una primaria. Autoridades investigan el hallazgo de un joven sin vida dentro de un aula.","robots":{"index":"index","follow":"follow","max-snippet":"max-snippet:-1","max-image-preview":"max-image-preview:large","max-video-preview":"max-video-preview:-1"},"canonical":"https:\/\/elotroenfoque.mx\/index.php\/2026\/08\/31\/hallan-a-joven-sin-vida-en-escuela-de-medranos-en-silao\/","og_locale":"es_MX","og_type":"article","og_title":"Hallan a joven sin vida en escuela de Medranos en Silao - El otro enfoque","og_description":"Un hallazgo tr\u00e1gico oblig\u00f3 a suspender el inicio de clases en una primaria. Autoridades investigan el hallazgo de un joven sin vida dentro de un aula.","og_url":"https:\/\/elotroenfoque.mx\/index.php\/2026\/08\/31\/hallan-a-joven-sin-vida-en-escuela-de-medranos-en-silao\/","og_site_name":"El otro enfoque","article_published_time":"2026-08-31T19:13:00+00:00","article_modified_time":"2026-08-31T19:13:01+00:00","og_image":[{"width":826,"height":380,"url":"https:\/\/elotroenfoque.mx\/wp-content\/uploads\/2026\/08\/escuela-de-medrano.jpg","type":"image\/jpeg"}],"author":"Equipo Redaccion","twitter_card":"summary_large_image","twitter_misc":{"Escrito por":"Equipo Redaccion","Tiempo de lectura":"3 minutos"},"schema":{"@context":"https:\/\/schema.org","@graph":[{"@type":"Article","@id":"https:\/\/elotroenfoque.mx\/index.php\/2026\/08\/31\/hallan-a-joven-sin-vida-en-escuela-de-medranos-en-silao\/#article","isPartOf":{"@id":"https:\/\/elotroenfoque.mx\/index.php\/2026\/08\/31\/hallan-a-joven-sin-vida-en-escuela-de-medranos-en-silao\/"},"author":{"name":"Equipo Redaccion","@id":"https:\/\/elotroenfoque.mx\/#\/schema\/person\/8eb322f84d0bd9f337e462905519a1ae"},"headline":"Hallan a joven sin vida en escuela de Medranos en Silao","datePublished":"2026-08-31T19:13:00+00:00","dateModified":"2026-08-31T19:13:01+00:00","mainEntityOfPage":{"@id":"https:\/\/elotroenfoque.mx\/index.php\/2026\/08\/31\/hallan-a-joven-sin-vida-en-escuela-de-medranos-en-silao\/"},"wordCount":523,"image":{"@id":"https:\/\/elotroenfoque.mx\/index.php\/2026\/08\/31\/hallan-a-joven-sin-vida-en-escuela-de-medranos-en-silao\/#primaryimage"},"thumbnailUrl":"https:\/\/elotroenfoque.mx\/wp-content\/uploads\/2026\/08\/escuela-de-medrano.jpg","keywords":["Guanajuato","Noticias Guanajuato"],"articleSection":["Desenfoques"],"inLanguage":"es"},{"@type":"WebPage","@id":"https:\/\/elotroenfoque.mx\/index.php\/2026\/08\/31\/hallan-a-joven-sin-vida-en-escuela-de-medranos-en-silao\/","url":"https:\/\/elotroenfoque.mx\/index.php\/2026\/08\/31\/hallan-a-joven-sin-vida-en-escuela-de-medranos-en-silao\/","name":"Hallan a joven sin vida en escuela de Medranos en Silao - El otro enfoque","isPartOf":{"@id":"https:\/\/elotroenfoque.mx\/#website"},"primaryImageOfPage":{"@id":"https:\/\/elotroenfoque.mx\/index.php\/2026\/08\/31\/hallan-a-joven-sin-vida-en-escuela-de-medranos-en-silao\/#primaryimage"},"image":{"@id":"https:\/\/elotroenfoque.mx\/index.php\/2026\/08\/31\/hallan-a-joven-sin-vida-en-escuela-de-medranos-en-silao\/#primaryimage"},"thumbnailUrl":"https:\/\/elotroenfoque.mx\/wp-content\/uploads\/2026\/08\/escuela-de-medrano.jpg","datePublished":"2026-08-31T19:13:00+00:00","dateModified":"2026-08-31T19:13:01+00:00","author":{"@id":"https:\/\/elotroenfoque.mx\/#\/schema\/person\/8eb322f84d0bd9f337e462905519a1ae"},"description":"Un hallazgo tr\u00e1gico oblig\u00f3 a suspender el inicio de clases en una primaria. Autoridades investigan el hallazgo de un joven sin vida dentro de un aula.","breadcrumb":{"@id":"https:\/\/elotroenfoque.mx\/index.php\/2026\/08\/31\/hallan-a-joven-sin-vida-en-escuela-de-medranos-en-silao\/#breadcrumb"},"inLanguage":"es","potentialAction":[{"@type":"ReadAction","target":["https:\/\/elotroenfoque.mx\/index.php\/2026\/08\/31\/hallan-a-joven-sin-vida-en-escuela-de-medranos-en-silao\/"]}]},{"@type":"ImageObject","inLanguage":"es","@id":"https:\/\/elotroenfoque.mx\/index.php\/2026\/08\/31\/hallan-a-joven-sin-vida-en-escuela-de-medranos-en-silao\/#primaryimage","url":"https:\/\/elotroenfoque.mx\/wp-content\/uploads\/2026\/08\/escuela-de-medrano.jpg","contentUrl":"https:\/\/elotroenfoque.mx\/wp-content\/uploads\/2026\/08\/escuela-de-medrano.jpg","width":826,"height":380},{"@type":"BreadcrumbList","@id":"https:\/\/elotroenfoque.mx\/index.php\/2026\/08\/31\/hallan-a-joven-sin-vida-en-escuela-de-medranos-en-silao\/#breadcrumb","itemListElement":[{"@type":"ListItem","position":1,"name":"Portada","item":"https:\/\/elotroenfoque.mx\/"},{"@type":"ListItem","position":2,"name":"Hallan a joven sin vida en escuela de Medranos en Silao"}]},{"@type":"WebSite","@id":"https:\/\/elotroenfoque.mx\/#website","url":"https:\/\/elotroenfoque.mx\/","name":"El otro enfoque","description":"","potentialAction":[{"@type":"SearchAction","target":{"@type":"EntryPoint","urlTemplate":"https:\/\/elotroenfoque.mx\/?s={search_term_string}"},"query-input":{"@type":"PropertyValueSpecification","valueRequired":true,"valueName":"search_term_string"}}],"inLanguage":"es"},{"@type":"Person","@id":"https:\/\/elotroenfoque.mx\/#\/schema\/person\/8eb322f84d0bd9f337e462905519a1ae","name":"Equipo Redaccion","image":{"@type":"ImageObject","inLanguage":"es","@id":"https:\/\/secure.gravatar.com\/avatar\/3579478e2b4e7aad364a32b26cf744b360ae0e581ee1cd0cb18a8f239ee49ac4?s=96&d=mm&r=g","url":"https:\/\/secure.gravatar.com\/avatar\/3579478e2b4e7aad364a32b26cf744b360ae0e581ee1cd0cb18a8f239ee49ac4?s=96&d=mm&r=g","contentUrl":"https:\/\/secure.gravatar.com\/avatar\/3579478e2b4e7aad364a32b26cf744b360ae0e581ee1cd0cb18a8f239ee49ac4?s=96&d=mm&r=g","caption":"Equipo Redaccion"},"url":"https:\/\/elotroenfoque.mx\/index.php\/author\/redaccion\/"}]}},"_links":{"self":[{"href":"https:\/\/elotroenfoque.mx\/index.php\/wp-json\/wp\/v2\/posts\/195220","targetHints":{"allow":["GET"]}}],"collection":[{"href":"https:\/\/elotroenfoque.mx\/index.php\/wp-json\/wp\/v2\/posts"}],"about":[{"href":"https:\/\/elotroenfoque.mx\/index.php\/wp-json\/wp\/v2\/types\/post"}],"author":[{"embeddable":true,"href":"https:\/\/elotroenfoque.mx\/index.php\/wp-json\/wp\/v2\/users\/4"}],"replies":[{"embeddable":true,"href":"https:\/\/elotroenfoque.mx\/index.php\/wp-json\/wp\/v2\/comments?post=195220"}],"version-history":[{"count":1,"href":"https:\/\/elotroenfoque.mx\/index.php\/wp-json\/wp\/v2\/posts\/195220\/revisions"}],"predecessor-version":[{"id":195222,"href":"https:\/\/elotroenfoque.mx\/index.php\/wp-json\/wp\/v2\/posts\/195220\/revisions\/195222"}],"wp:featuredmedia":[{"embeddable":true,"href":"https:\/\/elotroenfoque.mx\/index.php\/wp-json\/wp\/v2\/media\/195221"}],"wp:attachment":[{"href":"https:\/\/elotroenfoque.mx\/index.php\/wp-json\/wp\/v2\/media?parent=195220"}],"wp:term":[{"taxonomy":"category","embeddable":true,"href":"https:\/\/elotroenfoque.mx\/index.php\/wp-json\/wp\/v2\/categories?post=195220"},{"taxonomy":"post_tag","embeddable":true,"href":"https:\/\/elotroenfoque.mx\/index.php\/wp-json\/wp\/v2\/tags?post=195220"}],"curies":[{"name":"wp","href":"https:\/\/api.w.org\/{rel}","templated":true}]}}