{"id":195223,"date":"2026-08-31T14:07:00","date_gmt":"2026-08-31T20:07:00","guid":{"rendered":"https:\/\/elotroenfoque.mx\/?p=195223"},"modified":"2026-08-31T14:07:01","modified_gmt":"2026-08-31T20:07:01","slug":"aspirantes-del-pan-en-silao-y-guanajuato-avanzan-en-proceso-para-ser-defensores-de-la-patria","status":"publish","type":"post","link":"https:\/\/elotroenfoque.mx\/index.php\/2026\/08\/31\/aspirantes-del-pan-en-silao-y-guanajuato-avanzan-en-proceso-para-ser-defensores-de-la-patria\/","title":{"rendered":"Aspirantes del PAN en Silao y Guanajuato avanzan en proceso para ser defensores de la patria"},"content":{"rendered":"\n<p class=\"wp-block-paragraph\">Cinco aspirantes del PAN en Silao avanzaron a la siguiente etapa del proceso para elegir a las personas defensoras de la Patria, la Familia y la Libertad.<\/p>\n\n\n\n<p class=\"wp-block-paragraph\">En Guanajuato capital tambi\u00e9n fueron aprobados tres perfiles, como parte del procedimiento que el PAN Guanajuato desarrolla para seleccionar liderazgos en nueve municipios del estado.<\/p>\n\n\n\n<p class=\"wp-block-paragraph\">El proceso contempla respaldo ciudadano, evaluaci\u00f3n de liderazgo, trayectoria pol\u00edtica, percepci\u00f3n de la militancia, valores, reputaci\u00f3n e integridad antes de definir a las personas seleccionadas.<\/p>\n\n\n\n<figure class=\"wp-block-image size-large\"><img loading=\"lazy\" decoding=\"async\" width=\"682\" height=\"1024\" src=\"https:\/\/elotroenfoque.mx\/wp-content\/uploads\/2026\/08\/avanza-proceso-de-panistas-en-gto-2-682x1024.jpeg\" alt=\"\" class=\"wp-image-195225\" srcset=\"https:\/\/elotroenfoque.mx\/wp-content\/uploads\/2026\/08\/avanza-proceso-de-panistas-en-gto-2-682x1024.jpeg 682w, https:\/\/elotroenfoque.mx\/wp-content\/uploads\/2026\/08\/avanza-proceso-de-panistas-en-gto-2-200x300.jpeg 200w, https:\/\/elotroenfoque.mx\/wp-content\/uploads\/2026\/08\/avanza-proceso-de-panistas-en-gto-2-768x1152.jpeg 768w, https:\/\/elotroenfoque.mx\/wp-content\/uploads\/2026\/08\/avanza-proceso-de-panistas-en-gto-2.jpeg 853w\" sizes=\"auto, (max-width: 682px) 100vw, 682px\" \/><figcaption class=\"wp-element-caption\">\u00c9ctor Jaime Ram\u00edrez Barba.<\/figcaption><\/figure>\n\n\n\n<h2 class=\"wp-block-heading\">Silao concentra cinco aspirantes del PAN<\/h2>\n\n\n\n<p class=\"wp-block-paragraph\">Silao se encuentra entre los municipios con mayor n\u00famero de aspirantes aprobados, con cinco perfiles que cumplieron los requisitos establecidos durante la primera etapa.<\/p>\n\n\n\n<p class=\"wp-block-paragraph\">Los aspirantes del PAN en Silao son Jos\u00e9 Nicol\u00e1s \u00c1vila Dur\u00e1n, Juan Antonio Guevara Balandr\u00e1n, Janet Melanie Murillo Ch\u00e1vez, Anabel Pulido L\u00f3pez y Manuel Sol\u00eds Origel.<\/p>\n\n\n\n<p class=\"wp-block-paragraph\">Para Silao se estableci\u00f3 una meta de 590 firmas ciudadanas y 41 respaldos de militantes activos. El proceso report\u00f3 92 mil 359 firmas ciudadanas registradas en los nueve municipios.<\/p>\n\n\n\n<h2 class=\"wp-block-heading\">Guanajuato capital suma tres perfiles aprobados<\/h2>\n\n\n\n<p class=\"wp-block-paragraph\">En Guanajuato capital fueron aprobados tres aspirantes para continuar dentro del proceso. Se trata de Juan Carlos Delgado Z\u00e1rate, Jos\u00e9 Carlos Dom\u00ednguez L\u00f3pez Velarde y Juan Carlos Romero Hicks.<\/p>\n\n\n\n<p class=\"wp-block-paragraph\">El municipio tuvo como meta reunir 720 firmas ciudadanas y 27 firmas de militantes activos. Adem\u00e1s, su foro ciudadano est\u00e1 programado para el 3 de septiembre.<\/p>\n\n\n\n<p class=\"wp-block-paragraph\">La actividad en Guanajuato capital se realizar\u00e1 de 19:00 a 21:00 horas en el Comit\u00e9 Directivo Estatal. As\u00ed, los perfiles tendr\u00e1n un espacio para presentar sus propuestas y planteamientos.<\/p>\n\n\n\n<figure class=\"wp-block-image size-large\"><img loading=\"lazy\" decoding=\"async\" width=\"1024\" height=\"682\" src=\"https:\/\/elotroenfoque.mx\/wp-content\/uploads\/2026\/08\/avanza-proceso-de-panistas-en-gto-3-1024x682.jpeg\" alt=\"\" class=\"wp-image-195226\" srcset=\"https:\/\/elotroenfoque.mx\/wp-content\/uploads\/2026\/08\/avanza-proceso-de-panistas-en-gto-3-1024x682.jpeg 1024w, https:\/\/elotroenfoque.mx\/wp-content\/uploads\/2026\/08\/avanza-proceso-de-panistas-en-gto-3-300x200.jpeg 300w, https:\/\/elotroenfoque.mx\/wp-content\/uploads\/2026\/08\/avanza-proceso-de-panistas-en-gto-3-767x511.jpeg 767w, https:\/\/elotroenfoque.mx\/wp-content\/uploads\/2026\/08\/avanza-proceso-de-panistas-en-gto-3-600x400.jpeg 600w, https:\/\/elotroenfoque.mx\/wp-content\/uploads\/2026\/08\/avanza-proceso-de-panistas-en-gto-3.jpeg 1280w\" sizes=\"auto, (max-width: 1024px) 100vw, 1024px\" \/><\/figure>\n\n\n\n<h2 class=\"wp-block-heading\">Le\u00f3n, Irapuato y otros municipios tambi\u00e9n avanzan<\/h2>\n\n\n\n<p class=\"wp-block-paragraph\">Adem\u00e1s de Silao y Guanajuato capital, el proceso contin\u00faa en Le\u00f3n, Irapuato, P\u00e9njamo, Salamanca, San Miguel de Allende, San Luis de la Paz y San Francisco del Rinc\u00f3n.<\/p>\n\n\n\n<p class=\"wp-block-paragraph\">Irapuato y San Miguel de Allende registraron cinco aspirantes aprobados cada uno. San Luis de la Paz tambi\u00e9n cuenta con cinco perfiles, mientras Le\u00f3n tiene tres.<\/p>\n\n\n\n<p class=\"wp-block-paragraph\">Por su parte, P\u00e9njamo y Salamanca avanzaron con tres y dos aspirantes, respectivamente. San Francisco del Rinc\u00f3n tambi\u00e9n registr\u00f3 tres perfiles para la siguiente etapa.<\/p>\n\n\n\n<h2 class=\"wp-block-heading\">Evaluar\u00e1n liderazgo antes de elegir perfiles<\/h2>\n\n\n\n<p class=\"wp-block-paragraph\">Entre el 1 y el 13 de septiembre se realizar\u00e1 una evaluaci\u00f3n integral que determinar\u00e1 la calificaci\u00f3n de cada aspirante. La metodolog\u00eda contempla seis componentes con diferentes porcentajes.<\/p>\n\n\n\n<p class=\"wp-block-paragraph\">La percepci\u00f3n ciudadana y las habilidades de liderazgo tendr\u00e1n el mayor peso, con 25 por ciento cada una. Despu\u00e9s se considerar\u00e1 la experiencia y trayectoria pol\u00edtica, con 20 por ciento.<\/p>\n\n\n\n<p class=\"wp-block-paragraph\">Asimismo, la percepci\u00f3n de la militancia representar\u00e1 15 por ciento, mientras visi\u00f3n y valores tendr\u00e1n 10 por ciento. Finalmente, reputaci\u00f3n e integridad aportar\u00e1n 5 por ciento.<\/p>\n\n\n\n<h2 class=\"wp-block-heading\">Foros ciudadanos comenzar\u00e1n esta semana<\/h2>\n\n\n\n<p class=\"wp-block-paragraph\">Los foros ciudadanos se realizar\u00e1n entre el 2 y el 8 de septiembre en la sede del Comit\u00e9 Directivo Estatal. El calendario contempla actividades en los nueve municipios participantes.<\/p>\n\n\n\n<p class=\"wp-block-paragraph\">El foro de Silao ser\u00e1 el 7 de septiembre, de 16:00 a 18:00 horas. En tanto, Guanajuato capital tendr\u00e1 su encuentro el 3 de septiembre, de 19:00 a 21:00 horas.<\/p>\n\n\n\n<p class=\"wp-block-paragraph\"><strong><a href=\"https:\/\/elotroenfoque.mx\/index.php\/2026\/08\/31\/hallan-a-joven-sin-vida-en-escuela-de-medranos-en-silao\/\">\u00bfEn cu\u00e1l escuela hallaron a un joven sin vida y suspendieron clases?<\/a><\/strong><\/p>\n\n\n\n<p class=\"wp-block-paragraph\">Adem\u00e1s, habr\u00e1 entrevistas personalizadas entre el 2 y el 12 de septiembre. La percepci\u00f3n de la militancia se medir\u00e1 el 13 de septiembre y el nombramiento final est\u00e1 previsto para el 25 de septiembre.<\/p>\n\n\n\n<p class=\"wp-block-paragraph\">El proceso busca definir a las personas que asumir\u00e1n la representaci\u00f3n de estas causas en nueve municipios de Guanajuato. Por ahora, los aspirantes del PAN en Silao y Guanajuato capital ya superaron la primera etapa.<\/p>\n\n\n\n<p class=\"wp-block-paragraph\"><strong><a href=\"https:\/\/www.tiktok.com\/@elotroenfoque?_r=1&amp;_t=ZS-97ffhW6kR1t\">Sigue tambi\u00e9n las noticias en TikTok<\/a><\/strong><\/p>\n\n\n\n<p class=\"wp-block-paragraph\"><\/p>\n","protected":false},"excerpt":{"rendered":"<p>Cinco aspirantes del PAN en Silao avanzaron a la siguiente etapa del proceso para elegir a las personas defensoras de la Patria, la Familia y la Libertad. En Guanajuato capital tambi\u00e9n fueron aprobados tres perfiles, como parte del procedimiento que el PAN Guanajuato desarrolla para seleccionar liderazgos en nueve municipios del estado. El proceso contempla&#8230;<\/p>\n","protected":false},"author":4,"featured_media":195224,"comment_status":"closed","ping_status":"open","sticky":false,"template":"","format":"standard","meta":{"footnotes":""},"categories":[2],"tags":[13,4517],"class_list":["post-195223","post","type-post","status-publish","format-standard","has-post-thumbnail","hentry","category-noticias","tag-guanajuato","tag-noticias-guanajuato"],"yoast_head":"<!-- This site is optimized with the Yoast SEO plugin v28.2 - https:\/\/yoast.com\/product\/yoast-seo-wordpress\/ -->\n<title>Aspirantes del PAN en Silao y Guanajuato avanzan en proceso para ser defensores de la patria - El otro enfoque<\/title>\n<meta name=\"description\" content=\"Los aspirantes del PAN en Silao y Guanajuato avanzaron a la siguiente etapa del proceso, que contempla evaluaciones y foros ciudadanos.\" \/>\n<meta name=\"robots\" content=\"index, follow, max-snippet:-1, max-image-preview:large, max-video-preview:-1\" \/>\n<link rel=\"canonical\" href=\"https:\/\/elotroenfoque.mx\/index.php\/2026\/08\/31\/aspirantes-del-pan-en-silao-y-guanajuato-avanzan-en-proceso-para-ser-defensores-de-la-patria\/\" \/>\n<meta property=\"og:locale\" content=\"es_MX\" \/>\n<meta property=\"og:type\" content=\"article\" \/>\n<meta property=\"og:title\" content=\"Aspirantes del PAN en Silao y Guanajuato avanzan en proceso para ser defensores de la patria - El otro enfoque\" \/>\n<meta property=\"og:description\" content=\"Los aspirantes del PAN en Silao y Guanajuato avanzaron a la siguiente etapa del proceso, que contempla evaluaciones y foros ciudadanos.\" \/>\n<meta property=\"og:url\" content=\"https:\/\/elotroenfoque.mx\/index.php\/2026\/08\/31\/aspirantes-del-pan-en-silao-y-guanajuato-avanzan-en-proceso-para-ser-defensores-de-la-patria\/\" \/>\n<meta property=\"og:site_name\" content=\"El otro enfoque\" \/>\n<meta property=\"article:published_time\" content=\"2026-08-31T20:07:00+00:00\" \/>\n<meta property=\"article:modified_time\" content=\"2026-08-31T20:07:01+00:00\" \/>\n<meta property=\"og:image\" content=\"https:\/\/elotroenfoque.mx\/wp-content\/uploads\/2026\/08\/avanza-proceso-de-panistas-en-gto-1.jpeg\" \/>\n\t<meta property=\"og:image:width\" content=\"1280\" \/>\n\t<meta property=\"og:image:height\" content=\"853\" \/>\n\t<meta property=\"og:image:type\" content=\"image\/jpeg\" \/>\n<meta name=\"author\" content=\"Equipo Redaccion\" \/>\n<meta name=\"twitter:card\" content=\"summary_large_image\" \/>\n<meta name=\"twitter:label1\" content=\"Escrito por\" \/>\n\t<meta name=\"twitter:data1\" content=\"Equipo Redaccion\" \/>\n\t<meta name=\"twitter:label2\" content=\"Tiempo de lectura\" \/>\n\t<meta name=\"twitter:data2\" content=\"4 minutos\" \/>\n<script type=\"application\/ld+json\" class=\"yoast-schema-graph\">{\"@context\":\"https:\\\/\\\/schema.org\",\"@graph\":[{\"@type\":\"Article\",\"@id\":\"https:\\\/\\\/elotroenfoque.mx\\\/index.php\\\/2026\\\/08\\\/31\\\/aspirantes-del-pan-en-silao-y-guanajuato-avanzan-en-proceso-para-ser-defensores-de-la-patria\\\/#article\",\"isPartOf\":{\"@id\":\"https:\\\/\\\/elotroenfoque.mx\\\/index.php\\\/2026\\\/08\\\/31\\\/aspirantes-del-pan-en-silao-y-guanajuato-avanzan-en-proceso-para-ser-defensores-de-la-patria\\\/\"},\"author\":{\"name\":\"Equipo Redaccion\",\"@id\":\"https:\\\/\\\/elotroenfoque.mx\\\/#\\\/schema\\\/person\\\/8eb322f84d0bd9f337e462905519a1ae\"},\"headline\":\"Aspirantes del PAN en Silao y Guanajuato avanzan en proceso para ser defensores de la patria\",\"datePublished\":\"2026-08-31T20:07:00+00:00\",\"dateModified\":\"2026-08-31T20:07:01+00:00\",\"mainEntityOfPage\":{\"@id\":\"https:\\\/\\\/elotroenfoque.mx\\\/index.php\\\/2026\\\/08\\\/31\\\/aspirantes-del-pan-en-silao-y-guanajuato-avanzan-en-proceso-para-ser-defensores-de-la-patria\\\/\"},\"wordCount\":622,\"image\":{\"@id\":\"https:\\\/\\\/elotroenfoque.mx\\\/index.php\\\/2026\\\/08\\\/31\\\/aspirantes-del-pan-en-silao-y-guanajuato-avanzan-en-proceso-para-ser-defensores-de-la-patria\\\/#primaryimage\"},\"thumbnailUrl\":\"https:\\\/\\\/elotroenfoque.mx\\\/wp-content\\\/uploads\\\/2026\\\/08\\\/avanza-proceso-de-panistas-en-gto-1.jpeg\",\"keywords\":[\"Guanajuato\",\"Noticias Guanajuato\"],\"articleSection\":[\"Noticias\"],\"inLanguage\":\"es\"},{\"@type\":\"WebPage\",\"@id\":\"https:\\\/\\\/elotroenfoque.mx\\\/index.php\\\/2026\\\/08\\\/31\\\/aspirantes-del-pan-en-silao-y-guanajuato-avanzan-en-proceso-para-ser-defensores-de-la-patria\\\/\",\"url\":\"https:\\\/\\\/elotroenfoque.mx\\\/index.php\\\/2026\\\/08\\\/31\\\/aspirantes-del-pan-en-silao-y-guanajuato-avanzan-en-proceso-para-ser-defensores-de-la-patria\\\/\",\"name\":\"Aspirantes del PAN en Silao y Guanajuato avanzan en proceso para ser defensores de la patria - El otro enfoque\",\"isPartOf\":{\"@id\":\"https:\\\/\\\/elotroenfoque.mx\\\/#website\"},\"primaryImageOfPage\":{\"@id\":\"https:\\\/\\\/elotroenfoque.mx\\\/index.php\\\/2026\\\/08\\\/31\\\/aspirantes-del-pan-en-silao-y-guanajuato-avanzan-en-proceso-para-ser-defensores-de-la-patria\\\/#primaryimage\"},\"image\":{\"@id\":\"https:\\\/\\\/elotroenfoque.mx\\\/index.php\\\/2026\\\/08\\\/31\\\/aspirantes-del-pan-en-silao-y-guanajuato-avanzan-en-proceso-para-ser-defensores-de-la-patria\\\/#primaryimage\"},\"thumbnailUrl\":\"https:\\\/\\\/elotroenfoque.mx\\\/wp-content\\\/uploads\\\/2026\\\/08\\\/avanza-proceso-de-panistas-en-gto-1.jpeg\",\"datePublished\":\"2026-08-31T20:07:00+00:00\",\"dateModified\":\"2026-08-31T20:07:01+00:00\",\"author\":{\"@id\":\"https:\\\/\\\/elotroenfoque.mx\\\/#\\\/schema\\\/person\\\/8eb322f84d0bd9f337e462905519a1ae\"},\"description\":\"Los aspirantes del PAN en Silao y Guanajuato avanzaron a la siguiente etapa del proceso, que contempla evaluaciones y foros ciudadanos.\",\"breadcrumb\":{\"@id\":\"https:\\\/\\\/elotroenfoque.mx\\\/index.php\\\/2026\\\/08\\\/31\\\/aspirantes-del-pan-en-silao-y-guanajuato-avanzan-en-proceso-para-ser-defensores-de-la-patria\\\/#breadcrumb\"},\"inLanguage\":\"es\",\"potentialAction\":[{\"@type\":\"ReadAction\",\"target\":[\"https:\\\/\\\/elotroenfoque.mx\\\/index.php\\\/2026\\\/08\\\/31\\\/aspirantes-del-pan-en-silao-y-guanajuato-avanzan-en-proceso-para-ser-defensores-de-la-patria\\\/\"]}]},{\"@type\":\"ImageObject\",\"inLanguage\":\"es\",\"@id\":\"https:\\\/\\\/elotroenfoque.mx\\\/index.php\\\/2026\\\/08\\\/31\\\/aspirantes-del-pan-en-silao-y-guanajuato-avanzan-en-proceso-para-ser-defensores-de-la-patria\\\/#primaryimage\",\"url\":\"https:\\\/\\\/elotroenfoque.mx\\\/wp-content\\\/uploads\\\/2026\\\/08\\\/avanza-proceso-de-panistas-en-gto-1.jpeg\",\"contentUrl\":\"https:\\\/\\\/elotroenfoque.mx\\\/wp-content\\\/uploads\\\/2026\\\/08\\\/avanza-proceso-de-panistas-en-gto-1.jpeg\",\"width\":1280,\"height\":853},{\"@type\":\"BreadcrumbList\",\"@id\":\"https:\\\/\\\/elotroenfoque.mx\\\/index.php\\\/2026\\\/08\\\/31\\\/aspirantes-del-pan-en-silao-y-guanajuato-avanzan-en-proceso-para-ser-defensores-de-la-patria\\\/#breadcrumb\",\"itemListElement\":[{\"@type\":\"ListItem\",\"position\":1,\"name\":\"Portada\",\"item\":\"https:\\\/\\\/elotroenfoque.mx\\\/\"},{\"@type\":\"ListItem\",\"position\":2,\"name\":\"Aspirantes del PAN en Silao y Guanajuato avanzan en proceso para ser defensores de la patria\"}]},{\"@type\":\"WebSite\",\"@id\":\"https:\\\/\\\/elotroenfoque.mx\\\/#website\",\"url\":\"https:\\\/\\\/elotroenfoque.mx\\\/\",\"name\":\"El otro enfoque\",\"description\":\"\",\"potentialAction\":[{\"@type\":\"SearchAction\",\"target\":{\"@type\":\"EntryPoint\",\"urlTemplate\":\"https:\\\/\\\/elotroenfoque.mx\\\/?s={search_term_string}\"},\"query-input\":{\"@type\":\"PropertyValueSpecification\",\"valueRequired\":true,\"valueName\":\"search_term_string\"}}],\"inLanguage\":\"es\"},{\"@type\":\"Person\",\"@id\":\"https:\\\/\\\/elotroenfoque.mx\\\/#\\\/schema\\\/person\\\/8eb322f84d0bd9f337e462905519a1ae\",\"name\":\"Equipo Redaccion\",\"image\":{\"@type\":\"ImageObject\",\"inLanguage\":\"es\",\"@id\":\"https:\\\/\\\/secure.gravatar.com\\\/avatar\\\/3579478e2b4e7aad364a32b26cf744b360ae0e581ee1cd0cb18a8f239ee49ac4?s=96&d=mm&r=g\",\"url\":\"https:\\\/\\\/secure.gravatar.com\\\/avatar\\\/3579478e2b4e7aad364a32b26cf744b360ae0e581ee1cd0cb18a8f239ee49ac4?s=96&d=mm&r=g\",\"contentUrl\":\"https:\\\/\\\/secure.gravatar.com\\\/avatar\\\/3579478e2b4e7aad364a32b26cf744b360ae0e581ee1cd0cb18a8f239ee49ac4?s=96&d=mm&r=g\",\"caption\":\"Equipo Redaccion\"},\"url\":\"https:\\\/\\\/elotroenfoque.mx\\\/index.php\\\/author\\\/redaccion\\\/\"}]}<\/script>\n<!-- \/ Yoast SEO plugin. -->","yoast_head_json":{"title":"Aspirantes del PAN en Silao y Guanajuato avanzan en proceso para ser defensores de la patria - El otro enfoque","description":"Los aspirantes del PAN en Silao y Guanajuato avanzaron a la siguiente etapa del proceso, que contempla evaluaciones y foros ciudadanos.","robots":{"index":"index","follow":"follow","max-snippet":"max-snippet:-1","max-image-preview":"max-image-preview:large","max-video-preview":"max-video-preview:-1"},"canonical":"https:\/\/elotroenfoque.mx\/index.php\/2026\/08\/31\/aspirantes-del-pan-en-silao-y-guanajuato-avanzan-en-proceso-para-ser-defensores-de-la-patria\/","og_locale":"es_MX","og_type":"article","og_title":"Aspirantes del PAN en Silao y Guanajuato avanzan en proceso para ser defensores de la patria - El otro enfoque","og_description":"Los aspirantes del PAN en Silao y Guanajuato avanzaron a la siguiente etapa del proceso, que contempla evaluaciones y foros ciudadanos.","og_url":"https:\/\/elotroenfoque.mx\/index.php\/2026\/08\/31\/aspirantes-del-pan-en-silao-y-guanajuato-avanzan-en-proceso-para-ser-defensores-de-la-patria\/","og_site_name":"El otro enfoque","article_published_time":"2026-08-31T20:07:00+00:00","article_modified_time":"2026-08-31T20:07:01+00:00","og_image":[{"width":1280,"height":853,"url":"https:\/\/elotroenfoque.mx\/wp-content\/uploads\/2026\/08\/avanza-proceso-de-panistas-en-gto-1.jpeg","type":"image\/jpeg"}],"author":"Equipo Redaccion","twitter_card":"summary_large_image","twitter_misc":{"Escrito por":"Equipo Redaccion","Tiempo de lectura":"4 minutos"},"schema":{"@context":"https:\/\/schema.org","@graph":[{"@type":"Article","@id":"https:\/\/elotroenfoque.mx\/index.php\/2026\/08\/31\/aspirantes-del-pan-en-silao-y-guanajuato-avanzan-en-proceso-para-ser-defensores-de-la-patria\/#article","isPartOf":{"@id":"https:\/\/elotroenfoque.mx\/index.php\/2026\/08\/31\/aspirantes-del-pan-en-silao-y-guanajuato-avanzan-en-proceso-para-ser-defensores-de-la-patria\/"},"author":{"name":"Equipo Redaccion","@id":"https:\/\/elotroenfoque.mx\/#\/schema\/person\/8eb322f84d0bd9f337e462905519a1ae"},"headline":"Aspirantes del PAN en Silao y Guanajuato avanzan en proceso para ser defensores de la patria","datePublished":"2026-08-31T20:07:00+00:00","dateModified":"2026-08-31T20:07:01+00:00","mainEntityOfPage":{"@id":"https:\/\/elotroenfoque.mx\/index.php\/2026\/08\/31\/aspirantes-del-pan-en-silao-y-guanajuato-avanzan-en-proceso-para-ser-defensores-de-la-patria\/"},"wordCount":622,"image":{"@id":"https:\/\/elotroenfoque.mx\/index.php\/2026\/08\/31\/aspirantes-del-pan-en-silao-y-guanajuato-avanzan-en-proceso-para-ser-defensores-de-la-patria\/#primaryimage"},"thumbnailUrl":"https:\/\/elotroenfoque.mx\/wp-content\/uploads\/2026\/08\/avanza-proceso-de-panistas-en-gto-1.jpeg","keywords":["Guanajuato","Noticias Guanajuato"],"articleSection":["Noticias"],"inLanguage":"es"},{"@type":"WebPage","@id":"https:\/\/elotroenfoque.mx\/index.php\/2026\/08\/31\/aspirantes-del-pan-en-silao-y-guanajuato-avanzan-en-proceso-para-ser-defensores-de-la-patria\/","url":"https:\/\/elotroenfoque.mx\/index.php\/2026\/08\/31\/aspirantes-del-pan-en-silao-y-guanajuato-avanzan-en-proceso-para-ser-defensores-de-la-patria\/","name":"Aspirantes del PAN en Silao y Guanajuato avanzan en proceso para ser defensores de la patria - El otro enfoque","isPartOf":{"@id":"https:\/\/elotroenfoque.mx\/#website"},"primaryImageOfPage":{"@id":"https:\/\/elotroenfoque.mx\/index.php\/2026\/08\/31\/aspirantes-del-pan-en-silao-y-guanajuato-avanzan-en-proceso-para-ser-defensores-de-la-patria\/#primaryimage"},"image":{"@id":"https:\/\/elotroenfoque.mx\/index.php\/2026\/08\/31\/aspirantes-del-pan-en-silao-y-guanajuato-avanzan-en-proceso-para-ser-defensores-de-la-patria\/#primaryimage"},"thumbnailUrl":"https:\/\/elotroenfoque.mx\/wp-content\/uploads\/2026\/08\/avanza-proceso-de-panistas-en-gto-1.jpeg","datePublished":"2026-08-31T20:07:00+00:00","dateModified":"2026-08-31T20:07:01+00:00","author":{"@id":"https:\/\/elotroenfoque.mx\/#\/schema\/person\/8eb322f84d0bd9f337e462905519a1ae"},"description":"Los aspirantes del PAN en Silao y Guanajuato avanzaron a la siguiente etapa del proceso, que contempla evaluaciones y foros ciudadanos.","breadcrumb":{"@id":"https:\/\/elotroenfoque.mx\/index.php\/2026\/08\/31\/aspirantes-del-pan-en-silao-y-guanajuato-avanzan-en-proceso-para-ser-defensores-de-la-patria\/#breadcrumb"},"inLanguage":"es","potentialAction":[{"@type":"ReadAction","target":["https:\/\/elotroenfoque.mx\/index.php\/2026\/08\/31\/aspirantes-del-pan-en-silao-y-guanajuato-avanzan-en-proceso-para-ser-defensores-de-la-patria\/"]}]},{"@type":"ImageObject","inLanguage":"es","@id":"https:\/\/elotroenfoque.mx\/index.php\/2026\/08\/31\/aspirantes-del-pan-en-silao-y-guanajuato-avanzan-en-proceso-para-ser-defensores-de-la-patria\/#primaryimage","url":"https:\/\/elotroenfoque.mx\/wp-content\/uploads\/2026\/08\/avanza-proceso-de-panistas-en-gto-1.jpeg","contentUrl":"https:\/\/elotroenfoque.mx\/wp-content\/uploads\/2026\/08\/avanza-proceso-de-panistas-en-gto-1.jpeg","width":1280,"height":853},{"@type":"BreadcrumbList","@id":"https:\/\/elotroenfoque.mx\/index.php\/2026\/08\/31\/aspirantes-del-pan-en-silao-y-guanajuato-avanzan-en-proceso-para-ser-defensores-de-la-patria\/#breadcrumb","itemListElement":[{"@type":"ListItem","position":1,"name":"Portada","item":"https:\/\/elotroenfoque.mx\/"},{"@type":"ListItem","position":2,"name":"Aspirantes del PAN en Silao y Guanajuato avanzan en proceso para ser defensores de la patria"}]},{"@type":"WebSite","@id":"https:\/\/elotroenfoque.mx\/#website","url":"https:\/\/elotroenfoque.mx\/","name":"El otro enfoque","description":"","potentialAction":[{"@type":"SearchAction","target":{"@type":"EntryPoint","urlTemplate":"https:\/\/elotroenfoque.mx\/?s={search_term_string}"},"query-input":{"@type":"PropertyValueSpecification","valueRequired":true,"valueName":"search_term_string"}}],"inLanguage":"es"},{"@type":"Person","@id":"https:\/\/elotroenfoque.mx\/#\/schema\/person\/8eb322f84d0bd9f337e462905519a1ae","name":"Equipo Redaccion","image":{"@type":"ImageObject","inLanguage":"es","@id":"https:\/\/secure.gravatar.com\/avatar\/3579478e2b4e7aad364a32b26cf744b360ae0e581ee1cd0cb18a8f239ee49ac4?s=96&d=mm&r=g","url":"https:\/\/secure.gravatar.com\/avatar\/3579478e2b4e7aad364a32b26cf744b360ae0e581ee1cd0cb18a8f239ee49ac4?s=96&d=mm&r=g","contentUrl":"https:\/\/secure.gravatar.com\/avatar\/3579478e2b4e7aad364a32b26cf744b360ae0e581ee1cd0cb18a8f239ee49ac4?s=96&d=mm&r=g","caption":"Equipo Redaccion"},"url":"https:\/\/elotroenfoque.mx\/index.php\/author\/redaccion\/"}]}},"_links":{"self":[{"href":"https:\/\/elotroenfoque.mx\/index.php\/wp-json\/wp\/v2\/posts\/195223","targetHints":{"allow":["GET"]}}],"collection":[{"href":"https:\/\/elotroenfoque.mx\/index.php\/wp-json\/wp\/v2\/posts"}],"about":[{"href":"https:\/\/elotroenfoque.mx\/index.php\/wp-json\/wp\/v2\/types\/post"}],"author":[{"embeddable":true,"href":"https:\/\/elotroenfoque.mx\/index.php\/wp-json\/wp\/v2\/users\/4"}],"replies":[{"embeddable":true,"href":"https:\/\/elotroenfoque.mx\/index.php\/wp-json\/wp\/v2\/comments?post=195223"}],"version-history":[{"count":1,"href":"https:\/\/elotroenfoque.mx\/index.php\/wp-json\/wp\/v2\/posts\/195223\/revisions"}],"predecessor-version":[{"id":195227,"href":"https:\/\/elotroenfoque.mx\/index.php\/wp-json\/wp\/v2\/posts\/195223\/revisions\/195227"}],"wp:featuredmedia":[{"embeddable":true,"href":"https:\/\/elotroenfoque.mx\/index.php\/wp-json\/wp\/v2\/media\/195224"}],"wp:attachment":[{"href":"https:\/\/elotroenfoque.mx\/index.php\/wp-json\/wp\/v2\/media?parent=195223"}],"wp:term":[{"taxonomy":"category","embeddable":true,"href":"https:\/\/elotroenfoque.mx\/index.php\/wp-json\/wp\/v2\/categories?post=195223"},{"taxonomy":"post_tag","embeddable":true,"href":"https:\/\/elotroenfoque.mx\/index.php\/wp-json\/wp\/v2\/tags?post=195223"}],"curies":[{"name":"wp","href":"https:\/\/api.w.org\/{rel}","templated":true}]}}