{"id":195235,"date":"2026-08-31T16:02:50","date_gmt":"2026-08-31T22:02:50","guid":{"rendered":"https:\/\/elotroenfoque.mx\/?p=195235"},"modified":"2026-08-31T16:02:51","modified_gmt":"2026-08-31T22:02:51","slug":"localizan-cadaver-en-el-sauz-de-villasenor-en-celaya","status":"publish","type":"post","link":"https:\/\/elotroenfoque.mx\/index.php\/2026\/08\/31\/localizan-cadaver-en-el-sauz-de-villasenor-en-celaya\/","title":{"rendered":"Localizan cad\u00e1ver en El Sauz de Villase\u00f1or en Celaya"},"content":{"rendered":"\n<p class=\"wp-block-paragraph\">Celaya.- Con visibles heridas de bala, fue localizado el cuerpo sin vida de un hombre en la localidad Sauz Villase\u00f1or de la ciudad de Celaya.<\/p>\n\n\n\n<p class=\"wp-block-paragraph\">Los hechos se reportaron la ma\u00f1ana de este lunes, cuando habitantes de la comunidad ubicada en los l\u00edmites con Salvatierra, reportaron la existencia de un cuerpo sin vida a un costado del pante\u00f3n de la comunidad.<\/p>\n\n\n\n<p class=\"wp-block-paragraph\"><strong><a href=\"https:\/\/elotroenfoque.mx\/index.php\/2026\/08\/31\/ieeg-pone-lupa-a-redes-va-contra-publicidad-disfrazada-de-noticia-falsedades-e-ia\/\">\u00bfQu\u00e9 reglas autoriz\u00f3 el IEEG para las pr\u00f3ximas elecciones?<\/a><\/strong><\/p>\n\n\n\n<p class=\"wp-block-paragraph\">Elementos de la Guardia Nacional y Seguridad P\u00fablica llegaron a la zona para confirmar que el occiso ten\u00eda huellas de violencia y por ello resguardaron la zona como lo marca la ley del primer respondiente.<\/p>\n\n\n\n<p class=\"wp-block-paragraph\">Hasta el momento no se cuenta con mayor informaci\u00f3n sobre los generales de la persona fallecida.<\/p>\n\n\n\n<p class=\"wp-block-paragraph\"><strong><a href=\"https:\/\/www.tiktok.com\/@elotroenfoque?_r=1&amp;_t=ZS-97ffhW6kR1t\">Sigue tambi\u00e9n las noticias en TikTok<\/a><\/strong><\/p>\n\n\n\n<p class=\"wp-block-paragraph\"><\/p>\n","protected":false},"excerpt":{"rendered":"<p>Celaya.- Con visibles heridas de bala, fue localizado el cuerpo sin vida de un hombre en la localidad Sauz Villase\u00f1or de la ciudad de Celaya. Los hechos se reportaron la ma\u00f1ana de este lunes, cuando habitantes de la comunidad ubicada en los l\u00edmites con Salvatierra, reportaron la existencia de un cuerpo sin vida a un&#8230;<\/p>\n","protected":false},"author":4,"featured_media":195236,"comment_status":"closed","ping_status":"open","sticky":false,"template":"","format":"standard","meta":{"footnotes":""},"categories":[8],"tags":[13,4517],"class_list":["post-195235","post","type-post","status-publish","format-standard","has-post-thumbnail","hentry","category-desenfoques","tag-guanajuato","tag-noticias-guanajuato"],"yoast_head":"<!-- This site is optimized with the Yoast SEO plugin v28.2 - https:\/\/yoast.com\/product\/yoast-seo-wordpress\/ -->\n<title>Localizan cad\u00e1ver en El Sauz de Villase\u00f1or en Celaya - El otro enfoque<\/title>\n<meta name=\"description\" content=\"Hallan el cuerpo de un hombre con heridas de bala a un costado del pante\u00f3n de Sauz Villase\u00f1or, Celaya. Autoridades resguardaron la zona.\" \/>\n<meta name=\"robots\" content=\"index, follow, max-snippet:-1, max-image-preview:large, max-video-preview:-1\" \/>\n<link rel=\"canonical\" href=\"https:\/\/elotroenfoque.mx\/index.php\/2026\/08\/31\/localizan-cadaver-en-el-sauz-de-villasenor-en-celaya\/\" \/>\n<meta property=\"og:locale\" content=\"es_MX\" \/>\n<meta property=\"og:type\" content=\"article\" \/>\n<meta property=\"og:title\" content=\"Localizan cad\u00e1ver en El Sauz de Villase\u00f1or en Celaya - El otro enfoque\" \/>\n<meta property=\"og:description\" content=\"Hallan el cuerpo de un hombre con heridas de bala a un costado del pante\u00f3n de Sauz Villase\u00f1or, Celaya. Autoridades resguardaron la zona.\" \/>\n<meta property=\"og:url\" content=\"https:\/\/elotroenfoque.mx\/index.php\/2026\/08\/31\/localizan-cadaver-en-el-sauz-de-villasenor-en-celaya\/\" \/>\n<meta property=\"og:site_name\" content=\"El otro enfoque\" \/>\n<meta property=\"article:published_time\" content=\"2026-08-31T22:02:50+00:00\" \/>\n<meta property=\"article:modified_time\" content=\"2026-08-31T22:02:51+00:00\" \/>\n<meta property=\"og:image\" content=\"https:\/\/elotroenfoque.mx\/wp-content\/uploads\/2026\/08\/cuerpo-en-sauz-de-villasenor.jpeg\" \/>\n\t<meta property=\"og:image:width\" content=\"1280\" \/>\n\t<meta property=\"og:image:height\" content=\"655\" \/>\n\t<meta property=\"og:image:type\" content=\"image\/jpeg\" \/>\n<meta name=\"author\" content=\"Equipo Redaccion\" \/>\n<meta name=\"twitter:card\" content=\"summary_large_image\" \/>\n<meta name=\"twitter:label1\" content=\"Escrito por\" \/>\n\t<meta name=\"twitter:data1\" content=\"Equipo Redaccion\" \/>\n\t<meta name=\"twitter:label2\" content=\"Tiempo de lectura\" \/>\n\t<meta name=\"twitter:data2\" content=\"1 minuto\" \/>\n<script type=\"application\/ld+json\" class=\"yoast-schema-graph\">{\"@context\":\"https:\\\/\\\/schema.org\",\"@graph\":[{\"@type\":\"Article\",\"@id\":\"https:\\\/\\\/elotroenfoque.mx\\\/index.php\\\/2026\\\/08\\\/31\\\/localizan-cadaver-en-el-sauz-de-villasenor-en-celaya\\\/#article\",\"isPartOf\":{\"@id\":\"https:\\\/\\\/elotroenfoque.mx\\\/index.php\\\/2026\\\/08\\\/31\\\/localizan-cadaver-en-el-sauz-de-villasenor-en-celaya\\\/\"},\"author\":{\"name\":\"Equipo Redaccion\",\"@id\":\"https:\\\/\\\/elotroenfoque.mx\\\/#\\\/schema\\\/person\\\/8eb322f84d0bd9f337e462905519a1ae\"},\"headline\":\"Localizan cad\u00e1ver en El Sauz de Villase\u00f1or en Celaya\",\"datePublished\":\"2026-08-31T22:02:50+00:00\",\"dateModified\":\"2026-08-31T22:02:51+00:00\",\"mainEntityOfPage\":{\"@id\":\"https:\\\/\\\/elotroenfoque.mx\\\/index.php\\\/2026\\\/08\\\/31\\\/localizan-cadaver-en-el-sauz-de-villasenor-en-celaya\\\/\"},\"wordCount\":148,\"image\":{\"@id\":\"https:\\\/\\\/elotroenfoque.mx\\\/index.php\\\/2026\\\/08\\\/31\\\/localizan-cadaver-en-el-sauz-de-villasenor-en-celaya\\\/#primaryimage\"},\"thumbnailUrl\":\"https:\\\/\\\/elotroenfoque.mx\\\/wp-content\\\/uploads\\\/2026\\\/08\\\/cuerpo-en-sauz-de-villasenor.jpeg\",\"keywords\":[\"Guanajuato\",\"Noticias Guanajuato\"],\"articleSection\":[\"Desenfoques\"],\"inLanguage\":\"es\"},{\"@type\":\"WebPage\",\"@id\":\"https:\\\/\\\/elotroenfoque.mx\\\/index.php\\\/2026\\\/08\\\/31\\\/localizan-cadaver-en-el-sauz-de-villasenor-en-celaya\\\/\",\"url\":\"https:\\\/\\\/elotroenfoque.mx\\\/index.php\\\/2026\\\/08\\\/31\\\/localizan-cadaver-en-el-sauz-de-villasenor-en-celaya\\\/\",\"name\":\"Localizan cad\u00e1ver en El Sauz de Villase\u00f1or en Celaya - El otro enfoque\",\"isPartOf\":{\"@id\":\"https:\\\/\\\/elotroenfoque.mx\\\/#website\"},\"primaryImageOfPage\":{\"@id\":\"https:\\\/\\\/elotroenfoque.mx\\\/index.php\\\/2026\\\/08\\\/31\\\/localizan-cadaver-en-el-sauz-de-villasenor-en-celaya\\\/#primaryimage\"},\"image\":{\"@id\":\"https:\\\/\\\/elotroenfoque.mx\\\/index.php\\\/2026\\\/08\\\/31\\\/localizan-cadaver-en-el-sauz-de-villasenor-en-celaya\\\/#primaryimage\"},\"thumbnailUrl\":\"https:\\\/\\\/elotroenfoque.mx\\\/wp-content\\\/uploads\\\/2026\\\/08\\\/cuerpo-en-sauz-de-villasenor.jpeg\",\"datePublished\":\"2026-08-31T22:02:50+00:00\",\"dateModified\":\"2026-08-31T22:02:51+00:00\",\"author\":{\"@id\":\"https:\\\/\\\/elotroenfoque.mx\\\/#\\\/schema\\\/person\\\/8eb322f84d0bd9f337e462905519a1ae\"},\"description\":\"Hallan el cuerpo de un hombre con heridas de bala a un costado del pante\u00f3n de Sauz Villase\u00f1or, Celaya. Autoridades resguardaron la zona.\",\"breadcrumb\":{\"@id\":\"https:\\\/\\\/elotroenfoque.mx\\\/index.php\\\/2026\\\/08\\\/31\\\/localizan-cadaver-en-el-sauz-de-villasenor-en-celaya\\\/#breadcrumb\"},\"inLanguage\":\"es\",\"potentialAction\":[{\"@type\":\"ReadAction\",\"target\":[\"https:\\\/\\\/elotroenfoque.mx\\\/index.php\\\/2026\\\/08\\\/31\\\/localizan-cadaver-en-el-sauz-de-villasenor-en-celaya\\\/\"]}]},{\"@type\":\"ImageObject\",\"inLanguage\":\"es\",\"@id\":\"https:\\\/\\\/elotroenfoque.mx\\\/index.php\\\/2026\\\/08\\\/31\\\/localizan-cadaver-en-el-sauz-de-villasenor-en-celaya\\\/#primaryimage\",\"url\":\"https:\\\/\\\/elotroenfoque.mx\\\/wp-content\\\/uploads\\\/2026\\\/08\\\/cuerpo-en-sauz-de-villasenor.jpeg\",\"contentUrl\":\"https:\\\/\\\/elotroenfoque.mx\\\/wp-content\\\/uploads\\\/2026\\\/08\\\/cuerpo-en-sauz-de-villasenor.jpeg\",\"width\":1280,\"height\":655},{\"@type\":\"BreadcrumbList\",\"@id\":\"https:\\\/\\\/elotroenfoque.mx\\\/index.php\\\/2026\\\/08\\\/31\\\/localizan-cadaver-en-el-sauz-de-villasenor-en-celaya\\\/#breadcrumb\",\"itemListElement\":[{\"@type\":\"ListItem\",\"position\":1,\"name\":\"Portada\",\"item\":\"https:\\\/\\\/elotroenfoque.mx\\\/\"},{\"@type\":\"ListItem\",\"position\":2,\"name\":\"Localizan cad\u00e1ver en El Sauz de Villase\u00f1or en Celaya\"}]},{\"@type\":\"WebSite\",\"@id\":\"https:\\\/\\\/elotroenfoque.mx\\\/#website\",\"url\":\"https:\\\/\\\/elotroenfoque.mx\\\/\",\"name\":\"El otro enfoque\",\"description\":\"\",\"potentialAction\":[{\"@type\":\"SearchAction\",\"target\":{\"@type\":\"EntryPoint\",\"urlTemplate\":\"https:\\\/\\\/elotroenfoque.mx\\\/?s={search_term_string}\"},\"query-input\":{\"@type\":\"PropertyValueSpecification\",\"valueRequired\":true,\"valueName\":\"search_term_string\"}}],\"inLanguage\":\"es\"},{\"@type\":\"Person\",\"@id\":\"https:\\\/\\\/elotroenfoque.mx\\\/#\\\/schema\\\/person\\\/8eb322f84d0bd9f337e462905519a1ae\",\"name\":\"Equipo Redaccion\",\"image\":{\"@type\":\"ImageObject\",\"inLanguage\":\"es\",\"@id\":\"https:\\\/\\\/secure.gravatar.com\\\/avatar\\\/3579478e2b4e7aad364a32b26cf744b360ae0e581ee1cd0cb18a8f239ee49ac4?s=96&d=mm&r=g\",\"url\":\"https:\\\/\\\/secure.gravatar.com\\\/avatar\\\/3579478e2b4e7aad364a32b26cf744b360ae0e581ee1cd0cb18a8f239ee49ac4?s=96&d=mm&r=g\",\"contentUrl\":\"https:\\\/\\\/secure.gravatar.com\\\/avatar\\\/3579478e2b4e7aad364a32b26cf744b360ae0e581ee1cd0cb18a8f239ee49ac4?s=96&d=mm&r=g\",\"caption\":\"Equipo Redaccion\"},\"url\":\"https:\\\/\\\/elotroenfoque.mx\\\/index.php\\\/author\\\/redaccion\\\/\"}]}<\/script>\n<!-- \/ Yoast SEO plugin. -->","yoast_head_json":{"title":"Localizan cad\u00e1ver en El Sauz de Villase\u00f1or en Celaya - El otro enfoque","description":"Hallan el cuerpo de un hombre con heridas de bala a un costado del pante\u00f3n de Sauz Villase\u00f1or, Celaya. Autoridades resguardaron la zona.","robots":{"index":"index","follow":"follow","max-snippet":"max-snippet:-1","max-image-preview":"max-image-preview:large","max-video-preview":"max-video-preview:-1"},"canonical":"https:\/\/elotroenfoque.mx\/index.php\/2026\/08\/31\/localizan-cadaver-en-el-sauz-de-villasenor-en-celaya\/","og_locale":"es_MX","og_type":"article","og_title":"Localizan cad\u00e1ver en El Sauz de Villase\u00f1or en Celaya - El otro enfoque","og_description":"Hallan el cuerpo de un hombre con heridas de bala a un costado del pante\u00f3n de Sauz Villase\u00f1or, Celaya. Autoridades resguardaron la zona.","og_url":"https:\/\/elotroenfoque.mx\/index.php\/2026\/08\/31\/localizan-cadaver-en-el-sauz-de-villasenor-en-celaya\/","og_site_name":"El otro enfoque","article_published_time":"2026-08-31T22:02:50+00:00","article_modified_time":"2026-08-31T22:02:51+00:00","og_image":[{"width":1280,"height":655,"url":"https:\/\/elotroenfoque.mx\/wp-content\/uploads\/2026\/08\/cuerpo-en-sauz-de-villasenor.jpeg","type":"image\/jpeg"}],"author":"Equipo Redaccion","twitter_card":"summary_large_image","twitter_misc":{"Escrito por":"Equipo Redaccion","Tiempo de lectura":"1 minuto"},"schema":{"@context":"https:\/\/schema.org","@graph":[{"@type":"Article","@id":"https:\/\/elotroenfoque.mx\/index.php\/2026\/08\/31\/localizan-cadaver-en-el-sauz-de-villasenor-en-celaya\/#article","isPartOf":{"@id":"https:\/\/elotroenfoque.mx\/index.php\/2026\/08\/31\/localizan-cadaver-en-el-sauz-de-villasenor-en-celaya\/"},"author":{"name":"Equipo Redaccion","@id":"https:\/\/elotroenfoque.mx\/#\/schema\/person\/8eb322f84d0bd9f337e462905519a1ae"},"headline":"Localizan cad\u00e1ver en El Sauz de Villase\u00f1or en Celaya","datePublished":"2026-08-31T22:02:50+00:00","dateModified":"2026-08-31T22:02:51+00:00","mainEntityOfPage":{"@id":"https:\/\/elotroenfoque.mx\/index.php\/2026\/08\/31\/localizan-cadaver-en-el-sauz-de-villasenor-en-celaya\/"},"wordCount":148,"image":{"@id":"https:\/\/elotroenfoque.mx\/index.php\/2026\/08\/31\/localizan-cadaver-en-el-sauz-de-villasenor-en-celaya\/#primaryimage"},"thumbnailUrl":"https:\/\/elotroenfoque.mx\/wp-content\/uploads\/2026\/08\/cuerpo-en-sauz-de-villasenor.jpeg","keywords":["Guanajuato","Noticias Guanajuato"],"articleSection":["Desenfoques"],"inLanguage":"es"},{"@type":"WebPage","@id":"https:\/\/elotroenfoque.mx\/index.php\/2026\/08\/31\/localizan-cadaver-en-el-sauz-de-villasenor-en-celaya\/","url":"https:\/\/elotroenfoque.mx\/index.php\/2026\/08\/31\/localizan-cadaver-en-el-sauz-de-villasenor-en-celaya\/","name":"Localizan cad\u00e1ver en El Sauz de Villase\u00f1or en Celaya - El otro enfoque","isPartOf":{"@id":"https:\/\/elotroenfoque.mx\/#website"},"primaryImageOfPage":{"@id":"https:\/\/elotroenfoque.mx\/index.php\/2026\/08\/31\/localizan-cadaver-en-el-sauz-de-villasenor-en-celaya\/#primaryimage"},"image":{"@id":"https:\/\/elotroenfoque.mx\/index.php\/2026\/08\/31\/localizan-cadaver-en-el-sauz-de-villasenor-en-celaya\/#primaryimage"},"thumbnailUrl":"https:\/\/elotroenfoque.mx\/wp-content\/uploads\/2026\/08\/cuerpo-en-sauz-de-villasenor.jpeg","datePublished":"2026-08-31T22:02:50+00:00","dateModified":"2026-08-31T22:02:51+00:00","author":{"@id":"https:\/\/elotroenfoque.mx\/#\/schema\/person\/8eb322f84d0bd9f337e462905519a1ae"},"description":"Hallan el cuerpo de un hombre con heridas de bala a un costado del pante\u00f3n de Sauz Villase\u00f1or, Celaya. Autoridades resguardaron la zona.","breadcrumb":{"@id":"https:\/\/elotroenfoque.mx\/index.php\/2026\/08\/31\/localizan-cadaver-en-el-sauz-de-villasenor-en-celaya\/#breadcrumb"},"inLanguage":"es","potentialAction":[{"@type":"ReadAction","target":["https:\/\/elotroenfoque.mx\/index.php\/2026\/08\/31\/localizan-cadaver-en-el-sauz-de-villasenor-en-celaya\/"]}]},{"@type":"ImageObject","inLanguage":"es","@id":"https:\/\/elotroenfoque.mx\/index.php\/2026\/08\/31\/localizan-cadaver-en-el-sauz-de-villasenor-en-celaya\/#primaryimage","url":"https:\/\/elotroenfoque.mx\/wp-content\/uploads\/2026\/08\/cuerpo-en-sauz-de-villasenor.jpeg","contentUrl":"https:\/\/elotroenfoque.mx\/wp-content\/uploads\/2026\/08\/cuerpo-en-sauz-de-villasenor.jpeg","width":1280,"height":655},{"@type":"BreadcrumbList","@id":"https:\/\/elotroenfoque.mx\/index.php\/2026\/08\/31\/localizan-cadaver-en-el-sauz-de-villasenor-en-celaya\/#breadcrumb","itemListElement":[{"@type":"ListItem","position":1,"name":"Portada","item":"https:\/\/elotroenfoque.mx\/"},{"@type":"ListItem","position":2,"name":"Localizan cad\u00e1ver en El Sauz de Villase\u00f1or en Celaya"}]},{"@type":"WebSite","@id":"https:\/\/elotroenfoque.mx\/#website","url":"https:\/\/elotroenfoque.mx\/","name":"El otro enfoque","description":"","potentialAction":[{"@type":"SearchAction","target":{"@type":"EntryPoint","urlTemplate":"https:\/\/elotroenfoque.mx\/?s={search_term_string}"},"query-input":{"@type":"PropertyValueSpecification","valueRequired":true,"valueName":"search_term_string"}}],"inLanguage":"es"},{"@type":"Person","@id":"https:\/\/elotroenfoque.mx\/#\/schema\/person\/8eb322f84d0bd9f337e462905519a1ae","name":"Equipo Redaccion","image":{"@type":"ImageObject","inLanguage":"es","@id":"https:\/\/secure.gravatar.com\/avatar\/3579478e2b4e7aad364a32b26cf744b360ae0e581ee1cd0cb18a8f239ee49ac4?s=96&d=mm&r=g","url":"https:\/\/secure.gravatar.com\/avatar\/3579478e2b4e7aad364a32b26cf744b360ae0e581ee1cd0cb18a8f239ee49ac4?s=96&d=mm&r=g","contentUrl":"https:\/\/secure.gravatar.com\/avatar\/3579478e2b4e7aad364a32b26cf744b360ae0e581ee1cd0cb18a8f239ee49ac4?s=96&d=mm&r=g","caption":"Equipo Redaccion"},"url":"https:\/\/elotroenfoque.mx\/index.php\/author\/redaccion\/"}]}},"_links":{"self":[{"href":"https:\/\/elotroenfoque.mx\/index.php\/wp-json\/wp\/v2\/posts\/195235","targetHints":{"allow":["GET"]}}],"collection":[{"href":"https:\/\/elotroenfoque.mx\/index.php\/wp-json\/wp\/v2\/posts"}],"about":[{"href":"https:\/\/elotroenfoque.mx\/index.php\/wp-json\/wp\/v2\/types\/post"}],"author":[{"embeddable":true,"href":"https:\/\/elotroenfoque.mx\/index.php\/wp-json\/wp\/v2\/users\/4"}],"replies":[{"embeddable":true,"href":"https:\/\/elotroenfoque.mx\/index.php\/wp-json\/wp\/v2\/comments?post=195235"}],"version-history":[{"count":1,"href":"https:\/\/elotroenfoque.mx\/index.php\/wp-json\/wp\/v2\/posts\/195235\/revisions"}],"predecessor-version":[{"id":195237,"href":"https:\/\/elotroenfoque.mx\/index.php\/wp-json\/wp\/v2\/posts\/195235\/revisions\/195237"}],"wp:featuredmedia":[{"embeddable":true,"href":"https:\/\/elotroenfoque.mx\/index.php\/wp-json\/wp\/v2\/media\/195236"}],"wp:attachment":[{"href":"https:\/\/elotroenfoque.mx\/index.php\/wp-json\/wp\/v2\/media?parent=195235"}],"wp:term":[{"taxonomy":"category","embeddable":true,"href":"https:\/\/elotroenfoque.mx\/index.php\/wp-json\/wp\/v2\/categories?post=195235"},{"taxonomy":"post_tag","embeddable":true,"href":"https:\/\/elotroenfoque.mx\/index.php\/wp-json\/wp\/v2\/tags?post=195235"}],"curies":[{"name":"wp","href":"https:\/\/api.w.org\/{rel}","templated":true}]}}