{"id":195238,"date":"2026-08-31T16:31:01","date_gmt":"2026-08-31T22:31:01","guid":{"rendered":"https:\/\/elotroenfoque.mx\/?p=195238"},"modified":"2026-08-31T16:31:02","modified_gmt":"2026-08-31T22:31:02","slug":"guanajuato-capital-abre-convocatoria-para-becas-de-primaria-y-secundaria","status":"publish","type":"post","link":"https:\/\/elotroenfoque.mx\/index.php\/2026\/08\/31\/guanajuato-capital-abre-convocatoria-para-becas-de-primaria-y-secundaria\/","title":{"rendered":"Guanajuato capital abre convocatoria para becas de primaria y secundaria"},"content":{"rendered":"\n<p class=\"wp-block-paragraph\">El Gobierno Municipal de Guanajuato abrir\u00e1 la convocatoria para las becas en Guanajuato capital correspondientes al ciclo escolar 2026-2027.<\/p>\n\n\n\n<p class=\"wp-block-paragraph\">El apoyo est\u00e1 dirigido a estudiantes de primaria y secundaria que cumplan con los requisitos establecidos en las reglas de operaci\u00f3n del programa.<\/p>\n\n\n\n<p class=\"wp-block-paragraph\">La convocatoria podr\u00e1 consultarse a partir del 1 de septiembre, mientras que el registro para solicitar la beca se realizar\u00e1 \u00fanicamente el mi\u00e9rcoles 9 de septiembre.<\/p>\n\n\n\n<h2 class=\"wp-block-heading\">Beca municipal entregar\u00e1 mil pesos<\/h2>\n\n\n\n<p class=\"wp-block-paragraph\">La administraci\u00f3n municipal, encabezada por Samantha Smith, inform\u00f3 que el programa contempla un apoyo econ\u00f3mico de mil pesos para estudiantes de nivel b\u00e1sico.<\/p>\n\n\n\n<p class=\"wp-block-paragraph\">De acuerdo con el gobierno capitalino, el objetivo es contribuir a reducir la carga econ\u00f3mica de las familias y favorecer que los estudiantes contin\u00faen con su formaci\u00f3n acad\u00e9mica.<\/p>\n\n\n\n<p class=\"wp-block-paragraph\">Las becas en Guanajuato capital forman parte de las acciones municipales dirigidas al sector educativo. El programa contempla a estudiantes que cursan primaria y secundaria en escuelas de la ciudad.<\/p>\n\n\n\n<p class=\"wp-block-paragraph\">La Direcci\u00f3n General de Cultura y Educaci\u00f3n ser\u00e1 la encargada de difundir la convocatoria correspondiente a la Beca Municipal 2026.<\/p>\n\n\n\n<p class=\"wp-block-paragraph\">A partir del martes 1 de septiembre, las familias podr\u00e1n consultar el documento completo con las reglas de operaci\u00f3n. La informaci\u00f3n estar\u00e1 disponible en la p\u00e1gina oficial del Gobierno Municipal de Guanajuato.<\/p>\n\n\n\n<p class=\"wp-block-paragraph\">Sin embargo, el registro tendr\u00e1 una fecha espec\u00edfica. Las personas interesadas deber\u00e1n realizar el tr\u00e1mite exclusivamente el mi\u00e9rcoles 9 de septiembre mediante el sitio web del gobierno municipal.<\/p>\n\n\n\n<h2 class=\"wp-block-heading\">Apoyo est\u00e1 dirigido a estudiantes de nivel b\u00e1sico<\/h2>\n\n\n\n<p class=\"wp-block-paragraph\">El programa contempla a estudiantes inscritos en escuelas de nivel b\u00e1sico ubicadas en la ciudad de Guanajuato. La convocatoria establece que podr\u00e1n participar desde segundo grado de primaria hasta tercero de secundaria.<\/p>\n\n\n\n<p class=\"wp-block-paragraph\">Tambi\u00e9n lee: <strong><a href=\"https:\/\/elotroenfoque.mx\/index.php\/2026\/08\/31\/localizan-cadaver-en-el-sauz-de-villasenor-en-celaya\/\">Localizan cad\u00e1ver en El Sauz de Villase\u00f1or en Celaya<\/a><\/strong><\/p>\n\n\n\n<p class=\"wp-block-paragraph\">Entre los requisitos se\u00f1alados se encuentra contar con un promedio m\u00ednimo de 8.0. De esta manera, las becas en Guanajuato capital consideran el desempe\u00f1o acad\u00e9mico como parte de los criterios para acceder al apoyo.<\/p>\n\n\n\n<p class=\"wp-block-paragraph\">Adem\u00e1s, las familias deber\u00e1n revisar las reglas de operaci\u00f3n antes de realizar el registro. Esto permitir\u00e1 conocer todos los requisitos y condiciones establecidos para participar en el programa.<\/p>\n\n\n\n<h2 class=\"wp-block-heading\">Registro ser\u00e1 \u00fanicamente el 9 de septiembre<\/h2>\n\n\n\n<p class=\"wp-block-paragraph\">El Gobierno Municipal de Guanajuato recomend\u00f3 consultar previamente la convocatoria para evitar inconvenientes durante el proceso de inscripci\u00f3n.<\/p>\n\n\n\n<p class=\"wp-block-paragraph\">La informaci\u00f3n oficial estar\u00e1 disponible desde el 1 de septiembre en la p\u00e1gina web del municipio. Posteriormente, el registro se habilitar\u00e1 \u00fanicamente durante el mi\u00e9rcoles 9 de septiembre.<\/p>\n\n\n\n<p class=\"wp-block-paragraph\"><strong><a href=\"https:\/\/www.tiktok.com\/@elotroenfoque?_r=1&amp;_t=ZS-97ffhW6kR1t\">Sigue tambi\u00e9n las noticias en TikTok<\/a><\/strong><\/p>\n\n\n\n<p class=\"wp-block-paragraph\"><\/p>\n","protected":false},"excerpt":{"rendered":"<p>El Gobierno Municipal de Guanajuato abrir\u00e1 la convocatoria para las becas en Guanajuato capital correspondientes al ciclo escolar 2026-2027. El apoyo est\u00e1 dirigido a estudiantes de primaria y secundaria que cumplan con los requisitos establecidos en las reglas de operaci\u00f3n del programa. La convocatoria podr\u00e1 consultarse a partir del 1 de septiembre, mientras que el&#8230;<\/p>\n","protected":false},"author":4,"featured_media":195239,"comment_status":"closed","ping_status":"open","sticky":false,"template":"","format":"standard","meta":{"footnotes":""},"categories":[2],"tags":[13,4517],"class_list":["post-195238","post","type-post","status-publish","format-standard","has-post-thumbnail","hentry","category-noticias","tag-guanajuato","tag-noticias-guanajuato"],"yoast_head":"<!-- This site is optimized with the Yoast SEO plugin v28.2 - https:\/\/yoast.com\/product\/yoast-seo-wordpress\/ -->\n<title>Guanajuato capital abre convocatoria para becas de primaria y secundaria - El otro enfoque<\/title>\n<meta name=\"description\" content=\"Guanajuato capital abrir\u00e1 el registro para becas de primaria y secundaria; estudiantes podr\u00e1n solicitar un apoyo de mil pesos.\" \/>\n<meta name=\"robots\" content=\"index, follow, max-snippet:-1, max-image-preview:large, max-video-preview:-1\" \/>\n<link rel=\"canonical\" href=\"https:\/\/elotroenfoque.mx\/index.php\/2026\/08\/31\/guanajuato-capital-abre-convocatoria-para-becas-de-primaria-y-secundaria\/\" \/>\n<meta property=\"og:locale\" content=\"es_MX\" \/>\n<meta property=\"og:type\" content=\"article\" \/>\n<meta property=\"og:title\" content=\"Guanajuato capital abre convocatoria para becas de primaria y secundaria - El otro enfoque\" \/>\n<meta property=\"og:description\" content=\"Guanajuato capital abrir\u00e1 el registro para becas de primaria y secundaria; estudiantes podr\u00e1n solicitar un apoyo de mil pesos.\" \/>\n<meta property=\"og:url\" content=\"https:\/\/elotroenfoque.mx\/index.php\/2026\/08\/31\/guanajuato-capital-abre-convocatoria-para-becas-de-primaria-y-secundaria\/\" \/>\n<meta property=\"og:site_name\" content=\"El otro enfoque\" \/>\n<meta property=\"article:published_time\" content=\"2026-08-31T22:31:01+00:00\" \/>\n<meta property=\"article:modified_time\" content=\"2026-08-31T22:31:02+00:00\" \/>\n<meta property=\"og:image\" content=\"https:\/\/elotroenfoque.mx\/wp-content\/uploads\/2026\/08\/becas-gto-capital.jpeg\" \/>\n\t<meta property=\"og:image:width\" content=\"1280\" \/>\n\t<meta property=\"og:image:height\" content=\"616\" \/>\n\t<meta property=\"og:image:type\" content=\"image\/jpeg\" \/>\n<meta name=\"author\" content=\"Equipo Redaccion\" \/>\n<meta name=\"twitter:card\" content=\"summary_large_image\" \/>\n<meta name=\"twitter:label1\" content=\"Escrito por\" \/>\n\t<meta name=\"twitter:data1\" content=\"Equipo Redaccion\" \/>\n\t<meta name=\"twitter:label2\" content=\"Tiempo de lectura\" \/>\n\t<meta name=\"twitter:data2\" content=\"3 minutos\" \/>\n<script type=\"application\/ld+json\" class=\"yoast-schema-graph\">{\"@context\":\"https:\\\/\\\/schema.org\",\"@graph\":[{\"@type\":\"Article\",\"@id\":\"https:\\\/\\\/elotroenfoque.mx\\\/index.php\\\/2026\\\/08\\\/31\\\/guanajuato-capital-abre-convocatoria-para-becas-de-primaria-y-secundaria\\\/#article\",\"isPartOf\":{\"@id\":\"https:\\\/\\\/elotroenfoque.mx\\\/index.php\\\/2026\\\/08\\\/31\\\/guanajuato-capital-abre-convocatoria-para-becas-de-primaria-y-secundaria\\\/\"},\"author\":{\"name\":\"Equipo Redaccion\",\"@id\":\"https:\\\/\\\/elotroenfoque.mx\\\/#\\\/schema\\\/person\\\/8eb322f84d0bd9f337e462905519a1ae\"},\"headline\":\"Guanajuato capital abre convocatoria para becas de primaria y secundaria\",\"datePublished\":\"2026-08-31T22:31:01+00:00\",\"dateModified\":\"2026-08-31T22:31:02+00:00\",\"mainEntityOfPage\":{\"@id\":\"https:\\\/\\\/elotroenfoque.mx\\\/index.php\\\/2026\\\/08\\\/31\\\/guanajuato-capital-abre-convocatoria-para-becas-de-primaria-y-secundaria\\\/\"},\"wordCount\":444,\"image\":{\"@id\":\"https:\\\/\\\/elotroenfoque.mx\\\/index.php\\\/2026\\\/08\\\/31\\\/guanajuato-capital-abre-convocatoria-para-becas-de-primaria-y-secundaria\\\/#primaryimage\"},\"thumbnailUrl\":\"https:\\\/\\\/elotroenfoque.mx\\\/wp-content\\\/uploads\\\/2026\\\/08\\\/becas-gto-capital.jpeg\",\"keywords\":[\"Guanajuato\",\"Noticias Guanajuato\"],\"articleSection\":[\"Noticias\"],\"inLanguage\":\"es\"},{\"@type\":\"WebPage\",\"@id\":\"https:\\\/\\\/elotroenfoque.mx\\\/index.php\\\/2026\\\/08\\\/31\\\/guanajuato-capital-abre-convocatoria-para-becas-de-primaria-y-secundaria\\\/\",\"url\":\"https:\\\/\\\/elotroenfoque.mx\\\/index.php\\\/2026\\\/08\\\/31\\\/guanajuato-capital-abre-convocatoria-para-becas-de-primaria-y-secundaria\\\/\",\"name\":\"Guanajuato capital abre convocatoria para becas de primaria y secundaria - El otro enfoque\",\"isPartOf\":{\"@id\":\"https:\\\/\\\/elotroenfoque.mx\\\/#website\"},\"primaryImageOfPage\":{\"@id\":\"https:\\\/\\\/elotroenfoque.mx\\\/index.php\\\/2026\\\/08\\\/31\\\/guanajuato-capital-abre-convocatoria-para-becas-de-primaria-y-secundaria\\\/#primaryimage\"},\"image\":{\"@id\":\"https:\\\/\\\/elotroenfoque.mx\\\/index.php\\\/2026\\\/08\\\/31\\\/guanajuato-capital-abre-convocatoria-para-becas-de-primaria-y-secundaria\\\/#primaryimage\"},\"thumbnailUrl\":\"https:\\\/\\\/elotroenfoque.mx\\\/wp-content\\\/uploads\\\/2026\\\/08\\\/becas-gto-capital.jpeg\",\"datePublished\":\"2026-08-31T22:31:01+00:00\",\"dateModified\":\"2026-08-31T22:31:02+00:00\",\"author\":{\"@id\":\"https:\\\/\\\/elotroenfoque.mx\\\/#\\\/schema\\\/person\\\/8eb322f84d0bd9f337e462905519a1ae\"},\"description\":\"Guanajuato capital abrir\u00e1 el registro para becas de primaria y secundaria; estudiantes podr\u00e1n solicitar un apoyo de mil pesos.\",\"breadcrumb\":{\"@id\":\"https:\\\/\\\/elotroenfoque.mx\\\/index.php\\\/2026\\\/08\\\/31\\\/guanajuato-capital-abre-convocatoria-para-becas-de-primaria-y-secundaria\\\/#breadcrumb\"},\"inLanguage\":\"es\",\"potentialAction\":[{\"@type\":\"ReadAction\",\"target\":[\"https:\\\/\\\/elotroenfoque.mx\\\/index.php\\\/2026\\\/08\\\/31\\\/guanajuato-capital-abre-convocatoria-para-becas-de-primaria-y-secundaria\\\/\"]}]},{\"@type\":\"ImageObject\",\"inLanguage\":\"es\",\"@id\":\"https:\\\/\\\/elotroenfoque.mx\\\/index.php\\\/2026\\\/08\\\/31\\\/guanajuato-capital-abre-convocatoria-para-becas-de-primaria-y-secundaria\\\/#primaryimage\",\"url\":\"https:\\\/\\\/elotroenfoque.mx\\\/wp-content\\\/uploads\\\/2026\\\/08\\\/becas-gto-capital.jpeg\",\"contentUrl\":\"https:\\\/\\\/elotroenfoque.mx\\\/wp-content\\\/uploads\\\/2026\\\/08\\\/becas-gto-capital.jpeg\",\"width\":1280,\"height\":616},{\"@type\":\"BreadcrumbList\",\"@id\":\"https:\\\/\\\/elotroenfoque.mx\\\/index.php\\\/2026\\\/08\\\/31\\\/guanajuato-capital-abre-convocatoria-para-becas-de-primaria-y-secundaria\\\/#breadcrumb\",\"itemListElement\":[{\"@type\":\"ListItem\",\"position\":1,\"name\":\"Portada\",\"item\":\"https:\\\/\\\/elotroenfoque.mx\\\/\"},{\"@type\":\"ListItem\",\"position\":2,\"name\":\"Guanajuato capital abre convocatoria para becas de primaria y secundaria\"}]},{\"@type\":\"WebSite\",\"@id\":\"https:\\\/\\\/elotroenfoque.mx\\\/#website\",\"url\":\"https:\\\/\\\/elotroenfoque.mx\\\/\",\"name\":\"El otro enfoque\",\"description\":\"\",\"potentialAction\":[{\"@type\":\"SearchAction\",\"target\":{\"@type\":\"EntryPoint\",\"urlTemplate\":\"https:\\\/\\\/elotroenfoque.mx\\\/?s={search_term_string}\"},\"query-input\":{\"@type\":\"PropertyValueSpecification\",\"valueRequired\":true,\"valueName\":\"search_term_string\"}}],\"inLanguage\":\"es\"},{\"@type\":\"Person\",\"@id\":\"https:\\\/\\\/elotroenfoque.mx\\\/#\\\/schema\\\/person\\\/8eb322f84d0bd9f337e462905519a1ae\",\"name\":\"Equipo Redaccion\",\"image\":{\"@type\":\"ImageObject\",\"inLanguage\":\"es\",\"@id\":\"https:\\\/\\\/secure.gravatar.com\\\/avatar\\\/3579478e2b4e7aad364a32b26cf744b360ae0e581ee1cd0cb18a8f239ee49ac4?s=96&d=mm&r=g\",\"url\":\"https:\\\/\\\/secure.gravatar.com\\\/avatar\\\/3579478e2b4e7aad364a32b26cf744b360ae0e581ee1cd0cb18a8f239ee49ac4?s=96&d=mm&r=g\",\"contentUrl\":\"https:\\\/\\\/secure.gravatar.com\\\/avatar\\\/3579478e2b4e7aad364a32b26cf744b360ae0e581ee1cd0cb18a8f239ee49ac4?s=96&d=mm&r=g\",\"caption\":\"Equipo Redaccion\"},\"url\":\"https:\\\/\\\/elotroenfoque.mx\\\/index.php\\\/author\\\/redaccion\\\/\"}]}<\/script>\n<!-- \/ Yoast SEO plugin. -->","yoast_head_json":{"title":"Guanajuato capital abre convocatoria para becas de primaria y secundaria - El otro enfoque","description":"Guanajuato capital abrir\u00e1 el registro para becas de primaria y secundaria; estudiantes podr\u00e1n solicitar un apoyo de mil pesos.","robots":{"index":"index","follow":"follow","max-snippet":"max-snippet:-1","max-image-preview":"max-image-preview:large","max-video-preview":"max-video-preview:-1"},"canonical":"https:\/\/elotroenfoque.mx\/index.php\/2026\/08\/31\/guanajuato-capital-abre-convocatoria-para-becas-de-primaria-y-secundaria\/","og_locale":"es_MX","og_type":"article","og_title":"Guanajuato capital abre convocatoria para becas de primaria y secundaria - El otro enfoque","og_description":"Guanajuato capital abrir\u00e1 el registro para becas de primaria y secundaria; estudiantes podr\u00e1n solicitar un apoyo de mil pesos.","og_url":"https:\/\/elotroenfoque.mx\/index.php\/2026\/08\/31\/guanajuato-capital-abre-convocatoria-para-becas-de-primaria-y-secundaria\/","og_site_name":"El otro enfoque","article_published_time":"2026-08-31T22:31:01+00:00","article_modified_time":"2026-08-31T22:31:02+00:00","og_image":[{"width":1280,"height":616,"url":"https:\/\/elotroenfoque.mx\/wp-content\/uploads\/2026\/08\/becas-gto-capital.jpeg","type":"image\/jpeg"}],"author":"Equipo Redaccion","twitter_card":"summary_large_image","twitter_misc":{"Escrito por":"Equipo Redaccion","Tiempo de lectura":"3 minutos"},"schema":{"@context":"https:\/\/schema.org","@graph":[{"@type":"Article","@id":"https:\/\/elotroenfoque.mx\/index.php\/2026\/08\/31\/guanajuato-capital-abre-convocatoria-para-becas-de-primaria-y-secundaria\/#article","isPartOf":{"@id":"https:\/\/elotroenfoque.mx\/index.php\/2026\/08\/31\/guanajuato-capital-abre-convocatoria-para-becas-de-primaria-y-secundaria\/"},"author":{"name":"Equipo Redaccion","@id":"https:\/\/elotroenfoque.mx\/#\/schema\/person\/8eb322f84d0bd9f337e462905519a1ae"},"headline":"Guanajuato capital abre convocatoria para becas de primaria y secundaria","datePublished":"2026-08-31T22:31:01+00:00","dateModified":"2026-08-31T22:31:02+00:00","mainEntityOfPage":{"@id":"https:\/\/elotroenfoque.mx\/index.php\/2026\/08\/31\/guanajuato-capital-abre-convocatoria-para-becas-de-primaria-y-secundaria\/"},"wordCount":444,"image":{"@id":"https:\/\/elotroenfoque.mx\/index.php\/2026\/08\/31\/guanajuato-capital-abre-convocatoria-para-becas-de-primaria-y-secundaria\/#primaryimage"},"thumbnailUrl":"https:\/\/elotroenfoque.mx\/wp-content\/uploads\/2026\/08\/becas-gto-capital.jpeg","keywords":["Guanajuato","Noticias Guanajuato"],"articleSection":["Noticias"],"inLanguage":"es"},{"@type":"WebPage","@id":"https:\/\/elotroenfoque.mx\/index.php\/2026\/08\/31\/guanajuato-capital-abre-convocatoria-para-becas-de-primaria-y-secundaria\/","url":"https:\/\/elotroenfoque.mx\/index.php\/2026\/08\/31\/guanajuato-capital-abre-convocatoria-para-becas-de-primaria-y-secundaria\/","name":"Guanajuato capital abre convocatoria para becas de primaria y secundaria - El otro enfoque","isPartOf":{"@id":"https:\/\/elotroenfoque.mx\/#website"},"primaryImageOfPage":{"@id":"https:\/\/elotroenfoque.mx\/index.php\/2026\/08\/31\/guanajuato-capital-abre-convocatoria-para-becas-de-primaria-y-secundaria\/#primaryimage"},"image":{"@id":"https:\/\/elotroenfoque.mx\/index.php\/2026\/08\/31\/guanajuato-capital-abre-convocatoria-para-becas-de-primaria-y-secundaria\/#primaryimage"},"thumbnailUrl":"https:\/\/elotroenfoque.mx\/wp-content\/uploads\/2026\/08\/becas-gto-capital.jpeg","datePublished":"2026-08-31T22:31:01+00:00","dateModified":"2026-08-31T22:31:02+00:00","author":{"@id":"https:\/\/elotroenfoque.mx\/#\/schema\/person\/8eb322f84d0bd9f337e462905519a1ae"},"description":"Guanajuato capital abrir\u00e1 el registro para becas de primaria y secundaria; estudiantes podr\u00e1n solicitar un apoyo de mil pesos.","breadcrumb":{"@id":"https:\/\/elotroenfoque.mx\/index.php\/2026\/08\/31\/guanajuato-capital-abre-convocatoria-para-becas-de-primaria-y-secundaria\/#breadcrumb"},"inLanguage":"es","potentialAction":[{"@type":"ReadAction","target":["https:\/\/elotroenfoque.mx\/index.php\/2026\/08\/31\/guanajuato-capital-abre-convocatoria-para-becas-de-primaria-y-secundaria\/"]}]},{"@type":"ImageObject","inLanguage":"es","@id":"https:\/\/elotroenfoque.mx\/index.php\/2026\/08\/31\/guanajuato-capital-abre-convocatoria-para-becas-de-primaria-y-secundaria\/#primaryimage","url":"https:\/\/elotroenfoque.mx\/wp-content\/uploads\/2026\/08\/becas-gto-capital.jpeg","contentUrl":"https:\/\/elotroenfoque.mx\/wp-content\/uploads\/2026\/08\/becas-gto-capital.jpeg","width":1280,"height":616},{"@type":"BreadcrumbList","@id":"https:\/\/elotroenfoque.mx\/index.php\/2026\/08\/31\/guanajuato-capital-abre-convocatoria-para-becas-de-primaria-y-secundaria\/#breadcrumb","itemListElement":[{"@type":"ListItem","position":1,"name":"Portada","item":"https:\/\/elotroenfoque.mx\/"},{"@type":"ListItem","position":2,"name":"Guanajuato capital abre convocatoria para becas de primaria y secundaria"}]},{"@type":"WebSite","@id":"https:\/\/elotroenfoque.mx\/#website","url":"https:\/\/elotroenfoque.mx\/","name":"El otro enfoque","description":"","potentialAction":[{"@type":"SearchAction","target":{"@type":"EntryPoint","urlTemplate":"https:\/\/elotroenfoque.mx\/?s={search_term_string}"},"query-input":{"@type":"PropertyValueSpecification","valueRequired":true,"valueName":"search_term_string"}}],"inLanguage":"es"},{"@type":"Person","@id":"https:\/\/elotroenfoque.mx\/#\/schema\/person\/8eb322f84d0bd9f337e462905519a1ae","name":"Equipo Redaccion","image":{"@type":"ImageObject","inLanguage":"es","@id":"https:\/\/secure.gravatar.com\/avatar\/3579478e2b4e7aad364a32b26cf744b360ae0e581ee1cd0cb18a8f239ee49ac4?s=96&d=mm&r=g","url":"https:\/\/secure.gravatar.com\/avatar\/3579478e2b4e7aad364a32b26cf744b360ae0e581ee1cd0cb18a8f239ee49ac4?s=96&d=mm&r=g","contentUrl":"https:\/\/secure.gravatar.com\/avatar\/3579478e2b4e7aad364a32b26cf744b360ae0e581ee1cd0cb18a8f239ee49ac4?s=96&d=mm&r=g","caption":"Equipo Redaccion"},"url":"https:\/\/elotroenfoque.mx\/index.php\/author\/redaccion\/"}]}},"_links":{"self":[{"href":"https:\/\/elotroenfoque.mx\/index.php\/wp-json\/wp\/v2\/posts\/195238","targetHints":{"allow":["GET"]}}],"collection":[{"href":"https:\/\/elotroenfoque.mx\/index.php\/wp-json\/wp\/v2\/posts"}],"about":[{"href":"https:\/\/elotroenfoque.mx\/index.php\/wp-json\/wp\/v2\/types\/post"}],"author":[{"embeddable":true,"href":"https:\/\/elotroenfoque.mx\/index.php\/wp-json\/wp\/v2\/users\/4"}],"replies":[{"embeddable":true,"href":"https:\/\/elotroenfoque.mx\/index.php\/wp-json\/wp\/v2\/comments?post=195238"}],"version-history":[{"count":1,"href":"https:\/\/elotroenfoque.mx\/index.php\/wp-json\/wp\/v2\/posts\/195238\/revisions"}],"predecessor-version":[{"id":195240,"href":"https:\/\/elotroenfoque.mx\/index.php\/wp-json\/wp\/v2\/posts\/195238\/revisions\/195240"}],"wp:featuredmedia":[{"embeddable":true,"href":"https:\/\/elotroenfoque.mx\/index.php\/wp-json\/wp\/v2\/media\/195239"}],"wp:attachment":[{"href":"https:\/\/elotroenfoque.mx\/index.php\/wp-json\/wp\/v2\/media?parent=195238"}],"wp:term":[{"taxonomy":"category","embeddable":true,"href":"https:\/\/elotroenfoque.mx\/index.php\/wp-json\/wp\/v2\/categories?post=195238"},{"taxonomy":"post_tag","embeddable":true,"href":"https:\/\/elotroenfoque.mx\/index.php\/wp-json\/wp\/v2\/tags?post=195238"}],"curies":[{"name":"wp","href":"https:\/\/api.w.org\/{rel}","templated":true}]}}