{"id":195241,"date":"2026-08-31T17:07:49","date_gmt":"2026-08-31T23:07:49","guid":{"rendered":"https:\/\/elotroenfoque.mx\/?p=195241"},"modified":"2026-08-31T17:07:50","modified_gmt":"2026-08-31T23:07:50","slug":"vinculan-a-proceso-a-imputado-por-ataque-armado-en-silao","status":"publish","type":"post","link":"https:\/\/elotroenfoque.mx\/index.php\/2026\/08\/31\/vinculan-a-proceso-a-imputado-por-ataque-armado-en-silao\/","title":{"rendered":"Vinculan a proceso a imputado por ataque armado en Silao"},"content":{"rendered":"\n<p class=\"wp-block-paragraph\">Un juez de Control dict\u00f3 auto de vinculaci\u00f3n a proceso en contra de Jos\u00e9 Armando \u201cN\u201d por su probable participaci\u00f3n en los delitos de homicidio y tentativa de homicidio. <\/p>\n\n\n\n<p class=\"wp-block-paragraph\">Las autoridades judiciales fijaron la medida cautelar de prisi\u00f3n preventiva. Por lo tanto, el imputado enfrentar\u00e1 el proceso penal bajo resguardo por el ataque armado en Silao.<\/p>\n\n\n\n<p class=\"wp-block-paragraph\">De acuerdo con las investigaciones de la Fiscal\u00eda General del Estado, los hechos ocurrieron el 18 de julio de 2026. El individuo arrib\u00f3 a un taller ubicado en el fraccionamiento Guadalupe y realiz\u00f3 disparos con arma de fuego. En consecuencia, dos personas perdieron la vida en el lugar y una tercera result\u00f3 lesionada.<\/p>\n\n\n\n<p class=\"wp-block-paragraph\"><strong><a href=\"https:\/\/elotroenfoque.mx\/index.php\/2026\/08\/31\/guanajuato-capital-abre-convocatoria-para-becas-de-primaria-y-secundaria\/\">\u00bfCu\u00e1ndo es el registro para las becas escolares en Guanajuato capital?<\/a><\/strong><\/p>\n\n\n\n<p class=\"wp-block-paragraph\">Los datos de prueba aportados por la representaci\u00f3n social resultaron suficientes para acreditar la probable responsabilidad del imputado. <\/p>\n\n\n\n<p class=\"wp-block-paragraph\">El juez concedi\u00f3 tambi\u00e9n un plazo determinado para la investigaci\u00f3n complementaria. Las autoridades estatales continuar\u00e1n con el desahogo de pruebas hasta emitir una resoluci\u00f3n final sobre la causa penal.<\/p>\n\n\n\n<p class=\"wp-block-paragraph\"><strong><a href=\"https:\/\/www.tiktok.com\/@elotroenfoque?_r=1&amp;_t=ZS-97ffhW6kR1t\">Sigue tambi\u00e9n las noticias en TikTok<\/a><\/strong><\/p>\n\n\n\n<p class=\"wp-block-paragraph\"><\/p>\n","protected":false},"excerpt":{"rendered":"<p>Un juez de Control dict\u00f3 auto de vinculaci\u00f3n a proceso en contra de Jos\u00e9 Armando \u201cN\u201d por su probable participaci\u00f3n en los delitos de homicidio y tentativa de homicidio. Las autoridades judiciales fijaron la medida cautelar de prisi\u00f3n preventiva. Por lo tanto, el imputado enfrentar\u00e1 el proceso penal bajo resguardo por el ataque armado en&#8230;<\/p>\n","protected":false},"author":4,"featured_media":195242,"comment_status":"closed","ping_status":"open","sticky":false,"template":"","format":"standard","meta":{"footnotes":""},"categories":[8],"tags":[13,4517],"class_list":["post-195241","post","type-post","status-publish","format-standard","has-post-thumbnail","hentry","category-desenfoques","tag-guanajuato","tag-noticias-guanajuato"],"yoast_head":"<!-- This site is optimized with the Yoast SEO plugin v28.2 - https:\/\/yoast.com\/product\/yoast-seo-wordpress\/ -->\n<title>Vinculan a proceso a imputado por ataque armado en Silao - El otro enfoque<\/title>\n<meta name=\"description\" content=\"La Fiscal\u00eda obtuvo la vinculaci\u00f3n a proceso de un imputado por un ataque armado en Silao que dej\u00f3 dos muertos y un herido en un taller.\" \/>\n<meta name=\"robots\" content=\"index, follow, max-snippet:-1, max-image-preview:large, max-video-preview:-1\" \/>\n<link rel=\"canonical\" href=\"https:\/\/elotroenfoque.mx\/index.php\/2026\/08\/31\/vinculan-a-proceso-a-imputado-por-ataque-armado-en-silao\/\" \/>\n<meta property=\"og:locale\" content=\"es_MX\" \/>\n<meta property=\"og:type\" content=\"article\" \/>\n<meta property=\"og:title\" content=\"Vinculan a proceso a imputado por ataque armado en Silao - El otro enfoque\" \/>\n<meta property=\"og:description\" content=\"La Fiscal\u00eda obtuvo la vinculaci\u00f3n a proceso de un imputado por un ataque armado en Silao que dej\u00f3 dos muertos y un herido en un taller.\" \/>\n<meta property=\"og:url\" content=\"https:\/\/elotroenfoque.mx\/index.php\/2026\/08\/31\/vinculan-a-proceso-a-imputado-por-ataque-armado-en-silao\/\" \/>\n<meta property=\"og:site_name\" content=\"El otro enfoque\" \/>\n<meta property=\"article:published_time\" content=\"2026-08-31T23:07:49+00:00\" \/>\n<meta property=\"article:modified_time\" content=\"2026-08-31T23:07:50+00:00\" \/>\n<meta property=\"og:image\" content=\"https:\/\/elotroenfoque.mx\/wp-content\/uploads\/2026\/08\/vinculado-por-ataque-en-silao.jpeg\" \/>\n\t<meta property=\"og:image:width\" content=\"1600\" \/>\n\t<meta property=\"og:image:height\" content=\"1126\" \/>\n\t<meta property=\"og:image:type\" content=\"image\/jpeg\" \/>\n<meta name=\"author\" content=\"Equipo Redaccion\" \/>\n<meta name=\"twitter:card\" content=\"summary_large_image\" \/>\n<meta name=\"twitter:label1\" content=\"Escrito por\" \/>\n\t<meta name=\"twitter:data1\" content=\"Equipo Redaccion\" \/>\n\t<meta name=\"twitter:label2\" content=\"Tiempo de lectura\" \/>\n\t<meta name=\"twitter:data2\" content=\"1 minuto\" \/>\n<script type=\"application\/ld+json\" class=\"yoast-schema-graph\">{\"@context\":\"https:\\\/\\\/schema.org\",\"@graph\":[{\"@type\":\"Article\",\"@id\":\"https:\\\/\\\/elotroenfoque.mx\\\/index.php\\\/2026\\\/08\\\/31\\\/vinculan-a-proceso-a-imputado-por-ataque-armado-en-silao\\\/#article\",\"isPartOf\":{\"@id\":\"https:\\\/\\\/elotroenfoque.mx\\\/index.php\\\/2026\\\/08\\\/31\\\/vinculan-a-proceso-a-imputado-por-ataque-armado-en-silao\\\/\"},\"author\":{\"name\":\"Equipo Redaccion\",\"@id\":\"https:\\\/\\\/elotroenfoque.mx\\\/#\\\/schema\\\/person\\\/8eb322f84d0bd9f337e462905519a1ae\"},\"headline\":\"Vinculan a proceso a imputado por ataque armado en Silao\",\"datePublished\":\"2026-08-31T23:07:49+00:00\",\"dateModified\":\"2026-08-31T23:07:50+00:00\",\"mainEntityOfPage\":{\"@id\":\"https:\\\/\\\/elotroenfoque.mx\\\/index.php\\\/2026\\\/08\\\/31\\\/vinculan-a-proceso-a-imputado-por-ataque-armado-en-silao\\\/\"},\"wordCount\":192,\"image\":{\"@id\":\"https:\\\/\\\/elotroenfoque.mx\\\/index.php\\\/2026\\\/08\\\/31\\\/vinculan-a-proceso-a-imputado-por-ataque-armado-en-silao\\\/#primaryimage\"},\"thumbnailUrl\":\"https:\\\/\\\/elotroenfoque.mx\\\/wp-content\\\/uploads\\\/2026\\\/08\\\/vinculado-por-ataque-en-silao.jpeg\",\"keywords\":[\"Guanajuato\",\"Noticias Guanajuato\"],\"articleSection\":[\"Desenfoques\"],\"inLanguage\":\"es\"},{\"@type\":\"WebPage\",\"@id\":\"https:\\\/\\\/elotroenfoque.mx\\\/index.php\\\/2026\\\/08\\\/31\\\/vinculan-a-proceso-a-imputado-por-ataque-armado-en-silao\\\/\",\"url\":\"https:\\\/\\\/elotroenfoque.mx\\\/index.php\\\/2026\\\/08\\\/31\\\/vinculan-a-proceso-a-imputado-por-ataque-armado-en-silao\\\/\",\"name\":\"Vinculan a proceso a imputado por ataque armado en Silao - El otro enfoque\",\"isPartOf\":{\"@id\":\"https:\\\/\\\/elotroenfoque.mx\\\/#website\"},\"primaryImageOfPage\":{\"@id\":\"https:\\\/\\\/elotroenfoque.mx\\\/index.php\\\/2026\\\/08\\\/31\\\/vinculan-a-proceso-a-imputado-por-ataque-armado-en-silao\\\/#primaryimage\"},\"image\":{\"@id\":\"https:\\\/\\\/elotroenfoque.mx\\\/index.php\\\/2026\\\/08\\\/31\\\/vinculan-a-proceso-a-imputado-por-ataque-armado-en-silao\\\/#primaryimage\"},\"thumbnailUrl\":\"https:\\\/\\\/elotroenfoque.mx\\\/wp-content\\\/uploads\\\/2026\\\/08\\\/vinculado-por-ataque-en-silao.jpeg\",\"datePublished\":\"2026-08-31T23:07:49+00:00\",\"dateModified\":\"2026-08-31T23:07:50+00:00\",\"author\":{\"@id\":\"https:\\\/\\\/elotroenfoque.mx\\\/#\\\/schema\\\/person\\\/8eb322f84d0bd9f337e462905519a1ae\"},\"description\":\"La Fiscal\u00eda obtuvo la vinculaci\u00f3n a proceso de un imputado por un ataque armado en Silao que dej\u00f3 dos muertos y un herido en un taller.\",\"breadcrumb\":{\"@id\":\"https:\\\/\\\/elotroenfoque.mx\\\/index.php\\\/2026\\\/08\\\/31\\\/vinculan-a-proceso-a-imputado-por-ataque-armado-en-silao\\\/#breadcrumb\"},\"inLanguage\":\"es\",\"potentialAction\":[{\"@type\":\"ReadAction\",\"target\":[\"https:\\\/\\\/elotroenfoque.mx\\\/index.php\\\/2026\\\/08\\\/31\\\/vinculan-a-proceso-a-imputado-por-ataque-armado-en-silao\\\/\"]}]},{\"@type\":\"ImageObject\",\"inLanguage\":\"es\",\"@id\":\"https:\\\/\\\/elotroenfoque.mx\\\/index.php\\\/2026\\\/08\\\/31\\\/vinculan-a-proceso-a-imputado-por-ataque-armado-en-silao\\\/#primaryimage\",\"url\":\"https:\\\/\\\/elotroenfoque.mx\\\/wp-content\\\/uploads\\\/2026\\\/08\\\/vinculado-por-ataque-en-silao.jpeg\",\"contentUrl\":\"https:\\\/\\\/elotroenfoque.mx\\\/wp-content\\\/uploads\\\/2026\\\/08\\\/vinculado-por-ataque-en-silao.jpeg\",\"width\":1600,\"height\":1126},{\"@type\":\"BreadcrumbList\",\"@id\":\"https:\\\/\\\/elotroenfoque.mx\\\/index.php\\\/2026\\\/08\\\/31\\\/vinculan-a-proceso-a-imputado-por-ataque-armado-en-silao\\\/#breadcrumb\",\"itemListElement\":[{\"@type\":\"ListItem\",\"position\":1,\"name\":\"Portada\",\"item\":\"https:\\\/\\\/elotroenfoque.mx\\\/\"},{\"@type\":\"ListItem\",\"position\":2,\"name\":\"Vinculan a proceso a imputado por ataque armado en Silao\"}]},{\"@type\":\"WebSite\",\"@id\":\"https:\\\/\\\/elotroenfoque.mx\\\/#website\",\"url\":\"https:\\\/\\\/elotroenfoque.mx\\\/\",\"name\":\"El otro enfoque\",\"description\":\"\",\"potentialAction\":[{\"@type\":\"SearchAction\",\"target\":{\"@type\":\"EntryPoint\",\"urlTemplate\":\"https:\\\/\\\/elotroenfoque.mx\\\/?s={search_term_string}\"},\"query-input\":{\"@type\":\"PropertyValueSpecification\",\"valueRequired\":true,\"valueName\":\"search_term_string\"}}],\"inLanguage\":\"es\"},{\"@type\":\"Person\",\"@id\":\"https:\\\/\\\/elotroenfoque.mx\\\/#\\\/schema\\\/person\\\/8eb322f84d0bd9f337e462905519a1ae\",\"name\":\"Equipo Redaccion\",\"image\":{\"@type\":\"ImageObject\",\"inLanguage\":\"es\",\"@id\":\"https:\\\/\\\/secure.gravatar.com\\\/avatar\\\/3579478e2b4e7aad364a32b26cf744b360ae0e581ee1cd0cb18a8f239ee49ac4?s=96&d=mm&r=g\",\"url\":\"https:\\\/\\\/secure.gravatar.com\\\/avatar\\\/3579478e2b4e7aad364a32b26cf744b360ae0e581ee1cd0cb18a8f239ee49ac4?s=96&d=mm&r=g\",\"contentUrl\":\"https:\\\/\\\/secure.gravatar.com\\\/avatar\\\/3579478e2b4e7aad364a32b26cf744b360ae0e581ee1cd0cb18a8f239ee49ac4?s=96&d=mm&r=g\",\"caption\":\"Equipo Redaccion\"},\"url\":\"https:\\\/\\\/elotroenfoque.mx\\\/index.php\\\/author\\\/redaccion\\\/\"}]}<\/script>\n<!-- \/ Yoast SEO plugin. -->","yoast_head_json":{"title":"Vinculan a proceso a imputado por ataque armado en Silao - El otro enfoque","description":"La Fiscal\u00eda obtuvo la vinculaci\u00f3n a proceso de un imputado por un ataque armado en Silao que dej\u00f3 dos muertos y un herido en un taller.","robots":{"index":"index","follow":"follow","max-snippet":"max-snippet:-1","max-image-preview":"max-image-preview:large","max-video-preview":"max-video-preview:-1"},"canonical":"https:\/\/elotroenfoque.mx\/index.php\/2026\/08\/31\/vinculan-a-proceso-a-imputado-por-ataque-armado-en-silao\/","og_locale":"es_MX","og_type":"article","og_title":"Vinculan a proceso a imputado por ataque armado en Silao - El otro enfoque","og_description":"La Fiscal\u00eda obtuvo la vinculaci\u00f3n a proceso de un imputado por un ataque armado en Silao que dej\u00f3 dos muertos y un herido en un taller.","og_url":"https:\/\/elotroenfoque.mx\/index.php\/2026\/08\/31\/vinculan-a-proceso-a-imputado-por-ataque-armado-en-silao\/","og_site_name":"El otro enfoque","article_published_time":"2026-08-31T23:07:49+00:00","article_modified_time":"2026-08-31T23:07:50+00:00","og_image":[{"width":1600,"height":1126,"url":"https:\/\/elotroenfoque.mx\/wp-content\/uploads\/2026\/08\/vinculado-por-ataque-en-silao.jpeg","type":"image\/jpeg"}],"author":"Equipo Redaccion","twitter_card":"summary_large_image","twitter_misc":{"Escrito por":"Equipo Redaccion","Tiempo de lectura":"1 minuto"},"schema":{"@context":"https:\/\/schema.org","@graph":[{"@type":"Article","@id":"https:\/\/elotroenfoque.mx\/index.php\/2026\/08\/31\/vinculan-a-proceso-a-imputado-por-ataque-armado-en-silao\/#article","isPartOf":{"@id":"https:\/\/elotroenfoque.mx\/index.php\/2026\/08\/31\/vinculan-a-proceso-a-imputado-por-ataque-armado-en-silao\/"},"author":{"name":"Equipo Redaccion","@id":"https:\/\/elotroenfoque.mx\/#\/schema\/person\/8eb322f84d0bd9f337e462905519a1ae"},"headline":"Vinculan a proceso a imputado por ataque armado en Silao","datePublished":"2026-08-31T23:07:49+00:00","dateModified":"2026-08-31T23:07:50+00:00","mainEntityOfPage":{"@id":"https:\/\/elotroenfoque.mx\/index.php\/2026\/08\/31\/vinculan-a-proceso-a-imputado-por-ataque-armado-en-silao\/"},"wordCount":192,"image":{"@id":"https:\/\/elotroenfoque.mx\/index.php\/2026\/08\/31\/vinculan-a-proceso-a-imputado-por-ataque-armado-en-silao\/#primaryimage"},"thumbnailUrl":"https:\/\/elotroenfoque.mx\/wp-content\/uploads\/2026\/08\/vinculado-por-ataque-en-silao.jpeg","keywords":["Guanajuato","Noticias Guanajuato"],"articleSection":["Desenfoques"],"inLanguage":"es"},{"@type":"WebPage","@id":"https:\/\/elotroenfoque.mx\/index.php\/2026\/08\/31\/vinculan-a-proceso-a-imputado-por-ataque-armado-en-silao\/","url":"https:\/\/elotroenfoque.mx\/index.php\/2026\/08\/31\/vinculan-a-proceso-a-imputado-por-ataque-armado-en-silao\/","name":"Vinculan a proceso a imputado por ataque armado en Silao - El otro enfoque","isPartOf":{"@id":"https:\/\/elotroenfoque.mx\/#website"},"primaryImageOfPage":{"@id":"https:\/\/elotroenfoque.mx\/index.php\/2026\/08\/31\/vinculan-a-proceso-a-imputado-por-ataque-armado-en-silao\/#primaryimage"},"image":{"@id":"https:\/\/elotroenfoque.mx\/index.php\/2026\/08\/31\/vinculan-a-proceso-a-imputado-por-ataque-armado-en-silao\/#primaryimage"},"thumbnailUrl":"https:\/\/elotroenfoque.mx\/wp-content\/uploads\/2026\/08\/vinculado-por-ataque-en-silao.jpeg","datePublished":"2026-08-31T23:07:49+00:00","dateModified":"2026-08-31T23:07:50+00:00","author":{"@id":"https:\/\/elotroenfoque.mx\/#\/schema\/person\/8eb322f84d0bd9f337e462905519a1ae"},"description":"La Fiscal\u00eda obtuvo la vinculaci\u00f3n a proceso de un imputado por un ataque armado en Silao que dej\u00f3 dos muertos y un herido en un taller.","breadcrumb":{"@id":"https:\/\/elotroenfoque.mx\/index.php\/2026\/08\/31\/vinculan-a-proceso-a-imputado-por-ataque-armado-en-silao\/#breadcrumb"},"inLanguage":"es","potentialAction":[{"@type":"ReadAction","target":["https:\/\/elotroenfoque.mx\/index.php\/2026\/08\/31\/vinculan-a-proceso-a-imputado-por-ataque-armado-en-silao\/"]}]},{"@type":"ImageObject","inLanguage":"es","@id":"https:\/\/elotroenfoque.mx\/index.php\/2026\/08\/31\/vinculan-a-proceso-a-imputado-por-ataque-armado-en-silao\/#primaryimage","url":"https:\/\/elotroenfoque.mx\/wp-content\/uploads\/2026\/08\/vinculado-por-ataque-en-silao.jpeg","contentUrl":"https:\/\/elotroenfoque.mx\/wp-content\/uploads\/2026\/08\/vinculado-por-ataque-en-silao.jpeg","width":1600,"height":1126},{"@type":"BreadcrumbList","@id":"https:\/\/elotroenfoque.mx\/index.php\/2026\/08\/31\/vinculan-a-proceso-a-imputado-por-ataque-armado-en-silao\/#breadcrumb","itemListElement":[{"@type":"ListItem","position":1,"name":"Portada","item":"https:\/\/elotroenfoque.mx\/"},{"@type":"ListItem","position":2,"name":"Vinculan a proceso a imputado por ataque armado en Silao"}]},{"@type":"WebSite","@id":"https:\/\/elotroenfoque.mx\/#website","url":"https:\/\/elotroenfoque.mx\/","name":"El otro enfoque","description":"","potentialAction":[{"@type":"SearchAction","target":{"@type":"EntryPoint","urlTemplate":"https:\/\/elotroenfoque.mx\/?s={search_term_string}"},"query-input":{"@type":"PropertyValueSpecification","valueRequired":true,"valueName":"search_term_string"}}],"inLanguage":"es"},{"@type":"Person","@id":"https:\/\/elotroenfoque.mx\/#\/schema\/person\/8eb322f84d0bd9f337e462905519a1ae","name":"Equipo Redaccion","image":{"@type":"ImageObject","inLanguage":"es","@id":"https:\/\/secure.gravatar.com\/avatar\/3579478e2b4e7aad364a32b26cf744b360ae0e581ee1cd0cb18a8f239ee49ac4?s=96&d=mm&r=g","url":"https:\/\/secure.gravatar.com\/avatar\/3579478e2b4e7aad364a32b26cf744b360ae0e581ee1cd0cb18a8f239ee49ac4?s=96&d=mm&r=g","contentUrl":"https:\/\/secure.gravatar.com\/avatar\/3579478e2b4e7aad364a32b26cf744b360ae0e581ee1cd0cb18a8f239ee49ac4?s=96&d=mm&r=g","caption":"Equipo Redaccion"},"url":"https:\/\/elotroenfoque.mx\/index.php\/author\/redaccion\/"}]}},"_links":{"self":[{"href":"https:\/\/elotroenfoque.mx\/index.php\/wp-json\/wp\/v2\/posts\/195241","targetHints":{"allow":["GET"]}}],"collection":[{"href":"https:\/\/elotroenfoque.mx\/index.php\/wp-json\/wp\/v2\/posts"}],"about":[{"href":"https:\/\/elotroenfoque.mx\/index.php\/wp-json\/wp\/v2\/types\/post"}],"author":[{"embeddable":true,"href":"https:\/\/elotroenfoque.mx\/index.php\/wp-json\/wp\/v2\/users\/4"}],"replies":[{"embeddable":true,"href":"https:\/\/elotroenfoque.mx\/index.php\/wp-json\/wp\/v2\/comments?post=195241"}],"version-history":[{"count":1,"href":"https:\/\/elotroenfoque.mx\/index.php\/wp-json\/wp\/v2\/posts\/195241\/revisions"}],"predecessor-version":[{"id":195243,"href":"https:\/\/elotroenfoque.mx\/index.php\/wp-json\/wp\/v2\/posts\/195241\/revisions\/195243"}],"wp:featuredmedia":[{"embeddable":true,"href":"https:\/\/elotroenfoque.mx\/index.php\/wp-json\/wp\/v2\/media\/195242"}],"wp:attachment":[{"href":"https:\/\/elotroenfoque.mx\/index.php\/wp-json\/wp\/v2\/media?parent=195241"}],"wp:term":[{"taxonomy":"category","embeddable":true,"href":"https:\/\/elotroenfoque.mx\/index.php\/wp-json\/wp\/v2\/categories?post=195241"},{"taxonomy":"post_tag","embeddable":true,"href":"https:\/\/elotroenfoque.mx\/index.php\/wp-json\/wp\/v2\/tags?post=195241"}],"curies":[{"name":"wp","href":"https:\/\/api.w.org\/{rel}","templated":true}]}}