{"id":195244,"date":"2026-08-31T17:24:12","date_gmt":"2026-08-31T23:24:12","guid":{"rendered":"https:\/\/elotroenfoque.mx\/?p=195244"},"modified":"2026-08-31T17:24:12","modified_gmt":"2026-08-31T23:24:12","slug":"abaten-a-el-wicho-presunto-lider-criminal-en-los-reyes-michoacan","status":"publish","type":"post","link":"https:\/\/elotroenfoque.mx\/index.php\/2026\/08\/31\/abaten-a-el-wicho-presunto-lider-criminal-en-los-reyes-michoacan\/","title":{"rendered":"Abaten a &#8216;El Wicho&#8217;, presunto l\u00edder criminal en Los Reyes, Michoac\u00e1n"},"content":{"rendered":"\n<p class=\"wp-block-paragraph\">Un operativo de fuerzas federales y estatales deriv\u00f3 en un enfrentamiento contra un grupo armado en el municipio de Los Reyes. <\/p>\n\n\n\n<p class=\"wp-block-paragraph\">Reportes extraoficiales se\u00f1alaron el posible abatimiento de Luis Enrique Barrag\u00e1n Ch\u00e1vez, identificado como un presunto l\u00edder criminal en Michoac\u00e1n. Por este motivo, las corporaciones de seguridad mantienen el resguardo en la regi\u00f3n occidental de la entidad.<\/p>\n\n\n\n<p class=\"wp-block-paragraph\">El gobernador Alfredo Ram\u00edrez Bedolla confirm\u00f3 que los hechos ocurrieron el domingo durante un despliegue operativo en la zona. Sin embargo, el mandatario aclar\u00f3 que las autoridades a\u00fan no cuentan con confirmaci\u00f3n oficial sobre el deceso del individuo. <\/p>\n\n\n\n<p class=\"wp-block-paragraph\">Tambi\u00e9n lee: <strong><a href=\"https:\/\/elotroenfoque.mx\/index.php\/2026\/08\/31\/vinculan-a-proceso-a-imputado-por-ataque-armado-en-silao\/\">Vinculan a proceso a imputado por ataque armado en Silao<\/a><\/strong><\/p>\n\n\n\n<p class=\"wp-block-paragraph\">En consecuencia, las instituciones del gabinete de seguridad mantienen las indagatorias para verificar la informaci\u00f3n.<\/p>\n\n\n\n<p class=\"wp-block-paragraph\">El sujeto se\u00f1alado es investigado por delitos de extorsi\u00f3n a productores agr\u00edcolas, narcotr\u00e1fico y hechos de violencia en la regi\u00f3n. <\/p>\n\n\n\n<p class=\"wp-block-paragraph\">Las autoridades se\u00f1alan a esta estructura delictiva por coordinar agresiones en varios municipios del estado. De igual manera, los operativos federales continuar\u00e1n en el \u00e1rea para garantizar la seguridad p\u00fablica.<\/p>\n\n\n\n<p class=\"wp-block-paragraph\"><strong><a href=\"https:\/\/www.tiktok.com\/@elotroenfoque?_r=1&amp;_t=ZS-97ffhW6kR1t\">Sigue tambi\u00e9n las noticias en TikTok<\/a><\/strong><\/p>\n\n\n\n<p class=\"wp-block-paragraph\"><\/p>\n","protected":false},"excerpt":{"rendered":"<p>Un operativo de fuerzas federales y estatales deriv\u00f3 en un enfrentamiento contra un grupo armado en el municipio de Los Reyes. Reportes extraoficiales se\u00f1alaron el posible abatimiento de Luis Enrique Barrag\u00e1n Ch\u00e1vez, identificado como un presunto l\u00edder criminal en Michoac\u00e1n. Por este motivo, las corporaciones de seguridad mantienen el resguardo en la regi\u00f3n occidental de&#8230;<\/p>\n","protected":false},"author":4,"featured_media":195245,"comment_status":"closed","ping_status":"open","sticky":false,"template":"","format":"standard","meta":{"footnotes":""},"categories":[11],"tags":[13,4517],"class_list":["post-195244","post","type-post","status-publish","format-standard","has-post-thumbnail","hentry","category-otrasnoticias","tag-guanajuato","tag-noticias-guanajuato"],"yoast_head":"<!-- This site is optimized with the Yoast SEO plugin v28.2 - https:\/\/yoast.com\/product\/yoast-seo-wordpress\/ -->\n<title>Abaten a &#039;El Wicho&#039;, presunto l\u00edder criminal en Los Reyes, Michoac\u00e1n - El otro enfoque<\/title>\n<meta name=\"description\" content=\"Fuerzas de seguridad se enfrentaron a un grupo armado en Los Reyes. Reportan el posible abatimiento de un presunto l\u00edder criminal en Michoac\u00e1n.\" \/>\n<meta name=\"robots\" content=\"index, follow, max-snippet:-1, max-image-preview:large, max-video-preview:-1\" \/>\n<link rel=\"canonical\" href=\"https:\/\/elotroenfoque.mx\/index.php\/2026\/08\/31\/abaten-a-el-wicho-presunto-lider-criminal-en-los-reyes-michoacan\/\" \/>\n<meta property=\"og:locale\" content=\"es_MX\" \/>\n<meta property=\"og:type\" content=\"article\" \/>\n<meta property=\"og:title\" content=\"Abaten a &#039;El Wicho&#039;, presunto l\u00edder criminal en Los Reyes, Michoac\u00e1n - El otro enfoque\" \/>\n<meta property=\"og:description\" content=\"Fuerzas de seguridad se enfrentaron a un grupo armado en Los Reyes. Reportan el posible abatimiento de un presunto l\u00edder criminal en Michoac\u00e1n.\" \/>\n<meta property=\"og:url\" content=\"https:\/\/elotroenfoque.mx\/index.php\/2026\/08\/31\/abaten-a-el-wicho-presunto-lider-criminal-en-los-reyes-michoacan\/\" \/>\n<meta property=\"og:site_name\" content=\"El otro enfoque\" \/>\n<meta property=\"article:published_time\" content=\"2026-08-31T23:24:12+00:00\" \/>\n<meta property=\"og:image\" content=\"https:\/\/elotroenfoque.mx\/wp-content\/uploads\/2026\/08\/abaten-a-el-wicho.jpg\" \/>\n\t<meta property=\"og:image:width\" content=\"475\" \/>\n\t<meta property=\"og:image:height\" content=\"482\" \/>\n\t<meta property=\"og:image:type\" content=\"image\/jpeg\" \/>\n<meta name=\"author\" content=\"Equipo Redaccion\" \/>\n<meta name=\"twitter:card\" content=\"summary_large_image\" \/>\n<meta name=\"twitter:label1\" content=\"Escrito por\" \/>\n\t<meta name=\"twitter:data1\" content=\"Equipo Redaccion\" \/>\n\t<meta name=\"twitter:label2\" content=\"Tiempo de lectura\" \/>\n\t<meta name=\"twitter:data2\" content=\"2 minutos\" \/>\n<script type=\"application\/ld+json\" class=\"yoast-schema-graph\">{\"@context\":\"https:\\\/\\\/schema.org\",\"@graph\":[{\"@type\":\"Article\",\"@id\":\"https:\\\/\\\/elotroenfoque.mx\\\/index.php\\\/2026\\\/08\\\/31\\\/abaten-a-el-wicho-presunto-lider-criminal-en-los-reyes-michoacan\\\/#article\",\"isPartOf\":{\"@id\":\"https:\\\/\\\/elotroenfoque.mx\\\/index.php\\\/2026\\\/08\\\/31\\\/abaten-a-el-wicho-presunto-lider-criminal-en-los-reyes-michoacan\\\/\"},\"author\":{\"name\":\"Equipo Redaccion\",\"@id\":\"https:\\\/\\\/elotroenfoque.mx\\\/#\\\/schema\\\/person\\\/8eb322f84d0bd9f337e462905519a1ae\"},\"headline\":\"Abaten a &#8216;El Wicho&#8217;, presunto l\u00edder criminal en Los Reyes, Michoac\u00e1n\",\"datePublished\":\"2026-08-31T23:24:12+00:00\",\"mainEntityOfPage\":{\"@id\":\"https:\\\/\\\/elotroenfoque.mx\\\/index.php\\\/2026\\\/08\\\/31\\\/abaten-a-el-wicho-presunto-lider-criminal-en-los-reyes-michoacan\\\/\"},\"wordCount\":211,\"image\":{\"@id\":\"https:\\\/\\\/elotroenfoque.mx\\\/index.php\\\/2026\\\/08\\\/31\\\/abaten-a-el-wicho-presunto-lider-criminal-en-los-reyes-michoacan\\\/#primaryimage\"},\"thumbnailUrl\":\"https:\\\/\\\/elotroenfoque.mx\\\/wp-content\\\/uploads\\\/2026\\\/08\\\/abaten-a-el-wicho.jpg\",\"keywords\":[\"Guanajuato\",\"Noticias Guanajuato\"],\"articleSection\":[\"Otras Noticias\"],\"inLanguage\":\"es\"},{\"@type\":\"WebPage\",\"@id\":\"https:\\\/\\\/elotroenfoque.mx\\\/index.php\\\/2026\\\/08\\\/31\\\/abaten-a-el-wicho-presunto-lider-criminal-en-los-reyes-michoacan\\\/\",\"url\":\"https:\\\/\\\/elotroenfoque.mx\\\/index.php\\\/2026\\\/08\\\/31\\\/abaten-a-el-wicho-presunto-lider-criminal-en-los-reyes-michoacan\\\/\",\"name\":\"Abaten a 'El Wicho', presunto l\u00edder criminal en Los Reyes, Michoac\u00e1n - El otro enfoque\",\"isPartOf\":{\"@id\":\"https:\\\/\\\/elotroenfoque.mx\\\/#website\"},\"primaryImageOfPage\":{\"@id\":\"https:\\\/\\\/elotroenfoque.mx\\\/index.php\\\/2026\\\/08\\\/31\\\/abaten-a-el-wicho-presunto-lider-criminal-en-los-reyes-michoacan\\\/#primaryimage\"},\"image\":{\"@id\":\"https:\\\/\\\/elotroenfoque.mx\\\/index.php\\\/2026\\\/08\\\/31\\\/abaten-a-el-wicho-presunto-lider-criminal-en-los-reyes-michoacan\\\/#primaryimage\"},\"thumbnailUrl\":\"https:\\\/\\\/elotroenfoque.mx\\\/wp-content\\\/uploads\\\/2026\\\/08\\\/abaten-a-el-wicho.jpg\",\"datePublished\":\"2026-08-31T23:24:12+00:00\",\"author\":{\"@id\":\"https:\\\/\\\/elotroenfoque.mx\\\/#\\\/schema\\\/person\\\/8eb322f84d0bd9f337e462905519a1ae\"},\"description\":\"Fuerzas de seguridad se enfrentaron a un grupo armado en Los Reyes. Reportan el posible abatimiento de un presunto l\u00edder criminal en Michoac\u00e1n.\",\"breadcrumb\":{\"@id\":\"https:\\\/\\\/elotroenfoque.mx\\\/index.php\\\/2026\\\/08\\\/31\\\/abaten-a-el-wicho-presunto-lider-criminal-en-los-reyes-michoacan\\\/#breadcrumb\"},\"inLanguage\":\"es\",\"potentialAction\":[{\"@type\":\"ReadAction\",\"target\":[\"https:\\\/\\\/elotroenfoque.mx\\\/index.php\\\/2026\\\/08\\\/31\\\/abaten-a-el-wicho-presunto-lider-criminal-en-los-reyes-michoacan\\\/\"]}]},{\"@type\":\"ImageObject\",\"inLanguage\":\"es\",\"@id\":\"https:\\\/\\\/elotroenfoque.mx\\\/index.php\\\/2026\\\/08\\\/31\\\/abaten-a-el-wicho-presunto-lider-criminal-en-los-reyes-michoacan\\\/#primaryimage\",\"url\":\"https:\\\/\\\/elotroenfoque.mx\\\/wp-content\\\/uploads\\\/2026\\\/08\\\/abaten-a-el-wicho.jpg\",\"contentUrl\":\"https:\\\/\\\/elotroenfoque.mx\\\/wp-content\\\/uploads\\\/2026\\\/08\\\/abaten-a-el-wicho.jpg\",\"width\":475,\"height\":482},{\"@type\":\"BreadcrumbList\",\"@id\":\"https:\\\/\\\/elotroenfoque.mx\\\/index.php\\\/2026\\\/08\\\/31\\\/abaten-a-el-wicho-presunto-lider-criminal-en-los-reyes-michoacan\\\/#breadcrumb\",\"itemListElement\":[{\"@type\":\"ListItem\",\"position\":1,\"name\":\"Portada\",\"item\":\"https:\\\/\\\/elotroenfoque.mx\\\/\"},{\"@type\":\"ListItem\",\"position\":2,\"name\":\"Abaten a &#8216;El Wicho&#8217;, presunto l\u00edder criminal en Los Reyes, Michoac\u00e1n\"}]},{\"@type\":\"WebSite\",\"@id\":\"https:\\\/\\\/elotroenfoque.mx\\\/#website\",\"url\":\"https:\\\/\\\/elotroenfoque.mx\\\/\",\"name\":\"El otro enfoque\",\"description\":\"\",\"potentialAction\":[{\"@type\":\"SearchAction\",\"target\":{\"@type\":\"EntryPoint\",\"urlTemplate\":\"https:\\\/\\\/elotroenfoque.mx\\\/?s={search_term_string}\"},\"query-input\":{\"@type\":\"PropertyValueSpecification\",\"valueRequired\":true,\"valueName\":\"search_term_string\"}}],\"inLanguage\":\"es\"},{\"@type\":\"Person\",\"@id\":\"https:\\\/\\\/elotroenfoque.mx\\\/#\\\/schema\\\/person\\\/8eb322f84d0bd9f337e462905519a1ae\",\"name\":\"Equipo Redaccion\",\"image\":{\"@type\":\"ImageObject\",\"inLanguage\":\"es\",\"@id\":\"https:\\\/\\\/secure.gravatar.com\\\/avatar\\\/3579478e2b4e7aad364a32b26cf744b360ae0e581ee1cd0cb18a8f239ee49ac4?s=96&d=mm&r=g\",\"url\":\"https:\\\/\\\/secure.gravatar.com\\\/avatar\\\/3579478e2b4e7aad364a32b26cf744b360ae0e581ee1cd0cb18a8f239ee49ac4?s=96&d=mm&r=g\",\"contentUrl\":\"https:\\\/\\\/secure.gravatar.com\\\/avatar\\\/3579478e2b4e7aad364a32b26cf744b360ae0e581ee1cd0cb18a8f239ee49ac4?s=96&d=mm&r=g\",\"caption\":\"Equipo Redaccion\"},\"url\":\"https:\\\/\\\/elotroenfoque.mx\\\/index.php\\\/author\\\/redaccion\\\/\"}]}<\/script>\n<!-- \/ Yoast SEO plugin. -->","yoast_head_json":{"title":"Abaten a 'El Wicho', presunto l\u00edder criminal en Los Reyes, Michoac\u00e1n - El otro enfoque","description":"Fuerzas de seguridad se enfrentaron a un grupo armado en Los Reyes. Reportan el posible abatimiento de un presunto l\u00edder criminal en Michoac\u00e1n.","robots":{"index":"index","follow":"follow","max-snippet":"max-snippet:-1","max-image-preview":"max-image-preview:large","max-video-preview":"max-video-preview:-1"},"canonical":"https:\/\/elotroenfoque.mx\/index.php\/2026\/08\/31\/abaten-a-el-wicho-presunto-lider-criminal-en-los-reyes-michoacan\/","og_locale":"es_MX","og_type":"article","og_title":"Abaten a 'El Wicho', presunto l\u00edder criminal en Los Reyes, Michoac\u00e1n - El otro enfoque","og_description":"Fuerzas de seguridad se enfrentaron a un grupo armado en Los Reyes. Reportan el posible abatimiento de un presunto l\u00edder criminal en Michoac\u00e1n.","og_url":"https:\/\/elotroenfoque.mx\/index.php\/2026\/08\/31\/abaten-a-el-wicho-presunto-lider-criminal-en-los-reyes-michoacan\/","og_site_name":"El otro enfoque","article_published_time":"2026-08-31T23:24:12+00:00","og_image":[{"width":475,"height":482,"url":"https:\/\/elotroenfoque.mx\/wp-content\/uploads\/2026\/08\/abaten-a-el-wicho.jpg","type":"image\/jpeg"}],"author":"Equipo Redaccion","twitter_card":"summary_large_image","twitter_misc":{"Escrito por":"Equipo Redaccion","Tiempo de lectura":"2 minutos"},"schema":{"@context":"https:\/\/schema.org","@graph":[{"@type":"Article","@id":"https:\/\/elotroenfoque.mx\/index.php\/2026\/08\/31\/abaten-a-el-wicho-presunto-lider-criminal-en-los-reyes-michoacan\/#article","isPartOf":{"@id":"https:\/\/elotroenfoque.mx\/index.php\/2026\/08\/31\/abaten-a-el-wicho-presunto-lider-criminal-en-los-reyes-michoacan\/"},"author":{"name":"Equipo Redaccion","@id":"https:\/\/elotroenfoque.mx\/#\/schema\/person\/8eb322f84d0bd9f337e462905519a1ae"},"headline":"Abaten a &#8216;El Wicho&#8217;, presunto l\u00edder criminal en Los Reyes, Michoac\u00e1n","datePublished":"2026-08-31T23:24:12+00:00","mainEntityOfPage":{"@id":"https:\/\/elotroenfoque.mx\/index.php\/2026\/08\/31\/abaten-a-el-wicho-presunto-lider-criminal-en-los-reyes-michoacan\/"},"wordCount":211,"image":{"@id":"https:\/\/elotroenfoque.mx\/index.php\/2026\/08\/31\/abaten-a-el-wicho-presunto-lider-criminal-en-los-reyes-michoacan\/#primaryimage"},"thumbnailUrl":"https:\/\/elotroenfoque.mx\/wp-content\/uploads\/2026\/08\/abaten-a-el-wicho.jpg","keywords":["Guanajuato","Noticias Guanajuato"],"articleSection":["Otras Noticias"],"inLanguage":"es"},{"@type":"WebPage","@id":"https:\/\/elotroenfoque.mx\/index.php\/2026\/08\/31\/abaten-a-el-wicho-presunto-lider-criminal-en-los-reyes-michoacan\/","url":"https:\/\/elotroenfoque.mx\/index.php\/2026\/08\/31\/abaten-a-el-wicho-presunto-lider-criminal-en-los-reyes-michoacan\/","name":"Abaten a 'El Wicho', presunto l\u00edder criminal en Los Reyes, Michoac\u00e1n - El otro enfoque","isPartOf":{"@id":"https:\/\/elotroenfoque.mx\/#website"},"primaryImageOfPage":{"@id":"https:\/\/elotroenfoque.mx\/index.php\/2026\/08\/31\/abaten-a-el-wicho-presunto-lider-criminal-en-los-reyes-michoacan\/#primaryimage"},"image":{"@id":"https:\/\/elotroenfoque.mx\/index.php\/2026\/08\/31\/abaten-a-el-wicho-presunto-lider-criminal-en-los-reyes-michoacan\/#primaryimage"},"thumbnailUrl":"https:\/\/elotroenfoque.mx\/wp-content\/uploads\/2026\/08\/abaten-a-el-wicho.jpg","datePublished":"2026-08-31T23:24:12+00:00","author":{"@id":"https:\/\/elotroenfoque.mx\/#\/schema\/person\/8eb322f84d0bd9f337e462905519a1ae"},"description":"Fuerzas de seguridad se enfrentaron a un grupo armado en Los Reyes. Reportan el posible abatimiento de un presunto l\u00edder criminal en Michoac\u00e1n.","breadcrumb":{"@id":"https:\/\/elotroenfoque.mx\/index.php\/2026\/08\/31\/abaten-a-el-wicho-presunto-lider-criminal-en-los-reyes-michoacan\/#breadcrumb"},"inLanguage":"es","potentialAction":[{"@type":"ReadAction","target":["https:\/\/elotroenfoque.mx\/index.php\/2026\/08\/31\/abaten-a-el-wicho-presunto-lider-criminal-en-los-reyes-michoacan\/"]}]},{"@type":"ImageObject","inLanguage":"es","@id":"https:\/\/elotroenfoque.mx\/index.php\/2026\/08\/31\/abaten-a-el-wicho-presunto-lider-criminal-en-los-reyes-michoacan\/#primaryimage","url":"https:\/\/elotroenfoque.mx\/wp-content\/uploads\/2026\/08\/abaten-a-el-wicho.jpg","contentUrl":"https:\/\/elotroenfoque.mx\/wp-content\/uploads\/2026\/08\/abaten-a-el-wicho.jpg","width":475,"height":482},{"@type":"BreadcrumbList","@id":"https:\/\/elotroenfoque.mx\/index.php\/2026\/08\/31\/abaten-a-el-wicho-presunto-lider-criminal-en-los-reyes-michoacan\/#breadcrumb","itemListElement":[{"@type":"ListItem","position":1,"name":"Portada","item":"https:\/\/elotroenfoque.mx\/"},{"@type":"ListItem","position":2,"name":"Abaten a &#8216;El Wicho&#8217;, presunto l\u00edder criminal en Los Reyes, Michoac\u00e1n"}]},{"@type":"WebSite","@id":"https:\/\/elotroenfoque.mx\/#website","url":"https:\/\/elotroenfoque.mx\/","name":"El otro enfoque","description":"","potentialAction":[{"@type":"SearchAction","target":{"@type":"EntryPoint","urlTemplate":"https:\/\/elotroenfoque.mx\/?s={search_term_string}"},"query-input":{"@type":"PropertyValueSpecification","valueRequired":true,"valueName":"search_term_string"}}],"inLanguage":"es"},{"@type":"Person","@id":"https:\/\/elotroenfoque.mx\/#\/schema\/person\/8eb322f84d0bd9f337e462905519a1ae","name":"Equipo Redaccion","image":{"@type":"ImageObject","inLanguage":"es","@id":"https:\/\/secure.gravatar.com\/avatar\/3579478e2b4e7aad364a32b26cf744b360ae0e581ee1cd0cb18a8f239ee49ac4?s=96&d=mm&r=g","url":"https:\/\/secure.gravatar.com\/avatar\/3579478e2b4e7aad364a32b26cf744b360ae0e581ee1cd0cb18a8f239ee49ac4?s=96&d=mm&r=g","contentUrl":"https:\/\/secure.gravatar.com\/avatar\/3579478e2b4e7aad364a32b26cf744b360ae0e581ee1cd0cb18a8f239ee49ac4?s=96&d=mm&r=g","caption":"Equipo Redaccion"},"url":"https:\/\/elotroenfoque.mx\/index.php\/author\/redaccion\/"}]}},"_links":{"self":[{"href":"https:\/\/elotroenfoque.mx\/index.php\/wp-json\/wp\/v2\/posts\/195244","targetHints":{"allow":["GET"]}}],"collection":[{"href":"https:\/\/elotroenfoque.mx\/index.php\/wp-json\/wp\/v2\/posts"}],"about":[{"href":"https:\/\/elotroenfoque.mx\/index.php\/wp-json\/wp\/v2\/types\/post"}],"author":[{"embeddable":true,"href":"https:\/\/elotroenfoque.mx\/index.php\/wp-json\/wp\/v2\/users\/4"}],"replies":[{"embeddable":true,"href":"https:\/\/elotroenfoque.mx\/index.php\/wp-json\/wp\/v2\/comments?post=195244"}],"version-history":[{"count":1,"href":"https:\/\/elotroenfoque.mx\/index.php\/wp-json\/wp\/v2\/posts\/195244\/revisions"}],"predecessor-version":[{"id":195246,"href":"https:\/\/elotroenfoque.mx\/index.php\/wp-json\/wp\/v2\/posts\/195244\/revisions\/195246"}],"wp:featuredmedia":[{"embeddable":true,"href":"https:\/\/elotroenfoque.mx\/index.php\/wp-json\/wp\/v2\/media\/195245"}],"wp:attachment":[{"href":"https:\/\/elotroenfoque.mx\/index.php\/wp-json\/wp\/v2\/media?parent=195244"}],"wp:term":[{"taxonomy":"category","embeddable":true,"href":"https:\/\/elotroenfoque.mx\/index.php\/wp-json\/wp\/v2\/categories?post=195244"},{"taxonomy":"post_tag","embeddable":true,"href":"https:\/\/elotroenfoque.mx\/index.php\/wp-json\/wp\/v2\/tags?post=195244"}],"curies":[{"name":"wp","href":"https:\/\/api.w.org\/{rel}","templated":true}]}}