{"id":195247,"date":"2026-08-31T17:59:23","date_gmt":"2026-08-31T23:59:23","guid":{"rendered":"https:\/\/elotroenfoque.mx\/?p=195247"},"modified":"2026-08-31T20:02:59","modified_gmt":"2026-09-01T02:02:59","slug":"silao-reconoce-compromiso-de-familias-al-iniciar-las-clases","status":"publish","type":"post","link":"https:\/\/elotroenfoque.mx\/index.php\/2026\/08\/31\/silao-reconoce-compromiso-de-familias-al-iniciar-las-clases\/","title":{"rendered":"Silao reconoce compromiso de familias al iniciar las clases"},"content":{"rendered":"\n<p class=\"wp-block-paragraph\">Este arranque del ciclo 2026-2027, m\u00e1s de 1.2 millones de estudiantes de educaci\u00f3n b\u00e1sica en Guanajuato retomaron sus clases en las aulas para iniciar formalmente un nuevo periodo de aprendizaje.<\/p>\n\n\n\n<p class=\"wp-block-paragraph\">En Silao, la presidenta municipal Melanie Murillo Ch\u00e1vez encabez\u00f3 el inicio de actividades en la primaria Victoriano Rodr\u00edguez, uno de los planteles con mayor tradici\u00f3n educativa del municipio.<\/p>\n\n\n\n<p class=\"wp-block-paragraph\">Durante el acto, la alcaldesa reconoci\u00f3 el esfuerzo de madres y padres de familia para que sus hijas e hijos tengan lo necesario para acudir a clases.<\/p>\n\n\n\n<figure class=\"wp-block-image size-large\"><img loading=\"lazy\" decoding=\"async\" width=\"1024\" height=\"576\" src=\"https:\/\/elotroenfoque.mx\/wp-content\/uploads\/2026\/08\/inician-clases-en-silao-2-1024x576.jpeg\" alt=\"\" class=\"wp-image-195249\" srcset=\"https:\/\/elotroenfoque.mx\/wp-content\/uploads\/2026\/08\/inician-clases-en-silao-2-1024x576.jpeg 1024w, https:\/\/elotroenfoque.mx\/wp-content\/uploads\/2026\/08\/inician-clases-en-silao-2-300x169.jpeg 300w, https:\/\/elotroenfoque.mx\/wp-content\/uploads\/2026\/08\/inician-clases-en-silao-2-768x432.jpeg 768w, https:\/\/elotroenfoque.mx\/wp-content\/uploads\/2026\/08\/inician-clases-en-silao-2-1536x864.jpeg 1536w, https:\/\/elotroenfoque.mx\/wp-content\/uploads\/2026\/08\/inician-clases-en-silao-2.jpeg 1600w\" sizes=\"auto, (max-width: 1024px) 100vw, 1024px\" \/><\/figure>\n\n\n\n<h2 class=\"wp-block-heading\">Melanie Murillo pide construir un domo<\/h2>\n\n\n\n<p class=\"wp-block-paragraph\">Ante la comunidad escolar, Melanie Murillo tambi\u00e9n reconoci\u00f3 la labor de directivos y docentes. A las ni\u00f1as y ni\u00f1os que ingresaron a primaria les pidi\u00f3 valorar el respaldo de sus familias.<\/p>\n\n\n\n<p class=\"wp-block-paragraph\">Adem\u00e1s, aprovech\u00f3 la presencia del secretario de Finanzas estatal, H\u00e9ctor Salgado Vargas, para plantear la construcci\u00f3n de un domo en la primaria Victoriano Rodr\u00edguez.<\/p>\n\n\n\n<p class=\"wp-block-paragraph\">La propuesta busca contar con un espacio adecuado para las actividades de las y los estudiantes del plantel.<\/p>\n\n\n\n<h2 class=\"wp-block-heading\">Guanajuato recibe a 1.7 millones de estudiantes<\/h2>\n\n\n\n<p class=\"wp-block-paragraph\">En representaci\u00f3n de la gobernadora Libia Dennise Garc\u00eda Mu\u00f1oz Ledo, H\u00e9ctor Salgado Vargas se\u00f1al\u00f3 que Guanajuato tiene condiciones para recibir a estudiantes durante el nuevo ciclo.<\/p>\n\n\n\n<p class=\"wp-block-paragraph\"><strong><a href=\"https:\/\/elotroenfoque.mx\/index.php\/2026\/08\/31\/abaten-a-el-wicho-presunto-lider-criminal-en-los-reyes-michoacan\/\">\u00bfC\u00f3mo fue abatido el l\u00edder criminal en Michoac\u00e1n?<\/a><\/strong><\/p>\n\n\n\n<p class=\"wp-block-paragraph\">El funcionario inform\u00f3 que m\u00e1s de 1.7 millones de estudiantes regresan a las aulas, acompa\u00f1ados por alrededor de 98 mil maestras y maestros en m\u00e1s de 13 mil planteles.<\/p>\n\n\n\n<p class=\"wp-block-paragraph\">Salgado Vargas se\u00f1al\u00f3 que el inicio del ciclo tambi\u00e9n requiere cercan\u00eda con estudiantes, docentes y familias para conocer sus necesidades y ofrecer respuestas oportunas.<\/p>\n\n\n\n<figure class=\"wp-block-image size-large\"><img loading=\"lazy\" decoding=\"async\" width=\"1024\" height=\"576\" src=\"https:\/\/elotroenfoque.mx\/wp-content\/uploads\/2026\/08\/inician-clases-en-silao-3-1024x576.jpeg\" alt=\"\" class=\"wp-image-195250\" srcset=\"https:\/\/elotroenfoque.mx\/wp-content\/uploads\/2026\/08\/inician-clases-en-silao-3-1024x576.jpeg 1024w, https:\/\/elotroenfoque.mx\/wp-content\/uploads\/2026\/08\/inician-clases-en-silao-3-300x169.jpeg 300w, https:\/\/elotroenfoque.mx\/wp-content\/uploads\/2026\/08\/inician-clases-en-silao-3-768x432.jpeg 768w, https:\/\/elotroenfoque.mx\/wp-content\/uploads\/2026\/08\/inician-clases-en-silao-3-1536x864.jpeg 1536w, https:\/\/elotroenfoque.mx\/wp-content\/uploads\/2026\/08\/inician-clases-en-silao-3.jpeg 1600w\" sizes=\"auto, (max-width: 1024px) 100vw, 1024px\" \/><\/figure>\n\n\n\n<h2 class=\"wp-block-heading\">Autoridades acompa\u00f1an el inicio del ciclo<\/h2>\n\n\n\n<p class=\"wp-block-paragraph\">En el acto participaron Anel Torres, regidora y presidenta de la Comisi\u00f3n de Salud; Graciela Arzola Hinojosa, directora de Educaci\u00f3n Municipal, y Mar\u00eda de la Luz Midorie Rojas, jefa de la USAE Silao.<\/p>\n\n\n\n<p class=\"wp-block-paragraph\">Tambi\u00e9n acudieron Jorge Alberto Cort\u00e9s, enlace de las secciones 45 y 13 del SNTE, y Pedro Ibarra Trujillo, director de la primaria Victoriano Rodr\u00edguez.<\/p>\n\n\n\n<p class=\"wp-block-paragraph\">Con este acto, el ciclo escolar en Silao inici\u00f3 formalmente para las comunidades educativas del municipio. Mientras tanto, qued\u00f3 planteada la construcci\u00f3n del domo como una de las necesidades de infraestructura del plantel.<\/p>\n\n\n\n<p class=\"wp-block-paragraph\"><strong><a href=\"https:\/\/www.tiktok.com\/@elotroenfoque?_r=1&amp;_t=ZS-97ffhW6kR1t\">Sigue tambi\u00e9n las noticias en TikTok<\/a><\/strong><\/p>\n\n\n\n<p class=\"wp-block-paragraph\"><\/p>\n","protected":false},"excerpt":{"rendered":"<p>Este arranque del ciclo 2026-2027, m\u00e1s de 1.2 millones de estudiantes de educaci\u00f3n b\u00e1sica en Guanajuato retomaron sus clases en las aulas para iniciar formalmente un nuevo periodo de aprendizaje. En Silao, la presidenta municipal Melanie Murillo Ch\u00e1vez encabez\u00f3 el inicio de actividades en la primaria Victoriano Rodr\u00edguez, uno de los planteles con mayor tradici\u00f3n&#8230;<\/p>\n","protected":false},"author":4,"featured_media":195248,"comment_status":"closed","ping_status":"open","sticky":false,"template":"","format":"standard","meta":{"footnotes":""},"categories":[2],"tags":[13,4517],"class_list":["post-195247","post","type-post","status-publish","format-standard","has-post-thumbnail","hentry","category-noticias","tag-guanajuato","tag-noticias-guanajuato"],"yoast_head":"<!-- This site is optimized with the Yoast SEO plugin v28.2 - https:\/\/yoast.com\/product\/yoast-seo-wordpress\/ -->\n<title>Silao reconoce compromiso de familias al iniciar las clases - El otro enfoque<\/title>\n<meta name=\"description\" content=\"El ciclo escolar en Silao comenz\u00f3 con un reconocimiento al esfuerzo de las familias y una petici\u00f3n para construir un domo escolar.\" \/>\n<meta name=\"robots\" content=\"index, follow, max-snippet:-1, max-image-preview:large, max-video-preview:-1\" \/>\n<link rel=\"canonical\" href=\"https:\/\/elotroenfoque.mx\/index.php\/2026\/08\/31\/silao-reconoce-compromiso-de-familias-al-iniciar-las-clases\/\" \/>\n<meta property=\"og:locale\" content=\"es_MX\" \/>\n<meta property=\"og:type\" content=\"article\" \/>\n<meta property=\"og:title\" content=\"Silao reconoce compromiso de familias al iniciar las clases - El otro enfoque\" \/>\n<meta property=\"og:description\" content=\"El ciclo escolar en Silao comenz\u00f3 con un reconocimiento al esfuerzo de las familias y una petici\u00f3n para construir un domo escolar.\" \/>\n<meta property=\"og:url\" content=\"https:\/\/elotroenfoque.mx\/index.php\/2026\/08\/31\/silao-reconoce-compromiso-de-familias-al-iniciar-las-clases\/\" \/>\n<meta property=\"og:site_name\" content=\"El otro enfoque\" \/>\n<meta property=\"article:published_time\" content=\"2026-08-31T23:59:23+00:00\" \/>\n<meta property=\"article:modified_time\" content=\"2026-09-01T02:02:59+00:00\" \/>\n<meta property=\"og:image\" content=\"https:\/\/elotroenfoque.mx\/wp-content\/uploads\/2026\/08\/inician-clases-en-silao-1.jpeg\" \/>\n\t<meta property=\"og:image:width\" content=\"1600\" \/>\n\t<meta property=\"og:image:height\" content=\"900\" \/>\n\t<meta property=\"og:image:type\" content=\"image\/jpeg\" \/>\n<meta name=\"author\" content=\"Equipo Redaccion\" \/>\n<meta name=\"twitter:card\" content=\"summary_large_image\" \/>\n<meta name=\"twitter:label1\" content=\"Escrito por\" \/>\n\t<meta name=\"twitter:data1\" content=\"Equipo Redaccion\" \/>\n\t<meta name=\"twitter:label2\" content=\"Tiempo de lectura\" \/>\n\t<meta name=\"twitter:data2\" content=\"3 minutos\" \/>\n<script type=\"application\/ld+json\" class=\"yoast-schema-graph\">{\"@context\":\"https:\\\/\\\/schema.org\",\"@graph\":[{\"@type\":\"Article\",\"@id\":\"https:\\\/\\\/elotroenfoque.mx\\\/index.php\\\/2026\\\/08\\\/31\\\/silao-reconoce-compromiso-de-familias-al-iniciar-las-clases\\\/#article\",\"isPartOf\":{\"@id\":\"https:\\\/\\\/elotroenfoque.mx\\\/index.php\\\/2026\\\/08\\\/31\\\/silao-reconoce-compromiso-de-familias-al-iniciar-las-clases\\\/\"},\"author\":{\"name\":\"Equipo Redaccion\",\"@id\":\"https:\\\/\\\/elotroenfoque.mx\\\/#\\\/schema\\\/person\\\/8eb322f84d0bd9f337e462905519a1ae\"},\"headline\":\"Silao reconoce compromiso de familias al iniciar las clases\",\"datePublished\":\"2026-08-31T23:59:23+00:00\",\"dateModified\":\"2026-09-01T02:02:59+00:00\",\"mainEntityOfPage\":{\"@id\":\"https:\\\/\\\/elotroenfoque.mx\\\/index.php\\\/2026\\\/08\\\/31\\\/silao-reconoce-compromiso-de-familias-al-iniciar-las-clases\\\/\"},\"wordCount\":398,\"image\":{\"@id\":\"https:\\\/\\\/elotroenfoque.mx\\\/index.php\\\/2026\\\/08\\\/31\\\/silao-reconoce-compromiso-de-familias-al-iniciar-las-clases\\\/#primaryimage\"},\"thumbnailUrl\":\"https:\\\/\\\/elotroenfoque.mx\\\/wp-content\\\/uploads\\\/2026\\\/08\\\/inician-clases-en-silao-1.jpeg\",\"keywords\":[\"Guanajuato\",\"Noticias Guanajuato\"],\"articleSection\":[\"Noticias\"],\"inLanguage\":\"es\"},{\"@type\":\"WebPage\",\"@id\":\"https:\\\/\\\/elotroenfoque.mx\\\/index.php\\\/2026\\\/08\\\/31\\\/silao-reconoce-compromiso-de-familias-al-iniciar-las-clases\\\/\",\"url\":\"https:\\\/\\\/elotroenfoque.mx\\\/index.php\\\/2026\\\/08\\\/31\\\/silao-reconoce-compromiso-de-familias-al-iniciar-las-clases\\\/\",\"name\":\"Silao reconoce compromiso de familias al iniciar las clases - El otro enfoque\",\"isPartOf\":{\"@id\":\"https:\\\/\\\/elotroenfoque.mx\\\/#website\"},\"primaryImageOfPage\":{\"@id\":\"https:\\\/\\\/elotroenfoque.mx\\\/index.php\\\/2026\\\/08\\\/31\\\/silao-reconoce-compromiso-de-familias-al-iniciar-las-clases\\\/#primaryimage\"},\"image\":{\"@id\":\"https:\\\/\\\/elotroenfoque.mx\\\/index.php\\\/2026\\\/08\\\/31\\\/silao-reconoce-compromiso-de-familias-al-iniciar-las-clases\\\/#primaryimage\"},\"thumbnailUrl\":\"https:\\\/\\\/elotroenfoque.mx\\\/wp-content\\\/uploads\\\/2026\\\/08\\\/inician-clases-en-silao-1.jpeg\",\"datePublished\":\"2026-08-31T23:59:23+00:00\",\"dateModified\":\"2026-09-01T02:02:59+00:00\",\"author\":{\"@id\":\"https:\\\/\\\/elotroenfoque.mx\\\/#\\\/schema\\\/person\\\/8eb322f84d0bd9f337e462905519a1ae\"},\"description\":\"El ciclo escolar en Silao comenz\u00f3 con un reconocimiento al esfuerzo de las familias y una petici\u00f3n para construir un domo escolar.\",\"breadcrumb\":{\"@id\":\"https:\\\/\\\/elotroenfoque.mx\\\/index.php\\\/2026\\\/08\\\/31\\\/silao-reconoce-compromiso-de-familias-al-iniciar-las-clases\\\/#breadcrumb\"},\"inLanguage\":\"es\",\"potentialAction\":[{\"@type\":\"ReadAction\",\"target\":[\"https:\\\/\\\/elotroenfoque.mx\\\/index.php\\\/2026\\\/08\\\/31\\\/silao-reconoce-compromiso-de-familias-al-iniciar-las-clases\\\/\"]}]},{\"@type\":\"ImageObject\",\"inLanguage\":\"es\",\"@id\":\"https:\\\/\\\/elotroenfoque.mx\\\/index.php\\\/2026\\\/08\\\/31\\\/silao-reconoce-compromiso-de-familias-al-iniciar-las-clases\\\/#primaryimage\",\"url\":\"https:\\\/\\\/elotroenfoque.mx\\\/wp-content\\\/uploads\\\/2026\\\/08\\\/inician-clases-en-silao-1.jpeg\",\"contentUrl\":\"https:\\\/\\\/elotroenfoque.mx\\\/wp-content\\\/uploads\\\/2026\\\/08\\\/inician-clases-en-silao-1.jpeg\",\"width\":1600,\"height\":900},{\"@type\":\"BreadcrumbList\",\"@id\":\"https:\\\/\\\/elotroenfoque.mx\\\/index.php\\\/2026\\\/08\\\/31\\\/silao-reconoce-compromiso-de-familias-al-iniciar-las-clases\\\/#breadcrumb\",\"itemListElement\":[{\"@type\":\"ListItem\",\"position\":1,\"name\":\"Portada\",\"item\":\"https:\\\/\\\/elotroenfoque.mx\\\/\"},{\"@type\":\"ListItem\",\"position\":2,\"name\":\"Silao reconoce compromiso de familias al iniciar las clases\"}]},{\"@type\":\"WebSite\",\"@id\":\"https:\\\/\\\/elotroenfoque.mx\\\/#website\",\"url\":\"https:\\\/\\\/elotroenfoque.mx\\\/\",\"name\":\"El otro enfoque\",\"description\":\"\",\"potentialAction\":[{\"@type\":\"SearchAction\",\"target\":{\"@type\":\"EntryPoint\",\"urlTemplate\":\"https:\\\/\\\/elotroenfoque.mx\\\/?s={search_term_string}\"},\"query-input\":{\"@type\":\"PropertyValueSpecification\",\"valueRequired\":true,\"valueName\":\"search_term_string\"}}],\"inLanguage\":\"es\"},{\"@type\":\"Person\",\"@id\":\"https:\\\/\\\/elotroenfoque.mx\\\/#\\\/schema\\\/person\\\/8eb322f84d0bd9f337e462905519a1ae\",\"name\":\"Equipo Redaccion\",\"image\":{\"@type\":\"ImageObject\",\"inLanguage\":\"es\",\"@id\":\"https:\\\/\\\/secure.gravatar.com\\\/avatar\\\/3579478e2b4e7aad364a32b26cf744b360ae0e581ee1cd0cb18a8f239ee49ac4?s=96&d=mm&r=g\",\"url\":\"https:\\\/\\\/secure.gravatar.com\\\/avatar\\\/3579478e2b4e7aad364a32b26cf744b360ae0e581ee1cd0cb18a8f239ee49ac4?s=96&d=mm&r=g\",\"contentUrl\":\"https:\\\/\\\/secure.gravatar.com\\\/avatar\\\/3579478e2b4e7aad364a32b26cf744b360ae0e581ee1cd0cb18a8f239ee49ac4?s=96&d=mm&r=g\",\"caption\":\"Equipo Redaccion\"},\"url\":\"https:\\\/\\\/elotroenfoque.mx\\\/index.php\\\/author\\\/redaccion\\\/\"}]}<\/script>\n<!-- \/ Yoast SEO plugin. -->","yoast_head_json":{"title":"Silao reconoce compromiso de familias al iniciar las clases - El otro enfoque","description":"El ciclo escolar en Silao comenz\u00f3 con un reconocimiento al esfuerzo de las familias y una petici\u00f3n para construir un domo escolar.","robots":{"index":"index","follow":"follow","max-snippet":"max-snippet:-1","max-image-preview":"max-image-preview:large","max-video-preview":"max-video-preview:-1"},"canonical":"https:\/\/elotroenfoque.mx\/index.php\/2026\/08\/31\/silao-reconoce-compromiso-de-familias-al-iniciar-las-clases\/","og_locale":"es_MX","og_type":"article","og_title":"Silao reconoce compromiso de familias al iniciar las clases - El otro enfoque","og_description":"El ciclo escolar en Silao comenz\u00f3 con un reconocimiento al esfuerzo de las familias y una petici\u00f3n para construir un domo escolar.","og_url":"https:\/\/elotroenfoque.mx\/index.php\/2026\/08\/31\/silao-reconoce-compromiso-de-familias-al-iniciar-las-clases\/","og_site_name":"El otro enfoque","article_published_time":"2026-08-31T23:59:23+00:00","article_modified_time":"2026-09-01T02:02:59+00:00","og_image":[{"width":1600,"height":900,"url":"https:\/\/elotroenfoque.mx\/wp-content\/uploads\/2026\/08\/inician-clases-en-silao-1.jpeg","type":"image\/jpeg"}],"author":"Equipo Redaccion","twitter_card":"summary_large_image","twitter_misc":{"Escrito por":"Equipo Redaccion","Tiempo de lectura":"3 minutos"},"schema":{"@context":"https:\/\/schema.org","@graph":[{"@type":"Article","@id":"https:\/\/elotroenfoque.mx\/index.php\/2026\/08\/31\/silao-reconoce-compromiso-de-familias-al-iniciar-las-clases\/#article","isPartOf":{"@id":"https:\/\/elotroenfoque.mx\/index.php\/2026\/08\/31\/silao-reconoce-compromiso-de-familias-al-iniciar-las-clases\/"},"author":{"name":"Equipo Redaccion","@id":"https:\/\/elotroenfoque.mx\/#\/schema\/person\/8eb322f84d0bd9f337e462905519a1ae"},"headline":"Silao reconoce compromiso de familias al iniciar las clases","datePublished":"2026-08-31T23:59:23+00:00","dateModified":"2026-09-01T02:02:59+00:00","mainEntityOfPage":{"@id":"https:\/\/elotroenfoque.mx\/index.php\/2026\/08\/31\/silao-reconoce-compromiso-de-familias-al-iniciar-las-clases\/"},"wordCount":398,"image":{"@id":"https:\/\/elotroenfoque.mx\/index.php\/2026\/08\/31\/silao-reconoce-compromiso-de-familias-al-iniciar-las-clases\/#primaryimage"},"thumbnailUrl":"https:\/\/elotroenfoque.mx\/wp-content\/uploads\/2026\/08\/inician-clases-en-silao-1.jpeg","keywords":["Guanajuato","Noticias Guanajuato"],"articleSection":["Noticias"],"inLanguage":"es"},{"@type":"WebPage","@id":"https:\/\/elotroenfoque.mx\/index.php\/2026\/08\/31\/silao-reconoce-compromiso-de-familias-al-iniciar-las-clases\/","url":"https:\/\/elotroenfoque.mx\/index.php\/2026\/08\/31\/silao-reconoce-compromiso-de-familias-al-iniciar-las-clases\/","name":"Silao reconoce compromiso de familias al iniciar las clases - El otro enfoque","isPartOf":{"@id":"https:\/\/elotroenfoque.mx\/#website"},"primaryImageOfPage":{"@id":"https:\/\/elotroenfoque.mx\/index.php\/2026\/08\/31\/silao-reconoce-compromiso-de-familias-al-iniciar-las-clases\/#primaryimage"},"image":{"@id":"https:\/\/elotroenfoque.mx\/index.php\/2026\/08\/31\/silao-reconoce-compromiso-de-familias-al-iniciar-las-clases\/#primaryimage"},"thumbnailUrl":"https:\/\/elotroenfoque.mx\/wp-content\/uploads\/2026\/08\/inician-clases-en-silao-1.jpeg","datePublished":"2026-08-31T23:59:23+00:00","dateModified":"2026-09-01T02:02:59+00:00","author":{"@id":"https:\/\/elotroenfoque.mx\/#\/schema\/person\/8eb322f84d0bd9f337e462905519a1ae"},"description":"El ciclo escolar en Silao comenz\u00f3 con un reconocimiento al esfuerzo de las familias y una petici\u00f3n para construir un domo escolar.","breadcrumb":{"@id":"https:\/\/elotroenfoque.mx\/index.php\/2026\/08\/31\/silao-reconoce-compromiso-de-familias-al-iniciar-las-clases\/#breadcrumb"},"inLanguage":"es","potentialAction":[{"@type":"ReadAction","target":["https:\/\/elotroenfoque.mx\/index.php\/2026\/08\/31\/silao-reconoce-compromiso-de-familias-al-iniciar-las-clases\/"]}]},{"@type":"ImageObject","inLanguage":"es","@id":"https:\/\/elotroenfoque.mx\/index.php\/2026\/08\/31\/silao-reconoce-compromiso-de-familias-al-iniciar-las-clases\/#primaryimage","url":"https:\/\/elotroenfoque.mx\/wp-content\/uploads\/2026\/08\/inician-clases-en-silao-1.jpeg","contentUrl":"https:\/\/elotroenfoque.mx\/wp-content\/uploads\/2026\/08\/inician-clases-en-silao-1.jpeg","width":1600,"height":900},{"@type":"BreadcrumbList","@id":"https:\/\/elotroenfoque.mx\/index.php\/2026\/08\/31\/silao-reconoce-compromiso-de-familias-al-iniciar-las-clases\/#breadcrumb","itemListElement":[{"@type":"ListItem","position":1,"name":"Portada","item":"https:\/\/elotroenfoque.mx\/"},{"@type":"ListItem","position":2,"name":"Silao reconoce compromiso de familias al iniciar las clases"}]},{"@type":"WebSite","@id":"https:\/\/elotroenfoque.mx\/#website","url":"https:\/\/elotroenfoque.mx\/","name":"El otro enfoque","description":"","potentialAction":[{"@type":"SearchAction","target":{"@type":"EntryPoint","urlTemplate":"https:\/\/elotroenfoque.mx\/?s={search_term_string}"},"query-input":{"@type":"PropertyValueSpecification","valueRequired":true,"valueName":"search_term_string"}}],"inLanguage":"es"},{"@type":"Person","@id":"https:\/\/elotroenfoque.mx\/#\/schema\/person\/8eb322f84d0bd9f337e462905519a1ae","name":"Equipo Redaccion","image":{"@type":"ImageObject","inLanguage":"es","@id":"https:\/\/secure.gravatar.com\/avatar\/3579478e2b4e7aad364a32b26cf744b360ae0e581ee1cd0cb18a8f239ee49ac4?s=96&d=mm&r=g","url":"https:\/\/secure.gravatar.com\/avatar\/3579478e2b4e7aad364a32b26cf744b360ae0e581ee1cd0cb18a8f239ee49ac4?s=96&d=mm&r=g","contentUrl":"https:\/\/secure.gravatar.com\/avatar\/3579478e2b4e7aad364a32b26cf744b360ae0e581ee1cd0cb18a8f239ee49ac4?s=96&d=mm&r=g","caption":"Equipo Redaccion"},"url":"https:\/\/elotroenfoque.mx\/index.php\/author\/redaccion\/"}]}},"_links":{"self":[{"href":"https:\/\/elotroenfoque.mx\/index.php\/wp-json\/wp\/v2\/posts\/195247","targetHints":{"allow":["GET"]}}],"collection":[{"href":"https:\/\/elotroenfoque.mx\/index.php\/wp-json\/wp\/v2\/posts"}],"about":[{"href":"https:\/\/elotroenfoque.mx\/index.php\/wp-json\/wp\/v2\/types\/post"}],"author":[{"embeddable":true,"href":"https:\/\/elotroenfoque.mx\/index.php\/wp-json\/wp\/v2\/users\/4"}],"replies":[{"embeddable":true,"href":"https:\/\/elotroenfoque.mx\/index.php\/wp-json\/wp\/v2\/comments?post=195247"}],"version-history":[{"count":2,"href":"https:\/\/elotroenfoque.mx\/index.php\/wp-json\/wp\/v2\/posts\/195247\/revisions"}],"predecessor-version":[{"id":195266,"href":"https:\/\/elotroenfoque.mx\/index.php\/wp-json\/wp\/v2\/posts\/195247\/revisions\/195266"}],"wp:featuredmedia":[{"embeddable":true,"href":"https:\/\/elotroenfoque.mx\/index.php\/wp-json\/wp\/v2\/media\/195248"}],"wp:attachment":[{"href":"https:\/\/elotroenfoque.mx\/index.php\/wp-json\/wp\/v2\/media?parent=195247"}],"wp:term":[{"taxonomy":"category","embeddable":true,"href":"https:\/\/elotroenfoque.mx\/index.php\/wp-json\/wp\/v2\/categories?post=195247"},{"taxonomy":"post_tag","embeddable":true,"href":"https:\/\/elotroenfoque.mx\/index.php\/wp-json\/wp\/v2\/tags?post=195247"}],"curies":[{"name":"wp","href":"https:\/\/api.w.org\/{rel}","templated":true}]}}