{"id":195252,"date":"2026-08-31T18:30:04","date_gmt":"2026-09-01T00:30:04","guid":{"rendered":"https:\/\/elotroenfoque.mx\/?p=195252"},"modified":"2026-08-31T19:40:32","modified_gmt":"2026-09-01T01:40:32","slug":"activan-puesto-de-comando-de-proteccion-civil-en-guanajuato-para-prevenir-desastres","status":"publish","type":"post","link":"https:\/\/elotroenfoque.mx\/index.php\/2026\/08\/31\/activan-puesto-de-comando-de-proteccion-civil-en-guanajuato-para-prevenir-desastres\/","title":{"rendered":"Activan Puesto de Comando de Protecci\u00f3n Civil en Guanajuato para prevenir desastres"},"content":{"rendered":"\n<p class=\"wp-block-paragraph\">El Gobierno del Estado encabez\u00f3 la Tercera Sesi\u00f3n Ordinaria 2026 del Consejo Estatal de Protecci\u00f3n Civil para coordinar acciones de prevenci\u00f3n ante emergencias. <\/p>\n\n\n\n<p class=\"wp-block-paragraph\">La gobernadora Libia Dennise Garc\u00eda Mu\u00f1oz Ledo presidi\u00f3 la reuni\u00f3n junto a la coordinadora nacional de Protecci\u00f3n Civil, Laura Vel\u00e1zquez Alz\u00faa. Durante la jornada, las autoridades formalizaron la instalaci\u00f3n del Puesto de Comando de Protecci\u00f3n Civil en Guanajuato.<\/p>\n\n\n\n<figure class=\"wp-block-image size-full\"><img loading=\"lazy\" decoding=\"async\" width=\"720\" height=\"482\" src=\"https:\/\/elotroenfoque.mx\/wp-content\/uploads\/2026\/08\/instalan-puesto-de-comando-2.jpg\" alt=\"\" class=\"wp-image-195254\" srcset=\"https:\/\/elotroenfoque.mx\/wp-content\/uploads\/2026\/08\/instalan-puesto-de-comando-2.jpg 720w, https:\/\/elotroenfoque.mx\/wp-content\/uploads\/2026\/08\/instalan-puesto-de-comando-2-300x201.jpg 300w\" sizes=\"auto, (max-width: 720px) 100vw, 720px\" \/><\/figure>\n\n\n\n<p class=\"wp-block-paragraph\">Las autoridades evaluaron el seguimiento a la temporada de lluvias y ciclones tropicales en la entidad. Asimismo, la Secretar\u00eda del Agua y Medio Ambiente report\u00f3 seis obras de mitigaci\u00f3n de inundaciones realizadas en el r\u00edo Turbio. <\/p>\n\n\n\n<p class=\"wp-block-paragraph\">Las infraestructuras buscan proteger las zonas agr\u00edcolas y ganaderas de Manuel Doblado, Cuer\u00e1maro, Abasolo y P\u00e9njamo.<\/p>\n\n\n\n<p class=\"wp-block-paragraph\">Tambi\u00e9n lee: <strong><a href=\"https:\/\/elotroenfoque.mx\/index.php\/2026\/08\/31\/silao-reconoce-compromiso-de-familias-al-iniciar-las-clases\/\">Silao reconoce compromiso de familias al iniciar las clases<\/a><\/strong><\/p>\n\n\n\n<p class=\"wp-block-paragraph\">El nuevo Puesto de Comando coordinar\u00e1 las decisiones de respuesta inmediata ante desastres o contingencias naturales. Por este motivo, la mesa de trabajo re\u00fane la capacidad operativa de las dependencias federales, estatales y de los 46 municipios. Ciertamente, el esquema busca reducir los tiempos de atenci\u00f3n para las familias y sus bienes.<\/p>\n\n\n\n<h2 class=\"wp-block-heading\">Capacidad operativa y monitoreo<\/h2>\n\n\n\n<p class=\"wp-block-paragraph\">Las corporaciones informaron que 42 municipios cuentan con 246 equipos comunitarios de respuesta. En consecuencia, casi 3 mil brigadistas capacitados operan en la entidad para identificar riesgos locales. De igual manera, el grupo especializado USAR permanece activo para labores de rescate.<\/p>\n\n\n\n<figure class=\"wp-block-image size-full\"><img loading=\"lazy\" decoding=\"async\" width=\"700\" height=\"482\" src=\"https:\/\/elotroenfoque.mx\/wp-content\/uploads\/2026\/08\/instalan-puesto-de-comando-3.jpg\" alt=\"\" class=\"wp-image-195255\" srcset=\"https:\/\/elotroenfoque.mx\/wp-content\/uploads\/2026\/08\/instalan-puesto-de-comando-3.jpg 700w, https:\/\/elotroenfoque.mx\/wp-content\/uploads\/2026\/08\/instalan-puesto-de-comando-3-300x207.jpg 300w\" sizes=\"auto, (max-width: 700px) 100vw, 700px\" \/><\/figure>\n\n\n\n<p class=\"wp-block-paragraph\">El monitoreo de riesgos hidrometeorol\u00f3gicos se realiza mediante dos radares Doppler y 164 estaciones de medici\u00f3n. Por lo tanto, el sistema de alerta temprana registra el nivel de las presas y el comportamiento del clima en tiempo real. Adicionalmente, el personal t\u00e9cnico realiza revisiones constantes en laderas e inmuebles vulnerables.<\/p>\n\n\n\n<p class=\"wp-block-paragraph\">A la sesi\u00f3n asistieron el secretario de Gobierno, Jorge Daniel Jim\u00e9nez Lona, y el secretario de Seguridad y Paz, Juan Mauro Gonz\u00e1lez Mart\u00ednez. Adem\u00e1s, participaron alcaldes e integrantes de las coordinaciones municipales para dar seguimiento a los acuerdos de prevenci\u00f3n. <\/p>\n\n\n\n<p class=\"wp-block-paragraph\">Las instituciones mantendr\u00e1n los operativos de vigilancia vigentes en las distintas regiones del estado.<\/p>\n\n\n\n<p class=\"wp-block-paragraph\"><strong><a href=\"https:\/\/www.tiktok.com\/@elotroenfoque?_r=1&amp;_t=ZS-97ffhW6kR1t\">Sigue tambi\u00e9n las noticias en TikTok<\/a><\/strong><\/p>\n\n\n\n<p class=\"wp-block-paragraph\"><\/p>\n","protected":false},"excerpt":{"rendered":"<p>El Gobierno del Estado encabez\u00f3 la Tercera Sesi\u00f3n Ordinaria 2026 del Consejo Estatal de Protecci\u00f3n Civil para coordinar acciones de prevenci\u00f3n ante emergencias. La gobernadora Libia Dennise Garc\u00eda Mu\u00f1oz Ledo presidi\u00f3 la reuni\u00f3n junto a la coordinadora nacional de Protecci\u00f3n Civil, Laura Vel\u00e1zquez Alz\u00faa. Durante la jornada, las autoridades formalizaron la instalaci\u00f3n del Puesto de&#8230;<\/p>\n","protected":false},"author":4,"featured_media":195253,"comment_status":"closed","ping_status":"open","sticky":false,"template":"","format":"standard","meta":{"footnotes":""},"categories":[2],"tags":[13,4517],"class_list":["post-195252","post","type-post","status-publish","format-standard","has-post-thumbnail","hentry","category-noticias","tag-guanajuato","tag-noticias-guanajuato"],"yoast_head":"<!-- This site is optimized with the Yoast SEO plugin v28.2 - https:\/\/yoast.com\/product\/yoast-seo-wordpress\/ -->\n<title>Activan Puesto de Comando de Protecci\u00f3n Civil en Guanajuato para prevenir desastres - El otro enfoque<\/title>\n<meta name=\"description\" content=\"La gobernadora Libia Dennise encabez\u00f3 la sesi\u00f3n del Consejo de Protecci\u00f3n Civil en Guanajuato para instalar el Puesto de Comando estatal.\" \/>\n<meta name=\"robots\" content=\"index, follow, max-snippet:-1, max-image-preview:large, max-video-preview:-1\" \/>\n<link rel=\"canonical\" href=\"https:\/\/elotroenfoque.mx\/index.php\/2026\/08\/31\/activan-puesto-de-comando-de-proteccion-civil-en-guanajuato-para-prevenir-desastres\/\" \/>\n<meta property=\"og:locale\" content=\"es_MX\" \/>\n<meta property=\"og:type\" content=\"article\" \/>\n<meta property=\"og:title\" content=\"Activan Puesto de Comando de Protecci\u00f3n Civil en Guanajuato para prevenir desastres - El otro enfoque\" \/>\n<meta property=\"og:description\" content=\"La gobernadora Libia Dennise encabez\u00f3 la sesi\u00f3n del Consejo de Protecci\u00f3n Civil en Guanajuato para instalar el Puesto de Comando estatal.\" \/>\n<meta property=\"og:url\" content=\"https:\/\/elotroenfoque.mx\/index.php\/2026\/08\/31\/activan-puesto-de-comando-de-proteccion-civil-en-guanajuato-para-prevenir-desastres\/\" \/>\n<meta property=\"og:site_name\" content=\"El otro enfoque\" \/>\n<meta property=\"article:published_time\" content=\"2026-09-01T00:30:04+00:00\" \/>\n<meta property=\"article:modified_time\" content=\"2026-09-01T01:40:32+00:00\" \/>\n<meta property=\"og:image\" content=\"https:\/\/elotroenfoque.mx\/wp-content\/uploads\/2026\/08\/instalan-puesto-de-comando-1.jpg\" \/>\n\t<meta property=\"og:image:width\" content=\"767\" \/>\n\t<meta property=\"og:image:height\" content=\"482\" \/>\n\t<meta property=\"og:image:type\" content=\"image\/jpeg\" \/>\n<meta name=\"author\" content=\"Equipo Redaccion\" \/>\n<meta name=\"twitter:card\" content=\"summary_large_image\" \/>\n<meta name=\"twitter:label1\" content=\"Escrito por\" \/>\n\t<meta name=\"twitter:data1\" content=\"Equipo Redaccion\" \/>\n\t<meta name=\"twitter:label2\" content=\"Tiempo de lectura\" \/>\n\t<meta name=\"twitter:data2\" content=\"3 minutos\" \/>\n<script type=\"application\/ld+json\" class=\"yoast-schema-graph\">{\"@context\":\"https:\\\/\\\/schema.org\",\"@graph\":[{\"@type\":\"Article\",\"@id\":\"https:\\\/\\\/elotroenfoque.mx\\\/index.php\\\/2026\\\/08\\\/31\\\/activan-puesto-de-comando-de-proteccion-civil-en-guanajuato-para-prevenir-desastres\\\/#article\",\"isPartOf\":{\"@id\":\"https:\\\/\\\/elotroenfoque.mx\\\/index.php\\\/2026\\\/08\\\/31\\\/activan-puesto-de-comando-de-proteccion-civil-en-guanajuato-para-prevenir-desastres\\\/\"},\"author\":{\"name\":\"Equipo Redaccion\",\"@id\":\"https:\\\/\\\/elotroenfoque.mx\\\/#\\\/schema\\\/person\\\/8eb322f84d0bd9f337e462905519a1ae\"},\"headline\":\"Activan Puesto de Comando de Protecci\u00f3n Civil en Guanajuato para prevenir desastres\",\"datePublished\":\"2026-09-01T00:30:04+00:00\",\"dateModified\":\"2026-09-01T01:40:32+00:00\",\"mainEntityOfPage\":{\"@id\":\"https:\\\/\\\/elotroenfoque.mx\\\/index.php\\\/2026\\\/08\\\/31\\\/activan-puesto-de-comando-de-proteccion-civil-en-guanajuato-para-prevenir-desastres\\\/\"},\"wordCount\":369,\"image\":{\"@id\":\"https:\\\/\\\/elotroenfoque.mx\\\/index.php\\\/2026\\\/08\\\/31\\\/activan-puesto-de-comando-de-proteccion-civil-en-guanajuato-para-prevenir-desastres\\\/#primaryimage\"},\"thumbnailUrl\":\"https:\\\/\\\/elotroenfoque.mx\\\/wp-content\\\/uploads\\\/2026\\\/08\\\/instalan-puesto-de-comando-1.jpg\",\"keywords\":[\"Guanajuato\",\"Noticias Guanajuato\"],\"articleSection\":[\"Noticias\"],\"inLanguage\":\"es\"},{\"@type\":\"WebPage\",\"@id\":\"https:\\\/\\\/elotroenfoque.mx\\\/index.php\\\/2026\\\/08\\\/31\\\/activan-puesto-de-comando-de-proteccion-civil-en-guanajuato-para-prevenir-desastres\\\/\",\"url\":\"https:\\\/\\\/elotroenfoque.mx\\\/index.php\\\/2026\\\/08\\\/31\\\/activan-puesto-de-comando-de-proteccion-civil-en-guanajuato-para-prevenir-desastres\\\/\",\"name\":\"Activan Puesto de Comando de Protecci\u00f3n Civil en Guanajuato para prevenir desastres - El otro enfoque\",\"isPartOf\":{\"@id\":\"https:\\\/\\\/elotroenfoque.mx\\\/#website\"},\"primaryImageOfPage\":{\"@id\":\"https:\\\/\\\/elotroenfoque.mx\\\/index.php\\\/2026\\\/08\\\/31\\\/activan-puesto-de-comando-de-proteccion-civil-en-guanajuato-para-prevenir-desastres\\\/#primaryimage\"},\"image\":{\"@id\":\"https:\\\/\\\/elotroenfoque.mx\\\/index.php\\\/2026\\\/08\\\/31\\\/activan-puesto-de-comando-de-proteccion-civil-en-guanajuato-para-prevenir-desastres\\\/#primaryimage\"},\"thumbnailUrl\":\"https:\\\/\\\/elotroenfoque.mx\\\/wp-content\\\/uploads\\\/2026\\\/08\\\/instalan-puesto-de-comando-1.jpg\",\"datePublished\":\"2026-09-01T00:30:04+00:00\",\"dateModified\":\"2026-09-01T01:40:32+00:00\",\"author\":{\"@id\":\"https:\\\/\\\/elotroenfoque.mx\\\/#\\\/schema\\\/person\\\/8eb322f84d0bd9f337e462905519a1ae\"},\"description\":\"La gobernadora Libia Dennise encabez\u00f3 la sesi\u00f3n del Consejo de Protecci\u00f3n Civil en Guanajuato para instalar el Puesto de Comando estatal.\",\"breadcrumb\":{\"@id\":\"https:\\\/\\\/elotroenfoque.mx\\\/index.php\\\/2026\\\/08\\\/31\\\/activan-puesto-de-comando-de-proteccion-civil-en-guanajuato-para-prevenir-desastres\\\/#breadcrumb\"},\"inLanguage\":\"es\",\"potentialAction\":[{\"@type\":\"ReadAction\",\"target\":[\"https:\\\/\\\/elotroenfoque.mx\\\/index.php\\\/2026\\\/08\\\/31\\\/activan-puesto-de-comando-de-proteccion-civil-en-guanajuato-para-prevenir-desastres\\\/\"]}]},{\"@type\":\"ImageObject\",\"inLanguage\":\"es\",\"@id\":\"https:\\\/\\\/elotroenfoque.mx\\\/index.php\\\/2026\\\/08\\\/31\\\/activan-puesto-de-comando-de-proteccion-civil-en-guanajuato-para-prevenir-desastres\\\/#primaryimage\",\"url\":\"https:\\\/\\\/elotroenfoque.mx\\\/wp-content\\\/uploads\\\/2026\\\/08\\\/instalan-puesto-de-comando-1.jpg\",\"contentUrl\":\"https:\\\/\\\/elotroenfoque.mx\\\/wp-content\\\/uploads\\\/2026\\\/08\\\/instalan-puesto-de-comando-1.jpg\",\"width\":767,\"height\":482},{\"@type\":\"BreadcrumbList\",\"@id\":\"https:\\\/\\\/elotroenfoque.mx\\\/index.php\\\/2026\\\/08\\\/31\\\/activan-puesto-de-comando-de-proteccion-civil-en-guanajuato-para-prevenir-desastres\\\/#breadcrumb\",\"itemListElement\":[{\"@type\":\"ListItem\",\"position\":1,\"name\":\"Portada\",\"item\":\"https:\\\/\\\/elotroenfoque.mx\\\/\"},{\"@type\":\"ListItem\",\"position\":2,\"name\":\"Activan Puesto de Comando de Protecci\u00f3n Civil en Guanajuato para prevenir desastres\"}]},{\"@type\":\"WebSite\",\"@id\":\"https:\\\/\\\/elotroenfoque.mx\\\/#website\",\"url\":\"https:\\\/\\\/elotroenfoque.mx\\\/\",\"name\":\"El otro enfoque\",\"description\":\"\",\"potentialAction\":[{\"@type\":\"SearchAction\",\"target\":{\"@type\":\"EntryPoint\",\"urlTemplate\":\"https:\\\/\\\/elotroenfoque.mx\\\/?s={search_term_string}\"},\"query-input\":{\"@type\":\"PropertyValueSpecification\",\"valueRequired\":true,\"valueName\":\"search_term_string\"}}],\"inLanguage\":\"es\"},{\"@type\":\"Person\",\"@id\":\"https:\\\/\\\/elotroenfoque.mx\\\/#\\\/schema\\\/person\\\/8eb322f84d0bd9f337e462905519a1ae\",\"name\":\"Equipo Redaccion\",\"image\":{\"@type\":\"ImageObject\",\"inLanguage\":\"es\",\"@id\":\"https:\\\/\\\/secure.gravatar.com\\\/avatar\\\/3579478e2b4e7aad364a32b26cf744b360ae0e581ee1cd0cb18a8f239ee49ac4?s=96&d=mm&r=g\",\"url\":\"https:\\\/\\\/secure.gravatar.com\\\/avatar\\\/3579478e2b4e7aad364a32b26cf744b360ae0e581ee1cd0cb18a8f239ee49ac4?s=96&d=mm&r=g\",\"contentUrl\":\"https:\\\/\\\/secure.gravatar.com\\\/avatar\\\/3579478e2b4e7aad364a32b26cf744b360ae0e581ee1cd0cb18a8f239ee49ac4?s=96&d=mm&r=g\",\"caption\":\"Equipo Redaccion\"},\"url\":\"https:\\\/\\\/elotroenfoque.mx\\\/index.php\\\/author\\\/redaccion\\\/\"}]}<\/script>\n<!-- \/ Yoast SEO plugin. -->","yoast_head_json":{"title":"Activan Puesto de Comando de Protecci\u00f3n Civil en Guanajuato para prevenir desastres - El otro enfoque","description":"La gobernadora Libia Dennise encabez\u00f3 la sesi\u00f3n del Consejo de Protecci\u00f3n Civil en Guanajuato para instalar el Puesto de Comando estatal.","robots":{"index":"index","follow":"follow","max-snippet":"max-snippet:-1","max-image-preview":"max-image-preview:large","max-video-preview":"max-video-preview:-1"},"canonical":"https:\/\/elotroenfoque.mx\/index.php\/2026\/08\/31\/activan-puesto-de-comando-de-proteccion-civil-en-guanajuato-para-prevenir-desastres\/","og_locale":"es_MX","og_type":"article","og_title":"Activan Puesto de Comando de Protecci\u00f3n Civil en Guanajuato para prevenir desastres - El otro enfoque","og_description":"La gobernadora Libia Dennise encabez\u00f3 la sesi\u00f3n del Consejo de Protecci\u00f3n Civil en Guanajuato para instalar el Puesto de Comando estatal.","og_url":"https:\/\/elotroenfoque.mx\/index.php\/2026\/08\/31\/activan-puesto-de-comando-de-proteccion-civil-en-guanajuato-para-prevenir-desastres\/","og_site_name":"El otro enfoque","article_published_time":"2026-09-01T00:30:04+00:00","article_modified_time":"2026-09-01T01:40:32+00:00","og_image":[{"width":767,"height":482,"url":"https:\/\/elotroenfoque.mx\/wp-content\/uploads\/2026\/08\/instalan-puesto-de-comando-1.jpg","type":"image\/jpeg"}],"author":"Equipo Redaccion","twitter_card":"summary_large_image","twitter_misc":{"Escrito por":"Equipo Redaccion","Tiempo de lectura":"3 minutos"},"schema":{"@context":"https:\/\/schema.org","@graph":[{"@type":"Article","@id":"https:\/\/elotroenfoque.mx\/index.php\/2026\/08\/31\/activan-puesto-de-comando-de-proteccion-civil-en-guanajuato-para-prevenir-desastres\/#article","isPartOf":{"@id":"https:\/\/elotroenfoque.mx\/index.php\/2026\/08\/31\/activan-puesto-de-comando-de-proteccion-civil-en-guanajuato-para-prevenir-desastres\/"},"author":{"name":"Equipo Redaccion","@id":"https:\/\/elotroenfoque.mx\/#\/schema\/person\/8eb322f84d0bd9f337e462905519a1ae"},"headline":"Activan Puesto de Comando de Protecci\u00f3n Civil en Guanajuato para prevenir desastres","datePublished":"2026-09-01T00:30:04+00:00","dateModified":"2026-09-01T01:40:32+00:00","mainEntityOfPage":{"@id":"https:\/\/elotroenfoque.mx\/index.php\/2026\/08\/31\/activan-puesto-de-comando-de-proteccion-civil-en-guanajuato-para-prevenir-desastres\/"},"wordCount":369,"image":{"@id":"https:\/\/elotroenfoque.mx\/index.php\/2026\/08\/31\/activan-puesto-de-comando-de-proteccion-civil-en-guanajuato-para-prevenir-desastres\/#primaryimage"},"thumbnailUrl":"https:\/\/elotroenfoque.mx\/wp-content\/uploads\/2026\/08\/instalan-puesto-de-comando-1.jpg","keywords":["Guanajuato","Noticias Guanajuato"],"articleSection":["Noticias"],"inLanguage":"es"},{"@type":"WebPage","@id":"https:\/\/elotroenfoque.mx\/index.php\/2026\/08\/31\/activan-puesto-de-comando-de-proteccion-civil-en-guanajuato-para-prevenir-desastres\/","url":"https:\/\/elotroenfoque.mx\/index.php\/2026\/08\/31\/activan-puesto-de-comando-de-proteccion-civil-en-guanajuato-para-prevenir-desastres\/","name":"Activan Puesto de Comando de Protecci\u00f3n Civil en Guanajuato para prevenir desastres - El otro enfoque","isPartOf":{"@id":"https:\/\/elotroenfoque.mx\/#website"},"primaryImageOfPage":{"@id":"https:\/\/elotroenfoque.mx\/index.php\/2026\/08\/31\/activan-puesto-de-comando-de-proteccion-civil-en-guanajuato-para-prevenir-desastres\/#primaryimage"},"image":{"@id":"https:\/\/elotroenfoque.mx\/index.php\/2026\/08\/31\/activan-puesto-de-comando-de-proteccion-civil-en-guanajuato-para-prevenir-desastres\/#primaryimage"},"thumbnailUrl":"https:\/\/elotroenfoque.mx\/wp-content\/uploads\/2026\/08\/instalan-puesto-de-comando-1.jpg","datePublished":"2026-09-01T00:30:04+00:00","dateModified":"2026-09-01T01:40:32+00:00","author":{"@id":"https:\/\/elotroenfoque.mx\/#\/schema\/person\/8eb322f84d0bd9f337e462905519a1ae"},"description":"La gobernadora Libia Dennise encabez\u00f3 la sesi\u00f3n del Consejo de Protecci\u00f3n Civil en Guanajuato para instalar el Puesto de Comando estatal.","breadcrumb":{"@id":"https:\/\/elotroenfoque.mx\/index.php\/2026\/08\/31\/activan-puesto-de-comando-de-proteccion-civil-en-guanajuato-para-prevenir-desastres\/#breadcrumb"},"inLanguage":"es","potentialAction":[{"@type":"ReadAction","target":["https:\/\/elotroenfoque.mx\/index.php\/2026\/08\/31\/activan-puesto-de-comando-de-proteccion-civil-en-guanajuato-para-prevenir-desastres\/"]}]},{"@type":"ImageObject","inLanguage":"es","@id":"https:\/\/elotroenfoque.mx\/index.php\/2026\/08\/31\/activan-puesto-de-comando-de-proteccion-civil-en-guanajuato-para-prevenir-desastres\/#primaryimage","url":"https:\/\/elotroenfoque.mx\/wp-content\/uploads\/2026\/08\/instalan-puesto-de-comando-1.jpg","contentUrl":"https:\/\/elotroenfoque.mx\/wp-content\/uploads\/2026\/08\/instalan-puesto-de-comando-1.jpg","width":767,"height":482},{"@type":"BreadcrumbList","@id":"https:\/\/elotroenfoque.mx\/index.php\/2026\/08\/31\/activan-puesto-de-comando-de-proteccion-civil-en-guanajuato-para-prevenir-desastres\/#breadcrumb","itemListElement":[{"@type":"ListItem","position":1,"name":"Portada","item":"https:\/\/elotroenfoque.mx\/"},{"@type":"ListItem","position":2,"name":"Activan Puesto de Comando de Protecci\u00f3n Civil en Guanajuato para prevenir desastres"}]},{"@type":"WebSite","@id":"https:\/\/elotroenfoque.mx\/#website","url":"https:\/\/elotroenfoque.mx\/","name":"El otro enfoque","description":"","potentialAction":[{"@type":"SearchAction","target":{"@type":"EntryPoint","urlTemplate":"https:\/\/elotroenfoque.mx\/?s={search_term_string}"},"query-input":{"@type":"PropertyValueSpecification","valueRequired":true,"valueName":"search_term_string"}}],"inLanguage":"es"},{"@type":"Person","@id":"https:\/\/elotroenfoque.mx\/#\/schema\/person\/8eb322f84d0bd9f337e462905519a1ae","name":"Equipo Redaccion","image":{"@type":"ImageObject","inLanguage":"es","@id":"https:\/\/secure.gravatar.com\/avatar\/3579478e2b4e7aad364a32b26cf744b360ae0e581ee1cd0cb18a8f239ee49ac4?s=96&d=mm&r=g","url":"https:\/\/secure.gravatar.com\/avatar\/3579478e2b4e7aad364a32b26cf744b360ae0e581ee1cd0cb18a8f239ee49ac4?s=96&d=mm&r=g","contentUrl":"https:\/\/secure.gravatar.com\/avatar\/3579478e2b4e7aad364a32b26cf744b360ae0e581ee1cd0cb18a8f239ee49ac4?s=96&d=mm&r=g","caption":"Equipo Redaccion"},"url":"https:\/\/elotroenfoque.mx\/index.php\/author\/redaccion\/"}]}},"_links":{"self":[{"href":"https:\/\/elotroenfoque.mx\/index.php\/wp-json\/wp\/v2\/posts\/195252","targetHints":{"allow":["GET"]}}],"collection":[{"href":"https:\/\/elotroenfoque.mx\/index.php\/wp-json\/wp\/v2\/posts"}],"about":[{"href":"https:\/\/elotroenfoque.mx\/index.php\/wp-json\/wp\/v2\/types\/post"}],"author":[{"embeddable":true,"href":"https:\/\/elotroenfoque.mx\/index.php\/wp-json\/wp\/v2\/users\/4"}],"replies":[{"embeddable":true,"href":"https:\/\/elotroenfoque.mx\/index.php\/wp-json\/wp\/v2\/comments?post=195252"}],"version-history":[{"count":1,"href":"https:\/\/elotroenfoque.mx\/index.php\/wp-json\/wp\/v2\/posts\/195252\/revisions"}],"predecessor-version":[{"id":195256,"href":"https:\/\/elotroenfoque.mx\/index.php\/wp-json\/wp\/v2\/posts\/195252\/revisions\/195256"}],"wp:featuredmedia":[{"embeddable":true,"href":"https:\/\/elotroenfoque.mx\/index.php\/wp-json\/wp\/v2\/media\/195253"}],"wp:attachment":[{"href":"https:\/\/elotroenfoque.mx\/index.php\/wp-json\/wp\/v2\/media?parent=195252"}],"wp:term":[{"taxonomy":"category","embeddable":true,"href":"https:\/\/elotroenfoque.mx\/index.php\/wp-json\/wp\/v2\/categories?post=195252"},{"taxonomy":"post_tag","embeddable":true,"href":"https:\/\/elotroenfoque.mx\/index.php\/wp-json\/wp\/v2\/tags?post=195252"}],"curies":[{"name":"wp","href":"https:\/\/api.w.org\/{rel}","templated":true}]}}