{"id":195257,"date":"2026-08-31T19:07:14","date_gmt":"2026-09-01T01:07:14","guid":{"rendered":"https:\/\/elotroenfoque.mx\/?p=195257"},"modified":"2026-08-31T19:07:16","modified_gmt":"2026-09-01T01:07:16","slug":"localizan-en-silao-a-taxista-victima-de-secuestro-virtual","status":"publish","type":"post","link":"https:\/\/elotroenfoque.mx\/index.php\/2026\/08\/31\/localizan-en-silao-a-taxista-victima-de-secuestro-virtual\/","title":{"rendered":"Localizan en Silao a taxista v\u00edctima de secuestro virtual"},"content":{"rendered":"\n<p class=\"wp-block-paragraph\">Un taxista de 45 a\u00f1os, v\u00edctima de una extorsi\u00f3n en su modalidad de secuestro virtual, fue localizado por elementos de la Polic\u00eda Municipal de Silao.<\/p>\n\n\n\n<p class=\"wp-block-paragraph\">El conductor fue ubicado durante un operativo de b\u00fasqueda, luego de que autoridades recibieran un reporte a trav\u00e9s del Sistema de Emergencias 911.<\/p>\n\n\n\n<p class=\"wp-block-paragraph\">Tras localizarlo, los polic\u00edas lo protegieron y solicitaron atenci\u00f3n para valorar su estado f\u00edsico y emocional antes de que pudiera reencontrarse con sus familiares.<\/p>\n\n\n\n<figure class=\"wp-block-image size-large\"><img loading=\"lazy\" decoding=\"async\" width=\"1024\" height=\"768\" src=\"https:\/\/elotroenfoque.mx\/wp-content\/uploads\/2026\/08\/salvan-a-taxista-de-secuestro-en-silao-2-1024x768.jpeg\" alt=\"\" class=\"wp-image-195259\" srcset=\"https:\/\/elotroenfoque.mx\/wp-content\/uploads\/2026\/08\/salvan-a-taxista-de-secuestro-en-silao-2-1024x768.jpeg 1024w, https:\/\/elotroenfoque.mx\/wp-content\/uploads\/2026\/08\/salvan-a-taxista-de-secuestro-en-silao-2-300x225.jpeg 300w, https:\/\/elotroenfoque.mx\/wp-content\/uploads\/2026\/08\/salvan-a-taxista-de-secuestro-en-silao-2-768x576.jpeg 768w, https:\/\/elotroenfoque.mx\/wp-content\/uploads\/2026\/08\/salvan-a-taxista-de-secuestro-en-silao-2.jpeg 1280w\" sizes=\"auto, (max-width: 1024px) 100vw, 1024px\" \/><\/figure>\n\n\n\n<h2 class=\"wp-block-heading\">Polic\u00eda de Silao localiza al conductor<\/h2>\n\n\n\n<p class=\"wp-block-paragraph\">La intervenci\u00f3n comenz\u00f3 despu\u00e9s de que se reportara el caso al 911. Elementos municipales realizaron labores de b\u00fasqueda para ubicar al conductor y ponerlo a salvo.<\/p>\n\n\n\n<p class=\"wp-block-paragraph\">Una vez localizado, el hombre recibi\u00f3 primeros auxilios psicol\u00f3gicos y una valoraci\u00f3n m\u00e9dica. Posteriormente, fue acompa\u00f1ado hasta reencontrarse con sus familiares.<\/p>\n\n\n\n<p class=\"wp-block-paragraph\">Las autoridades no detallaron c\u00f3mo se desarroll\u00f3 la extorsi\u00f3n ni las condiciones en las que el taxista permaneci\u00f3 incomunicado.<\/p>\n\n\n\n<figure class=\"wp-block-image size-large\"><img loading=\"lazy\" decoding=\"async\" width=\"1024\" height=\"920\" src=\"https:\/\/elotroenfoque.mx\/wp-content\/uploads\/2026\/08\/salvan-a-taxista-de-secuestro-en-silao-3-1024x920.jpeg\" alt=\"\" class=\"wp-image-195260\" srcset=\"https:\/\/elotroenfoque.mx\/wp-content\/uploads\/2026\/08\/salvan-a-taxista-de-secuestro-en-silao-3-1024x920.jpeg 1024w, https:\/\/elotroenfoque.mx\/wp-content\/uploads\/2026\/08\/salvan-a-taxista-de-secuestro-en-silao-3-300x270.jpeg 300w, https:\/\/elotroenfoque.mx\/wp-content\/uploads\/2026\/08\/salvan-a-taxista-de-secuestro-en-silao-3-768x690.jpeg 768w, https:\/\/elotroenfoque.mx\/wp-content\/uploads\/2026\/08\/salvan-a-taxista-de-secuestro-en-silao-3.jpeg 1280w\" sizes=\"auto, (max-width: 1024px) 100vw, 1024px\" \/><\/figure>\n\n\n\n<h2 class=\"wp-block-heading\">Recomiendan evitar llamadas desconocidas<\/h2>\n\n\n\n<p class=\"wp-block-paragraph\">Ante este tipo de casos, la Secretar\u00eda de Seguridad Ciudadana recomend\u00f3 evitar contestar llamadas provenientes de n\u00fameros desconocidos.<\/p>\n\n\n\n<p class=\"wp-block-paragraph\">Si durante una llamada se reciben amenazas o se detecta un di\u00e1logo sospechoso, la dependencia pidi\u00f3 mantener la calma e interrumpir la comunicaci\u00f3n.<\/p>\n\n\n\n<p class=\"wp-block-paragraph\">Tambi\u00e9n lee: <strong><a href=\"https:\/\/elotroenfoque.mx\/index.php\/2026\/08\/31\/activan-puesto-de-comando-de-proteccion-civil-en-guanajuato-para-prevenir-desastres\/\">Activan Puesto de Comando de Protecci\u00f3n Civil en Guanajuato para prevenir desastres<\/a><\/strong><\/p>\n\n\n\n<p class=\"wp-block-paragraph\">Adem\u00e1s, recomend\u00f3 no seguir instrucciones de personas desconocidas y evitar proporcionar informaci\u00f3n personal que pueda facilitar una situaci\u00f3n de riesgo.<\/p>\n\n\n\n<p class=\"wp-block-paragraph\">La Secretar\u00eda de Seguridad Ciudadana tambi\u00e9n pidi\u00f3 mantener comunicaci\u00f3n permanente con familiares y personas de confianza.<\/p>\n\n\n\n<p class=\"wp-block-paragraph\">Asimismo, recomend\u00f3 informar la ubicaci\u00f3n cuando sea posible y solicitar apoyo de inmediato ante cualquier situaci\u00f3n que represente un riesgo.<\/p>\n\n\n\n<figure class=\"wp-block-image size-large\"><img loading=\"lazy\" decoding=\"async\" width=\"1024\" height=\"576\" src=\"https:\/\/elotroenfoque.mx\/wp-content\/uploads\/2026\/08\/salvan-a-taxista-de-secuestro-en-silao-4-1024x576.jpeg\" alt=\"\" class=\"wp-image-195261\" srcset=\"https:\/\/elotroenfoque.mx\/wp-content\/uploads\/2026\/08\/salvan-a-taxista-de-secuestro-en-silao-4-1024x576.jpeg 1024w, https:\/\/elotroenfoque.mx\/wp-content\/uploads\/2026\/08\/salvan-a-taxista-de-secuestro-en-silao-4-300x169.jpeg 300w, https:\/\/elotroenfoque.mx\/wp-content\/uploads\/2026\/08\/salvan-a-taxista-de-secuestro-en-silao-4-768x432.jpeg 768w, https:\/\/elotroenfoque.mx\/wp-content\/uploads\/2026\/08\/salvan-a-taxista-de-secuestro-en-silao-4.jpeg 1280w\" sizes=\"auto, (max-width: 1024px) 100vw, 1024px\" \/><\/figure>\n\n\n\n<p class=\"wp-block-paragraph\"><strong><a href=\"https:\/\/www.tiktok.com\/@elotroenfoque?_r=1&amp;_t=ZS-97ffhW6kR1t\">Sigue tambi\u00e9n las noticias en TikTok<\/a><\/strong><\/p>\n\n\n\n<p class=\"wp-block-paragraph\"><\/p>\n","protected":false},"excerpt":{"rendered":"<p>Un taxista de 45 a\u00f1os, v\u00edctima de una extorsi\u00f3n en su modalidad de secuestro virtual, fue localizado por elementos de la Polic\u00eda Municipal de Silao. El conductor fue ubicado durante un operativo de b\u00fasqueda, luego de que autoridades recibieran un reporte a trav\u00e9s del Sistema de Emergencias 911. Tras localizarlo, los polic\u00edas lo protegieron y&#8230;<\/p>\n","protected":false},"author":4,"featured_media":195258,"comment_status":"closed","ping_status":"open","sticky":false,"template":"","format":"standard","meta":{"footnotes":""},"categories":[8],"tags":[13,4517],"class_list":["post-195257","post","type-post","status-publish","format-standard","has-post-thumbnail","hentry","category-desenfoques","tag-guanajuato","tag-noticias-guanajuato"],"yoast_head":"<!-- This site is optimized with the Yoast SEO plugin v28.2 - https:\/\/yoast.com\/product\/yoast-seo-wordpress\/ -->\n<title>Localizan en Silao a taxista v\u00edctima de secuestro virtual - El otro enfoque<\/title>\n<meta name=\"description\" content=\"Polic\u00eda Municipal de Silao localiz\u00f3 a un taxista de 45 a\u00f1os v\u00edctima de un secuestro virtual tras recibir un reporte al 911.\" \/>\n<meta name=\"robots\" content=\"index, follow, max-snippet:-1, max-image-preview:large, max-video-preview:-1\" \/>\n<link rel=\"canonical\" href=\"https:\/\/elotroenfoque.mx\/index.php\/2026\/08\/31\/localizan-en-silao-a-taxista-victima-de-secuestro-virtual\/\" \/>\n<meta property=\"og:locale\" content=\"es_MX\" \/>\n<meta property=\"og:type\" content=\"article\" \/>\n<meta property=\"og:title\" content=\"Localizan en Silao a taxista v\u00edctima de secuestro virtual - El otro enfoque\" \/>\n<meta property=\"og:description\" content=\"Polic\u00eda Municipal de Silao localiz\u00f3 a un taxista de 45 a\u00f1os v\u00edctima de un secuestro virtual tras recibir un reporte al 911.\" \/>\n<meta property=\"og:url\" content=\"https:\/\/elotroenfoque.mx\/index.php\/2026\/08\/31\/localizan-en-silao-a-taxista-victima-de-secuestro-virtual\/\" \/>\n<meta property=\"og:site_name\" content=\"El otro enfoque\" \/>\n<meta property=\"article:published_time\" content=\"2026-09-01T01:07:14+00:00\" \/>\n<meta property=\"article:modified_time\" content=\"2026-09-01T01:07:16+00:00\" \/>\n<meta property=\"og:image\" content=\"https:\/\/elotroenfoque.mx\/wp-content\/uploads\/2026\/08\/salvan-a-taxista-de-secuestro-en-silao-1.jpeg\" \/>\n\t<meta property=\"og:image:width\" content=\"1280\" \/>\n\t<meta property=\"og:image:height\" content=\"960\" \/>\n\t<meta property=\"og:image:type\" content=\"image\/jpeg\" \/>\n<meta name=\"author\" content=\"Equipo Redaccion\" \/>\n<meta name=\"twitter:card\" content=\"summary_large_image\" \/>\n<meta name=\"twitter:label1\" content=\"Escrito por\" \/>\n\t<meta name=\"twitter:data1\" content=\"Equipo Redaccion\" \/>\n\t<meta name=\"twitter:label2\" content=\"Tiempo de lectura\" \/>\n\t<meta name=\"twitter:data2\" content=\"3 minutos\" \/>\n<script type=\"application\/ld+json\" class=\"yoast-schema-graph\">{\"@context\":\"https:\\\/\\\/schema.org\",\"@graph\":[{\"@type\":\"Article\",\"@id\":\"https:\\\/\\\/elotroenfoque.mx\\\/index.php\\\/2026\\\/08\\\/31\\\/localizan-en-silao-a-taxista-victima-de-secuestro-virtual\\\/#article\",\"isPartOf\":{\"@id\":\"https:\\\/\\\/elotroenfoque.mx\\\/index.php\\\/2026\\\/08\\\/31\\\/localizan-en-silao-a-taxista-victima-de-secuestro-virtual\\\/\"},\"author\":{\"name\":\"Equipo Redaccion\",\"@id\":\"https:\\\/\\\/elotroenfoque.mx\\\/#\\\/schema\\\/person\\\/8eb322f84d0bd9f337e462905519a1ae\"},\"headline\":\"Localizan en Silao a taxista v\u00edctima de secuestro virtual\",\"datePublished\":\"2026-09-01T01:07:14+00:00\",\"dateModified\":\"2026-09-01T01:07:16+00:00\",\"mainEntityOfPage\":{\"@id\":\"https:\\\/\\\/elotroenfoque.mx\\\/index.php\\\/2026\\\/08\\\/31\\\/localizan-en-silao-a-taxista-victima-de-secuestro-virtual\\\/\"},\"wordCount\":306,\"image\":{\"@id\":\"https:\\\/\\\/elotroenfoque.mx\\\/index.php\\\/2026\\\/08\\\/31\\\/localizan-en-silao-a-taxista-victima-de-secuestro-virtual\\\/#primaryimage\"},\"thumbnailUrl\":\"https:\\\/\\\/elotroenfoque.mx\\\/wp-content\\\/uploads\\\/2026\\\/08\\\/salvan-a-taxista-de-secuestro-en-silao-1.jpeg\",\"keywords\":[\"Guanajuato\",\"Noticias Guanajuato\"],\"articleSection\":[\"Desenfoques\"],\"inLanguage\":\"es\"},{\"@type\":\"WebPage\",\"@id\":\"https:\\\/\\\/elotroenfoque.mx\\\/index.php\\\/2026\\\/08\\\/31\\\/localizan-en-silao-a-taxista-victima-de-secuestro-virtual\\\/\",\"url\":\"https:\\\/\\\/elotroenfoque.mx\\\/index.php\\\/2026\\\/08\\\/31\\\/localizan-en-silao-a-taxista-victima-de-secuestro-virtual\\\/\",\"name\":\"Localizan en Silao a taxista v\u00edctima de secuestro virtual - El otro enfoque\",\"isPartOf\":{\"@id\":\"https:\\\/\\\/elotroenfoque.mx\\\/#website\"},\"primaryImageOfPage\":{\"@id\":\"https:\\\/\\\/elotroenfoque.mx\\\/index.php\\\/2026\\\/08\\\/31\\\/localizan-en-silao-a-taxista-victima-de-secuestro-virtual\\\/#primaryimage\"},\"image\":{\"@id\":\"https:\\\/\\\/elotroenfoque.mx\\\/index.php\\\/2026\\\/08\\\/31\\\/localizan-en-silao-a-taxista-victima-de-secuestro-virtual\\\/#primaryimage\"},\"thumbnailUrl\":\"https:\\\/\\\/elotroenfoque.mx\\\/wp-content\\\/uploads\\\/2026\\\/08\\\/salvan-a-taxista-de-secuestro-en-silao-1.jpeg\",\"datePublished\":\"2026-09-01T01:07:14+00:00\",\"dateModified\":\"2026-09-01T01:07:16+00:00\",\"author\":{\"@id\":\"https:\\\/\\\/elotroenfoque.mx\\\/#\\\/schema\\\/person\\\/8eb322f84d0bd9f337e462905519a1ae\"},\"description\":\"Polic\u00eda Municipal de Silao localiz\u00f3 a un taxista de 45 a\u00f1os v\u00edctima de un secuestro virtual tras recibir un reporte al 911.\",\"breadcrumb\":{\"@id\":\"https:\\\/\\\/elotroenfoque.mx\\\/index.php\\\/2026\\\/08\\\/31\\\/localizan-en-silao-a-taxista-victima-de-secuestro-virtual\\\/#breadcrumb\"},\"inLanguage\":\"es\",\"potentialAction\":[{\"@type\":\"ReadAction\",\"target\":[\"https:\\\/\\\/elotroenfoque.mx\\\/index.php\\\/2026\\\/08\\\/31\\\/localizan-en-silao-a-taxista-victima-de-secuestro-virtual\\\/\"]}]},{\"@type\":\"ImageObject\",\"inLanguage\":\"es\",\"@id\":\"https:\\\/\\\/elotroenfoque.mx\\\/index.php\\\/2026\\\/08\\\/31\\\/localizan-en-silao-a-taxista-victima-de-secuestro-virtual\\\/#primaryimage\",\"url\":\"https:\\\/\\\/elotroenfoque.mx\\\/wp-content\\\/uploads\\\/2026\\\/08\\\/salvan-a-taxista-de-secuestro-en-silao-1.jpeg\",\"contentUrl\":\"https:\\\/\\\/elotroenfoque.mx\\\/wp-content\\\/uploads\\\/2026\\\/08\\\/salvan-a-taxista-de-secuestro-en-silao-1.jpeg\",\"width\":1280,\"height\":960},{\"@type\":\"BreadcrumbList\",\"@id\":\"https:\\\/\\\/elotroenfoque.mx\\\/index.php\\\/2026\\\/08\\\/31\\\/localizan-en-silao-a-taxista-victima-de-secuestro-virtual\\\/#breadcrumb\",\"itemListElement\":[{\"@type\":\"ListItem\",\"position\":1,\"name\":\"Portada\",\"item\":\"https:\\\/\\\/elotroenfoque.mx\\\/\"},{\"@type\":\"ListItem\",\"position\":2,\"name\":\"Localizan en Silao a taxista v\u00edctima de secuestro virtual\"}]},{\"@type\":\"WebSite\",\"@id\":\"https:\\\/\\\/elotroenfoque.mx\\\/#website\",\"url\":\"https:\\\/\\\/elotroenfoque.mx\\\/\",\"name\":\"El otro enfoque\",\"description\":\"\",\"potentialAction\":[{\"@type\":\"SearchAction\",\"target\":{\"@type\":\"EntryPoint\",\"urlTemplate\":\"https:\\\/\\\/elotroenfoque.mx\\\/?s={search_term_string}\"},\"query-input\":{\"@type\":\"PropertyValueSpecification\",\"valueRequired\":true,\"valueName\":\"search_term_string\"}}],\"inLanguage\":\"es\"},{\"@type\":\"Person\",\"@id\":\"https:\\\/\\\/elotroenfoque.mx\\\/#\\\/schema\\\/person\\\/8eb322f84d0bd9f337e462905519a1ae\",\"name\":\"Equipo Redaccion\",\"image\":{\"@type\":\"ImageObject\",\"inLanguage\":\"es\",\"@id\":\"https:\\\/\\\/secure.gravatar.com\\\/avatar\\\/3579478e2b4e7aad364a32b26cf744b360ae0e581ee1cd0cb18a8f239ee49ac4?s=96&d=mm&r=g\",\"url\":\"https:\\\/\\\/secure.gravatar.com\\\/avatar\\\/3579478e2b4e7aad364a32b26cf744b360ae0e581ee1cd0cb18a8f239ee49ac4?s=96&d=mm&r=g\",\"contentUrl\":\"https:\\\/\\\/secure.gravatar.com\\\/avatar\\\/3579478e2b4e7aad364a32b26cf744b360ae0e581ee1cd0cb18a8f239ee49ac4?s=96&d=mm&r=g\",\"caption\":\"Equipo Redaccion\"},\"url\":\"https:\\\/\\\/elotroenfoque.mx\\\/index.php\\\/author\\\/redaccion\\\/\"}]}<\/script>\n<!-- \/ Yoast SEO plugin. -->","yoast_head_json":{"title":"Localizan en Silao a taxista v\u00edctima de secuestro virtual - El otro enfoque","description":"Polic\u00eda Municipal de Silao localiz\u00f3 a un taxista de 45 a\u00f1os v\u00edctima de un secuestro virtual tras recibir un reporte al 911.","robots":{"index":"index","follow":"follow","max-snippet":"max-snippet:-1","max-image-preview":"max-image-preview:large","max-video-preview":"max-video-preview:-1"},"canonical":"https:\/\/elotroenfoque.mx\/index.php\/2026\/08\/31\/localizan-en-silao-a-taxista-victima-de-secuestro-virtual\/","og_locale":"es_MX","og_type":"article","og_title":"Localizan en Silao a taxista v\u00edctima de secuestro virtual - El otro enfoque","og_description":"Polic\u00eda Municipal de Silao localiz\u00f3 a un taxista de 45 a\u00f1os v\u00edctima de un secuestro virtual tras recibir un reporte al 911.","og_url":"https:\/\/elotroenfoque.mx\/index.php\/2026\/08\/31\/localizan-en-silao-a-taxista-victima-de-secuestro-virtual\/","og_site_name":"El otro enfoque","article_published_time":"2026-09-01T01:07:14+00:00","article_modified_time":"2026-09-01T01:07:16+00:00","og_image":[{"width":1280,"height":960,"url":"https:\/\/elotroenfoque.mx\/wp-content\/uploads\/2026\/08\/salvan-a-taxista-de-secuestro-en-silao-1.jpeg","type":"image\/jpeg"}],"author":"Equipo Redaccion","twitter_card":"summary_large_image","twitter_misc":{"Escrito por":"Equipo Redaccion","Tiempo de lectura":"3 minutos"},"schema":{"@context":"https:\/\/schema.org","@graph":[{"@type":"Article","@id":"https:\/\/elotroenfoque.mx\/index.php\/2026\/08\/31\/localizan-en-silao-a-taxista-victima-de-secuestro-virtual\/#article","isPartOf":{"@id":"https:\/\/elotroenfoque.mx\/index.php\/2026\/08\/31\/localizan-en-silao-a-taxista-victima-de-secuestro-virtual\/"},"author":{"name":"Equipo Redaccion","@id":"https:\/\/elotroenfoque.mx\/#\/schema\/person\/8eb322f84d0bd9f337e462905519a1ae"},"headline":"Localizan en Silao a taxista v\u00edctima de secuestro virtual","datePublished":"2026-09-01T01:07:14+00:00","dateModified":"2026-09-01T01:07:16+00:00","mainEntityOfPage":{"@id":"https:\/\/elotroenfoque.mx\/index.php\/2026\/08\/31\/localizan-en-silao-a-taxista-victima-de-secuestro-virtual\/"},"wordCount":306,"image":{"@id":"https:\/\/elotroenfoque.mx\/index.php\/2026\/08\/31\/localizan-en-silao-a-taxista-victima-de-secuestro-virtual\/#primaryimage"},"thumbnailUrl":"https:\/\/elotroenfoque.mx\/wp-content\/uploads\/2026\/08\/salvan-a-taxista-de-secuestro-en-silao-1.jpeg","keywords":["Guanajuato","Noticias Guanajuato"],"articleSection":["Desenfoques"],"inLanguage":"es"},{"@type":"WebPage","@id":"https:\/\/elotroenfoque.mx\/index.php\/2026\/08\/31\/localizan-en-silao-a-taxista-victima-de-secuestro-virtual\/","url":"https:\/\/elotroenfoque.mx\/index.php\/2026\/08\/31\/localizan-en-silao-a-taxista-victima-de-secuestro-virtual\/","name":"Localizan en Silao a taxista v\u00edctima de secuestro virtual - El otro enfoque","isPartOf":{"@id":"https:\/\/elotroenfoque.mx\/#website"},"primaryImageOfPage":{"@id":"https:\/\/elotroenfoque.mx\/index.php\/2026\/08\/31\/localizan-en-silao-a-taxista-victima-de-secuestro-virtual\/#primaryimage"},"image":{"@id":"https:\/\/elotroenfoque.mx\/index.php\/2026\/08\/31\/localizan-en-silao-a-taxista-victima-de-secuestro-virtual\/#primaryimage"},"thumbnailUrl":"https:\/\/elotroenfoque.mx\/wp-content\/uploads\/2026\/08\/salvan-a-taxista-de-secuestro-en-silao-1.jpeg","datePublished":"2026-09-01T01:07:14+00:00","dateModified":"2026-09-01T01:07:16+00:00","author":{"@id":"https:\/\/elotroenfoque.mx\/#\/schema\/person\/8eb322f84d0bd9f337e462905519a1ae"},"description":"Polic\u00eda Municipal de Silao localiz\u00f3 a un taxista de 45 a\u00f1os v\u00edctima de un secuestro virtual tras recibir un reporte al 911.","breadcrumb":{"@id":"https:\/\/elotroenfoque.mx\/index.php\/2026\/08\/31\/localizan-en-silao-a-taxista-victima-de-secuestro-virtual\/#breadcrumb"},"inLanguage":"es","potentialAction":[{"@type":"ReadAction","target":["https:\/\/elotroenfoque.mx\/index.php\/2026\/08\/31\/localizan-en-silao-a-taxista-victima-de-secuestro-virtual\/"]}]},{"@type":"ImageObject","inLanguage":"es","@id":"https:\/\/elotroenfoque.mx\/index.php\/2026\/08\/31\/localizan-en-silao-a-taxista-victima-de-secuestro-virtual\/#primaryimage","url":"https:\/\/elotroenfoque.mx\/wp-content\/uploads\/2026\/08\/salvan-a-taxista-de-secuestro-en-silao-1.jpeg","contentUrl":"https:\/\/elotroenfoque.mx\/wp-content\/uploads\/2026\/08\/salvan-a-taxista-de-secuestro-en-silao-1.jpeg","width":1280,"height":960},{"@type":"BreadcrumbList","@id":"https:\/\/elotroenfoque.mx\/index.php\/2026\/08\/31\/localizan-en-silao-a-taxista-victima-de-secuestro-virtual\/#breadcrumb","itemListElement":[{"@type":"ListItem","position":1,"name":"Portada","item":"https:\/\/elotroenfoque.mx\/"},{"@type":"ListItem","position":2,"name":"Localizan en Silao a taxista v\u00edctima de secuestro virtual"}]},{"@type":"WebSite","@id":"https:\/\/elotroenfoque.mx\/#website","url":"https:\/\/elotroenfoque.mx\/","name":"El otro enfoque","description":"","potentialAction":[{"@type":"SearchAction","target":{"@type":"EntryPoint","urlTemplate":"https:\/\/elotroenfoque.mx\/?s={search_term_string}"},"query-input":{"@type":"PropertyValueSpecification","valueRequired":true,"valueName":"search_term_string"}}],"inLanguage":"es"},{"@type":"Person","@id":"https:\/\/elotroenfoque.mx\/#\/schema\/person\/8eb322f84d0bd9f337e462905519a1ae","name":"Equipo Redaccion","image":{"@type":"ImageObject","inLanguage":"es","@id":"https:\/\/secure.gravatar.com\/avatar\/3579478e2b4e7aad364a32b26cf744b360ae0e581ee1cd0cb18a8f239ee49ac4?s=96&d=mm&r=g","url":"https:\/\/secure.gravatar.com\/avatar\/3579478e2b4e7aad364a32b26cf744b360ae0e581ee1cd0cb18a8f239ee49ac4?s=96&d=mm&r=g","contentUrl":"https:\/\/secure.gravatar.com\/avatar\/3579478e2b4e7aad364a32b26cf744b360ae0e581ee1cd0cb18a8f239ee49ac4?s=96&d=mm&r=g","caption":"Equipo Redaccion"},"url":"https:\/\/elotroenfoque.mx\/index.php\/author\/redaccion\/"}]}},"_links":{"self":[{"href":"https:\/\/elotroenfoque.mx\/index.php\/wp-json\/wp\/v2\/posts\/195257","targetHints":{"allow":["GET"]}}],"collection":[{"href":"https:\/\/elotroenfoque.mx\/index.php\/wp-json\/wp\/v2\/posts"}],"about":[{"href":"https:\/\/elotroenfoque.mx\/index.php\/wp-json\/wp\/v2\/types\/post"}],"author":[{"embeddable":true,"href":"https:\/\/elotroenfoque.mx\/index.php\/wp-json\/wp\/v2\/users\/4"}],"replies":[{"embeddable":true,"href":"https:\/\/elotroenfoque.mx\/index.php\/wp-json\/wp\/v2\/comments?post=195257"}],"version-history":[{"count":1,"href":"https:\/\/elotroenfoque.mx\/index.php\/wp-json\/wp\/v2\/posts\/195257\/revisions"}],"predecessor-version":[{"id":195262,"href":"https:\/\/elotroenfoque.mx\/index.php\/wp-json\/wp\/v2\/posts\/195257\/revisions\/195262"}],"wp:featuredmedia":[{"embeddable":true,"href":"https:\/\/elotroenfoque.mx\/index.php\/wp-json\/wp\/v2\/media\/195258"}],"wp:attachment":[{"href":"https:\/\/elotroenfoque.mx\/index.php\/wp-json\/wp\/v2\/media?parent=195257"}],"wp:term":[{"taxonomy":"category","embeddable":true,"href":"https:\/\/elotroenfoque.mx\/index.php\/wp-json\/wp\/v2\/categories?post=195257"},{"taxonomy":"post_tag","embeddable":true,"href":"https:\/\/elotroenfoque.mx\/index.php\/wp-json\/wp\/v2\/tags?post=195257"}],"curies":[{"name":"wp","href":"https:\/\/api.w.org\/{rel}","templated":true}]}}