{"id":195263,"date":"2026-08-31T19:34:13","date_gmt":"2026-09-01T01:34:13","guid":{"rendered":"https:\/\/elotroenfoque.mx\/?p=195263"},"modified":"2026-08-31T19:34:14","modified_gmt":"2026-09-01T01:34:14","slug":"hallan-a-cinco-hombres-asesinados-en-santiago-maravatio","status":"publish","type":"post","link":"https:\/\/elotroenfoque.mx\/index.php\/2026\/08\/31\/hallan-a-cinco-hombres-asesinados-en-santiago-maravatio\/","title":{"rendered":"Hallan a cinco hombres asesinados en Santiago Maravat\u00edo"},"content":{"rendered":"\n<p class=\"wp-block-paragraph\">Los cuerpos de cinco hombres con huellas de violencia e impactos de bala fueron localizados este lunes sobre el bulevar principal de Santiago Maravat\u00edo. <\/p>\n\n\n\n<p class=\"wp-block-paragraph\">Las v\u00edctimas se encontraban a un costado de un negocio de materiales en el acceso al municipio, por lo que el hallazgo de estos hombres asesinados provoc\u00f3 un amplio despliegue de seguridad.<\/p>\n\n\n\n<p class=\"wp-block-paragraph\">Una llamada al n\u00famero de emergencias 911 alert\u00f3 a las corporaciones sobre la presencia de las personas tiradas en la colonia Francisco Villa. <\/p>\n\n\n\n<p class=\"wp-block-paragraph\">Elementos de la Polic\u00eda Municipal acudieron a la zona para resguardar la escena del crimen. Las corporaciones de seguridad implementaron los protocolos del primer respondiente tras confirmar los decesos.<\/p>\n\n\n\n<p class=\"wp-block-paragraph\">Agentes de la Fiscal\u00eda General del Estado de Guanajuato iniciaron las primeras indagatorias para integrar la carpeta de investigaci\u00f3n. <\/p>\n\n\n\n<p class=\"wp-block-paragraph\">De acuerdo con los datos preliminares, las v\u00edctimas habr\u00edan sido ultimadas en otro sitio antes de abandonar los cuerpos. Los agentes periciales procesaron el \u00e1rea en busca de indicios bal\u00edsticos.<\/p>\n\n\n\n<h2 class=\"wp-block-heading\">Operativo en la zona del hallazgo<\/h2>\n\n\n\n<p class=\"wp-block-paragraph\">Elementos del Ej\u00e9rcito Mexicano y de la Guardia Nacional reforzaron la vigilancia en las v\u00edas de acceso a la cabecera municipal. Asimismo, las corporaciones mantuvieron el acordonamiento mientras los agentes ministeriales recababan testimonios entre los transe\u00fantes. Las identidades de los cinco occisos permanecen en calidad de desconocidas.<\/p>\n\n\n\n<p class=\"wp-block-paragraph\"><strong><a href=\"https:\/\/elotroenfoque.mx\/index.php\/2026\/08\/31\/localizan-en-silao-a-taxista-victima-de-secuestro-virtual\/\">\u00bfQu\u00e9 le pas\u00f3 a un taxista de Silao que fue rescatado por la Polic\u00eda?<\/a><\/strong><\/p>\n\n\n\n<p class=\"wp-block-paragraph\">Personal del Servicio M\u00e9dico Forense traslad\u00f3 los restos a sus instalaciones para practicarles las necropsias correspondientes conforme a la ley. <\/p>\n\n\n\n<p class=\"wp-block-paragraph\">De igual manera, los especialistas laboran en las pruebas periciales para lograr la identificaci\u00f3n de las v\u00edctimas. Las autoridades estatales mantienen abiertas las pesquisas para esclarecer el m\u00faltiple homicidio.<\/p>\n\n\n\n<p class=\"wp-block-paragraph\">Por este motivo, la fiscal\u00eda continuar\u00e1 con los trabajos de investigaci\u00f3n para dar con los responsables del ataque. Las corporaciones mantendr\u00e1n la vigilancia preventiva en los l\u00edmites del municipio.<\/p>\n\n\n\n<p class=\"wp-block-paragraph\"><strong><a href=\"https:\/\/www.tiktok.com\/@elotroenfoque?_r=1&amp;_t=ZS-97ffhW6kR1t\">Sigue tambi\u00e9n las noticias en TikTok<\/a><\/strong><\/p>\n\n\n\n<p class=\"wp-block-paragraph\"><\/p>\n","protected":false},"excerpt":{"rendered":"<p>Los cuerpos de cinco hombres con huellas de violencia e impactos de bala fueron localizados este lunes sobre el bulevar principal de Santiago Maravat\u00edo. Las v\u00edctimas se encontraban a un costado de un negocio de materiales en el acceso al municipio, por lo que el hallazgo de estos hombres asesinados provoc\u00f3 un amplio despliegue de&#8230;<\/p>\n","protected":false},"author":4,"featured_media":195264,"comment_status":"closed","ping_status":"open","sticky":false,"template":"","format":"standard","meta":{"footnotes":""},"categories":[8],"tags":[13,4517],"class_list":["post-195263","post","type-post","status-publish","format-standard","has-post-thumbnail","hentry","category-desenfoques","tag-guanajuato","tag-noticias-guanajuato"],"yoast_head":"<!-- This site is optimized with the Yoast SEO plugin v28.2 - https:\/\/yoast.com\/product\/yoast-seo-wordpress\/ -->\n<title>Hallan a cinco hombres asesinados en Santiago Maravat\u00edo - El otro enfoque<\/title>\n<meta name=\"description\" content=\"Autoridades localizaron a cinco hombres con signos de violencia a un costado de la entrada principal al municipio de Santiago Maravat\u00edo.\" \/>\n<meta name=\"robots\" content=\"index, follow, max-snippet:-1, max-image-preview:large, max-video-preview:-1\" \/>\n<link rel=\"canonical\" href=\"https:\/\/elotroenfoque.mx\/index.php\/2026\/08\/31\/hallan-a-cinco-hombres-asesinados-en-santiago-maravatio\/\" \/>\n<meta property=\"og:locale\" content=\"es_MX\" \/>\n<meta property=\"og:type\" content=\"article\" \/>\n<meta property=\"og:title\" content=\"Hallan a cinco hombres asesinados en Santiago Maravat\u00edo - El otro enfoque\" \/>\n<meta property=\"og:description\" content=\"Autoridades localizaron a cinco hombres con signos de violencia a un costado de la entrada principal al municipio de Santiago Maravat\u00edo.\" \/>\n<meta property=\"og:url\" content=\"https:\/\/elotroenfoque.mx\/index.php\/2026\/08\/31\/hallan-a-cinco-hombres-asesinados-en-santiago-maravatio\/\" \/>\n<meta property=\"og:site_name\" content=\"El otro enfoque\" \/>\n<meta property=\"article:published_time\" content=\"2026-09-01T01:34:13+00:00\" \/>\n<meta property=\"article:modified_time\" content=\"2026-09-01T01:34:14+00:00\" \/>\n<meta property=\"og:image\" content=\"https:\/\/elotroenfoque.mx\/wp-content\/uploads\/2026\/08\/masacran-a-5-en-santiago-maravatio.jpg\" \/>\n\t<meta property=\"og:image:width\" content=\"647\" \/>\n\t<meta property=\"og:image:height\" content=\"362\" \/>\n\t<meta property=\"og:image:type\" content=\"image\/jpeg\" \/>\n<meta name=\"author\" content=\"Equipo Redaccion\" \/>\n<meta name=\"twitter:card\" content=\"summary_large_image\" \/>\n<meta name=\"twitter:label1\" content=\"Escrito por\" \/>\n\t<meta name=\"twitter:data1\" content=\"Equipo Redaccion\" \/>\n\t<meta name=\"twitter:label2\" content=\"Tiempo de lectura\" \/>\n\t<meta name=\"twitter:data2\" content=\"2 minutos\" \/>\n<script type=\"application\/ld+json\" class=\"yoast-schema-graph\">{\"@context\":\"https:\\\/\\\/schema.org\",\"@graph\":[{\"@type\":\"Article\",\"@id\":\"https:\\\/\\\/elotroenfoque.mx\\\/index.php\\\/2026\\\/08\\\/31\\\/hallan-a-cinco-hombres-asesinados-en-santiago-maravatio\\\/#article\",\"isPartOf\":{\"@id\":\"https:\\\/\\\/elotroenfoque.mx\\\/index.php\\\/2026\\\/08\\\/31\\\/hallan-a-cinco-hombres-asesinados-en-santiago-maravatio\\\/\"},\"author\":{\"name\":\"Equipo Redaccion\",\"@id\":\"https:\\\/\\\/elotroenfoque.mx\\\/#\\\/schema\\\/person\\\/8eb322f84d0bd9f337e462905519a1ae\"},\"headline\":\"Hallan a cinco hombres asesinados en Santiago Maravat\u00edo\",\"datePublished\":\"2026-09-01T01:34:13+00:00\",\"dateModified\":\"2026-09-01T01:34:14+00:00\",\"mainEntityOfPage\":{\"@id\":\"https:\\\/\\\/elotroenfoque.mx\\\/index.php\\\/2026\\\/08\\\/31\\\/hallan-a-cinco-hombres-asesinados-en-santiago-maravatio\\\/\"},\"wordCount\":338,\"image\":{\"@id\":\"https:\\\/\\\/elotroenfoque.mx\\\/index.php\\\/2026\\\/08\\\/31\\\/hallan-a-cinco-hombres-asesinados-en-santiago-maravatio\\\/#primaryimage\"},\"thumbnailUrl\":\"https:\\\/\\\/elotroenfoque.mx\\\/wp-content\\\/uploads\\\/2026\\\/08\\\/masacran-a-5-en-santiago-maravatio.jpg\",\"keywords\":[\"Guanajuato\",\"Noticias Guanajuato\"],\"articleSection\":[\"Desenfoques\"],\"inLanguage\":\"es\"},{\"@type\":\"WebPage\",\"@id\":\"https:\\\/\\\/elotroenfoque.mx\\\/index.php\\\/2026\\\/08\\\/31\\\/hallan-a-cinco-hombres-asesinados-en-santiago-maravatio\\\/\",\"url\":\"https:\\\/\\\/elotroenfoque.mx\\\/index.php\\\/2026\\\/08\\\/31\\\/hallan-a-cinco-hombres-asesinados-en-santiago-maravatio\\\/\",\"name\":\"Hallan a cinco hombres asesinados en Santiago Maravat\u00edo - El otro enfoque\",\"isPartOf\":{\"@id\":\"https:\\\/\\\/elotroenfoque.mx\\\/#website\"},\"primaryImageOfPage\":{\"@id\":\"https:\\\/\\\/elotroenfoque.mx\\\/index.php\\\/2026\\\/08\\\/31\\\/hallan-a-cinco-hombres-asesinados-en-santiago-maravatio\\\/#primaryimage\"},\"image\":{\"@id\":\"https:\\\/\\\/elotroenfoque.mx\\\/index.php\\\/2026\\\/08\\\/31\\\/hallan-a-cinco-hombres-asesinados-en-santiago-maravatio\\\/#primaryimage\"},\"thumbnailUrl\":\"https:\\\/\\\/elotroenfoque.mx\\\/wp-content\\\/uploads\\\/2026\\\/08\\\/masacran-a-5-en-santiago-maravatio.jpg\",\"datePublished\":\"2026-09-01T01:34:13+00:00\",\"dateModified\":\"2026-09-01T01:34:14+00:00\",\"author\":{\"@id\":\"https:\\\/\\\/elotroenfoque.mx\\\/#\\\/schema\\\/person\\\/8eb322f84d0bd9f337e462905519a1ae\"},\"description\":\"Autoridades localizaron a cinco hombres con signos de violencia a un costado de la entrada principal al municipio de Santiago Maravat\u00edo.\",\"breadcrumb\":{\"@id\":\"https:\\\/\\\/elotroenfoque.mx\\\/index.php\\\/2026\\\/08\\\/31\\\/hallan-a-cinco-hombres-asesinados-en-santiago-maravatio\\\/#breadcrumb\"},\"inLanguage\":\"es\",\"potentialAction\":[{\"@type\":\"ReadAction\",\"target\":[\"https:\\\/\\\/elotroenfoque.mx\\\/index.php\\\/2026\\\/08\\\/31\\\/hallan-a-cinco-hombres-asesinados-en-santiago-maravatio\\\/\"]}]},{\"@type\":\"ImageObject\",\"inLanguage\":\"es\",\"@id\":\"https:\\\/\\\/elotroenfoque.mx\\\/index.php\\\/2026\\\/08\\\/31\\\/hallan-a-cinco-hombres-asesinados-en-santiago-maravatio\\\/#primaryimage\",\"url\":\"https:\\\/\\\/elotroenfoque.mx\\\/wp-content\\\/uploads\\\/2026\\\/08\\\/masacran-a-5-en-santiago-maravatio.jpg\",\"contentUrl\":\"https:\\\/\\\/elotroenfoque.mx\\\/wp-content\\\/uploads\\\/2026\\\/08\\\/masacran-a-5-en-santiago-maravatio.jpg\",\"width\":647,\"height\":362},{\"@type\":\"BreadcrumbList\",\"@id\":\"https:\\\/\\\/elotroenfoque.mx\\\/index.php\\\/2026\\\/08\\\/31\\\/hallan-a-cinco-hombres-asesinados-en-santiago-maravatio\\\/#breadcrumb\",\"itemListElement\":[{\"@type\":\"ListItem\",\"position\":1,\"name\":\"Portada\",\"item\":\"https:\\\/\\\/elotroenfoque.mx\\\/\"},{\"@type\":\"ListItem\",\"position\":2,\"name\":\"Hallan a cinco hombres asesinados en Santiago Maravat\u00edo\"}]},{\"@type\":\"WebSite\",\"@id\":\"https:\\\/\\\/elotroenfoque.mx\\\/#website\",\"url\":\"https:\\\/\\\/elotroenfoque.mx\\\/\",\"name\":\"El otro enfoque\",\"description\":\"\",\"potentialAction\":[{\"@type\":\"SearchAction\",\"target\":{\"@type\":\"EntryPoint\",\"urlTemplate\":\"https:\\\/\\\/elotroenfoque.mx\\\/?s={search_term_string}\"},\"query-input\":{\"@type\":\"PropertyValueSpecification\",\"valueRequired\":true,\"valueName\":\"search_term_string\"}}],\"inLanguage\":\"es\"},{\"@type\":\"Person\",\"@id\":\"https:\\\/\\\/elotroenfoque.mx\\\/#\\\/schema\\\/person\\\/8eb322f84d0bd9f337e462905519a1ae\",\"name\":\"Equipo Redaccion\",\"image\":{\"@type\":\"ImageObject\",\"inLanguage\":\"es\",\"@id\":\"https:\\\/\\\/secure.gravatar.com\\\/avatar\\\/3579478e2b4e7aad364a32b26cf744b360ae0e581ee1cd0cb18a8f239ee49ac4?s=96&d=mm&r=g\",\"url\":\"https:\\\/\\\/secure.gravatar.com\\\/avatar\\\/3579478e2b4e7aad364a32b26cf744b360ae0e581ee1cd0cb18a8f239ee49ac4?s=96&d=mm&r=g\",\"contentUrl\":\"https:\\\/\\\/secure.gravatar.com\\\/avatar\\\/3579478e2b4e7aad364a32b26cf744b360ae0e581ee1cd0cb18a8f239ee49ac4?s=96&d=mm&r=g\",\"caption\":\"Equipo Redaccion\"},\"url\":\"https:\\\/\\\/elotroenfoque.mx\\\/index.php\\\/author\\\/redaccion\\\/\"}]}<\/script>\n<!-- \/ Yoast SEO plugin. -->","yoast_head_json":{"title":"Hallan a cinco hombres asesinados en Santiago Maravat\u00edo - El otro enfoque","description":"Autoridades localizaron a cinco hombres con signos de violencia a un costado de la entrada principal al municipio de Santiago Maravat\u00edo.","robots":{"index":"index","follow":"follow","max-snippet":"max-snippet:-1","max-image-preview":"max-image-preview:large","max-video-preview":"max-video-preview:-1"},"canonical":"https:\/\/elotroenfoque.mx\/index.php\/2026\/08\/31\/hallan-a-cinco-hombres-asesinados-en-santiago-maravatio\/","og_locale":"es_MX","og_type":"article","og_title":"Hallan a cinco hombres asesinados en Santiago Maravat\u00edo - El otro enfoque","og_description":"Autoridades localizaron a cinco hombres con signos de violencia a un costado de la entrada principal al municipio de Santiago Maravat\u00edo.","og_url":"https:\/\/elotroenfoque.mx\/index.php\/2026\/08\/31\/hallan-a-cinco-hombres-asesinados-en-santiago-maravatio\/","og_site_name":"El otro enfoque","article_published_time":"2026-09-01T01:34:13+00:00","article_modified_time":"2026-09-01T01:34:14+00:00","og_image":[{"width":647,"height":362,"url":"https:\/\/elotroenfoque.mx\/wp-content\/uploads\/2026\/08\/masacran-a-5-en-santiago-maravatio.jpg","type":"image\/jpeg"}],"author":"Equipo Redaccion","twitter_card":"summary_large_image","twitter_misc":{"Escrito por":"Equipo Redaccion","Tiempo de lectura":"2 minutos"},"schema":{"@context":"https:\/\/schema.org","@graph":[{"@type":"Article","@id":"https:\/\/elotroenfoque.mx\/index.php\/2026\/08\/31\/hallan-a-cinco-hombres-asesinados-en-santiago-maravatio\/#article","isPartOf":{"@id":"https:\/\/elotroenfoque.mx\/index.php\/2026\/08\/31\/hallan-a-cinco-hombres-asesinados-en-santiago-maravatio\/"},"author":{"name":"Equipo Redaccion","@id":"https:\/\/elotroenfoque.mx\/#\/schema\/person\/8eb322f84d0bd9f337e462905519a1ae"},"headline":"Hallan a cinco hombres asesinados en Santiago Maravat\u00edo","datePublished":"2026-09-01T01:34:13+00:00","dateModified":"2026-09-01T01:34:14+00:00","mainEntityOfPage":{"@id":"https:\/\/elotroenfoque.mx\/index.php\/2026\/08\/31\/hallan-a-cinco-hombres-asesinados-en-santiago-maravatio\/"},"wordCount":338,"image":{"@id":"https:\/\/elotroenfoque.mx\/index.php\/2026\/08\/31\/hallan-a-cinco-hombres-asesinados-en-santiago-maravatio\/#primaryimage"},"thumbnailUrl":"https:\/\/elotroenfoque.mx\/wp-content\/uploads\/2026\/08\/masacran-a-5-en-santiago-maravatio.jpg","keywords":["Guanajuato","Noticias Guanajuato"],"articleSection":["Desenfoques"],"inLanguage":"es"},{"@type":"WebPage","@id":"https:\/\/elotroenfoque.mx\/index.php\/2026\/08\/31\/hallan-a-cinco-hombres-asesinados-en-santiago-maravatio\/","url":"https:\/\/elotroenfoque.mx\/index.php\/2026\/08\/31\/hallan-a-cinco-hombres-asesinados-en-santiago-maravatio\/","name":"Hallan a cinco hombres asesinados en Santiago Maravat\u00edo - El otro enfoque","isPartOf":{"@id":"https:\/\/elotroenfoque.mx\/#website"},"primaryImageOfPage":{"@id":"https:\/\/elotroenfoque.mx\/index.php\/2026\/08\/31\/hallan-a-cinco-hombres-asesinados-en-santiago-maravatio\/#primaryimage"},"image":{"@id":"https:\/\/elotroenfoque.mx\/index.php\/2026\/08\/31\/hallan-a-cinco-hombres-asesinados-en-santiago-maravatio\/#primaryimage"},"thumbnailUrl":"https:\/\/elotroenfoque.mx\/wp-content\/uploads\/2026\/08\/masacran-a-5-en-santiago-maravatio.jpg","datePublished":"2026-09-01T01:34:13+00:00","dateModified":"2026-09-01T01:34:14+00:00","author":{"@id":"https:\/\/elotroenfoque.mx\/#\/schema\/person\/8eb322f84d0bd9f337e462905519a1ae"},"description":"Autoridades localizaron a cinco hombres con signos de violencia a un costado de la entrada principal al municipio de Santiago Maravat\u00edo.","breadcrumb":{"@id":"https:\/\/elotroenfoque.mx\/index.php\/2026\/08\/31\/hallan-a-cinco-hombres-asesinados-en-santiago-maravatio\/#breadcrumb"},"inLanguage":"es","potentialAction":[{"@type":"ReadAction","target":["https:\/\/elotroenfoque.mx\/index.php\/2026\/08\/31\/hallan-a-cinco-hombres-asesinados-en-santiago-maravatio\/"]}]},{"@type":"ImageObject","inLanguage":"es","@id":"https:\/\/elotroenfoque.mx\/index.php\/2026\/08\/31\/hallan-a-cinco-hombres-asesinados-en-santiago-maravatio\/#primaryimage","url":"https:\/\/elotroenfoque.mx\/wp-content\/uploads\/2026\/08\/masacran-a-5-en-santiago-maravatio.jpg","contentUrl":"https:\/\/elotroenfoque.mx\/wp-content\/uploads\/2026\/08\/masacran-a-5-en-santiago-maravatio.jpg","width":647,"height":362},{"@type":"BreadcrumbList","@id":"https:\/\/elotroenfoque.mx\/index.php\/2026\/08\/31\/hallan-a-cinco-hombres-asesinados-en-santiago-maravatio\/#breadcrumb","itemListElement":[{"@type":"ListItem","position":1,"name":"Portada","item":"https:\/\/elotroenfoque.mx\/"},{"@type":"ListItem","position":2,"name":"Hallan a cinco hombres asesinados en Santiago Maravat\u00edo"}]},{"@type":"WebSite","@id":"https:\/\/elotroenfoque.mx\/#website","url":"https:\/\/elotroenfoque.mx\/","name":"El otro enfoque","description":"","potentialAction":[{"@type":"SearchAction","target":{"@type":"EntryPoint","urlTemplate":"https:\/\/elotroenfoque.mx\/?s={search_term_string}"},"query-input":{"@type":"PropertyValueSpecification","valueRequired":true,"valueName":"search_term_string"}}],"inLanguage":"es"},{"@type":"Person","@id":"https:\/\/elotroenfoque.mx\/#\/schema\/person\/8eb322f84d0bd9f337e462905519a1ae","name":"Equipo Redaccion","image":{"@type":"ImageObject","inLanguage":"es","@id":"https:\/\/secure.gravatar.com\/avatar\/3579478e2b4e7aad364a32b26cf744b360ae0e581ee1cd0cb18a8f239ee49ac4?s=96&d=mm&r=g","url":"https:\/\/secure.gravatar.com\/avatar\/3579478e2b4e7aad364a32b26cf744b360ae0e581ee1cd0cb18a8f239ee49ac4?s=96&d=mm&r=g","contentUrl":"https:\/\/secure.gravatar.com\/avatar\/3579478e2b4e7aad364a32b26cf744b360ae0e581ee1cd0cb18a8f239ee49ac4?s=96&d=mm&r=g","caption":"Equipo Redaccion"},"url":"https:\/\/elotroenfoque.mx\/index.php\/author\/redaccion\/"}]}},"_links":{"self":[{"href":"https:\/\/elotroenfoque.mx\/index.php\/wp-json\/wp\/v2\/posts\/195263","targetHints":{"allow":["GET"]}}],"collection":[{"href":"https:\/\/elotroenfoque.mx\/index.php\/wp-json\/wp\/v2\/posts"}],"about":[{"href":"https:\/\/elotroenfoque.mx\/index.php\/wp-json\/wp\/v2\/types\/post"}],"author":[{"embeddable":true,"href":"https:\/\/elotroenfoque.mx\/index.php\/wp-json\/wp\/v2\/users\/4"}],"replies":[{"embeddable":true,"href":"https:\/\/elotroenfoque.mx\/index.php\/wp-json\/wp\/v2\/comments?post=195263"}],"version-history":[{"count":1,"href":"https:\/\/elotroenfoque.mx\/index.php\/wp-json\/wp\/v2\/posts\/195263\/revisions"}],"predecessor-version":[{"id":195265,"href":"https:\/\/elotroenfoque.mx\/index.php\/wp-json\/wp\/v2\/posts\/195263\/revisions\/195265"}],"wp:featuredmedia":[{"embeddable":true,"href":"https:\/\/elotroenfoque.mx\/index.php\/wp-json\/wp\/v2\/media\/195264"}],"wp:attachment":[{"href":"https:\/\/elotroenfoque.mx\/index.php\/wp-json\/wp\/v2\/media?parent=195263"}],"wp:term":[{"taxonomy":"category","embeddable":true,"href":"https:\/\/elotroenfoque.mx\/index.php\/wp-json\/wp\/v2\/categories?post=195263"},{"taxonomy":"post_tag","embeddable":true,"href":"https:\/\/elotroenfoque.mx\/index.php\/wp-json\/wp\/v2\/tags?post=195263"}],"curies":[{"name":"wp","href":"https:\/\/api.w.org\/{rel}","templated":true}]}}