{"id":195284,"date":"2026-08-31T23:10:05","date_gmt":"2026-09-01T05:10:05","guid":{"rendered":"https:\/\/elotroenfoque.mx\/?p=195284"},"modified":"2026-08-31T23:15:02","modified_gmt":"2026-09-01T05:15:02","slug":"documentos-estatales-niegan-recurso-para-santa-clara-melanie-sostiene-que-esta-validado","status":"publish","type":"post","link":"https:\/\/elotroenfoque.mx\/index.php\/2026\/08\/31\/documentos-estatales-niegan-recurso-para-santa-clara-melanie-sostiene-que-esta-validado\/","title":{"rendered":"Documentos estatales niegan recurso para Santa Clara; Melanie sostiene que est\u00e1 validado"},"content":{"rendered":"\n<p class=\"wp-block-paragraph\">El regidor C\u00e9sar Arregu\u00edn afirm\u00f3 que documentos estatales prueban que Santa Clara de Marines nunca tuvo recursos formalmente asignados para ejecutar esa obra p\u00fablica.<\/p>\n\n\n\n<p class=\"wp-block-paragraph\">La Presidencia Municipal respondi\u00f3 que el proyecto existe, Obra P\u00fablica lo valid\u00f3 desde marzo y el Estado mantiene disponible el recurso ofrecido para ejecutarlo.<\/p>\n\n\n\n<p class=\"wp-block-paragraph\">Arregu\u00edn hizo su denuncia mediante un video en Facebook, donde cuestion\u00f3 la versi\u00f3n que la alcaldesa Melanie Murillo sostuvo durante semanas sobre esos recursos.<\/p>\n\n\n\n<figure class=\"wp-block-image size-large\"><img loading=\"lazy\" decoding=\"async\" width=\"740\" height=\"1024\" src=\"https:\/\/elotroenfoque.mx\/wp-content\/uploads\/2026\/08\/REGIDOR-740x1024.jpg\" alt=\"\" class=\"wp-image-195286\" srcset=\"https:\/\/elotroenfoque.mx\/wp-content\/uploads\/2026\/08\/REGIDOR-740x1024.jpg 740w, https:\/\/elotroenfoque.mx\/wp-content\/uploads\/2026\/08\/REGIDOR-217x300.jpg 217w, https:\/\/elotroenfoque.mx\/wp-content\/uploads\/2026\/08\/REGIDOR-767x1062.jpg 767w, https:\/\/elotroenfoque.mx\/wp-content\/uploads\/2026\/08\/REGIDOR-1110x1536.jpg 1110w, https:\/\/elotroenfoque.mx\/wp-content\/uploads\/2026\/08\/REGIDOR.jpg 1156w\" sizes=\"auto, (max-width: 740px) 100vw, 740px\" \/><\/figure>\n\n\n\n<p class=\"wp-block-paragraph\">El regidor mostr\u00f3 respuestas de Finanzas, Obra P\u00fablica y Nuevo Comienzo, dependencias que, seg\u00fan explic\u00f3, no registran partida, convenio ni programa estatal de inversi\u00f3n.<\/p>\n\n\n\n<p class=\"wp-block-paragraph\">Tambi\u00e9n se\u00f1al\u00f3 que ninguna dependencia estatal entreg\u00f3 un oficio de cancelaci\u00f3n o retiro de recursos, por lo cual cuestion\u00f3 que pudiera hablarse de p\u00e9rdida.<\/p>\n\n\n\n<p class=\"wp-block-paragraph\">Arregu\u00edn plante\u00f3 una pregunta directa: c\u00f3mo pudo perder Silao un dinero que, seg\u00fan los documentos recibidos, nunca apareci\u00f3 formalmente asignado al proyecto Santa Clara.<\/p>\n\n\n\n<p class=\"wp-block-paragraph\">Para el regidor, esa ausencia documental contradice la narrativa que responsabiliz\u00f3 a integrantes del Ayuntamiento por impedir recursos destinados a Santa Clara de Marines.<\/p>\n\n\n\n<blockquote class=\"wp-block-quote is-layout-flow wp-block-quote-is-layout-flow\">\n<p class=\"wp-block-paragraph\">ALCALDESA MELANIE, SOSTIENE QUE EL PROYECTO EST\u00c1 VALIDADO<\/p>\n<\/blockquote>\n\n\n\n<p class=\"wp-block-paragraph\">Horas despu\u00e9s, la Presidencia Municipal respondi\u00f3 mediante un comunicado y sostuvo que los documentos citados por Arregu\u00edn corresponden a etapas administrativas posteriores del proceso.<\/p>\n\n\n\n<p class=\"wp-block-paragraph\">El gobierno municipal explic\u00f3 que primero debe liberar el derecho de v\u00eda, es decir, pagar las afectaciones necesarias a propietarios de terrenos involucrados directamente.<\/p>\n\n\n\n<figure class=\"wp-block-image size-full\"><img loading=\"lazy\" decoding=\"async\" width=\"853\" height=\"568\" src=\"https:\/\/elotroenfoque.mx\/wp-content\/uploads\/2026\/08\/MELA-2.jpg\" alt=\"\" class=\"wp-image-195287\" srcset=\"https:\/\/elotroenfoque.mx\/wp-content\/uploads\/2026\/08\/MELA-2.jpg 853w, https:\/\/elotroenfoque.mx\/wp-content\/uploads\/2026\/08\/MELA-2-300x200.jpg 300w, https:\/\/elotroenfoque.mx\/wp-content\/uploads\/2026\/08\/MELA-2-767x511.jpg 767w, https:\/\/elotroenfoque.mx\/wp-content\/uploads\/2026\/08\/MELA-2-600x400.jpg 600w\" sizes=\"auto, (max-width: 853px) 100vw, 853px\" \/><\/figure>\n\n\n\n<p class=\"wp-block-paragraph\">Despu\u00e9s de ese paso, seg\u00fan la Presidencia, corresponde formalizar la partida presupuestal, firmar el convenio y registrar la obra dentro del programa estatal correspondiente.<\/p>\n\n\n\n<p class=\"wp-block-paragraph\">Melanie Murillo sostuvo que la Secretar\u00eda de Obra P\u00fablica valid\u00f3 el proyecto ejecutivo desde marzo de 2026 mediante un oficio emitido por esa dependencia.<\/p>\n\n\n\n<p class=\"wp-block-paragraph\">Adem\u00e1s, asegur\u00f3 que el Estado mantiene ofrecido y disponible el recurso, porque ninguna dependencia ha emitido un documento que ordene cancelarlo o retirarlo ahora.<\/p>\n\n\n\n<p class=\"wp-block-paragraph\">El conflicto comenz\u00f3 cuando el Ayuntamiento discuti\u00f3 recursos municipales para pagar afectaciones de predios necesarios para abrir y construir la nueva vialidad de acceso.<\/p>\n\n\n\n<p class=\"wp-block-paragraph\">El tema pas\u00f3 por tres sesiones de Cabildo, mesas de trabajo y una visita a la zona, sin alcanzar acuerdos entre los regidores municipales.<\/p>\n\n\n\n<p class=\"wp-block-paragraph\">Durante esas discusiones, el gobierno municipal sostuvo que la falta de aprobaci\u00f3n pon\u00eda en riesgo recursos estatales y frenaba una obra importante para Silao.<\/p>\n\n\n\n<p class=\"wp-block-paragraph\">Los opositores cuestionaron esa versi\u00f3n y pidieron documentos que demostraran cu\u00e1nto dinero hab\u00eda, d\u00f3nde estaba registrado y qu\u00e9 compromiso formal exist\u00eda con el Estado.<\/p>\n\n\n\n<p class=\"wp-block-paragraph\">Ahora, las respuestas obtenidas por Arregu\u00edn colocaron nuevamente ese debate en el centro, porque muestran que todav\u00eda no existe una asignaci\u00f3n presupuestal formal registrada.<\/p>\n\n\n\n<p class=\"wp-block-paragraph\">La Presidencia sostiene que eso resulta normal, porque primero debe resolver las afectaciones; Arregu\u00edn considera que nunca debi\u00f3 hablarse de recursos estatales ya perdidos.<\/p>\n\n\n\n<p class=\"wp-block-paragraph\">Tambi\u00e9n lee:&nbsp;<strong><a href=\"https:\/\/elotroenfoque.mx\/index.php\/2026\/08\/31\/presenta-libia-dennise-plataforma-de-salud-en-guanajuato\/\">Presenta Libia Dennise plataforma de salud en Guanajuato<\/a><\/strong><\/p>\n\n\n\n<p class=\"wp-block-paragraph\">As\u00ed, la diferencia est\u00e1 en una palabra: asignado. Arregu\u00edn dice que nunca estuvo asignado; Melanie afirma que estaba ofrecido y sigue disponible para Silao.<\/p>\n\n\n\n<p class=\"wp-block-paragraph\"><strong><a href=\"https:\/\/www.tiktok.com\/@elotroenfoque?_r=1&amp;_t=ZS-97ffhW6kR1t\">Sigue tambi\u00e9n las noticias en TikTok<\/a><\/strong><\/p>\n\n\n\n<p class=\"wp-block-paragraph\"><\/p>\n","protected":false},"excerpt":{"rendered":"<p>El regidor C\u00e9sar Arregu\u00edn afirm\u00f3 que documentos estatales prueban que Santa Clara de Marines nunca tuvo recursos formalmente asignados para ejecutar esa obra p\u00fablica. La Presidencia Municipal respondi\u00f3 que el proyecto existe, Obra P\u00fablica lo valid\u00f3 desde marzo y el Estado mantiene disponible el recurso ofrecido para ejecutarlo. Arregu\u00edn hizo su denuncia mediante un video&#8230;<\/p>\n","protected":false},"author":4,"featured_media":195294,"comment_status":"closed","ping_status":"open","sticky":false,"template":"","format":"standard","meta":{"footnotes":""},"categories":[8646],"tags":[13,15735,4517,4520],"class_list":["post-195284","post","type-post","status-publish","format-standard","has-post-thumbnail","hentry","category-principales","tag-guanajuato","tag-melanie-murillo","tag-noticias-guanajuato","tag-noticias-silao"],"yoast_head":"<!-- This site is optimized with the Yoast SEO plugin v28.2 - https:\/\/yoast.com\/product\/yoast-seo-wordpress\/ -->\n<title>Documentos estatales niegan recurso para Santa Clara; Melanie sostiene que est\u00e1 validado - El otro enfoque<\/title>\n<meta name=\"description\" content=\"Regidor de Morena, cuestion\u00f3 p\u00fablicamente versi\u00f3n de alcaldesa de Silao por recursos para Santa Clara y ella sostiene que est\u00e1 validado\" \/>\n<meta name=\"robots\" content=\"index, follow, max-snippet:-1, max-image-preview:large, max-video-preview:-1\" \/>\n<link rel=\"canonical\" href=\"https:\/\/elotroenfoque.mx\/index.php\/2026\/08\/31\/documentos-estatales-niegan-recurso-para-santa-clara-melanie-sostiene-que-esta-validado\/\" \/>\n<meta property=\"og:locale\" content=\"es_MX\" \/>\n<meta property=\"og:type\" content=\"article\" \/>\n<meta property=\"og:title\" content=\"Documentos estatales niegan recurso para Santa Clara; Melanie sostiene que est\u00e1 validado - El otro enfoque\" \/>\n<meta property=\"og:description\" content=\"Regidor de Morena, cuestion\u00f3 p\u00fablicamente versi\u00f3n de alcaldesa de Silao por recursos para Santa Clara y ella sostiene que est\u00e1 validado\" \/>\n<meta property=\"og:url\" content=\"https:\/\/elotroenfoque.mx\/index.php\/2026\/08\/31\/documentos-estatales-niegan-recurso-para-santa-clara-melanie-sostiene-que-esta-validado\/\" \/>\n<meta property=\"og:site_name\" content=\"El otro enfoque\" \/>\n<meta property=\"article:published_time\" content=\"2026-09-01T05:10:05+00:00\" \/>\n<meta property=\"article:modified_time\" content=\"2026-09-01T05:15:02+00:00\" \/>\n<meta property=\"og:image\" content=\"https:\/\/elotroenfoque.mx\/wp-content\/uploads\/2026\/08\/IMG_8841.jpeg\" \/>\n\t<meta property=\"og:image:width\" content=\"1239\" \/>\n\t<meta property=\"og:image:height\" content=\"865\" \/>\n\t<meta property=\"og:image:type\" content=\"image\/jpeg\" \/>\n<meta name=\"author\" content=\"Equipo Redaccion\" \/>\n<meta name=\"twitter:card\" content=\"summary_large_image\" \/>\n<meta name=\"twitter:label1\" content=\"Escrito por\" \/>\n\t<meta name=\"twitter:data1\" content=\"Equipo Redaccion\" \/>\n\t<meta name=\"twitter:label2\" content=\"Tiempo de lectura\" \/>\n\t<meta name=\"twitter:data2\" content=\"3 minutos\" \/>\n<script type=\"application\/ld+json\" class=\"yoast-schema-graph\">{\"@context\":\"https:\\\/\\\/schema.org\",\"@graph\":[{\"@type\":\"Article\",\"@id\":\"https:\\\/\\\/elotroenfoque.mx\\\/index.php\\\/2026\\\/08\\\/31\\\/documentos-estatales-niegan-recurso-para-santa-clara-melanie-sostiene-que-esta-validado\\\/#article\",\"isPartOf\":{\"@id\":\"https:\\\/\\\/elotroenfoque.mx\\\/index.php\\\/2026\\\/08\\\/31\\\/documentos-estatales-niegan-recurso-para-santa-clara-melanie-sostiene-que-esta-validado\\\/\"},\"author\":{\"name\":\"Equipo Redaccion\",\"@id\":\"https:\\\/\\\/elotroenfoque.mx\\\/#\\\/schema\\\/person\\\/8eb322f84d0bd9f337e462905519a1ae\"},\"headline\":\"Documentos estatales niegan recurso para Santa Clara; Melanie sostiene que est\u00e1 validado\",\"datePublished\":\"2026-09-01T05:10:05+00:00\",\"dateModified\":\"2026-09-01T05:15:02+00:00\",\"mainEntityOfPage\":{\"@id\":\"https:\\\/\\\/elotroenfoque.mx\\\/index.php\\\/2026\\\/08\\\/31\\\/documentos-estatales-niegan-recurso-para-santa-clara-melanie-sostiene-que-esta-validado\\\/\"},\"wordCount\":530,\"image\":{\"@id\":\"https:\\\/\\\/elotroenfoque.mx\\\/index.php\\\/2026\\\/08\\\/31\\\/documentos-estatales-niegan-recurso-para-santa-clara-melanie-sostiene-que-esta-validado\\\/#primaryimage\"},\"thumbnailUrl\":\"https:\\\/\\\/elotroenfoque.mx\\\/wp-content\\\/uploads\\\/2026\\\/08\\\/IMG_8841.jpeg\",\"keywords\":[\"Guanajuato\",\"Melanie Murillo\",\"Noticias Guanajuato\",\"Noticias Silao\"],\"articleSection\":[\"Principales\"],\"inLanguage\":\"es\"},{\"@type\":\"WebPage\",\"@id\":\"https:\\\/\\\/elotroenfoque.mx\\\/index.php\\\/2026\\\/08\\\/31\\\/documentos-estatales-niegan-recurso-para-santa-clara-melanie-sostiene-que-esta-validado\\\/\",\"url\":\"https:\\\/\\\/elotroenfoque.mx\\\/index.php\\\/2026\\\/08\\\/31\\\/documentos-estatales-niegan-recurso-para-santa-clara-melanie-sostiene-que-esta-validado\\\/\",\"name\":\"Documentos estatales niegan recurso para Santa Clara; Melanie sostiene que est\u00e1 validado - El otro enfoque\",\"isPartOf\":{\"@id\":\"https:\\\/\\\/elotroenfoque.mx\\\/#website\"},\"primaryImageOfPage\":{\"@id\":\"https:\\\/\\\/elotroenfoque.mx\\\/index.php\\\/2026\\\/08\\\/31\\\/documentos-estatales-niegan-recurso-para-santa-clara-melanie-sostiene-que-esta-validado\\\/#primaryimage\"},\"image\":{\"@id\":\"https:\\\/\\\/elotroenfoque.mx\\\/index.php\\\/2026\\\/08\\\/31\\\/documentos-estatales-niegan-recurso-para-santa-clara-melanie-sostiene-que-esta-validado\\\/#primaryimage\"},\"thumbnailUrl\":\"https:\\\/\\\/elotroenfoque.mx\\\/wp-content\\\/uploads\\\/2026\\\/08\\\/IMG_8841.jpeg\",\"datePublished\":\"2026-09-01T05:10:05+00:00\",\"dateModified\":\"2026-09-01T05:15:02+00:00\",\"author\":{\"@id\":\"https:\\\/\\\/elotroenfoque.mx\\\/#\\\/schema\\\/person\\\/8eb322f84d0bd9f337e462905519a1ae\"},\"description\":\"Regidor de Morena, cuestion\u00f3 p\u00fablicamente versi\u00f3n de alcaldesa de Silao por recursos para Santa Clara y ella sostiene que est\u00e1 validado\",\"breadcrumb\":{\"@id\":\"https:\\\/\\\/elotroenfoque.mx\\\/index.php\\\/2026\\\/08\\\/31\\\/documentos-estatales-niegan-recurso-para-santa-clara-melanie-sostiene-que-esta-validado\\\/#breadcrumb\"},\"inLanguage\":\"es\",\"potentialAction\":[{\"@type\":\"ReadAction\",\"target\":[\"https:\\\/\\\/elotroenfoque.mx\\\/index.php\\\/2026\\\/08\\\/31\\\/documentos-estatales-niegan-recurso-para-santa-clara-melanie-sostiene-que-esta-validado\\\/\"]}]},{\"@type\":\"ImageObject\",\"inLanguage\":\"es\",\"@id\":\"https:\\\/\\\/elotroenfoque.mx\\\/index.php\\\/2026\\\/08\\\/31\\\/documentos-estatales-niegan-recurso-para-santa-clara-melanie-sostiene-que-esta-validado\\\/#primaryimage\",\"url\":\"https:\\\/\\\/elotroenfoque.mx\\\/wp-content\\\/uploads\\\/2026\\\/08\\\/IMG_8841.jpeg\",\"contentUrl\":\"https:\\\/\\\/elotroenfoque.mx\\\/wp-content\\\/uploads\\\/2026\\\/08\\\/IMG_8841.jpeg\",\"width\":1239,\"height\":865,\"caption\":\"Screenshot\"},{\"@type\":\"BreadcrumbList\",\"@id\":\"https:\\\/\\\/elotroenfoque.mx\\\/index.php\\\/2026\\\/08\\\/31\\\/documentos-estatales-niegan-recurso-para-santa-clara-melanie-sostiene-que-esta-validado\\\/#breadcrumb\",\"itemListElement\":[{\"@type\":\"ListItem\",\"position\":1,\"name\":\"Portada\",\"item\":\"https:\\\/\\\/elotroenfoque.mx\\\/\"},{\"@type\":\"ListItem\",\"position\":2,\"name\":\"Documentos estatales niegan recurso para Santa Clara; Melanie sostiene que est\u00e1 validado\"}]},{\"@type\":\"WebSite\",\"@id\":\"https:\\\/\\\/elotroenfoque.mx\\\/#website\",\"url\":\"https:\\\/\\\/elotroenfoque.mx\\\/\",\"name\":\"El otro enfoque\",\"description\":\"\",\"potentialAction\":[{\"@type\":\"SearchAction\",\"target\":{\"@type\":\"EntryPoint\",\"urlTemplate\":\"https:\\\/\\\/elotroenfoque.mx\\\/?s={search_term_string}\"},\"query-input\":{\"@type\":\"PropertyValueSpecification\",\"valueRequired\":true,\"valueName\":\"search_term_string\"}}],\"inLanguage\":\"es\"},{\"@type\":\"Person\",\"@id\":\"https:\\\/\\\/elotroenfoque.mx\\\/#\\\/schema\\\/person\\\/8eb322f84d0bd9f337e462905519a1ae\",\"name\":\"Equipo Redaccion\",\"image\":{\"@type\":\"ImageObject\",\"inLanguage\":\"es\",\"@id\":\"https:\\\/\\\/secure.gravatar.com\\\/avatar\\\/3579478e2b4e7aad364a32b26cf744b360ae0e581ee1cd0cb18a8f239ee49ac4?s=96&d=mm&r=g\",\"url\":\"https:\\\/\\\/secure.gravatar.com\\\/avatar\\\/3579478e2b4e7aad364a32b26cf744b360ae0e581ee1cd0cb18a8f239ee49ac4?s=96&d=mm&r=g\",\"contentUrl\":\"https:\\\/\\\/secure.gravatar.com\\\/avatar\\\/3579478e2b4e7aad364a32b26cf744b360ae0e581ee1cd0cb18a8f239ee49ac4?s=96&d=mm&r=g\",\"caption\":\"Equipo Redaccion\"},\"url\":\"https:\\\/\\\/elotroenfoque.mx\\\/index.php\\\/author\\\/redaccion\\\/\"}]}<\/script>\n<!-- \/ Yoast SEO plugin. -->","yoast_head_json":{"title":"Documentos estatales niegan recurso para Santa Clara; Melanie sostiene que est\u00e1 validado - El otro enfoque","description":"Regidor de Morena, cuestion\u00f3 p\u00fablicamente versi\u00f3n de alcaldesa de Silao por recursos para Santa Clara y ella sostiene que est\u00e1 validado","robots":{"index":"index","follow":"follow","max-snippet":"max-snippet:-1","max-image-preview":"max-image-preview:large","max-video-preview":"max-video-preview:-1"},"canonical":"https:\/\/elotroenfoque.mx\/index.php\/2026\/08\/31\/documentos-estatales-niegan-recurso-para-santa-clara-melanie-sostiene-que-esta-validado\/","og_locale":"es_MX","og_type":"article","og_title":"Documentos estatales niegan recurso para Santa Clara; Melanie sostiene que est\u00e1 validado - El otro enfoque","og_description":"Regidor de Morena, cuestion\u00f3 p\u00fablicamente versi\u00f3n de alcaldesa de Silao por recursos para Santa Clara y ella sostiene que est\u00e1 validado","og_url":"https:\/\/elotroenfoque.mx\/index.php\/2026\/08\/31\/documentos-estatales-niegan-recurso-para-santa-clara-melanie-sostiene-que-esta-validado\/","og_site_name":"El otro enfoque","article_published_time":"2026-09-01T05:10:05+00:00","article_modified_time":"2026-09-01T05:15:02+00:00","og_image":[{"width":1239,"height":865,"url":"https:\/\/elotroenfoque.mx\/wp-content\/uploads\/2026\/08\/IMG_8841.jpeg","type":"image\/jpeg"}],"author":"Equipo Redaccion","twitter_card":"summary_large_image","twitter_misc":{"Escrito por":"Equipo Redaccion","Tiempo de lectura":"3 minutos"},"schema":{"@context":"https:\/\/schema.org","@graph":[{"@type":"Article","@id":"https:\/\/elotroenfoque.mx\/index.php\/2026\/08\/31\/documentos-estatales-niegan-recurso-para-santa-clara-melanie-sostiene-que-esta-validado\/#article","isPartOf":{"@id":"https:\/\/elotroenfoque.mx\/index.php\/2026\/08\/31\/documentos-estatales-niegan-recurso-para-santa-clara-melanie-sostiene-que-esta-validado\/"},"author":{"name":"Equipo Redaccion","@id":"https:\/\/elotroenfoque.mx\/#\/schema\/person\/8eb322f84d0bd9f337e462905519a1ae"},"headline":"Documentos estatales niegan recurso para Santa Clara; Melanie sostiene que est\u00e1 validado","datePublished":"2026-09-01T05:10:05+00:00","dateModified":"2026-09-01T05:15:02+00:00","mainEntityOfPage":{"@id":"https:\/\/elotroenfoque.mx\/index.php\/2026\/08\/31\/documentos-estatales-niegan-recurso-para-santa-clara-melanie-sostiene-que-esta-validado\/"},"wordCount":530,"image":{"@id":"https:\/\/elotroenfoque.mx\/index.php\/2026\/08\/31\/documentos-estatales-niegan-recurso-para-santa-clara-melanie-sostiene-que-esta-validado\/#primaryimage"},"thumbnailUrl":"https:\/\/elotroenfoque.mx\/wp-content\/uploads\/2026\/08\/IMG_8841.jpeg","keywords":["Guanajuato","Melanie Murillo","Noticias Guanajuato","Noticias Silao"],"articleSection":["Principales"],"inLanguage":"es"},{"@type":"WebPage","@id":"https:\/\/elotroenfoque.mx\/index.php\/2026\/08\/31\/documentos-estatales-niegan-recurso-para-santa-clara-melanie-sostiene-que-esta-validado\/","url":"https:\/\/elotroenfoque.mx\/index.php\/2026\/08\/31\/documentos-estatales-niegan-recurso-para-santa-clara-melanie-sostiene-que-esta-validado\/","name":"Documentos estatales niegan recurso para Santa Clara; Melanie sostiene que est\u00e1 validado - El otro enfoque","isPartOf":{"@id":"https:\/\/elotroenfoque.mx\/#website"},"primaryImageOfPage":{"@id":"https:\/\/elotroenfoque.mx\/index.php\/2026\/08\/31\/documentos-estatales-niegan-recurso-para-santa-clara-melanie-sostiene-que-esta-validado\/#primaryimage"},"image":{"@id":"https:\/\/elotroenfoque.mx\/index.php\/2026\/08\/31\/documentos-estatales-niegan-recurso-para-santa-clara-melanie-sostiene-que-esta-validado\/#primaryimage"},"thumbnailUrl":"https:\/\/elotroenfoque.mx\/wp-content\/uploads\/2026\/08\/IMG_8841.jpeg","datePublished":"2026-09-01T05:10:05+00:00","dateModified":"2026-09-01T05:15:02+00:00","author":{"@id":"https:\/\/elotroenfoque.mx\/#\/schema\/person\/8eb322f84d0bd9f337e462905519a1ae"},"description":"Regidor de Morena, cuestion\u00f3 p\u00fablicamente versi\u00f3n de alcaldesa de Silao por recursos para Santa Clara y ella sostiene que est\u00e1 validado","breadcrumb":{"@id":"https:\/\/elotroenfoque.mx\/index.php\/2026\/08\/31\/documentos-estatales-niegan-recurso-para-santa-clara-melanie-sostiene-que-esta-validado\/#breadcrumb"},"inLanguage":"es","potentialAction":[{"@type":"ReadAction","target":["https:\/\/elotroenfoque.mx\/index.php\/2026\/08\/31\/documentos-estatales-niegan-recurso-para-santa-clara-melanie-sostiene-que-esta-validado\/"]}]},{"@type":"ImageObject","inLanguage":"es","@id":"https:\/\/elotroenfoque.mx\/index.php\/2026\/08\/31\/documentos-estatales-niegan-recurso-para-santa-clara-melanie-sostiene-que-esta-validado\/#primaryimage","url":"https:\/\/elotroenfoque.mx\/wp-content\/uploads\/2026\/08\/IMG_8841.jpeg","contentUrl":"https:\/\/elotroenfoque.mx\/wp-content\/uploads\/2026\/08\/IMG_8841.jpeg","width":1239,"height":865,"caption":"Screenshot"},{"@type":"BreadcrumbList","@id":"https:\/\/elotroenfoque.mx\/index.php\/2026\/08\/31\/documentos-estatales-niegan-recurso-para-santa-clara-melanie-sostiene-que-esta-validado\/#breadcrumb","itemListElement":[{"@type":"ListItem","position":1,"name":"Portada","item":"https:\/\/elotroenfoque.mx\/"},{"@type":"ListItem","position":2,"name":"Documentos estatales niegan recurso para Santa Clara; Melanie sostiene que est\u00e1 validado"}]},{"@type":"WebSite","@id":"https:\/\/elotroenfoque.mx\/#website","url":"https:\/\/elotroenfoque.mx\/","name":"El otro enfoque","description":"","potentialAction":[{"@type":"SearchAction","target":{"@type":"EntryPoint","urlTemplate":"https:\/\/elotroenfoque.mx\/?s={search_term_string}"},"query-input":{"@type":"PropertyValueSpecification","valueRequired":true,"valueName":"search_term_string"}}],"inLanguage":"es"},{"@type":"Person","@id":"https:\/\/elotroenfoque.mx\/#\/schema\/person\/8eb322f84d0bd9f337e462905519a1ae","name":"Equipo Redaccion","image":{"@type":"ImageObject","inLanguage":"es","@id":"https:\/\/secure.gravatar.com\/avatar\/3579478e2b4e7aad364a32b26cf744b360ae0e581ee1cd0cb18a8f239ee49ac4?s=96&d=mm&r=g","url":"https:\/\/secure.gravatar.com\/avatar\/3579478e2b4e7aad364a32b26cf744b360ae0e581ee1cd0cb18a8f239ee49ac4?s=96&d=mm&r=g","contentUrl":"https:\/\/secure.gravatar.com\/avatar\/3579478e2b4e7aad364a32b26cf744b360ae0e581ee1cd0cb18a8f239ee49ac4?s=96&d=mm&r=g","caption":"Equipo Redaccion"},"url":"https:\/\/elotroenfoque.mx\/index.php\/author\/redaccion\/"}]}},"_links":{"self":[{"href":"https:\/\/elotroenfoque.mx\/index.php\/wp-json\/wp\/v2\/posts\/195284","targetHints":{"allow":["GET"]}}],"collection":[{"href":"https:\/\/elotroenfoque.mx\/index.php\/wp-json\/wp\/v2\/posts"}],"about":[{"href":"https:\/\/elotroenfoque.mx\/index.php\/wp-json\/wp\/v2\/types\/post"}],"author":[{"embeddable":true,"href":"https:\/\/elotroenfoque.mx\/index.php\/wp-json\/wp\/v2\/users\/4"}],"replies":[{"embeddable":true,"href":"https:\/\/elotroenfoque.mx\/index.php\/wp-json\/wp\/v2\/comments?post=195284"}],"version-history":[{"count":2,"href":"https:\/\/elotroenfoque.mx\/index.php\/wp-json\/wp\/v2\/posts\/195284\/revisions"}],"predecessor-version":[{"id":195291,"href":"https:\/\/elotroenfoque.mx\/index.php\/wp-json\/wp\/v2\/posts\/195284\/revisions\/195291"}],"wp:featuredmedia":[{"embeddable":true,"href":"https:\/\/elotroenfoque.mx\/index.php\/wp-json\/wp\/v2\/media\/195294"}],"wp:attachment":[{"href":"https:\/\/elotroenfoque.mx\/index.php\/wp-json\/wp\/v2\/media?parent=195284"}],"wp:term":[{"taxonomy":"category","embeddable":true,"href":"https:\/\/elotroenfoque.mx\/index.php\/wp-json\/wp\/v2\/categories?post=195284"},{"taxonomy":"post_tag","embeddable":true,"href":"https:\/\/elotroenfoque.mx\/index.php\/wp-json\/wp\/v2\/tags?post=195284"}],"curies":[{"name":"wp","href":"https:\/\/api.w.org\/{rel}","templated":true}]}}