{"id":195299,"date":"2026-09-01T10:20:37","date_gmt":"2026-09-01T16:20:37","guid":{"rendered":"https:\/\/elotroenfoque.mx\/?p=195299"},"modified":"2026-09-01T10:20:38","modified_gmt":"2026-09-01T16:20:38","slug":"mc-denuncia-al-pan-por-actos-anticipados-de-campana","status":"publish","type":"post","link":"https:\/\/elotroenfoque.mx\/index.php\/2026\/09\/01\/mc-denuncia-al-pan-por-actos-anticipados-de-campana\/","title":{"rendered":"MC denuncia al PAN por actos anticipados de campa\u00f1a"},"content":{"rendered":"\n<p class=\"wp-block-paragraph\">Movimiento Ciudadano denunci\u00f3 al PAN ante el Instituto Electoral del Estado de Guanajuato (IEEG) por presuntos actos anticipados de campa\u00f1a.<\/p>\n\n\n\n<p class=\"wp-block-paragraph\">La coordinadora estatal de MC, Yulma Rocha Aguilar, present\u00f3 un Procedimiento Especial Sancionador contra el partido por el supuesto posicionamiento de aspirantes a nueve alcald\u00edas.<\/p>\n\n\n\n<figure class=\"wp-block-image size-large\"><img loading=\"lazy\" decoding=\"async\" width=\"1020\" height=\"1024\" src=\"https:\/\/elotroenfoque.mx\/wp-content\/uploads\/2026\/03\/yulma-rocha-1-1020x1024.jpeg\" alt=\"\" class=\"wp-image-181520\" srcset=\"https:\/\/elotroenfoque.mx\/wp-content\/uploads\/2026\/03\/yulma-rocha-1-1020x1024.jpeg 1020w, https:\/\/elotroenfoque.mx\/wp-content\/uploads\/2026\/03\/yulma-rocha-1-300x300.jpeg 300w, https:\/\/elotroenfoque.mx\/wp-content\/uploads\/2026\/03\/yulma-rocha-1-150x150.jpeg 150w, https:\/\/elotroenfoque.mx\/wp-content\/uploads\/2026\/03\/yulma-rocha-1-768x771.jpeg 768w, https:\/\/elotroenfoque.mx\/wp-content\/uploads\/2026\/03\/yulma-rocha-1.jpeg 1125w\" sizes=\"auto, (max-width: 1020px) 100vw, 1020px\" \/><\/figure>\n\n\n\n<p class=\"wp-block-paragraph\">La denuncia tambi\u00e9n se\u00f1ala posibles irregularidades en la fiscalizaci\u00f3n de recursos, la legalidad del proceso electoral y la equidad en la contienda.<\/p>\n\n\n\n<p class=\"wp-block-paragraph\">Seg\u00fan la emecista, el PAN utiliza el programa \u201cDefensores de la Patria, la Familia y la Libertad\u201d para impulsar perfiles rumbo a nueve alcald\u00edas.<\/p>\n\n\n\n<p class=\"wp-block-paragraph\">Sin embargo, Acci\u00f3n Nacional sostiene que el programa busca fortalecer el trabajo territorial, la formaci\u00f3n c\u00edvica y los liderazgos sociales.<\/p>\n\n\n\n<p class=\"wp-block-paragraph\">El programa comenz\u00f3 en julio y contempla un defensor por cada municipio participante, aunque algunos perfiles tambi\u00e9n buscan candidaturas.<\/p>\n\n\n\n<h2 class=\"wp-block-heading\">Actos anticipados de campa\u00f1a son parte de la denuncia<\/h2>\n\n\n\n<p class=\"wp-block-paragraph\">Para sustentar la denuncia, Movimiento Ciudadano entreg\u00f3 fotograf\u00edas, recorridos territoriales y concentraciones realizadas por participantes.<\/p>\n\n\n\n<p class=\"wp-block-paragraph\">Tambi\u00e9n present\u00f3 propaganda difundida mediante redes sociales, prendas con mensajes de posicionamiento, espectaculares y lonas.<\/p>\n\n\n\n<p class=\"wp-block-paragraph\">Rocha Aguilar se\u00f1al\u00f3 que la reiteraci\u00f3n de estas actividades podr\u00eda configurar una estrategia para posicionar aspirantes antes de los tiempos electorales.<\/p>\n\n\n\n<p class=\"wp-block-paragraph\">\u201cCuando aparecen aspirantes, recorridos, propaganda, eventos y recursos de manera reiterada, ya no estamos hablando de coincidencias\u201d, afirm\u00f3.<\/p>\n\n\n\n<p class=\"wp-block-paragraph\">Entre los casos se\u00f1alados est\u00e1 Jorge Espadas Galv\u00e1n, coordinador de los diputados locales del PAN y aspirante a la alcald\u00eda de Le\u00f3n.<\/p>\n\n\n\n<p class=\"wp-block-paragraph\">Ante el IEEG fueron entregadas prendas con la frase \u201cEspadas Presente\u201d, adem\u00e1s de pruebas relacionadas con espectaculares colocados en Le\u00f3n.<\/p>\n\n\n\n<h2 class=\"wp-block-heading\">PAN enfrenta cuestionamientos por recursos utilizados<\/h2>\n\n\n\n<p class=\"wp-block-paragraph\">Otro de los perfiles se\u00f1alados es V\u00edctor Zanella, diputado local y aspirante a la alcald\u00eda de Irapuato.<\/p>\n\n\n\n<p class=\"wp-block-paragraph\">Movimiento Ciudadano considera que su exposici\u00f3n p\u00fablica forma parte de una estrategia de posicionamiento anticipado.<\/p>\n\n\n\n<p class=\"wp-block-paragraph\">Por ello, Rocha Aguilar pidi\u00f3 al organismo electoral investigar el origen, monto, destino y reporte de los recursos utilizados.<\/p>\n\n\n\n<p class=\"wp-block-paragraph\">La solicitud incluye gastos relacionados con espectaculares, lonas, propaganda, eventos, recorridos y otros materiales vinculados con las actividades denunciadas.<\/p>\n\n\n\n<p class=\"wp-block-paragraph\">\u201cHay dinero circulando; los espectaculares cuestan, las lonas cuestan, los eventos cuestan\u201d, cuestion\u00f3 la dirigente emecista.<\/p>\n\n\n\n<p class=\"wp-block-paragraph\">Adem\u00e1s, pidi\u00f3 determinar qui\u00e9n financia esas actividades y de qu\u00e9 manera se reportan ante las autoridades electorales.<\/p>\n\n\n\n<h2 class=\"wp-block-heading\">Programa del PAN incluye a nueve municipios<\/h2>\n\n\n\n<p class=\"wp-block-paragraph\">El programa del PAN contempla actividades en Le\u00f3n, Guanajuato capital, Irapuato, Silao y San Francisco del Rinc\u00f3n.<\/p>\n\n\n\n<p class=\"wp-block-paragraph\">Tambi\u00e9n incluye a P\u00e9njamo, Salamanca, San Miguel de Allende y San Luis de la Paz.<\/p>\n\n\n\n<p class=\"wp-block-paragraph\">Acci\u00f3n Nacional afirma que la figura de defensor no tiene car\u00e1cter vinculatorio con las candidaturas para las presidencias municipales.<\/p>\n\n\n\n<p class=\"wp-block-paragraph\">No obstante, algunos participantes han manifestado p\u00fablicamente su intenci\u00f3n de competir por cargos de elecci\u00f3n popular.<\/p>\n\n\n\n<p class=\"wp-block-paragraph\">En Le\u00f3n, los tres perfiles que buscan convertirse en defensores tambi\u00e9n aspiran a obtener la candidatura panista para la alcald\u00eda.<\/p>\n\n\n\n<p class=\"wp-block-paragraph\">Se trata de Jorge Espadas Galv\u00e1n, Alan M\u00e1rquez Becerra y Luis Ernesto Ayala Torres, quienes tienen distintas trayectorias pol\u00edticas.<\/p>\n\n\n\n<p class=\"wp-block-paragraph\">Espadas encabeza la bancada panista en el Congreso local, mientras M\u00e1rquez ocupa una diputaci\u00f3n federal.<\/p>\n\n\n\n<p class=\"wp-block-paragraph\">Por su parte, Ayala Torres fue legislador y tambi\u00e9n presidente municipal de Le\u00f3n.<\/p>\n\n\n\n<p class=\"wp-block-paragraph\">Ahora corresponder\u00e1 al IEEG analizar las pruebas presentadas y determinar si existen elementos para investigar los se\u00f1alamientos.<\/p>\n\n\n\n<p class=\"wp-block-paragraph\">Tambi\u00e9n lee: <strong><a href=\"https:\/\/elotroenfoque.mx\/index.php\/2026\/08\/31\/documentos-estatales-niegan-recurso-para-santa-clara-melanie-sostiene-que-esta-validado\/\">Documentos estatales niegan recurso para Santa Clara; Melanie sostiene que est\u00e1 validado<\/a><\/strong><\/p>\n\n\n\n<p class=\"wp-block-paragraph\">La revisi\u00f3n deber\u00e1 establecer si las actividades denunciadas constituyen actos anticipados de campa\u00f1a y si hubo recursos sujetos a fiscalizaci\u00f3n.<\/p>\n\n\n\n<p class=\"wp-block-paragraph\">Mientras tanto, el PAN mantiene que su programa tiene objetivos de formaci\u00f3n y trabajo territorial, sin relaci\u00f3n formal con las candidaturas.<\/p>\n\n\n\n<p class=\"wp-block-paragraph\">El caso ocurre mientras los partidos comienzan a definir perfiles rumbo a las pr\u00f3ximas elecciones locales.<\/p>\n\n\n\n<p class=\"wp-block-paragraph\">Por ello, los actos anticipados de campa\u00f1a y el origen de los recursos ser\u00e1n puntos centrales en la revisi\u00f3n electoral.<\/p>\n\n\n\n<p class=\"wp-block-paragraph\"><strong><a href=\"https:\/\/www.tiktok.com\/@elotroenfoque?_r=1&amp;_t=ZS-97ffhW6kR1t\">Sigue tambi\u00e9n las noticias en TikTok<\/a><\/strong><\/p>\n\n\n\n<p class=\"wp-block-paragraph\"><\/p>\n","protected":false},"excerpt":{"rendered":"<p>Movimiento Ciudadano denunci\u00f3 al PAN ante el Instituto Electoral del Estado de Guanajuato (IEEG) por presuntos actos anticipados de campa\u00f1a. La coordinadora estatal de MC, Yulma Rocha Aguilar, present\u00f3 un Procedimiento Especial Sancionador contra el partido por el supuesto posicionamiento de aspirantes a nueve alcald\u00edas. La denuncia tambi\u00e9n se\u00f1ala posibles irregularidades en la fiscalizaci\u00f3n de&#8230;<\/p>\n","protected":false},"author":4,"featured_media":195300,"comment_status":"closed","ping_status":"open","sticky":false,"template":"","format":"standard","meta":{"footnotes":""},"categories":[2],"tags":[13,4517],"class_list":["post-195299","post","type-post","status-publish","format-standard","has-post-thumbnail","hentry","category-noticias","tag-guanajuato","tag-noticias-guanajuato"],"yoast_head":"<!-- This site is optimized with the Yoast SEO plugin v28.2 - https:\/\/yoast.com\/product\/yoast-seo-wordpress\/ -->\n<title>MC denuncia al PAN por actos anticipados de campa\u00f1a - El otro enfoque<\/title>\n<meta name=\"description\" content=\"Movimiento Ciudadano denunci\u00f3 al PAN ante el IEEG por presuntos actos anticipados de campa\u00f1a mediante un programa para nueve municipios.\" \/>\n<meta name=\"robots\" content=\"index, follow, max-snippet:-1, max-image-preview:large, max-video-preview:-1\" \/>\n<link rel=\"canonical\" href=\"https:\/\/elotroenfoque.mx\/index.php\/2026\/09\/01\/mc-denuncia-al-pan-por-actos-anticipados-de-campana\/\" \/>\n<meta property=\"og:locale\" content=\"es_MX\" \/>\n<meta property=\"og:type\" content=\"article\" \/>\n<meta property=\"og:title\" content=\"MC denuncia al PAN por actos anticipados de campa\u00f1a - El otro enfoque\" \/>\n<meta property=\"og:description\" content=\"Movimiento Ciudadano denunci\u00f3 al PAN ante el IEEG por presuntos actos anticipados de campa\u00f1a mediante un programa para nueve municipios.\" \/>\n<meta property=\"og:url\" content=\"https:\/\/elotroenfoque.mx\/index.php\/2026\/09\/01\/mc-denuncia-al-pan-por-actos-anticipados-de-campana\/\" \/>\n<meta property=\"og:site_name\" content=\"El otro enfoque\" \/>\n<meta property=\"article:published_time\" content=\"2026-09-01T16:20:37+00:00\" \/>\n<meta property=\"article:modified_time\" content=\"2026-09-01T16:20:38+00:00\" \/>\n<meta property=\"og:image\" content=\"https:\/\/elotroenfoque.mx\/wp-content\/uploads\/2026\/09\/MC-denuncia-al-PAN.jpg\" \/>\n\t<meta property=\"og:image:width\" content=\"855\" \/>\n\t<meta property=\"og:image:height\" content=\"476\" \/>\n\t<meta property=\"og:image:type\" content=\"image\/jpeg\" \/>\n<meta name=\"author\" content=\"Equipo Redaccion\" \/>\n<meta name=\"twitter:card\" content=\"summary_large_image\" \/>\n<meta name=\"twitter:label1\" content=\"Escrito por\" \/>\n\t<meta name=\"twitter:data1\" content=\"Equipo Redaccion\" \/>\n\t<meta name=\"twitter:label2\" content=\"Tiempo de lectura\" \/>\n\t<meta name=\"twitter:data2\" content=\"4 minutos\" \/>\n<script type=\"application\/ld+json\" class=\"yoast-schema-graph\">{\"@context\":\"https:\\\/\\\/schema.org\",\"@graph\":[{\"@type\":\"Article\",\"@id\":\"https:\\\/\\\/elotroenfoque.mx\\\/index.php\\\/2026\\\/09\\\/01\\\/mc-denuncia-al-pan-por-actos-anticipados-de-campana\\\/#article\",\"isPartOf\":{\"@id\":\"https:\\\/\\\/elotroenfoque.mx\\\/index.php\\\/2026\\\/09\\\/01\\\/mc-denuncia-al-pan-por-actos-anticipados-de-campana\\\/\"},\"author\":{\"name\":\"Equipo Redaccion\",\"@id\":\"https:\\\/\\\/elotroenfoque.mx\\\/#\\\/schema\\\/person\\\/8eb322f84d0bd9f337e462905519a1ae\"},\"headline\":\"MC denuncia al PAN por actos anticipados de campa\u00f1a\",\"datePublished\":\"2026-09-01T16:20:37+00:00\",\"dateModified\":\"2026-09-01T16:20:38+00:00\",\"mainEntityOfPage\":{\"@id\":\"https:\\\/\\\/elotroenfoque.mx\\\/index.php\\\/2026\\\/09\\\/01\\\/mc-denuncia-al-pan-por-actos-anticipados-de-campana\\\/\"},\"wordCount\":685,\"image\":{\"@id\":\"https:\\\/\\\/elotroenfoque.mx\\\/index.php\\\/2026\\\/09\\\/01\\\/mc-denuncia-al-pan-por-actos-anticipados-de-campana\\\/#primaryimage\"},\"thumbnailUrl\":\"https:\\\/\\\/elotroenfoque.mx\\\/wp-content\\\/uploads\\\/2026\\\/09\\\/MC-denuncia-al-PAN.jpg\",\"keywords\":[\"Guanajuato\",\"Noticias Guanajuato\"],\"articleSection\":[\"Noticias\"],\"inLanguage\":\"es\"},{\"@type\":\"WebPage\",\"@id\":\"https:\\\/\\\/elotroenfoque.mx\\\/index.php\\\/2026\\\/09\\\/01\\\/mc-denuncia-al-pan-por-actos-anticipados-de-campana\\\/\",\"url\":\"https:\\\/\\\/elotroenfoque.mx\\\/index.php\\\/2026\\\/09\\\/01\\\/mc-denuncia-al-pan-por-actos-anticipados-de-campana\\\/\",\"name\":\"MC denuncia al PAN por actos anticipados de campa\u00f1a - El otro enfoque\",\"isPartOf\":{\"@id\":\"https:\\\/\\\/elotroenfoque.mx\\\/#website\"},\"primaryImageOfPage\":{\"@id\":\"https:\\\/\\\/elotroenfoque.mx\\\/index.php\\\/2026\\\/09\\\/01\\\/mc-denuncia-al-pan-por-actos-anticipados-de-campana\\\/#primaryimage\"},\"image\":{\"@id\":\"https:\\\/\\\/elotroenfoque.mx\\\/index.php\\\/2026\\\/09\\\/01\\\/mc-denuncia-al-pan-por-actos-anticipados-de-campana\\\/#primaryimage\"},\"thumbnailUrl\":\"https:\\\/\\\/elotroenfoque.mx\\\/wp-content\\\/uploads\\\/2026\\\/09\\\/MC-denuncia-al-PAN.jpg\",\"datePublished\":\"2026-09-01T16:20:37+00:00\",\"dateModified\":\"2026-09-01T16:20:38+00:00\",\"author\":{\"@id\":\"https:\\\/\\\/elotroenfoque.mx\\\/#\\\/schema\\\/person\\\/8eb322f84d0bd9f337e462905519a1ae\"},\"description\":\"Movimiento Ciudadano denunci\u00f3 al PAN ante el IEEG por presuntos actos anticipados de campa\u00f1a mediante un programa para nueve municipios.\",\"breadcrumb\":{\"@id\":\"https:\\\/\\\/elotroenfoque.mx\\\/index.php\\\/2026\\\/09\\\/01\\\/mc-denuncia-al-pan-por-actos-anticipados-de-campana\\\/#breadcrumb\"},\"inLanguage\":\"es\",\"potentialAction\":[{\"@type\":\"ReadAction\",\"target\":[\"https:\\\/\\\/elotroenfoque.mx\\\/index.php\\\/2026\\\/09\\\/01\\\/mc-denuncia-al-pan-por-actos-anticipados-de-campana\\\/\"]}]},{\"@type\":\"ImageObject\",\"inLanguage\":\"es\",\"@id\":\"https:\\\/\\\/elotroenfoque.mx\\\/index.php\\\/2026\\\/09\\\/01\\\/mc-denuncia-al-pan-por-actos-anticipados-de-campana\\\/#primaryimage\",\"url\":\"https:\\\/\\\/elotroenfoque.mx\\\/wp-content\\\/uploads\\\/2026\\\/09\\\/MC-denuncia-al-PAN.jpg\",\"contentUrl\":\"https:\\\/\\\/elotroenfoque.mx\\\/wp-content\\\/uploads\\\/2026\\\/09\\\/MC-denuncia-al-PAN.jpg\",\"width\":855,\"height\":476},{\"@type\":\"BreadcrumbList\",\"@id\":\"https:\\\/\\\/elotroenfoque.mx\\\/index.php\\\/2026\\\/09\\\/01\\\/mc-denuncia-al-pan-por-actos-anticipados-de-campana\\\/#breadcrumb\",\"itemListElement\":[{\"@type\":\"ListItem\",\"position\":1,\"name\":\"Portada\",\"item\":\"https:\\\/\\\/elotroenfoque.mx\\\/\"},{\"@type\":\"ListItem\",\"position\":2,\"name\":\"MC denuncia al PAN por actos anticipados de campa\u00f1a\"}]},{\"@type\":\"WebSite\",\"@id\":\"https:\\\/\\\/elotroenfoque.mx\\\/#website\",\"url\":\"https:\\\/\\\/elotroenfoque.mx\\\/\",\"name\":\"El otro enfoque\",\"description\":\"\",\"potentialAction\":[{\"@type\":\"SearchAction\",\"target\":{\"@type\":\"EntryPoint\",\"urlTemplate\":\"https:\\\/\\\/elotroenfoque.mx\\\/?s={search_term_string}\"},\"query-input\":{\"@type\":\"PropertyValueSpecification\",\"valueRequired\":true,\"valueName\":\"search_term_string\"}}],\"inLanguage\":\"es\"},{\"@type\":\"Person\",\"@id\":\"https:\\\/\\\/elotroenfoque.mx\\\/#\\\/schema\\\/person\\\/8eb322f84d0bd9f337e462905519a1ae\",\"name\":\"Equipo Redaccion\",\"image\":{\"@type\":\"ImageObject\",\"inLanguage\":\"es\",\"@id\":\"https:\\\/\\\/secure.gravatar.com\\\/avatar\\\/3579478e2b4e7aad364a32b26cf744b360ae0e581ee1cd0cb18a8f239ee49ac4?s=96&d=mm&r=g\",\"url\":\"https:\\\/\\\/secure.gravatar.com\\\/avatar\\\/3579478e2b4e7aad364a32b26cf744b360ae0e581ee1cd0cb18a8f239ee49ac4?s=96&d=mm&r=g\",\"contentUrl\":\"https:\\\/\\\/secure.gravatar.com\\\/avatar\\\/3579478e2b4e7aad364a32b26cf744b360ae0e581ee1cd0cb18a8f239ee49ac4?s=96&d=mm&r=g\",\"caption\":\"Equipo Redaccion\"},\"url\":\"https:\\\/\\\/elotroenfoque.mx\\\/index.php\\\/author\\\/redaccion\\\/\"}]}<\/script>\n<!-- \/ Yoast SEO plugin. -->","yoast_head_json":{"title":"MC denuncia al PAN por actos anticipados de campa\u00f1a - El otro enfoque","description":"Movimiento Ciudadano denunci\u00f3 al PAN ante el IEEG por presuntos actos anticipados de campa\u00f1a mediante un programa para nueve municipios.","robots":{"index":"index","follow":"follow","max-snippet":"max-snippet:-1","max-image-preview":"max-image-preview:large","max-video-preview":"max-video-preview:-1"},"canonical":"https:\/\/elotroenfoque.mx\/index.php\/2026\/09\/01\/mc-denuncia-al-pan-por-actos-anticipados-de-campana\/","og_locale":"es_MX","og_type":"article","og_title":"MC denuncia al PAN por actos anticipados de campa\u00f1a - El otro enfoque","og_description":"Movimiento Ciudadano denunci\u00f3 al PAN ante el IEEG por presuntos actos anticipados de campa\u00f1a mediante un programa para nueve municipios.","og_url":"https:\/\/elotroenfoque.mx\/index.php\/2026\/09\/01\/mc-denuncia-al-pan-por-actos-anticipados-de-campana\/","og_site_name":"El otro enfoque","article_published_time":"2026-09-01T16:20:37+00:00","article_modified_time":"2026-09-01T16:20:38+00:00","og_image":[{"width":855,"height":476,"url":"https:\/\/elotroenfoque.mx\/wp-content\/uploads\/2026\/09\/MC-denuncia-al-PAN.jpg","type":"image\/jpeg"}],"author":"Equipo Redaccion","twitter_card":"summary_large_image","twitter_misc":{"Escrito por":"Equipo Redaccion","Tiempo de lectura":"4 minutos"},"schema":{"@context":"https:\/\/schema.org","@graph":[{"@type":"Article","@id":"https:\/\/elotroenfoque.mx\/index.php\/2026\/09\/01\/mc-denuncia-al-pan-por-actos-anticipados-de-campana\/#article","isPartOf":{"@id":"https:\/\/elotroenfoque.mx\/index.php\/2026\/09\/01\/mc-denuncia-al-pan-por-actos-anticipados-de-campana\/"},"author":{"name":"Equipo Redaccion","@id":"https:\/\/elotroenfoque.mx\/#\/schema\/person\/8eb322f84d0bd9f337e462905519a1ae"},"headline":"MC denuncia al PAN por actos anticipados de campa\u00f1a","datePublished":"2026-09-01T16:20:37+00:00","dateModified":"2026-09-01T16:20:38+00:00","mainEntityOfPage":{"@id":"https:\/\/elotroenfoque.mx\/index.php\/2026\/09\/01\/mc-denuncia-al-pan-por-actos-anticipados-de-campana\/"},"wordCount":685,"image":{"@id":"https:\/\/elotroenfoque.mx\/index.php\/2026\/09\/01\/mc-denuncia-al-pan-por-actos-anticipados-de-campana\/#primaryimage"},"thumbnailUrl":"https:\/\/elotroenfoque.mx\/wp-content\/uploads\/2026\/09\/MC-denuncia-al-PAN.jpg","keywords":["Guanajuato","Noticias Guanajuato"],"articleSection":["Noticias"],"inLanguage":"es"},{"@type":"WebPage","@id":"https:\/\/elotroenfoque.mx\/index.php\/2026\/09\/01\/mc-denuncia-al-pan-por-actos-anticipados-de-campana\/","url":"https:\/\/elotroenfoque.mx\/index.php\/2026\/09\/01\/mc-denuncia-al-pan-por-actos-anticipados-de-campana\/","name":"MC denuncia al PAN por actos anticipados de campa\u00f1a - El otro enfoque","isPartOf":{"@id":"https:\/\/elotroenfoque.mx\/#website"},"primaryImageOfPage":{"@id":"https:\/\/elotroenfoque.mx\/index.php\/2026\/09\/01\/mc-denuncia-al-pan-por-actos-anticipados-de-campana\/#primaryimage"},"image":{"@id":"https:\/\/elotroenfoque.mx\/index.php\/2026\/09\/01\/mc-denuncia-al-pan-por-actos-anticipados-de-campana\/#primaryimage"},"thumbnailUrl":"https:\/\/elotroenfoque.mx\/wp-content\/uploads\/2026\/09\/MC-denuncia-al-PAN.jpg","datePublished":"2026-09-01T16:20:37+00:00","dateModified":"2026-09-01T16:20:38+00:00","author":{"@id":"https:\/\/elotroenfoque.mx\/#\/schema\/person\/8eb322f84d0bd9f337e462905519a1ae"},"description":"Movimiento Ciudadano denunci\u00f3 al PAN ante el IEEG por presuntos actos anticipados de campa\u00f1a mediante un programa para nueve municipios.","breadcrumb":{"@id":"https:\/\/elotroenfoque.mx\/index.php\/2026\/09\/01\/mc-denuncia-al-pan-por-actos-anticipados-de-campana\/#breadcrumb"},"inLanguage":"es","potentialAction":[{"@type":"ReadAction","target":["https:\/\/elotroenfoque.mx\/index.php\/2026\/09\/01\/mc-denuncia-al-pan-por-actos-anticipados-de-campana\/"]}]},{"@type":"ImageObject","inLanguage":"es","@id":"https:\/\/elotroenfoque.mx\/index.php\/2026\/09\/01\/mc-denuncia-al-pan-por-actos-anticipados-de-campana\/#primaryimage","url":"https:\/\/elotroenfoque.mx\/wp-content\/uploads\/2026\/09\/MC-denuncia-al-PAN.jpg","contentUrl":"https:\/\/elotroenfoque.mx\/wp-content\/uploads\/2026\/09\/MC-denuncia-al-PAN.jpg","width":855,"height":476},{"@type":"BreadcrumbList","@id":"https:\/\/elotroenfoque.mx\/index.php\/2026\/09\/01\/mc-denuncia-al-pan-por-actos-anticipados-de-campana\/#breadcrumb","itemListElement":[{"@type":"ListItem","position":1,"name":"Portada","item":"https:\/\/elotroenfoque.mx\/"},{"@type":"ListItem","position":2,"name":"MC denuncia al PAN por actos anticipados de campa\u00f1a"}]},{"@type":"WebSite","@id":"https:\/\/elotroenfoque.mx\/#website","url":"https:\/\/elotroenfoque.mx\/","name":"El otro enfoque","description":"","potentialAction":[{"@type":"SearchAction","target":{"@type":"EntryPoint","urlTemplate":"https:\/\/elotroenfoque.mx\/?s={search_term_string}"},"query-input":{"@type":"PropertyValueSpecification","valueRequired":true,"valueName":"search_term_string"}}],"inLanguage":"es"},{"@type":"Person","@id":"https:\/\/elotroenfoque.mx\/#\/schema\/person\/8eb322f84d0bd9f337e462905519a1ae","name":"Equipo Redaccion","image":{"@type":"ImageObject","inLanguage":"es","@id":"https:\/\/secure.gravatar.com\/avatar\/3579478e2b4e7aad364a32b26cf744b360ae0e581ee1cd0cb18a8f239ee49ac4?s=96&d=mm&r=g","url":"https:\/\/secure.gravatar.com\/avatar\/3579478e2b4e7aad364a32b26cf744b360ae0e581ee1cd0cb18a8f239ee49ac4?s=96&d=mm&r=g","contentUrl":"https:\/\/secure.gravatar.com\/avatar\/3579478e2b4e7aad364a32b26cf744b360ae0e581ee1cd0cb18a8f239ee49ac4?s=96&d=mm&r=g","caption":"Equipo Redaccion"},"url":"https:\/\/elotroenfoque.mx\/index.php\/author\/redaccion\/"}]}},"_links":{"self":[{"href":"https:\/\/elotroenfoque.mx\/index.php\/wp-json\/wp\/v2\/posts\/195299","targetHints":{"allow":["GET"]}}],"collection":[{"href":"https:\/\/elotroenfoque.mx\/index.php\/wp-json\/wp\/v2\/posts"}],"about":[{"href":"https:\/\/elotroenfoque.mx\/index.php\/wp-json\/wp\/v2\/types\/post"}],"author":[{"embeddable":true,"href":"https:\/\/elotroenfoque.mx\/index.php\/wp-json\/wp\/v2\/users\/4"}],"replies":[{"embeddable":true,"href":"https:\/\/elotroenfoque.mx\/index.php\/wp-json\/wp\/v2\/comments?post=195299"}],"version-history":[{"count":1,"href":"https:\/\/elotroenfoque.mx\/index.php\/wp-json\/wp\/v2\/posts\/195299\/revisions"}],"predecessor-version":[{"id":195301,"href":"https:\/\/elotroenfoque.mx\/index.php\/wp-json\/wp\/v2\/posts\/195299\/revisions\/195301"}],"wp:featuredmedia":[{"embeddable":true,"href":"https:\/\/elotroenfoque.mx\/index.php\/wp-json\/wp\/v2\/media\/195300"}],"wp:attachment":[{"href":"https:\/\/elotroenfoque.mx\/index.php\/wp-json\/wp\/v2\/media?parent=195299"}],"wp:term":[{"taxonomy":"category","embeddable":true,"href":"https:\/\/elotroenfoque.mx\/index.php\/wp-json\/wp\/v2\/categories?post=195299"},{"taxonomy":"post_tag","embeddable":true,"href":"https:\/\/elotroenfoque.mx\/index.php\/wp-json\/wp\/v2\/tags?post=195299"}],"curies":[{"name":"wp","href":"https:\/\/api.w.org\/{rel}","templated":true}]}}