{"id":195305,"date":"2026-09-01T12:29:20","date_gmt":"2026-09-01T18:29:20","guid":{"rendered":"https:\/\/elotroenfoque.mx\/?p=195305"},"modified":"2026-09-01T12:29:21","modified_gmt":"2026-09-01T18:29:21","slug":"guanajuato-capital-aprueba-declarar-los-tuneles-como-propios","status":"publish","type":"post","link":"https:\/\/elotroenfoque.mx\/index.php\/2026\/09\/01\/guanajuato-capital-aprueba-declarar-los-tuneles-como-propios\/","title":{"rendered":"Guanajuato capital aprueba declarar los t\u00faneles como propios"},"content":{"rendered":"\n<p class=\"wp-block-paragraph\">El Ayuntamiento de Guanajuato aprob\u00f3 la Declaratoria para reconocer formalmente la propiedad municipal sobre las vialidades subterr\u00e1neas, t\u00faneles y macizos rocosos de la ciudad. La iniciativa, presentada por la presidenta municipal Samantha Smith, se valid\u00f3 con 10 votos a favor y 5 en contra durante la Sesi\u00f3n Ordinaria n\u00famero 48.<\/p>\n\n\n\n<p class=\"wp-block-paragraph\">En la misma jornada, el Cabildo aprob\u00f3 por unanimidad destinar suficiencia presupuestaria para proyectos de inversi\u00f3n del Ejercicio Fiscal 2026. Estos acuerdos del Ayuntamiento de Guanajuato financiar\u00e1n los programas Embelleciendo Mi Colonia, Infraestructura Social, caminos rurales y mejoramiento de vivienda en las modalidades de Techo Firme y Cuarto Dormitorio.<\/p>\n\n\n\n<figure class=\"wp-block-image size-large\"><img loading=\"lazy\" decoding=\"async\" width=\"1024\" height=\"672\" src=\"https:\/\/elotroenfoque.mx\/wp-content\/uploads\/2026\/09\/reconocen-a-guillermina-1-1024x672.jpeg\" alt=\"\" class=\"wp-image-195308\" srcset=\"https:\/\/elotroenfoque.mx\/wp-content\/uploads\/2026\/09\/reconocen-a-guillermina-1-1024x672.jpeg 1024w, https:\/\/elotroenfoque.mx\/wp-content\/uploads\/2026\/09\/reconocen-a-guillermina-1-300x196.jpeg 300w, https:\/\/elotroenfoque.mx\/wp-content\/uploads\/2026\/09\/reconocen-a-guillermina-1-767x503.jpeg 767w, https:\/\/elotroenfoque.mx\/wp-content\/uploads\/2026\/09\/reconocen-a-guillermina-1-1536x1007.jpeg 1536w, https:\/\/elotroenfoque.mx\/wp-content\/uploads\/2026\/09\/reconocen-a-guillermina-1-2048x1343.jpeg 2048w\" sizes=\"auto, (max-width: 1024px) 100vw, 1024px\" \/><\/figure>\n\n\n\n<p class=\"wp-block-paragraph\">Asimismo, el cuerpo edilicio entreg\u00f3 un reconocimiento a Guillermina Razo Casique por sus 30 a\u00f1os de trayectoria como anunciadora en la Liga Municipal de Beisbol.<\/p>\n\n\n\n<h2 class=\"wp-block-heading\">Avances reglamentarios en protecci\u00f3n social e inclusi\u00f3n<\/h2>\n\n\n\n<p class=\"wp-block-paragraph\">Durante la sesi\u00f3n, los integrantes del Ayuntamiento aprobaron por unanimidad el Reglamento Interior de la Procuradur\u00eda Auxiliar para la Protecci\u00f3n de los Derechos de Ni\u00f1as, Ni\u00f1os y Adolescentes.<\/p>\n\n\n\n<p class=\"wp-block-paragraph\"><strong><a href=\"https:\/\/elotroenfoque.mx\/index.php\/2026\/09\/01\/bienestar-paga-pensiones-de-septiembre-octubre-en-guanajuato\/\">\u00bfYa checaste cu\u00e1ndo te toca tu pago de la Pensi\u00f3n Bienestar?<\/a><\/strong><\/p>\n\n\n\n<p class=\"wp-block-paragraph\">Por otra parte, se turn\u00f3 a la Comisi\u00f3n de Asuntos Legislativos la iniciativa del regidor Manuel Aguilar. La propuesta busca crear el Reglamento para la Atenci\u00f3n de las Personas de la Diversidad Sexual y de G\u00e9nero del Municipio de Guanajuato.<\/p>\n\n\n\n<p class=\"wp-block-paragraph\">Estos acuerdos del Ayuntamiento de Guanajuato permitir\u00e1n a las comisiones correspondientes iniciar la dictaminaci\u00f3n de las normativas sociales antes de su publicaci\u00f3n oficial.<\/p>\n\n\n\n<figure class=\"wp-block-image size-large\"><img loading=\"lazy\" decoding=\"async\" width=\"1024\" height=\"684\" src=\"https:\/\/elotroenfoque.mx\/wp-content\/uploads\/2026\/09\/cabildo-de-gto-capital-2-1024x684.jpeg\" alt=\"\" class=\"wp-image-195309\" srcset=\"https:\/\/elotroenfoque.mx\/wp-content\/uploads\/2026\/09\/cabildo-de-gto-capital-2-1024x684.jpeg 1024w, https:\/\/elotroenfoque.mx\/wp-content\/uploads\/2026\/09\/cabildo-de-gto-capital-2-300x200.jpeg 300w, https:\/\/elotroenfoque.mx\/wp-content\/uploads\/2026\/09\/cabildo-de-gto-capital-2-768x513.jpeg 768w, https:\/\/elotroenfoque.mx\/wp-content\/uploads\/2026\/09\/cabildo-de-gto-capital-2-1536x1027.jpeg 1536w, https:\/\/elotroenfoque.mx\/wp-content\/uploads\/2026\/09\/cabildo-de-gto-capital-2-2048x1369.jpeg 2048w, https:\/\/elotroenfoque.mx\/wp-content\/uploads\/2026\/09\/cabildo-de-gto-capital-2-600x400.jpeg 600w\" sizes=\"auto, (max-width: 1024px) 100vw, 1024px\" \/><\/figure>\n\n\n\n<p class=\"wp-block-paragraph\"><strong><a href=\"https:\/\/www.tiktok.com\/@elotroenfoque?_r=1&amp;_t=ZS-97ffhW6kR1t\">Sigue tambi\u00e9n las noticias en TikTok<\/a><\/strong><\/p>\n\n\n\n<p class=\"wp-block-paragraph\"><\/p>\n","protected":false},"excerpt":{"rendered":"<p>El Ayuntamiento de Guanajuato aprob\u00f3 la Declaratoria para reconocer formalmente la propiedad municipal sobre las vialidades subterr\u00e1neas, t\u00faneles y macizos rocosos de la ciudad. La iniciativa, presentada por la presidenta municipal Samantha Smith, se valid\u00f3 con 10 votos a favor y 5 en contra durante la Sesi\u00f3n Ordinaria n\u00famero 48. En la misma jornada, el&#8230;<\/p>\n","protected":false},"author":4,"featured_media":195307,"comment_status":"closed","ping_status":"open","sticky":false,"template":"","format":"standard","meta":{"footnotes":""},"categories":[2],"tags":[13,4517],"class_list":["post-195305","post","type-post","status-publish","format-standard","has-post-thumbnail","hentry","category-noticias","tag-guanajuato","tag-noticias-guanajuato"],"yoast_head":"<!-- This site is optimized with the Yoast SEO plugin v28.2 - https:\/\/yoast.com\/product\/yoast-seo-wordpress\/ -->\n<title>Guanajuato capital aprueba declarar los t\u00faneles como propios - El otro enfoque<\/title>\n<meta name=\"description\" content=\"El Ayuntamiento de Guanajuato reconoci\u00f3 a Guillermina Razo, aprob\u00f3 reglamentos sociales, la propiedad de t\u00faneles y el presupuesto de obras para 2026.\" \/>\n<meta name=\"robots\" content=\"index, follow, max-snippet:-1, max-image-preview:large, max-video-preview:-1\" \/>\n<link rel=\"canonical\" href=\"https:\/\/elotroenfoque.mx\/index.php\/2026\/09\/01\/guanajuato-capital-aprueba-declarar-los-tuneles-como-propios\/\" \/>\n<meta property=\"og:locale\" content=\"es_MX\" \/>\n<meta property=\"og:type\" content=\"article\" \/>\n<meta property=\"og:title\" content=\"Guanajuato capital aprueba declarar los t\u00faneles como propios - El otro enfoque\" \/>\n<meta property=\"og:description\" content=\"El Ayuntamiento de Guanajuato reconoci\u00f3 a Guillermina Razo, aprob\u00f3 reglamentos sociales, la propiedad de t\u00faneles y el presupuesto de obras para 2026.\" \/>\n<meta property=\"og:url\" content=\"https:\/\/elotroenfoque.mx\/index.php\/2026\/09\/01\/guanajuato-capital-aprueba-declarar-los-tuneles-como-propios\/\" \/>\n<meta property=\"og:site_name\" content=\"El otro enfoque\" \/>\n<meta property=\"article:published_time\" content=\"2026-09-01T18:29:20+00:00\" \/>\n<meta property=\"article:modified_time\" content=\"2026-09-01T18:29:21+00:00\" \/>\n<meta property=\"og:image\" content=\"https:\/\/elotroenfoque.mx\/wp-content\/uploads\/2026\/09\/cabildo-de-gto-capital-1.jpeg\" \/>\n\t<meta property=\"og:image:width\" content=\"2560\" \/>\n\t<meta property=\"og:image:height\" content=\"1660\" \/>\n\t<meta property=\"og:image:type\" content=\"image\/jpeg\" \/>\n<meta name=\"author\" content=\"Equipo Redaccion\" \/>\n<meta name=\"twitter:card\" content=\"summary_large_image\" \/>\n<meta name=\"twitter:label1\" content=\"Escrito por\" \/>\n\t<meta name=\"twitter:data1\" content=\"Equipo Redaccion\" \/>\n\t<meta name=\"twitter:label2\" content=\"Tiempo de lectura\" \/>\n\t<meta name=\"twitter:data2\" content=\"2 minutos\" \/>\n<script type=\"application\/ld+json\" class=\"yoast-schema-graph\">{\"@context\":\"https:\\\/\\\/schema.org\",\"@graph\":[{\"@type\":\"Article\",\"@id\":\"https:\\\/\\\/elotroenfoque.mx\\\/index.php\\\/2026\\\/09\\\/01\\\/guanajuato-capital-aprueba-declarar-los-tuneles-como-propios\\\/#article\",\"isPartOf\":{\"@id\":\"https:\\\/\\\/elotroenfoque.mx\\\/index.php\\\/2026\\\/09\\\/01\\\/guanajuato-capital-aprueba-declarar-los-tuneles-como-propios\\\/\"},\"author\":{\"name\":\"Equipo Redaccion\",\"@id\":\"https:\\\/\\\/elotroenfoque.mx\\\/#\\\/schema\\\/person\\\/8eb322f84d0bd9f337e462905519a1ae\"},\"headline\":\"Guanajuato capital aprueba declarar los t\u00faneles como propios\",\"datePublished\":\"2026-09-01T18:29:20+00:00\",\"dateModified\":\"2026-09-01T18:29:21+00:00\",\"mainEntityOfPage\":{\"@id\":\"https:\\\/\\\/elotroenfoque.mx\\\/index.php\\\/2026\\\/09\\\/01\\\/guanajuato-capital-aprueba-declarar-los-tuneles-como-propios\\\/\"},\"wordCount\":266,\"image\":{\"@id\":\"https:\\\/\\\/elotroenfoque.mx\\\/index.php\\\/2026\\\/09\\\/01\\\/guanajuato-capital-aprueba-declarar-los-tuneles-como-propios\\\/#primaryimage\"},\"thumbnailUrl\":\"https:\\\/\\\/elotroenfoque.mx\\\/wp-content\\\/uploads\\\/2026\\\/09\\\/cabildo-de-gto-capital-1.jpeg\",\"keywords\":[\"Guanajuato\",\"Noticias Guanajuato\"],\"articleSection\":[\"Noticias\"],\"inLanguage\":\"es\"},{\"@type\":\"WebPage\",\"@id\":\"https:\\\/\\\/elotroenfoque.mx\\\/index.php\\\/2026\\\/09\\\/01\\\/guanajuato-capital-aprueba-declarar-los-tuneles-como-propios\\\/\",\"url\":\"https:\\\/\\\/elotroenfoque.mx\\\/index.php\\\/2026\\\/09\\\/01\\\/guanajuato-capital-aprueba-declarar-los-tuneles-como-propios\\\/\",\"name\":\"Guanajuato capital aprueba declarar los t\u00faneles como propios - El otro enfoque\",\"isPartOf\":{\"@id\":\"https:\\\/\\\/elotroenfoque.mx\\\/#website\"},\"primaryImageOfPage\":{\"@id\":\"https:\\\/\\\/elotroenfoque.mx\\\/index.php\\\/2026\\\/09\\\/01\\\/guanajuato-capital-aprueba-declarar-los-tuneles-como-propios\\\/#primaryimage\"},\"image\":{\"@id\":\"https:\\\/\\\/elotroenfoque.mx\\\/index.php\\\/2026\\\/09\\\/01\\\/guanajuato-capital-aprueba-declarar-los-tuneles-como-propios\\\/#primaryimage\"},\"thumbnailUrl\":\"https:\\\/\\\/elotroenfoque.mx\\\/wp-content\\\/uploads\\\/2026\\\/09\\\/cabildo-de-gto-capital-1.jpeg\",\"datePublished\":\"2026-09-01T18:29:20+00:00\",\"dateModified\":\"2026-09-01T18:29:21+00:00\",\"author\":{\"@id\":\"https:\\\/\\\/elotroenfoque.mx\\\/#\\\/schema\\\/person\\\/8eb322f84d0bd9f337e462905519a1ae\"},\"description\":\"El Ayuntamiento de Guanajuato reconoci\u00f3 a Guillermina Razo, aprob\u00f3 reglamentos sociales, la propiedad de t\u00faneles y el presupuesto de obras para 2026.\",\"breadcrumb\":{\"@id\":\"https:\\\/\\\/elotroenfoque.mx\\\/index.php\\\/2026\\\/09\\\/01\\\/guanajuato-capital-aprueba-declarar-los-tuneles-como-propios\\\/#breadcrumb\"},\"inLanguage\":\"es\",\"potentialAction\":[{\"@type\":\"ReadAction\",\"target\":[\"https:\\\/\\\/elotroenfoque.mx\\\/index.php\\\/2026\\\/09\\\/01\\\/guanajuato-capital-aprueba-declarar-los-tuneles-como-propios\\\/\"]}]},{\"@type\":\"ImageObject\",\"inLanguage\":\"es\",\"@id\":\"https:\\\/\\\/elotroenfoque.mx\\\/index.php\\\/2026\\\/09\\\/01\\\/guanajuato-capital-aprueba-declarar-los-tuneles-como-propios\\\/#primaryimage\",\"url\":\"https:\\\/\\\/elotroenfoque.mx\\\/wp-content\\\/uploads\\\/2026\\\/09\\\/cabildo-de-gto-capital-1.jpeg\",\"contentUrl\":\"https:\\\/\\\/elotroenfoque.mx\\\/wp-content\\\/uploads\\\/2026\\\/09\\\/cabildo-de-gto-capital-1.jpeg\",\"width\":2560,\"height\":1660},{\"@type\":\"BreadcrumbList\",\"@id\":\"https:\\\/\\\/elotroenfoque.mx\\\/index.php\\\/2026\\\/09\\\/01\\\/guanajuato-capital-aprueba-declarar-los-tuneles-como-propios\\\/#breadcrumb\",\"itemListElement\":[{\"@type\":\"ListItem\",\"position\":1,\"name\":\"Portada\",\"item\":\"https:\\\/\\\/elotroenfoque.mx\\\/\"},{\"@type\":\"ListItem\",\"position\":2,\"name\":\"Guanajuato capital aprueba declarar los t\u00faneles como propios\"}]},{\"@type\":\"WebSite\",\"@id\":\"https:\\\/\\\/elotroenfoque.mx\\\/#website\",\"url\":\"https:\\\/\\\/elotroenfoque.mx\\\/\",\"name\":\"El otro enfoque\",\"description\":\"\",\"potentialAction\":[{\"@type\":\"SearchAction\",\"target\":{\"@type\":\"EntryPoint\",\"urlTemplate\":\"https:\\\/\\\/elotroenfoque.mx\\\/?s={search_term_string}\"},\"query-input\":{\"@type\":\"PropertyValueSpecification\",\"valueRequired\":true,\"valueName\":\"search_term_string\"}}],\"inLanguage\":\"es\"},{\"@type\":\"Person\",\"@id\":\"https:\\\/\\\/elotroenfoque.mx\\\/#\\\/schema\\\/person\\\/8eb322f84d0bd9f337e462905519a1ae\",\"name\":\"Equipo Redaccion\",\"image\":{\"@type\":\"ImageObject\",\"inLanguage\":\"es\",\"@id\":\"https:\\\/\\\/secure.gravatar.com\\\/avatar\\\/3579478e2b4e7aad364a32b26cf744b360ae0e581ee1cd0cb18a8f239ee49ac4?s=96&d=mm&r=g\",\"url\":\"https:\\\/\\\/secure.gravatar.com\\\/avatar\\\/3579478e2b4e7aad364a32b26cf744b360ae0e581ee1cd0cb18a8f239ee49ac4?s=96&d=mm&r=g\",\"contentUrl\":\"https:\\\/\\\/secure.gravatar.com\\\/avatar\\\/3579478e2b4e7aad364a32b26cf744b360ae0e581ee1cd0cb18a8f239ee49ac4?s=96&d=mm&r=g\",\"caption\":\"Equipo Redaccion\"},\"url\":\"https:\\\/\\\/elotroenfoque.mx\\\/index.php\\\/author\\\/redaccion\\\/\"}]}<\/script>\n<!-- \/ Yoast SEO plugin. -->","yoast_head_json":{"title":"Guanajuato capital aprueba declarar los t\u00faneles como propios - El otro enfoque","description":"El Ayuntamiento de Guanajuato reconoci\u00f3 a Guillermina Razo, aprob\u00f3 reglamentos sociales, la propiedad de t\u00faneles y el presupuesto de obras para 2026.","robots":{"index":"index","follow":"follow","max-snippet":"max-snippet:-1","max-image-preview":"max-image-preview:large","max-video-preview":"max-video-preview:-1"},"canonical":"https:\/\/elotroenfoque.mx\/index.php\/2026\/09\/01\/guanajuato-capital-aprueba-declarar-los-tuneles-como-propios\/","og_locale":"es_MX","og_type":"article","og_title":"Guanajuato capital aprueba declarar los t\u00faneles como propios - El otro enfoque","og_description":"El Ayuntamiento de Guanajuato reconoci\u00f3 a Guillermina Razo, aprob\u00f3 reglamentos sociales, la propiedad de t\u00faneles y el presupuesto de obras para 2026.","og_url":"https:\/\/elotroenfoque.mx\/index.php\/2026\/09\/01\/guanajuato-capital-aprueba-declarar-los-tuneles-como-propios\/","og_site_name":"El otro enfoque","article_published_time":"2026-09-01T18:29:20+00:00","article_modified_time":"2026-09-01T18:29:21+00:00","og_image":[{"width":2560,"height":1660,"url":"https:\/\/elotroenfoque.mx\/wp-content\/uploads\/2026\/09\/cabildo-de-gto-capital-1.jpeg","type":"image\/jpeg"}],"author":"Equipo Redaccion","twitter_card":"summary_large_image","twitter_misc":{"Escrito por":"Equipo Redaccion","Tiempo de lectura":"2 minutos"},"schema":{"@context":"https:\/\/schema.org","@graph":[{"@type":"Article","@id":"https:\/\/elotroenfoque.mx\/index.php\/2026\/09\/01\/guanajuato-capital-aprueba-declarar-los-tuneles-como-propios\/#article","isPartOf":{"@id":"https:\/\/elotroenfoque.mx\/index.php\/2026\/09\/01\/guanajuato-capital-aprueba-declarar-los-tuneles-como-propios\/"},"author":{"name":"Equipo Redaccion","@id":"https:\/\/elotroenfoque.mx\/#\/schema\/person\/8eb322f84d0bd9f337e462905519a1ae"},"headline":"Guanajuato capital aprueba declarar los t\u00faneles como propios","datePublished":"2026-09-01T18:29:20+00:00","dateModified":"2026-09-01T18:29:21+00:00","mainEntityOfPage":{"@id":"https:\/\/elotroenfoque.mx\/index.php\/2026\/09\/01\/guanajuato-capital-aprueba-declarar-los-tuneles-como-propios\/"},"wordCount":266,"image":{"@id":"https:\/\/elotroenfoque.mx\/index.php\/2026\/09\/01\/guanajuato-capital-aprueba-declarar-los-tuneles-como-propios\/#primaryimage"},"thumbnailUrl":"https:\/\/elotroenfoque.mx\/wp-content\/uploads\/2026\/09\/cabildo-de-gto-capital-1.jpeg","keywords":["Guanajuato","Noticias Guanajuato"],"articleSection":["Noticias"],"inLanguage":"es"},{"@type":"WebPage","@id":"https:\/\/elotroenfoque.mx\/index.php\/2026\/09\/01\/guanajuato-capital-aprueba-declarar-los-tuneles-como-propios\/","url":"https:\/\/elotroenfoque.mx\/index.php\/2026\/09\/01\/guanajuato-capital-aprueba-declarar-los-tuneles-como-propios\/","name":"Guanajuato capital aprueba declarar los t\u00faneles como propios - El otro enfoque","isPartOf":{"@id":"https:\/\/elotroenfoque.mx\/#website"},"primaryImageOfPage":{"@id":"https:\/\/elotroenfoque.mx\/index.php\/2026\/09\/01\/guanajuato-capital-aprueba-declarar-los-tuneles-como-propios\/#primaryimage"},"image":{"@id":"https:\/\/elotroenfoque.mx\/index.php\/2026\/09\/01\/guanajuato-capital-aprueba-declarar-los-tuneles-como-propios\/#primaryimage"},"thumbnailUrl":"https:\/\/elotroenfoque.mx\/wp-content\/uploads\/2026\/09\/cabildo-de-gto-capital-1.jpeg","datePublished":"2026-09-01T18:29:20+00:00","dateModified":"2026-09-01T18:29:21+00:00","author":{"@id":"https:\/\/elotroenfoque.mx\/#\/schema\/person\/8eb322f84d0bd9f337e462905519a1ae"},"description":"El Ayuntamiento de Guanajuato reconoci\u00f3 a Guillermina Razo, aprob\u00f3 reglamentos sociales, la propiedad de t\u00faneles y el presupuesto de obras para 2026.","breadcrumb":{"@id":"https:\/\/elotroenfoque.mx\/index.php\/2026\/09\/01\/guanajuato-capital-aprueba-declarar-los-tuneles-como-propios\/#breadcrumb"},"inLanguage":"es","potentialAction":[{"@type":"ReadAction","target":["https:\/\/elotroenfoque.mx\/index.php\/2026\/09\/01\/guanajuato-capital-aprueba-declarar-los-tuneles-como-propios\/"]}]},{"@type":"ImageObject","inLanguage":"es","@id":"https:\/\/elotroenfoque.mx\/index.php\/2026\/09\/01\/guanajuato-capital-aprueba-declarar-los-tuneles-como-propios\/#primaryimage","url":"https:\/\/elotroenfoque.mx\/wp-content\/uploads\/2026\/09\/cabildo-de-gto-capital-1.jpeg","contentUrl":"https:\/\/elotroenfoque.mx\/wp-content\/uploads\/2026\/09\/cabildo-de-gto-capital-1.jpeg","width":2560,"height":1660},{"@type":"BreadcrumbList","@id":"https:\/\/elotroenfoque.mx\/index.php\/2026\/09\/01\/guanajuato-capital-aprueba-declarar-los-tuneles-como-propios\/#breadcrumb","itemListElement":[{"@type":"ListItem","position":1,"name":"Portada","item":"https:\/\/elotroenfoque.mx\/"},{"@type":"ListItem","position":2,"name":"Guanajuato capital aprueba declarar los t\u00faneles como propios"}]},{"@type":"WebSite","@id":"https:\/\/elotroenfoque.mx\/#website","url":"https:\/\/elotroenfoque.mx\/","name":"El otro enfoque","description":"","potentialAction":[{"@type":"SearchAction","target":{"@type":"EntryPoint","urlTemplate":"https:\/\/elotroenfoque.mx\/?s={search_term_string}"},"query-input":{"@type":"PropertyValueSpecification","valueRequired":true,"valueName":"search_term_string"}}],"inLanguage":"es"},{"@type":"Person","@id":"https:\/\/elotroenfoque.mx\/#\/schema\/person\/8eb322f84d0bd9f337e462905519a1ae","name":"Equipo Redaccion","image":{"@type":"ImageObject","inLanguage":"es","@id":"https:\/\/secure.gravatar.com\/avatar\/3579478e2b4e7aad364a32b26cf744b360ae0e581ee1cd0cb18a8f239ee49ac4?s=96&d=mm&r=g","url":"https:\/\/secure.gravatar.com\/avatar\/3579478e2b4e7aad364a32b26cf744b360ae0e581ee1cd0cb18a8f239ee49ac4?s=96&d=mm&r=g","contentUrl":"https:\/\/secure.gravatar.com\/avatar\/3579478e2b4e7aad364a32b26cf744b360ae0e581ee1cd0cb18a8f239ee49ac4?s=96&d=mm&r=g","caption":"Equipo Redaccion"},"url":"https:\/\/elotroenfoque.mx\/index.php\/author\/redaccion\/"}]}},"_links":{"self":[{"href":"https:\/\/elotroenfoque.mx\/index.php\/wp-json\/wp\/v2\/posts\/195305","targetHints":{"allow":["GET"]}}],"collection":[{"href":"https:\/\/elotroenfoque.mx\/index.php\/wp-json\/wp\/v2\/posts"}],"about":[{"href":"https:\/\/elotroenfoque.mx\/index.php\/wp-json\/wp\/v2\/types\/post"}],"author":[{"embeddable":true,"href":"https:\/\/elotroenfoque.mx\/index.php\/wp-json\/wp\/v2\/users\/4"}],"replies":[{"embeddable":true,"href":"https:\/\/elotroenfoque.mx\/index.php\/wp-json\/wp\/v2\/comments?post=195305"}],"version-history":[{"count":1,"href":"https:\/\/elotroenfoque.mx\/index.php\/wp-json\/wp\/v2\/posts\/195305\/revisions"}],"predecessor-version":[{"id":195316,"href":"https:\/\/elotroenfoque.mx\/index.php\/wp-json\/wp\/v2\/posts\/195305\/revisions\/195316"}],"wp:featuredmedia":[{"embeddable":true,"href":"https:\/\/elotroenfoque.mx\/index.php\/wp-json\/wp\/v2\/media\/195307"}],"wp:attachment":[{"href":"https:\/\/elotroenfoque.mx\/index.php\/wp-json\/wp\/v2\/media?parent=195305"}],"wp:term":[{"taxonomy":"category","embeddable":true,"href":"https:\/\/elotroenfoque.mx\/index.php\/wp-json\/wp\/v2\/categories?post=195305"},{"taxonomy":"post_tag","embeddable":true,"href":"https:\/\/elotroenfoque.mx\/index.php\/wp-json\/wp\/v2\/tags?post=195305"}],"curies":[{"name":"wp","href":"https:\/\/api.w.org\/{rel}","templated":true}]}}