{"id":195306,"date":"2026-09-01T12:14:49","date_gmt":"2026-09-01T18:14:49","guid":{"rendered":"https:\/\/elotroenfoque.mx\/?p=195306"},"modified":"2026-09-01T12:14:51","modified_gmt":"2026-09-01T18:14:51","slug":"detenido-por-autoridades-en-celaya-la-debia-en-el-gabacho-y-lo-entregaron-al-inm","status":"publish","type":"post","link":"https:\/\/elotroenfoque.mx\/index.php\/2026\/09\/01\/detenido-por-autoridades-en-celaya-la-debia-en-el-gabacho-y-lo-entregaron-al-inm\/","title":{"rendered":"Detenido por autoridades en Celaya \u201cla deb\u00eda en el gabacho\u201d y lo entregaron al INM"},"content":{"rendered":"\n<p class=\"wp-block-paragraph\">Un joven que fue detenido por autoridades en Celaya result\u00f3 que ten\u00eda cuentas pendientes con las autoridades en Estados Unidos y ya fue llevado al aeropuerto del baj\u00edo para entregarlo al Instituto Nacional de Migraci\u00f3n.<\/p>\n\n\n\n<p class=\"wp-block-paragraph\">No se informaron detalles de c\u00f3mo y en qu\u00e9 circunstancias fue detenido en Celaya. Tampoco se sabe por qu\u00e9 raz\u00f3n era buscado en Estados Unidos. Solo se inform\u00f3 el nombre y no sus apellidos, Mat\u00edas Daniel de 20 a\u00f1os de edad.<\/p>\n\n\n\n<figure class=\"wp-block-gallery has-nested-images columns-default is-cropped wp-block-gallery-1 is-layout-flex wp-block-gallery-is-layout-flex\">\n<figure class=\"wp-block-image size-full\"><img loading=\"lazy\" decoding=\"async\" width=\"646\" height=\"440\" data-id=\"195311\" src=\"https:\/\/elotroenfoque.mx\/wp-content\/uploads\/2026\/09\/rr.jpg\" alt=\"\" class=\"wp-image-195311\" srcset=\"https:\/\/elotroenfoque.mx\/wp-content\/uploads\/2026\/09\/rr.jpg 646w, https:\/\/elotroenfoque.mx\/wp-content\/uploads\/2026\/09\/rr-300x204.jpg 300w\" sizes=\"auto, (max-width: 646px) 100vw, 646px\" \/><\/figure>\n\n\n\n<figure class=\"wp-block-image size-full\"><img loading=\"lazy\" decoding=\"async\" width=\"421\" height=\"421\" data-id=\"195312\" src=\"https:\/\/elotroenfoque.mx\/wp-content\/uploads\/2026\/09\/tg.jpg\" alt=\"\" class=\"wp-image-195312\" srcset=\"https:\/\/elotroenfoque.mx\/wp-content\/uploads\/2026\/09\/tg.jpg 421w, https:\/\/elotroenfoque.mx\/wp-content\/uploads\/2026\/09\/tg-150x150.jpg 150w, https:\/\/elotroenfoque.mx\/wp-content\/uploads\/2026\/09\/tg-300x300.jpg 300w\" sizes=\"auto, (max-width: 421px) 100vw, 421px\" \/><\/figure>\n\n\n\n<figure class=\"wp-block-image size-full\"><img loading=\"lazy\" decoding=\"async\" width=\"646\" height=\"646\" data-id=\"195313\" src=\"https:\/\/elotroenfoque.mx\/wp-content\/uploads\/2026\/09\/ttt.jpg\" alt=\"\" class=\"wp-image-195313\" srcset=\"https:\/\/elotroenfoque.mx\/wp-content\/uploads\/2026\/09\/ttt.jpg 646w, https:\/\/elotroenfoque.mx\/wp-content\/uploads\/2026\/09\/ttt-150x150.jpg 150w, https:\/\/elotroenfoque.mx\/wp-content\/uploads\/2026\/09\/ttt-300x300.jpg 300w\" sizes=\"auto, (max-width: 646px) 100vw, 646px\" \/><\/figure>\n<\/figure>\n\n\n\n<p class=\"wp-block-paragraph\">La Secretar\u00eda de Seguridad y Paz de Guanajuato inform\u00f3 a trav\u00e9s de sus redes sociales que la inteligencia operativa se convierte en resultados concretos cuando permite detectar informaci\u00f3n relevante y activar la coordinaci\u00f3n entre autoridades.<\/p>\n\n\n\n<p class=\"wp-block-paragraph\">En Guanajuato, estas capacidades forman parte de las acciones encaminadas a fortalecer la construcci\u00f3n de paz y el cumplimiento de la ley, siempre bajo el respeto al debido proceso y los derechos.<\/p>\n\n\n\n<figure class=\"wp-block-image size-full\"><img loading=\"lazy\" decoding=\"async\" width=\"732\" height=\"383\" src=\"https:\/\/elotroenfoque.mx\/wp-content\/uploads\/2026\/09\/r.jpg\" alt=\"\" class=\"wp-image-195314\" srcset=\"https:\/\/elotroenfoque.mx\/wp-content\/uploads\/2026\/09\/r.jpg 732w, https:\/\/elotroenfoque.mx\/wp-content\/uploads\/2026\/09\/r-300x157.jpg 300w\" sizes=\"auto, (max-width: 732px) 100vw, 732px\" \/><\/figure>\n\n\n\n<p class=\"wp-block-paragraph\">A trav\u00e9s de la Subsecretar\u00eda de Inteligencia Operacional, autoridades identificaron en Celaya a una persona de nacionalidad estadounidense que, inicialmente, fue presentada por una probable falta administrativa.<\/p>\n\n\n\n<p class=\"wp-block-paragraph\">Sin embargo, durante el proceso de verificaci\u00f3n de informaci\u00f3n se detect\u00f3 que la persona contaba con un requerimiento de autoridades de Estados Unidos, por lo que el caso deriv\u00f3 en la notificaci\u00f3n correspondiente y su entrega al Instituto Nacional de Migraci\u00f3n (INM), autoridad federal competente en la materia.<\/p>\n\n\n\n<p class=\"wp-block-paragraph\">La Secretar\u00eda de Paz de Guanajuato destac\u00f3 que este resultado refleja la importancia de utilizar la inteligencia, el an\u00e1lisis y la coordinaci\u00f3n institucional como herramientas para fortalecer las capacidades operativas y estrat\u00e9gicas.<\/p>\n\n\n\n<p class=\"wp-block-paragraph\">Tambi\u00e9n lee:\u00a0<strong><a href=\"https:\/\/elotroenfoque.mx\/index.php\/2026\/08\/31\/silao-reconoce-compromiso-de-familias-al-iniciar-las-clases\/\">Silao reconoce compromiso de familias al iniciar las clases<\/a><\/strong><\/p>\n\n\n\n<p class=\"wp-block-paragraph\">Estas acciones se desarrollan bajo la estrategia #CONFIA, con la que se busca reforzar el trabajo de inteligencia, an\u00e1lisis, investigaci\u00f3n y colaboraci\u00f3n entre instituciones para contribuir a la seguridad y la construcci\u00f3n de paz en el estado.<\/p>\n\n\n\n<p class=\"wp-block-paragraph\"><strong><a href=\"https:\/\/www.tiktok.com\/@elotroenfoque?_r=1&amp;_t=ZS-97ffhW6kR1t\">Sigue tambi\u00e9n las noticias en TikTok<\/a><\/strong><\/p>\n\n\n\n<p class=\"wp-block-paragraph\"><\/p>\n","protected":false},"excerpt":{"rendered":"<p>Un joven que fue detenido por autoridades en Celaya result\u00f3 que ten\u00eda cuentas pendientes con las autoridades en Estados Unidos y ya fue llevado al aeropuerto del baj\u00edo para entregarlo al Instituto Nacional de Migraci\u00f3n. No se informaron detalles de c\u00f3mo y en qu\u00e9 circunstancias fue detenido en Celaya. Tampoco se sabe por qu\u00e9 raz\u00f3n&#8230;<\/p>\n","protected":false},"author":4,"featured_media":195310,"comment_status":"closed","ping_status":"open","sticky":false,"template":"","format":"standard","meta":{"footnotes":""},"categories":[8],"tags":[13,4517],"class_list":["post-195306","post","type-post","status-publish","format-standard","has-post-thumbnail","hentry","category-desenfoques","tag-guanajuato","tag-noticias-guanajuato"],"yoast_head":"<!-- This site is optimized with the Yoast SEO plugin v28.2 - https:\/\/yoast.com\/product\/yoast-seo-wordpress\/ -->\n<title>Detenido por autoridades en Celaya \u201cla deb\u00eda en el gabacho\u201d y lo entregaron al INM - El otro enfoque<\/title>\n<meta name=\"description\" content=\"Inteligencia operativa permiti\u00f3 detectar en Celaya a un estadounidense con requerimiento de autoridades de EU y notificar al INM.\" \/>\n<meta name=\"robots\" content=\"index, follow, max-snippet:-1, max-image-preview:large, max-video-preview:-1\" \/>\n<link rel=\"canonical\" href=\"https:\/\/elotroenfoque.mx\/index.php\/2026\/09\/01\/detenido-por-autoridades-en-celaya-la-debia-en-el-gabacho-y-lo-entregaron-al-inm\/\" \/>\n<meta property=\"og:locale\" content=\"es_MX\" \/>\n<meta property=\"og:type\" content=\"article\" \/>\n<meta property=\"og:title\" content=\"Detenido por autoridades en Celaya \u201cla deb\u00eda en el gabacho\u201d y lo entregaron al INM - El otro enfoque\" \/>\n<meta property=\"og:description\" content=\"Inteligencia operativa permiti\u00f3 detectar en Celaya a un estadounidense con requerimiento de autoridades de EU y notificar al INM.\" \/>\n<meta property=\"og:url\" content=\"https:\/\/elotroenfoque.mx\/index.php\/2026\/09\/01\/detenido-por-autoridades-en-celaya-la-debia-en-el-gabacho-y-lo-entregaron-al-inm\/\" \/>\n<meta property=\"og:site_name\" content=\"El otro enfoque\" \/>\n<meta property=\"article:published_time\" content=\"2026-09-01T18:14:49+00:00\" \/>\n<meta property=\"article:modified_time\" content=\"2026-09-01T18:14:51+00:00\" \/>\n<meta property=\"og:image\" content=\"https:\/\/elotroenfoque.mx\/wp-content\/uploads\/2026\/09\/tggg.jpg\" \/>\n\t<meta property=\"og:image:width\" content=\"328\" \/>\n\t<meta property=\"og:image:height\" content=\"328\" \/>\n\t<meta property=\"og:image:type\" content=\"image\/jpeg\" \/>\n<meta name=\"author\" content=\"Equipo Redaccion\" \/>\n<meta name=\"twitter:card\" content=\"summary_large_image\" \/>\n<meta name=\"twitter:label1\" content=\"Escrito por\" \/>\n\t<meta name=\"twitter:data1\" content=\"Equipo Redaccion\" \/>\n\t<meta name=\"twitter:label2\" content=\"Tiempo de lectura\" \/>\n\t<meta name=\"twitter:data2\" content=\"3 minutos\" \/>\n<script type=\"application\/ld+json\" class=\"yoast-schema-graph\">{\"@context\":\"https:\\\/\\\/schema.org\",\"@graph\":[{\"@type\":\"Article\",\"@id\":\"https:\\\/\\\/elotroenfoque.mx\\\/index.php\\\/2026\\\/09\\\/01\\\/detenido-por-autoridades-en-celaya-la-debia-en-el-gabacho-y-lo-entregaron-al-inm\\\/#article\",\"isPartOf\":{\"@id\":\"https:\\\/\\\/elotroenfoque.mx\\\/index.php\\\/2026\\\/09\\\/01\\\/detenido-por-autoridades-en-celaya-la-debia-en-el-gabacho-y-lo-entregaron-al-inm\\\/\"},\"author\":{\"name\":\"Equipo Redaccion\",\"@id\":\"https:\\\/\\\/elotroenfoque.mx\\\/#\\\/schema\\\/person\\\/8eb322f84d0bd9f337e462905519a1ae\"},\"headline\":\"Detenido por autoridades en Celaya \u201cla deb\u00eda en el gabacho\u201d y lo entregaron al INM\",\"datePublished\":\"2026-09-01T18:14:49+00:00\",\"dateModified\":\"2026-09-01T18:14:51+00:00\",\"mainEntityOfPage\":{\"@id\":\"https:\\\/\\\/elotroenfoque.mx\\\/index.php\\\/2026\\\/09\\\/01\\\/detenido-por-autoridades-en-celaya-la-debia-en-el-gabacho-y-lo-entregaron-al-inm\\\/\"},\"wordCount\":347,\"image\":{\"@id\":\"https:\\\/\\\/elotroenfoque.mx\\\/index.php\\\/2026\\\/09\\\/01\\\/detenido-por-autoridades-en-celaya-la-debia-en-el-gabacho-y-lo-entregaron-al-inm\\\/#primaryimage\"},\"thumbnailUrl\":\"https:\\\/\\\/elotroenfoque.mx\\\/wp-content\\\/uploads\\\/2026\\\/09\\\/tggg.jpg\",\"keywords\":[\"Guanajuato\",\"Noticias Guanajuato\"],\"articleSection\":[\"Desenfoques\"],\"inLanguage\":\"es\"},{\"@type\":\"WebPage\",\"@id\":\"https:\\\/\\\/elotroenfoque.mx\\\/index.php\\\/2026\\\/09\\\/01\\\/detenido-por-autoridades-en-celaya-la-debia-en-el-gabacho-y-lo-entregaron-al-inm\\\/\",\"url\":\"https:\\\/\\\/elotroenfoque.mx\\\/index.php\\\/2026\\\/09\\\/01\\\/detenido-por-autoridades-en-celaya-la-debia-en-el-gabacho-y-lo-entregaron-al-inm\\\/\",\"name\":\"Detenido por autoridades en Celaya \u201cla deb\u00eda en el gabacho\u201d y lo entregaron al INM - El otro enfoque\",\"isPartOf\":{\"@id\":\"https:\\\/\\\/elotroenfoque.mx\\\/#website\"},\"primaryImageOfPage\":{\"@id\":\"https:\\\/\\\/elotroenfoque.mx\\\/index.php\\\/2026\\\/09\\\/01\\\/detenido-por-autoridades-en-celaya-la-debia-en-el-gabacho-y-lo-entregaron-al-inm\\\/#primaryimage\"},\"image\":{\"@id\":\"https:\\\/\\\/elotroenfoque.mx\\\/index.php\\\/2026\\\/09\\\/01\\\/detenido-por-autoridades-en-celaya-la-debia-en-el-gabacho-y-lo-entregaron-al-inm\\\/#primaryimage\"},\"thumbnailUrl\":\"https:\\\/\\\/elotroenfoque.mx\\\/wp-content\\\/uploads\\\/2026\\\/09\\\/tggg.jpg\",\"datePublished\":\"2026-09-01T18:14:49+00:00\",\"dateModified\":\"2026-09-01T18:14:51+00:00\",\"author\":{\"@id\":\"https:\\\/\\\/elotroenfoque.mx\\\/#\\\/schema\\\/person\\\/8eb322f84d0bd9f337e462905519a1ae\"},\"description\":\"Inteligencia operativa permiti\u00f3 detectar en Celaya a un estadounidense con requerimiento de autoridades de EU y notificar al INM.\",\"breadcrumb\":{\"@id\":\"https:\\\/\\\/elotroenfoque.mx\\\/index.php\\\/2026\\\/09\\\/01\\\/detenido-por-autoridades-en-celaya-la-debia-en-el-gabacho-y-lo-entregaron-al-inm\\\/#breadcrumb\"},\"inLanguage\":\"es\",\"potentialAction\":[{\"@type\":\"ReadAction\",\"target\":[\"https:\\\/\\\/elotroenfoque.mx\\\/index.php\\\/2026\\\/09\\\/01\\\/detenido-por-autoridades-en-celaya-la-debia-en-el-gabacho-y-lo-entregaron-al-inm\\\/\"]}]},{\"@type\":\"ImageObject\",\"inLanguage\":\"es\",\"@id\":\"https:\\\/\\\/elotroenfoque.mx\\\/index.php\\\/2026\\\/09\\\/01\\\/detenido-por-autoridades-en-celaya-la-debia-en-el-gabacho-y-lo-entregaron-al-inm\\\/#primaryimage\",\"url\":\"https:\\\/\\\/elotroenfoque.mx\\\/wp-content\\\/uploads\\\/2026\\\/09\\\/tggg.jpg\",\"contentUrl\":\"https:\\\/\\\/elotroenfoque.mx\\\/wp-content\\\/uploads\\\/2026\\\/09\\\/tggg.jpg\",\"width\":328,\"height\":328,\"caption\":\"Era requerido por autoridades en Estados Unidos\"},{\"@type\":\"BreadcrumbList\",\"@id\":\"https:\\\/\\\/elotroenfoque.mx\\\/index.php\\\/2026\\\/09\\\/01\\\/detenido-por-autoridades-en-celaya-la-debia-en-el-gabacho-y-lo-entregaron-al-inm\\\/#breadcrumb\",\"itemListElement\":[{\"@type\":\"ListItem\",\"position\":1,\"name\":\"Portada\",\"item\":\"https:\\\/\\\/elotroenfoque.mx\\\/\"},{\"@type\":\"ListItem\",\"position\":2,\"name\":\"Detenido por autoridades en Celaya \u201cla deb\u00eda en el gabacho\u201d y lo entregaron al INM\"}]},{\"@type\":\"WebSite\",\"@id\":\"https:\\\/\\\/elotroenfoque.mx\\\/#website\",\"url\":\"https:\\\/\\\/elotroenfoque.mx\\\/\",\"name\":\"El otro enfoque\",\"description\":\"\",\"potentialAction\":[{\"@type\":\"SearchAction\",\"target\":{\"@type\":\"EntryPoint\",\"urlTemplate\":\"https:\\\/\\\/elotroenfoque.mx\\\/?s={search_term_string}\"},\"query-input\":{\"@type\":\"PropertyValueSpecification\",\"valueRequired\":true,\"valueName\":\"search_term_string\"}}],\"inLanguage\":\"es\"},{\"@type\":\"Person\",\"@id\":\"https:\\\/\\\/elotroenfoque.mx\\\/#\\\/schema\\\/person\\\/8eb322f84d0bd9f337e462905519a1ae\",\"name\":\"Equipo Redaccion\",\"image\":{\"@type\":\"ImageObject\",\"inLanguage\":\"es\",\"@id\":\"https:\\\/\\\/secure.gravatar.com\\\/avatar\\\/3579478e2b4e7aad364a32b26cf744b360ae0e581ee1cd0cb18a8f239ee49ac4?s=96&d=mm&r=g\",\"url\":\"https:\\\/\\\/secure.gravatar.com\\\/avatar\\\/3579478e2b4e7aad364a32b26cf744b360ae0e581ee1cd0cb18a8f239ee49ac4?s=96&d=mm&r=g\",\"contentUrl\":\"https:\\\/\\\/secure.gravatar.com\\\/avatar\\\/3579478e2b4e7aad364a32b26cf744b360ae0e581ee1cd0cb18a8f239ee49ac4?s=96&d=mm&r=g\",\"caption\":\"Equipo Redaccion\"},\"url\":\"https:\\\/\\\/elotroenfoque.mx\\\/index.php\\\/author\\\/redaccion\\\/\"}]}<\/script>\n<!-- \/ Yoast SEO plugin. -->","yoast_head_json":{"title":"Detenido por autoridades en Celaya \u201cla deb\u00eda en el gabacho\u201d y lo entregaron al INM - El otro enfoque","description":"Inteligencia operativa permiti\u00f3 detectar en Celaya a un estadounidense con requerimiento de autoridades de EU y notificar al INM.","robots":{"index":"index","follow":"follow","max-snippet":"max-snippet:-1","max-image-preview":"max-image-preview:large","max-video-preview":"max-video-preview:-1"},"canonical":"https:\/\/elotroenfoque.mx\/index.php\/2026\/09\/01\/detenido-por-autoridades-en-celaya-la-debia-en-el-gabacho-y-lo-entregaron-al-inm\/","og_locale":"es_MX","og_type":"article","og_title":"Detenido por autoridades en Celaya \u201cla deb\u00eda en el gabacho\u201d y lo entregaron al INM - El otro enfoque","og_description":"Inteligencia operativa permiti\u00f3 detectar en Celaya a un estadounidense con requerimiento de autoridades de EU y notificar al INM.","og_url":"https:\/\/elotroenfoque.mx\/index.php\/2026\/09\/01\/detenido-por-autoridades-en-celaya-la-debia-en-el-gabacho-y-lo-entregaron-al-inm\/","og_site_name":"El otro enfoque","article_published_time":"2026-09-01T18:14:49+00:00","article_modified_time":"2026-09-01T18:14:51+00:00","og_image":[{"width":328,"height":328,"url":"https:\/\/elotroenfoque.mx\/wp-content\/uploads\/2026\/09\/tggg.jpg","type":"image\/jpeg"}],"author":"Equipo Redaccion","twitter_card":"summary_large_image","twitter_misc":{"Escrito por":"Equipo Redaccion","Tiempo de lectura":"3 minutos"},"schema":{"@context":"https:\/\/schema.org","@graph":[{"@type":"Article","@id":"https:\/\/elotroenfoque.mx\/index.php\/2026\/09\/01\/detenido-por-autoridades-en-celaya-la-debia-en-el-gabacho-y-lo-entregaron-al-inm\/#article","isPartOf":{"@id":"https:\/\/elotroenfoque.mx\/index.php\/2026\/09\/01\/detenido-por-autoridades-en-celaya-la-debia-en-el-gabacho-y-lo-entregaron-al-inm\/"},"author":{"name":"Equipo Redaccion","@id":"https:\/\/elotroenfoque.mx\/#\/schema\/person\/8eb322f84d0bd9f337e462905519a1ae"},"headline":"Detenido por autoridades en Celaya \u201cla deb\u00eda en el gabacho\u201d y lo entregaron al INM","datePublished":"2026-09-01T18:14:49+00:00","dateModified":"2026-09-01T18:14:51+00:00","mainEntityOfPage":{"@id":"https:\/\/elotroenfoque.mx\/index.php\/2026\/09\/01\/detenido-por-autoridades-en-celaya-la-debia-en-el-gabacho-y-lo-entregaron-al-inm\/"},"wordCount":347,"image":{"@id":"https:\/\/elotroenfoque.mx\/index.php\/2026\/09\/01\/detenido-por-autoridades-en-celaya-la-debia-en-el-gabacho-y-lo-entregaron-al-inm\/#primaryimage"},"thumbnailUrl":"https:\/\/elotroenfoque.mx\/wp-content\/uploads\/2026\/09\/tggg.jpg","keywords":["Guanajuato","Noticias Guanajuato"],"articleSection":["Desenfoques"],"inLanguage":"es"},{"@type":"WebPage","@id":"https:\/\/elotroenfoque.mx\/index.php\/2026\/09\/01\/detenido-por-autoridades-en-celaya-la-debia-en-el-gabacho-y-lo-entregaron-al-inm\/","url":"https:\/\/elotroenfoque.mx\/index.php\/2026\/09\/01\/detenido-por-autoridades-en-celaya-la-debia-en-el-gabacho-y-lo-entregaron-al-inm\/","name":"Detenido por autoridades en Celaya \u201cla deb\u00eda en el gabacho\u201d y lo entregaron al INM - El otro enfoque","isPartOf":{"@id":"https:\/\/elotroenfoque.mx\/#website"},"primaryImageOfPage":{"@id":"https:\/\/elotroenfoque.mx\/index.php\/2026\/09\/01\/detenido-por-autoridades-en-celaya-la-debia-en-el-gabacho-y-lo-entregaron-al-inm\/#primaryimage"},"image":{"@id":"https:\/\/elotroenfoque.mx\/index.php\/2026\/09\/01\/detenido-por-autoridades-en-celaya-la-debia-en-el-gabacho-y-lo-entregaron-al-inm\/#primaryimage"},"thumbnailUrl":"https:\/\/elotroenfoque.mx\/wp-content\/uploads\/2026\/09\/tggg.jpg","datePublished":"2026-09-01T18:14:49+00:00","dateModified":"2026-09-01T18:14:51+00:00","author":{"@id":"https:\/\/elotroenfoque.mx\/#\/schema\/person\/8eb322f84d0bd9f337e462905519a1ae"},"description":"Inteligencia operativa permiti\u00f3 detectar en Celaya a un estadounidense con requerimiento de autoridades de EU y notificar al INM.","breadcrumb":{"@id":"https:\/\/elotroenfoque.mx\/index.php\/2026\/09\/01\/detenido-por-autoridades-en-celaya-la-debia-en-el-gabacho-y-lo-entregaron-al-inm\/#breadcrumb"},"inLanguage":"es","potentialAction":[{"@type":"ReadAction","target":["https:\/\/elotroenfoque.mx\/index.php\/2026\/09\/01\/detenido-por-autoridades-en-celaya-la-debia-en-el-gabacho-y-lo-entregaron-al-inm\/"]}]},{"@type":"ImageObject","inLanguage":"es","@id":"https:\/\/elotroenfoque.mx\/index.php\/2026\/09\/01\/detenido-por-autoridades-en-celaya-la-debia-en-el-gabacho-y-lo-entregaron-al-inm\/#primaryimage","url":"https:\/\/elotroenfoque.mx\/wp-content\/uploads\/2026\/09\/tggg.jpg","contentUrl":"https:\/\/elotroenfoque.mx\/wp-content\/uploads\/2026\/09\/tggg.jpg","width":328,"height":328,"caption":"Era requerido por autoridades en Estados Unidos"},{"@type":"BreadcrumbList","@id":"https:\/\/elotroenfoque.mx\/index.php\/2026\/09\/01\/detenido-por-autoridades-en-celaya-la-debia-en-el-gabacho-y-lo-entregaron-al-inm\/#breadcrumb","itemListElement":[{"@type":"ListItem","position":1,"name":"Portada","item":"https:\/\/elotroenfoque.mx\/"},{"@type":"ListItem","position":2,"name":"Detenido por autoridades en Celaya \u201cla deb\u00eda en el gabacho\u201d y lo entregaron al INM"}]},{"@type":"WebSite","@id":"https:\/\/elotroenfoque.mx\/#website","url":"https:\/\/elotroenfoque.mx\/","name":"El otro enfoque","description":"","potentialAction":[{"@type":"SearchAction","target":{"@type":"EntryPoint","urlTemplate":"https:\/\/elotroenfoque.mx\/?s={search_term_string}"},"query-input":{"@type":"PropertyValueSpecification","valueRequired":true,"valueName":"search_term_string"}}],"inLanguage":"es"},{"@type":"Person","@id":"https:\/\/elotroenfoque.mx\/#\/schema\/person\/8eb322f84d0bd9f337e462905519a1ae","name":"Equipo Redaccion","image":{"@type":"ImageObject","inLanguage":"es","@id":"https:\/\/secure.gravatar.com\/avatar\/3579478e2b4e7aad364a32b26cf744b360ae0e581ee1cd0cb18a8f239ee49ac4?s=96&d=mm&r=g","url":"https:\/\/secure.gravatar.com\/avatar\/3579478e2b4e7aad364a32b26cf744b360ae0e581ee1cd0cb18a8f239ee49ac4?s=96&d=mm&r=g","contentUrl":"https:\/\/secure.gravatar.com\/avatar\/3579478e2b4e7aad364a32b26cf744b360ae0e581ee1cd0cb18a8f239ee49ac4?s=96&d=mm&r=g","caption":"Equipo Redaccion"},"url":"https:\/\/elotroenfoque.mx\/index.php\/author\/redaccion\/"}]}},"_links":{"self":[{"href":"https:\/\/elotroenfoque.mx\/index.php\/wp-json\/wp\/v2\/posts\/195306","targetHints":{"allow":["GET"]}}],"collection":[{"href":"https:\/\/elotroenfoque.mx\/index.php\/wp-json\/wp\/v2\/posts"}],"about":[{"href":"https:\/\/elotroenfoque.mx\/index.php\/wp-json\/wp\/v2\/types\/post"}],"author":[{"embeddable":true,"href":"https:\/\/elotroenfoque.mx\/index.php\/wp-json\/wp\/v2\/users\/4"}],"replies":[{"embeddable":true,"href":"https:\/\/elotroenfoque.mx\/index.php\/wp-json\/wp\/v2\/comments?post=195306"}],"version-history":[{"count":1,"href":"https:\/\/elotroenfoque.mx\/index.php\/wp-json\/wp\/v2\/posts\/195306\/revisions"}],"predecessor-version":[{"id":195315,"href":"https:\/\/elotroenfoque.mx\/index.php\/wp-json\/wp\/v2\/posts\/195306\/revisions\/195315"}],"wp:featuredmedia":[{"embeddable":true,"href":"https:\/\/elotroenfoque.mx\/index.php\/wp-json\/wp\/v2\/media\/195310"}],"wp:attachment":[{"href":"https:\/\/elotroenfoque.mx\/index.php\/wp-json\/wp\/v2\/media?parent=195306"}],"wp:term":[{"taxonomy":"category","embeddable":true,"href":"https:\/\/elotroenfoque.mx\/index.php\/wp-json\/wp\/v2\/categories?post=195306"},{"taxonomy":"post_tag","embeddable":true,"href":"https:\/\/elotroenfoque.mx\/index.php\/wp-json\/wp\/v2\/tags?post=195306"}],"curies":[{"name":"wp","href":"https:\/\/api.w.org\/{rel}","templated":true}]}}