{"id":195317,"date":"2026-09-01T14:14:11","date_gmt":"2026-09-01T20:14:11","guid":{"rendered":"https:\/\/elotroenfoque.mx\/?p=195317"},"modified":"2026-09-01T14:14:12","modified_gmt":"2026-09-01T20:14:12","slug":"romita-bajo-la-lupa-militares-revisan-armas-de-los-policias-preventivos-una-por-una","status":"publish","type":"post","link":"https:\/\/elotroenfoque.mx\/index.php\/2026\/09\/01\/romita-bajo-la-lupa-militares-revisan-armas-de-los-policias-preventivos-una-por-una\/","title":{"rendered":"Romita bajo la lupa, militares revisan armas de los polic\u00edas preventivos, una por una"},"content":{"rendered":"\n<p class=\"wp-block-paragraph\">En un contexto marcado por recientes operativos de seguridad en el municipio, autoridades federales y estatales realizaron este martes una revisi\u00f3n extraordinaria del armamento asignado a los polic\u00edas preventivos de Romita, con el objetivo de verificar que las armas en poder de los elementos correspondieran a las legalmente asignadas a la corporaci\u00f3n.<\/p>\n\n\n\n<p class=\"wp-block-paragraph\">Elementos de las Fuerzas de Seguridad P\u00fablica del Estado y del Ej\u00e9rcito Mexicano acudieron a las instalaciones de la Direcci\u00f3n de Seguridad P\u00fablica Municipal, donde revisaron de manera individual el armamento de los agentes y verificaron aspectos administrativos relacionados con la Licencia Oficial para la portaci\u00f3n de armas de fuego.<\/p>\n\n\n\n<p class=\"wp-block-paragraph\">De acuerdo con el Gobierno Municipal de Romita, la inspecci\u00f3n concluy\u00f3 sin irregularidades, al se\u00f1alar que el armamento y la documentaci\u00f3n revisada se encontraban en orden y conforme a la normatividad correspondiente.<\/p>\n\n\n\n<figure class=\"wp-block-image size-large\"><img loading=\"lazy\" decoding=\"async\" width=\"819\" height=\"1024\" src=\"https:\/\/elotroenfoque.mx\/wp-content\/uploads\/2026\/09\/comunicado-819x1024.jpg\" alt=\"\" class=\"wp-image-195337\" srcset=\"https:\/\/elotroenfoque.mx\/wp-content\/uploads\/2026\/09\/comunicado-819x1024.jpg 819w, https:\/\/elotroenfoque.mx\/wp-content\/uploads\/2026\/09\/comunicado-240x300.jpg 240w, https:\/\/elotroenfoque.mx\/wp-content\/uploads\/2026\/09\/comunicado-768x960.jpg 768w, https:\/\/elotroenfoque.mx\/wp-content\/uploads\/2026\/09\/comunicado-1229x1536.jpg 1229w, https:\/\/elotroenfoque.mx\/wp-content\/uploads\/2026\/09\/comunicado.jpg 1236w\" sizes=\"auto, (max-width: 819px) 100vw, 819px\" \/><\/figure>\n\n\n\n<p class=\"wp-block-paragraph\">La revisi\u00f3n ocurre aproximadamente dos semanas despu\u00e9s de que autoridades localizaran, en hechos distintos pero dentro del mismo municipio, un invernadero utilizado para el cultivo de marihuana y una bodega donde fue localizado combustible.<\/p>\n\n\n\n<p class=\"wp-block-paragraph\"><\/p>\n\n\n\n<p class=\"wp-block-paragraph\">Aunque ambos acontecimientos son independientes de la inspecci\u00f3n realizada este martes, la revisi\u00f3n al armamento de la Polic\u00eda Municipal ocurre en medio de una serie de acciones de seguridad desplegadas recientemente en Romita.<\/p>\n\n\n\n<p class=\"wp-block-paragraph\">El Ayuntamiento de Romita, encabezado por la administraci\u00f3n 2024-2027, inform\u00f3 que mantiene su disposici\u00f3n para colaborar con las instituciones de seguridad de los distintos \u00f3rdenes de gobierno.<\/p>\n\n\n\n<p class=\"wp-block-paragraph\">Tambi\u00e9n lee:\u00a0<strong><a href=\"https:\/\/elotroenfoque.mx\/index.php\/2026\/08\/27\/por-100-anos-de-la-resistencia-cristera-inauguraran-arco-de-cristo-rey\/\">Por 100 a\u00f1os de la resistencia cristera, inaugurar\u00e1n Arco de Cristo Rey<\/a><\/strong><\/p>\n\n\n\n<p class=\"wp-block-paragraph\">El objetivo, se\u00f1al\u00f3, es fortalecer las condiciones de seguridad y contribuir a preservar la tranquilidad de las familias romitenses.<\/p>\n\n\n\n<p class=\"wp-block-paragraph\"><strong><a href=\"https:\/\/www.tiktok.com\/@elotroenfoque?_r=1&amp;_t=ZS-97ffhW6kR1t\">Sigue tambi\u00e9n las noticias en TikTok<\/a><\/strong><\/p>\n","protected":false},"excerpt":{"rendered":"<p>En un contexto marcado por recientes operativos de seguridad en el municipio, autoridades federales y estatales realizaron este martes una revisi\u00f3n extraordinaria del armamento asignado a los polic\u00edas preventivos de Romita, con el objetivo de verificar que las armas en poder de los elementos correspondieran a las legalmente asignadas a la corporaci\u00f3n. Elementos de las&#8230;<\/p>\n","protected":false},"author":4,"featured_media":195335,"comment_status":"closed","ping_status":"open","sticky":false,"template":"","format":"standard","meta":{"footnotes":""},"categories":[8],"tags":[13,4517],"class_list":["post-195317","post","type-post","status-publish","format-standard","has-post-thumbnail","hentry","category-desenfoques","tag-guanajuato","tag-noticias-guanajuato"],"yoast_head":"<!-- This site is optimized with the Yoast SEO plugin v28.2 - https:\/\/yoast.com\/product\/yoast-seo-wordpress\/ -->\n<title>Romita bajo la lupa, militares revisan armas de los polic\u00edas preventivos, una por una - El otro enfoque<\/title>\n<meta name=\"description\" content=\"Autoridades estatales y federales revisaron el armamento de polic\u00edas municipales de Romita; el Ayuntamiento report\u00f3 todo en orden.\" \/>\n<meta name=\"robots\" content=\"index, follow, max-snippet:-1, max-image-preview:large, max-video-preview:-1\" \/>\n<link rel=\"canonical\" href=\"https:\/\/elotroenfoque.mx\/index.php\/2026\/09\/01\/romita-bajo-la-lupa-militares-revisan-armas-de-los-policias-preventivos-una-por-una\/\" \/>\n<meta property=\"og:locale\" content=\"es_MX\" \/>\n<meta property=\"og:type\" content=\"article\" \/>\n<meta property=\"og:title\" content=\"Romita bajo la lupa, militares revisan armas de los polic\u00edas preventivos, una por una - El otro enfoque\" \/>\n<meta property=\"og:description\" content=\"Autoridades estatales y federales revisaron el armamento de polic\u00edas municipales de Romita; el Ayuntamiento report\u00f3 todo en orden.\" \/>\n<meta property=\"og:url\" content=\"https:\/\/elotroenfoque.mx\/index.php\/2026\/09\/01\/romita-bajo-la-lupa-militares-revisan-armas-de-los-policias-preventivos-una-por-una\/\" \/>\n<meta property=\"og:site_name\" content=\"El otro enfoque\" \/>\n<meta property=\"article:published_time\" content=\"2026-09-01T20:14:11+00:00\" \/>\n<meta property=\"article:modified_time\" content=\"2026-09-01T20:14:12+00:00\" \/>\n<meta property=\"og:image\" content=\"https:\/\/elotroenfoque.mx\/wp-content\/uploads\/2026\/09\/dddddd.jpg\" \/>\n\t<meta property=\"og:image:width\" content=\"1599\" \/>\n\t<meta property=\"og:image:height\" content=\"899\" \/>\n\t<meta property=\"og:image:type\" content=\"image\/jpeg\" \/>\n<meta name=\"author\" content=\"Equipo Redaccion\" \/>\n<meta name=\"twitter:card\" content=\"summary_large_image\" \/>\n<meta name=\"twitter:label1\" content=\"Escrito por\" \/>\n\t<meta name=\"twitter:data1\" content=\"Equipo Redaccion\" \/>\n\t<meta name=\"twitter:label2\" content=\"Tiempo de lectura\" \/>\n\t<meta name=\"twitter:data2\" content=\"2 minutos\" \/>\n<script type=\"application\/ld+json\" class=\"yoast-schema-graph\">{\"@context\":\"https:\\\/\\\/schema.org\",\"@graph\":[{\"@type\":\"Article\",\"@id\":\"https:\\\/\\\/elotroenfoque.mx\\\/index.php\\\/2026\\\/09\\\/01\\\/romita-bajo-la-lupa-militares-revisan-armas-de-los-policias-preventivos-una-por-una\\\/#article\",\"isPartOf\":{\"@id\":\"https:\\\/\\\/elotroenfoque.mx\\\/index.php\\\/2026\\\/09\\\/01\\\/romita-bajo-la-lupa-militares-revisan-armas-de-los-policias-preventivos-una-por-una\\\/\"},\"author\":{\"name\":\"Equipo Redaccion\",\"@id\":\"https:\\\/\\\/elotroenfoque.mx\\\/#\\\/schema\\\/person\\\/8eb322f84d0bd9f337e462905519a1ae\"},\"headline\":\"Romita bajo la lupa, militares revisan armas de los polic\u00edas preventivos, una por una\",\"datePublished\":\"2026-09-01T20:14:11+00:00\",\"dateModified\":\"2026-09-01T20:14:12+00:00\",\"mainEntityOfPage\":{\"@id\":\"https:\\\/\\\/elotroenfoque.mx\\\/index.php\\\/2026\\\/09\\\/01\\\/romita-bajo-la-lupa-militares-revisan-armas-de-los-policias-preventivos-una-por-una\\\/\"},\"wordCount\":304,\"image\":{\"@id\":\"https:\\\/\\\/elotroenfoque.mx\\\/index.php\\\/2026\\\/09\\\/01\\\/romita-bajo-la-lupa-militares-revisan-armas-de-los-policias-preventivos-una-por-una\\\/#primaryimage\"},\"thumbnailUrl\":\"https:\\\/\\\/elotroenfoque.mx\\\/wp-content\\\/uploads\\\/2026\\\/09\\\/dddddd.jpg\",\"keywords\":[\"Guanajuato\",\"Noticias Guanajuato\"],\"articleSection\":[\"Desenfoques\"],\"inLanguage\":\"es\"},{\"@type\":\"WebPage\",\"@id\":\"https:\\\/\\\/elotroenfoque.mx\\\/index.php\\\/2026\\\/09\\\/01\\\/romita-bajo-la-lupa-militares-revisan-armas-de-los-policias-preventivos-una-por-una\\\/\",\"url\":\"https:\\\/\\\/elotroenfoque.mx\\\/index.php\\\/2026\\\/09\\\/01\\\/romita-bajo-la-lupa-militares-revisan-armas-de-los-policias-preventivos-una-por-una\\\/\",\"name\":\"Romita bajo la lupa, militares revisan armas de los polic\u00edas preventivos, una por una - El otro enfoque\",\"isPartOf\":{\"@id\":\"https:\\\/\\\/elotroenfoque.mx\\\/#website\"},\"primaryImageOfPage\":{\"@id\":\"https:\\\/\\\/elotroenfoque.mx\\\/index.php\\\/2026\\\/09\\\/01\\\/romita-bajo-la-lupa-militares-revisan-armas-de-los-policias-preventivos-una-por-una\\\/#primaryimage\"},\"image\":{\"@id\":\"https:\\\/\\\/elotroenfoque.mx\\\/index.php\\\/2026\\\/09\\\/01\\\/romita-bajo-la-lupa-militares-revisan-armas-de-los-policias-preventivos-una-por-una\\\/#primaryimage\"},\"thumbnailUrl\":\"https:\\\/\\\/elotroenfoque.mx\\\/wp-content\\\/uploads\\\/2026\\\/09\\\/dddddd.jpg\",\"datePublished\":\"2026-09-01T20:14:11+00:00\",\"dateModified\":\"2026-09-01T20:14:12+00:00\",\"author\":{\"@id\":\"https:\\\/\\\/elotroenfoque.mx\\\/#\\\/schema\\\/person\\\/8eb322f84d0bd9f337e462905519a1ae\"},\"description\":\"Autoridades estatales y federales revisaron el armamento de polic\u00edas municipales de Romita; el Ayuntamiento report\u00f3 todo en orden.\",\"breadcrumb\":{\"@id\":\"https:\\\/\\\/elotroenfoque.mx\\\/index.php\\\/2026\\\/09\\\/01\\\/romita-bajo-la-lupa-militares-revisan-armas-de-los-policias-preventivos-una-por-una\\\/#breadcrumb\"},\"inLanguage\":\"es\",\"potentialAction\":[{\"@type\":\"ReadAction\",\"target\":[\"https:\\\/\\\/elotroenfoque.mx\\\/index.php\\\/2026\\\/09\\\/01\\\/romita-bajo-la-lupa-militares-revisan-armas-de-los-policias-preventivos-una-por-una\\\/\"]}]},{\"@type\":\"ImageObject\",\"inLanguage\":\"es\",\"@id\":\"https:\\\/\\\/elotroenfoque.mx\\\/index.php\\\/2026\\\/09\\\/01\\\/romita-bajo-la-lupa-militares-revisan-armas-de-los-policias-preventivos-una-por-una\\\/#primaryimage\",\"url\":\"https:\\\/\\\/elotroenfoque.mx\\\/wp-content\\\/uploads\\\/2026\\\/09\\\/dddddd.jpg\",\"contentUrl\":\"https:\\\/\\\/elotroenfoque.mx\\\/wp-content\\\/uploads\\\/2026\\\/09\\\/dddddd.jpg\",\"width\":1599,\"height\":899,\"caption\":\"Revisan armamento de polic\u00edas de Romita\"},{\"@type\":\"BreadcrumbList\",\"@id\":\"https:\\\/\\\/elotroenfoque.mx\\\/index.php\\\/2026\\\/09\\\/01\\\/romita-bajo-la-lupa-militares-revisan-armas-de-los-policias-preventivos-una-por-una\\\/#breadcrumb\",\"itemListElement\":[{\"@type\":\"ListItem\",\"position\":1,\"name\":\"Portada\",\"item\":\"https:\\\/\\\/elotroenfoque.mx\\\/\"},{\"@type\":\"ListItem\",\"position\":2,\"name\":\"Romita bajo la lupa, militares revisan armas de los polic\u00edas preventivos, una por una\"}]},{\"@type\":\"WebSite\",\"@id\":\"https:\\\/\\\/elotroenfoque.mx\\\/#website\",\"url\":\"https:\\\/\\\/elotroenfoque.mx\\\/\",\"name\":\"El otro enfoque\",\"description\":\"\",\"potentialAction\":[{\"@type\":\"SearchAction\",\"target\":{\"@type\":\"EntryPoint\",\"urlTemplate\":\"https:\\\/\\\/elotroenfoque.mx\\\/?s={search_term_string}\"},\"query-input\":{\"@type\":\"PropertyValueSpecification\",\"valueRequired\":true,\"valueName\":\"search_term_string\"}}],\"inLanguage\":\"es\"},{\"@type\":\"Person\",\"@id\":\"https:\\\/\\\/elotroenfoque.mx\\\/#\\\/schema\\\/person\\\/8eb322f84d0bd9f337e462905519a1ae\",\"name\":\"Equipo Redaccion\",\"image\":{\"@type\":\"ImageObject\",\"inLanguage\":\"es\",\"@id\":\"https:\\\/\\\/secure.gravatar.com\\\/avatar\\\/3579478e2b4e7aad364a32b26cf744b360ae0e581ee1cd0cb18a8f239ee49ac4?s=96&d=mm&r=g\",\"url\":\"https:\\\/\\\/secure.gravatar.com\\\/avatar\\\/3579478e2b4e7aad364a32b26cf744b360ae0e581ee1cd0cb18a8f239ee49ac4?s=96&d=mm&r=g\",\"contentUrl\":\"https:\\\/\\\/secure.gravatar.com\\\/avatar\\\/3579478e2b4e7aad364a32b26cf744b360ae0e581ee1cd0cb18a8f239ee49ac4?s=96&d=mm&r=g\",\"caption\":\"Equipo Redaccion\"},\"url\":\"https:\\\/\\\/elotroenfoque.mx\\\/index.php\\\/author\\\/redaccion\\\/\"}]}<\/script>\n<!-- \/ Yoast SEO plugin. -->","yoast_head_json":{"title":"Romita bajo la lupa, militares revisan armas de los polic\u00edas preventivos, una por una - El otro enfoque","description":"Autoridades estatales y federales revisaron el armamento de polic\u00edas municipales de Romita; el Ayuntamiento report\u00f3 todo en orden.","robots":{"index":"index","follow":"follow","max-snippet":"max-snippet:-1","max-image-preview":"max-image-preview:large","max-video-preview":"max-video-preview:-1"},"canonical":"https:\/\/elotroenfoque.mx\/index.php\/2026\/09\/01\/romita-bajo-la-lupa-militares-revisan-armas-de-los-policias-preventivos-una-por-una\/","og_locale":"es_MX","og_type":"article","og_title":"Romita bajo la lupa, militares revisan armas de los polic\u00edas preventivos, una por una - El otro enfoque","og_description":"Autoridades estatales y federales revisaron el armamento de polic\u00edas municipales de Romita; el Ayuntamiento report\u00f3 todo en orden.","og_url":"https:\/\/elotroenfoque.mx\/index.php\/2026\/09\/01\/romita-bajo-la-lupa-militares-revisan-armas-de-los-policias-preventivos-una-por-una\/","og_site_name":"El otro enfoque","article_published_time":"2026-09-01T20:14:11+00:00","article_modified_time":"2026-09-01T20:14:12+00:00","og_image":[{"width":1599,"height":899,"url":"https:\/\/elotroenfoque.mx\/wp-content\/uploads\/2026\/09\/dddddd.jpg","type":"image\/jpeg"}],"author":"Equipo Redaccion","twitter_card":"summary_large_image","twitter_misc":{"Escrito por":"Equipo Redaccion","Tiempo de lectura":"2 minutos"},"schema":{"@context":"https:\/\/schema.org","@graph":[{"@type":"Article","@id":"https:\/\/elotroenfoque.mx\/index.php\/2026\/09\/01\/romita-bajo-la-lupa-militares-revisan-armas-de-los-policias-preventivos-una-por-una\/#article","isPartOf":{"@id":"https:\/\/elotroenfoque.mx\/index.php\/2026\/09\/01\/romita-bajo-la-lupa-militares-revisan-armas-de-los-policias-preventivos-una-por-una\/"},"author":{"name":"Equipo Redaccion","@id":"https:\/\/elotroenfoque.mx\/#\/schema\/person\/8eb322f84d0bd9f337e462905519a1ae"},"headline":"Romita bajo la lupa, militares revisan armas de los polic\u00edas preventivos, una por una","datePublished":"2026-09-01T20:14:11+00:00","dateModified":"2026-09-01T20:14:12+00:00","mainEntityOfPage":{"@id":"https:\/\/elotroenfoque.mx\/index.php\/2026\/09\/01\/romita-bajo-la-lupa-militares-revisan-armas-de-los-policias-preventivos-una-por-una\/"},"wordCount":304,"image":{"@id":"https:\/\/elotroenfoque.mx\/index.php\/2026\/09\/01\/romita-bajo-la-lupa-militares-revisan-armas-de-los-policias-preventivos-una-por-una\/#primaryimage"},"thumbnailUrl":"https:\/\/elotroenfoque.mx\/wp-content\/uploads\/2026\/09\/dddddd.jpg","keywords":["Guanajuato","Noticias Guanajuato"],"articleSection":["Desenfoques"],"inLanguage":"es"},{"@type":"WebPage","@id":"https:\/\/elotroenfoque.mx\/index.php\/2026\/09\/01\/romita-bajo-la-lupa-militares-revisan-armas-de-los-policias-preventivos-una-por-una\/","url":"https:\/\/elotroenfoque.mx\/index.php\/2026\/09\/01\/romita-bajo-la-lupa-militares-revisan-armas-de-los-policias-preventivos-una-por-una\/","name":"Romita bajo la lupa, militares revisan armas de los polic\u00edas preventivos, una por una - El otro enfoque","isPartOf":{"@id":"https:\/\/elotroenfoque.mx\/#website"},"primaryImageOfPage":{"@id":"https:\/\/elotroenfoque.mx\/index.php\/2026\/09\/01\/romita-bajo-la-lupa-militares-revisan-armas-de-los-policias-preventivos-una-por-una\/#primaryimage"},"image":{"@id":"https:\/\/elotroenfoque.mx\/index.php\/2026\/09\/01\/romita-bajo-la-lupa-militares-revisan-armas-de-los-policias-preventivos-una-por-una\/#primaryimage"},"thumbnailUrl":"https:\/\/elotroenfoque.mx\/wp-content\/uploads\/2026\/09\/dddddd.jpg","datePublished":"2026-09-01T20:14:11+00:00","dateModified":"2026-09-01T20:14:12+00:00","author":{"@id":"https:\/\/elotroenfoque.mx\/#\/schema\/person\/8eb322f84d0bd9f337e462905519a1ae"},"description":"Autoridades estatales y federales revisaron el armamento de polic\u00edas municipales de Romita; el Ayuntamiento report\u00f3 todo en orden.","breadcrumb":{"@id":"https:\/\/elotroenfoque.mx\/index.php\/2026\/09\/01\/romita-bajo-la-lupa-militares-revisan-armas-de-los-policias-preventivos-una-por-una\/#breadcrumb"},"inLanguage":"es","potentialAction":[{"@type":"ReadAction","target":["https:\/\/elotroenfoque.mx\/index.php\/2026\/09\/01\/romita-bajo-la-lupa-militares-revisan-armas-de-los-policias-preventivos-una-por-una\/"]}]},{"@type":"ImageObject","inLanguage":"es","@id":"https:\/\/elotroenfoque.mx\/index.php\/2026\/09\/01\/romita-bajo-la-lupa-militares-revisan-armas-de-los-policias-preventivos-una-por-una\/#primaryimage","url":"https:\/\/elotroenfoque.mx\/wp-content\/uploads\/2026\/09\/dddddd.jpg","contentUrl":"https:\/\/elotroenfoque.mx\/wp-content\/uploads\/2026\/09\/dddddd.jpg","width":1599,"height":899,"caption":"Revisan armamento de polic\u00edas de Romita"},{"@type":"BreadcrumbList","@id":"https:\/\/elotroenfoque.mx\/index.php\/2026\/09\/01\/romita-bajo-la-lupa-militares-revisan-armas-de-los-policias-preventivos-una-por-una\/#breadcrumb","itemListElement":[{"@type":"ListItem","position":1,"name":"Portada","item":"https:\/\/elotroenfoque.mx\/"},{"@type":"ListItem","position":2,"name":"Romita bajo la lupa, militares revisan armas de los polic\u00edas preventivos, una por una"}]},{"@type":"WebSite","@id":"https:\/\/elotroenfoque.mx\/#website","url":"https:\/\/elotroenfoque.mx\/","name":"El otro enfoque","description":"","potentialAction":[{"@type":"SearchAction","target":{"@type":"EntryPoint","urlTemplate":"https:\/\/elotroenfoque.mx\/?s={search_term_string}"},"query-input":{"@type":"PropertyValueSpecification","valueRequired":true,"valueName":"search_term_string"}}],"inLanguage":"es"},{"@type":"Person","@id":"https:\/\/elotroenfoque.mx\/#\/schema\/person\/8eb322f84d0bd9f337e462905519a1ae","name":"Equipo Redaccion","image":{"@type":"ImageObject","inLanguage":"es","@id":"https:\/\/secure.gravatar.com\/avatar\/3579478e2b4e7aad364a32b26cf744b360ae0e581ee1cd0cb18a8f239ee49ac4?s=96&d=mm&r=g","url":"https:\/\/secure.gravatar.com\/avatar\/3579478e2b4e7aad364a32b26cf744b360ae0e581ee1cd0cb18a8f239ee49ac4?s=96&d=mm&r=g","contentUrl":"https:\/\/secure.gravatar.com\/avatar\/3579478e2b4e7aad364a32b26cf744b360ae0e581ee1cd0cb18a8f239ee49ac4?s=96&d=mm&r=g","caption":"Equipo Redaccion"},"url":"https:\/\/elotroenfoque.mx\/index.php\/author\/redaccion\/"}]}},"_links":{"self":[{"href":"https:\/\/elotroenfoque.mx\/index.php\/wp-json\/wp\/v2\/posts\/195317","targetHints":{"allow":["GET"]}}],"collection":[{"href":"https:\/\/elotroenfoque.mx\/index.php\/wp-json\/wp\/v2\/posts"}],"about":[{"href":"https:\/\/elotroenfoque.mx\/index.php\/wp-json\/wp\/v2\/types\/post"}],"author":[{"embeddable":true,"href":"https:\/\/elotroenfoque.mx\/index.php\/wp-json\/wp\/v2\/users\/4"}],"replies":[{"embeddable":true,"href":"https:\/\/elotroenfoque.mx\/index.php\/wp-json\/wp\/v2\/comments?post=195317"}],"version-history":[{"count":1,"href":"https:\/\/elotroenfoque.mx\/index.php\/wp-json\/wp\/v2\/posts\/195317\/revisions"}],"predecessor-version":[{"id":195338,"href":"https:\/\/elotroenfoque.mx\/index.php\/wp-json\/wp\/v2\/posts\/195317\/revisions\/195338"}],"wp:featuredmedia":[{"embeddable":true,"href":"https:\/\/elotroenfoque.mx\/index.php\/wp-json\/wp\/v2\/media\/195335"}],"wp:attachment":[{"href":"https:\/\/elotroenfoque.mx\/index.php\/wp-json\/wp\/v2\/media?parent=195317"}],"wp:term":[{"taxonomy":"category","embeddable":true,"href":"https:\/\/elotroenfoque.mx\/index.php\/wp-json\/wp\/v2\/categories?post=195317"},{"taxonomy":"post_tag","embeddable":true,"href":"https:\/\/elotroenfoque.mx\/index.php\/wp-json\/wp\/v2\/tags?post=195317"}],"curies":[{"name":"wp","href":"https:\/\/api.w.org\/{rel}","templated":true}]}}