{"id":195318,"date":"2026-09-01T13:37:01","date_gmt":"2026-09-01T19:37:01","guid":{"rendered":"https:\/\/elotroenfoque.mx\/?p=195318"},"modified":"2026-09-01T13:37:03","modified_gmt":"2026-09-01T19:37:03","slug":"falta-capacidad-para-combatir-el-crimen-organizado-fiscal","status":"publish","type":"post","link":"https:\/\/elotroenfoque.mx\/index.php\/2026\/09\/01\/falta-capacidad-para-combatir-el-crimen-organizado-fiscal\/","title":{"rendered":"Falta capacidad para combatir el crimen organizado: Fiscal"},"content":{"rendered":"\n<p class=\"wp-block-paragraph\">La Comisi\u00f3n de Gobernaci\u00f3n y Puntos Constitucionales del Congreso de Guanajuato analiza una reforma a la Constituci\u00f3n federal para permitir que las fiscal\u00edas estatales tengan mayores facultades para investigar y perseguir delitos relacionados con la delincuencia organizada. <\/p>\n\n\n\n<p class=\"wp-block-paragraph\">La propuesta busca fortalecer la coordinaci\u00f3n con las autoridades federales y atender de manera m\u00e1s efectiva los delitos que afectan directamente a cada entidad.<\/p>\n\n\n\n<p class=\"wp-block-paragraph\">El fiscal general de Guanajuato, Gerardo V\u00e1zquez Alatriste, respald\u00f3 la iniciativa al se\u00f1alar que las instituciones federales actualmente no tienen capacidad suficiente para atender toda la demanda relacionada con delincuencia organizada.<\/p>\n\n\n\n<p class=\"wp-block-paragraph\">Explic\u00f3 que esto responde principalmente al estado de fuerza disponible y no a una falta de eficacia, por lo que consider\u00f3 necesario sumar capacidades estatales para enfrentar a las estructuras criminales.<\/p>\n\n\n\n<figure class=\"wp-block-image size-large\"><img loading=\"lazy\" decoding=\"async\" width=\"1024\" height=\"682\" src=\"https:\/\/elotroenfoque.mx\/wp-content\/uploads\/2026\/09\/congreso-estatal-1-1024x682.jpeg\" alt=\"\" class=\"wp-image-195320\" srcset=\"https:\/\/elotroenfoque.mx\/wp-content\/uploads\/2026\/09\/congreso-estatal-1-1024x682.jpeg 1024w, https:\/\/elotroenfoque.mx\/wp-content\/uploads\/2026\/09\/congreso-estatal-1-300x200.jpeg 300w, https:\/\/elotroenfoque.mx\/wp-content\/uploads\/2026\/09\/congreso-estatal-1-767x511.jpeg 767w, https:\/\/elotroenfoque.mx\/wp-content\/uploads\/2026\/09\/congreso-estatal-1-600x400.jpeg 600w, https:\/\/elotroenfoque.mx\/wp-content\/uploads\/2026\/09\/congreso-estatal-1.jpeg 1280w\" sizes=\"auto, (max-width: 1024px) 100vw, 1024px\" \/><\/figure>\n\n\n\n<p class=\"wp-block-paragraph\">V\u00e1zquez Alatriste plante\u00f3 que cuando una fiscal\u00eda estatal inicie una investigaci\u00f3n por delincuencia organizada o delitos relacionados, deber\u00e1 informar a la Fiscal\u00eda Especializada en Materia de Delincuencia Organizada. <\/p>\n\n\n\n<p class=\"wp-block-paragraph\">Esta instancia podr\u00eda determinar si ejerce su facultad de atracci\u00f3n, de acuerdo con sus pol\u00edticas criminales y el inter\u00e9s institucional, manteniendo as\u00ed la intervenci\u00f3n federal en los casos que considere necesarios.<\/p>\n\n\n\n<p class=\"wp-block-paragraph\">Representantes de la Consejer\u00eda Jur\u00eddica se\u00f1alaron que el cambio permitir\u00eda atender las distintas modalidades de delincuencia organizada desde los estados, especialmente cuando la centralizaci\u00f3n de investigaciones dificulta una respuesta r\u00e1pida. <\/p>\n\n\n\n<p class=\"wp-block-paragraph\">Sin embargo, aclararon que la propuesta no elimina las atribuciones federales, sino que plantea un esquema de concurrencia, coordinaci\u00f3n y colaboraci\u00f3n entre autoridades.<\/p>\n\n\n\n<figure class=\"wp-block-image size-large\"><img loading=\"lazy\" decoding=\"async\" width=\"1024\" height=\"682\" src=\"https:\/\/elotroenfoque.mx\/wp-content\/uploads\/2026\/09\/david-mendizabal-1024x682.jpeg\" alt=\"\" class=\"wp-image-195321\" srcset=\"https:\/\/elotroenfoque.mx\/wp-content\/uploads\/2026\/09\/david-mendizabal-1024x682.jpeg 1024w, https:\/\/elotroenfoque.mx\/wp-content\/uploads\/2026\/09\/david-mendizabal-300x200.jpeg 300w, https:\/\/elotroenfoque.mx\/wp-content\/uploads\/2026\/09\/david-mendizabal-767x511.jpeg 767w, https:\/\/elotroenfoque.mx\/wp-content\/uploads\/2026\/09\/david-mendizabal-600x400.jpeg 600w, https:\/\/elotroenfoque.mx\/wp-content\/uploads\/2026\/09\/david-mendizabal.jpeg 1280w\" sizes=\"auto, (max-width: 1024px) 100vw, 1024px\" \/><\/figure>\n\n\n\n<p class=\"wp-block-paragraph\">Durante la mesa de trabajo tambi\u00e9n surgieron cuestionamientos. El diputado David Mart\u00ednez Mendiz\u00e1bal advirti\u00f3 que las fiscal\u00edas locales podr\u00edan enfrentar dificultades por falta de especializaci\u00f3n y por la saturaci\u00f3n de casos que ya atienden. <\/p>\n\n\n\n<p class=\"wp-block-paragraph\">Tambi\u00e9n lee: <strong><a href=\"https:\/\/elotroenfoque.mx\/index.php\/2026\/09\/01\/guanajuato-capital-aprueba-declarar-los-tuneles-como-propios\/\">Guanajuato capital aprueba declarar los t\u00faneles como propios<\/a><\/strong><\/p>\n\n\n\n<p class=\"wp-block-paragraph\">En contraste, Susana Berm\u00fadez Cano consider\u00f3 urgente fortalecer la capacidad de reacci\u00f3n desde lo local, mientras Juan Carlos Romero Hicks pidi\u00f3 mayor cooperaci\u00f3n entre autoridades para enfrentar un problema que calific\u00f3 como especialmente complejo.<\/p>\n\n\n\n<figure class=\"wp-block-image size-large\"><img loading=\"lazy\" decoding=\"async\" width=\"1024\" height=\"682\" src=\"https:\/\/elotroenfoque.mx\/wp-content\/uploads\/2026\/09\/susana-bermudez-1024x682.jpeg\" alt=\"\" class=\"wp-image-195322\" srcset=\"https:\/\/elotroenfoque.mx\/wp-content\/uploads\/2026\/09\/susana-bermudez-1024x682.jpeg 1024w, https:\/\/elotroenfoque.mx\/wp-content\/uploads\/2026\/09\/susana-bermudez-300x200.jpeg 300w, https:\/\/elotroenfoque.mx\/wp-content\/uploads\/2026\/09\/susana-bermudez-767x511.jpeg 767w, https:\/\/elotroenfoque.mx\/wp-content\/uploads\/2026\/09\/susana-bermudez-600x400.jpeg 600w, https:\/\/elotroenfoque.mx\/wp-content\/uploads\/2026\/09\/susana-bermudez.jpeg 1280w\" sizes=\"auto, (max-width: 1024px) 100vw, 1024px\" \/><\/figure>\n\n\n\n<p class=\"wp-block-paragraph\">La iniciativa contempla modificaciones a cuatro art\u00edculos de la Constituci\u00f3n y deber\u00e1 continuar su an\u00e1lisis legislativo antes de avanzar en su proceso. <\/p>\n\n\n\n<p class=\"wp-block-paragraph\">Adem\u00e1s, se plante\u00f3 la necesidad de crear juzgados y unidades especializadas, establecer una legislaci\u00f3n nacional para distribuir competencias y garantizar recursos para proteger a jueces, fiscales y testigos frente a posibles represalias criminales.<\/p>\n\n\n\n<p class=\"wp-block-paragraph\"><strong><a href=\"https:\/\/www.tiktok.com\/@elotroenfoque?_r=1&amp;_t=ZS-97ffhW6kR1t\">Sigue tambi\u00e9n las noticias en TikTok<\/a><\/strong><\/p>\n\n\n\n<p class=\"wp-block-paragraph\"><\/p>\n","protected":false},"excerpt":{"rendered":"<p>La Comisi\u00f3n de Gobernaci\u00f3n y Puntos Constitucionales del Congreso de Guanajuato analiza una reforma a la Constituci\u00f3n federal para permitir que las fiscal\u00edas estatales tengan mayores facultades para investigar y perseguir delitos relacionados con la delincuencia organizada. La propuesta busca fortalecer la coordinaci\u00f3n con las autoridades federales y atender de manera m\u00e1s efectiva los delitos&#8230;<\/p>\n","protected":false},"author":4,"featured_media":195319,"comment_status":"closed","ping_status":"open","sticky":false,"template":"","format":"standard","meta":{"footnotes":""},"categories":[2],"tags":[13,4517],"class_list":["post-195318","post","type-post","status-publish","format-standard","has-post-thumbnail","hentry","category-noticias","tag-guanajuato","tag-noticias-guanajuato"],"yoast_head":"<!-- This site is optimized with the Yoast SEO plugin v28.2 - https:\/\/yoast.com\/product\/yoast-seo-wordpress\/ -->\n<title>Falta capacidad para combatir el crimen organizado: Fiscal - El otro enfoque<\/title>\n<meta name=\"description\" content=\"Guanajuato analiza que fiscal\u00edas estatales investiguen delincuencia organizada para fortalecer la coordinaci\u00f3n con autoridades federales y agilizar casos.\" \/>\n<meta name=\"robots\" content=\"index, follow, max-snippet:-1, max-image-preview:large, max-video-preview:-1\" \/>\n<link rel=\"canonical\" href=\"https:\/\/elotroenfoque.mx\/index.php\/2026\/09\/01\/falta-capacidad-para-combatir-el-crimen-organizado-fiscal\/\" \/>\n<meta property=\"og:locale\" content=\"es_MX\" \/>\n<meta property=\"og:type\" content=\"article\" \/>\n<meta property=\"og:title\" content=\"Falta capacidad para combatir el crimen organizado: Fiscal - El otro enfoque\" \/>\n<meta property=\"og:description\" content=\"Guanajuato analiza que fiscal\u00edas estatales investiguen delincuencia organizada para fortalecer la coordinaci\u00f3n con autoridades federales y agilizar casos.\" \/>\n<meta property=\"og:url\" content=\"https:\/\/elotroenfoque.mx\/index.php\/2026\/09\/01\/falta-capacidad-para-combatir-el-crimen-organizado-fiscal\/\" \/>\n<meta property=\"og:site_name\" content=\"El otro enfoque\" \/>\n<meta property=\"article:published_time\" content=\"2026-09-01T19:37:01+00:00\" \/>\n<meta property=\"article:modified_time\" content=\"2026-09-01T19:37:03+00:00\" \/>\n<meta property=\"og:image\" content=\"https:\/\/elotroenfoque.mx\/wp-content\/uploads\/2026\/09\/fiscal-en-el-congreso-1.jpeg\" \/>\n\t<meta property=\"og:image:width\" content=\"1280\" \/>\n\t<meta property=\"og:image:height\" content=\"853\" \/>\n\t<meta property=\"og:image:type\" content=\"image\/jpeg\" \/>\n<meta name=\"author\" content=\"Equipo Redaccion\" \/>\n<meta name=\"twitter:card\" content=\"summary_large_image\" \/>\n<meta name=\"twitter:label1\" content=\"Escrito por\" \/>\n\t<meta name=\"twitter:data1\" content=\"Equipo Redaccion\" \/>\n\t<meta name=\"twitter:label2\" content=\"Tiempo de lectura\" \/>\n\t<meta name=\"twitter:data2\" content=\"3 minutos\" \/>\n<script type=\"application\/ld+json\" class=\"yoast-schema-graph\">{\"@context\":\"https:\\\/\\\/schema.org\",\"@graph\":[{\"@type\":\"Article\",\"@id\":\"https:\\\/\\\/elotroenfoque.mx\\\/index.php\\\/2026\\\/09\\\/01\\\/falta-capacidad-para-combatir-el-crimen-organizado-fiscal\\\/#article\",\"isPartOf\":{\"@id\":\"https:\\\/\\\/elotroenfoque.mx\\\/index.php\\\/2026\\\/09\\\/01\\\/falta-capacidad-para-combatir-el-crimen-organizado-fiscal\\\/\"},\"author\":{\"name\":\"Equipo Redaccion\",\"@id\":\"https:\\\/\\\/elotroenfoque.mx\\\/#\\\/schema\\\/person\\\/8eb322f84d0bd9f337e462905519a1ae\"},\"headline\":\"Falta capacidad para combatir el crimen organizado: Fiscal\",\"datePublished\":\"2026-09-01T19:37:01+00:00\",\"dateModified\":\"2026-09-01T19:37:03+00:00\",\"mainEntityOfPage\":{\"@id\":\"https:\\\/\\\/elotroenfoque.mx\\\/index.php\\\/2026\\\/09\\\/01\\\/falta-capacidad-para-combatir-el-crimen-organizado-fiscal\\\/\"},\"wordCount\":425,\"image\":{\"@id\":\"https:\\\/\\\/elotroenfoque.mx\\\/index.php\\\/2026\\\/09\\\/01\\\/falta-capacidad-para-combatir-el-crimen-organizado-fiscal\\\/#primaryimage\"},\"thumbnailUrl\":\"https:\\\/\\\/elotroenfoque.mx\\\/wp-content\\\/uploads\\\/2026\\\/09\\\/fiscal-en-el-congreso-1.jpeg\",\"keywords\":[\"Guanajuato\",\"Noticias Guanajuato\"],\"articleSection\":[\"Noticias\"],\"inLanguage\":\"es\"},{\"@type\":\"WebPage\",\"@id\":\"https:\\\/\\\/elotroenfoque.mx\\\/index.php\\\/2026\\\/09\\\/01\\\/falta-capacidad-para-combatir-el-crimen-organizado-fiscal\\\/\",\"url\":\"https:\\\/\\\/elotroenfoque.mx\\\/index.php\\\/2026\\\/09\\\/01\\\/falta-capacidad-para-combatir-el-crimen-organizado-fiscal\\\/\",\"name\":\"Falta capacidad para combatir el crimen organizado: Fiscal - El otro enfoque\",\"isPartOf\":{\"@id\":\"https:\\\/\\\/elotroenfoque.mx\\\/#website\"},\"primaryImageOfPage\":{\"@id\":\"https:\\\/\\\/elotroenfoque.mx\\\/index.php\\\/2026\\\/09\\\/01\\\/falta-capacidad-para-combatir-el-crimen-organizado-fiscal\\\/#primaryimage\"},\"image\":{\"@id\":\"https:\\\/\\\/elotroenfoque.mx\\\/index.php\\\/2026\\\/09\\\/01\\\/falta-capacidad-para-combatir-el-crimen-organizado-fiscal\\\/#primaryimage\"},\"thumbnailUrl\":\"https:\\\/\\\/elotroenfoque.mx\\\/wp-content\\\/uploads\\\/2026\\\/09\\\/fiscal-en-el-congreso-1.jpeg\",\"datePublished\":\"2026-09-01T19:37:01+00:00\",\"dateModified\":\"2026-09-01T19:37:03+00:00\",\"author\":{\"@id\":\"https:\\\/\\\/elotroenfoque.mx\\\/#\\\/schema\\\/person\\\/8eb322f84d0bd9f337e462905519a1ae\"},\"description\":\"Guanajuato analiza que fiscal\u00edas estatales investiguen delincuencia organizada para fortalecer la coordinaci\u00f3n con autoridades federales y agilizar casos.\",\"breadcrumb\":{\"@id\":\"https:\\\/\\\/elotroenfoque.mx\\\/index.php\\\/2026\\\/09\\\/01\\\/falta-capacidad-para-combatir-el-crimen-organizado-fiscal\\\/#breadcrumb\"},\"inLanguage\":\"es\",\"potentialAction\":[{\"@type\":\"ReadAction\",\"target\":[\"https:\\\/\\\/elotroenfoque.mx\\\/index.php\\\/2026\\\/09\\\/01\\\/falta-capacidad-para-combatir-el-crimen-organizado-fiscal\\\/\"]}]},{\"@type\":\"ImageObject\",\"inLanguage\":\"es\",\"@id\":\"https:\\\/\\\/elotroenfoque.mx\\\/index.php\\\/2026\\\/09\\\/01\\\/falta-capacidad-para-combatir-el-crimen-organizado-fiscal\\\/#primaryimage\",\"url\":\"https:\\\/\\\/elotroenfoque.mx\\\/wp-content\\\/uploads\\\/2026\\\/09\\\/fiscal-en-el-congreso-1.jpeg\",\"contentUrl\":\"https:\\\/\\\/elotroenfoque.mx\\\/wp-content\\\/uploads\\\/2026\\\/09\\\/fiscal-en-el-congreso-1.jpeg\",\"width\":1280,\"height\":853},{\"@type\":\"BreadcrumbList\",\"@id\":\"https:\\\/\\\/elotroenfoque.mx\\\/index.php\\\/2026\\\/09\\\/01\\\/falta-capacidad-para-combatir-el-crimen-organizado-fiscal\\\/#breadcrumb\",\"itemListElement\":[{\"@type\":\"ListItem\",\"position\":1,\"name\":\"Portada\",\"item\":\"https:\\\/\\\/elotroenfoque.mx\\\/\"},{\"@type\":\"ListItem\",\"position\":2,\"name\":\"Falta capacidad para combatir el crimen organizado: Fiscal\"}]},{\"@type\":\"WebSite\",\"@id\":\"https:\\\/\\\/elotroenfoque.mx\\\/#website\",\"url\":\"https:\\\/\\\/elotroenfoque.mx\\\/\",\"name\":\"El otro enfoque\",\"description\":\"\",\"potentialAction\":[{\"@type\":\"SearchAction\",\"target\":{\"@type\":\"EntryPoint\",\"urlTemplate\":\"https:\\\/\\\/elotroenfoque.mx\\\/?s={search_term_string}\"},\"query-input\":{\"@type\":\"PropertyValueSpecification\",\"valueRequired\":true,\"valueName\":\"search_term_string\"}}],\"inLanguage\":\"es\"},{\"@type\":\"Person\",\"@id\":\"https:\\\/\\\/elotroenfoque.mx\\\/#\\\/schema\\\/person\\\/8eb322f84d0bd9f337e462905519a1ae\",\"name\":\"Equipo Redaccion\",\"image\":{\"@type\":\"ImageObject\",\"inLanguage\":\"es\",\"@id\":\"https:\\\/\\\/secure.gravatar.com\\\/avatar\\\/3579478e2b4e7aad364a32b26cf744b360ae0e581ee1cd0cb18a8f239ee49ac4?s=96&d=mm&r=g\",\"url\":\"https:\\\/\\\/secure.gravatar.com\\\/avatar\\\/3579478e2b4e7aad364a32b26cf744b360ae0e581ee1cd0cb18a8f239ee49ac4?s=96&d=mm&r=g\",\"contentUrl\":\"https:\\\/\\\/secure.gravatar.com\\\/avatar\\\/3579478e2b4e7aad364a32b26cf744b360ae0e581ee1cd0cb18a8f239ee49ac4?s=96&d=mm&r=g\",\"caption\":\"Equipo Redaccion\"},\"url\":\"https:\\\/\\\/elotroenfoque.mx\\\/index.php\\\/author\\\/redaccion\\\/\"}]}<\/script>\n<!-- \/ Yoast SEO plugin. -->","yoast_head_json":{"title":"Falta capacidad para combatir el crimen organizado: Fiscal - El otro enfoque","description":"Guanajuato analiza que fiscal\u00edas estatales investiguen delincuencia organizada para fortalecer la coordinaci\u00f3n con autoridades federales y agilizar casos.","robots":{"index":"index","follow":"follow","max-snippet":"max-snippet:-1","max-image-preview":"max-image-preview:large","max-video-preview":"max-video-preview:-1"},"canonical":"https:\/\/elotroenfoque.mx\/index.php\/2026\/09\/01\/falta-capacidad-para-combatir-el-crimen-organizado-fiscal\/","og_locale":"es_MX","og_type":"article","og_title":"Falta capacidad para combatir el crimen organizado: Fiscal - El otro enfoque","og_description":"Guanajuato analiza que fiscal\u00edas estatales investiguen delincuencia organizada para fortalecer la coordinaci\u00f3n con autoridades federales y agilizar casos.","og_url":"https:\/\/elotroenfoque.mx\/index.php\/2026\/09\/01\/falta-capacidad-para-combatir-el-crimen-organizado-fiscal\/","og_site_name":"El otro enfoque","article_published_time":"2026-09-01T19:37:01+00:00","article_modified_time":"2026-09-01T19:37:03+00:00","og_image":[{"width":1280,"height":853,"url":"https:\/\/elotroenfoque.mx\/wp-content\/uploads\/2026\/09\/fiscal-en-el-congreso-1.jpeg","type":"image\/jpeg"}],"author":"Equipo Redaccion","twitter_card":"summary_large_image","twitter_misc":{"Escrito por":"Equipo Redaccion","Tiempo de lectura":"3 minutos"},"schema":{"@context":"https:\/\/schema.org","@graph":[{"@type":"Article","@id":"https:\/\/elotroenfoque.mx\/index.php\/2026\/09\/01\/falta-capacidad-para-combatir-el-crimen-organizado-fiscal\/#article","isPartOf":{"@id":"https:\/\/elotroenfoque.mx\/index.php\/2026\/09\/01\/falta-capacidad-para-combatir-el-crimen-organizado-fiscal\/"},"author":{"name":"Equipo Redaccion","@id":"https:\/\/elotroenfoque.mx\/#\/schema\/person\/8eb322f84d0bd9f337e462905519a1ae"},"headline":"Falta capacidad para combatir el crimen organizado: Fiscal","datePublished":"2026-09-01T19:37:01+00:00","dateModified":"2026-09-01T19:37:03+00:00","mainEntityOfPage":{"@id":"https:\/\/elotroenfoque.mx\/index.php\/2026\/09\/01\/falta-capacidad-para-combatir-el-crimen-organizado-fiscal\/"},"wordCount":425,"image":{"@id":"https:\/\/elotroenfoque.mx\/index.php\/2026\/09\/01\/falta-capacidad-para-combatir-el-crimen-organizado-fiscal\/#primaryimage"},"thumbnailUrl":"https:\/\/elotroenfoque.mx\/wp-content\/uploads\/2026\/09\/fiscal-en-el-congreso-1.jpeg","keywords":["Guanajuato","Noticias Guanajuato"],"articleSection":["Noticias"],"inLanguage":"es"},{"@type":"WebPage","@id":"https:\/\/elotroenfoque.mx\/index.php\/2026\/09\/01\/falta-capacidad-para-combatir-el-crimen-organizado-fiscal\/","url":"https:\/\/elotroenfoque.mx\/index.php\/2026\/09\/01\/falta-capacidad-para-combatir-el-crimen-organizado-fiscal\/","name":"Falta capacidad para combatir el crimen organizado: Fiscal - El otro enfoque","isPartOf":{"@id":"https:\/\/elotroenfoque.mx\/#website"},"primaryImageOfPage":{"@id":"https:\/\/elotroenfoque.mx\/index.php\/2026\/09\/01\/falta-capacidad-para-combatir-el-crimen-organizado-fiscal\/#primaryimage"},"image":{"@id":"https:\/\/elotroenfoque.mx\/index.php\/2026\/09\/01\/falta-capacidad-para-combatir-el-crimen-organizado-fiscal\/#primaryimage"},"thumbnailUrl":"https:\/\/elotroenfoque.mx\/wp-content\/uploads\/2026\/09\/fiscal-en-el-congreso-1.jpeg","datePublished":"2026-09-01T19:37:01+00:00","dateModified":"2026-09-01T19:37:03+00:00","author":{"@id":"https:\/\/elotroenfoque.mx\/#\/schema\/person\/8eb322f84d0bd9f337e462905519a1ae"},"description":"Guanajuato analiza que fiscal\u00edas estatales investiguen delincuencia organizada para fortalecer la coordinaci\u00f3n con autoridades federales y agilizar casos.","breadcrumb":{"@id":"https:\/\/elotroenfoque.mx\/index.php\/2026\/09\/01\/falta-capacidad-para-combatir-el-crimen-organizado-fiscal\/#breadcrumb"},"inLanguage":"es","potentialAction":[{"@type":"ReadAction","target":["https:\/\/elotroenfoque.mx\/index.php\/2026\/09\/01\/falta-capacidad-para-combatir-el-crimen-organizado-fiscal\/"]}]},{"@type":"ImageObject","inLanguage":"es","@id":"https:\/\/elotroenfoque.mx\/index.php\/2026\/09\/01\/falta-capacidad-para-combatir-el-crimen-organizado-fiscal\/#primaryimage","url":"https:\/\/elotroenfoque.mx\/wp-content\/uploads\/2026\/09\/fiscal-en-el-congreso-1.jpeg","contentUrl":"https:\/\/elotroenfoque.mx\/wp-content\/uploads\/2026\/09\/fiscal-en-el-congreso-1.jpeg","width":1280,"height":853},{"@type":"BreadcrumbList","@id":"https:\/\/elotroenfoque.mx\/index.php\/2026\/09\/01\/falta-capacidad-para-combatir-el-crimen-organizado-fiscal\/#breadcrumb","itemListElement":[{"@type":"ListItem","position":1,"name":"Portada","item":"https:\/\/elotroenfoque.mx\/"},{"@type":"ListItem","position":2,"name":"Falta capacidad para combatir el crimen organizado: Fiscal"}]},{"@type":"WebSite","@id":"https:\/\/elotroenfoque.mx\/#website","url":"https:\/\/elotroenfoque.mx\/","name":"El otro enfoque","description":"","potentialAction":[{"@type":"SearchAction","target":{"@type":"EntryPoint","urlTemplate":"https:\/\/elotroenfoque.mx\/?s={search_term_string}"},"query-input":{"@type":"PropertyValueSpecification","valueRequired":true,"valueName":"search_term_string"}}],"inLanguage":"es"},{"@type":"Person","@id":"https:\/\/elotroenfoque.mx\/#\/schema\/person\/8eb322f84d0bd9f337e462905519a1ae","name":"Equipo Redaccion","image":{"@type":"ImageObject","inLanguage":"es","@id":"https:\/\/secure.gravatar.com\/avatar\/3579478e2b4e7aad364a32b26cf744b360ae0e581ee1cd0cb18a8f239ee49ac4?s=96&d=mm&r=g","url":"https:\/\/secure.gravatar.com\/avatar\/3579478e2b4e7aad364a32b26cf744b360ae0e581ee1cd0cb18a8f239ee49ac4?s=96&d=mm&r=g","contentUrl":"https:\/\/secure.gravatar.com\/avatar\/3579478e2b4e7aad364a32b26cf744b360ae0e581ee1cd0cb18a8f239ee49ac4?s=96&d=mm&r=g","caption":"Equipo Redaccion"},"url":"https:\/\/elotroenfoque.mx\/index.php\/author\/redaccion\/"}]}},"_links":{"self":[{"href":"https:\/\/elotroenfoque.mx\/index.php\/wp-json\/wp\/v2\/posts\/195318","targetHints":{"allow":["GET"]}}],"collection":[{"href":"https:\/\/elotroenfoque.mx\/index.php\/wp-json\/wp\/v2\/posts"}],"about":[{"href":"https:\/\/elotroenfoque.mx\/index.php\/wp-json\/wp\/v2\/types\/post"}],"author":[{"embeddable":true,"href":"https:\/\/elotroenfoque.mx\/index.php\/wp-json\/wp\/v2\/users\/4"}],"replies":[{"embeddable":true,"href":"https:\/\/elotroenfoque.mx\/index.php\/wp-json\/wp\/v2\/comments?post=195318"}],"version-history":[{"count":1,"href":"https:\/\/elotroenfoque.mx\/index.php\/wp-json\/wp\/v2\/posts\/195318\/revisions"}],"predecessor-version":[{"id":195323,"href":"https:\/\/elotroenfoque.mx\/index.php\/wp-json\/wp\/v2\/posts\/195318\/revisions\/195323"}],"wp:featuredmedia":[{"embeddable":true,"href":"https:\/\/elotroenfoque.mx\/index.php\/wp-json\/wp\/v2\/media\/195319"}],"wp:attachment":[{"href":"https:\/\/elotroenfoque.mx\/index.php\/wp-json\/wp\/v2\/media?parent=195318"}],"wp:term":[{"taxonomy":"category","embeddable":true,"href":"https:\/\/elotroenfoque.mx\/index.php\/wp-json\/wp\/v2\/categories?post=195318"},{"taxonomy":"post_tag","embeddable":true,"href":"https:\/\/elotroenfoque.mx\/index.php\/wp-json\/wp\/v2\/tags?post=195318"}],"curies":[{"name":"wp","href":"https:\/\/api.w.org\/{rel}","templated":true}]}}