{"id":195324,"date":"2026-09-01T14:11:37","date_gmt":"2026-09-01T20:11:37","guid":{"rendered":"https:\/\/elotroenfoque.mx\/?p=195324"},"modified":"2026-09-01T14:11:39","modified_gmt":"2026-09-01T20:11:39","slug":"silao-inicia-sus-fiestas-patrias-2026-con-bando-solemne","status":"publish","type":"post","link":"https:\/\/elotroenfoque.mx\/index.php\/2026\/09\/01\/silao-inicia-sus-fiestas-patrias-2026-con-bando-solemne\/","title":{"rendered":"Silao inicia sus Fiestas Patrias 2026 con Bando Solemne"},"content":{"rendered":"\n<p class=\"wp-block-paragraph\">Silao de la Victoria dio inicio formal a las festividades de septiembre con la colocaci\u00f3n del Bando Solemne, encabezada por la presidenta municipal Melanie Murillo Ch\u00e1vez. <\/p>\n\n\n\n<p class=\"wp-block-paragraph\">El documento re\u00fane el calendario oficial de eventos c\u00edvicos, culturales, art\u00edsticos y deportivos que se realizar\u00e1n en el municipio a lo largo del mes.<\/p>\n\n\n\n<p class=\"wp-block-paragraph\">Durante el evento, la alcaldesa destac\u00f3 que las fiestas patrias en Silao representan una oportunidad para que las familias compartan las tradiciones mexicanas y fortalezcan los valores c\u00edvicos. <\/p>\n\n\n\n<figure class=\"wp-block-gallery has-nested-images columns-default is-cropped wp-block-gallery-1 is-layout-flex wp-block-gallery-is-layout-flex\">\n<figure class=\"wp-block-image size-large\"><img loading=\"lazy\" decoding=\"async\" width=\"1024\" height=\"682\" data-id=\"195326\" src=\"https:\/\/elotroenfoque.mx\/wp-content\/uploads\/2026\/09\/inician-fiestas-patrias-en-silao-2-1024x682.jpeg\" alt=\"\" class=\"wp-image-195326\" srcset=\"https:\/\/elotroenfoque.mx\/wp-content\/uploads\/2026\/09\/inician-fiestas-patrias-en-silao-2-1024x682.jpeg 1024w, https:\/\/elotroenfoque.mx\/wp-content\/uploads\/2026\/09\/inician-fiestas-patrias-en-silao-2-300x200.jpeg 300w, https:\/\/elotroenfoque.mx\/wp-content\/uploads\/2026\/09\/inician-fiestas-patrias-en-silao-2-767x511.jpeg 767w, https:\/\/elotroenfoque.mx\/wp-content\/uploads\/2026\/09\/inician-fiestas-patrias-en-silao-2-600x400.jpeg 600w, https:\/\/elotroenfoque.mx\/wp-content\/uploads\/2026\/09\/inician-fiestas-patrias-en-silao-2.jpeg 1280w\" sizes=\"auto, (max-width: 1024px) 100vw, 1024px\" \/><\/figure>\n\n\n\n<figure class=\"wp-block-image size-large\"><img loading=\"lazy\" decoding=\"async\" width=\"1024\" height=\"682\" data-id=\"195327\" src=\"https:\/\/elotroenfoque.mx\/wp-content\/uploads\/2026\/09\/inician-fiestas-patrias-en-silao-3-1024x682.jpeg\" alt=\"\" class=\"wp-image-195327\" srcset=\"https:\/\/elotroenfoque.mx\/wp-content\/uploads\/2026\/09\/inician-fiestas-patrias-en-silao-3-1024x682.jpeg 1024w, https:\/\/elotroenfoque.mx\/wp-content\/uploads\/2026\/09\/inician-fiestas-patrias-en-silao-3-300x200.jpeg 300w, https:\/\/elotroenfoque.mx\/wp-content\/uploads\/2026\/09\/inician-fiestas-patrias-en-silao-3-767x511.jpeg 767w, https:\/\/elotroenfoque.mx\/wp-content\/uploads\/2026\/09\/inician-fiestas-patrias-en-silao-3-600x400.jpeg 600w, https:\/\/elotroenfoque.mx\/wp-content\/uploads\/2026\/09\/inician-fiestas-patrias-en-silao-3.jpeg 1280w\" sizes=\"auto, (max-width: 1024px) 100vw, 1024px\" \/><\/figure>\n\n\n\n<figure class=\"wp-block-image size-large\"><img loading=\"lazy\" decoding=\"async\" width=\"682\" height=\"1024\" data-id=\"195328\" src=\"https:\/\/elotroenfoque.mx\/wp-content\/uploads\/2026\/09\/inician-fiestas-patrias-en-silao-4-682x1024.jpeg\" alt=\"\" class=\"wp-image-195328\" srcset=\"https:\/\/elotroenfoque.mx\/wp-content\/uploads\/2026\/09\/inician-fiestas-patrias-en-silao-4-682x1024.jpeg 682w, https:\/\/elotroenfoque.mx\/wp-content\/uploads\/2026\/09\/inician-fiestas-patrias-en-silao-4-200x300.jpeg 200w, https:\/\/elotroenfoque.mx\/wp-content\/uploads\/2026\/09\/inician-fiestas-patrias-en-silao-4-768x1152.jpeg 768w, https:\/\/elotroenfoque.mx\/wp-content\/uploads\/2026\/09\/inician-fiestas-patrias-en-silao-4.jpeg 853w\" sizes=\"auto, (max-width: 682px) 100vw, 682px\" \/><\/figure>\n<\/figure>\n\n\n\n<p class=\"wp-block-paragraph\">El programa qued\u00f3 fijado para consulta p\u00fablica en la Presidencia Municipal, el Mercado Victoria, la Casa de la Cultura, el Jard\u00edn Principal y la Alameda Miguel Hidalgo.<\/p>\n\n\n\n<p class=\"wp-block-paragraph\">Tambi\u00e9n lee: <strong><a href=\"https:\/\/elotroenfoque.mx\/index.php\/2026\/09\/01\/falta-capacidad-para-combatir-el-crimen-organizado-fiscal\/\">Falta capacidad para combatir el crimen organizado: Fiscal<\/a><\/strong><\/p>\n\n\n\n<p class=\"wp-block-paragraph\">Previamente, la alcaldesa particip\u00f3 en el izamiento de la Bandera Nacional en la Plaza C\u00edvica de la Bandera Monumental junto a funcionarios municipales y mandos de la Guardia Nacional.<\/p>\n\n\n\n<figure class=\"wp-block-gallery has-nested-images columns-default is-cropped wp-block-gallery-2 is-layout-flex wp-block-gallery-is-layout-flex\">\n<figure class=\"wp-block-image size-large\"><img loading=\"lazy\" decoding=\"async\" width=\"1024\" height=\"682\" data-id=\"195331\" src=\"https:\/\/elotroenfoque.mx\/wp-content\/uploads\/2026\/09\/inician-fiestas-patrias-en-silao-5-1024x682.jpeg\" alt=\"\" class=\"wp-image-195331\" srcset=\"https:\/\/elotroenfoque.mx\/wp-content\/uploads\/2026\/09\/inician-fiestas-patrias-en-silao-5-1024x682.jpeg 1024w, https:\/\/elotroenfoque.mx\/wp-content\/uploads\/2026\/09\/inician-fiestas-patrias-en-silao-5-300x200.jpeg 300w, https:\/\/elotroenfoque.mx\/wp-content\/uploads\/2026\/09\/inician-fiestas-patrias-en-silao-5-767x511.jpeg 767w, https:\/\/elotroenfoque.mx\/wp-content\/uploads\/2026\/09\/inician-fiestas-patrias-en-silao-5-600x400.jpeg 600w, https:\/\/elotroenfoque.mx\/wp-content\/uploads\/2026\/09\/inician-fiestas-patrias-en-silao-5.jpeg 1280w\" sizes=\"auto, (max-width: 1024px) 100vw, 1024px\" \/><\/figure>\n\n\n\n<figure class=\"wp-block-image size-large\"><img loading=\"lazy\" decoding=\"async\" width=\"1024\" height=\"682\" data-id=\"195329\" src=\"https:\/\/elotroenfoque.mx\/wp-content\/uploads\/2026\/09\/inician-fiestas-patrias-en-silao-6-1024x682.jpeg\" alt=\"\" class=\"wp-image-195329\" srcset=\"https:\/\/elotroenfoque.mx\/wp-content\/uploads\/2026\/09\/inician-fiestas-patrias-en-silao-6-1024x682.jpeg 1024w, https:\/\/elotroenfoque.mx\/wp-content\/uploads\/2026\/09\/inician-fiestas-patrias-en-silao-6-300x200.jpeg 300w, https:\/\/elotroenfoque.mx\/wp-content\/uploads\/2026\/09\/inician-fiestas-patrias-en-silao-6-767x511.jpeg 767w, https:\/\/elotroenfoque.mx\/wp-content\/uploads\/2026\/09\/inician-fiestas-patrias-en-silao-6-600x400.jpeg 600w, https:\/\/elotroenfoque.mx\/wp-content\/uploads\/2026\/09\/inician-fiestas-patrias-en-silao-6.jpeg 1280w\" sizes=\"auto, (max-width: 1024px) 100vw, 1024px\" \/><\/figure>\n\n\n\n<figure class=\"wp-block-image size-large\"><img loading=\"lazy\" decoding=\"async\" width=\"1024\" height=\"682\" data-id=\"195330\" src=\"https:\/\/elotroenfoque.mx\/wp-content\/uploads\/2026\/09\/inician-fiestas-patrias-en-silao-7-1024x682.jpeg\" alt=\"\" class=\"wp-image-195330\" srcset=\"https:\/\/elotroenfoque.mx\/wp-content\/uploads\/2026\/09\/inician-fiestas-patrias-en-silao-7-1024x682.jpeg 1024w, https:\/\/elotroenfoque.mx\/wp-content\/uploads\/2026\/09\/inician-fiestas-patrias-en-silao-7-300x200.jpeg 300w, https:\/\/elotroenfoque.mx\/wp-content\/uploads\/2026\/09\/inician-fiestas-patrias-en-silao-7-767x511.jpeg 767w, https:\/\/elotroenfoque.mx\/wp-content\/uploads\/2026\/09\/inician-fiestas-patrias-en-silao-7-600x400.jpeg 600w, https:\/\/elotroenfoque.mx\/wp-content\/uploads\/2026\/09\/inician-fiestas-patrias-en-silao-7.jpeg 1280w\" sizes=\"auto, (max-width: 1024px) 100vw, 1024px\" \/><\/figure>\n<\/figure>\n\n\n\n<h2 class=\"wp-block-heading\">Exposici\u00f3n documental y agenda cultural<\/h2>\n\n\n\n<p class=\"wp-block-paragraph\">Como parte de la jornada inaugural de las fiestas patrias en Silao, las autoridades abrieron la exposici\u00f3n documental <em>La independencia de Silao: una mirada desde el Archivo Hist\u00f3rico<\/em>.<\/p>\n\n\n\n<p class=\"wp-block-paragraph\">La muestra, disponible en el patio de la Presidencia Municipal, ofrece a los asistentes un recorrido por los testimonios documentales que forman parte de la identidad local.<\/p>\n\n\n\n<figure class=\"wp-block-gallery has-nested-images columns-default is-cropped wp-block-gallery-3 is-layout-flex wp-block-gallery-is-layout-flex\">\n<figure class=\"wp-block-image size-large\"><img loading=\"lazy\" decoding=\"async\" width=\"1024\" height=\"682\" data-id=\"195332\" src=\"https:\/\/elotroenfoque.mx\/wp-content\/uploads\/2026\/09\/inician-fiestas-patrias-en-silao-8-1024x682.jpeg\" alt=\"\" class=\"wp-image-195332\" srcset=\"https:\/\/elotroenfoque.mx\/wp-content\/uploads\/2026\/09\/inician-fiestas-patrias-en-silao-8-1024x682.jpeg 1024w, https:\/\/elotroenfoque.mx\/wp-content\/uploads\/2026\/09\/inician-fiestas-patrias-en-silao-8-300x200.jpeg 300w, https:\/\/elotroenfoque.mx\/wp-content\/uploads\/2026\/09\/inician-fiestas-patrias-en-silao-8-767x511.jpeg 767w, https:\/\/elotroenfoque.mx\/wp-content\/uploads\/2026\/09\/inician-fiestas-patrias-en-silao-8-600x400.jpeg 600w, https:\/\/elotroenfoque.mx\/wp-content\/uploads\/2026\/09\/inician-fiestas-patrias-en-silao-8.jpeg 1280w\" sizes=\"auto, (max-width: 1024px) 100vw, 1024px\" \/><\/figure>\n\n\n\n<figure class=\"wp-block-image size-large\"><img loading=\"lazy\" decoding=\"async\" width=\"1024\" height=\"682\" data-id=\"195333\" src=\"https:\/\/elotroenfoque.mx\/wp-content\/uploads\/2026\/09\/inician-fiestas-patrias-en-silao-9-1024x682.jpeg\" alt=\"\" class=\"wp-image-195333\" srcset=\"https:\/\/elotroenfoque.mx\/wp-content\/uploads\/2026\/09\/inician-fiestas-patrias-en-silao-9-1024x682.jpeg 1024w, https:\/\/elotroenfoque.mx\/wp-content\/uploads\/2026\/09\/inician-fiestas-patrias-en-silao-9-300x200.jpeg 300w, https:\/\/elotroenfoque.mx\/wp-content\/uploads\/2026\/09\/inician-fiestas-patrias-en-silao-9-767x511.jpeg 767w, https:\/\/elotroenfoque.mx\/wp-content\/uploads\/2026\/09\/inician-fiestas-patrias-en-silao-9-600x400.jpeg 600w, https:\/\/elotroenfoque.mx\/wp-content\/uploads\/2026\/09\/inician-fiestas-patrias-en-silao-9.jpeg 1280w\" sizes=\"auto, (max-width: 1024px) 100vw, 1024px\" \/><\/figure>\n\n\n\n<figure class=\"wp-block-image size-large\"><img loading=\"lazy\" decoding=\"async\" width=\"1024\" height=\"682\" data-id=\"195334\" src=\"https:\/\/elotroenfoque.mx\/wp-content\/uploads\/2026\/09\/inician-fiestas-patrias-en-silao-10-1024x682.jpeg\" alt=\"\" class=\"wp-image-195334\" srcset=\"https:\/\/elotroenfoque.mx\/wp-content\/uploads\/2026\/09\/inician-fiestas-patrias-en-silao-10-1024x682.jpeg 1024w, https:\/\/elotroenfoque.mx\/wp-content\/uploads\/2026\/09\/inician-fiestas-patrias-en-silao-10-300x200.jpeg 300w, https:\/\/elotroenfoque.mx\/wp-content\/uploads\/2026\/09\/inician-fiestas-patrias-en-silao-10-767x511.jpeg 767w, https:\/\/elotroenfoque.mx\/wp-content\/uploads\/2026\/09\/inician-fiestas-patrias-en-silao-10-600x400.jpeg 600w, https:\/\/elotroenfoque.mx\/wp-content\/uploads\/2026\/09\/inician-fiestas-patrias-en-silao-10.jpeg 1280w\" sizes=\"auto, (max-width: 1024px) 100vw, 1024px\" \/><\/figure>\n<\/figure>\n\n\n\n<p class=\"wp-block-paragraph\"><strong><a href=\"https:\/\/www.tiktok.com\/@elotroenfoque?_r=1&amp;_t=ZS-97ffhW6kR1t\">Sigue tambi\u00e9n las noticias en TikTok<\/a><\/strong><\/p>\n\n\n\n<p class=\"wp-block-paragraph\"><\/p>\n","protected":false},"excerpt":{"rendered":"<p>Silao de la Victoria dio inicio formal a las festividades de septiembre con la colocaci\u00f3n del Bando Solemne, encabezada por la presidenta municipal Melanie Murillo Ch\u00e1vez. El documento re\u00fane el calendario oficial de eventos c\u00edvicos, culturales, art\u00edsticos y deportivos que se realizar\u00e1n en el municipio a lo largo del mes. Durante el evento, la alcaldesa&#8230;<\/p>\n","protected":false},"author":4,"featured_media":195325,"comment_status":"closed","ping_status":"open","sticky":false,"template":"","format":"standard","meta":{"footnotes":""},"categories":[2],"tags":[13,4517],"class_list":["post-195324","post","type-post","status-publish","format-standard","has-post-thumbnail","hentry","category-noticias","tag-guanajuato","tag-noticias-guanajuato"],"yoast_head":"<!-- This site is optimized with the Yoast SEO plugin v28.2 - https:\/\/yoast.com\/product\/yoast-seo-wordpress\/ -->\n<title>Silao inicia sus Fiestas Patrias 2026 con Bando Solemne - El otro enfoque<\/title>\n<meta name=\"description\" content=\"Silao inici\u00f3 las Fiestas Patrias 2026 con el Bando Solemne encabezado por la alcaldesa Melanie Murillo, actos c\u00edvicos y una exposici\u00f3n documental.\" \/>\n<meta name=\"robots\" content=\"index, follow, max-snippet:-1, max-image-preview:large, max-video-preview:-1\" \/>\n<link rel=\"canonical\" href=\"https:\/\/elotroenfoque.mx\/index.php\/2026\/09\/01\/silao-inicia-sus-fiestas-patrias-2026-con-bando-solemne\/\" \/>\n<meta property=\"og:locale\" content=\"es_MX\" \/>\n<meta property=\"og:type\" content=\"article\" \/>\n<meta property=\"og:title\" content=\"Silao inicia sus Fiestas Patrias 2026 con Bando Solemne - El otro enfoque\" \/>\n<meta property=\"og:description\" content=\"Silao inici\u00f3 las Fiestas Patrias 2026 con el Bando Solemne encabezado por la alcaldesa Melanie Murillo, actos c\u00edvicos y una exposici\u00f3n documental.\" \/>\n<meta property=\"og:url\" content=\"https:\/\/elotroenfoque.mx\/index.php\/2026\/09\/01\/silao-inicia-sus-fiestas-patrias-2026-con-bando-solemne\/\" \/>\n<meta property=\"og:site_name\" content=\"El otro enfoque\" \/>\n<meta property=\"article:published_time\" content=\"2026-09-01T20:11:37+00:00\" \/>\n<meta property=\"article:modified_time\" content=\"2026-09-01T20:11:39+00:00\" \/>\n<meta property=\"og:image\" content=\"https:\/\/elotroenfoque.mx\/wp-content\/uploads\/2026\/09\/inician-fiestas-patrias-en-silao-1.jpeg\" \/>\n\t<meta property=\"og:image:width\" content=\"1280\" \/>\n\t<meta property=\"og:image:height\" content=\"853\" \/>\n\t<meta property=\"og:image:type\" content=\"image\/jpeg\" \/>\n<meta name=\"author\" content=\"Equipo Redaccion\" \/>\n<meta name=\"twitter:card\" content=\"summary_large_image\" \/>\n<meta name=\"twitter:label1\" content=\"Escrito por\" \/>\n\t<meta name=\"twitter:data1\" content=\"Equipo Redaccion\" \/>\n\t<meta name=\"twitter:label2\" content=\"Tiempo de lectura\" \/>\n\t<meta name=\"twitter:data2\" content=\"3 minutos\" \/>\n<script type=\"application\/ld+json\" class=\"yoast-schema-graph\">{\"@context\":\"https:\\\/\\\/schema.org\",\"@graph\":[{\"@type\":\"Article\",\"@id\":\"https:\\\/\\\/elotroenfoque.mx\\\/index.php\\\/2026\\\/09\\\/01\\\/silao-inicia-sus-fiestas-patrias-2026-con-bando-solemne\\\/#article\",\"isPartOf\":{\"@id\":\"https:\\\/\\\/elotroenfoque.mx\\\/index.php\\\/2026\\\/09\\\/01\\\/silao-inicia-sus-fiestas-patrias-2026-con-bando-solemne\\\/\"},\"author\":{\"name\":\"Equipo Redaccion\",\"@id\":\"https:\\\/\\\/elotroenfoque.mx\\\/#\\\/schema\\\/person\\\/8eb322f84d0bd9f337e462905519a1ae\"},\"headline\":\"Silao inicia sus Fiestas Patrias 2026 con Bando Solemne\",\"datePublished\":\"2026-09-01T20:11:37+00:00\",\"dateModified\":\"2026-09-01T20:11:39+00:00\",\"mainEntityOfPage\":{\"@id\":\"https:\\\/\\\/elotroenfoque.mx\\\/index.php\\\/2026\\\/09\\\/01\\\/silao-inicia-sus-fiestas-patrias-2026-con-bando-solemne\\\/\"},\"wordCount\":233,\"image\":{\"@id\":\"https:\\\/\\\/elotroenfoque.mx\\\/index.php\\\/2026\\\/09\\\/01\\\/silao-inicia-sus-fiestas-patrias-2026-con-bando-solemne\\\/#primaryimage\"},\"thumbnailUrl\":\"https:\\\/\\\/elotroenfoque.mx\\\/wp-content\\\/uploads\\\/2026\\\/09\\\/inician-fiestas-patrias-en-silao-1.jpeg\",\"keywords\":[\"Guanajuato\",\"Noticias Guanajuato\"],\"articleSection\":[\"Noticias\"],\"inLanguage\":\"es\"},{\"@type\":\"WebPage\",\"@id\":\"https:\\\/\\\/elotroenfoque.mx\\\/index.php\\\/2026\\\/09\\\/01\\\/silao-inicia-sus-fiestas-patrias-2026-con-bando-solemne\\\/\",\"url\":\"https:\\\/\\\/elotroenfoque.mx\\\/index.php\\\/2026\\\/09\\\/01\\\/silao-inicia-sus-fiestas-patrias-2026-con-bando-solemne\\\/\",\"name\":\"Silao inicia sus Fiestas Patrias 2026 con Bando Solemne - El otro enfoque\",\"isPartOf\":{\"@id\":\"https:\\\/\\\/elotroenfoque.mx\\\/#website\"},\"primaryImageOfPage\":{\"@id\":\"https:\\\/\\\/elotroenfoque.mx\\\/index.php\\\/2026\\\/09\\\/01\\\/silao-inicia-sus-fiestas-patrias-2026-con-bando-solemne\\\/#primaryimage\"},\"image\":{\"@id\":\"https:\\\/\\\/elotroenfoque.mx\\\/index.php\\\/2026\\\/09\\\/01\\\/silao-inicia-sus-fiestas-patrias-2026-con-bando-solemne\\\/#primaryimage\"},\"thumbnailUrl\":\"https:\\\/\\\/elotroenfoque.mx\\\/wp-content\\\/uploads\\\/2026\\\/09\\\/inician-fiestas-patrias-en-silao-1.jpeg\",\"datePublished\":\"2026-09-01T20:11:37+00:00\",\"dateModified\":\"2026-09-01T20:11:39+00:00\",\"author\":{\"@id\":\"https:\\\/\\\/elotroenfoque.mx\\\/#\\\/schema\\\/person\\\/8eb322f84d0bd9f337e462905519a1ae\"},\"description\":\"Silao inici\u00f3 las Fiestas Patrias 2026 con el Bando Solemne encabezado por la alcaldesa Melanie Murillo, actos c\u00edvicos y una exposici\u00f3n documental.\",\"breadcrumb\":{\"@id\":\"https:\\\/\\\/elotroenfoque.mx\\\/index.php\\\/2026\\\/09\\\/01\\\/silao-inicia-sus-fiestas-patrias-2026-con-bando-solemne\\\/#breadcrumb\"},\"inLanguage\":\"es\",\"potentialAction\":[{\"@type\":\"ReadAction\",\"target\":[\"https:\\\/\\\/elotroenfoque.mx\\\/index.php\\\/2026\\\/09\\\/01\\\/silao-inicia-sus-fiestas-patrias-2026-con-bando-solemne\\\/\"]}]},{\"@type\":\"ImageObject\",\"inLanguage\":\"es\",\"@id\":\"https:\\\/\\\/elotroenfoque.mx\\\/index.php\\\/2026\\\/09\\\/01\\\/silao-inicia-sus-fiestas-patrias-2026-con-bando-solemne\\\/#primaryimage\",\"url\":\"https:\\\/\\\/elotroenfoque.mx\\\/wp-content\\\/uploads\\\/2026\\\/09\\\/inician-fiestas-patrias-en-silao-1.jpeg\",\"contentUrl\":\"https:\\\/\\\/elotroenfoque.mx\\\/wp-content\\\/uploads\\\/2026\\\/09\\\/inician-fiestas-patrias-en-silao-1.jpeg\",\"width\":1280,\"height\":853},{\"@type\":\"BreadcrumbList\",\"@id\":\"https:\\\/\\\/elotroenfoque.mx\\\/index.php\\\/2026\\\/09\\\/01\\\/silao-inicia-sus-fiestas-patrias-2026-con-bando-solemne\\\/#breadcrumb\",\"itemListElement\":[{\"@type\":\"ListItem\",\"position\":1,\"name\":\"Portada\",\"item\":\"https:\\\/\\\/elotroenfoque.mx\\\/\"},{\"@type\":\"ListItem\",\"position\":2,\"name\":\"Silao inicia sus Fiestas Patrias 2026 con Bando Solemne\"}]},{\"@type\":\"WebSite\",\"@id\":\"https:\\\/\\\/elotroenfoque.mx\\\/#website\",\"url\":\"https:\\\/\\\/elotroenfoque.mx\\\/\",\"name\":\"El otro enfoque\",\"description\":\"\",\"potentialAction\":[{\"@type\":\"SearchAction\",\"target\":{\"@type\":\"EntryPoint\",\"urlTemplate\":\"https:\\\/\\\/elotroenfoque.mx\\\/?s={search_term_string}\"},\"query-input\":{\"@type\":\"PropertyValueSpecification\",\"valueRequired\":true,\"valueName\":\"search_term_string\"}}],\"inLanguage\":\"es\"},{\"@type\":\"Person\",\"@id\":\"https:\\\/\\\/elotroenfoque.mx\\\/#\\\/schema\\\/person\\\/8eb322f84d0bd9f337e462905519a1ae\",\"name\":\"Equipo Redaccion\",\"image\":{\"@type\":\"ImageObject\",\"inLanguage\":\"es\",\"@id\":\"https:\\\/\\\/secure.gravatar.com\\\/avatar\\\/3579478e2b4e7aad364a32b26cf744b360ae0e581ee1cd0cb18a8f239ee49ac4?s=96&d=mm&r=g\",\"url\":\"https:\\\/\\\/secure.gravatar.com\\\/avatar\\\/3579478e2b4e7aad364a32b26cf744b360ae0e581ee1cd0cb18a8f239ee49ac4?s=96&d=mm&r=g\",\"contentUrl\":\"https:\\\/\\\/secure.gravatar.com\\\/avatar\\\/3579478e2b4e7aad364a32b26cf744b360ae0e581ee1cd0cb18a8f239ee49ac4?s=96&d=mm&r=g\",\"caption\":\"Equipo Redaccion\"},\"url\":\"https:\\\/\\\/elotroenfoque.mx\\\/index.php\\\/author\\\/redaccion\\\/\"}]}<\/script>\n<!-- \/ Yoast SEO plugin. -->","yoast_head_json":{"title":"Silao inicia sus Fiestas Patrias 2026 con Bando Solemne - El otro enfoque","description":"Silao inici\u00f3 las Fiestas Patrias 2026 con el Bando Solemne encabezado por la alcaldesa Melanie Murillo, actos c\u00edvicos y una exposici\u00f3n documental.","robots":{"index":"index","follow":"follow","max-snippet":"max-snippet:-1","max-image-preview":"max-image-preview:large","max-video-preview":"max-video-preview:-1"},"canonical":"https:\/\/elotroenfoque.mx\/index.php\/2026\/09\/01\/silao-inicia-sus-fiestas-patrias-2026-con-bando-solemne\/","og_locale":"es_MX","og_type":"article","og_title":"Silao inicia sus Fiestas Patrias 2026 con Bando Solemne - El otro enfoque","og_description":"Silao inici\u00f3 las Fiestas Patrias 2026 con el Bando Solemne encabezado por la alcaldesa Melanie Murillo, actos c\u00edvicos y una exposici\u00f3n documental.","og_url":"https:\/\/elotroenfoque.mx\/index.php\/2026\/09\/01\/silao-inicia-sus-fiestas-patrias-2026-con-bando-solemne\/","og_site_name":"El otro enfoque","article_published_time":"2026-09-01T20:11:37+00:00","article_modified_time":"2026-09-01T20:11:39+00:00","og_image":[{"width":1280,"height":853,"url":"https:\/\/elotroenfoque.mx\/wp-content\/uploads\/2026\/09\/inician-fiestas-patrias-en-silao-1.jpeg","type":"image\/jpeg"}],"author":"Equipo Redaccion","twitter_card":"summary_large_image","twitter_misc":{"Escrito por":"Equipo Redaccion","Tiempo de lectura":"3 minutos"},"schema":{"@context":"https:\/\/schema.org","@graph":[{"@type":"Article","@id":"https:\/\/elotroenfoque.mx\/index.php\/2026\/09\/01\/silao-inicia-sus-fiestas-patrias-2026-con-bando-solemne\/#article","isPartOf":{"@id":"https:\/\/elotroenfoque.mx\/index.php\/2026\/09\/01\/silao-inicia-sus-fiestas-patrias-2026-con-bando-solemne\/"},"author":{"name":"Equipo Redaccion","@id":"https:\/\/elotroenfoque.mx\/#\/schema\/person\/8eb322f84d0bd9f337e462905519a1ae"},"headline":"Silao inicia sus Fiestas Patrias 2026 con Bando Solemne","datePublished":"2026-09-01T20:11:37+00:00","dateModified":"2026-09-01T20:11:39+00:00","mainEntityOfPage":{"@id":"https:\/\/elotroenfoque.mx\/index.php\/2026\/09\/01\/silao-inicia-sus-fiestas-patrias-2026-con-bando-solemne\/"},"wordCount":233,"image":{"@id":"https:\/\/elotroenfoque.mx\/index.php\/2026\/09\/01\/silao-inicia-sus-fiestas-patrias-2026-con-bando-solemne\/#primaryimage"},"thumbnailUrl":"https:\/\/elotroenfoque.mx\/wp-content\/uploads\/2026\/09\/inician-fiestas-patrias-en-silao-1.jpeg","keywords":["Guanajuato","Noticias Guanajuato"],"articleSection":["Noticias"],"inLanguage":"es"},{"@type":"WebPage","@id":"https:\/\/elotroenfoque.mx\/index.php\/2026\/09\/01\/silao-inicia-sus-fiestas-patrias-2026-con-bando-solemne\/","url":"https:\/\/elotroenfoque.mx\/index.php\/2026\/09\/01\/silao-inicia-sus-fiestas-patrias-2026-con-bando-solemne\/","name":"Silao inicia sus Fiestas Patrias 2026 con Bando Solemne - El otro enfoque","isPartOf":{"@id":"https:\/\/elotroenfoque.mx\/#website"},"primaryImageOfPage":{"@id":"https:\/\/elotroenfoque.mx\/index.php\/2026\/09\/01\/silao-inicia-sus-fiestas-patrias-2026-con-bando-solemne\/#primaryimage"},"image":{"@id":"https:\/\/elotroenfoque.mx\/index.php\/2026\/09\/01\/silao-inicia-sus-fiestas-patrias-2026-con-bando-solemne\/#primaryimage"},"thumbnailUrl":"https:\/\/elotroenfoque.mx\/wp-content\/uploads\/2026\/09\/inician-fiestas-patrias-en-silao-1.jpeg","datePublished":"2026-09-01T20:11:37+00:00","dateModified":"2026-09-01T20:11:39+00:00","author":{"@id":"https:\/\/elotroenfoque.mx\/#\/schema\/person\/8eb322f84d0bd9f337e462905519a1ae"},"description":"Silao inici\u00f3 las Fiestas Patrias 2026 con el Bando Solemne encabezado por la alcaldesa Melanie Murillo, actos c\u00edvicos y una exposici\u00f3n documental.","breadcrumb":{"@id":"https:\/\/elotroenfoque.mx\/index.php\/2026\/09\/01\/silao-inicia-sus-fiestas-patrias-2026-con-bando-solemne\/#breadcrumb"},"inLanguage":"es","potentialAction":[{"@type":"ReadAction","target":["https:\/\/elotroenfoque.mx\/index.php\/2026\/09\/01\/silao-inicia-sus-fiestas-patrias-2026-con-bando-solemne\/"]}]},{"@type":"ImageObject","inLanguage":"es","@id":"https:\/\/elotroenfoque.mx\/index.php\/2026\/09\/01\/silao-inicia-sus-fiestas-patrias-2026-con-bando-solemne\/#primaryimage","url":"https:\/\/elotroenfoque.mx\/wp-content\/uploads\/2026\/09\/inician-fiestas-patrias-en-silao-1.jpeg","contentUrl":"https:\/\/elotroenfoque.mx\/wp-content\/uploads\/2026\/09\/inician-fiestas-patrias-en-silao-1.jpeg","width":1280,"height":853},{"@type":"BreadcrumbList","@id":"https:\/\/elotroenfoque.mx\/index.php\/2026\/09\/01\/silao-inicia-sus-fiestas-patrias-2026-con-bando-solemne\/#breadcrumb","itemListElement":[{"@type":"ListItem","position":1,"name":"Portada","item":"https:\/\/elotroenfoque.mx\/"},{"@type":"ListItem","position":2,"name":"Silao inicia sus Fiestas Patrias 2026 con Bando Solemne"}]},{"@type":"WebSite","@id":"https:\/\/elotroenfoque.mx\/#website","url":"https:\/\/elotroenfoque.mx\/","name":"El otro enfoque","description":"","potentialAction":[{"@type":"SearchAction","target":{"@type":"EntryPoint","urlTemplate":"https:\/\/elotroenfoque.mx\/?s={search_term_string}"},"query-input":{"@type":"PropertyValueSpecification","valueRequired":true,"valueName":"search_term_string"}}],"inLanguage":"es"},{"@type":"Person","@id":"https:\/\/elotroenfoque.mx\/#\/schema\/person\/8eb322f84d0bd9f337e462905519a1ae","name":"Equipo Redaccion","image":{"@type":"ImageObject","inLanguage":"es","@id":"https:\/\/secure.gravatar.com\/avatar\/3579478e2b4e7aad364a32b26cf744b360ae0e581ee1cd0cb18a8f239ee49ac4?s=96&d=mm&r=g","url":"https:\/\/secure.gravatar.com\/avatar\/3579478e2b4e7aad364a32b26cf744b360ae0e581ee1cd0cb18a8f239ee49ac4?s=96&d=mm&r=g","contentUrl":"https:\/\/secure.gravatar.com\/avatar\/3579478e2b4e7aad364a32b26cf744b360ae0e581ee1cd0cb18a8f239ee49ac4?s=96&d=mm&r=g","caption":"Equipo Redaccion"},"url":"https:\/\/elotroenfoque.mx\/index.php\/author\/redaccion\/"}]}},"_links":{"self":[{"href":"https:\/\/elotroenfoque.mx\/index.php\/wp-json\/wp\/v2\/posts\/195324","targetHints":{"allow":["GET"]}}],"collection":[{"href":"https:\/\/elotroenfoque.mx\/index.php\/wp-json\/wp\/v2\/posts"}],"about":[{"href":"https:\/\/elotroenfoque.mx\/index.php\/wp-json\/wp\/v2\/types\/post"}],"author":[{"embeddable":true,"href":"https:\/\/elotroenfoque.mx\/index.php\/wp-json\/wp\/v2\/users\/4"}],"replies":[{"embeddable":true,"href":"https:\/\/elotroenfoque.mx\/index.php\/wp-json\/wp\/v2\/comments?post=195324"}],"version-history":[{"count":1,"href":"https:\/\/elotroenfoque.mx\/index.php\/wp-json\/wp\/v2\/posts\/195324\/revisions"}],"predecessor-version":[{"id":195336,"href":"https:\/\/elotroenfoque.mx\/index.php\/wp-json\/wp\/v2\/posts\/195324\/revisions\/195336"}],"wp:featuredmedia":[{"embeddable":true,"href":"https:\/\/elotroenfoque.mx\/index.php\/wp-json\/wp\/v2\/media\/195325"}],"wp:attachment":[{"href":"https:\/\/elotroenfoque.mx\/index.php\/wp-json\/wp\/v2\/media?parent=195324"}],"wp:term":[{"taxonomy":"category","embeddable":true,"href":"https:\/\/elotroenfoque.mx\/index.php\/wp-json\/wp\/v2\/categories?post=195324"},{"taxonomy":"post_tag","embeddable":true,"href":"https:\/\/elotroenfoque.mx\/index.php\/wp-json\/wp\/v2\/tags?post=195324"}],"curies":[{"name":"wp","href":"https:\/\/api.w.org\/{rel}","templated":true}]}}