{"id":195339,"date":"2026-09-01T15:30:00","date_gmt":"2026-09-01T21:30:00","guid":{"rendered":"https:\/\/elotroenfoque.mx\/?p=195339"},"modified":"2026-09-01T15:37:06","modified_gmt":"2026-09-01T21:37:06","slug":"hoy-la-independencia-nos-pide-construir-la-paz-samantha-smith-al-colocar-el-bando-solemne","status":"publish","type":"post","link":"https:\/\/elotroenfoque.mx\/index.php\/2026\/09\/01\/hoy-la-independencia-nos-pide-construir-la-paz-samantha-smith-al-colocar-el-bando-solemne\/","title":{"rendered":"&#8216;Hoy la Independencia nos pide construir la paz&#8217;: Samantha Smith al colocar el Bando Solemne"},"content":{"rendered":"\n<p class=\"wp-block-paragraph\">Guanajuato capital dio inicio a las festividades de septiembre con la develaci\u00f3n formal del Bando Solemne en puntos emblem\u00e1ticos de la ciudad. La ceremonia estuvo encabezada por la presidenta municipal Samantha Smith, quien emiti\u00f3 un mensaje sobre el significado actual de los valores insurgentes en el municipio.<\/p>\n\n\n\n<figure class=\"wp-block-image size-large\"><img loading=\"lazy\" decoding=\"async\" width=\"1024\" height=\"681\" src=\"https:\/\/elotroenfoque.mx\/wp-content\/uploads\/2026\/09\/colocan-bando-solemne-en-gto-2-1024x681.jpeg\" alt=\"\" class=\"wp-image-195341\" srcset=\"https:\/\/elotroenfoque.mx\/wp-content\/uploads\/2026\/09\/colocan-bando-solemne-en-gto-2-1024x681.jpeg 1024w, https:\/\/elotroenfoque.mx\/wp-content\/uploads\/2026\/09\/colocan-bando-solemne-en-gto-2-300x199.jpeg 300w, https:\/\/elotroenfoque.mx\/wp-content\/uploads\/2026\/09\/colocan-bando-solemne-en-gto-2-767x510.jpeg 767w, https:\/\/elotroenfoque.mx\/wp-content\/uploads\/2026\/09\/colocan-bando-solemne-en-gto-2-600x400.jpeg 600w, https:\/\/elotroenfoque.mx\/wp-content\/uploads\/2026\/09\/colocan-bando-solemne-en-gto-2.jpeg 1280w\" sizes=\"auto, (max-width: 1024px) 100vw, 1024px\" \/><\/figure>\n\n\n\n<p class=\"wp-block-paragraph\">Durante el recorrido por las sedes oficiales, la alcaldesa afirm\u00f3 que el movimiento libertador representa hoy un compromiso activo de la sociedad. \u201cHoy la Independencia nos pide cuidar y construir la paz\u201d, expres\u00f3 Samantha Smith durante el arranque de las fiestas patrias en Guanajuato.<\/p>\n\n\n\n<p class=\"wp-block-paragraph\">Las autoridades colocaron las placas del programa c\u00edvico en tres recintos hist\u00f3ricos: la explanada de la Alh\u00f3ndiga de Granaditas, el Mercado Hidalgo y el edificio de la Presidencia Municipal.<\/p>\n\n\n\n<figure class=\"wp-block-gallery has-nested-images columns-default is-cropped wp-block-gallery-1 is-layout-flex wp-block-gallery-is-layout-flex\">\n<figure class=\"wp-block-image size-large\"><img loading=\"lazy\" decoding=\"async\" width=\"1024\" height=\"681\" data-id=\"195344\" src=\"https:\/\/elotroenfoque.mx\/wp-content\/uploads\/2026\/09\/colocan-bando-solemne-en-gto-3-1024x681.jpeg\" alt=\"\" class=\"wp-image-195344\" srcset=\"https:\/\/elotroenfoque.mx\/wp-content\/uploads\/2026\/09\/colocan-bando-solemne-en-gto-3-1024x681.jpeg 1024w, https:\/\/elotroenfoque.mx\/wp-content\/uploads\/2026\/09\/colocan-bando-solemne-en-gto-3-300x199.jpeg 300w, https:\/\/elotroenfoque.mx\/wp-content\/uploads\/2026\/09\/colocan-bando-solemne-en-gto-3-767x510.jpeg 767w, https:\/\/elotroenfoque.mx\/wp-content\/uploads\/2026\/09\/colocan-bando-solemne-en-gto-3-600x400.jpeg 600w, https:\/\/elotroenfoque.mx\/wp-content\/uploads\/2026\/09\/colocan-bando-solemne-en-gto-3.jpeg 1280w\" sizes=\"auto, (max-width: 1024px) 100vw, 1024px\" \/><\/figure>\n\n\n\n<figure class=\"wp-block-image size-large\"><img loading=\"lazy\" decoding=\"async\" width=\"1024\" height=\"682\" data-id=\"195343\" src=\"https:\/\/elotroenfoque.mx\/wp-content\/uploads\/2026\/09\/colocan-bando-solemne-en-gto-4-1024x682.jpeg\" alt=\"\" class=\"wp-image-195343\" srcset=\"https:\/\/elotroenfoque.mx\/wp-content\/uploads\/2026\/09\/colocan-bando-solemne-en-gto-4-1024x682.jpeg 1024w, https:\/\/elotroenfoque.mx\/wp-content\/uploads\/2026\/09\/colocan-bando-solemne-en-gto-4-300x200.jpeg 300w, https:\/\/elotroenfoque.mx\/wp-content\/uploads\/2026\/09\/colocan-bando-solemne-en-gto-4-767x511.jpeg 767w, https:\/\/elotroenfoque.mx\/wp-content\/uploads\/2026\/09\/colocan-bando-solemne-en-gto-4-600x400.jpeg 600w, https:\/\/elotroenfoque.mx\/wp-content\/uploads\/2026\/09\/colocan-bando-solemne-en-gto-4.jpeg 1280w\" sizes=\"auto, (max-width: 1024px) 100vw, 1024px\" \/><\/figure>\n\n\n\n<figure class=\"wp-block-image size-large\"><img loading=\"lazy\" decoding=\"async\" width=\"1024\" height=\"681\" data-id=\"195342\" src=\"https:\/\/elotroenfoque.mx\/wp-content\/uploads\/2026\/09\/colocan-bando-solemne-en-gto-5-1024x681.jpeg\" alt=\"\" class=\"wp-image-195342\" srcset=\"https:\/\/elotroenfoque.mx\/wp-content\/uploads\/2026\/09\/colocan-bando-solemne-en-gto-5-1024x681.jpeg 1024w, https:\/\/elotroenfoque.mx\/wp-content\/uploads\/2026\/09\/colocan-bando-solemne-en-gto-5-300x199.jpeg 300w, https:\/\/elotroenfoque.mx\/wp-content\/uploads\/2026\/09\/colocan-bando-solemne-en-gto-5-767x510.jpeg 767w, https:\/\/elotroenfoque.mx\/wp-content\/uploads\/2026\/09\/colocan-bando-solemne-en-gto-5-600x400.jpeg 600w, https:\/\/elotroenfoque.mx\/wp-content\/uploads\/2026\/09\/colocan-bando-solemne-en-gto-5.jpeg 1280w\" sizes=\"auto, (max-width: 1024px) 100vw, 1024px\" \/><\/figure>\n<\/figure>\n\n\n\n<h2 class=\"wp-block-heading\">Rese\u00f1a hist\u00f3rica y consulta del programa patrio<\/h2>\n\n\n\n<p class=\"wp-block-paragraph\">La jornada cont\u00f3 con la presencia de integrantes del Ayuntamiento, gabinete municipal, corporaciones de seguridad y ciudadan\u00eda en general. Durante el acto, los asistentes rindieron honores a la bandera nacional en los distintos puntos de la cabecera.<\/p>\n\n\n\n<p class=\"wp-block-paragraph\">Tambi\u00e9n lee: <strong><a href=\"https:\/\/elotroenfoque.mx\/index.php\/2026\/09\/01\/silao-inicia-sus-fiestas-patrias-2026-con-bando-solemne\/\">Silao inicia sus Fiestas Patrias 2026 con Bando Solemne<\/a><\/strong><\/p>\n\n\n\n<p class=\"wp-block-paragraph\">Como parte del inicio de las fiestas patrias en Guanajuato, el cronista Eduardo Vidaurri Ar\u00e9chiga present\u00f3 rese\u00f1as hist\u00f3ricas sobre las gestas libertarias locales. Las fechas y actividades de septiembre ya se encuentran disponibles para consulta p\u00fablica en las tres sedes designadas.<\/p>\n\n\n\n<figure class=\"wp-block-gallery has-nested-images columns-default is-cropped wp-block-gallery-2 is-layout-flex wp-block-gallery-is-layout-flex\">\n<figure class=\"wp-block-image size-large\"><img loading=\"lazy\" decoding=\"async\" width=\"1024\" height=\"682\" data-id=\"195345\" src=\"https:\/\/elotroenfoque.mx\/wp-content\/uploads\/2026\/09\/colocan-bando-solemne-en-gto-6-1024x682.jpeg\" alt=\"\" class=\"wp-image-195345\" srcset=\"https:\/\/elotroenfoque.mx\/wp-content\/uploads\/2026\/09\/colocan-bando-solemne-en-gto-6-1024x682.jpeg 1024w, https:\/\/elotroenfoque.mx\/wp-content\/uploads\/2026\/09\/colocan-bando-solemne-en-gto-6-300x200.jpeg 300w, https:\/\/elotroenfoque.mx\/wp-content\/uploads\/2026\/09\/colocan-bando-solemne-en-gto-6-767x511.jpeg 767w, https:\/\/elotroenfoque.mx\/wp-content\/uploads\/2026\/09\/colocan-bando-solemne-en-gto-6-600x400.jpeg 600w, https:\/\/elotroenfoque.mx\/wp-content\/uploads\/2026\/09\/colocan-bando-solemne-en-gto-6.jpeg 1280w\" sizes=\"auto, (max-width: 1024px) 100vw, 1024px\" \/><\/figure>\n\n\n\n<figure class=\"wp-block-image size-large\"><img loading=\"lazy\" decoding=\"async\" width=\"1024\" height=\"681\" data-id=\"195346\" src=\"https:\/\/elotroenfoque.mx\/wp-content\/uploads\/2026\/09\/colocan-bando-solemne-en-gto-7-1024x681.jpeg\" alt=\"\" class=\"wp-image-195346\" srcset=\"https:\/\/elotroenfoque.mx\/wp-content\/uploads\/2026\/09\/colocan-bando-solemne-en-gto-7-1024x681.jpeg 1024w, https:\/\/elotroenfoque.mx\/wp-content\/uploads\/2026\/09\/colocan-bando-solemne-en-gto-7-300x199.jpeg 300w, https:\/\/elotroenfoque.mx\/wp-content\/uploads\/2026\/09\/colocan-bando-solemne-en-gto-7-767x510.jpeg 767w, https:\/\/elotroenfoque.mx\/wp-content\/uploads\/2026\/09\/colocan-bando-solemne-en-gto-7-600x400.jpeg 600w, https:\/\/elotroenfoque.mx\/wp-content\/uploads\/2026\/09\/colocan-bando-solemne-en-gto-7.jpeg 1280w\" sizes=\"auto, (max-width: 1024px) 100vw, 1024px\" \/><\/figure>\n\n\n\n<figure class=\"wp-block-image size-large\"><img loading=\"lazy\" decoding=\"async\" width=\"1024\" height=\"681\" data-id=\"195347\" src=\"https:\/\/elotroenfoque.mx\/wp-content\/uploads\/2026\/09\/colocan-bando-solemne-en-gto-8-1024x681.jpeg\" alt=\"\" class=\"wp-image-195347\" srcset=\"https:\/\/elotroenfoque.mx\/wp-content\/uploads\/2026\/09\/colocan-bando-solemne-en-gto-8-1024x681.jpeg 1024w, https:\/\/elotroenfoque.mx\/wp-content\/uploads\/2026\/09\/colocan-bando-solemne-en-gto-8-300x199.jpeg 300w, https:\/\/elotroenfoque.mx\/wp-content\/uploads\/2026\/09\/colocan-bando-solemne-en-gto-8-767x510.jpeg 767w, https:\/\/elotroenfoque.mx\/wp-content\/uploads\/2026\/09\/colocan-bando-solemne-en-gto-8-600x400.jpeg 600w, https:\/\/elotroenfoque.mx\/wp-content\/uploads\/2026\/09\/colocan-bando-solemne-en-gto-8.jpeg 1280w\" sizes=\"auto, (max-width: 1024px) 100vw, 1024px\" \/><\/figure>\n<\/figure>\n\n\n\n<p class=\"wp-block-paragraph\"><strong><a href=\"https:\/\/www.tiktok.com\/@elotroenfoque?_r=1&amp;_t=ZS-97ffhW6kR1t\">Sigue tambi\u00e9n las noticias en TikTok<\/a><\/strong><\/p>\n\n\n\n<p class=\"wp-block-paragraph\"><\/p>\n","protected":false},"excerpt":{"rendered":"<p>Guanajuato capital dio inicio a las festividades de septiembre con la develaci\u00f3n formal del Bando Solemne en puntos emblem\u00e1ticos de la ciudad. La ceremonia estuvo encabezada por la presidenta municipal Samantha Smith, quien emiti\u00f3 un mensaje sobre el significado actual de los valores insurgentes en el municipio. Durante el recorrido por las sedes oficiales, la&#8230;<\/p>\n","protected":false},"author":4,"featured_media":195340,"comment_status":"closed","ping_status":"open","sticky":false,"template":"","format":"standard","meta":{"footnotes":""},"categories":[2],"tags":[13,4517],"class_list":["post-195339","post","type-post","status-publish","format-standard","has-post-thumbnail","hentry","category-noticias","tag-guanajuato","tag-noticias-guanajuato"],"yoast_head":"<!-- This site is optimized with the Yoast SEO plugin v28.2 - https:\/\/yoast.com\/product\/yoast-seo-wordpress\/ -->\n<title>&#039;Hoy la Independencia nos pide construir la paz&#039;: Samantha Smith al colocar el Bando Solemne - El otro enfoque<\/title>\n<meta name=\"description\" content=\"Samantha Smith afirm\u00f3 que la Independencia pide construir la paz, al develar el Bando Solemne de las Fiestas Patrias en Guanajuato capital.\" \/>\n<meta name=\"robots\" content=\"index, follow, max-snippet:-1, max-image-preview:large, max-video-preview:-1\" \/>\n<link rel=\"canonical\" href=\"https:\/\/elotroenfoque.mx\/index.php\/2026\/09\/01\/hoy-la-independencia-nos-pide-construir-la-paz-samantha-smith-al-colocar-el-bando-solemne\/\" \/>\n<meta property=\"og:locale\" content=\"es_MX\" \/>\n<meta property=\"og:type\" content=\"article\" \/>\n<meta property=\"og:title\" content=\"&#039;Hoy la Independencia nos pide construir la paz&#039;: Samantha Smith al colocar el Bando Solemne - El otro enfoque\" \/>\n<meta property=\"og:description\" content=\"Samantha Smith afirm\u00f3 que la Independencia pide construir la paz, al develar el Bando Solemne de las Fiestas Patrias en Guanajuato capital.\" \/>\n<meta property=\"og:url\" content=\"https:\/\/elotroenfoque.mx\/index.php\/2026\/09\/01\/hoy-la-independencia-nos-pide-construir-la-paz-samantha-smith-al-colocar-el-bando-solemne\/\" \/>\n<meta property=\"og:site_name\" content=\"El otro enfoque\" \/>\n<meta property=\"article:published_time\" content=\"2026-09-01T21:30:00+00:00\" \/>\n<meta property=\"article:modified_time\" content=\"2026-09-01T21:37:06+00:00\" \/>\n<meta property=\"og:image\" content=\"https:\/\/elotroenfoque.mx\/wp-content\/uploads\/2026\/09\/colocan-bando-solemne-en-gto-1.jpeg\" \/>\n\t<meta property=\"og:image:width\" content=\"1280\" \/>\n\t<meta property=\"og:image:height\" content=\"851\" \/>\n\t<meta property=\"og:image:type\" content=\"image\/jpeg\" \/>\n<meta name=\"author\" content=\"Equipo Redaccion\" \/>\n<meta name=\"twitter:card\" content=\"summary_large_image\" \/>\n<meta name=\"twitter:label1\" content=\"Escrito por\" \/>\n\t<meta name=\"twitter:data1\" content=\"Equipo Redaccion\" \/>\n\t<meta name=\"twitter:label2\" content=\"Tiempo de lectura\" \/>\n\t<meta name=\"twitter:data2\" content=\"3 minutos\" \/>\n<script type=\"application\/ld+json\" class=\"yoast-schema-graph\">{\"@context\":\"https:\\\/\\\/schema.org\",\"@graph\":[{\"@type\":\"Article\",\"@id\":\"https:\\\/\\\/elotroenfoque.mx\\\/index.php\\\/2026\\\/09\\\/01\\\/hoy-la-independencia-nos-pide-construir-la-paz-samantha-smith-al-colocar-el-bando-solemne\\\/#article\",\"isPartOf\":{\"@id\":\"https:\\\/\\\/elotroenfoque.mx\\\/index.php\\\/2026\\\/09\\\/01\\\/hoy-la-independencia-nos-pide-construir-la-paz-samantha-smith-al-colocar-el-bando-solemne\\\/\"},\"author\":{\"name\":\"Equipo Redaccion\",\"@id\":\"https:\\\/\\\/elotroenfoque.mx\\\/#\\\/schema\\\/person\\\/8eb322f84d0bd9f337e462905519a1ae\"},\"headline\":\"&#8216;Hoy la Independencia nos pide construir la paz&#8217;: Samantha Smith al colocar el Bando Solemne\",\"datePublished\":\"2026-09-01T21:30:00+00:00\",\"dateModified\":\"2026-09-01T21:37:06+00:00\",\"mainEntityOfPage\":{\"@id\":\"https:\\\/\\\/elotroenfoque.mx\\\/index.php\\\/2026\\\/09\\\/01\\\/hoy-la-independencia-nos-pide-construir-la-paz-samantha-smith-al-colocar-el-bando-solemne\\\/\"},\"wordCount\":250,\"image\":{\"@id\":\"https:\\\/\\\/elotroenfoque.mx\\\/index.php\\\/2026\\\/09\\\/01\\\/hoy-la-independencia-nos-pide-construir-la-paz-samantha-smith-al-colocar-el-bando-solemne\\\/#primaryimage\"},\"thumbnailUrl\":\"https:\\\/\\\/elotroenfoque.mx\\\/wp-content\\\/uploads\\\/2026\\\/09\\\/colocan-bando-solemne-en-gto-1.jpeg\",\"keywords\":[\"Guanajuato\",\"Noticias Guanajuato\"],\"articleSection\":[\"Noticias\"],\"inLanguage\":\"es\"},{\"@type\":\"WebPage\",\"@id\":\"https:\\\/\\\/elotroenfoque.mx\\\/index.php\\\/2026\\\/09\\\/01\\\/hoy-la-independencia-nos-pide-construir-la-paz-samantha-smith-al-colocar-el-bando-solemne\\\/\",\"url\":\"https:\\\/\\\/elotroenfoque.mx\\\/index.php\\\/2026\\\/09\\\/01\\\/hoy-la-independencia-nos-pide-construir-la-paz-samantha-smith-al-colocar-el-bando-solemne\\\/\",\"name\":\"'Hoy la Independencia nos pide construir la paz': Samantha Smith al colocar el Bando Solemne - El otro enfoque\",\"isPartOf\":{\"@id\":\"https:\\\/\\\/elotroenfoque.mx\\\/#website\"},\"primaryImageOfPage\":{\"@id\":\"https:\\\/\\\/elotroenfoque.mx\\\/index.php\\\/2026\\\/09\\\/01\\\/hoy-la-independencia-nos-pide-construir-la-paz-samantha-smith-al-colocar-el-bando-solemne\\\/#primaryimage\"},\"image\":{\"@id\":\"https:\\\/\\\/elotroenfoque.mx\\\/index.php\\\/2026\\\/09\\\/01\\\/hoy-la-independencia-nos-pide-construir-la-paz-samantha-smith-al-colocar-el-bando-solemne\\\/#primaryimage\"},\"thumbnailUrl\":\"https:\\\/\\\/elotroenfoque.mx\\\/wp-content\\\/uploads\\\/2026\\\/09\\\/colocan-bando-solemne-en-gto-1.jpeg\",\"datePublished\":\"2026-09-01T21:30:00+00:00\",\"dateModified\":\"2026-09-01T21:37:06+00:00\",\"author\":{\"@id\":\"https:\\\/\\\/elotroenfoque.mx\\\/#\\\/schema\\\/person\\\/8eb322f84d0bd9f337e462905519a1ae\"},\"description\":\"Samantha Smith afirm\u00f3 que la Independencia pide construir la paz, al develar el Bando Solemne de las Fiestas Patrias en Guanajuato capital.\",\"breadcrumb\":{\"@id\":\"https:\\\/\\\/elotroenfoque.mx\\\/index.php\\\/2026\\\/09\\\/01\\\/hoy-la-independencia-nos-pide-construir-la-paz-samantha-smith-al-colocar-el-bando-solemne\\\/#breadcrumb\"},\"inLanguage\":\"es\",\"potentialAction\":[{\"@type\":\"ReadAction\",\"target\":[\"https:\\\/\\\/elotroenfoque.mx\\\/index.php\\\/2026\\\/09\\\/01\\\/hoy-la-independencia-nos-pide-construir-la-paz-samantha-smith-al-colocar-el-bando-solemne\\\/\"]}]},{\"@type\":\"ImageObject\",\"inLanguage\":\"es\",\"@id\":\"https:\\\/\\\/elotroenfoque.mx\\\/index.php\\\/2026\\\/09\\\/01\\\/hoy-la-independencia-nos-pide-construir-la-paz-samantha-smith-al-colocar-el-bando-solemne\\\/#primaryimage\",\"url\":\"https:\\\/\\\/elotroenfoque.mx\\\/wp-content\\\/uploads\\\/2026\\\/09\\\/colocan-bando-solemne-en-gto-1.jpeg\",\"contentUrl\":\"https:\\\/\\\/elotroenfoque.mx\\\/wp-content\\\/uploads\\\/2026\\\/09\\\/colocan-bando-solemne-en-gto-1.jpeg\",\"width\":1280,\"height\":851},{\"@type\":\"BreadcrumbList\",\"@id\":\"https:\\\/\\\/elotroenfoque.mx\\\/index.php\\\/2026\\\/09\\\/01\\\/hoy-la-independencia-nos-pide-construir-la-paz-samantha-smith-al-colocar-el-bando-solemne\\\/#breadcrumb\",\"itemListElement\":[{\"@type\":\"ListItem\",\"position\":1,\"name\":\"Portada\",\"item\":\"https:\\\/\\\/elotroenfoque.mx\\\/\"},{\"@type\":\"ListItem\",\"position\":2,\"name\":\"&#8216;Hoy la Independencia nos pide construir la paz&#8217;: Samantha Smith al colocar el Bando Solemne\"}]},{\"@type\":\"WebSite\",\"@id\":\"https:\\\/\\\/elotroenfoque.mx\\\/#website\",\"url\":\"https:\\\/\\\/elotroenfoque.mx\\\/\",\"name\":\"El otro enfoque\",\"description\":\"\",\"potentialAction\":[{\"@type\":\"SearchAction\",\"target\":{\"@type\":\"EntryPoint\",\"urlTemplate\":\"https:\\\/\\\/elotroenfoque.mx\\\/?s={search_term_string}\"},\"query-input\":{\"@type\":\"PropertyValueSpecification\",\"valueRequired\":true,\"valueName\":\"search_term_string\"}}],\"inLanguage\":\"es\"},{\"@type\":\"Person\",\"@id\":\"https:\\\/\\\/elotroenfoque.mx\\\/#\\\/schema\\\/person\\\/8eb322f84d0bd9f337e462905519a1ae\",\"name\":\"Equipo Redaccion\",\"image\":{\"@type\":\"ImageObject\",\"inLanguage\":\"es\",\"@id\":\"https:\\\/\\\/secure.gravatar.com\\\/avatar\\\/3579478e2b4e7aad364a32b26cf744b360ae0e581ee1cd0cb18a8f239ee49ac4?s=96&d=mm&r=g\",\"url\":\"https:\\\/\\\/secure.gravatar.com\\\/avatar\\\/3579478e2b4e7aad364a32b26cf744b360ae0e581ee1cd0cb18a8f239ee49ac4?s=96&d=mm&r=g\",\"contentUrl\":\"https:\\\/\\\/secure.gravatar.com\\\/avatar\\\/3579478e2b4e7aad364a32b26cf744b360ae0e581ee1cd0cb18a8f239ee49ac4?s=96&d=mm&r=g\",\"caption\":\"Equipo Redaccion\"},\"url\":\"https:\\\/\\\/elotroenfoque.mx\\\/index.php\\\/author\\\/redaccion\\\/\"}]}<\/script>\n<!-- \/ Yoast SEO plugin. -->","yoast_head_json":{"title":"'Hoy la Independencia nos pide construir la paz': Samantha Smith al colocar el Bando Solemne - El otro enfoque","description":"Samantha Smith afirm\u00f3 que la Independencia pide construir la paz, al develar el Bando Solemne de las Fiestas Patrias en Guanajuato capital.","robots":{"index":"index","follow":"follow","max-snippet":"max-snippet:-1","max-image-preview":"max-image-preview:large","max-video-preview":"max-video-preview:-1"},"canonical":"https:\/\/elotroenfoque.mx\/index.php\/2026\/09\/01\/hoy-la-independencia-nos-pide-construir-la-paz-samantha-smith-al-colocar-el-bando-solemne\/","og_locale":"es_MX","og_type":"article","og_title":"'Hoy la Independencia nos pide construir la paz': Samantha Smith al colocar el Bando Solemne - El otro enfoque","og_description":"Samantha Smith afirm\u00f3 que la Independencia pide construir la paz, al develar el Bando Solemne de las Fiestas Patrias en Guanajuato capital.","og_url":"https:\/\/elotroenfoque.mx\/index.php\/2026\/09\/01\/hoy-la-independencia-nos-pide-construir-la-paz-samantha-smith-al-colocar-el-bando-solemne\/","og_site_name":"El otro enfoque","article_published_time":"2026-09-01T21:30:00+00:00","article_modified_time":"2026-09-01T21:37:06+00:00","og_image":[{"width":1280,"height":851,"url":"https:\/\/elotroenfoque.mx\/wp-content\/uploads\/2026\/09\/colocan-bando-solemne-en-gto-1.jpeg","type":"image\/jpeg"}],"author":"Equipo Redaccion","twitter_card":"summary_large_image","twitter_misc":{"Escrito por":"Equipo Redaccion","Tiempo de lectura":"3 minutos"},"schema":{"@context":"https:\/\/schema.org","@graph":[{"@type":"Article","@id":"https:\/\/elotroenfoque.mx\/index.php\/2026\/09\/01\/hoy-la-independencia-nos-pide-construir-la-paz-samantha-smith-al-colocar-el-bando-solemne\/#article","isPartOf":{"@id":"https:\/\/elotroenfoque.mx\/index.php\/2026\/09\/01\/hoy-la-independencia-nos-pide-construir-la-paz-samantha-smith-al-colocar-el-bando-solemne\/"},"author":{"name":"Equipo Redaccion","@id":"https:\/\/elotroenfoque.mx\/#\/schema\/person\/8eb322f84d0bd9f337e462905519a1ae"},"headline":"&#8216;Hoy la Independencia nos pide construir la paz&#8217;: Samantha Smith al colocar el Bando Solemne","datePublished":"2026-09-01T21:30:00+00:00","dateModified":"2026-09-01T21:37:06+00:00","mainEntityOfPage":{"@id":"https:\/\/elotroenfoque.mx\/index.php\/2026\/09\/01\/hoy-la-independencia-nos-pide-construir-la-paz-samantha-smith-al-colocar-el-bando-solemne\/"},"wordCount":250,"image":{"@id":"https:\/\/elotroenfoque.mx\/index.php\/2026\/09\/01\/hoy-la-independencia-nos-pide-construir-la-paz-samantha-smith-al-colocar-el-bando-solemne\/#primaryimage"},"thumbnailUrl":"https:\/\/elotroenfoque.mx\/wp-content\/uploads\/2026\/09\/colocan-bando-solemne-en-gto-1.jpeg","keywords":["Guanajuato","Noticias Guanajuato"],"articleSection":["Noticias"],"inLanguage":"es"},{"@type":"WebPage","@id":"https:\/\/elotroenfoque.mx\/index.php\/2026\/09\/01\/hoy-la-independencia-nos-pide-construir-la-paz-samantha-smith-al-colocar-el-bando-solemne\/","url":"https:\/\/elotroenfoque.mx\/index.php\/2026\/09\/01\/hoy-la-independencia-nos-pide-construir-la-paz-samantha-smith-al-colocar-el-bando-solemne\/","name":"'Hoy la Independencia nos pide construir la paz': Samantha Smith al colocar el Bando Solemne - El otro enfoque","isPartOf":{"@id":"https:\/\/elotroenfoque.mx\/#website"},"primaryImageOfPage":{"@id":"https:\/\/elotroenfoque.mx\/index.php\/2026\/09\/01\/hoy-la-independencia-nos-pide-construir-la-paz-samantha-smith-al-colocar-el-bando-solemne\/#primaryimage"},"image":{"@id":"https:\/\/elotroenfoque.mx\/index.php\/2026\/09\/01\/hoy-la-independencia-nos-pide-construir-la-paz-samantha-smith-al-colocar-el-bando-solemne\/#primaryimage"},"thumbnailUrl":"https:\/\/elotroenfoque.mx\/wp-content\/uploads\/2026\/09\/colocan-bando-solemne-en-gto-1.jpeg","datePublished":"2026-09-01T21:30:00+00:00","dateModified":"2026-09-01T21:37:06+00:00","author":{"@id":"https:\/\/elotroenfoque.mx\/#\/schema\/person\/8eb322f84d0bd9f337e462905519a1ae"},"description":"Samantha Smith afirm\u00f3 que la Independencia pide construir la paz, al develar el Bando Solemne de las Fiestas Patrias en Guanajuato capital.","breadcrumb":{"@id":"https:\/\/elotroenfoque.mx\/index.php\/2026\/09\/01\/hoy-la-independencia-nos-pide-construir-la-paz-samantha-smith-al-colocar-el-bando-solemne\/#breadcrumb"},"inLanguage":"es","potentialAction":[{"@type":"ReadAction","target":["https:\/\/elotroenfoque.mx\/index.php\/2026\/09\/01\/hoy-la-independencia-nos-pide-construir-la-paz-samantha-smith-al-colocar-el-bando-solemne\/"]}]},{"@type":"ImageObject","inLanguage":"es","@id":"https:\/\/elotroenfoque.mx\/index.php\/2026\/09\/01\/hoy-la-independencia-nos-pide-construir-la-paz-samantha-smith-al-colocar-el-bando-solemne\/#primaryimage","url":"https:\/\/elotroenfoque.mx\/wp-content\/uploads\/2026\/09\/colocan-bando-solemne-en-gto-1.jpeg","contentUrl":"https:\/\/elotroenfoque.mx\/wp-content\/uploads\/2026\/09\/colocan-bando-solemne-en-gto-1.jpeg","width":1280,"height":851},{"@type":"BreadcrumbList","@id":"https:\/\/elotroenfoque.mx\/index.php\/2026\/09\/01\/hoy-la-independencia-nos-pide-construir-la-paz-samantha-smith-al-colocar-el-bando-solemne\/#breadcrumb","itemListElement":[{"@type":"ListItem","position":1,"name":"Portada","item":"https:\/\/elotroenfoque.mx\/"},{"@type":"ListItem","position":2,"name":"&#8216;Hoy la Independencia nos pide construir la paz&#8217;: Samantha Smith al colocar el Bando Solemne"}]},{"@type":"WebSite","@id":"https:\/\/elotroenfoque.mx\/#website","url":"https:\/\/elotroenfoque.mx\/","name":"El otro enfoque","description":"","potentialAction":[{"@type":"SearchAction","target":{"@type":"EntryPoint","urlTemplate":"https:\/\/elotroenfoque.mx\/?s={search_term_string}"},"query-input":{"@type":"PropertyValueSpecification","valueRequired":true,"valueName":"search_term_string"}}],"inLanguage":"es"},{"@type":"Person","@id":"https:\/\/elotroenfoque.mx\/#\/schema\/person\/8eb322f84d0bd9f337e462905519a1ae","name":"Equipo Redaccion","image":{"@type":"ImageObject","inLanguage":"es","@id":"https:\/\/secure.gravatar.com\/avatar\/3579478e2b4e7aad364a32b26cf744b360ae0e581ee1cd0cb18a8f239ee49ac4?s=96&d=mm&r=g","url":"https:\/\/secure.gravatar.com\/avatar\/3579478e2b4e7aad364a32b26cf744b360ae0e581ee1cd0cb18a8f239ee49ac4?s=96&d=mm&r=g","contentUrl":"https:\/\/secure.gravatar.com\/avatar\/3579478e2b4e7aad364a32b26cf744b360ae0e581ee1cd0cb18a8f239ee49ac4?s=96&d=mm&r=g","caption":"Equipo Redaccion"},"url":"https:\/\/elotroenfoque.mx\/index.php\/author\/redaccion\/"}]}},"_links":{"self":[{"href":"https:\/\/elotroenfoque.mx\/index.php\/wp-json\/wp\/v2\/posts\/195339","targetHints":{"allow":["GET"]}}],"collection":[{"href":"https:\/\/elotroenfoque.mx\/index.php\/wp-json\/wp\/v2\/posts"}],"about":[{"href":"https:\/\/elotroenfoque.mx\/index.php\/wp-json\/wp\/v2\/types\/post"}],"author":[{"embeddable":true,"href":"https:\/\/elotroenfoque.mx\/index.php\/wp-json\/wp\/v2\/users\/4"}],"replies":[{"embeddable":true,"href":"https:\/\/elotroenfoque.mx\/index.php\/wp-json\/wp\/v2\/comments?post=195339"}],"version-history":[{"count":1,"href":"https:\/\/elotroenfoque.mx\/index.php\/wp-json\/wp\/v2\/posts\/195339\/revisions"}],"predecessor-version":[{"id":195348,"href":"https:\/\/elotroenfoque.mx\/index.php\/wp-json\/wp\/v2\/posts\/195339\/revisions\/195348"}],"wp:featuredmedia":[{"embeddable":true,"href":"https:\/\/elotroenfoque.mx\/index.php\/wp-json\/wp\/v2\/media\/195340"}],"wp:attachment":[{"href":"https:\/\/elotroenfoque.mx\/index.php\/wp-json\/wp\/v2\/media?parent=195339"}],"wp:term":[{"taxonomy":"category","embeddable":true,"href":"https:\/\/elotroenfoque.mx\/index.php\/wp-json\/wp\/v2\/categories?post=195339"},{"taxonomy":"post_tag","embeddable":true,"href":"https:\/\/elotroenfoque.mx\/index.php\/wp-json\/wp\/v2\/tags?post=195339"}],"curies":[{"name":"wp","href":"https:\/\/api.w.org\/{rel}","templated":true}]}}